{"id":204764,"date":"2023-04-11T21:55:00","date_gmt":"2023-04-11T21:55:00","guid":{"rendered":"https:\/\/www.webdo.tn\/fr\/blog\/l-italie-decrete-l-etat-d-urgence-migratoire\/204764\/"},"modified":"2025-05-20T22:08:28","modified_gmt":"2025-05-20T22:08:28","slug":"l-italie-decrete-l-etat-d-urgence-migratoire","status":"publish","type":"post","link":"https:\/\/www.webdo.tn\/fr\/actualite\/international\/l-italie-decrete-l-etat-d-urgence-migratoire\/204764\/","title":{"rendered":"L&rsquo;Italie d\u00e9cr\u00e8te l&rsquo;\u00e9tat d&rsquo;urgence migratoire"},"content":{"rendered":"<p>Confront\u00e9e \u00e0 un afflux de migrants sans pr\u00e9c\u00e9dent, l&rsquo;Italie a d\u00e9cr\u00e9t\u00e9 l&rsquo;\u00e9tat d&rsquo;urgence migratoire pour six mois.<\/p>\n<p>\t\t\t\t\t\t\t\t\tCette d\u00e9cision fait suite au d\u00e9barquement en Italie de plus de 3000 clandestins au cours des trois derniers jours.<\/p>\n<p>L&rsquo;\u00e9tat d&rsquo;urgence sera en vigueur pendant six mois et quelque cinq millions d&rsquo;euros seront d\u00e9bloqu\u00e9s pour les r\u00e9gions du sud du pays les plus concern\u00e9es par les arriv\u00e9es massives, a indiqu\u00e9 le cabinet de la Premi\u00e8re ministre italienne Giorgia Meloni.<\/p>\n<p>D&rsquo;apr\u00e8s l&rsquo;agence de presse Ansa, l&rsquo;\u00e9tat d&rsquo;urgence devrait, entre autres, faciliter la mise en place de nouveaux centres d&rsquo;accueil.<\/p>\n<p>Depuis le d\u00e9but de l&rsquo;ann\u00e9e, plus de 31.000 migrants sont arriv\u00e9s ill\u00e9galement sur les c\u00f4tes italiennes, soit pr\u00e8s de quatre fois plus qu&rsquo;au cours de la m\u00eame p\u00e9riode de l&rsquo;an pass\u00e9.<\/p>\n","protected":false},"excerpt":{"rendered":"<p>Confront\u00e9e \u00e0 un afflux de migrants sans pr\u00e9c\u00e9dent, l&rsquo;Italie a d\u00e9cr\u00e9t\u00e9 l&rsquo;\u00e9tat d&rsquo;urgence migratoire pour six mois.<\/p>\n","protected":false},"author":3162,"featured_media":278046,"comment_status":"open","ping_status":"closed","sticky":false,"template":"","format":"standard","meta":{"footnotes":""},"categories":[2598],"tags":[4179,2660,2894],"class_list":["post-204764","post","type-post","status-publish","format-standard","has-post-thumbnail","hentry","category-international","tag-etat-durgence","tag-italie","tag-migrants"],"yoast_head":"<!-- This site is optimized with the Yoast SEO Premium plugin v27.4 (Yoast SEO v27.5) - https:\/\/yoast.com\/product\/yoast-seo-premium-wordpress\/ -->\n<title>L&#039;Italie d\u00e9cr\u00e8te l&#039;\u00e9tat d&#039;urgence migratoire<\/title>\n<meta name=\"description\" content=\"Confront\u00e9e \u00e0 un afflux de migrants sans pr\u00e9c\u00e9dent, l&#039;Italie a d\u00e9cr\u00e9t\u00e9 l&#039;\u00e9tat d&#039;urgence migratoire pour six mois.\" \/>\n<link rel=\"canonical\" href=\"https:\/\/www.webdo.tn\/fr\/actualite\/international\/l-italie-decrete-l-etat-d-urgence-migratoire\/204764\/\" \/>\n<meta property=\"og:locale\" content=\"fr_FR\" \/>\n<meta property=\"og:type\" content=\"article\" \/>\n<meta property=\"og:title\" content=\"L&#039;Italie d\u00e9cr\u00e8te l&#039;\u00e9tat d&#039;urgence migratoire\" \/>\n<meta property=\"og:description\" content=\"Confront\u00e9e \u00e0 un afflux de migrants sans pr\u00e9c\u00e9dent, l&#039;Italie a d\u00e9cr\u00e9t\u00e9 l&#039;\u00e9tat d&#039;urgence migratoire pour six mois.\" \/>\n<meta property=\"og:url\" content=\"https:\/\/www.webdo.tn\/fr\/actualite\/international\/l-italie-decrete-l-etat-d-urgence-migratoire\/204764\/\" \/>\n<meta property=\"og:site_name\" content=\"webdo\" \/>\n<meta property=\"article:publisher\" content=\"https:\/\/www.facebook.com\/webdotn\" \/>\n<meta property=\"article:published_time\" content=\"2023-04-11T21:55:00+00:00\" \/>\n<meta property=\"article:modified_time\" content=\"2025-05-20T22:08:28+00:00\" \/>\n<meta property=\"og:image\" content=\"https:\/\/www.webdo.tn\/fr\/wp-content\/uploads\/2023\/04\/e39d4486c02a6fbae8f8ed955af3eb0e.jpg\" \/>\n\t<meta property=\"og:image:width\" content=\"749\" \/>\n\t<meta property=\"og:image:height\" content=\"399\" \/>\n\t<meta property=\"og:image:type\" content=\"image\/jpeg\" \/>\n<meta name=\"author\" content=\"MC\" \/>\n<meta name=\"twitter:card\" content=\"summary_large_image\" \/>\n<meta name=\"twitter:creator\" content=\"@webdo_tn\" \/>\n<meta name=\"twitter:site\" content=\"@webdo_tn\" \/>\n<meta name=\"twitter:label1\" content=\"\u00c9crit par\" \/>\n\t<meta name=\"twitter:data1\" content=\"MC\" \/>\n\t<meta name=\"twitter:label2\" content=\"Dur\u00e9e de lecture estim\u00e9e\" \/>\n\t<meta name=\"twitter:data2\" content=\"1 minute\" \/>\n<script type=\"application\/ld+json\" class=\"yoast-schema-graph\">{\"@context\":\"https:\\\/\\\/schema.org\",\"@graph\":[{\"@type\":\"NewsArticle\",\"@id\":\"https:\\\/\\\/www.webdo.tn\\\/fr\\\/actualite\\\/international\\\/l-italie-decrete-l-etat-d-urgence-migratoire\\\/204764\\\/#article\",\"isPartOf\":{\"@id\":\"https:\\\/\\\/www.webdo.tn\\\/fr\\\/actualite\\\/international\\\/l-italie-decrete-l-etat-d-urgence-migratoire\\\/204764\\\/\"},\"author\":{\"name\":\"MC\",\"@id\":\"https:\\\/\\\/www.webdo.tn\\\/fr\\\/#\\\/schema\\\/person\\\/2c4929cbf5a809e3bd38617c6ce150f6\"},\"headline\":\"L&rsquo;Italie d\u00e9cr\u00e8te l&rsquo;\u00e9tat d&rsquo;urgence migratoire\",\"datePublished\":\"2023-04-11T21:55:00+00:00\",\"dateModified\":\"2025-05-20T22:08:28+00:00\",\"mainEntityOfPage\":{\"@id\":\"https:\\\/\\\/www.webdo.tn\\\/fr\\\/actualite\\\/international\\\/l-italie-decrete-l-etat-d-urgence-migratoire\\\/204764\\\/\"},\"wordCount\":169,\"commentCount\":0,\"publisher\":{\"@id\":\"https:\\\/\\\/www.webdo.tn\\\/fr\\\/#organization\"},\"image\":{\"@id\":\"https:\\\/\\\/www.webdo.tn\\\/fr\\\/actualite\\\/international\\\/l-italie-decrete-l-etat-d-urgence-migratoire\\\/204764\\\/#primaryimage\"},\"thumbnailUrl\":\"https:\\\/\\\/www.webdo.tn\\\/fr\\\/wp-content\\\/uploads\\\/2023\\\/04\\\/e39d4486c02a6fbae8f8ed955af3eb0e.jpg\",\"keywords\":[\"\u00e9tat d'urgence\",\"Italie\",\"migrants\"],\"articleSection\":[\"International\"],\"inLanguage\":\"fr-FR\"},{\"@type\":\"WebPage\",\"@id\":\"https:\\\/\\\/www.webdo.tn\\\/fr\\\/actualite\\\/international\\\/l-italie-decrete-l-etat-d-urgence-migratoire\\\/204764\\\/\",\"url\":\"https:\\\/\\\/www.webdo.tn\\\/fr\\\/actualite\\\/international\\\/l-italie-decrete-l-etat-d-urgence-migratoire\\\/204764\\\/\",\"name\":\"L'Italie d\u00e9cr\u00e8te l'\u00e9tat d'urgence migratoire\",\"isPartOf\":{\"@id\":\"https:\\\/\\\/www.webdo.tn\\\/fr\\\/#website\"},\"primaryImageOfPage\":{\"@id\":\"https:\\\/\\\/www.webdo.tn\\\/fr\\\/actualite\\\/international\\\/l-italie-decrete-l-etat-d-urgence-migratoire\\\/204764\\\/#primaryimage\"},\"image\":{\"@id\":\"https:\\\/\\\/www.webdo.tn\\\/fr\\\/actualite\\\/international\\\/l-italie-decrete-l-etat-d-urgence-migratoire\\\/204764\\\/#primaryimage\"},\"thumbnailUrl\":\"https:\\\/\\\/www.webdo.tn\\\/fr\\\/wp-content\\\/uploads\\\/2023\\\/04\\\/e39d4486c02a6fbae8f8ed955af3eb0e.jpg\",\"datePublished\":\"2023-04-11T21:55:00+00:00\",\"dateModified\":\"2025-05-20T22:08:28+00:00\",\"description\":\"Confront\u00e9e \u00e0 un afflux de migrants sans pr\u00e9c\u00e9dent, l'Italie a d\u00e9cr\u00e9t\u00e9 l'\u00e9tat d'urgence migratoire pour six mois.\",\"breadcrumb\":{\"@id\":\"https:\\\/\\\/www.webdo.tn\\\/fr\\\/actualite\\\/international\\\/l-italie-decrete-l-etat-d-urgence-migratoire\\\/204764\\\/#breadcrumb\"},\"inLanguage\":\"fr-FR\",\"potentialAction\":[{\"@type\":\"ReadAction\",\"target\":[\"https:\\\/\\\/www.webdo.tn\\\/fr\\\/actualite\\\/international\\\/l-italie-decrete-l-etat-d-urgence-migratoire\\\/204764\\\/\"]}]},{\"@type\":\"ImageObject\",\"inLanguage\":\"fr-FR\",\"@id\":\"https:\\\/\\\/www.webdo.tn\\\/fr\\\/actualite\\\/international\\\/l-italie-decrete-l-etat-d-urgence-migratoire\\\/204764\\\/#primaryimage\",\"url\":\"https:\\\/\\\/www.webdo.tn\\\/fr\\\/wp-content\\\/uploads\\\/2023\\\/04\\\/e39d4486c02a6fbae8f8ed955af3eb0e.jpg\",\"contentUrl\":\"https:\\\/\\\/www.webdo.tn\\\/fr\\\/wp-content\\\/uploads\\\/2023\\\/04\\\/e39d4486c02a6fbae8f8ed955af3eb0e.jpg\",\"width\":749,\"height\":399,\"caption\":\"L'Italie d\u00e9cr\u00e8te l'\u00e9tat d'urgence migratoire\"},{\"@type\":\"BreadcrumbList\",\"@id\":\"https:\\\/\\\/www.webdo.tn\\\/fr\\\/actualite\\\/international\\\/l-italie-decrete-l-etat-d-urgence-migratoire\\\/204764\\\/#breadcrumb\",\"itemListElement\":[{\"@type\":\"ListItem\",\"position\":1,\"name\":\"Accueil\",\"item\":\"https:\\\/\\\/www.webdo.tn\\\/fr\\\/\"},{\"@type\":\"ListItem\",\"position\":2,\"name\":\"L&rsquo;Italie d\u00e9cr\u00e8te l&rsquo;\u00e9tat d&rsquo;urgence migratoire\"}]},{\"@type\":\"WebSite\",\"@id\":\"https:\\\/\\\/www.webdo.tn\\\/fr\\\/#website\",\"url\":\"https:\\\/\\\/www.webdo.tn\\\/fr\\\/\",\"name\":\"webdo\",\"description\":\"Tunisie - News en Tunisie et \u00e0 l&#039;international sur Webdo.tn\",\"publisher\":{\"@id\":\"https:\\\/\\\/www.webdo.tn\\\/fr\\\/#organization\"},\"potentialAction\":[{\"@type\":\"SearchAction\",\"target\":{\"@type\":\"EntryPoint\",\"urlTemplate\":\"https:\\\/\\\/www.webdo.tn\\\/fr\\\/?s={search_term_string}\"},\"query-input\":{\"@type\":\"PropertyValueSpecification\",\"valueRequired\":true,\"valueName\":\"search_term_string\"}}],\"inLanguage\":\"fr-FR\"},{\"@type\":\"Organization\",\"@id\":\"https:\\\/\\\/www.webdo.tn\\\/fr\\\/#organization\",\"name\":\"Webdo\",\"alternateName\":\"Webdo.tn\",\"url\":\"https:\\\/\\\/www.webdo.tn\\\/fr\\\/\",\"logo\":{\"@type\":\"ImageObject\",\"inLanguage\":\"fr-FR\",\"@id\":\"https:\\\/\\\/www.webdo.tn\\\/fr\\\/#\\\/schema\\\/logo\\\/image\\\/\",\"url\":\"https:\\\/\\\/www.webdo.tn\\\/fr\\\/wp-content\\\/uploads\\\/2025\\\/06\\\/Webdo-Tunisie_168377.jpg\",\"contentUrl\":\"https:\\\/\\\/www.webdo.tn\\\/fr\\\/wp-content\\\/uploads\\\/2025\\\/06\\\/Webdo-Tunisie_168377.jpg\",\"width\":301,\"height\":301,\"caption\":\"Webdo\"},\"image\":{\"@id\":\"https:\\\/\\\/www.webdo.tn\\\/fr\\\/#\\\/schema\\\/logo\\\/image\\\/\"},\"sameAs\":[\"https:\\\/\\\/www.facebook.com\\\/webdotn\",\"https:\\\/\\\/x.com\\\/webdo_tn\"],\"description\":\"Webdo est un m\u00e9dia num\u00e9rique tunisien fond\u00e9 en 2010, sp\u00e9cialis\u00e9 dans l\u2019actualit\u00e9 nationale et internationale, l\u2019\u00e9conomie, la soci\u00e9t\u00e9 et les analyses politiques. Le site s\u2019adresse \u00e0 un large public francophone et couvre l\u2019information tunisienne en temps r\u00e9el.\",\"email\":\"redac@webdo.tn\",\"legalName\":\"YNJ SARL\",\"foundingDate\":\"2010-09-06\",\"numberOfEmployees\":{\"@type\":\"QuantitativeValue\",\"minValue\":\"11\",\"maxValue\":\"50\"}},{\"@type\":\"Person\",\"@id\":\"https:\\\/\\\/www.webdo.tn\\\/fr\\\/#\\\/schema\\\/person\\\/2c4929cbf5a809e3bd38617c6ce150f6\",\"name\":\"MC\",\"image\":{\"@type\":\"ImageObject\",\"inLanguage\":\"fr-FR\",\"@id\":\"https:\\\/\\\/secure.gravatar.com\\\/avatar\\\/a545bbb6f84efdd5553dbbc2895e3ca8f1d12c5215e00a041c9670b54aa9b18a?s=96&d=mm&r=g\",\"url\":\"https:\\\/\\\/secure.gravatar.com\\\/avatar\\\/a545bbb6f84efdd5553dbbc2895e3ca8f1d12c5215e00a041c9670b54aa9b18a?s=96&d=mm&r=g\",\"contentUrl\":\"https:\\\/\\\/secure.gravatar.com\\\/avatar\\\/a545bbb6f84efdd5553dbbc2895e3ca8f1d12c5215e00a041c9670b54aa9b18a?s=96&d=mm&r=g\",\"caption\":\"MC\"},\"url\":\"https:\\\/\\\/www.webdo.tn\\\/fr\\\/actualite\\\/author\\\/mc\\\/\"}]}<\/script>\n<!-- \/ Yoast SEO Premium plugin. -->","yoast_head_json":{"title":"L'Italie d\u00e9cr\u00e8te l'\u00e9tat d'urgence migratoire","description":"Confront\u00e9e \u00e0 un afflux de migrants sans pr\u00e9c\u00e9dent, l'Italie a d\u00e9cr\u00e9t\u00e9 l'\u00e9tat d'urgence migratoire pour six mois.","canonical":"https:\/\/www.webdo.tn\/fr\/actualite\/international\/l-italie-decrete-l-etat-d-urgence-migratoire\/204764\/","og_locale":"fr_FR","og_type":"article","og_title":"L'Italie d\u00e9cr\u00e8te l'\u00e9tat d'urgence migratoire","og_description":"Confront\u00e9e \u00e0 un afflux de migrants sans pr\u00e9c\u00e9dent, l'Italie a d\u00e9cr\u00e9t\u00e9 l'\u00e9tat d'urgence migratoire pour six mois.","og_url":"https:\/\/www.webdo.tn\/fr\/actualite\/international\/l-italie-decrete-l-etat-d-urgence-migratoire\/204764\/","og_site_name":"webdo","article_publisher":"https:\/\/www.facebook.com\/webdotn","article_published_time":"2023-04-11T21:55:00+00:00","article_modified_time":"2025-05-20T22:08:28+00:00","og_image":[{"width":749,"height":399,"url":"https:\/\/www.webdo.tn\/fr\/wp-content\/uploads\/2023\/04\/e39d4486c02a6fbae8f8ed955af3eb0e.jpg","type":"image\/jpeg"}],"author":"MC","twitter_card":"summary_large_image","twitter_creator":"@webdo_tn","twitter_site":"@webdo_tn","twitter_misc":{"\u00c9crit par":"MC","Dur\u00e9e de lecture estim\u00e9e":"1 minute"},"schema":{"@context":"https:\/\/schema.org","@graph":[{"@type":"NewsArticle","@id":"https:\/\/www.webdo.tn\/fr\/actualite\/international\/l-italie-decrete-l-etat-d-urgence-migratoire\/204764\/#article","isPartOf":{"@id":"https:\/\/www.webdo.tn\/fr\/actualite\/international\/l-italie-decrete-l-etat-d-urgence-migratoire\/204764\/"},"author":{"name":"MC","@id":"https:\/\/www.webdo.tn\/fr\/#\/schema\/person\/2c4929cbf5a809e3bd38617c6ce150f6"},"headline":"L&rsquo;Italie d\u00e9cr\u00e8te l&rsquo;\u00e9tat d&rsquo;urgence migratoire","datePublished":"2023-04-11T21:55:00+00:00","dateModified":"2025-05-20T22:08:28+00:00","mainEntityOfPage":{"@id":"https:\/\/www.webdo.tn\/fr\/actualite\/international\/l-italie-decrete-l-etat-d-urgence-migratoire\/204764\/"},"wordCount":169,"commentCount":0,"publisher":{"@id":"https:\/\/www.webdo.tn\/fr\/#organization"},"image":{"@id":"https:\/\/www.webdo.tn\/fr\/actualite\/international\/l-italie-decrete-l-etat-d-urgence-migratoire\/204764\/#primaryimage"},"thumbnailUrl":"https:\/\/www.webdo.tn\/fr\/wp-content\/uploads\/2023\/04\/e39d4486c02a6fbae8f8ed955af3eb0e.jpg","keywords":["\u00e9tat d'urgence","Italie","migrants"],"articleSection":["International"],"inLanguage":"fr-FR"},{"@type":"WebPage","@id":"https:\/\/www.webdo.tn\/fr\/actualite\/international\/l-italie-decrete-l-etat-d-urgence-migratoire\/204764\/","url":"https:\/\/www.webdo.tn\/fr\/actualite\/international\/l-italie-decrete-l-etat-d-urgence-migratoire\/204764\/","name":"L'Italie d\u00e9cr\u00e8te l'\u00e9tat d'urgence migratoire","isPartOf":{"@id":"https:\/\/www.webdo.tn\/fr\/#website"},"primaryImageOfPage":{"@id":"https:\/\/www.webdo.tn\/fr\/actualite\/international\/l-italie-decrete-l-etat-d-urgence-migratoire\/204764\/#primaryimage"},"image":{"@id":"https:\/\/www.webdo.tn\/fr\/actualite\/international\/l-italie-decrete-l-etat-d-urgence-migratoire\/204764\/#primaryimage"},"thumbnailUrl":"https:\/\/www.webdo.tn\/fr\/wp-content\/uploads\/2023\/04\/e39d4486c02a6fbae8f8ed955af3eb0e.jpg","datePublished":"2023-04-11T21:55:00+00:00","dateModified":"2025-05-20T22:08:28+00:00","description":"Confront\u00e9e \u00e0 un afflux de migrants sans pr\u00e9c\u00e9dent, l'Italie a d\u00e9cr\u00e9t\u00e9 l'\u00e9tat d'urgence migratoire pour six mois.","breadcrumb":{"@id":"https:\/\/www.webdo.tn\/fr\/actualite\/international\/l-italie-decrete-l-etat-d-urgence-migratoire\/204764\/#breadcrumb"},"inLanguage":"fr-FR","potentialAction":[{"@type":"ReadAction","target":["https:\/\/www.webdo.tn\/fr\/actualite\/international\/l-italie-decrete-l-etat-d-urgence-migratoire\/204764\/"]}]},{"@type":"ImageObject","inLanguage":"fr-FR","@id":"https:\/\/www.webdo.tn\/fr\/actualite\/international\/l-italie-decrete-l-etat-d-urgence-migratoire\/204764\/#primaryimage","url":"https:\/\/www.webdo.tn\/fr\/wp-content\/uploads\/2023\/04\/e39d4486c02a6fbae8f8ed955af3eb0e.jpg","contentUrl":"https:\/\/www.webdo.tn\/fr\/wp-content\/uploads\/2023\/04\/e39d4486c02a6fbae8f8ed955af3eb0e.jpg","width":749,"height":399,"caption":"L'Italie d\u00e9cr\u00e8te l'\u00e9tat d'urgence migratoire"},{"@type":"BreadcrumbList","@id":"https:\/\/www.webdo.tn\/fr\/actualite\/international\/l-italie-decrete-l-etat-d-urgence-migratoire\/204764\/#breadcrumb","itemListElement":[{"@type":"ListItem","position":1,"name":"Accueil","item":"https:\/\/www.webdo.tn\/fr\/"},{"@type":"ListItem","position":2,"name":"L&rsquo;Italie d\u00e9cr\u00e8te l&rsquo;\u00e9tat d&rsquo;urgence migratoire"}]},{"@type":"WebSite","@id":"https:\/\/www.webdo.tn\/fr\/#website","url":"https:\/\/www.webdo.tn\/fr\/","name":"webdo","description":"Tunisie - News en Tunisie et \u00e0 l&#039;international sur Webdo.tn","publisher":{"@id":"https:\/\/www.webdo.tn\/fr\/#organization"},"potentialAction":[{"@type":"SearchAction","target":{"@type":"EntryPoint","urlTemplate":"https:\/\/www.webdo.tn\/fr\/?s={search_term_string}"},"query-input":{"@type":"PropertyValueSpecification","valueRequired":true,"valueName":"search_term_string"}}],"inLanguage":"fr-FR"},{"@type":"Organization","@id":"https:\/\/www.webdo.tn\/fr\/#organization","name":"Webdo","alternateName":"Webdo.tn","url":"https:\/\/www.webdo.tn\/fr\/","logo":{"@type":"ImageObject","inLanguage":"fr-FR","@id":"https:\/\/www.webdo.tn\/fr\/#\/schema\/logo\/image\/","url":"https:\/\/www.webdo.tn\/fr\/wp-content\/uploads\/2025\/06\/Webdo-Tunisie_168377.jpg","contentUrl":"https:\/\/www.webdo.tn\/fr\/wp-content\/uploads\/2025\/06\/Webdo-Tunisie_168377.jpg","width":301,"height":301,"caption":"Webdo"},"image":{"@id":"https:\/\/www.webdo.tn\/fr\/#\/schema\/logo\/image\/"},"sameAs":["https:\/\/www.facebook.com\/webdotn","https:\/\/x.com\/webdo_tn"],"description":"Webdo est un m\u00e9dia num\u00e9rique tunisien fond\u00e9 en 2010, sp\u00e9cialis\u00e9 dans l\u2019actualit\u00e9 nationale et internationale, l\u2019\u00e9conomie, la soci\u00e9t\u00e9 et les analyses politiques. Le site s\u2019adresse \u00e0 un large public francophone et couvre l\u2019information tunisienne en temps r\u00e9el.","email":"redac@webdo.tn","legalName":"YNJ SARL","foundingDate":"2010-09-06","numberOfEmployees":{"@type":"QuantitativeValue","minValue":"11","maxValue":"50"}},{"@type":"Person","@id":"https:\/\/www.webdo.tn\/fr\/#\/schema\/person\/2c4929cbf5a809e3bd38617c6ce150f6","name":"MC","image":{"@type":"ImageObject","inLanguage":"fr-FR","@id":"https:\/\/secure.gravatar.com\/avatar\/a545bbb6f84efdd5553dbbc2895e3ca8f1d12c5215e00a041c9670b54aa9b18a?s=96&d=mm&r=g","url":"https:\/\/secure.gravatar.com\/avatar\/a545bbb6f84efdd5553dbbc2895e3ca8f1d12c5215e00a041c9670b54aa9b18a?s=96&d=mm&r=g","contentUrl":"https:\/\/secure.gravatar.com\/avatar\/a545bbb6f84efdd5553dbbc2895e3ca8f1d12c5215e00a041c9670b54aa9b18a?s=96&d=mm&r=g","caption":"MC"},"url":"https:\/\/www.webdo.tn\/fr\/actualite\/author\/mc\/"}]}},"_links":{"self":[{"href":"https:\/\/www.webdo.tn\/fr\/wp-json\/wp\/v2\/posts\/204764","targetHints":{"allow":["GET"]}}],"collection":[{"href":"https:\/\/www.webdo.tn\/fr\/wp-json\/wp\/v2\/posts"}],"about":[{"href":"https:\/\/www.webdo.tn\/fr\/wp-json\/wp\/v2\/types\/post"}],"author":[{"embeddable":true,"href":"https:\/\/www.webdo.tn\/fr\/wp-json\/wp\/v2\/users\/3162"}],"replies":[{"embeddable":true,"href":"https:\/\/www.webdo.tn\/fr\/wp-json\/wp\/v2\/comments?post=204764"}],"version-history":[{"count":0,"href":"https:\/\/www.webdo.tn\/fr\/wp-json\/wp\/v2\/posts\/204764\/revisions"}],"wp:featuredmedia":[{"embeddable":true,"href":"https:\/\/www.webdo.tn\/fr\/wp-json\/wp\/v2\/media\/278046"}],"wp:attachment":[{"href":"https:\/\/www.webdo.tn\/fr\/wp-json\/wp\/v2\/media?parent=204764"}],"wp:term":[{"taxonomy":"category","embeddable":true,"href":"https:\/\/www.webdo.tn\/fr\/wp-json\/wp\/v2\/categories?post=204764"},{"taxonomy":"post_tag","embeddable":true,"href":"https:\/\/www.webdo.tn\/fr\/wp-json\/wp\/v2\/tags?post=204764"}],"curies":[{"name":"wp","href":"https:\/\/api.w.org\/{rel}","templated":true}]}}