{"id":204751,"date":"2023-04-11T14:37:00","date_gmt":"2023-04-11T14:37:00","guid":{"rendered":"https:\/\/www.webdo.tn\/fr\/blog\/arp-les-medias-prives-finalement-autorises-a-acceder-au-parlement\/204751\/"},"modified":"2025-05-20T22:49:53","modified_gmt":"2025-05-20T22:49:53","slug":"arp-les-medias-prives-finalement-autorises-a-acceder-au-parlement","status":"publish","type":"post","link":"https:\/\/www.webdo.tn\/fr\/actualite\/national\/arp-les-medias-prives-finalement-autorises-a-acceder-au-parlement\/204751\/","title":{"rendered":"ARP : Les m\u00e9dias priv\u00e9s finalement autoris\u00e9s \u00e0 acc\u00e9der au parlement"},"content":{"rendered":"<p>L\u2019Assembl\u00e9e des repr\u00e9sentants du peuple (ARP) a d\u00e9cid\u00e9 ce mardi 11 avril 2023 d\u2019autoriser aux journalistes des diff\u00e9rents m\u00e9dias d\u2019acc\u00e9der au parlement \u00e0 partir de demain.<\/p>\n<p>\t\t\t\t\t\t\t\t\tLe chef de l\u2019ARP Brahim Bouderbala a cependant affirm\u00e9 que l\u2019acc\u00e8s se fera seulement si les journalistes pr\u00e9sentent une carte de presse professionnelle.\u00a0<br \/>\n\u00ab Les journalistes sont dans les premiers rangs de d\u00e9fense de la Tunisie \u00bb, a-t-il affirm\u00e9.\u00a0<\/p>\n<p>Pourtant, en inaugurant la pl\u00e9ni\u00e8re, Bouderbala a affirm\u00e9 avoir interdit d\u2019acc\u00e8s les m\u00e9dias priv\u00e9s et \u00e9trangers en attendant l\u2019adoption du r\u00e8glement int\u00e9rieur.\u00a0<\/p>\n<p>Le Syndicat national des journalistes tunisiens (SNJT) avait appel\u00e9 au \u00ab\u00a0boycott\u00a0\u00bb des travaux de la pl\u00e9ni\u00e8re de l&rsquo;Assembl\u00e9e des repr\u00e9sentants du peuple (ARP) consacr\u00e9e \u00e0 l&rsquo;examen du r\u00e8glement int\u00e9rieur du parlement.<\/p>\n","protected":false},"excerpt":{"rendered":"<p>L\u2019Assembl\u00e9e des repr\u00e9sentants du peuple (ARP) a d\u00e9cid\u00e9 ce mardi 11 avril 2023 d\u2019autoriser aux journalistes des diff\u00e9rents m\u00e9dias d\u2019acc\u00e9der au parlement \u00e0 partir&#8230;<\/p>\n","protected":false},"author":3175,"featured_media":278037,"comment_status":"open","ping_status":"closed","sticky":false,"template":"","format":"standard","meta":{"footnotes":""},"categories":[44],"tags":[2813,2608],"class_list":["post-204751","post","type-post","status-publish","format-standard","has-post-thumbnail","hentry","category-national","tag-arp","tag-tunisie"],"yoast_head":"<!-- This site is optimized with the Yoast SEO Premium plugin v27.4 (Yoast SEO v27.4) - https:\/\/yoast.com\/product\/yoast-seo-premium-wordpress\/ -->\n<title>ARP : Les m\u00e9dias priv\u00e9s finalement autoris\u00e9s \u00e0 acc\u00e9der au parlement<\/title>\n<meta name=\"description\" content=\"L\u2019Assembl\u00e9e des repr\u00e9sentants du peuple (ARP) a d\u00e9cid\u00e9 ce mardi 11 avril 2023 d\u2019autoriser aux journalistes des diff\u00e9rents m\u00e9dias d\u2019acc\u00e9der au parlement \u00e0 partir...\" \/>\n<link rel=\"canonical\" href=\"https:\/\/www.webdo.tn\/fr\/actualite\/national\/arp-les-medias-prives-finalement-autorises-a-acceder-au-parlement\/204751\/\" \/>\n<meta property=\"og:locale\" content=\"fr_FR\" \/>\n<meta property=\"og:type\" content=\"article\" \/>\n<meta property=\"og:title\" content=\"ARP : Les m\u00e9dias priv\u00e9s finalement autoris\u00e9s \u00e0 acc\u00e9der au parlement\" \/>\n<meta property=\"og:description\" content=\"L\u2019Assembl\u00e9e des repr\u00e9sentants du peuple (ARP) a d\u00e9cid\u00e9 ce mardi 11 avril 2023 d\u2019autoriser aux journalistes des diff\u00e9rents m\u00e9dias d\u2019acc\u00e9der au parlement \u00e0 partir...\" \/>\n<meta property=\"og:url\" content=\"https:\/\/www.webdo.tn\/fr\/actualite\/national\/arp-les-medias-prives-finalement-autorises-a-acceder-au-parlement\/204751\/\" \/>\n<meta property=\"og:site_name\" content=\"webdo\" \/>\n<meta property=\"article:publisher\" content=\"https:\/\/www.facebook.com\/webdotn\" \/>\n<meta property=\"article:published_time\" content=\"2023-04-11T14:37:00+00:00\" \/>\n<meta property=\"article:modified_time\" content=\"2025-05-20T22:49:53+00:00\" \/>\n<meta property=\"og:image\" content=\"https:\/\/www.webdo.tn\/fr\/wp-content\/uploads\/2023\/04\/c21eefebe24a5557a5d40717367a85d8.jpg\" \/>\n\t<meta property=\"og:image:width\" content=\"750\" \/>\n\t<meta property=\"og:image:height\" content=\"400\" \/>\n\t<meta property=\"og:image:type\" content=\"image\/jpeg\" \/>\n<meta name=\"author\" content=\"CL\" \/>\n<meta name=\"twitter:card\" content=\"summary_large_image\" \/>\n<meta name=\"twitter:creator\" content=\"@webdo_tn\" \/>\n<meta name=\"twitter:site\" content=\"@webdo_tn\" \/>\n<meta name=\"twitter:label1\" content=\"\u00c9crit par\" \/>\n\t<meta name=\"twitter:data1\" content=\"CL\" \/>\n\t<meta name=\"twitter:label2\" content=\"Dur\u00e9e de lecture estim\u00e9e\" \/>\n\t<meta name=\"twitter:data2\" content=\"1 minute\" \/>\n<script type=\"application\/ld+json\" class=\"yoast-schema-graph\">{\"@context\":\"https:\\\/\\\/schema.org\",\"@graph\":[{\"@type\":\"NewsArticle\",\"@id\":\"https:\\\/\\\/www.webdo.tn\\\/fr\\\/actualite\\\/national\\\/arp-les-medias-prives-finalement-autorises-a-acceder-au-parlement\\\/204751\\\/#article\",\"isPartOf\":{\"@id\":\"https:\\\/\\\/www.webdo.tn\\\/fr\\\/actualite\\\/national\\\/arp-les-medias-prives-finalement-autorises-a-acceder-au-parlement\\\/204751\\\/\"},\"author\":{\"name\":\"CL\",\"@id\":\"https:\\\/\\\/www.webdo.tn\\\/fr\\\/#\\\/schema\\\/person\\\/f35b42a42c5e2511bbd282959d6385cc\"},\"headline\":\"ARP : Les m\u00e9dias priv\u00e9s finalement autoris\u00e9s \u00e0 acc\u00e9der au parlement\",\"datePublished\":\"2023-04-11T14:37:00+00:00\",\"dateModified\":\"2025-05-20T22:49:53+00:00\",\"mainEntityOfPage\":{\"@id\":\"https:\\\/\\\/www.webdo.tn\\\/fr\\\/actualite\\\/national\\\/arp-les-medias-prives-finalement-autorises-a-acceder-au-parlement\\\/204751\\\/\"},\"wordCount\":157,\"commentCount\":0,\"publisher\":{\"@id\":\"https:\\\/\\\/www.webdo.tn\\\/fr\\\/#organization\"},\"image\":{\"@id\":\"https:\\\/\\\/www.webdo.tn\\\/fr\\\/actualite\\\/national\\\/arp-les-medias-prives-finalement-autorises-a-acceder-au-parlement\\\/204751\\\/#primaryimage\"},\"thumbnailUrl\":\"https:\\\/\\\/www.webdo.tn\\\/fr\\\/wp-content\\\/uploads\\\/2023\\\/04\\\/c21eefebe24a5557a5d40717367a85d8.jpg\",\"keywords\":[\"ARP\",\"Tunisie\"],\"articleSection\":[\"National\"],\"inLanguage\":\"fr-FR\"},{\"@type\":\"WebPage\",\"@id\":\"https:\\\/\\\/www.webdo.tn\\\/fr\\\/actualite\\\/national\\\/arp-les-medias-prives-finalement-autorises-a-acceder-au-parlement\\\/204751\\\/\",\"url\":\"https:\\\/\\\/www.webdo.tn\\\/fr\\\/actualite\\\/national\\\/arp-les-medias-prives-finalement-autorises-a-acceder-au-parlement\\\/204751\\\/\",\"name\":\"ARP : Les m\u00e9dias priv\u00e9s finalement autoris\u00e9s \u00e0 acc\u00e9der au parlement\",\"isPartOf\":{\"@id\":\"https:\\\/\\\/www.webdo.tn\\\/fr\\\/#website\"},\"primaryImageOfPage\":{\"@id\":\"https:\\\/\\\/www.webdo.tn\\\/fr\\\/actualite\\\/national\\\/arp-les-medias-prives-finalement-autorises-a-acceder-au-parlement\\\/204751\\\/#primaryimage\"},\"image\":{\"@id\":\"https:\\\/\\\/www.webdo.tn\\\/fr\\\/actualite\\\/national\\\/arp-les-medias-prives-finalement-autorises-a-acceder-au-parlement\\\/204751\\\/#primaryimage\"},\"thumbnailUrl\":\"https:\\\/\\\/www.webdo.tn\\\/fr\\\/wp-content\\\/uploads\\\/2023\\\/04\\\/c21eefebe24a5557a5d40717367a85d8.jpg\",\"datePublished\":\"2023-04-11T14:37:00+00:00\",\"dateModified\":\"2025-05-20T22:49:53+00:00\",\"description\":\"L\u2019Assembl\u00e9e des repr\u00e9sentants du peuple (ARP) a d\u00e9cid\u00e9 ce mardi 11 avril 2023 d\u2019autoriser aux journalistes des diff\u00e9rents m\u00e9dias d\u2019acc\u00e9der au parlement \u00e0 partir...\",\"breadcrumb\":{\"@id\":\"https:\\\/\\\/www.webdo.tn\\\/fr\\\/actualite\\\/national\\\/arp-les-medias-prives-finalement-autorises-a-acceder-au-parlement\\\/204751\\\/#breadcrumb\"},\"inLanguage\":\"fr-FR\",\"potentialAction\":[{\"@type\":\"ReadAction\",\"target\":[\"https:\\\/\\\/www.webdo.tn\\\/fr\\\/actualite\\\/national\\\/arp-les-medias-prives-finalement-autorises-a-acceder-au-parlement\\\/204751\\\/\"]}]},{\"@type\":\"ImageObject\",\"inLanguage\":\"fr-FR\",\"@id\":\"https:\\\/\\\/www.webdo.tn\\\/fr\\\/actualite\\\/national\\\/arp-les-medias-prives-finalement-autorises-a-acceder-au-parlement\\\/204751\\\/#primaryimage\",\"url\":\"https:\\\/\\\/www.webdo.tn\\\/fr\\\/wp-content\\\/uploads\\\/2023\\\/04\\\/c21eefebe24a5557a5d40717367a85d8.jpg\",\"contentUrl\":\"https:\\\/\\\/www.webdo.tn\\\/fr\\\/wp-content\\\/uploads\\\/2023\\\/04\\\/c21eefebe24a5557a5d40717367a85d8.jpg\",\"width\":750,\"height\":400,\"caption\":\"ARP\"},{\"@type\":\"BreadcrumbList\",\"@id\":\"https:\\\/\\\/www.webdo.tn\\\/fr\\\/actualite\\\/national\\\/arp-les-medias-prives-finalement-autorises-a-acceder-au-parlement\\\/204751\\\/#breadcrumb\",\"itemListElement\":[{\"@type\":\"ListItem\",\"position\":1,\"name\":\"Accueil\",\"item\":\"https:\\\/\\\/www.webdo.tn\\\/fr\\\/\"},{\"@type\":\"ListItem\",\"position\":2,\"name\":\"ARP : Les m\u00e9dias priv\u00e9s finalement autoris\u00e9s \u00e0 acc\u00e9der au parlement\"}]},{\"@type\":\"WebSite\",\"@id\":\"https:\\\/\\\/www.webdo.tn\\\/fr\\\/#website\",\"url\":\"https:\\\/\\\/www.webdo.tn\\\/fr\\\/\",\"name\":\"webdo\",\"description\":\"Tunisie - News en Tunisie et \u00e0 l&#039;international sur Webdo.tn\",\"publisher\":{\"@id\":\"https:\\\/\\\/www.webdo.tn\\\/fr\\\/#organization\"},\"potentialAction\":[{\"@type\":\"SearchAction\",\"target\":{\"@type\":\"EntryPoint\",\"urlTemplate\":\"https:\\\/\\\/www.webdo.tn\\\/fr\\\/?s={search_term_string}\"},\"query-input\":{\"@type\":\"PropertyValueSpecification\",\"valueRequired\":true,\"valueName\":\"search_term_string\"}}],\"inLanguage\":\"fr-FR\"},{\"@type\":\"Organization\",\"@id\":\"https:\\\/\\\/www.webdo.tn\\\/fr\\\/#organization\",\"name\":\"Webdo\",\"alternateName\":\"Webdo.tn\",\"url\":\"https:\\\/\\\/www.webdo.tn\\\/fr\\\/\",\"logo\":{\"@type\":\"ImageObject\",\"inLanguage\":\"fr-FR\",\"@id\":\"https:\\\/\\\/www.webdo.tn\\\/fr\\\/#\\\/schema\\\/logo\\\/image\\\/\",\"url\":\"https:\\\/\\\/www.webdo.tn\\\/fr\\\/wp-content\\\/uploads\\\/2025\\\/06\\\/Webdo-Tunisie_168377.jpg\",\"contentUrl\":\"https:\\\/\\\/www.webdo.tn\\\/fr\\\/wp-content\\\/uploads\\\/2025\\\/06\\\/Webdo-Tunisie_168377.jpg\",\"width\":301,\"height\":301,\"caption\":\"Webdo\"},\"image\":{\"@id\":\"https:\\\/\\\/www.webdo.tn\\\/fr\\\/#\\\/schema\\\/logo\\\/image\\\/\"},\"sameAs\":[\"https:\\\/\\\/www.facebook.com\\\/webdotn\",\"https:\\\/\\\/x.com\\\/webdo_tn\"],\"description\":\"Webdo est un m\u00e9dia num\u00e9rique tunisien fond\u00e9 en 2010, sp\u00e9cialis\u00e9 dans l\u2019actualit\u00e9 nationale et internationale, l\u2019\u00e9conomie, la soci\u00e9t\u00e9 et les analyses politiques. Le site s\u2019adresse \u00e0 un large public francophone et couvre l\u2019information tunisienne en temps r\u00e9el.\",\"email\":\"redac@webdo.tn\",\"legalName\":\"YNJ SARL\",\"foundingDate\":\"2010-09-06\",\"numberOfEmployees\":{\"@type\":\"QuantitativeValue\",\"minValue\":\"11\",\"maxValue\":\"50\"}},{\"@type\":\"Person\",\"@id\":\"https:\\\/\\\/www.webdo.tn\\\/fr\\\/#\\\/schema\\\/person\\\/f35b42a42c5e2511bbd282959d6385cc\",\"name\":\"CL\",\"image\":{\"@type\":\"ImageObject\",\"inLanguage\":\"fr-FR\",\"@id\":\"https:\\\/\\\/secure.gravatar.com\\\/avatar\\\/1447a49909b67aa657c488aec6512e1dd6143a480c1ecfee9b5b5cd74eb3b59e?s=96&d=mm&r=g\",\"url\":\"https:\\\/\\\/secure.gravatar.com\\\/avatar\\\/1447a49909b67aa657c488aec6512e1dd6143a480c1ecfee9b5b5cd74eb3b59e?s=96&d=mm&r=g\",\"contentUrl\":\"https:\\\/\\\/secure.gravatar.com\\\/avatar\\\/1447a49909b67aa657c488aec6512e1dd6143a480c1ecfee9b5b5cd74eb3b59e?s=96&d=mm&r=g\",\"caption\":\"CL\"},\"url\":\"https:\\\/\\\/www.webdo.tn\\\/fr\\\/actualite\\\/author\\\/cl\\\/\"}]}<\/script>\n<!-- \/ Yoast SEO Premium plugin. -->","yoast_head_json":{"title":"ARP : Les m\u00e9dias priv\u00e9s finalement autoris\u00e9s \u00e0 acc\u00e9der au parlement","description":"L\u2019Assembl\u00e9e des repr\u00e9sentants du peuple (ARP) a d\u00e9cid\u00e9 ce mardi 11 avril 2023 d\u2019autoriser aux journalistes des diff\u00e9rents m\u00e9dias d\u2019acc\u00e9der au parlement \u00e0 partir...","canonical":"https:\/\/www.webdo.tn\/fr\/actualite\/national\/arp-les-medias-prives-finalement-autorises-a-acceder-au-parlement\/204751\/","og_locale":"fr_FR","og_type":"article","og_title":"ARP : Les m\u00e9dias priv\u00e9s finalement autoris\u00e9s \u00e0 acc\u00e9der au parlement","og_description":"L\u2019Assembl\u00e9e des repr\u00e9sentants du peuple (ARP) a d\u00e9cid\u00e9 ce mardi 11 avril 2023 d\u2019autoriser aux journalistes des diff\u00e9rents m\u00e9dias d\u2019acc\u00e9der au parlement \u00e0 partir...","og_url":"https:\/\/www.webdo.tn\/fr\/actualite\/national\/arp-les-medias-prives-finalement-autorises-a-acceder-au-parlement\/204751\/","og_site_name":"webdo","article_publisher":"https:\/\/www.facebook.com\/webdotn","article_published_time":"2023-04-11T14:37:00+00:00","article_modified_time":"2025-05-20T22:49:53+00:00","og_image":[{"width":750,"height":400,"url":"https:\/\/www.webdo.tn\/fr\/wp-content\/uploads\/2023\/04\/c21eefebe24a5557a5d40717367a85d8.jpg","type":"image\/jpeg"}],"author":"CL","twitter_card":"summary_large_image","twitter_creator":"@webdo_tn","twitter_site":"@webdo_tn","twitter_misc":{"\u00c9crit par":"CL","Dur\u00e9e de lecture estim\u00e9e":"1 minute"},"schema":{"@context":"https:\/\/schema.org","@graph":[{"@type":"NewsArticle","@id":"https:\/\/www.webdo.tn\/fr\/actualite\/national\/arp-les-medias-prives-finalement-autorises-a-acceder-au-parlement\/204751\/#article","isPartOf":{"@id":"https:\/\/www.webdo.tn\/fr\/actualite\/national\/arp-les-medias-prives-finalement-autorises-a-acceder-au-parlement\/204751\/"},"author":{"name":"CL","@id":"https:\/\/www.webdo.tn\/fr\/#\/schema\/person\/f35b42a42c5e2511bbd282959d6385cc"},"headline":"ARP : Les m\u00e9dias priv\u00e9s finalement autoris\u00e9s \u00e0 acc\u00e9der au parlement","datePublished":"2023-04-11T14:37:00+00:00","dateModified":"2025-05-20T22:49:53+00:00","mainEntityOfPage":{"@id":"https:\/\/www.webdo.tn\/fr\/actualite\/national\/arp-les-medias-prives-finalement-autorises-a-acceder-au-parlement\/204751\/"},"wordCount":157,"commentCount":0,"publisher":{"@id":"https:\/\/www.webdo.tn\/fr\/#organization"},"image":{"@id":"https:\/\/www.webdo.tn\/fr\/actualite\/national\/arp-les-medias-prives-finalement-autorises-a-acceder-au-parlement\/204751\/#primaryimage"},"thumbnailUrl":"https:\/\/www.webdo.tn\/fr\/wp-content\/uploads\/2023\/04\/c21eefebe24a5557a5d40717367a85d8.jpg","keywords":["ARP","Tunisie"],"articleSection":["National"],"inLanguage":"fr-FR"},{"@type":"WebPage","@id":"https:\/\/www.webdo.tn\/fr\/actualite\/national\/arp-les-medias-prives-finalement-autorises-a-acceder-au-parlement\/204751\/","url":"https:\/\/www.webdo.tn\/fr\/actualite\/national\/arp-les-medias-prives-finalement-autorises-a-acceder-au-parlement\/204751\/","name":"ARP : Les m\u00e9dias priv\u00e9s finalement autoris\u00e9s \u00e0 acc\u00e9der au parlement","isPartOf":{"@id":"https:\/\/www.webdo.tn\/fr\/#website"},"primaryImageOfPage":{"@id":"https:\/\/www.webdo.tn\/fr\/actualite\/national\/arp-les-medias-prives-finalement-autorises-a-acceder-au-parlement\/204751\/#primaryimage"},"image":{"@id":"https:\/\/www.webdo.tn\/fr\/actualite\/national\/arp-les-medias-prives-finalement-autorises-a-acceder-au-parlement\/204751\/#primaryimage"},"thumbnailUrl":"https:\/\/www.webdo.tn\/fr\/wp-content\/uploads\/2023\/04\/c21eefebe24a5557a5d40717367a85d8.jpg","datePublished":"2023-04-11T14:37:00+00:00","dateModified":"2025-05-20T22:49:53+00:00","description":"L\u2019Assembl\u00e9e des repr\u00e9sentants du peuple (ARP) a d\u00e9cid\u00e9 ce mardi 11 avril 2023 d\u2019autoriser aux journalistes des diff\u00e9rents m\u00e9dias d\u2019acc\u00e9der au parlement \u00e0 partir...","breadcrumb":{"@id":"https:\/\/www.webdo.tn\/fr\/actualite\/national\/arp-les-medias-prives-finalement-autorises-a-acceder-au-parlement\/204751\/#breadcrumb"},"inLanguage":"fr-FR","potentialAction":[{"@type":"ReadAction","target":["https:\/\/www.webdo.tn\/fr\/actualite\/national\/arp-les-medias-prives-finalement-autorises-a-acceder-au-parlement\/204751\/"]}]},{"@type":"ImageObject","inLanguage":"fr-FR","@id":"https:\/\/www.webdo.tn\/fr\/actualite\/national\/arp-les-medias-prives-finalement-autorises-a-acceder-au-parlement\/204751\/#primaryimage","url":"https:\/\/www.webdo.tn\/fr\/wp-content\/uploads\/2023\/04\/c21eefebe24a5557a5d40717367a85d8.jpg","contentUrl":"https:\/\/www.webdo.tn\/fr\/wp-content\/uploads\/2023\/04\/c21eefebe24a5557a5d40717367a85d8.jpg","width":750,"height":400,"caption":"ARP"},{"@type":"BreadcrumbList","@id":"https:\/\/www.webdo.tn\/fr\/actualite\/national\/arp-les-medias-prives-finalement-autorises-a-acceder-au-parlement\/204751\/#breadcrumb","itemListElement":[{"@type":"ListItem","position":1,"name":"Accueil","item":"https:\/\/www.webdo.tn\/fr\/"},{"@type":"ListItem","position":2,"name":"ARP : Les m\u00e9dias priv\u00e9s finalement autoris\u00e9s \u00e0 acc\u00e9der au parlement"}]},{"@type":"WebSite","@id":"https:\/\/www.webdo.tn\/fr\/#website","url":"https:\/\/www.webdo.tn\/fr\/","name":"webdo","description":"Tunisie - News en Tunisie et \u00e0 l&#039;international sur Webdo.tn","publisher":{"@id":"https:\/\/www.webdo.tn\/fr\/#organization"},"potentialAction":[{"@type":"SearchAction","target":{"@type":"EntryPoint","urlTemplate":"https:\/\/www.webdo.tn\/fr\/?s={search_term_string}"},"query-input":{"@type":"PropertyValueSpecification","valueRequired":true,"valueName":"search_term_string"}}],"inLanguage":"fr-FR"},{"@type":"Organization","@id":"https:\/\/www.webdo.tn\/fr\/#organization","name":"Webdo","alternateName":"Webdo.tn","url":"https:\/\/www.webdo.tn\/fr\/","logo":{"@type":"ImageObject","inLanguage":"fr-FR","@id":"https:\/\/www.webdo.tn\/fr\/#\/schema\/logo\/image\/","url":"https:\/\/www.webdo.tn\/fr\/wp-content\/uploads\/2025\/06\/Webdo-Tunisie_168377.jpg","contentUrl":"https:\/\/www.webdo.tn\/fr\/wp-content\/uploads\/2025\/06\/Webdo-Tunisie_168377.jpg","width":301,"height":301,"caption":"Webdo"},"image":{"@id":"https:\/\/www.webdo.tn\/fr\/#\/schema\/logo\/image\/"},"sameAs":["https:\/\/www.facebook.com\/webdotn","https:\/\/x.com\/webdo_tn"],"description":"Webdo est un m\u00e9dia num\u00e9rique tunisien fond\u00e9 en 2010, sp\u00e9cialis\u00e9 dans l\u2019actualit\u00e9 nationale et internationale, l\u2019\u00e9conomie, la soci\u00e9t\u00e9 et les analyses politiques. Le site s\u2019adresse \u00e0 un large public francophone et couvre l\u2019information tunisienne en temps r\u00e9el.","email":"redac@webdo.tn","legalName":"YNJ SARL","foundingDate":"2010-09-06","numberOfEmployees":{"@type":"QuantitativeValue","minValue":"11","maxValue":"50"}},{"@type":"Person","@id":"https:\/\/www.webdo.tn\/fr\/#\/schema\/person\/f35b42a42c5e2511bbd282959d6385cc","name":"CL","image":{"@type":"ImageObject","inLanguage":"fr-FR","@id":"https:\/\/secure.gravatar.com\/avatar\/1447a49909b67aa657c488aec6512e1dd6143a480c1ecfee9b5b5cd74eb3b59e?s=96&d=mm&r=g","url":"https:\/\/secure.gravatar.com\/avatar\/1447a49909b67aa657c488aec6512e1dd6143a480c1ecfee9b5b5cd74eb3b59e?s=96&d=mm&r=g","contentUrl":"https:\/\/secure.gravatar.com\/avatar\/1447a49909b67aa657c488aec6512e1dd6143a480c1ecfee9b5b5cd74eb3b59e?s=96&d=mm&r=g","caption":"CL"},"url":"https:\/\/www.webdo.tn\/fr\/actualite\/author\/cl\/"}]}},"_links":{"self":[{"href":"https:\/\/www.webdo.tn\/fr\/wp-json\/wp\/v2\/posts\/204751","targetHints":{"allow":["GET"]}}],"collection":[{"href":"https:\/\/www.webdo.tn\/fr\/wp-json\/wp\/v2\/posts"}],"about":[{"href":"https:\/\/www.webdo.tn\/fr\/wp-json\/wp\/v2\/types\/post"}],"author":[{"embeddable":true,"href":"https:\/\/www.webdo.tn\/fr\/wp-json\/wp\/v2\/users\/3175"}],"replies":[{"embeddable":true,"href":"https:\/\/www.webdo.tn\/fr\/wp-json\/wp\/v2\/comments?post=204751"}],"version-history":[{"count":0,"href":"https:\/\/www.webdo.tn\/fr\/wp-json\/wp\/v2\/posts\/204751\/revisions"}],"wp:featuredmedia":[{"embeddable":true,"href":"https:\/\/www.webdo.tn\/fr\/wp-json\/wp\/v2\/media\/278037"}],"wp:attachment":[{"href":"https:\/\/www.webdo.tn\/fr\/wp-json\/wp\/v2\/media?parent=204751"}],"wp:term":[{"taxonomy":"category","embeddable":true,"href":"https:\/\/www.webdo.tn\/fr\/wp-json\/wp\/v2\/categories?post=204751"},{"taxonomy":"post_tag","embeddable":true,"href":"https:\/\/www.webdo.tn\/fr\/wp-json\/wp\/v2\/tags?post=204751"}],"curies":[{"name":"wp","href":"https:\/\/api.w.org\/{rel}","templated":true}]}}