{"id":204748,"date":"2023-04-11T12:40:00","date_gmt":"2023-04-11T12:40:00","guid":{"rendered":"https:\/\/www.webdo.tn\/fr\/blog\/human-rights-watch-appelle-a-la-liberetion-de-laarayedh\/204748\/"},"modified":"2025-05-20T22:44:20","modified_gmt":"2025-05-20T22:44:20","slug":"human-rights-watch-appelle-a-la-liberetion-de-laarayedh","status":"publish","type":"post","link":"https:\/\/www.webdo.tn\/fr\/actualite\/national\/human-rights-watch-appelle-a-la-liberetion-de-laarayedh\/204748\/","title":{"rendered":"Human Rights Watch appelle \u00e0 la liberation de Laarayedh"},"content":{"rendered":"<p>Les autorit\u00e9s tunisiennes devraient mettre fin \u00e0 la d\u00e9tention d\u2019Ali Laarayedh, ancien Premier ministre et vice-pr\u00e9sident du parti d\u2019opposition Ennahda, a d\u00e9clar\u00e9 mardi 11 avril 2023, Human Rights Watch, dans un communiqu\u00e9.<\/p>\n<p>\t\t\t\t\t\t\t\t\tSelon Human Rights Watch Laarayedh est accus\u00e9 d\u2019avoir failli \u00e0 contenir la propagation du salafisme, une branche traditionnaliste de l\u2019Islam sunnite, et du groupe islamiste arm\u00e9 Ansar al-Charia, lorsqu\u2019il \u00e9tait en fonction<\/p>\n<p>\u00ab Selon les informations disponibles, les poursuites engag\u00e9es contre Laarayedh ne semblent \u00eatre qu\u2019un nouvel exemple de la strat\u00e9gie des autorit\u00e9s sous le pr\u00e9sident Saied, consistant \u00e0 r\u00e9duire au silence les dirigeants du parti Ennahda et d\u2019autres opposants en les faisant passer pour des terroristes \u00bb, a d\u00e9clar\u00e9 Salsabil Chellali, directrice du bureau de Tunis de Human Rights Watch.<\/p>\n","protected":false},"excerpt":{"rendered":"<p>Les autorit\u00e9s tunisiennes devraient mettre fin \u00e0 la d\u00e9tention d\u2019Ali Laarayedh, ancien Premier ministre et vice-pr\u00e9sident du parti d\u2019opposition Ennahda, a d\u00e9clar&#8230;<\/p>\n","protected":false},"author":3175,"featured_media":251475,"comment_status":"open","ping_status":"closed","sticky":false,"template":"","format":"standard","meta":{"footnotes":""},"categories":[44],"tags":[3694,7661,2608],"class_list":["post-204748","post","type-post","status-publish","format-standard","has-post-thumbnail","hentry","category-national","tag-ali-laarayedh","tag-human-rights-watch","tag-tunisie"],"yoast_head":"<!-- This site is optimized with the Yoast SEO Premium plugin v27.5 (Yoast SEO v27.5) - https:\/\/yoast.com\/product\/yoast-seo-premium-wordpress\/ -->\n<title>Human Rights Watch appelle \u00e0 la liberation de Laarayedh<\/title>\n<meta name=\"description\" content=\"Les autorit\u00e9s tunisiennes devraient mettre fin \u00e0 la d\u00e9tention d\u2019Ali Laarayedh, ancien Premier ministre et vice-pr\u00e9sident du parti d\u2019opposition Ennahda, a d\u00e9clar...\" \/>\n<link rel=\"canonical\" href=\"https:\/\/www.webdo.tn\/fr\/actualite\/national\/human-rights-watch-appelle-a-la-liberetion-de-laarayedh\/204748\/\" \/>\n<meta property=\"og:locale\" content=\"fr_FR\" \/>\n<meta property=\"og:type\" content=\"article\" \/>\n<meta property=\"og:title\" content=\"Human Rights Watch appelle \u00e0 la liberation de Laarayedh\" \/>\n<meta property=\"og:description\" content=\"Les autorit\u00e9s tunisiennes devraient mettre fin \u00e0 la d\u00e9tention d\u2019Ali Laarayedh, ancien Premier ministre et vice-pr\u00e9sident du parti d\u2019opposition Ennahda, a d\u00e9clar...\" \/>\n<meta property=\"og:url\" content=\"https:\/\/www.webdo.tn\/fr\/actualite\/national\/human-rights-watch-appelle-a-la-liberetion-de-laarayedh\/204748\/\" \/>\n<meta property=\"og:site_name\" content=\"webdo\" \/>\n<meta property=\"article:publisher\" content=\"https:\/\/www.facebook.com\/webdotn\" \/>\n<meta property=\"article:published_time\" content=\"2023-04-11T12:40:00+00:00\" \/>\n<meta property=\"article:modified_time\" content=\"2025-05-20T22:44:20+00:00\" \/>\n<meta property=\"og:image\" content=\"https:\/\/www.webdo.tn\/fr\/wp-content\/uploads\/2023\/04\/d67ab5395df60d2517fc77fdacf35fa0.png\" \/>\n\t<meta property=\"og:image:width\" content=\"750\" \/>\n\t<meta property=\"og:image:height\" content=\"400\" \/>\n\t<meta property=\"og:image:type\" content=\"image\/png\" \/>\n<meta name=\"author\" content=\"CL\" \/>\n<meta name=\"twitter:card\" content=\"summary_large_image\" \/>\n<meta name=\"twitter:creator\" content=\"@webdo_tn\" \/>\n<meta name=\"twitter:site\" content=\"@webdo_tn\" \/>\n<meta name=\"twitter:label1\" content=\"\u00c9crit par\" \/>\n\t<meta name=\"twitter:data1\" content=\"CL\" \/>\n\t<meta name=\"twitter:label2\" content=\"Dur\u00e9e de lecture estim\u00e9e\" \/>\n\t<meta name=\"twitter:data2\" content=\"1 minute\" \/>\n<script type=\"application\/ld+json\" class=\"yoast-schema-graph\">{\"@context\":\"https:\\\/\\\/schema.org\",\"@graph\":[{\"@type\":\"NewsArticle\",\"@id\":\"https:\\\/\\\/www.webdo.tn\\\/fr\\\/actualite\\\/national\\\/human-rights-watch-appelle-a-la-liberetion-de-laarayedh\\\/204748\\\/#article\",\"isPartOf\":{\"@id\":\"https:\\\/\\\/www.webdo.tn\\\/fr\\\/actualite\\\/national\\\/human-rights-watch-appelle-a-la-liberetion-de-laarayedh\\\/204748\\\/\"},\"author\":{\"name\":\"CL\",\"@id\":\"https:\\\/\\\/www.webdo.tn\\\/fr\\\/#\\\/schema\\\/person\\\/f35b42a42c5e2511bbd282959d6385cc\"},\"headline\":\"Human Rights Watch appelle \u00e0 la liberation de Laarayedh\",\"datePublished\":\"2023-04-11T12:40:00+00:00\",\"dateModified\":\"2025-05-20T22:44:20+00:00\",\"mainEntityOfPage\":{\"@id\":\"https:\\\/\\\/www.webdo.tn\\\/fr\\\/actualite\\\/national\\\/human-rights-watch-appelle-a-la-liberetion-de-laarayedh\\\/204748\\\/\"},\"wordCount\":141,\"commentCount\":0,\"publisher\":{\"@id\":\"https:\\\/\\\/www.webdo.tn\\\/fr\\\/#organization\"},\"image\":{\"@id\":\"https:\\\/\\\/www.webdo.tn\\\/fr\\\/actualite\\\/national\\\/human-rights-watch-appelle-a-la-liberetion-de-laarayedh\\\/204748\\\/#primaryimage\"},\"thumbnailUrl\":\"https:\\\/\\\/www.webdo.tn\\\/fr\\\/wp-content\\\/uploads\\\/2023\\\/04\\\/d67ab5395df60d2517fc77fdacf35fa0.png\",\"keywords\":[\"Ali La\u00e2rayedh\",\"Human Rights Watch\",\"Tunisie\"],\"articleSection\":[\"National\"],\"inLanguage\":\"fr-FR\"},{\"@type\":\"WebPage\",\"@id\":\"https:\\\/\\\/www.webdo.tn\\\/fr\\\/actualite\\\/national\\\/human-rights-watch-appelle-a-la-liberetion-de-laarayedh\\\/204748\\\/\",\"url\":\"https:\\\/\\\/www.webdo.tn\\\/fr\\\/actualite\\\/national\\\/human-rights-watch-appelle-a-la-liberetion-de-laarayedh\\\/204748\\\/\",\"name\":\"Human Rights Watch appelle \u00e0 la liberation de Laarayedh\",\"isPartOf\":{\"@id\":\"https:\\\/\\\/www.webdo.tn\\\/fr\\\/#website\"},\"primaryImageOfPage\":{\"@id\":\"https:\\\/\\\/www.webdo.tn\\\/fr\\\/actualite\\\/national\\\/human-rights-watch-appelle-a-la-liberetion-de-laarayedh\\\/204748\\\/#primaryimage\"},\"image\":{\"@id\":\"https:\\\/\\\/www.webdo.tn\\\/fr\\\/actualite\\\/national\\\/human-rights-watch-appelle-a-la-liberetion-de-laarayedh\\\/204748\\\/#primaryimage\"},\"thumbnailUrl\":\"https:\\\/\\\/www.webdo.tn\\\/fr\\\/wp-content\\\/uploads\\\/2023\\\/04\\\/d67ab5395df60d2517fc77fdacf35fa0.png\",\"datePublished\":\"2023-04-11T12:40:00+00:00\",\"dateModified\":\"2025-05-20T22:44:20+00:00\",\"description\":\"Les autorit\u00e9s tunisiennes devraient mettre fin \u00e0 la d\u00e9tention d\u2019Ali Laarayedh, ancien Premier ministre et vice-pr\u00e9sident du parti d\u2019opposition Ennahda, a d\u00e9clar...\",\"breadcrumb\":{\"@id\":\"https:\\\/\\\/www.webdo.tn\\\/fr\\\/actualite\\\/national\\\/human-rights-watch-appelle-a-la-liberetion-de-laarayedh\\\/204748\\\/#breadcrumb\"},\"inLanguage\":\"fr-FR\",\"potentialAction\":[{\"@type\":\"ReadAction\",\"target\":[\"https:\\\/\\\/www.webdo.tn\\\/fr\\\/actualite\\\/national\\\/human-rights-watch-appelle-a-la-liberetion-de-laarayedh\\\/204748\\\/\"]}]},{\"@type\":\"ImageObject\",\"inLanguage\":\"fr-FR\",\"@id\":\"https:\\\/\\\/www.webdo.tn\\\/fr\\\/actualite\\\/national\\\/human-rights-watch-appelle-a-la-liberetion-de-laarayedh\\\/204748\\\/#primaryimage\",\"url\":\"https:\\\/\\\/www.webdo.tn\\\/fr\\\/wp-content\\\/uploads\\\/2023\\\/04\\\/d67ab5395df60d2517fc77fdacf35fa0.png\",\"contentUrl\":\"https:\\\/\\\/www.webdo.tn\\\/fr\\\/wp-content\\\/uploads\\\/2023\\\/04\\\/d67ab5395df60d2517fc77fdacf35fa0.png\",\"width\":750,\"height\":400,\"caption\":\"Ali Laarayedh\"},{\"@type\":\"BreadcrumbList\",\"@id\":\"https:\\\/\\\/www.webdo.tn\\\/fr\\\/actualite\\\/national\\\/human-rights-watch-appelle-a-la-liberetion-de-laarayedh\\\/204748\\\/#breadcrumb\",\"itemListElement\":[{\"@type\":\"ListItem\",\"position\":1,\"name\":\"Accueil\",\"item\":\"https:\\\/\\\/www.webdo.tn\\\/fr\\\/\"},{\"@type\":\"ListItem\",\"position\":2,\"name\":\"Human Rights Watch appelle \u00e0 la liberation de Laarayedh\"}]},{\"@type\":\"WebSite\",\"@id\":\"https:\\\/\\\/www.webdo.tn\\\/fr\\\/#website\",\"url\":\"https:\\\/\\\/www.webdo.tn\\\/fr\\\/\",\"name\":\"webdo\",\"description\":\"Tunisie - News en Tunisie et \u00e0 l&#039;international sur Webdo.tn\",\"publisher\":{\"@id\":\"https:\\\/\\\/www.webdo.tn\\\/fr\\\/#organization\"},\"potentialAction\":[{\"@type\":\"SearchAction\",\"target\":{\"@type\":\"EntryPoint\",\"urlTemplate\":\"https:\\\/\\\/www.webdo.tn\\\/fr\\\/?s={search_term_string}\"},\"query-input\":{\"@type\":\"PropertyValueSpecification\",\"valueRequired\":true,\"valueName\":\"search_term_string\"}}],\"inLanguage\":\"fr-FR\"},{\"@type\":\"Organization\",\"@id\":\"https:\\\/\\\/www.webdo.tn\\\/fr\\\/#organization\",\"name\":\"Webdo\",\"alternateName\":\"Webdo.tn\",\"url\":\"https:\\\/\\\/www.webdo.tn\\\/fr\\\/\",\"logo\":{\"@type\":\"ImageObject\",\"inLanguage\":\"fr-FR\",\"@id\":\"https:\\\/\\\/www.webdo.tn\\\/fr\\\/#\\\/schema\\\/logo\\\/image\\\/\",\"url\":\"https:\\\/\\\/www.webdo.tn\\\/fr\\\/wp-content\\\/uploads\\\/2025\\\/06\\\/Webdo-Tunisie_168377.jpg\",\"contentUrl\":\"https:\\\/\\\/www.webdo.tn\\\/fr\\\/wp-content\\\/uploads\\\/2025\\\/06\\\/Webdo-Tunisie_168377.jpg\",\"width\":301,\"height\":301,\"caption\":\"Webdo\"},\"image\":{\"@id\":\"https:\\\/\\\/www.webdo.tn\\\/fr\\\/#\\\/schema\\\/logo\\\/image\\\/\"},\"sameAs\":[\"https:\\\/\\\/www.facebook.com\\\/webdotn\",\"https:\\\/\\\/x.com\\\/webdo_tn\"],\"description\":\"Webdo est un m\u00e9dia num\u00e9rique tunisien fond\u00e9 en 2010, sp\u00e9cialis\u00e9 dans l\u2019actualit\u00e9 nationale et internationale, l\u2019\u00e9conomie, la soci\u00e9t\u00e9 et les analyses politiques. Le site s\u2019adresse \u00e0 un large public francophone et couvre l\u2019information tunisienne en temps r\u00e9el.\",\"email\":\"redac@webdo.tn\",\"legalName\":\"YNJ SARL\",\"foundingDate\":\"2010-09-06\",\"numberOfEmployees\":{\"@type\":\"QuantitativeValue\",\"minValue\":\"11\",\"maxValue\":\"50\"}},{\"@type\":\"Person\",\"@id\":\"https:\\\/\\\/www.webdo.tn\\\/fr\\\/#\\\/schema\\\/person\\\/f35b42a42c5e2511bbd282959d6385cc\",\"name\":\"CL\",\"image\":{\"@type\":\"ImageObject\",\"inLanguage\":\"fr-FR\",\"@id\":\"https:\\\/\\\/secure.gravatar.com\\\/avatar\\\/1447a49909b67aa657c488aec6512e1dd6143a480c1ecfee9b5b5cd74eb3b59e?s=96&d=mm&r=g\",\"url\":\"https:\\\/\\\/secure.gravatar.com\\\/avatar\\\/1447a49909b67aa657c488aec6512e1dd6143a480c1ecfee9b5b5cd74eb3b59e?s=96&d=mm&r=g\",\"contentUrl\":\"https:\\\/\\\/secure.gravatar.com\\\/avatar\\\/1447a49909b67aa657c488aec6512e1dd6143a480c1ecfee9b5b5cd74eb3b59e?s=96&d=mm&r=g\",\"caption\":\"CL\"},\"url\":\"https:\\\/\\\/www.webdo.tn\\\/fr\\\/actualite\\\/author\\\/cl\\\/\"}]}<\/script>\n<!-- \/ Yoast SEO Premium plugin. -->","yoast_head_json":{"title":"Human Rights Watch appelle \u00e0 la liberation de Laarayedh","description":"Les autorit\u00e9s tunisiennes devraient mettre fin \u00e0 la d\u00e9tention d\u2019Ali Laarayedh, ancien Premier ministre et vice-pr\u00e9sident du parti d\u2019opposition Ennahda, a d\u00e9clar...","canonical":"https:\/\/www.webdo.tn\/fr\/actualite\/national\/human-rights-watch-appelle-a-la-liberetion-de-laarayedh\/204748\/","og_locale":"fr_FR","og_type":"article","og_title":"Human Rights Watch appelle \u00e0 la liberation de Laarayedh","og_description":"Les autorit\u00e9s tunisiennes devraient mettre fin \u00e0 la d\u00e9tention d\u2019Ali Laarayedh, ancien Premier ministre et vice-pr\u00e9sident du parti d\u2019opposition Ennahda, a d\u00e9clar...","og_url":"https:\/\/www.webdo.tn\/fr\/actualite\/national\/human-rights-watch-appelle-a-la-liberetion-de-laarayedh\/204748\/","og_site_name":"webdo","article_publisher":"https:\/\/www.facebook.com\/webdotn","article_published_time":"2023-04-11T12:40:00+00:00","article_modified_time":"2025-05-20T22:44:20+00:00","og_image":[{"width":750,"height":400,"url":"https:\/\/www.webdo.tn\/fr\/wp-content\/uploads\/2023\/04\/d67ab5395df60d2517fc77fdacf35fa0.png","type":"image\/png"}],"author":"CL","twitter_card":"summary_large_image","twitter_creator":"@webdo_tn","twitter_site":"@webdo_tn","twitter_misc":{"\u00c9crit par":"CL","Dur\u00e9e de lecture estim\u00e9e":"1 minute"},"schema":{"@context":"https:\/\/schema.org","@graph":[{"@type":"NewsArticle","@id":"https:\/\/www.webdo.tn\/fr\/actualite\/national\/human-rights-watch-appelle-a-la-liberetion-de-laarayedh\/204748\/#article","isPartOf":{"@id":"https:\/\/www.webdo.tn\/fr\/actualite\/national\/human-rights-watch-appelle-a-la-liberetion-de-laarayedh\/204748\/"},"author":{"name":"CL","@id":"https:\/\/www.webdo.tn\/fr\/#\/schema\/person\/f35b42a42c5e2511bbd282959d6385cc"},"headline":"Human Rights Watch appelle \u00e0 la liberation de Laarayedh","datePublished":"2023-04-11T12:40:00+00:00","dateModified":"2025-05-20T22:44:20+00:00","mainEntityOfPage":{"@id":"https:\/\/www.webdo.tn\/fr\/actualite\/national\/human-rights-watch-appelle-a-la-liberetion-de-laarayedh\/204748\/"},"wordCount":141,"commentCount":0,"publisher":{"@id":"https:\/\/www.webdo.tn\/fr\/#organization"},"image":{"@id":"https:\/\/www.webdo.tn\/fr\/actualite\/national\/human-rights-watch-appelle-a-la-liberetion-de-laarayedh\/204748\/#primaryimage"},"thumbnailUrl":"https:\/\/www.webdo.tn\/fr\/wp-content\/uploads\/2023\/04\/d67ab5395df60d2517fc77fdacf35fa0.png","keywords":["Ali La\u00e2rayedh","Human Rights Watch","Tunisie"],"articleSection":["National"],"inLanguage":"fr-FR"},{"@type":"WebPage","@id":"https:\/\/www.webdo.tn\/fr\/actualite\/national\/human-rights-watch-appelle-a-la-liberetion-de-laarayedh\/204748\/","url":"https:\/\/www.webdo.tn\/fr\/actualite\/national\/human-rights-watch-appelle-a-la-liberetion-de-laarayedh\/204748\/","name":"Human Rights Watch appelle \u00e0 la liberation de Laarayedh","isPartOf":{"@id":"https:\/\/www.webdo.tn\/fr\/#website"},"primaryImageOfPage":{"@id":"https:\/\/www.webdo.tn\/fr\/actualite\/national\/human-rights-watch-appelle-a-la-liberetion-de-laarayedh\/204748\/#primaryimage"},"image":{"@id":"https:\/\/www.webdo.tn\/fr\/actualite\/national\/human-rights-watch-appelle-a-la-liberetion-de-laarayedh\/204748\/#primaryimage"},"thumbnailUrl":"https:\/\/www.webdo.tn\/fr\/wp-content\/uploads\/2023\/04\/d67ab5395df60d2517fc77fdacf35fa0.png","datePublished":"2023-04-11T12:40:00+00:00","dateModified":"2025-05-20T22:44:20+00:00","description":"Les autorit\u00e9s tunisiennes devraient mettre fin \u00e0 la d\u00e9tention d\u2019Ali Laarayedh, ancien Premier ministre et vice-pr\u00e9sident du parti d\u2019opposition Ennahda, a d\u00e9clar...","breadcrumb":{"@id":"https:\/\/www.webdo.tn\/fr\/actualite\/national\/human-rights-watch-appelle-a-la-liberetion-de-laarayedh\/204748\/#breadcrumb"},"inLanguage":"fr-FR","potentialAction":[{"@type":"ReadAction","target":["https:\/\/www.webdo.tn\/fr\/actualite\/national\/human-rights-watch-appelle-a-la-liberetion-de-laarayedh\/204748\/"]}]},{"@type":"ImageObject","inLanguage":"fr-FR","@id":"https:\/\/www.webdo.tn\/fr\/actualite\/national\/human-rights-watch-appelle-a-la-liberetion-de-laarayedh\/204748\/#primaryimage","url":"https:\/\/www.webdo.tn\/fr\/wp-content\/uploads\/2023\/04\/d67ab5395df60d2517fc77fdacf35fa0.png","contentUrl":"https:\/\/www.webdo.tn\/fr\/wp-content\/uploads\/2023\/04\/d67ab5395df60d2517fc77fdacf35fa0.png","width":750,"height":400,"caption":"Ali Laarayedh"},{"@type":"BreadcrumbList","@id":"https:\/\/www.webdo.tn\/fr\/actualite\/national\/human-rights-watch-appelle-a-la-liberetion-de-laarayedh\/204748\/#breadcrumb","itemListElement":[{"@type":"ListItem","position":1,"name":"Accueil","item":"https:\/\/www.webdo.tn\/fr\/"},{"@type":"ListItem","position":2,"name":"Human Rights Watch appelle \u00e0 la liberation de Laarayedh"}]},{"@type":"WebSite","@id":"https:\/\/www.webdo.tn\/fr\/#website","url":"https:\/\/www.webdo.tn\/fr\/","name":"webdo","description":"Tunisie - News en Tunisie et \u00e0 l&#039;international sur Webdo.tn","publisher":{"@id":"https:\/\/www.webdo.tn\/fr\/#organization"},"potentialAction":[{"@type":"SearchAction","target":{"@type":"EntryPoint","urlTemplate":"https:\/\/www.webdo.tn\/fr\/?s={search_term_string}"},"query-input":{"@type":"PropertyValueSpecification","valueRequired":true,"valueName":"search_term_string"}}],"inLanguage":"fr-FR"},{"@type":"Organization","@id":"https:\/\/www.webdo.tn\/fr\/#organization","name":"Webdo","alternateName":"Webdo.tn","url":"https:\/\/www.webdo.tn\/fr\/","logo":{"@type":"ImageObject","inLanguage":"fr-FR","@id":"https:\/\/www.webdo.tn\/fr\/#\/schema\/logo\/image\/","url":"https:\/\/www.webdo.tn\/fr\/wp-content\/uploads\/2025\/06\/Webdo-Tunisie_168377.jpg","contentUrl":"https:\/\/www.webdo.tn\/fr\/wp-content\/uploads\/2025\/06\/Webdo-Tunisie_168377.jpg","width":301,"height":301,"caption":"Webdo"},"image":{"@id":"https:\/\/www.webdo.tn\/fr\/#\/schema\/logo\/image\/"},"sameAs":["https:\/\/www.facebook.com\/webdotn","https:\/\/x.com\/webdo_tn"],"description":"Webdo est un m\u00e9dia num\u00e9rique tunisien fond\u00e9 en 2010, sp\u00e9cialis\u00e9 dans l\u2019actualit\u00e9 nationale et internationale, l\u2019\u00e9conomie, la soci\u00e9t\u00e9 et les analyses politiques. Le site s\u2019adresse \u00e0 un large public francophone et couvre l\u2019information tunisienne en temps r\u00e9el.","email":"redac@webdo.tn","legalName":"YNJ SARL","foundingDate":"2010-09-06","numberOfEmployees":{"@type":"QuantitativeValue","minValue":"11","maxValue":"50"}},{"@type":"Person","@id":"https:\/\/www.webdo.tn\/fr\/#\/schema\/person\/f35b42a42c5e2511bbd282959d6385cc","name":"CL","image":{"@type":"ImageObject","inLanguage":"fr-FR","@id":"https:\/\/secure.gravatar.com\/avatar\/1447a49909b67aa657c488aec6512e1dd6143a480c1ecfee9b5b5cd74eb3b59e?s=96&d=mm&r=g","url":"https:\/\/secure.gravatar.com\/avatar\/1447a49909b67aa657c488aec6512e1dd6143a480c1ecfee9b5b5cd74eb3b59e?s=96&d=mm&r=g","contentUrl":"https:\/\/secure.gravatar.com\/avatar\/1447a49909b67aa657c488aec6512e1dd6143a480c1ecfee9b5b5cd74eb3b59e?s=96&d=mm&r=g","caption":"CL"},"url":"https:\/\/www.webdo.tn\/fr\/actualite\/author\/cl\/"}]}},"_links":{"self":[{"href":"https:\/\/www.webdo.tn\/fr\/wp-json\/wp\/v2\/posts\/204748","targetHints":{"allow":["GET"]}}],"collection":[{"href":"https:\/\/www.webdo.tn\/fr\/wp-json\/wp\/v2\/posts"}],"about":[{"href":"https:\/\/www.webdo.tn\/fr\/wp-json\/wp\/v2\/types\/post"}],"author":[{"embeddable":true,"href":"https:\/\/www.webdo.tn\/fr\/wp-json\/wp\/v2\/users\/3175"}],"replies":[{"embeddable":true,"href":"https:\/\/www.webdo.tn\/fr\/wp-json\/wp\/v2\/comments?post=204748"}],"version-history":[{"count":0,"href":"https:\/\/www.webdo.tn\/fr\/wp-json\/wp\/v2\/posts\/204748\/revisions"}],"wp:featuredmedia":[{"embeddable":true,"href":"https:\/\/www.webdo.tn\/fr\/wp-json\/wp\/v2\/media\/251475"}],"wp:attachment":[{"href":"https:\/\/www.webdo.tn\/fr\/wp-json\/wp\/v2\/media?parent=204748"}],"wp:term":[{"taxonomy":"category","embeddable":true,"href":"https:\/\/www.webdo.tn\/fr\/wp-json\/wp\/v2\/categories?post=204748"},{"taxonomy":"post_tag","embeddable":true,"href":"https:\/\/www.webdo.tn\/fr\/wp-json\/wp\/v2\/tags?post=204748"}],"curies":[{"name":"wp","href":"https:\/\/api.w.org\/{rel}","templated":true}]}}