{"id":204738,"date":"2023-04-11T09:47:00","date_gmt":"2023-04-11T09:47:00","guid":{"rendered":"https:\/\/www.webdo.tn\/fr\/blog\/la-34eme-edition-des-jcc-dediee-au-cinema-tunisien\/204738\/"},"modified":"2025-05-20T22:00:53","modified_gmt":"2025-05-20T22:00:53","slug":"la-34eme-edition-des-jcc-dediee-au-cinema-tunisien","status":"publish","type":"post","link":"https:\/\/www.webdo.tn\/fr\/actualite\/culture\/la-34eme-edition-des-jcc-dediee-au-cinema-tunisien\/204738\/","title":{"rendered":"La 34\u00e8me \u00e9dition des JCC d\u00e9di\u00e9e au cin\u00e9ma tunisien"},"content":{"rendered":"<p>La 34\u00e8me \u00e9dition des Journ\u00e9es Cin\u00e9matographiques de Carthage (JCC) sera aux couleurs du cin\u00e9ma tunisien, a annonc\u00e9 la ministre des Affaires culturelles, Hayet Guettat Guermazi.<\/p>\n<p>\t\t\t\t\t\t\t\t\tCette annonce s\u2019inscrit dans le cadre de la c\u00e9l\u00e9bration du centenaire du cin\u00e9ma tunisien. L\u2019annonce a \u00e9t\u00e9 faite hier, lundi 10 avril 2023 par la ministre Hayet Guettat Guermazi lors d&rsquo;une s\u00e9ance de travail le Centre national du cin\u00e9ma et de l&rsquo;image (CNCI) et les professionnels du secteur.<\/p>\n<p>Cette 34\u00e8me \u00e9dition des JCC devrait dons \u00eatre une session sp\u00e9cialement d\u00e9di\u00e9e au cin\u00e9ma tunisien.<\/p>\n","protected":false},"excerpt":{"rendered":"<p>La 34\u00e8me \u00e9dition des Journ\u00e9es Cin\u00e9matographiques de Carthage (JCC) sera aux couleurs du cin\u00e9ma tunisien, a annonc\u00e9 la ministre des Affaires culturelles, Hayet G&#8230;<\/p>\n","protected":false},"author":3162,"featured_media":251470,"comment_status":"open","ping_status":"closed","sticky":false,"template":"","format":"standard","meta":{"footnotes":""},"categories":[2594],"tags":[2626,3116],"class_list":["post-204738","post","type-post","status-publish","format-standard","has-post-thumbnail","hentry","category-culture","tag-cinema","tag-jcc"],"yoast_head":"<!-- This site is optimized with the Yoast SEO Premium plugin v27.5 (Yoast SEO v27.5) - https:\/\/yoast.com\/product\/yoast-seo-premium-wordpress\/ -->\n<title>La 34\u00e8me \u00e9dition des JCC d\u00e9di\u00e9e au cin\u00e9ma tunisien<\/title>\n<meta name=\"description\" content=\"La 34\u00e8me \u00e9dition des Journ\u00e9es Cin\u00e9matographiques de Carthage (JCC) sera aux couleurs du cin\u00e9ma tunisien, a annonc\u00e9 la ministre des Affaires culturelles, Hayet G...\" \/>\n<link rel=\"canonical\" href=\"https:\/\/www.webdo.tn\/fr\/actualite\/culture\/la-34eme-edition-des-jcc-dediee-au-cinema-tunisien\/204738\/\" \/>\n<meta property=\"og:locale\" content=\"fr_FR\" \/>\n<meta property=\"og:type\" content=\"article\" \/>\n<meta property=\"og:title\" content=\"La 34\u00e8me \u00e9dition des JCC d\u00e9di\u00e9e au cin\u00e9ma tunisien\" \/>\n<meta property=\"og:description\" content=\"La 34\u00e8me \u00e9dition des Journ\u00e9es Cin\u00e9matographiques de Carthage (JCC) sera aux couleurs du cin\u00e9ma tunisien, a annonc\u00e9 la ministre des Affaires culturelles, Hayet G...\" \/>\n<meta property=\"og:url\" content=\"https:\/\/www.webdo.tn\/fr\/actualite\/culture\/la-34eme-edition-des-jcc-dediee-au-cinema-tunisien\/204738\/\" \/>\n<meta property=\"og:site_name\" content=\"webdo\" \/>\n<meta property=\"article:publisher\" content=\"https:\/\/www.facebook.com\/webdotn\" \/>\n<meta property=\"article:published_time\" content=\"2023-04-11T09:47:00+00:00\" \/>\n<meta property=\"article:modified_time\" content=\"2025-05-20T22:00:53+00:00\" \/>\n<meta property=\"og:image\" content=\"https:\/\/www.webdo.tn\/fr\/wp-content\/uploads\/2023\/04\/d00f5fcdab2494665522f537785f39de.jpg\" \/>\n\t<meta property=\"og:image:width\" content=\"650\" \/>\n\t<meta property=\"og:image:height\" content=\"347\" \/>\n\t<meta property=\"og:image:type\" content=\"image\/jpeg\" \/>\n<meta name=\"author\" content=\"MC\" \/>\n<meta name=\"twitter:card\" content=\"summary_large_image\" \/>\n<meta name=\"twitter:creator\" content=\"@webdo_tn\" \/>\n<meta name=\"twitter:site\" content=\"@webdo_tn\" \/>\n<meta name=\"twitter:label1\" content=\"\u00c9crit par\" \/>\n\t<meta name=\"twitter:data1\" content=\"MC\" \/>\n\t<meta name=\"twitter:label2\" content=\"Dur\u00e9e de lecture estim\u00e9e\" \/>\n\t<meta name=\"twitter:data2\" content=\"1 minute\" \/>\n<script type=\"application\/ld+json\" class=\"yoast-schema-graph\">{\"@context\":\"https:\\\/\\\/schema.org\",\"@graph\":[{\"@type\":\"NewsArticle\",\"@id\":\"https:\\\/\\\/www.webdo.tn\\\/fr\\\/actualite\\\/culture\\\/la-34eme-edition-des-jcc-dediee-au-cinema-tunisien\\\/204738\\\/#article\",\"isPartOf\":{\"@id\":\"https:\\\/\\\/www.webdo.tn\\\/fr\\\/actualite\\\/culture\\\/la-34eme-edition-des-jcc-dediee-au-cinema-tunisien\\\/204738\\\/\"},\"author\":{\"name\":\"MC\",\"@id\":\"https:\\\/\\\/www.webdo.tn\\\/fr\\\/#\\\/schema\\\/person\\\/2c4929cbf5a809e3bd38617c6ce150f6\"},\"headline\":\"La 34\u00e8me \u00e9dition des JCC d\u00e9di\u00e9e au cin\u00e9ma tunisien\",\"datePublished\":\"2023-04-11T09:47:00+00:00\",\"dateModified\":\"2025-05-20T22:00:53+00:00\",\"mainEntityOfPage\":{\"@id\":\"https:\\\/\\\/www.webdo.tn\\\/fr\\\/actualite\\\/culture\\\/la-34eme-edition-des-jcc-dediee-au-cinema-tunisien\\\/204738\\\/\"},\"wordCount\":114,\"commentCount\":0,\"publisher\":{\"@id\":\"https:\\\/\\\/www.webdo.tn\\\/fr\\\/#organization\"},\"image\":{\"@id\":\"https:\\\/\\\/www.webdo.tn\\\/fr\\\/actualite\\\/culture\\\/la-34eme-edition-des-jcc-dediee-au-cinema-tunisien\\\/204738\\\/#primaryimage\"},\"thumbnailUrl\":\"https:\\\/\\\/www.webdo.tn\\\/fr\\\/wp-content\\\/uploads\\\/2023\\\/04\\\/d00f5fcdab2494665522f537785f39de.jpg\",\"keywords\":[\"Cin\u00e9ma\",\"JCC\"],\"articleSection\":[\"Culture\"],\"inLanguage\":\"fr-FR\"},{\"@type\":\"WebPage\",\"@id\":\"https:\\\/\\\/www.webdo.tn\\\/fr\\\/actualite\\\/culture\\\/la-34eme-edition-des-jcc-dediee-au-cinema-tunisien\\\/204738\\\/\",\"url\":\"https:\\\/\\\/www.webdo.tn\\\/fr\\\/actualite\\\/culture\\\/la-34eme-edition-des-jcc-dediee-au-cinema-tunisien\\\/204738\\\/\",\"name\":\"La 34\u00e8me \u00e9dition des JCC d\u00e9di\u00e9e au cin\u00e9ma tunisien\",\"isPartOf\":{\"@id\":\"https:\\\/\\\/www.webdo.tn\\\/fr\\\/#website\"},\"primaryImageOfPage\":{\"@id\":\"https:\\\/\\\/www.webdo.tn\\\/fr\\\/actualite\\\/culture\\\/la-34eme-edition-des-jcc-dediee-au-cinema-tunisien\\\/204738\\\/#primaryimage\"},\"image\":{\"@id\":\"https:\\\/\\\/www.webdo.tn\\\/fr\\\/actualite\\\/culture\\\/la-34eme-edition-des-jcc-dediee-au-cinema-tunisien\\\/204738\\\/#primaryimage\"},\"thumbnailUrl\":\"https:\\\/\\\/www.webdo.tn\\\/fr\\\/wp-content\\\/uploads\\\/2023\\\/04\\\/d00f5fcdab2494665522f537785f39de.jpg\",\"datePublished\":\"2023-04-11T09:47:00+00:00\",\"dateModified\":\"2025-05-20T22:00:53+00:00\",\"description\":\"La 34\u00e8me \u00e9dition des Journ\u00e9es Cin\u00e9matographiques de Carthage (JCC) sera aux couleurs du cin\u00e9ma tunisien, a annonc\u00e9 la ministre des Affaires culturelles, Hayet G...\",\"breadcrumb\":{\"@id\":\"https:\\\/\\\/www.webdo.tn\\\/fr\\\/actualite\\\/culture\\\/la-34eme-edition-des-jcc-dediee-au-cinema-tunisien\\\/204738\\\/#breadcrumb\"},\"inLanguage\":\"fr-FR\",\"potentialAction\":[{\"@type\":\"ReadAction\",\"target\":[\"https:\\\/\\\/www.webdo.tn\\\/fr\\\/actualite\\\/culture\\\/la-34eme-edition-des-jcc-dediee-au-cinema-tunisien\\\/204738\\\/\"]}]},{\"@type\":\"ImageObject\",\"inLanguage\":\"fr-FR\",\"@id\":\"https:\\\/\\\/www.webdo.tn\\\/fr\\\/actualite\\\/culture\\\/la-34eme-edition-des-jcc-dediee-au-cinema-tunisien\\\/204738\\\/#primaryimage\",\"url\":\"https:\\\/\\\/www.webdo.tn\\\/fr\\\/wp-content\\\/uploads\\\/2023\\\/04\\\/d00f5fcdab2494665522f537785f39de.jpg\",\"contentUrl\":\"https:\\\/\\\/www.webdo.tn\\\/fr\\\/wp-content\\\/uploads\\\/2023\\\/04\\\/d00f5fcdab2494665522f537785f39de.jpg\",\"width\":650,\"height\":347,\"caption\":\"La 34\u00e8me \u00e9dition des JCC d\u00e9di\u00e9e au cin\u00e9ma tunisien\"},{\"@type\":\"BreadcrumbList\",\"@id\":\"https:\\\/\\\/www.webdo.tn\\\/fr\\\/actualite\\\/culture\\\/la-34eme-edition-des-jcc-dediee-au-cinema-tunisien\\\/204738\\\/#breadcrumb\",\"itemListElement\":[{\"@type\":\"ListItem\",\"position\":1,\"name\":\"Accueil\",\"item\":\"https:\\\/\\\/www.webdo.tn\\\/fr\\\/\"},{\"@type\":\"ListItem\",\"position\":2,\"name\":\"La 34\u00e8me \u00e9dition des JCC d\u00e9di\u00e9e au cin\u00e9ma tunisien\"}]},{\"@type\":\"WebSite\",\"@id\":\"https:\\\/\\\/www.webdo.tn\\\/fr\\\/#website\",\"url\":\"https:\\\/\\\/www.webdo.tn\\\/fr\\\/\",\"name\":\"webdo\",\"description\":\"Tunisie - News en Tunisie et \u00e0 l&#039;international sur Webdo.tn\",\"publisher\":{\"@id\":\"https:\\\/\\\/www.webdo.tn\\\/fr\\\/#organization\"},\"potentialAction\":[{\"@type\":\"SearchAction\",\"target\":{\"@type\":\"EntryPoint\",\"urlTemplate\":\"https:\\\/\\\/www.webdo.tn\\\/fr\\\/?s={search_term_string}\"},\"query-input\":{\"@type\":\"PropertyValueSpecification\",\"valueRequired\":true,\"valueName\":\"search_term_string\"}}],\"inLanguage\":\"fr-FR\"},{\"@type\":\"Organization\",\"@id\":\"https:\\\/\\\/www.webdo.tn\\\/fr\\\/#organization\",\"name\":\"Webdo\",\"alternateName\":\"Webdo.tn\",\"url\":\"https:\\\/\\\/www.webdo.tn\\\/fr\\\/\",\"logo\":{\"@type\":\"ImageObject\",\"inLanguage\":\"fr-FR\",\"@id\":\"https:\\\/\\\/www.webdo.tn\\\/fr\\\/#\\\/schema\\\/logo\\\/image\\\/\",\"url\":\"https:\\\/\\\/www.webdo.tn\\\/fr\\\/wp-content\\\/uploads\\\/2025\\\/06\\\/Webdo-Tunisie_168377.jpg\",\"contentUrl\":\"https:\\\/\\\/www.webdo.tn\\\/fr\\\/wp-content\\\/uploads\\\/2025\\\/06\\\/Webdo-Tunisie_168377.jpg\",\"width\":301,\"height\":301,\"caption\":\"Webdo\"},\"image\":{\"@id\":\"https:\\\/\\\/www.webdo.tn\\\/fr\\\/#\\\/schema\\\/logo\\\/image\\\/\"},\"sameAs\":[\"https:\\\/\\\/www.facebook.com\\\/webdotn\",\"https:\\\/\\\/x.com\\\/webdo_tn\"],\"description\":\"Webdo est un m\u00e9dia num\u00e9rique tunisien fond\u00e9 en 2010, sp\u00e9cialis\u00e9 dans l\u2019actualit\u00e9 nationale et internationale, l\u2019\u00e9conomie, la soci\u00e9t\u00e9 et les analyses politiques. Le site s\u2019adresse \u00e0 un large public francophone et couvre l\u2019information tunisienne en temps r\u00e9el.\",\"email\":\"redac@webdo.tn\",\"legalName\":\"YNJ SARL\",\"foundingDate\":\"2010-09-06\",\"numberOfEmployees\":{\"@type\":\"QuantitativeValue\",\"minValue\":\"11\",\"maxValue\":\"50\"}},{\"@type\":\"Person\",\"@id\":\"https:\\\/\\\/www.webdo.tn\\\/fr\\\/#\\\/schema\\\/person\\\/2c4929cbf5a809e3bd38617c6ce150f6\",\"name\":\"MC\",\"image\":{\"@type\":\"ImageObject\",\"inLanguage\":\"fr-FR\",\"@id\":\"https:\\\/\\\/secure.gravatar.com\\\/avatar\\\/a545bbb6f84efdd5553dbbc2895e3ca8f1d12c5215e00a041c9670b54aa9b18a?s=96&d=mm&r=g\",\"url\":\"https:\\\/\\\/secure.gravatar.com\\\/avatar\\\/a545bbb6f84efdd5553dbbc2895e3ca8f1d12c5215e00a041c9670b54aa9b18a?s=96&d=mm&r=g\",\"contentUrl\":\"https:\\\/\\\/secure.gravatar.com\\\/avatar\\\/a545bbb6f84efdd5553dbbc2895e3ca8f1d12c5215e00a041c9670b54aa9b18a?s=96&d=mm&r=g\",\"caption\":\"MC\"},\"url\":\"https:\\\/\\\/www.webdo.tn\\\/fr\\\/actualite\\\/author\\\/mc\\\/\"}]}<\/script>\n<!-- \/ Yoast SEO Premium plugin. -->","yoast_head_json":{"title":"La 34\u00e8me \u00e9dition des JCC d\u00e9di\u00e9e au cin\u00e9ma tunisien","description":"La 34\u00e8me \u00e9dition des Journ\u00e9es Cin\u00e9matographiques de Carthage (JCC) sera aux couleurs du cin\u00e9ma tunisien, a annonc\u00e9 la ministre des Affaires culturelles, Hayet G...","canonical":"https:\/\/www.webdo.tn\/fr\/actualite\/culture\/la-34eme-edition-des-jcc-dediee-au-cinema-tunisien\/204738\/","og_locale":"fr_FR","og_type":"article","og_title":"La 34\u00e8me \u00e9dition des JCC d\u00e9di\u00e9e au cin\u00e9ma tunisien","og_description":"La 34\u00e8me \u00e9dition des Journ\u00e9es Cin\u00e9matographiques de Carthage (JCC) sera aux couleurs du cin\u00e9ma tunisien, a annonc\u00e9 la ministre des Affaires culturelles, Hayet G...","og_url":"https:\/\/www.webdo.tn\/fr\/actualite\/culture\/la-34eme-edition-des-jcc-dediee-au-cinema-tunisien\/204738\/","og_site_name":"webdo","article_publisher":"https:\/\/www.facebook.com\/webdotn","article_published_time":"2023-04-11T09:47:00+00:00","article_modified_time":"2025-05-20T22:00:53+00:00","og_image":[{"width":650,"height":347,"url":"https:\/\/www.webdo.tn\/fr\/wp-content\/uploads\/2023\/04\/d00f5fcdab2494665522f537785f39de.jpg","type":"image\/jpeg"}],"author":"MC","twitter_card":"summary_large_image","twitter_creator":"@webdo_tn","twitter_site":"@webdo_tn","twitter_misc":{"\u00c9crit par":"MC","Dur\u00e9e de lecture estim\u00e9e":"1 minute"},"schema":{"@context":"https:\/\/schema.org","@graph":[{"@type":"NewsArticle","@id":"https:\/\/www.webdo.tn\/fr\/actualite\/culture\/la-34eme-edition-des-jcc-dediee-au-cinema-tunisien\/204738\/#article","isPartOf":{"@id":"https:\/\/www.webdo.tn\/fr\/actualite\/culture\/la-34eme-edition-des-jcc-dediee-au-cinema-tunisien\/204738\/"},"author":{"name":"MC","@id":"https:\/\/www.webdo.tn\/fr\/#\/schema\/person\/2c4929cbf5a809e3bd38617c6ce150f6"},"headline":"La 34\u00e8me \u00e9dition des JCC d\u00e9di\u00e9e au cin\u00e9ma tunisien","datePublished":"2023-04-11T09:47:00+00:00","dateModified":"2025-05-20T22:00:53+00:00","mainEntityOfPage":{"@id":"https:\/\/www.webdo.tn\/fr\/actualite\/culture\/la-34eme-edition-des-jcc-dediee-au-cinema-tunisien\/204738\/"},"wordCount":114,"commentCount":0,"publisher":{"@id":"https:\/\/www.webdo.tn\/fr\/#organization"},"image":{"@id":"https:\/\/www.webdo.tn\/fr\/actualite\/culture\/la-34eme-edition-des-jcc-dediee-au-cinema-tunisien\/204738\/#primaryimage"},"thumbnailUrl":"https:\/\/www.webdo.tn\/fr\/wp-content\/uploads\/2023\/04\/d00f5fcdab2494665522f537785f39de.jpg","keywords":["Cin\u00e9ma","JCC"],"articleSection":["Culture"],"inLanguage":"fr-FR"},{"@type":"WebPage","@id":"https:\/\/www.webdo.tn\/fr\/actualite\/culture\/la-34eme-edition-des-jcc-dediee-au-cinema-tunisien\/204738\/","url":"https:\/\/www.webdo.tn\/fr\/actualite\/culture\/la-34eme-edition-des-jcc-dediee-au-cinema-tunisien\/204738\/","name":"La 34\u00e8me \u00e9dition des JCC d\u00e9di\u00e9e au cin\u00e9ma tunisien","isPartOf":{"@id":"https:\/\/www.webdo.tn\/fr\/#website"},"primaryImageOfPage":{"@id":"https:\/\/www.webdo.tn\/fr\/actualite\/culture\/la-34eme-edition-des-jcc-dediee-au-cinema-tunisien\/204738\/#primaryimage"},"image":{"@id":"https:\/\/www.webdo.tn\/fr\/actualite\/culture\/la-34eme-edition-des-jcc-dediee-au-cinema-tunisien\/204738\/#primaryimage"},"thumbnailUrl":"https:\/\/www.webdo.tn\/fr\/wp-content\/uploads\/2023\/04\/d00f5fcdab2494665522f537785f39de.jpg","datePublished":"2023-04-11T09:47:00+00:00","dateModified":"2025-05-20T22:00:53+00:00","description":"La 34\u00e8me \u00e9dition des Journ\u00e9es Cin\u00e9matographiques de Carthage (JCC) sera aux couleurs du cin\u00e9ma tunisien, a annonc\u00e9 la ministre des Affaires culturelles, Hayet G...","breadcrumb":{"@id":"https:\/\/www.webdo.tn\/fr\/actualite\/culture\/la-34eme-edition-des-jcc-dediee-au-cinema-tunisien\/204738\/#breadcrumb"},"inLanguage":"fr-FR","potentialAction":[{"@type":"ReadAction","target":["https:\/\/www.webdo.tn\/fr\/actualite\/culture\/la-34eme-edition-des-jcc-dediee-au-cinema-tunisien\/204738\/"]}]},{"@type":"ImageObject","inLanguage":"fr-FR","@id":"https:\/\/www.webdo.tn\/fr\/actualite\/culture\/la-34eme-edition-des-jcc-dediee-au-cinema-tunisien\/204738\/#primaryimage","url":"https:\/\/www.webdo.tn\/fr\/wp-content\/uploads\/2023\/04\/d00f5fcdab2494665522f537785f39de.jpg","contentUrl":"https:\/\/www.webdo.tn\/fr\/wp-content\/uploads\/2023\/04\/d00f5fcdab2494665522f537785f39de.jpg","width":650,"height":347,"caption":"La 34\u00e8me \u00e9dition des JCC d\u00e9di\u00e9e au cin\u00e9ma tunisien"},{"@type":"BreadcrumbList","@id":"https:\/\/www.webdo.tn\/fr\/actualite\/culture\/la-34eme-edition-des-jcc-dediee-au-cinema-tunisien\/204738\/#breadcrumb","itemListElement":[{"@type":"ListItem","position":1,"name":"Accueil","item":"https:\/\/www.webdo.tn\/fr\/"},{"@type":"ListItem","position":2,"name":"La 34\u00e8me \u00e9dition des JCC d\u00e9di\u00e9e au cin\u00e9ma tunisien"}]},{"@type":"WebSite","@id":"https:\/\/www.webdo.tn\/fr\/#website","url":"https:\/\/www.webdo.tn\/fr\/","name":"webdo","description":"Tunisie - News en Tunisie et \u00e0 l&#039;international sur Webdo.tn","publisher":{"@id":"https:\/\/www.webdo.tn\/fr\/#organization"},"potentialAction":[{"@type":"SearchAction","target":{"@type":"EntryPoint","urlTemplate":"https:\/\/www.webdo.tn\/fr\/?s={search_term_string}"},"query-input":{"@type":"PropertyValueSpecification","valueRequired":true,"valueName":"search_term_string"}}],"inLanguage":"fr-FR"},{"@type":"Organization","@id":"https:\/\/www.webdo.tn\/fr\/#organization","name":"Webdo","alternateName":"Webdo.tn","url":"https:\/\/www.webdo.tn\/fr\/","logo":{"@type":"ImageObject","inLanguage":"fr-FR","@id":"https:\/\/www.webdo.tn\/fr\/#\/schema\/logo\/image\/","url":"https:\/\/www.webdo.tn\/fr\/wp-content\/uploads\/2025\/06\/Webdo-Tunisie_168377.jpg","contentUrl":"https:\/\/www.webdo.tn\/fr\/wp-content\/uploads\/2025\/06\/Webdo-Tunisie_168377.jpg","width":301,"height":301,"caption":"Webdo"},"image":{"@id":"https:\/\/www.webdo.tn\/fr\/#\/schema\/logo\/image\/"},"sameAs":["https:\/\/www.facebook.com\/webdotn","https:\/\/x.com\/webdo_tn"],"description":"Webdo est un m\u00e9dia num\u00e9rique tunisien fond\u00e9 en 2010, sp\u00e9cialis\u00e9 dans l\u2019actualit\u00e9 nationale et internationale, l\u2019\u00e9conomie, la soci\u00e9t\u00e9 et les analyses politiques. Le site s\u2019adresse \u00e0 un large public francophone et couvre l\u2019information tunisienne en temps r\u00e9el.","email":"redac@webdo.tn","legalName":"YNJ SARL","foundingDate":"2010-09-06","numberOfEmployees":{"@type":"QuantitativeValue","minValue":"11","maxValue":"50"}},{"@type":"Person","@id":"https:\/\/www.webdo.tn\/fr\/#\/schema\/person\/2c4929cbf5a809e3bd38617c6ce150f6","name":"MC","image":{"@type":"ImageObject","inLanguage":"fr-FR","@id":"https:\/\/secure.gravatar.com\/avatar\/a545bbb6f84efdd5553dbbc2895e3ca8f1d12c5215e00a041c9670b54aa9b18a?s=96&d=mm&r=g","url":"https:\/\/secure.gravatar.com\/avatar\/a545bbb6f84efdd5553dbbc2895e3ca8f1d12c5215e00a041c9670b54aa9b18a?s=96&d=mm&r=g","contentUrl":"https:\/\/secure.gravatar.com\/avatar\/a545bbb6f84efdd5553dbbc2895e3ca8f1d12c5215e00a041c9670b54aa9b18a?s=96&d=mm&r=g","caption":"MC"},"url":"https:\/\/www.webdo.tn\/fr\/actualite\/author\/mc\/"}]}},"_links":{"self":[{"href":"https:\/\/www.webdo.tn\/fr\/wp-json\/wp\/v2\/posts\/204738","targetHints":{"allow":["GET"]}}],"collection":[{"href":"https:\/\/www.webdo.tn\/fr\/wp-json\/wp\/v2\/posts"}],"about":[{"href":"https:\/\/www.webdo.tn\/fr\/wp-json\/wp\/v2\/types\/post"}],"author":[{"embeddable":true,"href":"https:\/\/www.webdo.tn\/fr\/wp-json\/wp\/v2\/users\/3162"}],"replies":[{"embeddable":true,"href":"https:\/\/www.webdo.tn\/fr\/wp-json\/wp\/v2\/comments?post=204738"}],"version-history":[{"count":0,"href":"https:\/\/www.webdo.tn\/fr\/wp-json\/wp\/v2\/posts\/204738\/revisions"}],"wp:featuredmedia":[{"embeddable":true,"href":"https:\/\/www.webdo.tn\/fr\/wp-json\/wp\/v2\/media\/251470"}],"wp:attachment":[{"href":"https:\/\/www.webdo.tn\/fr\/wp-json\/wp\/v2\/media?parent=204738"}],"wp:term":[{"taxonomy":"category","embeddable":true,"href":"https:\/\/www.webdo.tn\/fr\/wp-json\/wp\/v2\/categories?post=204738"},{"taxonomy":"post_tag","embeddable":true,"href":"https:\/\/www.webdo.tn\/fr\/wp-json\/wp\/v2\/tags?post=204738"}],"curies":[{"name":"wp","href":"https:\/\/api.w.org\/{rel}","templated":true}]}}