{"id":204730,"date":"2023-04-11T08:09:00","date_gmt":"2023-04-11T08:09:00","guid":{"rendered":"https:\/\/www.webdo.tn\/fr\/blog\/les-medias-prives-exclus-de-l-arp-quand-bouderbala-enfonce-le-clou\/204730\/"},"modified":"2025-05-20T22:44:19","modified_gmt":"2025-05-20T22:44:19","slug":"les-medias-prives-exclus-de-l-arp-quand-bouderbala-enfonce-le-clou","status":"publish","type":"post","link":"https:\/\/www.webdo.tn\/fr\/actualite\/national\/les-medias-prives-exclus-de-l-arp-quand-bouderbala-enfonce-le-clou\/204730\/","title":{"rendered":"Les m\u00e9dias priv\u00e9s exclus de l\u2019ARP : Quand Bouderbala enfonce le clou !"},"content":{"rendered":"<p>Le chef de l\u2019Assembl\u00e9e des repr\u00e9sentants du peuple (ARP) Brahim Bouderbala s\u2019est exprim\u00e9 ce mardi 11 avril 2023 sur l\u2019interdiction des m\u00e9dias priv\u00e9s d\u2019acc\u00e9der au parlement \u00e0 l\u2019occasion de la pl\u00e9ni\u00e8re consacr\u00e9e \u00e0 l\u2019examen du r\u00e8glement int\u00e9rieur.<\/p>\n<p>\t\t\t\t\t\t\t\t\tS\u2019exprimant sur les ondes de Shems FM, Bouderbala a assur\u00e9 qu\u2019il a, avec ses vice-pr\u00e9sidents, pris la d\u00e9cision d\u2019interdire les m\u00e9dias priv\u00e9s et \u00e9trangers de couvrir les travaux de cette pl\u00e9ni\u00e8re. \u00ab Oui j\u2019ai pris cette d\u00e9cision, apr\u00e8s l\u2019adoption du r\u00e8glement int\u00e9rieur, les m\u00e9dias seront appel\u00e9s \u00e0 d\u00e9signer les journalistes pour couvrir les diff\u00e9rentes pl\u00e9ni\u00e8res \u00bb, a-t-il dit.\u00a0<\/p>\n<p>Interrog\u00e9 au sujet des m\u00e9dias publics autoris\u00e9s, il a estim\u00e9 que l\u2019ARP a d\u00e9j\u00e0 \u00ab nou\u00e9 des relations avec ces organes de presse \u00bb.\u00a0<\/p>\n<p>Le Syndicat national des journalistes tunisiens (SNJT) a appel\u00e9 au \u00ab\u00a0boycott\u00a0\u00bb des travaux de la pl\u00e9ni\u00e8re de l&rsquo;Assembl\u00e9e des repr\u00e9sentants du peuple (ARP) consacr\u00e9e \u00e0 l&rsquo;examen du r\u00e8glement int\u00e9rieur du parlement.<\/p>\n","protected":false},"excerpt":{"rendered":"<p>Le chef de l\u2019Assembl\u00e9e des repr\u00e9sentants du peuple (ARP) Brahim Bouderbala s\u2019est exprim\u00e9 ce mardi 11 avril 2023 sur l\u2019interdiction des m\u00e9dias priv\u00e9s d\u2019acc\u00e9der a&#8230;<\/p>\n","protected":false},"author":3175,"featured_media":251466,"comment_status":"open","ping_status":"closed","sticky":false,"template":"","format":"standard","meta":{"footnotes":""},"categories":[44],"tags":[2813,2608],"class_list":["post-204730","post","type-post","status-publish","format-standard","has-post-thumbnail","hentry","category-national","tag-arp","tag-tunisie"],"yoast_head":"<!-- This site is optimized with the Yoast SEO Premium plugin v27.4 (Yoast SEO v27.4) - https:\/\/yoast.com\/product\/yoast-seo-premium-wordpress\/ -->\n<title>Les m\u00e9dias priv\u00e9s exclus de l\u2019ARP : Quand Bouderbala enfonce le clou !<\/title>\n<meta name=\"description\" content=\"Le chef de l\u2019Assembl\u00e9e des repr\u00e9sentants du peuple (ARP) Brahim Bouderbala s\u2019est exprim\u00e9 ce mardi 11 avril 2023 sur l\u2019interdiction des m\u00e9dias priv\u00e9s d\u2019acc\u00e9der a...\" \/>\n<link rel=\"canonical\" href=\"https:\/\/www.webdo.tn\/fr\/actualite\/national\/les-medias-prives-exclus-de-l-arp-quand-bouderbala-enfonce-le-clou\/204730\/\" \/>\n<meta property=\"og:locale\" content=\"fr_FR\" \/>\n<meta property=\"og:type\" content=\"article\" \/>\n<meta property=\"og:title\" content=\"Les m\u00e9dias priv\u00e9s exclus de l\u2019ARP : Quand Bouderbala enfonce le clou !\" \/>\n<meta property=\"og:description\" content=\"Le chef de l\u2019Assembl\u00e9e des repr\u00e9sentants du peuple (ARP) Brahim Bouderbala s\u2019est exprim\u00e9 ce mardi 11 avril 2023 sur l\u2019interdiction des m\u00e9dias priv\u00e9s d\u2019acc\u00e9der a...\" \/>\n<meta property=\"og:url\" content=\"https:\/\/www.webdo.tn\/fr\/actualite\/national\/les-medias-prives-exclus-de-l-arp-quand-bouderbala-enfonce-le-clou\/204730\/\" \/>\n<meta property=\"og:site_name\" content=\"webdo\" \/>\n<meta property=\"article:publisher\" content=\"https:\/\/www.facebook.com\/webdotn\" \/>\n<meta property=\"article:published_time\" content=\"2023-04-11T08:09:00+00:00\" \/>\n<meta property=\"article:modified_time\" content=\"2025-05-20T22:44:19+00:00\" \/>\n<meta property=\"og:image\" content=\"https:\/\/www.webdo.tn\/fr\/wp-content\/uploads\/2023\/04\/5711dbf347000bb557cd35f8b5160d6f.jpg\" \/>\n\t<meta property=\"og:image:width\" content=\"750\" \/>\n\t<meta property=\"og:image:height\" content=\"400\" \/>\n\t<meta property=\"og:image:type\" content=\"image\/jpeg\" \/>\n<meta name=\"author\" content=\"CL\" \/>\n<meta name=\"twitter:card\" content=\"summary_large_image\" \/>\n<meta name=\"twitter:creator\" content=\"@webdo_tn\" \/>\n<meta name=\"twitter:site\" content=\"@webdo_tn\" \/>\n<meta name=\"twitter:label1\" content=\"\u00c9crit par\" \/>\n\t<meta name=\"twitter:data1\" content=\"CL\" \/>\n\t<meta name=\"twitter:label2\" content=\"Dur\u00e9e de lecture estim\u00e9e\" \/>\n\t<meta name=\"twitter:data2\" content=\"1 minute\" \/>\n<script type=\"application\/ld+json\" class=\"yoast-schema-graph\">{\"@context\":\"https:\\\/\\\/schema.org\",\"@graph\":[{\"@type\":\"NewsArticle\",\"@id\":\"https:\\\/\\\/www.webdo.tn\\\/fr\\\/actualite\\\/national\\\/les-medias-prives-exclus-de-l-arp-quand-bouderbala-enfonce-le-clou\\\/204730\\\/#article\",\"isPartOf\":{\"@id\":\"https:\\\/\\\/www.webdo.tn\\\/fr\\\/actualite\\\/national\\\/les-medias-prives-exclus-de-l-arp-quand-bouderbala-enfonce-le-clou\\\/204730\\\/\"},\"author\":{\"name\":\"CL\",\"@id\":\"https:\\\/\\\/www.webdo.tn\\\/fr\\\/#\\\/schema\\\/person\\\/f35b42a42c5e2511bbd282959d6385cc\"},\"headline\":\"Les m\u00e9dias priv\u00e9s exclus de l\u2019ARP : Quand Bouderbala enfonce le clou !\",\"datePublished\":\"2023-04-11T08:09:00+00:00\",\"dateModified\":\"2025-05-20T22:44:19+00:00\",\"mainEntityOfPage\":{\"@id\":\"https:\\\/\\\/www.webdo.tn\\\/fr\\\/actualite\\\/national\\\/les-medias-prives-exclus-de-l-arp-quand-bouderbala-enfonce-le-clou\\\/204730\\\/\"},\"wordCount\":204,\"commentCount\":0,\"publisher\":{\"@id\":\"https:\\\/\\\/www.webdo.tn\\\/fr\\\/#organization\"},\"image\":{\"@id\":\"https:\\\/\\\/www.webdo.tn\\\/fr\\\/actualite\\\/national\\\/les-medias-prives-exclus-de-l-arp-quand-bouderbala-enfonce-le-clou\\\/204730\\\/#primaryimage\"},\"thumbnailUrl\":\"https:\\\/\\\/www.webdo.tn\\\/fr\\\/wp-content\\\/uploads\\\/2023\\\/04\\\/5711dbf347000bb557cd35f8b5160d6f.jpg\",\"keywords\":[\"ARP\",\"Tunisie\"],\"articleSection\":[\"National\"],\"inLanguage\":\"fr-FR\"},{\"@type\":\"WebPage\",\"@id\":\"https:\\\/\\\/www.webdo.tn\\\/fr\\\/actualite\\\/national\\\/les-medias-prives-exclus-de-l-arp-quand-bouderbala-enfonce-le-clou\\\/204730\\\/\",\"url\":\"https:\\\/\\\/www.webdo.tn\\\/fr\\\/actualite\\\/national\\\/les-medias-prives-exclus-de-l-arp-quand-bouderbala-enfonce-le-clou\\\/204730\\\/\",\"name\":\"Les m\u00e9dias priv\u00e9s exclus de l\u2019ARP : Quand Bouderbala enfonce le clou !\",\"isPartOf\":{\"@id\":\"https:\\\/\\\/www.webdo.tn\\\/fr\\\/#website\"},\"primaryImageOfPage\":{\"@id\":\"https:\\\/\\\/www.webdo.tn\\\/fr\\\/actualite\\\/national\\\/les-medias-prives-exclus-de-l-arp-quand-bouderbala-enfonce-le-clou\\\/204730\\\/#primaryimage\"},\"image\":{\"@id\":\"https:\\\/\\\/www.webdo.tn\\\/fr\\\/actualite\\\/national\\\/les-medias-prives-exclus-de-l-arp-quand-bouderbala-enfonce-le-clou\\\/204730\\\/#primaryimage\"},\"thumbnailUrl\":\"https:\\\/\\\/www.webdo.tn\\\/fr\\\/wp-content\\\/uploads\\\/2023\\\/04\\\/5711dbf347000bb557cd35f8b5160d6f.jpg\",\"datePublished\":\"2023-04-11T08:09:00+00:00\",\"dateModified\":\"2025-05-20T22:44:19+00:00\",\"description\":\"Le chef de l\u2019Assembl\u00e9e des repr\u00e9sentants du peuple (ARP) Brahim Bouderbala s\u2019est exprim\u00e9 ce mardi 11 avril 2023 sur l\u2019interdiction des m\u00e9dias priv\u00e9s d\u2019acc\u00e9der a...\",\"breadcrumb\":{\"@id\":\"https:\\\/\\\/www.webdo.tn\\\/fr\\\/actualite\\\/national\\\/les-medias-prives-exclus-de-l-arp-quand-bouderbala-enfonce-le-clou\\\/204730\\\/#breadcrumb\"},\"inLanguage\":\"fr-FR\",\"potentialAction\":[{\"@type\":\"ReadAction\",\"target\":[\"https:\\\/\\\/www.webdo.tn\\\/fr\\\/actualite\\\/national\\\/les-medias-prives-exclus-de-l-arp-quand-bouderbala-enfonce-le-clou\\\/204730\\\/\"]}]},{\"@type\":\"ImageObject\",\"inLanguage\":\"fr-FR\",\"@id\":\"https:\\\/\\\/www.webdo.tn\\\/fr\\\/actualite\\\/national\\\/les-medias-prives-exclus-de-l-arp-quand-bouderbala-enfonce-le-clou\\\/204730\\\/#primaryimage\",\"url\":\"https:\\\/\\\/www.webdo.tn\\\/fr\\\/wp-content\\\/uploads\\\/2023\\\/04\\\/5711dbf347000bb557cd35f8b5160d6f.jpg\",\"contentUrl\":\"https:\\\/\\\/www.webdo.tn\\\/fr\\\/wp-content\\\/uploads\\\/2023\\\/04\\\/5711dbf347000bb557cd35f8b5160d6f.jpg\",\"width\":750,\"height\":400,\"caption\":\"Brahim Bouderbala\"},{\"@type\":\"BreadcrumbList\",\"@id\":\"https:\\\/\\\/www.webdo.tn\\\/fr\\\/actualite\\\/national\\\/les-medias-prives-exclus-de-l-arp-quand-bouderbala-enfonce-le-clou\\\/204730\\\/#breadcrumb\",\"itemListElement\":[{\"@type\":\"ListItem\",\"position\":1,\"name\":\"Accueil\",\"item\":\"https:\\\/\\\/www.webdo.tn\\\/fr\\\/\"},{\"@type\":\"ListItem\",\"position\":2,\"name\":\"Les m\u00e9dias priv\u00e9s exclus de l\u2019ARP : Quand Bouderbala enfonce le clou !\"}]},{\"@type\":\"WebSite\",\"@id\":\"https:\\\/\\\/www.webdo.tn\\\/fr\\\/#website\",\"url\":\"https:\\\/\\\/www.webdo.tn\\\/fr\\\/\",\"name\":\"webdo\",\"description\":\"Tunisie - News en Tunisie et \u00e0 l&#039;international sur Webdo.tn\",\"publisher\":{\"@id\":\"https:\\\/\\\/www.webdo.tn\\\/fr\\\/#organization\"},\"potentialAction\":[{\"@type\":\"SearchAction\",\"target\":{\"@type\":\"EntryPoint\",\"urlTemplate\":\"https:\\\/\\\/www.webdo.tn\\\/fr\\\/?s={search_term_string}\"},\"query-input\":{\"@type\":\"PropertyValueSpecification\",\"valueRequired\":true,\"valueName\":\"search_term_string\"}}],\"inLanguage\":\"fr-FR\"},{\"@type\":\"Organization\",\"@id\":\"https:\\\/\\\/www.webdo.tn\\\/fr\\\/#organization\",\"name\":\"Webdo\",\"alternateName\":\"Webdo.tn\",\"url\":\"https:\\\/\\\/www.webdo.tn\\\/fr\\\/\",\"logo\":{\"@type\":\"ImageObject\",\"inLanguage\":\"fr-FR\",\"@id\":\"https:\\\/\\\/www.webdo.tn\\\/fr\\\/#\\\/schema\\\/logo\\\/image\\\/\",\"url\":\"https:\\\/\\\/www.webdo.tn\\\/fr\\\/wp-content\\\/uploads\\\/2025\\\/06\\\/Webdo-Tunisie_168377.jpg\",\"contentUrl\":\"https:\\\/\\\/www.webdo.tn\\\/fr\\\/wp-content\\\/uploads\\\/2025\\\/06\\\/Webdo-Tunisie_168377.jpg\",\"width\":301,\"height\":301,\"caption\":\"Webdo\"},\"image\":{\"@id\":\"https:\\\/\\\/www.webdo.tn\\\/fr\\\/#\\\/schema\\\/logo\\\/image\\\/\"},\"sameAs\":[\"https:\\\/\\\/www.facebook.com\\\/webdotn\",\"https:\\\/\\\/x.com\\\/webdo_tn\"],\"description\":\"Webdo est un m\u00e9dia num\u00e9rique tunisien fond\u00e9 en 2010, sp\u00e9cialis\u00e9 dans l\u2019actualit\u00e9 nationale et internationale, l\u2019\u00e9conomie, la soci\u00e9t\u00e9 et les analyses politiques. Le site s\u2019adresse \u00e0 un large public francophone et couvre l\u2019information tunisienne en temps r\u00e9el.\",\"email\":\"redac@webdo.tn\",\"legalName\":\"YNJ SARL\",\"foundingDate\":\"2010-09-06\",\"numberOfEmployees\":{\"@type\":\"QuantitativeValue\",\"minValue\":\"11\",\"maxValue\":\"50\"}},{\"@type\":\"Person\",\"@id\":\"https:\\\/\\\/www.webdo.tn\\\/fr\\\/#\\\/schema\\\/person\\\/f35b42a42c5e2511bbd282959d6385cc\",\"name\":\"CL\",\"image\":{\"@type\":\"ImageObject\",\"inLanguage\":\"fr-FR\",\"@id\":\"https:\\\/\\\/secure.gravatar.com\\\/avatar\\\/1447a49909b67aa657c488aec6512e1dd6143a480c1ecfee9b5b5cd74eb3b59e?s=96&d=mm&r=g\",\"url\":\"https:\\\/\\\/secure.gravatar.com\\\/avatar\\\/1447a49909b67aa657c488aec6512e1dd6143a480c1ecfee9b5b5cd74eb3b59e?s=96&d=mm&r=g\",\"contentUrl\":\"https:\\\/\\\/secure.gravatar.com\\\/avatar\\\/1447a49909b67aa657c488aec6512e1dd6143a480c1ecfee9b5b5cd74eb3b59e?s=96&d=mm&r=g\",\"caption\":\"CL\"},\"url\":\"https:\\\/\\\/www.webdo.tn\\\/fr\\\/actualite\\\/author\\\/cl\\\/\"}]}<\/script>\n<!-- \/ Yoast SEO Premium plugin. -->","yoast_head_json":{"title":"Les m\u00e9dias priv\u00e9s exclus de l\u2019ARP : Quand Bouderbala enfonce le clou !","description":"Le chef de l\u2019Assembl\u00e9e des repr\u00e9sentants du peuple (ARP) Brahim Bouderbala s\u2019est exprim\u00e9 ce mardi 11 avril 2023 sur l\u2019interdiction des m\u00e9dias priv\u00e9s d\u2019acc\u00e9der a...","canonical":"https:\/\/www.webdo.tn\/fr\/actualite\/national\/les-medias-prives-exclus-de-l-arp-quand-bouderbala-enfonce-le-clou\/204730\/","og_locale":"fr_FR","og_type":"article","og_title":"Les m\u00e9dias priv\u00e9s exclus de l\u2019ARP : Quand Bouderbala enfonce le clou !","og_description":"Le chef de l\u2019Assembl\u00e9e des repr\u00e9sentants du peuple (ARP) Brahim Bouderbala s\u2019est exprim\u00e9 ce mardi 11 avril 2023 sur l\u2019interdiction des m\u00e9dias priv\u00e9s d\u2019acc\u00e9der a...","og_url":"https:\/\/www.webdo.tn\/fr\/actualite\/national\/les-medias-prives-exclus-de-l-arp-quand-bouderbala-enfonce-le-clou\/204730\/","og_site_name":"webdo","article_publisher":"https:\/\/www.facebook.com\/webdotn","article_published_time":"2023-04-11T08:09:00+00:00","article_modified_time":"2025-05-20T22:44:19+00:00","og_image":[{"width":750,"height":400,"url":"https:\/\/www.webdo.tn\/fr\/wp-content\/uploads\/2023\/04\/5711dbf347000bb557cd35f8b5160d6f.jpg","type":"image\/jpeg"}],"author":"CL","twitter_card":"summary_large_image","twitter_creator":"@webdo_tn","twitter_site":"@webdo_tn","twitter_misc":{"\u00c9crit par":"CL","Dur\u00e9e de lecture estim\u00e9e":"1 minute"},"schema":{"@context":"https:\/\/schema.org","@graph":[{"@type":"NewsArticle","@id":"https:\/\/www.webdo.tn\/fr\/actualite\/national\/les-medias-prives-exclus-de-l-arp-quand-bouderbala-enfonce-le-clou\/204730\/#article","isPartOf":{"@id":"https:\/\/www.webdo.tn\/fr\/actualite\/national\/les-medias-prives-exclus-de-l-arp-quand-bouderbala-enfonce-le-clou\/204730\/"},"author":{"name":"CL","@id":"https:\/\/www.webdo.tn\/fr\/#\/schema\/person\/f35b42a42c5e2511bbd282959d6385cc"},"headline":"Les m\u00e9dias priv\u00e9s exclus de l\u2019ARP : Quand Bouderbala enfonce le clou !","datePublished":"2023-04-11T08:09:00+00:00","dateModified":"2025-05-20T22:44:19+00:00","mainEntityOfPage":{"@id":"https:\/\/www.webdo.tn\/fr\/actualite\/national\/les-medias-prives-exclus-de-l-arp-quand-bouderbala-enfonce-le-clou\/204730\/"},"wordCount":204,"commentCount":0,"publisher":{"@id":"https:\/\/www.webdo.tn\/fr\/#organization"},"image":{"@id":"https:\/\/www.webdo.tn\/fr\/actualite\/national\/les-medias-prives-exclus-de-l-arp-quand-bouderbala-enfonce-le-clou\/204730\/#primaryimage"},"thumbnailUrl":"https:\/\/www.webdo.tn\/fr\/wp-content\/uploads\/2023\/04\/5711dbf347000bb557cd35f8b5160d6f.jpg","keywords":["ARP","Tunisie"],"articleSection":["National"],"inLanguage":"fr-FR"},{"@type":"WebPage","@id":"https:\/\/www.webdo.tn\/fr\/actualite\/national\/les-medias-prives-exclus-de-l-arp-quand-bouderbala-enfonce-le-clou\/204730\/","url":"https:\/\/www.webdo.tn\/fr\/actualite\/national\/les-medias-prives-exclus-de-l-arp-quand-bouderbala-enfonce-le-clou\/204730\/","name":"Les m\u00e9dias priv\u00e9s exclus de l\u2019ARP : Quand Bouderbala enfonce le clou !","isPartOf":{"@id":"https:\/\/www.webdo.tn\/fr\/#website"},"primaryImageOfPage":{"@id":"https:\/\/www.webdo.tn\/fr\/actualite\/national\/les-medias-prives-exclus-de-l-arp-quand-bouderbala-enfonce-le-clou\/204730\/#primaryimage"},"image":{"@id":"https:\/\/www.webdo.tn\/fr\/actualite\/national\/les-medias-prives-exclus-de-l-arp-quand-bouderbala-enfonce-le-clou\/204730\/#primaryimage"},"thumbnailUrl":"https:\/\/www.webdo.tn\/fr\/wp-content\/uploads\/2023\/04\/5711dbf347000bb557cd35f8b5160d6f.jpg","datePublished":"2023-04-11T08:09:00+00:00","dateModified":"2025-05-20T22:44:19+00:00","description":"Le chef de l\u2019Assembl\u00e9e des repr\u00e9sentants du peuple (ARP) Brahim Bouderbala s\u2019est exprim\u00e9 ce mardi 11 avril 2023 sur l\u2019interdiction des m\u00e9dias priv\u00e9s d\u2019acc\u00e9der a...","breadcrumb":{"@id":"https:\/\/www.webdo.tn\/fr\/actualite\/national\/les-medias-prives-exclus-de-l-arp-quand-bouderbala-enfonce-le-clou\/204730\/#breadcrumb"},"inLanguage":"fr-FR","potentialAction":[{"@type":"ReadAction","target":["https:\/\/www.webdo.tn\/fr\/actualite\/national\/les-medias-prives-exclus-de-l-arp-quand-bouderbala-enfonce-le-clou\/204730\/"]}]},{"@type":"ImageObject","inLanguage":"fr-FR","@id":"https:\/\/www.webdo.tn\/fr\/actualite\/national\/les-medias-prives-exclus-de-l-arp-quand-bouderbala-enfonce-le-clou\/204730\/#primaryimage","url":"https:\/\/www.webdo.tn\/fr\/wp-content\/uploads\/2023\/04\/5711dbf347000bb557cd35f8b5160d6f.jpg","contentUrl":"https:\/\/www.webdo.tn\/fr\/wp-content\/uploads\/2023\/04\/5711dbf347000bb557cd35f8b5160d6f.jpg","width":750,"height":400,"caption":"Brahim Bouderbala"},{"@type":"BreadcrumbList","@id":"https:\/\/www.webdo.tn\/fr\/actualite\/national\/les-medias-prives-exclus-de-l-arp-quand-bouderbala-enfonce-le-clou\/204730\/#breadcrumb","itemListElement":[{"@type":"ListItem","position":1,"name":"Accueil","item":"https:\/\/www.webdo.tn\/fr\/"},{"@type":"ListItem","position":2,"name":"Les m\u00e9dias priv\u00e9s exclus de l\u2019ARP : Quand Bouderbala enfonce le clou !"}]},{"@type":"WebSite","@id":"https:\/\/www.webdo.tn\/fr\/#website","url":"https:\/\/www.webdo.tn\/fr\/","name":"webdo","description":"Tunisie - News en Tunisie et \u00e0 l&#039;international sur Webdo.tn","publisher":{"@id":"https:\/\/www.webdo.tn\/fr\/#organization"},"potentialAction":[{"@type":"SearchAction","target":{"@type":"EntryPoint","urlTemplate":"https:\/\/www.webdo.tn\/fr\/?s={search_term_string}"},"query-input":{"@type":"PropertyValueSpecification","valueRequired":true,"valueName":"search_term_string"}}],"inLanguage":"fr-FR"},{"@type":"Organization","@id":"https:\/\/www.webdo.tn\/fr\/#organization","name":"Webdo","alternateName":"Webdo.tn","url":"https:\/\/www.webdo.tn\/fr\/","logo":{"@type":"ImageObject","inLanguage":"fr-FR","@id":"https:\/\/www.webdo.tn\/fr\/#\/schema\/logo\/image\/","url":"https:\/\/www.webdo.tn\/fr\/wp-content\/uploads\/2025\/06\/Webdo-Tunisie_168377.jpg","contentUrl":"https:\/\/www.webdo.tn\/fr\/wp-content\/uploads\/2025\/06\/Webdo-Tunisie_168377.jpg","width":301,"height":301,"caption":"Webdo"},"image":{"@id":"https:\/\/www.webdo.tn\/fr\/#\/schema\/logo\/image\/"},"sameAs":["https:\/\/www.facebook.com\/webdotn","https:\/\/x.com\/webdo_tn"],"description":"Webdo est un m\u00e9dia num\u00e9rique tunisien fond\u00e9 en 2010, sp\u00e9cialis\u00e9 dans l\u2019actualit\u00e9 nationale et internationale, l\u2019\u00e9conomie, la soci\u00e9t\u00e9 et les analyses politiques. Le site s\u2019adresse \u00e0 un large public francophone et couvre l\u2019information tunisienne en temps r\u00e9el.","email":"redac@webdo.tn","legalName":"YNJ SARL","foundingDate":"2010-09-06","numberOfEmployees":{"@type":"QuantitativeValue","minValue":"11","maxValue":"50"}},{"@type":"Person","@id":"https:\/\/www.webdo.tn\/fr\/#\/schema\/person\/f35b42a42c5e2511bbd282959d6385cc","name":"CL","image":{"@type":"ImageObject","inLanguage":"fr-FR","@id":"https:\/\/secure.gravatar.com\/avatar\/1447a49909b67aa657c488aec6512e1dd6143a480c1ecfee9b5b5cd74eb3b59e?s=96&d=mm&r=g","url":"https:\/\/secure.gravatar.com\/avatar\/1447a49909b67aa657c488aec6512e1dd6143a480c1ecfee9b5b5cd74eb3b59e?s=96&d=mm&r=g","contentUrl":"https:\/\/secure.gravatar.com\/avatar\/1447a49909b67aa657c488aec6512e1dd6143a480c1ecfee9b5b5cd74eb3b59e?s=96&d=mm&r=g","caption":"CL"},"url":"https:\/\/www.webdo.tn\/fr\/actualite\/author\/cl\/"}]}},"_links":{"self":[{"href":"https:\/\/www.webdo.tn\/fr\/wp-json\/wp\/v2\/posts\/204730","targetHints":{"allow":["GET"]}}],"collection":[{"href":"https:\/\/www.webdo.tn\/fr\/wp-json\/wp\/v2\/posts"}],"about":[{"href":"https:\/\/www.webdo.tn\/fr\/wp-json\/wp\/v2\/types\/post"}],"author":[{"embeddable":true,"href":"https:\/\/www.webdo.tn\/fr\/wp-json\/wp\/v2\/users\/3175"}],"replies":[{"embeddable":true,"href":"https:\/\/www.webdo.tn\/fr\/wp-json\/wp\/v2\/comments?post=204730"}],"version-history":[{"count":0,"href":"https:\/\/www.webdo.tn\/fr\/wp-json\/wp\/v2\/posts\/204730\/revisions"}],"wp:featuredmedia":[{"embeddable":true,"href":"https:\/\/www.webdo.tn\/fr\/wp-json\/wp\/v2\/media\/251466"}],"wp:attachment":[{"href":"https:\/\/www.webdo.tn\/fr\/wp-json\/wp\/v2\/media?parent=204730"}],"wp:term":[{"taxonomy":"category","embeddable":true,"href":"https:\/\/www.webdo.tn\/fr\/wp-json\/wp\/v2\/categories?post=204730"},{"taxonomy":"post_tag","embeddable":true,"href":"https:\/\/www.webdo.tn\/fr\/wp-json\/wp\/v2\/tags?post=204730"}],"curies":[{"name":"wp","href":"https:\/\/api.w.org\/{rel}","templated":true}]}}