{"id":204728,"date":"2023-04-11T07:23:00","date_gmt":"2023-04-11T07:23:00","guid":{"rendered":"https:\/\/www.webdo.tn\/fr\/blog\/le-fmi-s-engage-a-fixer-une-nouvelle-date-pour-etudier-le-dossier-tunisien\/204728\/"},"modified":"2025-05-20T22:44:18","modified_gmt":"2025-05-20T22:44:18","slug":"le-fmi-s-engage-a-fixer-une-nouvelle-date-pour-etudier-le-dossier-tunisien","status":"publish","type":"post","link":"https:\/\/www.webdo.tn\/fr\/actualite\/national\/le-fmi-s-engage-a-fixer-une-nouvelle-date-pour-etudier-le-dossier-tunisien\/204728\/","title":{"rendered":"Le FMI s\u2019engage \u00e0 fixer une nouvelle date pour \u00e9tudier le dossier tunisien"},"content":{"rendered":"<p>Le Fonds mon\u00e9taire international (FMI) fixera une nouvelle date pour \u00e9tudier le dossier de la Tunisie par son conseil d&rsquo;administration et ce, en concertation avec les autorit\u00e9s tunisiennes, c&rsquo;est ce qu&rsquo;a d\u00e9clar\u00e9 la porte-parole du FMI Wafa Amr lundi \u00e0 Washington.<\/p>\n<p>\t\t\t\t\t\t\t\t\tDans une d\u00e9claration \u00e0 l&rsquo;agence TAP en marge des r\u00e9unions de printemps 2023 du FMI et du groupe de la Banque Mondiale qui se d\u00e9roulent \u00e0 Washington du 10 au 16 avril courant, elle a ajout\u00e9 que\u00a0\u00bb le Fonds reste engag\u00e9 envers la Tunisie lors des r\u00e9unions de printemps\u00a0\u00bb.\u00a0<\/p>\n<p>Elle a, par ailleurs pr\u00e9cis\u00e9 que les autorit\u00e9s tunisiennes ont enregistr\u00e9 une avanc\u00e9e dans l&rsquo;ex\u00e9cution du programme de r\u00e9forme \u00e9conomique mis en place r\u00e9it\u00e9rant que la r\u00e9ussite du programme de r\u00e9formes n\u00e9cessite l&rsquo;adh\u00e9sion des diff\u00e9rentes parties actives dans le pays ainsi que le soutien des partenaires de d\u00e9veloppement.<\/p>\n<p>Le Fonds mon\u00e9taire international avait retir\u00e9 le dossier de la Tunisie de l&rsquo;ordre du jour des r\u00e9unions de son conseil d&rsquo;administration pr\u00e9vues le 14 d\u00e9cembre 2022, ce qui a retard\u00e9 son obtention des fonds n\u00e9cessaires au financement de son budget, malgr\u00e9 un accord au niveau des services du FMI avec la Tunisie pour b\u00e9n\u00e9ficier d&rsquo;un m\u00e9canisme \u00e9largi de cr\u00e9dit de pr\u00e8s de 1,9 milliard de dollars.<\/p>\n","protected":false},"excerpt":{"rendered":"<p>Le Fonds mon\u00e9taire international (FMI) fixera une nouvelle date pour \u00e9tudier le dossier de la Tunisie par son conseil d&rsquo;administration et ce, en concertation av&#8230;<\/p>\n","protected":false},"author":3175,"featured_media":251465,"comment_status":"open","ping_status":"closed","sticky":false,"template":"","format":"standard","meta":{"footnotes":""},"categories":[44],"tags":[4233,2608],"class_list":["post-204728","post","type-post","status-publish","format-standard","has-post-thumbnail","hentry","category-national","tag-fmi","tag-tunisie"],"yoast_head":"<!-- This site is optimized with the Yoast SEO Premium plugin v27.4 (Yoast SEO v27.4) - https:\/\/yoast.com\/product\/yoast-seo-premium-wordpress\/ -->\n<title>Le FMI s\u2019engage \u00e0 fixer une nouvelle date pour \u00e9tudier le dossier tunisien<\/title>\n<meta name=\"description\" content=\"Le Fonds mon\u00e9taire international (FMI) fixera une nouvelle date pour \u00e9tudier le dossier de la Tunisie par son conseil d&#039;administration et ce, en concertation av...\" \/>\n<link rel=\"canonical\" href=\"https:\/\/www.webdo.tn\/fr\/actualite\/national\/le-fmi-s-engage-a-fixer-une-nouvelle-date-pour-etudier-le-dossier-tunisien\/204728\/\" \/>\n<meta property=\"og:locale\" content=\"fr_FR\" \/>\n<meta property=\"og:type\" content=\"article\" \/>\n<meta property=\"og:title\" content=\"Le FMI s\u2019engage \u00e0 fixer une nouvelle date pour \u00e9tudier le dossier tunisien\" \/>\n<meta property=\"og:description\" content=\"Le Fonds mon\u00e9taire international (FMI) fixera une nouvelle date pour \u00e9tudier le dossier de la Tunisie par son conseil d&#039;administration et ce, en concertation av...\" \/>\n<meta property=\"og:url\" content=\"https:\/\/www.webdo.tn\/fr\/actualite\/national\/le-fmi-s-engage-a-fixer-une-nouvelle-date-pour-etudier-le-dossier-tunisien\/204728\/\" \/>\n<meta property=\"og:site_name\" content=\"webdo\" \/>\n<meta property=\"article:publisher\" content=\"https:\/\/www.facebook.com\/webdotn\" \/>\n<meta property=\"article:published_time\" content=\"2023-04-11T07:23:00+00:00\" \/>\n<meta property=\"article:modified_time\" content=\"2025-05-20T22:44:18+00:00\" \/>\n<meta property=\"og:image\" content=\"https:\/\/www.webdo.tn\/fr\/wp-content\/uploads\/2023\/04\/60905ab5bf3782758b5cf5d3ad011168.jpg\" \/>\n\t<meta property=\"og:image:width\" content=\"680\" \/>\n\t<meta property=\"og:image:height\" content=\"363\" \/>\n\t<meta property=\"og:image:type\" content=\"image\/jpeg\" \/>\n<meta name=\"author\" content=\"CL\" \/>\n<meta name=\"twitter:card\" content=\"summary_large_image\" \/>\n<meta name=\"twitter:creator\" content=\"@webdo_tn\" \/>\n<meta name=\"twitter:site\" content=\"@webdo_tn\" \/>\n<meta name=\"twitter:label1\" content=\"\u00c9crit par\" \/>\n\t<meta name=\"twitter:data1\" content=\"CL\" \/>\n\t<meta name=\"twitter:label2\" content=\"Dur\u00e9e de lecture estim\u00e9e\" \/>\n\t<meta name=\"twitter:data2\" content=\"1 minute\" \/>\n<script type=\"application\/ld+json\" class=\"yoast-schema-graph\">{\"@context\":\"https:\\\/\\\/schema.org\",\"@graph\":[{\"@type\":\"NewsArticle\",\"@id\":\"https:\\\/\\\/www.webdo.tn\\\/fr\\\/actualite\\\/national\\\/le-fmi-s-engage-a-fixer-une-nouvelle-date-pour-etudier-le-dossier-tunisien\\\/204728\\\/#article\",\"isPartOf\":{\"@id\":\"https:\\\/\\\/www.webdo.tn\\\/fr\\\/actualite\\\/national\\\/le-fmi-s-engage-a-fixer-une-nouvelle-date-pour-etudier-le-dossier-tunisien\\\/204728\\\/\"},\"author\":{\"name\":\"CL\",\"@id\":\"https:\\\/\\\/www.webdo.tn\\\/fr\\\/#\\\/schema\\\/person\\\/f35b42a42c5e2511bbd282959d6385cc\"},\"headline\":\"Le FMI s\u2019engage \u00e0 fixer une nouvelle date pour \u00e9tudier le dossier tunisien\",\"datePublished\":\"2023-04-11T07:23:00+00:00\",\"dateModified\":\"2025-05-20T22:44:18+00:00\",\"mainEntityOfPage\":{\"@id\":\"https:\\\/\\\/www.webdo.tn\\\/fr\\\/actualite\\\/national\\\/le-fmi-s-engage-a-fixer-une-nouvelle-date-pour-etudier-le-dossier-tunisien\\\/204728\\\/\"},\"wordCount\":247,\"commentCount\":0,\"publisher\":{\"@id\":\"https:\\\/\\\/www.webdo.tn\\\/fr\\\/#organization\"},\"image\":{\"@id\":\"https:\\\/\\\/www.webdo.tn\\\/fr\\\/actualite\\\/national\\\/le-fmi-s-engage-a-fixer-une-nouvelle-date-pour-etudier-le-dossier-tunisien\\\/204728\\\/#primaryimage\"},\"thumbnailUrl\":\"https:\\\/\\\/www.webdo.tn\\\/fr\\\/wp-content\\\/uploads\\\/2023\\\/04\\\/60905ab5bf3782758b5cf5d3ad011168.jpg\",\"keywords\":[\"FMI\",\"Tunisie\"],\"articleSection\":[\"National\"],\"inLanguage\":\"fr-FR\"},{\"@type\":\"WebPage\",\"@id\":\"https:\\\/\\\/www.webdo.tn\\\/fr\\\/actualite\\\/national\\\/le-fmi-s-engage-a-fixer-une-nouvelle-date-pour-etudier-le-dossier-tunisien\\\/204728\\\/\",\"url\":\"https:\\\/\\\/www.webdo.tn\\\/fr\\\/actualite\\\/national\\\/le-fmi-s-engage-a-fixer-une-nouvelle-date-pour-etudier-le-dossier-tunisien\\\/204728\\\/\",\"name\":\"Le FMI s\u2019engage \u00e0 fixer une nouvelle date pour \u00e9tudier le dossier tunisien\",\"isPartOf\":{\"@id\":\"https:\\\/\\\/www.webdo.tn\\\/fr\\\/#website\"},\"primaryImageOfPage\":{\"@id\":\"https:\\\/\\\/www.webdo.tn\\\/fr\\\/actualite\\\/national\\\/le-fmi-s-engage-a-fixer-une-nouvelle-date-pour-etudier-le-dossier-tunisien\\\/204728\\\/#primaryimage\"},\"image\":{\"@id\":\"https:\\\/\\\/www.webdo.tn\\\/fr\\\/actualite\\\/national\\\/le-fmi-s-engage-a-fixer-une-nouvelle-date-pour-etudier-le-dossier-tunisien\\\/204728\\\/#primaryimage\"},\"thumbnailUrl\":\"https:\\\/\\\/www.webdo.tn\\\/fr\\\/wp-content\\\/uploads\\\/2023\\\/04\\\/60905ab5bf3782758b5cf5d3ad011168.jpg\",\"datePublished\":\"2023-04-11T07:23:00+00:00\",\"dateModified\":\"2025-05-20T22:44:18+00:00\",\"description\":\"Le Fonds mon\u00e9taire international (FMI) fixera une nouvelle date pour \u00e9tudier le dossier de la Tunisie par son conseil d'administration et ce, en concertation av...\",\"breadcrumb\":{\"@id\":\"https:\\\/\\\/www.webdo.tn\\\/fr\\\/actualite\\\/national\\\/le-fmi-s-engage-a-fixer-une-nouvelle-date-pour-etudier-le-dossier-tunisien\\\/204728\\\/#breadcrumb\"},\"inLanguage\":\"fr-FR\",\"potentialAction\":[{\"@type\":\"ReadAction\",\"target\":[\"https:\\\/\\\/www.webdo.tn\\\/fr\\\/actualite\\\/national\\\/le-fmi-s-engage-a-fixer-une-nouvelle-date-pour-etudier-le-dossier-tunisien\\\/204728\\\/\"]}]},{\"@type\":\"ImageObject\",\"inLanguage\":\"fr-FR\",\"@id\":\"https:\\\/\\\/www.webdo.tn\\\/fr\\\/actualite\\\/national\\\/le-fmi-s-engage-a-fixer-une-nouvelle-date-pour-etudier-le-dossier-tunisien\\\/204728\\\/#primaryimage\",\"url\":\"https:\\\/\\\/www.webdo.tn\\\/fr\\\/wp-content\\\/uploads\\\/2023\\\/04\\\/60905ab5bf3782758b5cf5d3ad011168.jpg\",\"contentUrl\":\"https:\\\/\\\/www.webdo.tn\\\/fr\\\/wp-content\\\/uploads\\\/2023\\\/04\\\/60905ab5bf3782758b5cf5d3ad011168.jpg\",\"width\":680,\"height\":363,\"caption\":\"Bouden\"},{\"@type\":\"BreadcrumbList\",\"@id\":\"https:\\\/\\\/www.webdo.tn\\\/fr\\\/actualite\\\/national\\\/le-fmi-s-engage-a-fixer-une-nouvelle-date-pour-etudier-le-dossier-tunisien\\\/204728\\\/#breadcrumb\",\"itemListElement\":[{\"@type\":\"ListItem\",\"position\":1,\"name\":\"Accueil\",\"item\":\"https:\\\/\\\/www.webdo.tn\\\/fr\\\/\"},{\"@type\":\"ListItem\",\"position\":2,\"name\":\"Le FMI s\u2019engage \u00e0 fixer une nouvelle date pour \u00e9tudier le dossier tunisien\"}]},{\"@type\":\"WebSite\",\"@id\":\"https:\\\/\\\/www.webdo.tn\\\/fr\\\/#website\",\"url\":\"https:\\\/\\\/www.webdo.tn\\\/fr\\\/\",\"name\":\"webdo\",\"description\":\"Tunisie - News en Tunisie et \u00e0 l&#039;international sur Webdo.tn\",\"publisher\":{\"@id\":\"https:\\\/\\\/www.webdo.tn\\\/fr\\\/#organization\"},\"potentialAction\":[{\"@type\":\"SearchAction\",\"target\":{\"@type\":\"EntryPoint\",\"urlTemplate\":\"https:\\\/\\\/www.webdo.tn\\\/fr\\\/?s={search_term_string}\"},\"query-input\":{\"@type\":\"PropertyValueSpecification\",\"valueRequired\":true,\"valueName\":\"search_term_string\"}}],\"inLanguage\":\"fr-FR\"},{\"@type\":\"Organization\",\"@id\":\"https:\\\/\\\/www.webdo.tn\\\/fr\\\/#organization\",\"name\":\"Webdo\",\"alternateName\":\"Webdo.tn\",\"url\":\"https:\\\/\\\/www.webdo.tn\\\/fr\\\/\",\"logo\":{\"@type\":\"ImageObject\",\"inLanguage\":\"fr-FR\",\"@id\":\"https:\\\/\\\/www.webdo.tn\\\/fr\\\/#\\\/schema\\\/logo\\\/image\\\/\",\"url\":\"https:\\\/\\\/www.webdo.tn\\\/fr\\\/wp-content\\\/uploads\\\/2025\\\/06\\\/Webdo-Tunisie_168377.jpg\",\"contentUrl\":\"https:\\\/\\\/www.webdo.tn\\\/fr\\\/wp-content\\\/uploads\\\/2025\\\/06\\\/Webdo-Tunisie_168377.jpg\",\"width\":301,\"height\":301,\"caption\":\"Webdo\"},\"image\":{\"@id\":\"https:\\\/\\\/www.webdo.tn\\\/fr\\\/#\\\/schema\\\/logo\\\/image\\\/\"},\"sameAs\":[\"https:\\\/\\\/www.facebook.com\\\/webdotn\",\"https:\\\/\\\/x.com\\\/webdo_tn\"],\"description\":\"Webdo est un m\u00e9dia num\u00e9rique tunisien fond\u00e9 en 2010, sp\u00e9cialis\u00e9 dans l\u2019actualit\u00e9 nationale et internationale, l\u2019\u00e9conomie, la soci\u00e9t\u00e9 et les analyses politiques. Le site s\u2019adresse \u00e0 un large public francophone et couvre l\u2019information tunisienne en temps r\u00e9el.\",\"email\":\"redac@webdo.tn\",\"legalName\":\"YNJ SARL\",\"foundingDate\":\"2010-09-06\",\"numberOfEmployees\":{\"@type\":\"QuantitativeValue\",\"minValue\":\"11\",\"maxValue\":\"50\"}},{\"@type\":\"Person\",\"@id\":\"https:\\\/\\\/www.webdo.tn\\\/fr\\\/#\\\/schema\\\/person\\\/f35b42a42c5e2511bbd282959d6385cc\",\"name\":\"CL\",\"image\":{\"@type\":\"ImageObject\",\"inLanguage\":\"fr-FR\",\"@id\":\"https:\\\/\\\/secure.gravatar.com\\\/avatar\\\/1447a49909b67aa657c488aec6512e1dd6143a480c1ecfee9b5b5cd74eb3b59e?s=96&d=mm&r=g\",\"url\":\"https:\\\/\\\/secure.gravatar.com\\\/avatar\\\/1447a49909b67aa657c488aec6512e1dd6143a480c1ecfee9b5b5cd74eb3b59e?s=96&d=mm&r=g\",\"contentUrl\":\"https:\\\/\\\/secure.gravatar.com\\\/avatar\\\/1447a49909b67aa657c488aec6512e1dd6143a480c1ecfee9b5b5cd74eb3b59e?s=96&d=mm&r=g\",\"caption\":\"CL\"},\"url\":\"https:\\\/\\\/www.webdo.tn\\\/fr\\\/actualite\\\/author\\\/cl\\\/\"}]}<\/script>\n<!-- \/ Yoast SEO Premium plugin. -->","yoast_head_json":{"title":"Le FMI s\u2019engage \u00e0 fixer une nouvelle date pour \u00e9tudier le dossier tunisien","description":"Le Fonds mon\u00e9taire international (FMI) fixera une nouvelle date pour \u00e9tudier le dossier de la Tunisie par son conseil d'administration et ce, en concertation av...","canonical":"https:\/\/www.webdo.tn\/fr\/actualite\/national\/le-fmi-s-engage-a-fixer-une-nouvelle-date-pour-etudier-le-dossier-tunisien\/204728\/","og_locale":"fr_FR","og_type":"article","og_title":"Le FMI s\u2019engage \u00e0 fixer une nouvelle date pour \u00e9tudier le dossier tunisien","og_description":"Le Fonds mon\u00e9taire international (FMI) fixera une nouvelle date pour \u00e9tudier le dossier de la Tunisie par son conseil d'administration et ce, en concertation av...","og_url":"https:\/\/www.webdo.tn\/fr\/actualite\/national\/le-fmi-s-engage-a-fixer-une-nouvelle-date-pour-etudier-le-dossier-tunisien\/204728\/","og_site_name":"webdo","article_publisher":"https:\/\/www.facebook.com\/webdotn","article_published_time":"2023-04-11T07:23:00+00:00","article_modified_time":"2025-05-20T22:44:18+00:00","og_image":[{"width":680,"height":363,"url":"https:\/\/www.webdo.tn\/fr\/wp-content\/uploads\/2023\/04\/60905ab5bf3782758b5cf5d3ad011168.jpg","type":"image\/jpeg"}],"author":"CL","twitter_card":"summary_large_image","twitter_creator":"@webdo_tn","twitter_site":"@webdo_tn","twitter_misc":{"\u00c9crit par":"CL","Dur\u00e9e de lecture estim\u00e9e":"1 minute"},"schema":{"@context":"https:\/\/schema.org","@graph":[{"@type":"NewsArticle","@id":"https:\/\/www.webdo.tn\/fr\/actualite\/national\/le-fmi-s-engage-a-fixer-une-nouvelle-date-pour-etudier-le-dossier-tunisien\/204728\/#article","isPartOf":{"@id":"https:\/\/www.webdo.tn\/fr\/actualite\/national\/le-fmi-s-engage-a-fixer-une-nouvelle-date-pour-etudier-le-dossier-tunisien\/204728\/"},"author":{"name":"CL","@id":"https:\/\/www.webdo.tn\/fr\/#\/schema\/person\/f35b42a42c5e2511bbd282959d6385cc"},"headline":"Le FMI s\u2019engage \u00e0 fixer une nouvelle date pour \u00e9tudier le dossier tunisien","datePublished":"2023-04-11T07:23:00+00:00","dateModified":"2025-05-20T22:44:18+00:00","mainEntityOfPage":{"@id":"https:\/\/www.webdo.tn\/fr\/actualite\/national\/le-fmi-s-engage-a-fixer-une-nouvelle-date-pour-etudier-le-dossier-tunisien\/204728\/"},"wordCount":247,"commentCount":0,"publisher":{"@id":"https:\/\/www.webdo.tn\/fr\/#organization"},"image":{"@id":"https:\/\/www.webdo.tn\/fr\/actualite\/national\/le-fmi-s-engage-a-fixer-une-nouvelle-date-pour-etudier-le-dossier-tunisien\/204728\/#primaryimage"},"thumbnailUrl":"https:\/\/www.webdo.tn\/fr\/wp-content\/uploads\/2023\/04\/60905ab5bf3782758b5cf5d3ad011168.jpg","keywords":["FMI","Tunisie"],"articleSection":["National"],"inLanguage":"fr-FR"},{"@type":"WebPage","@id":"https:\/\/www.webdo.tn\/fr\/actualite\/national\/le-fmi-s-engage-a-fixer-une-nouvelle-date-pour-etudier-le-dossier-tunisien\/204728\/","url":"https:\/\/www.webdo.tn\/fr\/actualite\/national\/le-fmi-s-engage-a-fixer-une-nouvelle-date-pour-etudier-le-dossier-tunisien\/204728\/","name":"Le FMI s\u2019engage \u00e0 fixer une nouvelle date pour \u00e9tudier le dossier tunisien","isPartOf":{"@id":"https:\/\/www.webdo.tn\/fr\/#website"},"primaryImageOfPage":{"@id":"https:\/\/www.webdo.tn\/fr\/actualite\/national\/le-fmi-s-engage-a-fixer-une-nouvelle-date-pour-etudier-le-dossier-tunisien\/204728\/#primaryimage"},"image":{"@id":"https:\/\/www.webdo.tn\/fr\/actualite\/national\/le-fmi-s-engage-a-fixer-une-nouvelle-date-pour-etudier-le-dossier-tunisien\/204728\/#primaryimage"},"thumbnailUrl":"https:\/\/www.webdo.tn\/fr\/wp-content\/uploads\/2023\/04\/60905ab5bf3782758b5cf5d3ad011168.jpg","datePublished":"2023-04-11T07:23:00+00:00","dateModified":"2025-05-20T22:44:18+00:00","description":"Le Fonds mon\u00e9taire international (FMI) fixera une nouvelle date pour \u00e9tudier le dossier de la Tunisie par son conseil d'administration et ce, en concertation av...","breadcrumb":{"@id":"https:\/\/www.webdo.tn\/fr\/actualite\/national\/le-fmi-s-engage-a-fixer-une-nouvelle-date-pour-etudier-le-dossier-tunisien\/204728\/#breadcrumb"},"inLanguage":"fr-FR","potentialAction":[{"@type":"ReadAction","target":["https:\/\/www.webdo.tn\/fr\/actualite\/national\/le-fmi-s-engage-a-fixer-une-nouvelle-date-pour-etudier-le-dossier-tunisien\/204728\/"]}]},{"@type":"ImageObject","inLanguage":"fr-FR","@id":"https:\/\/www.webdo.tn\/fr\/actualite\/national\/le-fmi-s-engage-a-fixer-une-nouvelle-date-pour-etudier-le-dossier-tunisien\/204728\/#primaryimage","url":"https:\/\/www.webdo.tn\/fr\/wp-content\/uploads\/2023\/04\/60905ab5bf3782758b5cf5d3ad011168.jpg","contentUrl":"https:\/\/www.webdo.tn\/fr\/wp-content\/uploads\/2023\/04\/60905ab5bf3782758b5cf5d3ad011168.jpg","width":680,"height":363,"caption":"Bouden"},{"@type":"BreadcrumbList","@id":"https:\/\/www.webdo.tn\/fr\/actualite\/national\/le-fmi-s-engage-a-fixer-une-nouvelle-date-pour-etudier-le-dossier-tunisien\/204728\/#breadcrumb","itemListElement":[{"@type":"ListItem","position":1,"name":"Accueil","item":"https:\/\/www.webdo.tn\/fr\/"},{"@type":"ListItem","position":2,"name":"Le FMI s\u2019engage \u00e0 fixer une nouvelle date pour \u00e9tudier le dossier tunisien"}]},{"@type":"WebSite","@id":"https:\/\/www.webdo.tn\/fr\/#website","url":"https:\/\/www.webdo.tn\/fr\/","name":"webdo","description":"Tunisie - News en Tunisie et \u00e0 l&#039;international sur Webdo.tn","publisher":{"@id":"https:\/\/www.webdo.tn\/fr\/#organization"},"potentialAction":[{"@type":"SearchAction","target":{"@type":"EntryPoint","urlTemplate":"https:\/\/www.webdo.tn\/fr\/?s={search_term_string}"},"query-input":{"@type":"PropertyValueSpecification","valueRequired":true,"valueName":"search_term_string"}}],"inLanguage":"fr-FR"},{"@type":"Organization","@id":"https:\/\/www.webdo.tn\/fr\/#organization","name":"Webdo","alternateName":"Webdo.tn","url":"https:\/\/www.webdo.tn\/fr\/","logo":{"@type":"ImageObject","inLanguage":"fr-FR","@id":"https:\/\/www.webdo.tn\/fr\/#\/schema\/logo\/image\/","url":"https:\/\/www.webdo.tn\/fr\/wp-content\/uploads\/2025\/06\/Webdo-Tunisie_168377.jpg","contentUrl":"https:\/\/www.webdo.tn\/fr\/wp-content\/uploads\/2025\/06\/Webdo-Tunisie_168377.jpg","width":301,"height":301,"caption":"Webdo"},"image":{"@id":"https:\/\/www.webdo.tn\/fr\/#\/schema\/logo\/image\/"},"sameAs":["https:\/\/www.facebook.com\/webdotn","https:\/\/x.com\/webdo_tn"],"description":"Webdo est un m\u00e9dia num\u00e9rique tunisien fond\u00e9 en 2010, sp\u00e9cialis\u00e9 dans l\u2019actualit\u00e9 nationale et internationale, l\u2019\u00e9conomie, la soci\u00e9t\u00e9 et les analyses politiques. Le site s\u2019adresse \u00e0 un large public francophone et couvre l\u2019information tunisienne en temps r\u00e9el.","email":"redac@webdo.tn","legalName":"YNJ SARL","foundingDate":"2010-09-06","numberOfEmployees":{"@type":"QuantitativeValue","minValue":"11","maxValue":"50"}},{"@type":"Person","@id":"https:\/\/www.webdo.tn\/fr\/#\/schema\/person\/f35b42a42c5e2511bbd282959d6385cc","name":"CL","image":{"@type":"ImageObject","inLanguage":"fr-FR","@id":"https:\/\/secure.gravatar.com\/avatar\/1447a49909b67aa657c488aec6512e1dd6143a480c1ecfee9b5b5cd74eb3b59e?s=96&d=mm&r=g","url":"https:\/\/secure.gravatar.com\/avatar\/1447a49909b67aa657c488aec6512e1dd6143a480c1ecfee9b5b5cd74eb3b59e?s=96&d=mm&r=g","contentUrl":"https:\/\/secure.gravatar.com\/avatar\/1447a49909b67aa657c488aec6512e1dd6143a480c1ecfee9b5b5cd74eb3b59e?s=96&d=mm&r=g","caption":"CL"},"url":"https:\/\/www.webdo.tn\/fr\/actualite\/author\/cl\/"}]}},"_links":{"self":[{"href":"https:\/\/www.webdo.tn\/fr\/wp-json\/wp\/v2\/posts\/204728","targetHints":{"allow":["GET"]}}],"collection":[{"href":"https:\/\/www.webdo.tn\/fr\/wp-json\/wp\/v2\/posts"}],"about":[{"href":"https:\/\/www.webdo.tn\/fr\/wp-json\/wp\/v2\/types\/post"}],"author":[{"embeddable":true,"href":"https:\/\/www.webdo.tn\/fr\/wp-json\/wp\/v2\/users\/3175"}],"replies":[{"embeddable":true,"href":"https:\/\/www.webdo.tn\/fr\/wp-json\/wp\/v2\/comments?post=204728"}],"version-history":[{"count":0,"href":"https:\/\/www.webdo.tn\/fr\/wp-json\/wp\/v2\/posts\/204728\/revisions"}],"wp:featuredmedia":[{"embeddable":true,"href":"https:\/\/www.webdo.tn\/fr\/wp-json\/wp\/v2\/media\/251465"}],"wp:attachment":[{"href":"https:\/\/www.webdo.tn\/fr\/wp-json\/wp\/v2\/media?parent=204728"}],"wp:term":[{"taxonomy":"category","embeddable":true,"href":"https:\/\/www.webdo.tn\/fr\/wp-json\/wp\/v2\/categories?post=204728"},{"taxonomy":"post_tag","embeddable":true,"href":"https:\/\/www.webdo.tn\/fr\/wp-json\/wp\/v2\/tags?post=204728"}],"curies":[{"name":"wp","href":"https:\/\/api.w.org\/{rel}","templated":true}]}}