{"id":204714,"date":"2023-04-10T12:40:00","date_gmt":"2023-04-10T12:40:00","guid":{"rendered":"https:\/\/www.webdo.tn\/fr\/blog\/femmes-et-cinema-pink-popcorn-fete-ses-deux-ans-d-echanges-passionnes\/204714\/"},"modified":"2025-05-21T08:56:52","modified_gmt":"2025-05-21T08:56:52","slug":"femmes-et-cinema-pink-popcorn-fete-ses-deux-ans-d-echanges-passionnes","status":"publish","type":"post","link":"https:\/\/www.webdo.tn\/fr\/actualite\/culture\/femmes-et-cinema-pink-popcorn-fete-ses-deux-ans-d-echanges-passionnes\/204714\/","title":{"rendered":"Femmes et cin\u00e9ma : Pink Popcorn f\u00eate ses deux ans d&rsquo;\u00e9changes passionn\u00e9s !"},"content":{"rendered":"<div class=\"single-body entry-content typography-copy\" itemprop=\"articleBody\">\n<p style=\"font-weight: bold; text-align: justify\">\n\t\t\t\t\t\t\t\t\tPink Popcorn, un groupe Facebook exclusivement r\u00e9serv\u00e9 aux femmes, a f\u00eat\u00e9 son deuxi\u00e8me anniversaire il y a quelques jours.\n\t\t\t\t\t\t\t\t<\/p>\n<div class=\"coprs\" style=\"text-align: center\"><\/div>\n<div class=\"coprs\" style=\"text-align: justify\">\n<p>\u00a0<\/p>\n<p>\n<span><span><a href=\"https:\/\/www.facebook.com\/groups\/288722292773314\">Le groupe facebook Pink Popcorn <\/a>a \u00e9t\u00e9 cr\u00e9\u00e9 le 1er avril 2021 par une passionn\u00e9e de cin\u00e9ma (moi-m\u00eame) qui souhaitait offrir un espace d\u00e9di\u00e9 aux femmes pour discuter de leurs films, s\u00e9ries et acteurs pr\u00e9f\u00e9r\u00e9s et explorer de nouveaux horizons cin\u00e9matographiques. Depuis, Pink Popcorn a attir\u00e9 environ 5600 membres d\u2019horizons divers, qui partagent leurs id\u00e9es, leurs avis et leurs critiques sur une grande vari\u00e9t\u00e9 de films, de genres et de styles.<\/span><\/span><\/p>\n<p><span><span>Pink Popcorn fonctionne de diff\u00e9rentes mani\u00e8res. L\u2019administratrice sugg\u00e8re parfois des films ou des s\u00e9ries \u00e0 visionner ensemble, suivis de discussions et d&rsquo;analyses sur le groupe.<\/span><\/span><\/p>\n<p><span><span>Mais ce n&rsquo;est pas tout, des th\u00e8mes sont \u00e9galement r\u00e9guli\u00e8rement propos\u00e9s pour explorer diff\u00e9rents cin\u00e9mas ou sujets, tels que les femmes, l&rsquo;exil, l&rsquo;amour, les enfants ou encore des pays tels que le Maroc, l&rsquo;Inde, la Tunisie et l&rsquo;Iran. Les membres sont invit\u00e9es \u00e0 proposer des films ou des s\u00e9ries en lien avec ce th\u00e8me, \u00e0 partager leurs avis sur ces \u0153uvres et \u00e0 discuter de ce qu&rsquo;elles ont retenu. <\/span><\/span><\/p>\n<p><span><span>Avant le d\u00e9but du mois de Ramadan, qui est traditionnellement consacr\u00e9 aux d\u00e9bats sur les feuilletons ramadanesques de l&rsquo;ann\u00e9e, un th\u00e8me diff\u00e9rent avait \u00e9t\u00e9 propos\u00e9 : \u00eatre fan ou admiratrice. Les membres avaient ainsi \u00e9t\u00e9 convi\u00e9es \u00e0 partager leur passion pour des acteurs ou des actrices, en expliquant pourquoi elles les appr\u00e9cient et en d\u00e9crivant comment se manifeste cet amour ou engouement.\u00a0Ce th\u00e8me \u00ab\u00a0Fans\u00a0\u00bb a aussi permis \u00e0 certaines d\u2019avoir plus d\u2019informations sur des artistes qu\u2019elles aimaient d\u00e9j\u00e0, et m\u00eame de d\u00e9couvrir de nouveaux acteurs et actrices de pays lointains, <a href=\"https:\/\/www.webdo.tn\/fr\/actualite\/culture\/l-acteur-shah-rukh-khan-en-tete-du-sondage-time100-des-personnes-les-plus-influentes-en-2023\/204653\">comme l\u2019indien Shah Rukh Khan<\/a>. \u00a0<\/span><\/span><\/p>\n<p><span><span>De plus, Pink Popcorn organise des rencontres virtuelles en lien avec les films ou les th\u00e8mes propos\u00e9s, permettant aux membres d&rsquo;\u00e9changer avec des r\u00e9alisateurs, des critiques de cin\u00e9ma ou des sp\u00e9cialistes de diff\u00e9rents sujets. Ces rencontres ont d\u00e9j\u00e0 r\u00e9uni des personnalit\u00e9s telles que les r\u00e9alisateurs Nejib Belkadhi lors de la sortie de son film <em>Communion<\/em>, Abdelhamid Bouchnak pour parler de son film <em>Papillon d&rsquo;or<\/em> et de son feuilleton <em>Ken Ya ma Kench<\/em>, ou encore les critiques de cin\u00e9ma, le tunisien Khemais Khayati et l\u2019\u00e9gyptienne Nahed Saleh. De m\u00eame, des sp\u00e9cialistes de divers sujets comme Yosra Frawes, membre de l&rsquo;Association Tunisienne des Femmes D\u00e9mocrates, sont invit\u00e9s pour des \u00e9changes enrichissants. Les membres peuvent ainsi b\u00e9n\u00e9ficier de discussions approfondies et de points de vue vari\u00e9s sur les films ou les sujets abord\u00e9s dans le groupe.<\/span><\/span><\/p>\n<p><span><span>Les \u00e9changes sur les films, s\u00e9ries et th\u00e8mes au sein de Pink Popcorn permettent \u00e9galement aux membres de d\u00e9couvrir de nouveaux horizons culturels et d&rsquo;\u00e9largir leurs connaissances cin\u00e9matographiques. Par exemple, la d\u00e9couverte du film indien <\/span><\/span><a href=\"https:\/\/www.facebook.com\/massir.destiniii\/posts\/pfbid02PT8h2TfFi2PdPBaAmv4oFgKEq4TZsC8Lb9atGcigtynoY77h5RfF6ya8QmZsC229l\"><em><span>Toilettes, une histoire d&rsquo;amour<\/span><\/em> <\/a><span><span><a href=\"https:\/\/www.facebook.com\/massir.destiniii\/posts\/pfbid02PT8h2TfFi2PdPBaAmv4oFgKEq4TZsC8Lb9atGcigtynoY77h5RfF6ya8QmZsC229l\">(2017) r\u00e9alis\u00e9 par Shreya Narayan<\/a>, a permis aux membres de d\u00e9couvrir une culture et des traditions qu&rsquo;elles ne connaissaient pas. Le film, inspir\u00e9 d&rsquo;une histoire vraie, a \u00e9galement mis en lumi\u00e8re les violations des droits des femmes dans certains pays, notamment leur droit \u00e9l\u00e9mentaire d&rsquo;aller aux toilettes \u00e0 tout moment de la journ\u00e9e, et a montr\u00e9 qu\u2019elles doivent continuer \u00e0 se battre encore et encore pour acqu\u00e9rir ces droits.<\/span><\/span><\/p>\n<p><span><span>Le groupe permet aussi aux membres de se tenir au courant de l\u2019actualit\u00e9 cin\u00e9matographique, surtout de certains grands festivals comme ceux de Cannes ou du Caire. <\/span><\/span><\/p>\n<p><span><span>Le choix d&rsquo;un groupe exclusivement f\u00e9minin n&rsquo;est pas anodin. Il ne s&rsquo;agit en aucun cas d&rsquo;une exclusion d\u00e9lib\u00e9r\u00e9e des hommes. En r\u00e9alit\u00e9, de nombreux groupes de cin\u00e9philes mixtes existent d\u00e9j\u00e0 et en cr\u00e9er un de plus ne pr\u00e9sente aucun int\u00e9r\u00eat. Il fallait un groupe diff\u00e9rent et qui r\u00e9ponde \u00e0 un besoin. <\/span><\/span><\/p>\n<p><span><span>En effet, certaines femmes pr\u00e9f\u00e8rent s&rsquo;exprimer entre elles, surtout lorsque certains films abordent des sujets sensibles ou intimes. Elles se sentent plus libres, plus en confiance et osent encore plus s\u2019ouvrir et s\u2019exprimer. Sans oublier que malheureusement, sur ces espaces virtuels, certains hommes peuvent parfois \u00eatre intrusifs, d\u00e9sagr\u00e9ables ou dragueurs, et soumettent les femmes \u00e0 des commentaires d\u00e9sobligeants et des comportements inappropri\u00e9s, ce qui peut emp\u00eacher certaines d\u2019entre elles, surtout les plus timides, de partager leurs id\u00e9es et de s&rsquo;engager pleinement dans la discussion. Pink Popcorn offre ainsi un environnement s\u00e9curis\u00e9, bienveillant et confortable pour toutes ses membres.<\/span><\/span><\/p>\n<p><span><span>Le succ\u00e8s de Pink Popcorn est ind\u00e9niable. De plus en plus de femmes rejoignent ce groupe pour partager leur passion pour le cin\u00e9ma et les s\u00e9ries. Les \u00e9changes sont riches et vari\u00e9s, et les membres s&rsquo;entraident pour trouver les meilleures \u0153uvres \u00e0 regarder. <\/span><\/span><\/p>\n<p><span><span>Gr\u00e2ce aux publications et commentaires des membres, certaines ont m\u00eame d\u00e9velopp\u00e9 une passion pour le cin\u00e9ma, devenant des critiques avis\u00e9es et contribuant ainsi \u00e0 la richesse du groupe.<\/span><\/span><\/p>\n<p><span><span>Pink Popcorn a \u00e9galement permis \u00e0 de nombreuses femmes de renouer avec les salles de cin\u00e9ma et de d\u00e9couvrir de nouveaux horizons. Les membres se rassemblent parfois pour aller ensemble au cin\u00e9ma, et ont pu d\u00e9couvrir des films qu&rsquo;elles n&rsquo;auraient jamais pens\u00e9 regarder sans l&rsquo;aide de ce groupe. Plusieurs membres ont par exemple \u00e9t\u00e9 voir le tr\u00e8s beau et tr\u00e8s particulier film iranien<a href=\"https:\/\/www.facebook.com\/massir.destiniii\/posts\/pfbid0389aiwPfoFnGGVjQd5XCKemYPWQvdvosFy45UYKJx5CmfrBvWY2WZtd59uysj1nWel\"> <em>Bi Roya (Without her)<\/em>, r\u00e9alis\u00e9 par Arian Vazirdaftari,<\/a> programm\u00e9 dans la section Cin\u00e9ma du Monde des JCC 2022. <\/span><\/span><\/p>\n<p><span><span>Cela montre bien l&rsquo;impact positif que peut avoir une communaut\u00e9 en ligne comme celle-ci.<\/span><\/span><\/p>\n<p><span><span>Pink Popcorn est bien plus qu&rsquo;un simple groupe Facebook. C&rsquo;est une communaut\u00e9 de femmes passionn\u00e9es par le cin\u00e9ma et les s\u00e9ries, qui se soutiennent et s&rsquo;enrichissent mutuellement gr\u00e2ce \u00e0 leurs \u00e9changes. C&rsquo;est un lieu o\u00f9 la diversit\u00e9 est c\u00e9l\u00e9br\u00e9e, o\u00f9 chacune peut s&rsquo;exprimer librement et partager ses exp\u00e9riences, ses opinions et ses \u00e9motions.<\/span><\/span><\/p>\n<p><span><span>Il y a trois semaines, quelques membres se sont m\u00eame rencontr\u00e9es \u00ab\u00a0physiquement\u00a0\u00bb pour discuter de cin\u00e9ma, et cette rencontre va devenir mensuelle. Si cette exp\u00e9rience r\u00e9ussit \u00e0 Tunis, elle pourrait \u00eatre reprise dans d&rsquo;autres villes. C&rsquo;est une nouvelle \u00e9tape pour ce groupe, qui montre que les \u00e9changes virtuels peuvent \u00e9galement se concr\u00e9tiser dans la vie r\u00e9elle.<\/p>\n<p>Pour les femmes (et uniquement les femmes) qui souhaiteraient rejoindre Pink Popcorn, <a href=\"https:\/\/www.facebook.com\/groups\/288722292773314\">il suffit de faire une demande ici.<\/a>\u00a0Les comptes facebook anonymes ne sont pas accept\u00e9s. <\/span><\/span><\/p>\n<p><strong><span><span>Ne\u00efla Driss<\/span><\/span><\/strong><\/p>\n<p>\u00a0<\/p>\n<\/p><\/div>\n<div class=\"coprs\" style=\"text-align: center\"><\/div><\/div>\n","protected":false},"excerpt":{"rendered":"<p>Pink Popcorn, un groupe Facebook exclusivement r\u00e9serv\u00e9 aux femmes, a f\u00eat\u00e9 son deuxi\u00e8me anniversaire il y a quelques jours.Le groupe a \u00e9t\u00e9 cr\u00e9\u00e9 le 1er avril 2021&#8230;<\/p>\n","protected":false},"author":3164,"featured_media":278067,"comment_status":"open","ping_status":"closed","sticky":false,"template":"","format":"standard","meta":{"footnotes":""},"categories":[2594],"tags":[2626,9448,3700,9446,9447],"class_list":["post-204714","post","type-post","status-publish","format-standard","has-post-thumbnail","hentry","category-culture","tag-cinema","tag-cinephile","tag-femmes","tag-groupe-facebook","tag-pink-popcorn"],"yoast_head":"<!-- This site is optimized with the Yoast SEO Premium plugin v27.5 (Yoast SEO v27.5) - https:\/\/yoast.com\/product\/yoast-seo-premium-wordpress\/ -->\n<title>Femmes et cin\u00e9ma : Pink Popcorn f\u00eate ses deux ans d&#039;\u00e9changes passionn\u00e9s !<\/title>\n<meta name=\"description\" content=\"Pink Popcorn, un groupe Facebook exclusivement r\u00e9serv\u00e9 aux femmes, a f\u00eat\u00e9 son deuxi\u00e8me anniversaire il y a quelques jours.Le groupe a \u00e9t\u00e9 cr\u00e9\u00e9 le 1er avril 2021...\" \/>\n<link rel=\"canonical\" href=\"https:\/\/www.webdo.tn\/fr\/actualite\/culture\/femmes-et-cinema-pink-popcorn-fete-ses-deux-ans-d-echanges-passionnes\/204714\/\" \/>\n<meta property=\"og:locale\" content=\"fr_FR\" \/>\n<meta property=\"og:type\" content=\"article\" \/>\n<meta property=\"og:title\" content=\"Femmes et cin\u00e9ma : Pink Popcorn f\u00eate ses deux ans d&#039;\u00e9changes passionn\u00e9s !\" \/>\n<meta property=\"og:description\" content=\"Pink Popcorn, un groupe Facebook exclusivement r\u00e9serv\u00e9 aux femmes, a f\u00eat\u00e9 son deuxi\u00e8me anniversaire il y a quelques jours.Le groupe a \u00e9t\u00e9 cr\u00e9\u00e9 le 1er avril 2021...\" \/>\n<meta property=\"og:url\" content=\"https:\/\/www.webdo.tn\/fr\/actualite\/culture\/femmes-et-cinema-pink-popcorn-fete-ses-deux-ans-d-echanges-passionnes\/204714\/\" \/>\n<meta property=\"og:site_name\" content=\"webdo\" \/>\n<meta property=\"article:publisher\" content=\"https:\/\/www.facebook.com\/webdotn\" \/>\n<meta property=\"article:author\" content=\"https:\/\/www.facebook.com\/massir.destiniii\/\" \/>\n<meta property=\"article:published_time\" content=\"2023-04-10T12:40:00+00:00\" \/>\n<meta property=\"article:modified_time\" content=\"2025-05-21T08:56:52+00:00\" \/>\n<meta property=\"og:image\" content=\"https:\/\/www.webdo.tn\/fr\/wp-content\/uploads\/2023\/04\/bbfe7d3e98992a1d1c78f7ee177876d8.jpeg\" \/>\n\t<meta property=\"og:image:width\" content=\"750\" \/>\n\t<meta property=\"og:image:height\" content=\"400\" \/>\n\t<meta property=\"og:image:type\" content=\"image\/jpeg\" \/>\n<meta name=\"author\" content=\"Ne\u00efla DRISS\" \/>\n<meta name=\"twitter:card\" content=\"summary_large_image\" \/>\n<meta name=\"twitter:creator\" content=\"@https:\/\/x.com\/MassirDestin\" \/>\n<meta name=\"twitter:site\" content=\"@webdo_tn\" \/>\n<meta name=\"twitter:label1\" content=\"\u00c9crit par\" \/>\n\t<meta name=\"twitter:data1\" content=\"Ne\u00efla DRISS\" \/>\n\t<meta name=\"twitter:label2\" content=\"Dur\u00e9e de lecture estim\u00e9e\" \/>\n\t<meta name=\"twitter:data2\" content=\"6 minutes\" \/>\n<script type=\"application\/ld+json\" class=\"yoast-schema-graph\">{\"@context\":\"https:\\\/\\\/schema.org\",\"@graph\":[{\"@type\":\"NewsArticle\",\"@id\":\"https:\\\/\\\/www.webdo.tn\\\/fr\\\/actualite\\\/culture\\\/femmes-et-cinema-pink-popcorn-fete-ses-deux-ans-d-echanges-passionnes\\\/204714\\\/#article\",\"isPartOf\":{\"@id\":\"https:\\\/\\\/www.webdo.tn\\\/fr\\\/actualite\\\/culture\\\/femmes-et-cinema-pink-popcorn-fete-ses-deux-ans-d-echanges-passionnes\\\/204714\\\/\"},\"author\":{\"name\":\"Ne\u00efla DRISS\",\"@id\":\"https:\\\/\\\/www.webdo.tn\\\/fr\\\/#\\\/schema\\\/person\\\/60d5ba619ed3f58783b0dc82b7dada80\"},\"headline\":\"Femmes et cin\u00e9ma : Pink Popcorn f\u00eate ses deux ans d&rsquo;\u00e9changes passionn\u00e9s !\",\"datePublished\":\"2023-04-10T12:40:00+00:00\",\"dateModified\":\"2025-05-21T08:56:52+00:00\",\"mainEntityOfPage\":{\"@id\":\"https:\\\/\\\/www.webdo.tn\\\/fr\\\/actualite\\\/culture\\\/femmes-et-cinema-pink-popcorn-fete-ses-deux-ans-d-echanges-passionnes\\\/204714\\\/\"},\"wordCount\":1168,\"commentCount\":0,\"publisher\":{\"@id\":\"https:\\\/\\\/www.webdo.tn\\\/fr\\\/#organization\"},\"image\":{\"@id\":\"https:\\\/\\\/www.webdo.tn\\\/fr\\\/actualite\\\/culture\\\/femmes-et-cinema-pink-popcorn-fete-ses-deux-ans-d-echanges-passionnes\\\/204714\\\/#primaryimage\"},\"thumbnailUrl\":\"https:\\\/\\\/www.webdo.tn\\\/fr\\\/wp-content\\\/uploads\\\/2023\\\/04\\\/bbfe7d3e98992a1d1c78f7ee177876d8.jpeg\",\"keywords\":[\"Cin\u00e9ma\",\"cin\u00e9phile\",\"femmes\",\"Groupe facebook\",\"Pink Popcorn\"],\"articleSection\":[\"Culture\"],\"inLanguage\":\"fr-FR\"},{\"@type\":\"WebPage\",\"@id\":\"https:\\\/\\\/www.webdo.tn\\\/fr\\\/actualite\\\/culture\\\/femmes-et-cinema-pink-popcorn-fete-ses-deux-ans-d-echanges-passionnes\\\/204714\\\/\",\"url\":\"https:\\\/\\\/www.webdo.tn\\\/fr\\\/actualite\\\/culture\\\/femmes-et-cinema-pink-popcorn-fete-ses-deux-ans-d-echanges-passionnes\\\/204714\\\/\",\"name\":\"Femmes et cin\u00e9ma : Pink Popcorn f\u00eate ses deux ans d'\u00e9changes passionn\u00e9s !\",\"isPartOf\":{\"@id\":\"https:\\\/\\\/www.webdo.tn\\\/fr\\\/#website\"},\"primaryImageOfPage\":{\"@id\":\"https:\\\/\\\/www.webdo.tn\\\/fr\\\/actualite\\\/culture\\\/femmes-et-cinema-pink-popcorn-fete-ses-deux-ans-d-echanges-passionnes\\\/204714\\\/#primaryimage\"},\"image\":{\"@id\":\"https:\\\/\\\/www.webdo.tn\\\/fr\\\/actualite\\\/culture\\\/femmes-et-cinema-pink-popcorn-fete-ses-deux-ans-d-echanges-passionnes\\\/204714\\\/#primaryimage\"},\"thumbnailUrl\":\"https:\\\/\\\/www.webdo.tn\\\/fr\\\/wp-content\\\/uploads\\\/2023\\\/04\\\/bbfe7d3e98992a1d1c78f7ee177876d8.jpeg\",\"datePublished\":\"2023-04-10T12:40:00+00:00\",\"dateModified\":\"2025-05-21T08:56:52+00:00\",\"description\":\"Pink Popcorn, un groupe Facebook exclusivement r\u00e9serv\u00e9 aux femmes, a f\u00eat\u00e9 son deuxi\u00e8me anniversaire il y a quelques jours.Le groupe a \u00e9t\u00e9 cr\u00e9\u00e9 le 1er avril 2021...\",\"breadcrumb\":{\"@id\":\"https:\\\/\\\/www.webdo.tn\\\/fr\\\/actualite\\\/culture\\\/femmes-et-cinema-pink-popcorn-fete-ses-deux-ans-d-echanges-passionnes\\\/204714\\\/#breadcrumb\"},\"inLanguage\":\"fr-FR\",\"potentialAction\":[{\"@type\":\"ReadAction\",\"target\":[\"https:\\\/\\\/www.webdo.tn\\\/fr\\\/actualite\\\/culture\\\/femmes-et-cinema-pink-popcorn-fete-ses-deux-ans-d-echanges-passionnes\\\/204714\\\/\"]}]},{\"@type\":\"ImageObject\",\"inLanguage\":\"fr-FR\",\"@id\":\"https:\\\/\\\/www.webdo.tn\\\/fr\\\/actualite\\\/culture\\\/femmes-et-cinema-pink-popcorn-fete-ses-deux-ans-d-echanges-passionnes\\\/204714\\\/#primaryimage\",\"url\":\"https:\\\/\\\/www.webdo.tn\\\/fr\\\/wp-content\\\/uploads\\\/2023\\\/04\\\/bbfe7d3e98992a1d1c78f7ee177876d8.jpeg\",\"contentUrl\":\"https:\\\/\\\/www.webdo.tn\\\/fr\\\/wp-content\\\/uploads\\\/2023\\\/04\\\/bbfe7d3e98992a1d1c78f7ee177876d8.jpeg\",\"width\":750,\"height\":400,\"caption\":\"Femmes et cin\u00e9ma : Pink Popcorn f\u00eate ses deux ans d'\u00e9changes passionn\u00e9s !\"},{\"@type\":\"BreadcrumbList\",\"@id\":\"https:\\\/\\\/www.webdo.tn\\\/fr\\\/actualite\\\/culture\\\/femmes-et-cinema-pink-popcorn-fete-ses-deux-ans-d-echanges-passionnes\\\/204714\\\/#breadcrumb\",\"itemListElement\":[{\"@type\":\"ListItem\",\"position\":1,\"name\":\"Accueil\",\"item\":\"https:\\\/\\\/www.webdo.tn\\\/fr\\\/\"},{\"@type\":\"ListItem\",\"position\":2,\"name\":\"Femmes et cin\u00e9ma : Pink Popcorn f\u00eate ses deux ans d&rsquo;\u00e9changes passionn\u00e9s !\"}]},{\"@type\":\"WebSite\",\"@id\":\"https:\\\/\\\/www.webdo.tn\\\/fr\\\/#website\",\"url\":\"https:\\\/\\\/www.webdo.tn\\\/fr\\\/\",\"name\":\"webdo\",\"description\":\"Tunisie - News en Tunisie et \u00e0 l&#039;international sur Webdo.tn\",\"publisher\":{\"@id\":\"https:\\\/\\\/www.webdo.tn\\\/fr\\\/#organization\"},\"potentialAction\":[{\"@type\":\"SearchAction\",\"target\":{\"@type\":\"EntryPoint\",\"urlTemplate\":\"https:\\\/\\\/www.webdo.tn\\\/fr\\\/?s={search_term_string}\"},\"query-input\":{\"@type\":\"PropertyValueSpecification\",\"valueRequired\":true,\"valueName\":\"search_term_string\"}}],\"inLanguage\":\"fr-FR\"},{\"@type\":\"Organization\",\"@id\":\"https:\\\/\\\/www.webdo.tn\\\/fr\\\/#organization\",\"name\":\"Webdo\",\"alternateName\":\"Webdo.tn\",\"url\":\"https:\\\/\\\/www.webdo.tn\\\/fr\\\/\",\"logo\":{\"@type\":\"ImageObject\",\"inLanguage\":\"fr-FR\",\"@id\":\"https:\\\/\\\/www.webdo.tn\\\/fr\\\/#\\\/schema\\\/logo\\\/image\\\/\",\"url\":\"https:\\\/\\\/www.webdo.tn\\\/fr\\\/wp-content\\\/uploads\\\/2025\\\/06\\\/Webdo-Tunisie_168377.jpg\",\"contentUrl\":\"https:\\\/\\\/www.webdo.tn\\\/fr\\\/wp-content\\\/uploads\\\/2025\\\/06\\\/Webdo-Tunisie_168377.jpg\",\"width\":301,\"height\":301,\"caption\":\"Webdo\"},\"image\":{\"@id\":\"https:\\\/\\\/www.webdo.tn\\\/fr\\\/#\\\/schema\\\/logo\\\/image\\\/\"},\"sameAs\":[\"https:\\\/\\\/www.facebook.com\\\/webdotn\",\"https:\\\/\\\/x.com\\\/webdo_tn\"],\"description\":\"Webdo est un m\u00e9dia num\u00e9rique tunisien fond\u00e9 en 2010, sp\u00e9cialis\u00e9 dans l\u2019actualit\u00e9 nationale et internationale, l\u2019\u00e9conomie, la soci\u00e9t\u00e9 et les analyses politiques. Le site s\u2019adresse \u00e0 un large public francophone et couvre l\u2019information tunisienne en temps r\u00e9el.\",\"email\":\"redac@webdo.tn\",\"legalName\":\"YNJ SARL\",\"foundingDate\":\"2010-09-06\",\"numberOfEmployees\":{\"@type\":\"QuantitativeValue\",\"minValue\":\"11\",\"maxValue\":\"50\"}},{\"@type\":\"Person\",\"@id\":\"https:\\\/\\\/www.webdo.tn\\\/fr\\\/#\\\/schema\\\/person\\\/60d5ba619ed3f58783b0dc82b7dada80\",\"name\":\"Ne\u00efla DRISS\",\"image\":{\"@type\":\"ImageObject\",\"inLanguage\":\"fr-FR\",\"@id\":\"https:\\\/\\\/www.webdo.tn\\\/fr\\\/wp-content\\\/uploads\\\/2026\\\/04\\\/neila-driss_avatar-96x96.jpg\",\"url\":\"https:\\\/\\\/www.webdo.tn\\\/fr\\\/wp-content\\\/uploads\\\/2026\\\/04\\\/neila-driss_avatar-96x96.jpg\",\"contentUrl\":\"https:\\\/\\\/www.webdo.tn\\\/fr\\\/wp-content\\\/uploads\\\/2026\\\/04\\\/neila-driss_avatar-96x96.jpg\",\"caption\":\"Ne\u00efla DRISS\"},\"description\":\"Ne\u00efla Driss est juriste, journaliste culturelle et critique de cin\u00e9ma tunisienne. Titulaire d\u2019un DEA en droit priv\u00e9 de l\u2019Universit\u00e9 Paris II et d\u2019un DESS de l\u2019IHEC Carthage, elle d\u00e9bute sa carri\u00e8re comme juriste sp\u00e9cialis\u00e9e en gestion de patrimoine immobilier. Elle s\u2019oriente ensuite vers l\u2019\u00e9criture en ligne, o\u00f9 elle se distingue d\u00e8s 2006 aux Tunisia Blog Awards, avant de se consacrer au journalisme culturel, avec une sp\u00e9cialisation dans la critique cin\u00e9matographique. Elle couvre r\u00e9guli\u00e8rement les grands festivals internationaux, notamment le Festival de Cannes, les Journ\u00e9es Cin\u00e9matographiques de Carthage et le Festival du film du Caire. Membre de l\u2019ATPCC et de la FIPRESCI, elle participe \u00e0 des jurys et initiatives internationales de critique. Depuis 2024, elle est \u00e9lectrice internationale aux Golden Globes. Facebook : https:\\\/\\\/www.facebook.com\\\/massir.destiniii\\\/ X : https:\\\/\\\/x.com\\\/MassirDestin\",\"sameAs\":[\"https:\\\/\\\/www.facebook.com\\\/massir.destiniii\\\/\",\"https:\\\/\\\/www.instagram.com\\\/neila.driss\\\/?hl=fr\",\"https:\\\/\\\/www.linkedin.com\\\/in\\\/neila-driss-22606a80\\\/\",\"https:\\\/\\\/x.com\\\/https:\\\/\\\/x.com\\\/MassirDestin\"],\"knowsAbout\":[\"Cin\u00e9ma international\",\"critique cin\u00e9matographique\",\"festivals de cin\u00e9ma\",\"journalisme culturel\"],\"knowsLanguage\":[\"Fran\u00e7ais\",\"Arabe\",\"Anglais\"],\"jobTitle\":\"Journaliste culturelle et critique de cin\u00e9ma\",\"worksFor\":\"Webdo\",\"url\":\"https:\\\/\\\/www.webdo.tn\\\/fr\\\/actualite\\\/author\\\/neila-driss\\\/\"}]}<\/script>\n<!-- \/ Yoast SEO Premium plugin. -->","yoast_head_json":{"title":"Femmes et cin\u00e9ma : Pink Popcorn f\u00eate ses deux ans d'\u00e9changes passionn\u00e9s !","description":"Pink Popcorn, un groupe Facebook exclusivement r\u00e9serv\u00e9 aux femmes, a f\u00eat\u00e9 son deuxi\u00e8me anniversaire il y a quelques jours.Le groupe a \u00e9t\u00e9 cr\u00e9\u00e9 le 1er avril 2021...","canonical":"https:\/\/www.webdo.tn\/fr\/actualite\/culture\/femmes-et-cinema-pink-popcorn-fete-ses-deux-ans-d-echanges-passionnes\/204714\/","og_locale":"fr_FR","og_type":"article","og_title":"Femmes et cin\u00e9ma : Pink Popcorn f\u00eate ses deux ans d'\u00e9changes passionn\u00e9s !","og_description":"Pink Popcorn, un groupe Facebook exclusivement r\u00e9serv\u00e9 aux femmes, a f\u00eat\u00e9 son deuxi\u00e8me anniversaire il y a quelques jours.Le groupe a \u00e9t\u00e9 cr\u00e9\u00e9 le 1er avril 2021...","og_url":"https:\/\/www.webdo.tn\/fr\/actualite\/culture\/femmes-et-cinema-pink-popcorn-fete-ses-deux-ans-d-echanges-passionnes\/204714\/","og_site_name":"webdo","article_publisher":"https:\/\/www.facebook.com\/webdotn","article_author":"https:\/\/www.facebook.com\/massir.destiniii\/","article_published_time":"2023-04-10T12:40:00+00:00","article_modified_time":"2025-05-21T08:56:52+00:00","og_image":[{"width":750,"height":400,"url":"https:\/\/www.webdo.tn\/fr\/wp-content\/uploads\/2023\/04\/bbfe7d3e98992a1d1c78f7ee177876d8.jpeg","type":"image\/jpeg"}],"author":"Ne\u00efla DRISS","twitter_card":"summary_large_image","twitter_creator":"@https:\/\/x.com\/MassirDestin","twitter_site":"@webdo_tn","twitter_misc":{"\u00c9crit par":"Ne\u00efla DRISS","Dur\u00e9e de lecture estim\u00e9e":"6 minutes"},"schema":{"@context":"https:\/\/schema.org","@graph":[{"@type":"NewsArticle","@id":"https:\/\/www.webdo.tn\/fr\/actualite\/culture\/femmes-et-cinema-pink-popcorn-fete-ses-deux-ans-d-echanges-passionnes\/204714\/#article","isPartOf":{"@id":"https:\/\/www.webdo.tn\/fr\/actualite\/culture\/femmes-et-cinema-pink-popcorn-fete-ses-deux-ans-d-echanges-passionnes\/204714\/"},"author":{"name":"Ne\u00efla DRISS","@id":"https:\/\/www.webdo.tn\/fr\/#\/schema\/person\/60d5ba619ed3f58783b0dc82b7dada80"},"headline":"Femmes et cin\u00e9ma : Pink Popcorn f\u00eate ses deux ans d&rsquo;\u00e9changes passionn\u00e9s !","datePublished":"2023-04-10T12:40:00+00:00","dateModified":"2025-05-21T08:56:52+00:00","mainEntityOfPage":{"@id":"https:\/\/www.webdo.tn\/fr\/actualite\/culture\/femmes-et-cinema-pink-popcorn-fete-ses-deux-ans-d-echanges-passionnes\/204714\/"},"wordCount":1168,"commentCount":0,"publisher":{"@id":"https:\/\/www.webdo.tn\/fr\/#organization"},"image":{"@id":"https:\/\/www.webdo.tn\/fr\/actualite\/culture\/femmes-et-cinema-pink-popcorn-fete-ses-deux-ans-d-echanges-passionnes\/204714\/#primaryimage"},"thumbnailUrl":"https:\/\/www.webdo.tn\/fr\/wp-content\/uploads\/2023\/04\/bbfe7d3e98992a1d1c78f7ee177876d8.jpeg","keywords":["Cin\u00e9ma","cin\u00e9phile","femmes","Groupe facebook","Pink Popcorn"],"articleSection":["Culture"],"inLanguage":"fr-FR"},{"@type":"WebPage","@id":"https:\/\/www.webdo.tn\/fr\/actualite\/culture\/femmes-et-cinema-pink-popcorn-fete-ses-deux-ans-d-echanges-passionnes\/204714\/","url":"https:\/\/www.webdo.tn\/fr\/actualite\/culture\/femmes-et-cinema-pink-popcorn-fete-ses-deux-ans-d-echanges-passionnes\/204714\/","name":"Femmes et cin\u00e9ma : Pink Popcorn f\u00eate ses deux ans d'\u00e9changes passionn\u00e9s !","isPartOf":{"@id":"https:\/\/www.webdo.tn\/fr\/#website"},"primaryImageOfPage":{"@id":"https:\/\/www.webdo.tn\/fr\/actualite\/culture\/femmes-et-cinema-pink-popcorn-fete-ses-deux-ans-d-echanges-passionnes\/204714\/#primaryimage"},"image":{"@id":"https:\/\/www.webdo.tn\/fr\/actualite\/culture\/femmes-et-cinema-pink-popcorn-fete-ses-deux-ans-d-echanges-passionnes\/204714\/#primaryimage"},"thumbnailUrl":"https:\/\/www.webdo.tn\/fr\/wp-content\/uploads\/2023\/04\/bbfe7d3e98992a1d1c78f7ee177876d8.jpeg","datePublished":"2023-04-10T12:40:00+00:00","dateModified":"2025-05-21T08:56:52+00:00","description":"Pink Popcorn, un groupe Facebook exclusivement r\u00e9serv\u00e9 aux femmes, a f\u00eat\u00e9 son deuxi\u00e8me anniversaire il y a quelques jours.Le groupe a \u00e9t\u00e9 cr\u00e9\u00e9 le 1er avril 2021...","breadcrumb":{"@id":"https:\/\/www.webdo.tn\/fr\/actualite\/culture\/femmes-et-cinema-pink-popcorn-fete-ses-deux-ans-d-echanges-passionnes\/204714\/#breadcrumb"},"inLanguage":"fr-FR","potentialAction":[{"@type":"ReadAction","target":["https:\/\/www.webdo.tn\/fr\/actualite\/culture\/femmes-et-cinema-pink-popcorn-fete-ses-deux-ans-d-echanges-passionnes\/204714\/"]}]},{"@type":"ImageObject","inLanguage":"fr-FR","@id":"https:\/\/www.webdo.tn\/fr\/actualite\/culture\/femmes-et-cinema-pink-popcorn-fete-ses-deux-ans-d-echanges-passionnes\/204714\/#primaryimage","url":"https:\/\/www.webdo.tn\/fr\/wp-content\/uploads\/2023\/04\/bbfe7d3e98992a1d1c78f7ee177876d8.jpeg","contentUrl":"https:\/\/www.webdo.tn\/fr\/wp-content\/uploads\/2023\/04\/bbfe7d3e98992a1d1c78f7ee177876d8.jpeg","width":750,"height":400,"caption":"Femmes et cin\u00e9ma : Pink Popcorn f\u00eate ses deux ans d'\u00e9changes passionn\u00e9s !"},{"@type":"BreadcrumbList","@id":"https:\/\/www.webdo.tn\/fr\/actualite\/culture\/femmes-et-cinema-pink-popcorn-fete-ses-deux-ans-d-echanges-passionnes\/204714\/#breadcrumb","itemListElement":[{"@type":"ListItem","position":1,"name":"Accueil","item":"https:\/\/www.webdo.tn\/fr\/"},{"@type":"ListItem","position":2,"name":"Femmes et cin\u00e9ma : Pink Popcorn f\u00eate ses deux ans d&rsquo;\u00e9changes passionn\u00e9s !"}]},{"@type":"WebSite","@id":"https:\/\/www.webdo.tn\/fr\/#website","url":"https:\/\/www.webdo.tn\/fr\/","name":"webdo","description":"Tunisie - News en Tunisie et \u00e0 l&#039;international sur Webdo.tn","publisher":{"@id":"https:\/\/www.webdo.tn\/fr\/#organization"},"potentialAction":[{"@type":"SearchAction","target":{"@type":"EntryPoint","urlTemplate":"https:\/\/www.webdo.tn\/fr\/?s={search_term_string}"},"query-input":{"@type":"PropertyValueSpecification","valueRequired":true,"valueName":"search_term_string"}}],"inLanguage":"fr-FR"},{"@type":"Organization","@id":"https:\/\/www.webdo.tn\/fr\/#organization","name":"Webdo","alternateName":"Webdo.tn","url":"https:\/\/www.webdo.tn\/fr\/","logo":{"@type":"ImageObject","inLanguage":"fr-FR","@id":"https:\/\/www.webdo.tn\/fr\/#\/schema\/logo\/image\/","url":"https:\/\/www.webdo.tn\/fr\/wp-content\/uploads\/2025\/06\/Webdo-Tunisie_168377.jpg","contentUrl":"https:\/\/www.webdo.tn\/fr\/wp-content\/uploads\/2025\/06\/Webdo-Tunisie_168377.jpg","width":301,"height":301,"caption":"Webdo"},"image":{"@id":"https:\/\/www.webdo.tn\/fr\/#\/schema\/logo\/image\/"},"sameAs":["https:\/\/www.facebook.com\/webdotn","https:\/\/x.com\/webdo_tn"],"description":"Webdo est un m\u00e9dia num\u00e9rique tunisien fond\u00e9 en 2010, sp\u00e9cialis\u00e9 dans l\u2019actualit\u00e9 nationale et internationale, l\u2019\u00e9conomie, la soci\u00e9t\u00e9 et les analyses politiques. Le site s\u2019adresse \u00e0 un large public francophone et couvre l\u2019information tunisienne en temps r\u00e9el.","email":"redac@webdo.tn","legalName":"YNJ SARL","foundingDate":"2010-09-06","numberOfEmployees":{"@type":"QuantitativeValue","minValue":"11","maxValue":"50"}},{"@type":"Person","@id":"https:\/\/www.webdo.tn\/fr\/#\/schema\/person\/60d5ba619ed3f58783b0dc82b7dada80","name":"Ne\u00efla DRISS","image":{"@type":"ImageObject","inLanguage":"fr-FR","@id":"https:\/\/www.webdo.tn\/fr\/wp-content\/uploads\/2026\/04\/neila-driss_avatar-96x96.jpg","url":"https:\/\/www.webdo.tn\/fr\/wp-content\/uploads\/2026\/04\/neila-driss_avatar-96x96.jpg","contentUrl":"https:\/\/www.webdo.tn\/fr\/wp-content\/uploads\/2026\/04\/neila-driss_avatar-96x96.jpg","caption":"Ne\u00efla DRISS"},"description":"Ne\u00efla Driss est juriste, journaliste culturelle et critique de cin\u00e9ma tunisienne. Titulaire d\u2019un DEA en droit priv\u00e9 de l\u2019Universit\u00e9 Paris II et d\u2019un DESS de l\u2019IHEC Carthage, elle d\u00e9bute sa carri\u00e8re comme juriste sp\u00e9cialis\u00e9e en gestion de patrimoine immobilier. Elle s\u2019oriente ensuite vers l\u2019\u00e9criture en ligne, o\u00f9 elle se distingue d\u00e8s 2006 aux Tunisia Blog Awards, avant de se consacrer au journalisme culturel, avec une sp\u00e9cialisation dans la critique cin\u00e9matographique. Elle couvre r\u00e9guli\u00e8rement les grands festivals internationaux, notamment le Festival de Cannes, les Journ\u00e9es Cin\u00e9matographiques de Carthage et le Festival du film du Caire. Membre de l\u2019ATPCC et de la FIPRESCI, elle participe \u00e0 des jurys et initiatives internationales de critique. Depuis 2024, elle est \u00e9lectrice internationale aux Golden Globes. Facebook : https:\/\/www.facebook.com\/massir.destiniii\/ X : https:\/\/x.com\/MassirDestin","sameAs":["https:\/\/www.facebook.com\/massir.destiniii\/","https:\/\/www.instagram.com\/neila.driss\/?hl=fr","https:\/\/www.linkedin.com\/in\/neila-driss-22606a80\/","https:\/\/x.com\/https:\/\/x.com\/MassirDestin"],"knowsAbout":["Cin\u00e9ma international","critique cin\u00e9matographique","festivals de cin\u00e9ma","journalisme culturel"],"knowsLanguage":["Fran\u00e7ais","Arabe","Anglais"],"jobTitle":"Journaliste culturelle et critique de cin\u00e9ma","worksFor":"Webdo","url":"https:\/\/www.webdo.tn\/fr\/actualite\/author\/neila-driss\/"}]}},"_links":{"self":[{"href":"https:\/\/www.webdo.tn\/fr\/wp-json\/wp\/v2\/posts\/204714","targetHints":{"allow":["GET"]}}],"collection":[{"href":"https:\/\/www.webdo.tn\/fr\/wp-json\/wp\/v2\/posts"}],"about":[{"href":"https:\/\/www.webdo.tn\/fr\/wp-json\/wp\/v2\/types\/post"}],"author":[{"embeddable":true,"href":"https:\/\/www.webdo.tn\/fr\/wp-json\/wp\/v2\/users\/3164"}],"replies":[{"embeddable":true,"href":"https:\/\/www.webdo.tn\/fr\/wp-json\/wp\/v2\/comments?post=204714"}],"version-history":[{"count":0,"href":"https:\/\/www.webdo.tn\/fr\/wp-json\/wp\/v2\/posts\/204714\/revisions"}],"wp:featuredmedia":[{"embeddable":true,"href":"https:\/\/www.webdo.tn\/fr\/wp-json\/wp\/v2\/media\/278067"}],"wp:attachment":[{"href":"https:\/\/www.webdo.tn\/fr\/wp-json\/wp\/v2\/media?parent=204714"}],"wp:term":[{"taxonomy":"category","embeddable":true,"href":"https:\/\/www.webdo.tn\/fr\/wp-json\/wp\/v2\/categories?post=204714"},{"taxonomy":"post_tag","embeddable":true,"href":"https:\/\/www.webdo.tn\/fr\/wp-json\/wp\/v2\/tags?post=204714"}],"curies":[{"name":"wp","href":"https:\/\/api.w.org\/{rel}","templated":true}]}}