{"id":204705,"date":"2023-04-10T09:44:00","date_gmt":"2023-04-10T09:44:00","guid":{"rendered":"https:\/\/www.webdo.tn\/fr\/blog\/les-villages-sos-autorises-a-collecter-la-zakat-et-les-dons-par-sms\/204705\/"},"modified":"2025-05-20T22:44:22","modified_gmt":"2025-05-20T22:44:22","slug":"les-villages-sos-autorises-a-collecter-la-zakat-et-les-dons-par-sms","status":"publish","type":"post","link":"https:\/\/www.webdo.tn\/fr\/actualite\/national\/les-villages-sos-autorises-a-collecter-la-zakat-et-les-dons-par-sms\/204705\/","title":{"rendered":"Les Villages SOS autoris\u00e9s \u00e0 collecter la Zakat et les dons par SMS"},"content":{"rendered":"<p>Pour la cinqui\u00e8me ann\u00e9e cons\u00e9cutive, l\u2019Association SOS Villages d\u2019Enfants a \u00e9t\u00e9 autoris\u00e9e par le gouvernement \u00e0 lancer une campagne de collecte de dons via SMS.<\/p>\n<p>\t\t\t\t\t\t\t\t\tL\u2019association a pr\u00e9cis\u00e9 que le prix d\u2019un SMS est de deux dinars exempt\u00e9s de taxes pour l&rsquo;op\u00e9ration de \u00ab\u00a0zakat\u00a0\u00bb ou de dons et ce durant trois mois.\u00a0<\/p>\n<p>Les SMS sont \u00e0 envoyer au 85510 pour les clients des op\u00e9rateurs t\u00e9l\u00e9phoniques Tunisie Telecom, Ooredoo et Orange.<\/p>\n","protected":false},"excerpt":{"rendered":"<p>Pour la cinqui\u00e8me ann\u00e9e cons\u00e9cutive, l\u2019Association SOS Villages d\u2019Enfants a \u00e9t\u00e9 autoris\u00e9e par le gouvernement \u00e0 lancer une campagne de collecte de dons via SMS.<\/p>\n","protected":false},"author":3175,"featured_media":251487,"comment_status":"open","ping_status":"closed","sticky":false,"template":"","format":"standard","meta":{"footnotes":""},"categories":[44],"tags":[8579,2608],"class_list":["post-204705","post","type-post","status-publish","format-standard","has-post-thumbnail","hentry","category-national","tag-sos","tag-tunisie"],"yoast_head":"<!-- This site is optimized with the Yoast SEO Premium plugin v27.4 (Yoast SEO v27.4) - https:\/\/yoast.com\/product\/yoast-seo-premium-wordpress\/ -->\n<title>Les Villages SOS autoris\u00e9s \u00e0 collecter la Zakat et les dons par SMS<\/title>\n<meta name=\"description\" content=\"Pour la cinqui\u00e8me ann\u00e9e cons\u00e9cutive, l\u2019Association SOS Villages d\u2019Enfants a \u00e9t\u00e9 autoris\u00e9e par le gouvernement \u00e0 lancer une campagne de collecte de dons via SMS.\" \/>\n<link rel=\"canonical\" href=\"https:\/\/www.webdo.tn\/fr\/actualite\/national\/les-villages-sos-autorises-a-collecter-la-zakat-et-les-dons-par-sms\/204705\/\" \/>\n<meta property=\"og:locale\" content=\"fr_FR\" \/>\n<meta property=\"og:type\" content=\"article\" \/>\n<meta property=\"og:title\" content=\"Les Villages SOS autoris\u00e9s \u00e0 collecter la Zakat et les dons par SMS\" \/>\n<meta property=\"og:description\" content=\"Pour la cinqui\u00e8me ann\u00e9e cons\u00e9cutive, l\u2019Association SOS Villages d\u2019Enfants a \u00e9t\u00e9 autoris\u00e9e par le gouvernement \u00e0 lancer une campagne de collecte de dons via SMS.\" \/>\n<meta property=\"og:url\" content=\"https:\/\/www.webdo.tn\/fr\/actualite\/national\/les-villages-sos-autorises-a-collecter-la-zakat-et-les-dons-par-sms\/204705\/\" \/>\n<meta property=\"og:site_name\" content=\"webdo\" \/>\n<meta property=\"article:publisher\" content=\"https:\/\/www.facebook.com\/webdotn\" \/>\n<meta property=\"article:published_time\" content=\"2023-04-10T09:44:00+00:00\" \/>\n<meta property=\"article:modified_time\" content=\"2025-05-20T22:44:22+00:00\" \/>\n<meta property=\"og:image\" content=\"https:\/\/www.webdo.tn\/fr\/wp-content\/uploads\/2023\/04\/e4e81f4521312a47bea117f8e6a5718c.png\" \/>\n\t<meta property=\"og:image:width\" content=\"750\" \/>\n\t<meta property=\"og:image:height\" content=\"400\" \/>\n\t<meta property=\"og:image:type\" content=\"image\/png\" \/>\n<meta name=\"author\" content=\"CL\" \/>\n<meta name=\"twitter:card\" content=\"summary_large_image\" \/>\n<meta name=\"twitter:creator\" content=\"@webdo_tn\" \/>\n<meta name=\"twitter:site\" content=\"@webdo_tn\" \/>\n<meta name=\"twitter:label1\" content=\"\u00c9crit par\" \/>\n\t<meta name=\"twitter:data1\" content=\"CL\" \/>\n<script type=\"application\/ld+json\" class=\"yoast-schema-graph\">{\"@context\":\"https:\\\/\\\/schema.org\",\"@graph\":[{\"@type\":\"NewsArticle\",\"@id\":\"https:\\\/\\\/www.webdo.tn\\\/fr\\\/actualite\\\/national\\\/les-villages-sos-autorises-a-collecter-la-zakat-et-les-dons-par-sms\\\/204705\\\/#article\",\"isPartOf\":{\"@id\":\"https:\\\/\\\/www.webdo.tn\\\/fr\\\/actualite\\\/national\\\/les-villages-sos-autorises-a-collecter-la-zakat-et-les-dons-par-sms\\\/204705\\\/\"},\"author\":{\"name\":\"CL\",\"@id\":\"https:\\\/\\\/www.webdo.tn\\\/fr\\\/#\\\/schema\\\/person\\\/f35b42a42c5e2511bbd282959d6385cc\"},\"headline\":\"Les Villages SOS autoris\u00e9s \u00e0 collecter la Zakat et les dons par SMS\",\"datePublished\":\"2023-04-10T09:44:00+00:00\",\"dateModified\":\"2025-05-20T22:44:22+00:00\",\"mainEntityOfPage\":{\"@id\":\"https:\\\/\\\/www.webdo.tn\\\/fr\\\/actualite\\\/national\\\/les-villages-sos-autorises-a-collecter-la-zakat-et-les-dons-par-sms\\\/204705\\\/\"},\"wordCount\":95,\"commentCount\":0,\"publisher\":{\"@id\":\"https:\\\/\\\/www.webdo.tn\\\/fr\\\/#organization\"},\"image\":{\"@id\":\"https:\\\/\\\/www.webdo.tn\\\/fr\\\/actualite\\\/national\\\/les-villages-sos-autorises-a-collecter-la-zakat-et-les-dons-par-sms\\\/204705\\\/#primaryimage\"},\"thumbnailUrl\":\"https:\\\/\\\/www.webdo.tn\\\/fr\\\/wp-content\\\/uploads\\\/2023\\\/04\\\/e4e81f4521312a47bea117f8e6a5718c.png\",\"keywords\":[\"SOS\",\"Tunisie\"],\"articleSection\":[\"National\"],\"inLanguage\":\"fr-FR\"},{\"@type\":\"WebPage\",\"@id\":\"https:\\\/\\\/www.webdo.tn\\\/fr\\\/actualite\\\/national\\\/les-villages-sos-autorises-a-collecter-la-zakat-et-les-dons-par-sms\\\/204705\\\/\",\"url\":\"https:\\\/\\\/www.webdo.tn\\\/fr\\\/actualite\\\/national\\\/les-villages-sos-autorises-a-collecter-la-zakat-et-les-dons-par-sms\\\/204705\\\/\",\"name\":\"Les Villages SOS autoris\u00e9s \u00e0 collecter la Zakat et les dons par SMS\",\"isPartOf\":{\"@id\":\"https:\\\/\\\/www.webdo.tn\\\/fr\\\/#website\"},\"primaryImageOfPage\":{\"@id\":\"https:\\\/\\\/www.webdo.tn\\\/fr\\\/actualite\\\/national\\\/les-villages-sos-autorises-a-collecter-la-zakat-et-les-dons-par-sms\\\/204705\\\/#primaryimage\"},\"image\":{\"@id\":\"https:\\\/\\\/www.webdo.tn\\\/fr\\\/actualite\\\/national\\\/les-villages-sos-autorises-a-collecter-la-zakat-et-les-dons-par-sms\\\/204705\\\/#primaryimage\"},\"thumbnailUrl\":\"https:\\\/\\\/www.webdo.tn\\\/fr\\\/wp-content\\\/uploads\\\/2023\\\/04\\\/e4e81f4521312a47bea117f8e6a5718c.png\",\"datePublished\":\"2023-04-10T09:44:00+00:00\",\"dateModified\":\"2025-05-20T22:44:22+00:00\",\"description\":\"Pour la cinqui\u00e8me ann\u00e9e cons\u00e9cutive, l\u2019Association SOS Villages d\u2019Enfants a \u00e9t\u00e9 autoris\u00e9e par le gouvernement \u00e0 lancer une campagne de collecte de dons via SMS.\",\"breadcrumb\":{\"@id\":\"https:\\\/\\\/www.webdo.tn\\\/fr\\\/actualite\\\/national\\\/les-villages-sos-autorises-a-collecter-la-zakat-et-les-dons-par-sms\\\/204705\\\/#breadcrumb\"},\"inLanguage\":\"fr-FR\",\"potentialAction\":[{\"@type\":\"ReadAction\",\"target\":[\"https:\\\/\\\/www.webdo.tn\\\/fr\\\/actualite\\\/national\\\/les-villages-sos-autorises-a-collecter-la-zakat-et-les-dons-par-sms\\\/204705\\\/\"]}]},{\"@type\":\"ImageObject\",\"inLanguage\":\"fr-FR\",\"@id\":\"https:\\\/\\\/www.webdo.tn\\\/fr\\\/actualite\\\/national\\\/les-villages-sos-autorises-a-collecter-la-zakat-et-les-dons-par-sms\\\/204705\\\/#primaryimage\",\"url\":\"https:\\\/\\\/www.webdo.tn\\\/fr\\\/wp-content\\\/uploads\\\/2023\\\/04\\\/e4e81f4521312a47bea117f8e6a5718c.png\",\"contentUrl\":\"https:\\\/\\\/www.webdo.tn\\\/fr\\\/wp-content\\\/uploads\\\/2023\\\/04\\\/e4e81f4521312a47bea117f8e6a5718c.png\",\"width\":750,\"height\":400,\"caption\":\"SOS\"},{\"@type\":\"BreadcrumbList\",\"@id\":\"https:\\\/\\\/www.webdo.tn\\\/fr\\\/actualite\\\/national\\\/les-villages-sos-autorises-a-collecter-la-zakat-et-les-dons-par-sms\\\/204705\\\/#breadcrumb\",\"itemListElement\":[{\"@type\":\"ListItem\",\"position\":1,\"name\":\"Accueil\",\"item\":\"https:\\\/\\\/www.webdo.tn\\\/fr\\\/\"},{\"@type\":\"ListItem\",\"position\":2,\"name\":\"Les Villages SOS autoris\u00e9s \u00e0 collecter la Zakat et les dons par SMS\"}]},{\"@type\":\"WebSite\",\"@id\":\"https:\\\/\\\/www.webdo.tn\\\/fr\\\/#website\",\"url\":\"https:\\\/\\\/www.webdo.tn\\\/fr\\\/\",\"name\":\"webdo\",\"description\":\"Tunisie - News en Tunisie et \u00e0 l&#039;international sur Webdo.tn\",\"publisher\":{\"@id\":\"https:\\\/\\\/www.webdo.tn\\\/fr\\\/#organization\"},\"potentialAction\":[{\"@type\":\"SearchAction\",\"target\":{\"@type\":\"EntryPoint\",\"urlTemplate\":\"https:\\\/\\\/www.webdo.tn\\\/fr\\\/?s={search_term_string}\"},\"query-input\":{\"@type\":\"PropertyValueSpecification\",\"valueRequired\":true,\"valueName\":\"search_term_string\"}}],\"inLanguage\":\"fr-FR\"},{\"@type\":\"Organization\",\"@id\":\"https:\\\/\\\/www.webdo.tn\\\/fr\\\/#organization\",\"name\":\"Webdo\",\"alternateName\":\"Webdo.tn\",\"url\":\"https:\\\/\\\/www.webdo.tn\\\/fr\\\/\",\"logo\":{\"@type\":\"ImageObject\",\"inLanguage\":\"fr-FR\",\"@id\":\"https:\\\/\\\/www.webdo.tn\\\/fr\\\/#\\\/schema\\\/logo\\\/image\\\/\",\"url\":\"https:\\\/\\\/www.webdo.tn\\\/fr\\\/wp-content\\\/uploads\\\/2025\\\/06\\\/Webdo-Tunisie_168377.jpg\",\"contentUrl\":\"https:\\\/\\\/www.webdo.tn\\\/fr\\\/wp-content\\\/uploads\\\/2025\\\/06\\\/Webdo-Tunisie_168377.jpg\",\"width\":301,\"height\":301,\"caption\":\"Webdo\"},\"image\":{\"@id\":\"https:\\\/\\\/www.webdo.tn\\\/fr\\\/#\\\/schema\\\/logo\\\/image\\\/\"},\"sameAs\":[\"https:\\\/\\\/www.facebook.com\\\/webdotn\",\"https:\\\/\\\/x.com\\\/webdo_tn\"],\"description\":\"Webdo est un m\u00e9dia num\u00e9rique tunisien fond\u00e9 en 2010, sp\u00e9cialis\u00e9 dans l\u2019actualit\u00e9 nationale et internationale, l\u2019\u00e9conomie, la soci\u00e9t\u00e9 et les analyses politiques. Le site s\u2019adresse \u00e0 un large public francophone et couvre l\u2019information tunisienne en temps r\u00e9el.\",\"email\":\"redac@webdo.tn\",\"legalName\":\"YNJ SARL\",\"foundingDate\":\"2010-09-06\",\"numberOfEmployees\":{\"@type\":\"QuantitativeValue\",\"minValue\":\"11\",\"maxValue\":\"50\"}},{\"@type\":\"Person\",\"@id\":\"https:\\\/\\\/www.webdo.tn\\\/fr\\\/#\\\/schema\\\/person\\\/f35b42a42c5e2511bbd282959d6385cc\",\"name\":\"CL\",\"image\":{\"@type\":\"ImageObject\",\"inLanguage\":\"fr-FR\",\"@id\":\"https:\\\/\\\/secure.gravatar.com\\\/avatar\\\/1447a49909b67aa657c488aec6512e1dd6143a480c1ecfee9b5b5cd74eb3b59e?s=96&d=mm&r=g\",\"url\":\"https:\\\/\\\/secure.gravatar.com\\\/avatar\\\/1447a49909b67aa657c488aec6512e1dd6143a480c1ecfee9b5b5cd74eb3b59e?s=96&d=mm&r=g\",\"contentUrl\":\"https:\\\/\\\/secure.gravatar.com\\\/avatar\\\/1447a49909b67aa657c488aec6512e1dd6143a480c1ecfee9b5b5cd74eb3b59e?s=96&d=mm&r=g\",\"caption\":\"CL\"},\"url\":\"https:\\\/\\\/www.webdo.tn\\\/fr\\\/actualite\\\/author\\\/cl\\\/\"}]}<\/script>\n<!-- \/ Yoast SEO Premium plugin. -->","yoast_head_json":{"title":"Les Villages SOS autoris\u00e9s \u00e0 collecter la Zakat et les dons par SMS","description":"Pour la cinqui\u00e8me ann\u00e9e cons\u00e9cutive, l\u2019Association SOS Villages d\u2019Enfants a \u00e9t\u00e9 autoris\u00e9e par le gouvernement \u00e0 lancer une campagne de collecte de dons via SMS.","canonical":"https:\/\/www.webdo.tn\/fr\/actualite\/national\/les-villages-sos-autorises-a-collecter-la-zakat-et-les-dons-par-sms\/204705\/","og_locale":"fr_FR","og_type":"article","og_title":"Les Villages SOS autoris\u00e9s \u00e0 collecter la Zakat et les dons par SMS","og_description":"Pour la cinqui\u00e8me ann\u00e9e cons\u00e9cutive, l\u2019Association SOS Villages d\u2019Enfants a \u00e9t\u00e9 autoris\u00e9e par le gouvernement \u00e0 lancer une campagne de collecte de dons via SMS.","og_url":"https:\/\/www.webdo.tn\/fr\/actualite\/national\/les-villages-sos-autorises-a-collecter-la-zakat-et-les-dons-par-sms\/204705\/","og_site_name":"webdo","article_publisher":"https:\/\/www.facebook.com\/webdotn","article_published_time":"2023-04-10T09:44:00+00:00","article_modified_time":"2025-05-20T22:44:22+00:00","og_image":[{"width":750,"height":400,"url":"https:\/\/www.webdo.tn\/fr\/wp-content\/uploads\/2023\/04\/e4e81f4521312a47bea117f8e6a5718c.png","type":"image\/png"}],"author":"CL","twitter_card":"summary_large_image","twitter_creator":"@webdo_tn","twitter_site":"@webdo_tn","twitter_misc":{"\u00c9crit par":"CL"},"schema":{"@context":"https:\/\/schema.org","@graph":[{"@type":"NewsArticle","@id":"https:\/\/www.webdo.tn\/fr\/actualite\/national\/les-villages-sos-autorises-a-collecter-la-zakat-et-les-dons-par-sms\/204705\/#article","isPartOf":{"@id":"https:\/\/www.webdo.tn\/fr\/actualite\/national\/les-villages-sos-autorises-a-collecter-la-zakat-et-les-dons-par-sms\/204705\/"},"author":{"name":"CL","@id":"https:\/\/www.webdo.tn\/fr\/#\/schema\/person\/f35b42a42c5e2511bbd282959d6385cc"},"headline":"Les Villages SOS autoris\u00e9s \u00e0 collecter la Zakat et les dons par SMS","datePublished":"2023-04-10T09:44:00+00:00","dateModified":"2025-05-20T22:44:22+00:00","mainEntityOfPage":{"@id":"https:\/\/www.webdo.tn\/fr\/actualite\/national\/les-villages-sos-autorises-a-collecter-la-zakat-et-les-dons-par-sms\/204705\/"},"wordCount":95,"commentCount":0,"publisher":{"@id":"https:\/\/www.webdo.tn\/fr\/#organization"},"image":{"@id":"https:\/\/www.webdo.tn\/fr\/actualite\/national\/les-villages-sos-autorises-a-collecter-la-zakat-et-les-dons-par-sms\/204705\/#primaryimage"},"thumbnailUrl":"https:\/\/www.webdo.tn\/fr\/wp-content\/uploads\/2023\/04\/e4e81f4521312a47bea117f8e6a5718c.png","keywords":["SOS","Tunisie"],"articleSection":["National"],"inLanguage":"fr-FR"},{"@type":"WebPage","@id":"https:\/\/www.webdo.tn\/fr\/actualite\/national\/les-villages-sos-autorises-a-collecter-la-zakat-et-les-dons-par-sms\/204705\/","url":"https:\/\/www.webdo.tn\/fr\/actualite\/national\/les-villages-sos-autorises-a-collecter-la-zakat-et-les-dons-par-sms\/204705\/","name":"Les Villages SOS autoris\u00e9s \u00e0 collecter la Zakat et les dons par SMS","isPartOf":{"@id":"https:\/\/www.webdo.tn\/fr\/#website"},"primaryImageOfPage":{"@id":"https:\/\/www.webdo.tn\/fr\/actualite\/national\/les-villages-sos-autorises-a-collecter-la-zakat-et-les-dons-par-sms\/204705\/#primaryimage"},"image":{"@id":"https:\/\/www.webdo.tn\/fr\/actualite\/national\/les-villages-sos-autorises-a-collecter-la-zakat-et-les-dons-par-sms\/204705\/#primaryimage"},"thumbnailUrl":"https:\/\/www.webdo.tn\/fr\/wp-content\/uploads\/2023\/04\/e4e81f4521312a47bea117f8e6a5718c.png","datePublished":"2023-04-10T09:44:00+00:00","dateModified":"2025-05-20T22:44:22+00:00","description":"Pour la cinqui\u00e8me ann\u00e9e cons\u00e9cutive, l\u2019Association SOS Villages d\u2019Enfants a \u00e9t\u00e9 autoris\u00e9e par le gouvernement \u00e0 lancer une campagne de collecte de dons via SMS.","breadcrumb":{"@id":"https:\/\/www.webdo.tn\/fr\/actualite\/national\/les-villages-sos-autorises-a-collecter-la-zakat-et-les-dons-par-sms\/204705\/#breadcrumb"},"inLanguage":"fr-FR","potentialAction":[{"@type":"ReadAction","target":["https:\/\/www.webdo.tn\/fr\/actualite\/national\/les-villages-sos-autorises-a-collecter-la-zakat-et-les-dons-par-sms\/204705\/"]}]},{"@type":"ImageObject","inLanguage":"fr-FR","@id":"https:\/\/www.webdo.tn\/fr\/actualite\/national\/les-villages-sos-autorises-a-collecter-la-zakat-et-les-dons-par-sms\/204705\/#primaryimage","url":"https:\/\/www.webdo.tn\/fr\/wp-content\/uploads\/2023\/04\/e4e81f4521312a47bea117f8e6a5718c.png","contentUrl":"https:\/\/www.webdo.tn\/fr\/wp-content\/uploads\/2023\/04\/e4e81f4521312a47bea117f8e6a5718c.png","width":750,"height":400,"caption":"SOS"},{"@type":"BreadcrumbList","@id":"https:\/\/www.webdo.tn\/fr\/actualite\/national\/les-villages-sos-autorises-a-collecter-la-zakat-et-les-dons-par-sms\/204705\/#breadcrumb","itemListElement":[{"@type":"ListItem","position":1,"name":"Accueil","item":"https:\/\/www.webdo.tn\/fr\/"},{"@type":"ListItem","position":2,"name":"Les Villages SOS autoris\u00e9s \u00e0 collecter la Zakat et les dons par SMS"}]},{"@type":"WebSite","@id":"https:\/\/www.webdo.tn\/fr\/#website","url":"https:\/\/www.webdo.tn\/fr\/","name":"webdo","description":"Tunisie - News en Tunisie et \u00e0 l&#039;international sur Webdo.tn","publisher":{"@id":"https:\/\/www.webdo.tn\/fr\/#organization"},"potentialAction":[{"@type":"SearchAction","target":{"@type":"EntryPoint","urlTemplate":"https:\/\/www.webdo.tn\/fr\/?s={search_term_string}"},"query-input":{"@type":"PropertyValueSpecification","valueRequired":true,"valueName":"search_term_string"}}],"inLanguage":"fr-FR"},{"@type":"Organization","@id":"https:\/\/www.webdo.tn\/fr\/#organization","name":"Webdo","alternateName":"Webdo.tn","url":"https:\/\/www.webdo.tn\/fr\/","logo":{"@type":"ImageObject","inLanguage":"fr-FR","@id":"https:\/\/www.webdo.tn\/fr\/#\/schema\/logo\/image\/","url":"https:\/\/www.webdo.tn\/fr\/wp-content\/uploads\/2025\/06\/Webdo-Tunisie_168377.jpg","contentUrl":"https:\/\/www.webdo.tn\/fr\/wp-content\/uploads\/2025\/06\/Webdo-Tunisie_168377.jpg","width":301,"height":301,"caption":"Webdo"},"image":{"@id":"https:\/\/www.webdo.tn\/fr\/#\/schema\/logo\/image\/"},"sameAs":["https:\/\/www.facebook.com\/webdotn","https:\/\/x.com\/webdo_tn"],"description":"Webdo est un m\u00e9dia num\u00e9rique tunisien fond\u00e9 en 2010, sp\u00e9cialis\u00e9 dans l\u2019actualit\u00e9 nationale et internationale, l\u2019\u00e9conomie, la soci\u00e9t\u00e9 et les analyses politiques. Le site s\u2019adresse \u00e0 un large public francophone et couvre l\u2019information tunisienne en temps r\u00e9el.","email":"redac@webdo.tn","legalName":"YNJ SARL","foundingDate":"2010-09-06","numberOfEmployees":{"@type":"QuantitativeValue","minValue":"11","maxValue":"50"}},{"@type":"Person","@id":"https:\/\/www.webdo.tn\/fr\/#\/schema\/person\/f35b42a42c5e2511bbd282959d6385cc","name":"CL","image":{"@type":"ImageObject","inLanguage":"fr-FR","@id":"https:\/\/secure.gravatar.com\/avatar\/1447a49909b67aa657c488aec6512e1dd6143a480c1ecfee9b5b5cd74eb3b59e?s=96&d=mm&r=g","url":"https:\/\/secure.gravatar.com\/avatar\/1447a49909b67aa657c488aec6512e1dd6143a480c1ecfee9b5b5cd74eb3b59e?s=96&d=mm&r=g","contentUrl":"https:\/\/secure.gravatar.com\/avatar\/1447a49909b67aa657c488aec6512e1dd6143a480c1ecfee9b5b5cd74eb3b59e?s=96&d=mm&r=g","caption":"CL"},"url":"https:\/\/www.webdo.tn\/fr\/actualite\/author\/cl\/"}]}},"_links":{"self":[{"href":"https:\/\/www.webdo.tn\/fr\/wp-json\/wp\/v2\/posts\/204705","targetHints":{"allow":["GET"]}}],"collection":[{"href":"https:\/\/www.webdo.tn\/fr\/wp-json\/wp\/v2\/posts"}],"about":[{"href":"https:\/\/www.webdo.tn\/fr\/wp-json\/wp\/v2\/types\/post"}],"author":[{"embeddable":true,"href":"https:\/\/www.webdo.tn\/fr\/wp-json\/wp\/v2\/users\/3175"}],"replies":[{"embeddable":true,"href":"https:\/\/www.webdo.tn\/fr\/wp-json\/wp\/v2\/comments?post=204705"}],"version-history":[{"count":0,"href":"https:\/\/www.webdo.tn\/fr\/wp-json\/wp\/v2\/posts\/204705\/revisions"}],"wp:featuredmedia":[{"embeddable":true,"href":"https:\/\/www.webdo.tn\/fr\/wp-json\/wp\/v2\/media\/251487"}],"wp:attachment":[{"href":"https:\/\/www.webdo.tn\/fr\/wp-json\/wp\/v2\/media?parent=204705"}],"wp:term":[{"taxonomy":"category","embeddable":true,"href":"https:\/\/www.webdo.tn\/fr\/wp-json\/wp\/v2\/categories?post=204705"},{"taxonomy":"post_tag","embeddable":true,"href":"https:\/\/www.webdo.tn\/fr\/wp-json\/wp\/v2\/tags?post=204705"}],"curies":[{"name":"wp","href":"https:\/\/api.w.org\/{rel}","templated":true}]}}