{"id":204674,"date":"2023-04-08T12:08:00","date_gmt":"2023-04-08T12:08:00","guid":{"rendered":"https:\/\/www.webdo.tn\/fr\/blog\/ramadan-plus-de-162-mille-tonnes-de-produits-alimentaires-saisies\/204674\/"},"modified":"2025-05-20T22:08:25","modified_gmt":"2025-05-20T22:08:25","slug":"ramadan-plus-de-162-mille-tonnes-de-produits-alimentaires-saisies","status":"publish","type":"post","link":"https:\/\/www.webdo.tn\/fr\/actualite\/national\/ramadan-plus-de-162-mille-tonnes-de-produits-alimentaires-saisies\/204674\/","title":{"rendered":"Ramadan : Plus de 162 mille tonnes de produits alimentaires saisies"},"content":{"rendered":"<p>La premi\u00e8re quinzaine du Ramadan a \u00e9t\u00e9 prolifique aux \u00e9quipes d&rsquo;inspection relevant de l&rsquo;Instance nationale de la s\u00e9curit\u00e9 sanitaire de produits alimentaires (INSSPA). Celles-ci ont saisi plus de 162 mille tonnes de produits alimentaires.<\/p>\n<p>\t\t\t\t\t\t\t\t\tCes \u00e9quipes ont men\u00e9 12.068 op\u00e9rations de contr\u00f4le qui ont conduit \u00e0 saisir un totale de 162.656 tonnes de produits alimentaires au cours de la premi\u00e8re quinzaine du mois de Ramadan.<\/p>\n<p>Toujours lors de ces op\u00e9rations de contr\u00f4le 340 \u00e9chantillons alimentaires ont \u00e9t\u00e9 pr\u00e9lev\u00e9s pour analyse, alors que 507 proc\u00e8s-verbaux ont \u00e9t\u00e9 dress\u00e9s et 1078 cas de non-respect des normes de s\u00e9curit\u00e9 alimentaire enregistr\u00e9s.<\/p>\n<p>Selon ces chiffres de l&rsquo;INSSPA, les saisies comprennent 10.680 tonnes de produits de boulangerie, 5219 tonnes de viande et ses d\u00e9riv\u00e9s, 79.998 tonnes de semi-conserves, 8804 tonnes d&rsquo;\u00e9pices, etc.<\/p>\n<p>L&rsquo;INSSPA rappelle, par ailleurs, qu\u2019un num\u00e9ro vert a \u00e9t\u00e9 mis \u00e0 la disposition du public \u2013 71.904.100 &#8211; pour recevoir les r\u00e9clamations.<\/p>\n","protected":false},"excerpt":{"rendered":"<p>La premi\u00e8re quinzaine du Ramadan a \u00e9t\u00e9 prolifique aux \u00e9quipes d&rsquo;inspection relevant de l&rsquo;Instance nationale de la s\u00e9curit\u00e9 sanitaire de produits alimentaires (I&#8230;<\/p>\n","protected":false},"author":3162,"featured_media":278053,"comment_status":"open","ping_status":"closed","sticky":false,"template":"","format":"standard","meta":{"footnotes":""},"categories":[44],"tags":[2792,3512,3613],"class_list":["post-204674","post","type-post","status-publish","format-standard","has-post-thumbnail","hentry","category-national","tag-produits-alimentaires","tag-ramadan","tag-saisie"],"yoast_head":"<!-- This site is optimized with the Yoast SEO Premium plugin v27.4 (Yoast SEO v27.5) - https:\/\/yoast.com\/product\/yoast-seo-premium-wordpress\/ -->\n<title>Ramadan : Plus de 162 mille tonnes de produits alimentaires saisies<\/title>\n<meta name=\"description\" content=\"La premi\u00e8re quinzaine du Ramadan a \u00e9t\u00e9 prolifique aux \u00e9quipes d&#039;inspection relevant de l&#039;Instance nationale de la s\u00e9curit\u00e9 sanitaire de produits alimentaires (I...\" \/>\n<link rel=\"canonical\" href=\"https:\/\/www.webdo.tn\/fr\/actualite\/national\/ramadan-plus-de-162-mille-tonnes-de-produits-alimentaires-saisies\/204674\/\" \/>\n<meta property=\"og:locale\" content=\"fr_FR\" \/>\n<meta property=\"og:type\" content=\"article\" \/>\n<meta property=\"og:title\" content=\"Ramadan : Plus de 162 mille tonnes de produits alimentaires saisies\" \/>\n<meta property=\"og:description\" content=\"La premi\u00e8re quinzaine du Ramadan a \u00e9t\u00e9 prolifique aux \u00e9quipes d&#039;inspection relevant de l&#039;Instance nationale de la s\u00e9curit\u00e9 sanitaire de produits alimentaires (I...\" \/>\n<meta property=\"og:url\" content=\"https:\/\/www.webdo.tn\/fr\/actualite\/national\/ramadan-plus-de-162-mille-tonnes-de-produits-alimentaires-saisies\/204674\/\" \/>\n<meta property=\"og:site_name\" content=\"webdo\" \/>\n<meta property=\"article:publisher\" content=\"https:\/\/www.facebook.com\/webdotn\" \/>\n<meta property=\"article:published_time\" content=\"2023-04-08T12:08:00+00:00\" \/>\n<meta property=\"article:modified_time\" content=\"2025-05-20T22:08:25+00:00\" \/>\n<meta property=\"og:image\" content=\"https:\/\/www.webdo.tn\/fr\/wp-content\/uploads\/2023\/04\/92da2a8082ebdf4601018f90d26f0ac8.jpg\" \/>\n\t<meta property=\"og:image:width\" content=\"750\" \/>\n\t<meta property=\"og:image:height\" content=\"400\" \/>\n\t<meta property=\"og:image:type\" content=\"image\/jpeg\" \/>\n<meta name=\"author\" content=\"MC\" \/>\n<meta name=\"twitter:card\" content=\"summary_large_image\" \/>\n<meta name=\"twitter:creator\" content=\"@webdo_tn\" \/>\n<meta name=\"twitter:site\" content=\"@webdo_tn\" \/>\n<meta name=\"twitter:label1\" content=\"\u00c9crit par\" \/>\n\t<meta name=\"twitter:data1\" content=\"MC\" \/>\n\t<meta name=\"twitter:label2\" content=\"Dur\u00e9e de lecture estim\u00e9e\" \/>\n\t<meta name=\"twitter:data2\" content=\"1 minute\" \/>\n<script type=\"application\/ld+json\" class=\"yoast-schema-graph\">{\"@context\":\"https:\\\/\\\/schema.org\",\"@graph\":[{\"@type\":\"NewsArticle\",\"@id\":\"https:\\\/\\\/www.webdo.tn\\\/fr\\\/actualite\\\/national\\\/ramadan-plus-de-162-mille-tonnes-de-produits-alimentaires-saisies\\\/204674\\\/#article\",\"isPartOf\":{\"@id\":\"https:\\\/\\\/www.webdo.tn\\\/fr\\\/actualite\\\/national\\\/ramadan-plus-de-162-mille-tonnes-de-produits-alimentaires-saisies\\\/204674\\\/\"},\"author\":{\"name\":\"MC\",\"@id\":\"https:\\\/\\\/www.webdo.tn\\\/fr\\\/#\\\/schema\\\/person\\\/2c4929cbf5a809e3bd38617c6ce150f6\"},\"headline\":\"Ramadan : Plus de 162 mille tonnes de produits alimentaires saisies\",\"datePublished\":\"2023-04-08T12:08:00+00:00\",\"dateModified\":\"2025-05-20T22:08:25+00:00\",\"mainEntityOfPage\":{\"@id\":\"https:\\\/\\\/www.webdo.tn\\\/fr\\\/actualite\\\/national\\\/ramadan-plus-de-162-mille-tonnes-de-produits-alimentaires-saisies\\\/204674\\\/\"},\"wordCount\":167,\"commentCount\":0,\"publisher\":{\"@id\":\"https:\\\/\\\/www.webdo.tn\\\/fr\\\/#organization\"},\"image\":{\"@id\":\"https:\\\/\\\/www.webdo.tn\\\/fr\\\/actualite\\\/national\\\/ramadan-plus-de-162-mille-tonnes-de-produits-alimentaires-saisies\\\/204674\\\/#primaryimage\"},\"thumbnailUrl\":\"https:\\\/\\\/www.webdo.tn\\\/fr\\\/wp-content\\\/uploads\\\/2023\\\/04\\\/92da2a8082ebdf4601018f90d26f0ac8.jpg\",\"keywords\":[\"produits alimentaires\",\"ramadan\",\"saisie\"],\"articleSection\":[\"National\"],\"inLanguage\":\"fr-FR\"},{\"@type\":\"WebPage\",\"@id\":\"https:\\\/\\\/www.webdo.tn\\\/fr\\\/actualite\\\/national\\\/ramadan-plus-de-162-mille-tonnes-de-produits-alimentaires-saisies\\\/204674\\\/\",\"url\":\"https:\\\/\\\/www.webdo.tn\\\/fr\\\/actualite\\\/national\\\/ramadan-plus-de-162-mille-tonnes-de-produits-alimentaires-saisies\\\/204674\\\/\",\"name\":\"Ramadan : Plus de 162 mille tonnes de produits alimentaires saisies\",\"isPartOf\":{\"@id\":\"https:\\\/\\\/www.webdo.tn\\\/fr\\\/#website\"},\"primaryImageOfPage\":{\"@id\":\"https:\\\/\\\/www.webdo.tn\\\/fr\\\/actualite\\\/national\\\/ramadan-plus-de-162-mille-tonnes-de-produits-alimentaires-saisies\\\/204674\\\/#primaryimage\"},\"image\":{\"@id\":\"https:\\\/\\\/www.webdo.tn\\\/fr\\\/actualite\\\/national\\\/ramadan-plus-de-162-mille-tonnes-de-produits-alimentaires-saisies\\\/204674\\\/#primaryimage\"},\"thumbnailUrl\":\"https:\\\/\\\/www.webdo.tn\\\/fr\\\/wp-content\\\/uploads\\\/2023\\\/04\\\/92da2a8082ebdf4601018f90d26f0ac8.jpg\",\"datePublished\":\"2023-04-08T12:08:00+00:00\",\"dateModified\":\"2025-05-20T22:08:25+00:00\",\"description\":\"La premi\u00e8re quinzaine du Ramadan a \u00e9t\u00e9 prolifique aux \u00e9quipes d'inspection relevant de l'Instance nationale de la s\u00e9curit\u00e9 sanitaire de produits alimentaires (I...\",\"breadcrumb\":{\"@id\":\"https:\\\/\\\/www.webdo.tn\\\/fr\\\/actualite\\\/national\\\/ramadan-plus-de-162-mille-tonnes-de-produits-alimentaires-saisies\\\/204674\\\/#breadcrumb\"},\"inLanguage\":\"fr-FR\",\"potentialAction\":[{\"@type\":\"ReadAction\",\"target\":[\"https:\\\/\\\/www.webdo.tn\\\/fr\\\/actualite\\\/national\\\/ramadan-plus-de-162-mille-tonnes-de-produits-alimentaires-saisies\\\/204674\\\/\"]}]},{\"@type\":\"ImageObject\",\"inLanguage\":\"fr-FR\",\"@id\":\"https:\\\/\\\/www.webdo.tn\\\/fr\\\/actualite\\\/national\\\/ramadan-plus-de-162-mille-tonnes-de-produits-alimentaires-saisies\\\/204674\\\/#primaryimage\",\"url\":\"https:\\\/\\\/www.webdo.tn\\\/fr\\\/wp-content\\\/uploads\\\/2023\\\/04\\\/92da2a8082ebdf4601018f90d26f0ac8.jpg\",\"contentUrl\":\"https:\\\/\\\/www.webdo.tn\\\/fr\\\/wp-content\\\/uploads\\\/2023\\\/04\\\/92da2a8082ebdf4601018f90d26f0ac8.jpg\",\"width\":750,\"height\":400,\"caption\":\"Ramadan : Plus de 162 mille tonnes de produits alimentaires saisies\"},{\"@type\":\"BreadcrumbList\",\"@id\":\"https:\\\/\\\/www.webdo.tn\\\/fr\\\/actualite\\\/national\\\/ramadan-plus-de-162-mille-tonnes-de-produits-alimentaires-saisies\\\/204674\\\/#breadcrumb\",\"itemListElement\":[{\"@type\":\"ListItem\",\"position\":1,\"name\":\"Accueil\",\"item\":\"https:\\\/\\\/www.webdo.tn\\\/fr\\\/\"},{\"@type\":\"ListItem\",\"position\":2,\"name\":\"Ramadan : Plus de 162 mille tonnes de produits alimentaires saisies\"}]},{\"@type\":\"WebSite\",\"@id\":\"https:\\\/\\\/www.webdo.tn\\\/fr\\\/#website\",\"url\":\"https:\\\/\\\/www.webdo.tn\\\/fr\\\/\",\"name\":\"webdo\",\"description\":\"Tunisie - News en Tunisie et \u00e0 l&#039;international sur Webdo.tn\",\"publisher\":{\"@id\":\"https:\\\/\\\/www.webdo.tn\\\/fr\\\/#organization\"},\"potentialAction\":[{\"@type\":\"SearchAction\",\"target\":{\"@type\":\"EntryPoint\",\"urlTemplate\":\"https:\\\/\\\/www.webdo.tn\\\/fr\\\/?s={search_term_string}\"},\"query-input\":{\"@type\":\"PropertyValueSpecification\",\"valueRequired\":true,\"valueName\":\"search_term_string\"}}],\"inLanguage\":\"fr-FR\"},{\"@type\":\"Organization\",\"@id\":\"https:\\\/\\\/www.webdo.tn\\\/fr\\\/#organization\",\"name\":\"Webdo\",\"alternateName\":\"Webdo.tn\",\"url\":\"https:\\\/\\\/www.webdo.tn\\\/fr\\\/\",\"logo\":{\"@type\":\"ImageObject\",\"inLanguage\":\"fr-FR\",\"@id\":\"https:\\\/\\\/www.webdo.tn\\\/fr\\\/#\\\/schema\\\/logo\\\/image\\\/\",\"url\":\"https:\\\/\\\/www.webdo.tn\\\/fr\\\/wp-content\\\/uploads\\\/2025\\\/06\\\/Webdo-Tunisie_168377.jpg\",\"contentUrl\":\"https:\\\/\\\/www.webdo.tn\\\/fr\\\/wp-content\\\/uploads\\\/2025\\\/06\\\/Webdo-Tunisie_168377.jpg\",\"width\":301,\"height\":301,\"caption\":\"Webdo\"},\"image\":{\"@id\":\"https:\\\/\\\/www.webdo.tn\\\/fr\\\/#\\\/schema\\\/logo\\\/image\\\/\"},\"sameAs\":[\"https:\\\/\\\/www.facebook.com\\\/webdotn\",\"https:\\\/\\\/x.com\\\/webdo_tn\"],\"description\":\"Webdo est un m\u00e9dia num\u00e9rique tunisien fond\u00e9 en 2010, sp\u00e9cialis\u00e9 dans l\u2019actualit\u00e9 nationale et internationale, l\u2019\u00e9conomie, la soci\u00e9t\u00e9 et les analyses politiques. Le site s\u2019adresse \u00e0 un large public francophone et couvre l\u2019information tunisienne en temps r\u00e9el.\",\"email\":\"redac@webdo.tn\",\"legalName\":\"YNJ SARL\",\"foundingDate\":\"2010-09-06\",\"numberOfEmployees\":{\"@type\":\"QuantitativeValue\",\"minValue\":\"11\",\"maxValue\":\"50\"}},{\"@type\":\"Person\",\"@id\":\"https:\\\/\\\/www.webdo.tn\\\/fr\\\/#\\\/schema\\\/person\\\/2c4929cbf5a809e3bd38617c6ce150f6\",\"name\":\"MC\",\"image\":{\"@type\":\"ImageObject\",\"inLanguage\":\"fr-FR\",\"@id\":\"https:\\\/\\\/secure.gravatar.com\\\/avatar\\\/a545bbb6f84efdd5553dbbc2895e3ca8f1d12c5215e00a041c9670b54aa9b18a?s=96&d=mm&r=g\",\"url\":\"https:\\\/\\\/secure.gravatar.com\\\/avatar\\\/a545bbb6f84efdd5553dbbc2895e3ca8f1d12c5215e00a041c9670b54aa9b18a?s=96&d=mm&r=g\",\"contentUrl\":\"https:\\\/\\\/secure.gravatar.com\\\/avatar\\\/a545bbb6f84efdd5553dbbc2895e3ca8f1d12c5215e00a041c9670b54aa9b18a?s=96&d=mm&r=g\",\"caption\":\"MC\"},\"url\":\"https:\\\/\\\/www.webdo.tn\\\/fr\\\/actualite\\\/author\\\/mc\\\/\"}]}<\/script>\n<!-- \/ Yoast SEO Premium plugin. -->","yoast_head_json":{"title":"Ramadan : Plus de 162 mille tonnes de produits alimentaires saisies","description":"La premi\u00e8re quinzaine du Ramadan a \u00e9t\u00e9 prolifique aux \u00e9quipes d'inspection relevant de l'Instance nationale de la s\u00e9curit\u00e9 sanitaire de produits alimentaires (I...","canonical":"https:\/\/www.webdo.tn\/fr\/actualite\/national\/ramadan-plus-de-162-mille-tonnes-de-produits-alimentaires-saisies\/204674\/","og_locale":"fr_FR","og_type":"article","og_title":"Ramadan : Plus de 162 mille tonnes de produits alimentaires saisies","og_description":"La premi\u00e8re quinzaine du Ramadan a \u00e9t\u00e9 prolifique aux \u00e9quipes d'inspection relevant de l'Instance nationale de la s\u00e9curit\u00e9 sanitaire de produits alimentaires (I...","og_url":"https:\/\/www.webdo.tn\/fr\/actualite\/national\/ramadan-plus-de-162-mille-tonnes-de-produits-alimentaires-saisies\/204674\/","og_site_name":"webdo","article_publisher":"https:\/\/www.facebook.com\/webdotn","article_published_time":"2023-04-08T12:08:00+00:00","article_modified_time":"2025-05-20T22:08:25+00:00","og_image":[{"width":750,"height":400,"url":"https:\/\/www.webdo.tn\/fr\/wp-content\/uploads\/2023\/04\/92da2a8082ebdf4601018f90d26f0ac8.jpg","type":"image\/jpeg"}],"author":"MC","twitter_card":"summary_large_image","twitter_creator":"@webdo_tn","twitter_site":"@webdo_tn","twitter_misc":{"\u00c9crit par":"MC","Dur\u00e9e de lecture estim\u00e9e":"1 minute"},"schema":{"@context":"https:\/\/schema.org","@graph":[{"@type":"NewsArticle","@id":"https:\/\/www.webdo.tn\/fr\/actualite\/national\/ramadan-plus-de-162-mille-tonnes-de-produits-alimentaires-saisies\/204674\/#article","isPartOf":{"@id":"https:\/\/www.webdo.tn\/fr\/actualite\/national\/ramadan-plus-de-162-mille-tonnes-de-produits-alimentaires-saisies\/204674\/"},"author":{"name":"MC","@id":"https:\/\/www.webdo.tn\/fr\/#\/schema\/person\/2c4929cbf5a809e3bd38617c6ce150f6"},"headline":"Ramadan : Plus de 162 mille tonnes de produits alimentaires saisies","datePublished":"2023-04-08T12:08:00+00:00","dateModified":"2025-05-20T22:08:25+00:00","mainEntityOfPage":{"@id":"https:\/\/www.webdo.tn\/fr\/actualite\/national\/ramadan-plus-de-162-mille-tonnes-de-produits-alimentaires-saisies\/204674\/"},"wordCount":167,"commentCount":0,"publisher":{"@id":"https:\/\/www.webdo.tn\/fr\/#organization"},"image":{"@id":"https:\/\/www.webdo.tn\/fr\/actualite\/national\/ramadan-plus-de-162-mille-tonnes-de-produits-alimentaires-saisies\/204674\/#primaryimage"},"thumbnailUrl":"https:\/\/www.webdo.tn\/fr\/wp-content\/uploads\/2023\/04\/92da2a8082ebdf4601018f90d26f0ac8.jpg","keywords":["produits alimentaires","ramadan","saisie"],"articleSection":["National"],"inLanguage":"fr-FR"},{"@type":"WebPage","@id":"https:\/\/www.webdo.tn\/fr\/actualite\/national\/ramadan-plus-de-162-mille-tonnes-de-produits-alimentaires-saisies\/204674\/","url":"https:\/\/www.webdo.tn\/fr\/actualite\/national\/ramadan-plus-de-162-mille-tonnes-de-produits-alimentaires-saisies\/204674\/","name":"Ramadan : Plus de 162 mille tonnes de produits alimentaires saisies","isPartOf":{"@id":"https:\/\/www.webdo.tn\/fr\/#website"},"primaryImageOfPage":{"@id":"https:\/\/www.webdo.tn\/fr\/actualite\/national\/ramadan-plus-de-162-mille-tonnes-de-produits-alimentaires-saisies\/204674\/#primaryimage"},"image":{"@id":"https:\/\/www.webdo.tn\/fr\/actualite\/national\/ramadan-plus-de-162-mille-tonnes-de-produits-alimentaires-saisies\/204674\/#primaryimage"},"thumbnailUrl":"https:\/\/www.webdo.tn\/fr\/wp-content\/uploads\/2023\/04\/92da2a8082ebdf4601018f90d26f0ac8.jpg","datePublished":"2023-04-08T12:08:00+00:00","dateModified":"2025-05-20T22:08:25+00:00","description":"La premi\u00e8re quinzaine du Ramadan a \u00e9t\u00e9 prolifique aux \u00e9quipes d'inspection relevant de l'Instance nationale de la s\u00e9curit\u00e9 sanitaire de produits alimentaires (I...","breadcrumb":{"@id":"https:\/\/www.webdo.tn\/fr\/actualite\/national\/ramadan-plus-de-162-mille-tonnes-de-produits-alimentaires-saisies\/204674\/#breadcrumb"},"inLanguage":"fr-FR","potentialAction":[{"@type":"ReadAction","target":["https:\/\/www.webdo.tn\/fr\/actualite\/national\/ramadan-plus-de-162-mille-tonnes-de-produits-alimentaires-saisies\/204674\/"]}]},{"@type":"ImageObject","inLanguage":"fr-FR","@id":"https:\/\/www.webdo.tn\/fr\/actualite\/national\/ramadan-plus-de-162-mille-tonnes-de-produits-alimentaires-saisies\/204674\/#primaryimage","url":"https:\/\/www.webdo.tn\/fr\/wp-content\/uploads\/2023\/04\/92da2a8082ebdf4601018f90d26f0ac8.jpg","contentUrl":"https:\/\/www.webdo.tn\/fr\/wp-content\/uploads\/2023\/04\/92da2a8082ebdf4601018f90d26f0ac8.jpg","width":750,"height":400,"caption":"Ramadan : Plus de 162 mille tonnes de produits alimentaires saisies"},{"@type":"BreadcrumbList","@id":"https:\/\/www.webdo.tn\/fr\/actualite\/national\/ramadan-plus-de-162-mille-tonnes-de-produits-alimentaires-saisies\/204674\/#breadcrumb","itemListElement":[{"@type":"ListItem","position":1,"name":"Accueil","item":"https:\/\/www.webdo.tn\/fr\/"},{"@type":"ListItem","position":2,"name":"Ramadan : Plus de 162 mille tonnes de produits alimentaires saisies"}]},{"@type":"WebSite","@id":"https:\/\/www.webdo.tn\/fr\/#website","url":"https:\/\/www.webdo.tn\/fr\/","name":"webdo","description":"Tunisie - News en Tunisie et \u00e0 l&#039;international sur Webdo.tn","publisher":{"@id":"https:\/\/www.webdo.tn\/fr\/#organization"},"potentialAction":[{"@type":"SearchAction","target":{"@type":"EntryPoint","urlTemplate":"https:\/\/www.webdo.tn\/fr\/?s={search_term_string}"},"query-input":{"@type":"PropertyValueSpecification","valueRequired":true,"valueName":"search_term_string"}}],"inLanguage":"fr-FR"},{"@type":"Organization","@id":"https:\/\/www.webdo.tn\/fr\/#organization","name":"Webdo","alternateName":"Webdo.tn","url":"https:\/\/www.webdo.tn\/fr\/","logo":{"@type":"ImageObject","inLanguage":"fr-FR","@id":"https:\/\/www.webdo.tn\/fr\/#\/schema\/logo\/image\/","url":"https:\/\/www.webdo.tn\/fr\/wp-content\/uploads\/2025\/06\/Webdo-Tunisie_168377.jpg","contentUrl":"https:\/\/www.webdo.tn\/fr\/wp-content\/uploads\/2025\/06\/Webdo-Tunisie_168377.jpg","width":301,"height":301,"caption":"Webdo"},"image":{"@id":"https:\/\/www.webdo.tn\/fr\/#\/schema\/logo\/image\/"},"sameAs":["https:\/\/www.facebook.com\/webdotn","https:\/\/x.com\/webdo_tn"],"description":"Webdo est un m\u00e9dia num\u00e9rique tunisien fond\u00e9 en 2010, sp\u00e9cialis\u00e9 dans l\u2019actualit\u00e9 nationale et internationale, l\u2019\u00e9conomie, la soci\u00e9t\u00e9 et les analyses politiques. Le site s\u2019adresse \u00e0 un large public francophone et couvre l\u2019information tunisienne en temps r\u00e9el.","email":"redac@webdo.tn","legalName":"YNJ SARL","foundingDate":"2010-09-06","numberOfEmployees":{"@type":"QuantitativeValue","minValue":"11","maxValue":"50"}},{"@type":"Person","@id":"https:\/\/www.webdo.tn\/fr\/#\/schema\/person\/2c4929cbf5a809e3bd38617c6ce150f6","name":"MC","image":{"@type":"ImageObject","inLanguage":"fr-FR","@id":"https:\/\/secure.gravatar.com\/avatar\/a545bbb6f84efdd5553dbbc2895e3ca8f1d12c5215e00a041c9670b54aa9b18a?s=96&d=mm&r=g","url":"https:\/\/secure.gravatar.com\/avatar\/a545bbb6f84efdd5553dbbc2895e3ca8f1d12c5215e00a041c9670b54aa9b18a?s=96&d=mm&r=g","contentUrl":"https:\/\/secure.gravatar.com\/avatar\/a545bbb6f84efdd5553dbbc2895e3ca8f1d12c5215e00a041c9670b54aa9b18a?s=96&d=mm&r=g","caption":"MC"},"url":"https:\/\/www.webdo.tn\/fr\/actualite\/author\/mc\/"}]}},"_links":{"self":[{"href":"https:\/\/www.webdo.tn\/fr\/wp-json\/wp\/v2\/posts\/204674","targetHints":{"allow":["GET"]}}],"collection":[{"href":"https:\/\/www.webdo.tn\/fr\/wp-json\/wp\/v2\/posts"}],"about":[{"href":"https:\/\/www.webdo.tn\/fr\/wp-json\/wp\/v2\/types\/post"}],"author":[{"embeddable":true,"href":"https:\/\/www.webdo.tn\/fr\/wp-json\/wp\/v2\/users\/3162"}],"replies":[{"embeddable":true,"href":"https:\/\/www.webdo.tn\/fr\/wp-json\/wp\/v2\/comments?post=204674"}],"version-history":[{"count":0,"href":"https:\/\/www.webdo.tn\/fr\/wp-json\/wp\/v2\/posts\/204674\/revisions"}],"wp:featuredmedia":[{"embeddable":true,"href":"https:\/\/www.webdo.tn\/fr\/wp-json\/wp\/v2\/media\/278053"}],"wp:attachment":[{"href":"https:\/\/www.webdo.tn\/fr\/wp-json\/wp\/v2\/media?parent=204674"}],"wp:term":[{"taxonomy":"category","embeddable":true,"href":"https:\/\/www.webdo.tn\/fr\/wp-json\/wp\/v2\/categories?post=204674"},{"taxonomy":"post_tag","embeddable":true,"href":"https:\/\/www.webdo.tn\/fr\/wp-json\/wp\/v2\/tags?post=204674"}],"curies":[{"name":"wp","href":"https:\/\/api.w.org\/{rel}","templated":true}]}}