{"id":204670,"date":"2023-04-08T10:26:00","date_gmt":"2023-04-08T10:26:00","guid":{"rendered":"https:\/\/www.webdo.tn\/fr\/blog\/dr-paul-burton-des-vaccins-contre-le-cancer-et-les-maladies-cardiaques-d-ici-2030\/204670\/"},"modified":"2025-05-20T22:00:56","modified_gmt":"2025-05-20T22:00:56","slug":"dr-paul-burton-des-vaccins-contre-le-cancer-et-les-maladies-cardiaques-d-ici-2030","status":"publish","type":"post","link":"https:\/\/www.webdo.tn\/fr\/actualite\/international\/dr-paul-burton-des-vaccins-contre-le-cancer-et-les-maladies-cardiaques-d-ici-2030\/204670\/","title":{"rendered":"Des vaccins contre le cancer et les maladies cardiaques d\u2019ici 2030, selon Dr Paul Burton"},"content":{"rendered":"<p>Selon Dr Paul Burton de Moderna, des vaccins contre le cancer, le c\u0153ur, les maladies rares, auto-immunes et infectieuses seront disponibles d\u2019ici 2030, et ce gr\u00e2ce \u00e0 la technologie de l\u2019ARNm, qui a fait de grands progr\u00e8s pendant la pand\u00e9mie de Covid-19.<\/p>\n<p>\tD\u2019ici 2030, nous disposerons de vaccins hautement efficaces contre le cancer et les maladies cardiaques<br \/>\n\tUn vaccin personnalis\u00e9 contre le cancer ?<br \/>\n\tL\u2019ARNm pourrait\u00eatre appliqu\u00e9 \u00e0 toutes sortes de zones pathologiques<\/p>\n<p>Dr Paul Burton, directeur m\u00e9dical de la soci\u00e9t\u00e9 pharmaceutique am\u00e9ricaine Moderna a accord\u00e9 une interview au journal britannique Guardian. Il fait des pr\u00e9dictions dont on peut affirmer qu\u2019elles sont r\u00e9volutionnaires.<\/p>\n<p>Qu\u2019en est-il ? D\u2019ici la fin de la d\u00e9cennie, nous disposerons de vaccins hautement efficaces contre le cancer et les maladies cardiaques, r\u00e9v\u00e8le le Dr Paul Burton, qui explique que les nouveaux vaccins contre le cancer, les maladies cardiaques et d\u2019autres affections seront bas\u00e9s sur la technologie de l\u2019ARNm.<\/p>\n<p>La soci\u00e9t\u00e9 pharmaceutique am\u00e9ricaine Moderna a en effet \u00e9t\u00e9 \u00e0 la pointe de la pand\u00e9mie de Covid-19 gr\u00e2ce \u00e0 son vaccin \u00e0 ARNm (ARN messager) et elle travaille, aujourd\u2019hui sur des vaccins sp\u00e9cifiques contre divers types de cancer.<\/p>\n<p>\u00ab\u00a0Nous aurons ce vaccin et il sera tr\u00e8s efficace et sauvera plusieurs centaines de milliers, voire des millions de vies. Je pense que nous pourrons proposer des vaccins personnalis\u00e9s contre le cancer contre diff\u00e9rents types de tumeurs \u00e0 des personnes du monde entier \u00bb, a-t-il lanc\u00e9.<\/p>\n<p>Il explique qu\u2019un vaccin personnalis\u00e9 contre le cancer consistera \u00e0 pr\u00e9lever une biopsie tumorale chez un patient \u00e0 s\u00e9quencer l\u2019ADN, puis \u00e0 identifier des mutations sp\u00e9cifiques pr\u00e9sentes sur les cellules malades (en particulier celles li\u00e9es \u00e0 la croissance du cancer). Apr\u00e8s quoi, les chercheurs sont en mesure de pr\u00e9parer un vaccin \u00e0 ARNm capable de stimuler les cellules immunitaires pour les frapper avec une extr\u00eame pr\u00e9cision.<\/p>\n<p>Le principe est le m\u00eame que le vaccin anti-Covid et selon Paul Burton, ce m\u00e9canisme d\u2019action ne ciblerait pas seulement le cancer, mais offrirait des avantages dans plusieurs domaines pathologiques.<\/p>\n<p>Il affirme m\u00eame que l\u2019ARNm peut \u00eatre appliqu\u00e9 \u00e0 toutes sortes de zones pathologiques ; contre le cancer, les maladies infectieuses, les maladies cardiovasculaires, les maladies auto-immunes, les maladies rares.<\/p>\n","protected":false},"excerpt":{"rendered":"<p>Selon Dr Paul Burton de Moderna, des vaccins contre le cancer, le c\u0153ur, les maladies rares, auto-immunes et infectieuses seront disponibles d\u2019ici 2030, et ce gr&#8230;<\/p>\n","protected":false},"author":3162,"featured_media":251503,"comment_status":"open","ping_status":"closed","sticky":false,"template":"","format":"standard","meta":{"footnotes":""},"categories":[2598],"tags":[6973,8586,3348],"class_list":["post-204670","post","type-post","status-publish","format-standard","has-post-thumbnail","hentry","category-international","tag-cancer","tag-moderna","tag-vaccin"],"yoast_head":"<!-- This site is optimized with the Yoast SEO Premium plugin v27.4 (Yoast SEO v27.5) - https:\/\/yoast.com\/product\/yoast-seo-premium-wordpress\/ -->\n<title>Des vaccins contre le cancer et les maladies cardiaques d\u2019ici 2030, selon Dr Paul Burton<\/title>\n<meta name=\"description\" content=\"Selon Dr Paul Burton de Moderna, des vaccins contre le cancer, le c\u0153ur, les maladies rares, auto-immunes et infectieuses seront disponibles d\u2019ici 2030, et ce gr...\" \/>\n<link rel=\"canonical\" href=\"https:\/\/www.webdo.tn\/fr\/actualite\/international\/dr-paul-burton-des-vaccins-contre-le-cancer-et-les-maladies-cardiaques-d-ici-2030\/204670\/\" \/>\n<meta property=\"og:locale\" content=\"fr_FR\" \/>\n<meta property=\"og:type\" content=\"article\" \/>\n<meta property=\"og:title\" content=\"Des vaccins contre le cancer et les maladies cardiaques d\u2019ici 2030, selon Dr Paul Burton\" \/>\n<meta property=\"og:description\" content=\"Selon Dr Paul Burton de Moderna, des vaccins contre le cancer, le c\u0153ur, les maladies rares, auto-immunes et infectieuses seront disponibles d\u2019ici 2030, et ce gr...\" \/>\n<meta property=\"og:url\" content=\"https:\/\/www.webdo.tn\/fr\/actualite\/international\/dr-paul-burton-des-vaccins-contre-le-cancer-et-les-maladies-cardiaques-d-ici-2030\/204670\/\" \/>\n<meta property=\"og:site_name\" content=\"webdo\" \/>\n<meta property=\"article:publisher\" content=\"https:\/\/www.facebook.com\/webdotn\" \/>\n<meta property=\"article:published_time\" content=\"2023-04-08T10:26:00+00:00\" \/>\n<meta property=\"article:modified_time\" content=\"2025-05-20T22:00:56+00:00\" \/>\n<meta property=\"og:image\" content=\"https:\/\/www.webdo.tn\/fr\/wp-content\/uploads\/2023\/04\/63721af091d6d5f607915bcb7dee5fb4.jpg\" \/>\n\t<meta property=\"og:image:width\" content=\"640\" \/>\n\t<meta property=\"og:image:height\" content=\"341\" \/>\n\t<meta property=\"og:image:type\" content=\"image\/jpeg\" \/>\n<meta name=\"author\" content=\"MC\" \/>\n<meta name=\"twitter:card\" content=\"summary_large_image\" \/>\n<meta name=\"twitter:creator\" content=\"@webdo_tn\" \/>\n<meta name=\"twitter:site\" content=\"@webdo_tn\" \/>\n<meta name=\"twitter:label1\" content=\"\u00c9crit par\" \/>\n\t<meta name=\"twitter:data1\" content=\"MC\" \/>\n\t<meta name=\"twitter:label2\" content=\"Dur\u00e9e de lecture estim\u00e9e\" \/>\n\t<meta name=\"twitter:data2\" content=\"2 minutes\" \/>\n<script type=\"application\/ld+json\" class=\"yoast-schema-graph\">{\"@context\":\"https:\\\/\\\/schema.org\",\"@graph\":[{\"@type\":\"NewsArticle\",\"@id\":\"https:\\\/\\\/www.webdo.tn\\\/fr\\\/actualite\\\/international\\\/dr-paul-burton-des-vaccins-contre-le-cancer-et-les-maladies-cardiaques-d-ici-2030\\\/204670\\\/#article\",\"isPartOf\":{\"@id\":\"https:\\\/\\\/www.webdo.tn\\\/fr\\\/actualite\\\/international\\\/dr-paul-burton-des-vaccins-contre-le-cancer-et-les-maladies-cardiaques-d-ici-2030\\\/204670\\\/\"},\"author\":{\"name\":\"MC\",\"@id\":\"https:\\\/\\\/www.webdo.tn\\\/fr\\\/#\\\/schema\\\/person\\\/2c4929cbf5a809e3bd38617c6ce150f6\"},\"headline\":\"Des vaccins contre le cancer et les maladies cardiaques d\u2019ici 2030, selon Dr Paul Burton\",\"datePublished\":\"2023-04-08T10:26:00+00:00\",\"dateModified\":\"2025-05-20T22:00:56+00:00\",\"mainEntityOfPage\":{\"@id\":\"https:\\\/\\\/www.webdo.tn\\\/fr\\\/actualite\\\/international\\\/dr-paul-burton-des-vaccins-contre-le-cancer-et-les-maladies-cardiaques-d-ici-2030\\\/204670\\\/\"},\"wordCount\":407,\"commentCount\":0,\"publisher\":{\"@id\":\"https:\\\/\\\/www.webdo.tn\\\/fr\\\/#organization\"},\"image\":{\"@id\":\"https:\\\/\\\/www.webdo.tn\\\/fr\\\/actualite\\\/international\\\/dr-paul-burton-des-vaccins-contre-le-cancer-et-les-maladies-cardiaques-d-ici-2030\\\/204670\\\/#primaryimage\"},\"thumbnailUrl\":\"https:\\\/\\\/www.webdo.tn\\\/fr\\\/wp-content\\\/uploads\\\/2023\\\/04\\\/63721af091d6d5f607915bcb7dee5fb4.jpg\",\"keywords\":[\"cancer\",\"moderna\",\"vaccin\"],\"articleSection\":[\"International\"],\"inLanguage\":\"fr-FR\"},{\"@type\":\"WebPage\",\"@id\":\"https:\\\/\\\/www.webdo.tn\\\/fr\\\/actualite\\\/international\\\/dr-paul-burton-des-vaccins-contre-le-cancer-et-les-maladies-cardiaques-d-ici-2030\\\/204670\\\/\",\"url\":\"https:\\\/\\\/www.webdo.tn\\\/fr\\\/actualite\\\/international\\\/dr-paul-burton-des-vaccins-contre-le-cancer-et-les-maladies-cardiaques-d-ici-2030\\\/204670\\\/\",\"name\":\"Des vaccins contre le cancer et les maladies cardiaques d\u2019ici 2030, selon Dr Paul Burton\",\"isPartOf\":{\"@id\":\"https:\\\/\\\/www.webdo.tn\\\/fr\\\/#website\"},\"primaryImageOfPage\":{\"@id\":\"https:\\\/\\\/www.webdo.tn\\\/fr\\\/actualite\\\/international\\\/dr-paul-burton-des-vaccins-contre-le-cancer-et-les-maladies-cardiaques-d-ici-2030\\\/204670\\\/#primaryimage\"},\"image\":{\"@id\":\"https:\\\/\\\/www.webdo.tn\\\/fr\\\/actualite\\\/international\\\/dr-paul-burton-des-vaccins-contre-le-cancer-et-les-maladies-cardiaques-d-ici-2030\\\/204670\\\/#primaryimage\"},\"thumbnailUrl\":\"https:\\\/\\\/www.webdo.tn\\\/fr\\\/wp-content\\\/uploads\\\/2023\\\/04\\\/63721af091d6d5f607915bcb7dee5fb4.jpg\",\"datePublished\":\"2023-04-08T10:26:00+00:00\",\"dateModified\":\"2025-05-20T22:00:56+00:00\",\"description\":\"Selon Dr Paul Burton de Moderna, des vaccins contre le cancer, le c\u0153ur, les maladies rares, auto-immunes et infectieuses seront disponibles d\u2019ici 2030, et ce gr...\",\"breadcrumb\":{\"@id\":\"https:\\\/\\\/www.webdo.tn\\\/fr\\\/actualite\\\/international\\\/dr-paul-burton-des-vaccins-contre-le-cancer-et-les-maladies-cardiaques-d-ici-2030\\\/204670\\\/#breadcrumb\"},\"inLanguage\":\"fr-FR\",\"potentialAction\":[{\"@type\":\"ReadAction\",\"target\":[\"https:\\\/\\\/www.webdo.tn\\\/fr\\\/actualite\\\/international\\\/dr-paul-burton-des-vaccins-contre-le-cancer-et-les-maladies-cardiaques-d-ici-2030\\\/204670\\\/\"]}]},{\"@type\":\"ImageObject\",\"inLanguage\":\"fr-FR\",\"@id\":\"https:\\\/\\\/www.webdo.tn\\\/fr\\\/actualite\\\/international\\\/dr-paul-burton-des-vaccins-contre-le-cancer-et-les-maladies-cardiaques-d-ici-2030\\\/204670\\\/#primaryimage\",\"url\":\"https:\\\/\\\/www.webdo.tn\\\/fr\\\/wp-content\\\/uploads\\\/2023\\\/04\\\/63721af091d6d5f607915bcb7dee5fb4.jpg\",\"contentUrl\":\"https:\\\/\\\/www.webdo.tn\\\/fr\\\/wp-content\\\/uploads\\\/2023\\\/04\\\/63721af091d6d5f607915bcb7dee5fb4.jpg\",\"width\":640,\"height\":341,\"caption\":\"Des vaccins contre le cancer et les maladies cardiaques d\u2019ici 2030, selon Dr Paul Burton\"},{\"@type\":\"BreadcrumbList\",\"@id\":\"https:\\\/\\\/www.webdo.tn\\\/fr\\\/actualite\\\/international\\\/dr-paul-burton-des-vaccins-contre-le-cancer-et-les-maladies-cardiaques-d-ici-2030\\\/204670\\\/#breadcrumb\",\"itemListElement\":[{\"@type\":\"ListItem\",\"position\":1,\"name\":\"Accueil\",\"item\":\"https:\\\/\\\/www.webdo.tn\\\/fr\\\/\"},{\"@type\":\"ListItem\",\"position\":2,\"name\":\"Des vaccins contre le cancer et les maladies cardiaques d\u2019ici 2030, selon Dr Paul Burton\"}]},{\"@type\":\"WebSite\",\"@id\":\"https:\\\/\\\/www.webdo.tn\\\/fr\\\/#website\",\"url\":\"https:\\\/\\\/www.webdo.tn\\\/fr\\\/\",\"name\":\"webdo\",\"description\":\"Tunisie - News en Tunisie et \u00e0 l&#039;international sur Webdo.tn\",\"publisher\":{\"@id\":\"https:\\\/\\\/www.webdo.tn\\\/fr\\\/#organization\"},\"potentialAction\":[{\"@type\":\"SearchAction\",\"target\":{\"@type\":\"EntryPoint\",\"urlTemplate\":\"https:\\\/\\\/www.webdo.tn\\\/fr\\\/?s={search_term_string}\"},\"query-input\":{\"@type\":\"PropertyValueSpecification\",\"valueRequired\":true,\"valueName\":\"search_term_string\"}}],\"inLanguage\":\"fr-FR\"},{\"@type\":\"Organization\",\"@id\":\"https:\\\/\\\/www.webdo.tn\\\/fr\\\/#organization\",\"name\":\"Webdo\",\"alternateName\":\"Webdo.tn\",\"url\":\"https:\\\/\\\/www.webdo.tn\\\/fr\\\/\",\"logo\":{\"@type\":\"ImageObject\",\"inLanguage\":\"fr-FR\",\"@id\":\"https:\\\/\\\/www.webdo.tn\\\/fr\\\/#\\\/schema\\\/logo\\\/image\\\/\",\"url\":\"https:\\\/\\\/www.webdo.tn\\\/fr\\\/wp-content\\\/uploads\\\/2025\\\/06\\\/Webdo-Tunisie_168377.jpg\",\"contentUrl\":\"https:\\\/\\\/www.webdo.tn\\\/fr\\\/wp-content\\\/uploads\\\/2025\\\/06\\\/Webdo-Tunisie_168377.jpg\",\"width\":301,\"height\":301,\"caption\":\"Webdo\"},\"image\":{\"@id\":\"https:\\\/\\\/www.webdo.tn\\\/fr\\\/#\\\/schema\\\/logo\\\/image\\\/\"},\"sameAs\":[\"https:\\\/\\\/www.facebook.com\\\/webdotn\",\"https:\\\/\\\/x.com\\\/webdo_tn\"],\"description\":\"Webdo est un m\u00e9dia num\u00e9rique tunisien fond\u00e9 en 2010, sp\u00e9cialis\u00e9 dans l\u2019actualit\u00e9 nationale et internationale, l\u2019\u00e9conomie, la soci\u00e9t\u00e9 et les analyses politiques. Le site s\u2019adresse \u00e0 un large public francophone et couvre l\u2019information tunisienne en temps r\u00e9el.\",\"email\":\"redac@webdo.tn\",\"legalName\":\"YNJ SARL\",\"foundingDate\":\"2010-09-06\",\"numberOfEmployees\":{\"@type\":\"QuantitativeValue\",\"minValue\":\"11\",\"maxValue\":\"50\"}},{\"@type\":\"Person\",\"@id\":\"https:\\\/\\\/www.webdo.tn\\\/fr\\\/#\\\/schema\\\/person\\\/2c4929cbf5a809e3bd38617c6ce150f6\",\"name\":\"MC\",\"image\":{\"@type\":\"ImageObject\",\"inLanguage\":\"fr-FR\",\"@id\":\"https:\\\/\\\/secure.gravatar.com\\\/avatar\\\/a545bbb6f84efdd5553dbbc2895e3ca8f1d12c5215e00a041c9670b54aa9b18a?s=96&d=mm&r=g\",\"url\":\"https:\\\/\\\/secure.gravatar.com\\\/avatar\\\/a545bbb6f84efdd5553dbbc2895e3ca8f1d12c5215e00a041c9670b54aa9b18a?s=96&d=mm&r=g\",\"contentUrl\":\"https:\\\/\\\/secure.gravatar.com\\\/avatar\\\/a545bbb6f84efdd5553dbbc2895e3ca8f1d12c5215e00a041c9670b54aa9b18a?s=96&d=mm&r=g\",\"caption\":\"MC\"},\"url\":\"https:\\\/\\\/www.webdo.tn\\\/fr\\\/actualite\\\/author\\\/mc\\\/\"}]}<\/script>\n<!-- \/ Yoast SEO Premium plugin. -->","yoast_head_json":{"title":"Des vaccins contre le cancer et les maladies cardiaques d\u2019ici 2030, selon Dr Paul Burton","description":"Selon Dr Paul Burton de Moderna, des vaccins contre le cancer, le c\u0153ur, les maladies rares, auto-immunes et infectieuses seront disponibles d\u2019ici 2030, et ce gr...","canonical":"https:\/\/www.webdo.tn\/fr\/actualite\/international\/dr-paul-burton-des-vaccins-contre-le-cancer-et-les-maladies-cardiaques-d-ici-2030\/204670\/","og_locale":"fr_FR","og_type":"article","og_title":"Des vaccins contre le cancer et les maladies cardiaques d\u2019ici 2030, selon Dr Paul Burton","og_description":"Selon Dr Paul Burton de Moderna, des vaccins contre le cancer, le c\u0153ur, les maladies rares, auto-immunes et infectieuses seront disponibles d\u2019ici 2030, et ce gr...","og_url":"https:\/\/www.webdo.tn\/fr\/actualite\/international\/dr-paul-burton-des-vaccins-contre-le-cancer-et-les-maladies-cardiaques-d-ici-2030\/204670\/","og_site_name":"webdo","article_publisher":"https:\/\/www.facebook.com\/webdotn","article_published_time":"2023-04-08T10:26:00+00:00","article_modified_time":"2025-05-20T22:00:56+00:00","og_image":[{"width":640,"height":341,"url":"https:\/\/www.webdo.tn\/fr\/wp-content\/uploads\/2023\/04\/63721af091d6d5f607915bcb7dee5fb4.jpg","type":"image\/jpeg"}],"author":"MC","twitter_card":"summary_large_image","twitter_creator":"@webdo_tn","twitter_site":"@webdo_tn","twitter_misc":{"\u00c9crit par":"MC","Dur\u00e9e de lecture estim\u00e9e":"2 minutes"},"schema":{"@context":"https:\/\/schema.org","@graph":[{"@type":"NewsArticle","@id":"https:\/\/www.webdo.tn\/fr\/actualite\/international\/dr-paul-burton-des-vaccins-contre-le-cancer-et-les-maladies-cardiaques-d-ici-2030\/204670\/#article","isPartOf":{"@id":"https:\/\/www.webdo.tn\/fr\/actualite\/international\/dr-paul-burton-des-vaccins-contre-le-cancer-et-les-maladies-cardiaques-d-ici-2030\/204670\/"},"author":{"name":"MC","@id":"https:\/\/www.webdo.tn\/fr\/#\/schema\/person\/2c4929cbf5a809e3bd38617c6ce150f6"},"headline":"Des vaccins contre le cancer et les maladies cardiaques d\u2019ici 2030, selon Dr Paul Burton","datePublished":"2023-04-08T10:26:00+00:00","dateModified":"2025-05-20T22:00:56+00:00","mainEntityOfPage":{"@id":"https:\/\/www.webdo.tn\/fr\/actualite\/international\/dr-paul-burton-des-vaccins-contre-le-cancer-et-les-maladies-cardiaques-d-ici-2030\/204670\/"},"wordCount":407,"commentCount":0,"publisher":{"@id":"https:\/\/www.webdo.tn\/fr\/#organization"},"image":{"@id":"https:\/\/www.webdo.tn\/fr\/actualite\/international\/dr-paul-burton-des-vaccins-contre-le-cancer-et-les-maladies-cardiaques-d-ici-2030\/204670\/#primaryimage"},"thumbnailUrl":"https:\/\/www.webdo.tn\/fr\/wp-content\/uploads\/2023\/04\/63721af091d6d5f607915bcb7dee5fb4.jpg","keywords":["cancer","moderna","vaccin"],"articleSection":["International"],"inLanguage":"fr-FR"},{"@type":"WebPage","@id":"https:\/\/www.webdo.tn\/fr\/actualite\/international\/dr-paul-burton-des-vaccins-contre-le-cancer-et-les-maladies-cardiaques-d-ici-2030\/204670\/","url":"https:\/\/www.webdo.tn\/fr\/actualite\/international\/dr-paul-burton-des-vaccins-contre-le-cancer-et-les-maladies-cardiaques-d-ici-2030\/204670\/","name":"Des vaccins contre le cancer et les maladies cardiaques d\u2019ici 2030, selon Dr Paul Burton","isPartOf":{"@id":"https:\/\/www.webdo.tn\/fr\/#website"},"primaryImageOfPage":{"@id":"https:\/\/www.webdo.tn\/fr\/actualite\/international\/dr-paul-burton-des-vaccins-contre-le-cancer-et-les-maladies-cardiaques-d-ici-2030\/204670\/#primaryimage"},"image":{"@id":"https:\/\/www.webdo.tn\/fr\/actualite\/international\/dr-paul-burton-des-vaccins-contre-le-cancer-et-les-maladies-cardiaques-d-ici-2030\/204670\/#primaryimage"},"thumbnailUrl":"https:\/\/www.webdo.tn\/fr\/wp-content\/uploads\/2023\/04\/63721af091d6d5f607915bcb7dee5fb4.jpg","datePublished":"2023-04-08T10:26:00+00:00","dateModified":"2025-05-20T22:00:56+00:00","description":"Selon Dr Paul Burton de Moderna, des vaccins contre le cancer, le c\u0153ur, les maladies rares, auto-immunes et infectieuses seront disponibles d\u2019ici 2030, et ce gr...","breadcrumb":{"@id":"https:\/\/www.webdo.tn\/fr\/actualite\/international\/dr-paul-burton-des-vaccins-contre-le-cancer-et-les-maladies-cardiaques-d-ici-2030\/204670\/#breadcrumb"},"inLanguage":"fr-FR","potentialAction":[{"@type":"ReadAction","target":["https:\/\/www.webdo.tn\/fr\/actualite\/international\/dr-paul-burton-des-vaccins-contre-le-cancer-et-les-maladies-cardiaques-d-ici-2030\/204670\/"]}]},{"@type":"ImageObject","inLanguage":"fr-FR","@id":"https:\/\/www.webdo.tn\/fr\/actualite\/international\/dr-paul-burton-des-vaccins-contre-le-cancer-et-les-maladies-cardiaques-d-ici-2030\/204670\/#primaryimage","url":"https:\/\/www.webdo.tn\/fr\/wp-content\/uploads\/2023\/04\/63721af091d6d5f607915bcb7dee5fb4.jpg","contentUrl":"https:\/\/www.webdo.tn\/fr\/wp-content\/uploads\/2023\/04\/63721af091d6d5f607915bcb7dee5fb4.jpg","width":640,"height":341,"caption":"Des vaccins contre le cancer et les maladies cardiaques d\u2019ici 2030, selon Dr Paul Burton"},{"@type":"BreadcrumbList","@id":"https:\/\/www.webdo.tn\/fr\/actualite\/international\/dr-paul-burton-des-vaccins-contre-le-cancer-et-les-maladies-cardiaques-d-ici-2030\/204670\/#breadcrumb","itemListElement":[{"@type":"ListItem","position":1,"name":"Accueil","item":"https:\/\/www.webdo.tn\/fr\/"},{"@type":"ListItem","position":2,"name":"Des vaccins contre le cancer et les maladies cardiaques d\u2019ici 2030, selon Dr Paul Burton"}]},{"@type":"WebSite","@id":"https:\/\/www.webdo.tn\/fr\/#website","url":"https:\/\/www.webdo.tn\/fr\/","name":"webdo","description":"Tunisie - News en Tunisie et \u00e0 l&#039;international sur Webdo.tn","publisher":{"@id":"https:\/\/www.webdo.tn\/fr\/#organization"},"potentialAction":[{"@type":"SearchAction","target":{"@type":"EntryPoint","urlTemplate":"https:\/\/www.webdo.tn\/fr\/?s={search_term_string}"},"query-input":{"@type":"PropertyValueSpecification","valueRequired":true,"valueName":"search_term_string"}}],"inLanguage":"fr-FR"},{"@type":"Organization","@id":"https:\/\/www.webdo.tn\/fr\/#organization","name":"Webdo","alternateName":"Webdo.tn","url":"https:\/\/www.webdo.tn\/fr\/","logo":{"@type":"ImageObject","inLanguage":"fr-FR","@id":"https:\/\/www.webdo.tn\/fr\/#\/schema\/logo\/image\/","url":"https:\/\/www.webdo.tn\/fr\/wp-content\/uploads\/2025\/06\/Webdo-Tunisie_168377.jpg","contentUrl":"https:\/\/www.webdo.tn\/fr\/wp-content\/uploads\/2025\/06\/Webdo-Tunisie_168377.jpg","width":301,"height":301,"caption":"Webdo"},"image":{"@id":"https:\/\/www.webdo.tn\/fr\/#\/schema\/logo\/image\/"},"sameAs":["https:\/\/www.facebook.com\/webdotn","https:\/\/x.com\/webdo_tn"],"description":"Webdo est un m\u00e9dia num\u00e9rique tunisien fond\u00e9 en 2010, sp\u00e9cialis\u00e9 dans l\u2019actualit\u00e9 nationale et internationale, l\u2019\u00e9conomie, la soci\u00e9t\u00e9 et les analyses politiques. Le site s\u2019adresse \u00e0 un large public francophone et couvre l\u2019information tunisienne en temps r\u00e9el.","email":"redac@webdo.tn","legalName":"YNJ SARL","foundingDate":"2010-09-06","numberOfEmployees":{"@type":"QuantitativeValue","minValue":"11","maxValue":"50"}},{"@type":"Person","@id":"https:\/\/www.webdo.tn\/fr\/#\/schema\/person\/2c4929cbf5a809e3bd38617c6ce150f6","name":"MC","image":{"@type":"ImageObject","inLanguage":"fr-FR","@id":"https:\/\/secure.gravatar.com\/avatar\/a545bbb6f84efdd5553dbbc2895e3ca8f1d12c5215e00a041c9670b54aa9b18a?s=96&d=mm&r=g","url":"https:\/\/secure.gravatar.com\/avatar\/a545bbb6f84efdd5553dbbc2895e3ca8f1d12c5215e00a041c9670b54aa9b18a?s=96&d=mm&r=g","contentUrl":"https:\/\/secure.gravatar.com\/avatar\/a545bbb6f84efdd5553dbbc2895e3ca8f1d12c5215e00a041c9670b54aa9b18a?s=96&d=mm&r=g","caption":"MC"},"url":"https:\/\/www.webdo.tn\/fr\/actualite\/author\/mc\/"}]}},"_links":{"self":[{"href":"https:\/\/www.webdo.tn\/fr\/wp-json\/wp\/v2\/posts\/204670","targetHints":{"allow":["GET"]}}],"collection":[{"href":"https:\/\/www.webdo.tn\/fr\/wp-json\/wp\/v2\/posts"}],"about":[{"href":"https:\/\/www.webdo.tn\/fr\/wp-json\/wp\/v2\/types\/post"}],"author":[{"embeddable":true,"href":"https:\/\/www.webdo.tn\/fr\/wp-json\/wp\/v2\/users\/3162"}],"replies":[{"embeddable":true,"href":"https:\/\/www.webdo.tn\/fr\/wp-json\/wp\/v2\/comments?post=204670"}],"version-history":[{"count":0,"href":"https:\/\/www.webdo.tn\/fr\/wp-json\/wp\/v2\/posts\/204670\/revisions"}],"wp:featuredmedia":[{"embeddable":true,"href":"https:\/\/www.webdo.tn\/fr\/wp-json\/wp\/v2\/media\/251503"}],"wp:attachment":[{"href":"https:\/\/www.webdo.tn\/fr\/wp-json\/wp\/v2\/media?parent=204670"}],"wp:term":[{"taxonomy":"category","embeddable":true,"href":"https:\/\/www.webdo.tn\/fr\/wp-json\/wp\/v2\/categories?post=204670"},{"taxonomy":"post_tag","embeddable":true,"href":"https:\/\/www.webdo.tn\/fr\/wp-json\/wp\/v2\/tags?post=204670"}],"curies":[{"name":"wp","href":"https:\/\/api.w.org\/{rel}","templated":true}]}}