{"id":204663,"date":"2023-04-08T08:55:00","date_gmt":"2023-04-08T08:55:00","guid":{"rendered":"https:\/\/www.webdo.tn\/fr\/blog\/la-ministre-de-la-culture-se-rend-a-l-eglise-notre-dame-du-rosaire-de-beja\/204663\/"},"modified":"2025-05-20T22:58:32","modified_gmt":"2025-05-20T22:58:32","slug":"la-ministre-de-la-culture-se-rend-a-l-eglise-notre-dame-du-rosaire-de-beja","status":"publish","type":"post","link":"https:\/\/www.webdo.tn\/fr\/actualite\/culture\/la-ministre-de-la-culture-se-rend-a-l-eglise-notre-dame-du-rosaire-de-beja\/204663\/","title":{"rendered":"La ministre de la Culture se rend \u00e0 l&rsquo;\u00e9glise Notre-Dame-du-Rosaire de B\u00e9ja"},"content":{"rendered":"<p>La ministre des Affaires culturelles, Dr Hayet Kettat Guermazi, effectue,  ce samedi 8 avril 2023, une visite de travail au gouvernorat de B\u00e9ja pour superviser et valoriser le patrimoine historique de la r\u00e9gion.<\/p>\n<p>\t\t\t\t\t\t\t\t\tCette visite comprend un certain nombre d&rsquo;axes, elle la m\u00e8nera \u00e0 17h30 \u00e0 l&rsquo;\u00e9glise Notre-Dame-du-Rosaire de B\u00e9ja pour voir notamment l&rsquo;\u00e9tat g\u00e9n\u00e9ral de l&rsquo;\u00e9difice, visite \u00e0 la suite de laquelle il y aura r\u00e9ception des cl\u00e9s.<\/p>\n<p>Cette visite sera suivie par l&rsquo;ouverture de la premi\u00e8re session du Comit\u00e9 consultatif au si\u00e8ge du gouvernorat de Beja.<\/p>\n<p>Dans la soir\u00e9e, la ministre inaugurera les \u00ab Nuits du Ramadan \u00bb au Complexe culturel o\u00f9 un spectacle sera organis\u00e9 par la troupe arabe des musiques, avec la participation des artistes Adnan Chaouachi et Noureddine B\u00e9ji.<\/p>\n","protected":false},"excerpt":{"rendered":"<p>La ministre des Affaires culturelles, Dr Hayet Kettat Guermazi, effectue,  ce samedi 8 avril 2023, une visite de travail au gouvernorat de B\u00e9ja pour superviser&#8230;<\/p>\n","protected":false},"author":3188,"featured_media":251500,"comment_status":"open","ping_status":"closed","sticky":false,"template":"","format":"standard","meta":{"footnotes":""},"categories":[2594],"tags":[3170,4759],"class_list":["post-204663","post","type-post","status-publish","format-standard","has-post-thumbnail","hentry","category-culture","tag-beja","tag-eglise"],"yoast_head":"<!-- This site is optimized with the Yoast SEO Premium plugin v27.5 (Yoast SEO v27.5) - https:\/\/yoast.com\/product\/yoast-seo-premium-wordpress\/ -->\n<title>La ministre de la Culture se rend \u00e0 l&#039;\u00e9glise Notre-Dame-du-Rosaire de B\u00e9ja<\/title>\n<meta name=\"description\" content=\"La ministre des Affaires culturelles, Dr Hayet Kettat Guermazi, effectue, ce samedi 8 avril 2023, une visite de travail au gouvernorat de B\u00e9ja pour superviser...\" \/>\n<link rel=\"canonical\" href=\"https:\/\/www.webdo.tn\/fr\/actualite\/culture\/la-ministre-de-la-culture-se-rend-a-l-eglise-notre-dame-du-rosaire-de-beja\/204663\/\" \/>\n<meta property=\"og:locale\" content=\"fr_FR\" \/>\n<meta property=\"og:type\" content=\"article\" \/>\n<meta property=\"og:title\" content=\"La ministre de la Culture se rend \u00e0 l&#039;\u00e9glise Notre-Dame-du-Rosaire de B\u00e9ja\" \/>\n<meta property=\"og:description\" content=\"La ministre des Affaires culturelles, Dr Hayet Kettat Guermazi, effectue, ce samedi 8 avril 2023, une visite de travail au gouvernorat de B\u00e9ja pour superviser...\" \/>\n<meta property=\"og:url\" content=\"https:\/\/www.webdo.tn\/fr\/actualite\/culture\/la-ministre-de-la-culture-se-rend-a-l-eglise-notre-dame-du-rosaire-de-beja\/204663\/\" \/>\n<meta property=\"og:site_name\" content=\"webdo\" \/>\n<meta property=\"article:publisher\" content=\"https:\/\/www.facebook.com\/webdotn\" \/>\n<meta property=\"article:published_time\" content=\"2023-04-08T08:55:00+00:00\" \/>\n<meta property=\"article:modified_time\" content=\"2025-05-20T22:58:32+00:00\" \/>\n<meta property=\"og:image\" content=\"https:\/\/www.webdo.tn\/fr\/wp-content\/uploads\/2023\/04\/06f1904b5c83f51c5172c2bc708dd3f1.jpg\" \/>\n\t<meta property=\"og:image:width\" content=\"382\" \/>\n\t<meta property=\"og:image:height\" content=\"204\" \/>\n\t<meta property=\"og:image:type\" content=\"image\/jpeg\" \/>\n<meta name=\"author\" content=\"Ramzi\" \/>\n<meta name=\"twitter:card\" content=\"summary_large_image\" \/>\n<meta name=\"twitter:creator\" content=\"@webdo_tn\" \/>\n<meta name=\"twitter:site\" content=\"@webdo_tn\" \/>\n<meta name=\"twitter:label1\" content=\"\u00c9crit par\" \/>\n\t<meta name=\"twitter:data1\" content=\"Ramzi\" \/>\n\t<meta name=\"twitter:label2\" content=\"Dur\u00e9e de lecture estim\u00e9e\" \/>\n\t<meta name=\"twitter:data2\" content=\"1 minute\" \/>\n<script type=\"application\/ld+json\" class=\"yoast-schema-graph\">{\"@context\":\"https:\\\/\\\/schema.org\",\"@graph\":[{\"@type\":\"NewsArticle\",\"@id\":\"https:\\\/\\\/www.webdo.tn\\\/fr\\\/actualite\\\/culture\\\/la-ministre-de-la-culture-se-rend-a-l-eglise-notre-dame-du-rosaire-de-beja\\\/204663\\\/#article\",\"isPartOf\":{\"@id\":\"https:\\\/\\\/www.webdo.tn\\\/fr\\\/actualite\\\/culture\\\/la-ministre-de-la-culture-se-rend-a-l-eglise-notre-dame-du-rosaire-de-beja\\\/204663\\\/\"},\"author\":{\"name\":\"Ramzi\",\"@id\":\"https:\\\/\\\/www.webdo.tn\\\/fr\\\/#\\\/schema\\\/person\\\/590cb5f81adcfde6385530fdbdf468e2\"},\"headline\":\"La ministre de la Culture se rend \u00e0 l&rsquo;\u00e9glise Notre-Dame-du-Rosaire de B\u00e9ja\",\"datePublished\":\"2023-04-08T08:55:00+00:00\",\"dateModified\":\"2025-05-20T22:58:32+00:00\",\"mainEntityOfPage\":{\"@id\":\"https:\\\/\\\/www.webdo.tn\\\/fr\\\/actualite\\\/culture\\\/la-ministre-de-la-culture-se-rend-a-l-eglise-notre-dame-du-rosaire-de-beja\\\/204663\\\/\"},\"wordCount\":147,\"commentCount\":0,\"publisher\":{\"@id\":\"https:\\\/\\\/www.webdo.tn\\\/fr\\\/#organization\"},\"image\":{\"@id\":\"https:\\\/\\\/www.webdo.tn\\\/fr\\\/actualite\\\/culture\\\/la-ministre-de-la-culture-se-rend-a-l-eglise-notre-dame-du-rosaire-de-beja\\\/204663\\\/#primaryimage\"},\"thumbnailUrl\":\"https:\\\/\\\/www.webdo.tn\\\/fr\\\/wp-content\\\/uploads\\\/2023\\\/04\\\/06f1904b5c83f51c5172c2bc708dd3f1.jpg\",\"keywords\":[\"b\u00e9ja\",\"\u00e9glise\"],\"articleSection\":[\"Culture\"],\"inLanguage\":\"fr-FR\"},{\"@type\":\"WebPage\",\"@id\":\"https:\\\/\\\/www.webdo.tn\\\/fr\\\/actualite\\\/culture\\\/la-ministre-de-la-culture-se-rend-a-l-eglise-notre-dame-du-rosaire-de-beja\\\/204663\\\/\",\"url\":\"https:\\\/\\\/www.webdo.tn\\\/fr\\\/actualite\\\/culture\\\/la-ministre-de-la-culture-se-rend-a-l-eglise-notre-dame-du-rosaire-de-beja\\\/204663\\\/\",\"name\":\"La ministre de la Culture se rend \u00e0 l'\u00e9glise Notre-Dame-du-Rosaire de B\u00e9ja\",\"isPartOf\":{\"@id\":\"https:\\\/\\\/www.webdo.tn\\\/fr\\\/#website\"},\"primaryImageOfPage\":{\"@id\":\"https:\\\/\\\/www.webdo.tn\\\/fr\\\/actualite\\\/culture\\\/la-ministre-de-la-culture-se-rend-a-l-eglise-notre-dame-du-rosaire-de-beja\\\/204663\\\/#primaryimage\"},\"image\":{\"@id\":\"https:\\\/\\\/www.webdo.tn\\\/fr\\\/actualite\\\/culture\\\/la-ministre-de-la-culture-se-rend-a-l-eglise-notre-dame-du-rosaire-de-beja\\\/204663\\\/#primaryimage\"},\"thumbnailUrl\":\"https:\\\/\\\/www.webdo.tn\\\/fr\\\/wp-content\\\/uploads\\\/2023\\\/04\\\/06f1904b5c83f51c5172c2bc708dd3f1.jpg\",\"datePublished\":\"2023-04-08T08:55:00+00:00\",\"dateModified\":\"2025-05-20T22:58:32+00:00\",\"description\":\"La ministre des Affaires culturelles, Dr Hayet Kettat Guermazi, effectue, ce samedi 8 avril 2023, une visite de travail au gouvernorat de B\u00e9ja pour superviser...\",\"breadcrumb\":{\"@id\":\"https:\\\/\\\/www.webdo.tn\\\/fr\\\/actualite\\\/culture\\\/la-ministre-de-la-culture-se-rend-a-l-eglise-notre-dame-du-rosaire-de-beja\\\/204663\\\/#breadcrumb\"},\"inLanguage\":\"fr-FR\",\"potentialAction\":[{\"@type\":\"ReadAction\",\"target\":[\"https:\\\/\\\/www.webdo.tn\\\/fr\\\/actualite\\\/culture\\\/la-ministre-de-la-culture-se-rend-a-l-eglise-notre-dame-du-rosaire-de-beja\\\/204663\\\/\"]}]},{\"@type\":\"ImageObject\",\"inLanguage\":\"fr-FR\",\"@id\":\"https:\\\/\\\/www.webdo.tn\\\/fr\\\/actualite\\\/culture\\\/la-ministre-de-la-culture-se-rend-a-l-eglise-notre-dame-du-rosaire-de-beja\\\/204663\\\/#primaryimage\",\"url\":\"https:\\\/\\\/www.webdo.tn\\\/fr\\\/wp-content\\\/uploads\\\/2023\\\/04\\\/06f1904b5c83f51c5172c2bc708dd3f1.jpg\",\"contentUrl\":\"https:\\\/\\\/www.webdo.tn\\\/fr\\\/wp-content\\\/uploads\\\/2023\\\/04\\\/06f1904b5c83f51c5172c2bc708dd3f1.jpg\",\"width\":382,\"height\":204,\"caption\":\"La ministre de la Culture se rend \u00e0 l'\u00e9glise Notre-Dame-du-Rosaire de B\u00e9ja\"},{\"@type\":\"BreadcrumbList\",\"@id\":\"https:\\\/\\\/www.webdo.tn\\\/fr\\\/actualite\\\/culture\\\/la-ministre-de-la-culture-se-rend-a-l-eglise-notre-dame-du-rosaire-de-beja\\\/204663\\\/#breadcrumb\",\"itemListElement\":[{\"@type\":\"ListItem\",\"position\":1,\"name\":\"Accueil\",\"item\":\"https:\\\/\\\/www.webdo.tn\\\/fr\\\/\"},{\"@type\":\"ListItem\",\"position\":2,\"name\":\"La ministre de la Culture se rend \u00e0 l&rsquo;\u00e9glise Notre-Dame-du-Rosaire de B\u00e9ja\"}]},{\"@type\":\"WebSite\",\"@id\":\"https:\\\/\\\/www.webdo.tn\\\/fr\\\/#website\",\"url\":\"https:\\\/\\\/www.webdo.tn\\\/fr\\\/\",\"name\":\"webdo\",\"description\":\"Tunisie - News en Tunisie et \u00e0 l&#039;international sur Webdo.tn\",\"publisher\":{\"@id\":\"https:\\\/\\\/www.webdo.tn\\\/fr\\\/#organization\"},\"potentialAction\":[{\"@type\":\"SearchAction\",\"target\":{\"@type\":\"EntryPoint\",\"urlTemplate\":\"https:\\\/\\\/www.webdo.tn\\\/fr\\\/?s={search_term_string}\"},\"query-input\":{\"@type\":\"PropertyValueSpecification\",\"valueRequired\":true,\"valueName\":\"search_term_string\"}}],\"inLanguage\":\"fr-FR\"},{\"@type\":\"Organization\",\"@id\":\"https:\\\/\\\/www.webdo.tn\\\/fr\\\/#organization\",\"name\":\"Webdo\",\"alternateName\":\"Webdo.tn\",\"url\":\"https:\\\/\\\/www.webdo.tn\\\/fr\\\/\",\"logo\":{\"@type\":\"ImageObject\",\"inLanguage\":\"fr-FR\",\"@id\":\"https:\\\/\\\/www.webdo.tn\\\/fr\\\/#\\\/schema\\\/logo\\\/image\\\/\",\"url\":\"https:\\\/\\\/www.webdo.tn\\\/fr\\\/wp-content\\\/uploads\\\/2025\\\/06\\\/Webdo-Tunisie_168377.jpg\",\"contentUrl\":\"https:\\\/\\\/www.webdo.tn\\\/fr\\\/wp-content\\\/uploads\\\/2025\\\/06\\\/Webdo-Tunisie_168377.jpg\",\"width\":301,\"height\":301,\"caption\":\"Webdo\"},\"image\":{\"@id\":\"https:\\\/\\\/www.webdo.tn\\\/fr\\\/#\\\/schema\\\/logo\\\/image\\\/\"},\"sameAs\":[\"https:\\\/\\\/www.facebook.com\\\/webdotn\",\"https:\\\/\\\/x.com\\\/webdo_tn\"],\"description\":\"Webdo est un m\u00e9dia num\u00e9rique tunisien fond\u00e9 en 2010, sp\u00e9cialis\u00e9 dans l\u2019actualit\u00e9 nationale et internationale, l\u2019\u00e9conomie, la soci\u00e9t\u00e9 et les analyses politiques. Le site s\u2019adresse \u00e0 un large public francophone et couvre l\u2019information tunisienne en temps r\u00e9el.\",\"email\":\"redac@webdo.tn\",\"legalName\":\"YNJ SARL\",\"foundingDate\":\"2010-09-06\",\"numberOfEmployees\":{\"@type\":\"QuantitativeValue\",\"minValue\":\"11\",\"maxValue\":\"50\"}},{\"@type\":\"Person\",\"@id\":\"https:\\\/\\\/www.webdo.tn\\\/fr\\\/#\\\/schema\\\/person\\\/590cb5f81adcfde6385530fdbdf468e2\",\"name\":\"Ramzi\",\"image\":{\"@type\":\"ImageObject\",\"inLanguage\":\"fr-FR\",\"@id\":\"https:\\\/\\\/secure.gravatar.com\\\/avatar\\\/48df7d18915e10cf866ba8e27604c81ff9243fd52704a1d210c3e387e1cb8d87?s=96&d=mm&r=g\",\"url\":\"https:\\\/\\\/secure.gravatar.com\\\/avatar\\\/48df7d18915e10cf866ba8e27604c81ff9243fd52704a1d210c3e387e1cb8d87?s=96&d=mm&r=g\",\"contentUrl\":\"https:\\\/\\\/secure.gravatar.com\\\/avatar\\\/48df7d18915e10cf866ba8e27604c81ff9243fd52704a1d210c3e387e1cb8d87?s=96&d=mm&r=g\",\"caption\":\"Ramzi\"},\"url\":\"https:\\\/\\\/www.webdo.tn\\\/fr\\\/actualite\\\/author\\\/ramzi\\\/\"}]}<\/script>\n<!-- \/ Yoast SEO Premium plugin. -->","yoast_head_json":{"title":"La ministre de la Culture se rend \u00e0 l'\u00e9glise Notre-Dame-du-Rosaire de B\u00e9ja","description":"La ministre des Affaires culturelles, Dr Hayet Kettat Guermazi, effectue, ce samedi 8 avril 2023, une visite de travail au gouvernorat de B\u00e9ja pour superviser...","canonical":"https:\/\/www.webdo.tn\/fr\/actualite\/culture\/la-ministre-de-la-culture-se-rend-a-l-eglise-notre-dame-du-rosaire-de-beja\/204663\/","og_locale":"fr_FR","og_type":"article","og_title":"La ministre de la Culture se rend \u00e0 l'\u00e9glise Notre-Dame-du-Rosaire de B\u00e9ja","og_description":"La ministre des Affaires culturelles, Dr Hayet Kettat Guermazi, effectue, ce samedi 8 avril 2023, une visite de travail au gouvernorat de B\u00e9ja pour superviser...","og_url":"https:\/\/www.webdo.tn\/fr\/actualite\/culture\/la-ministre-de-la-culture-se-rend-a-l-eglise-notre-dame-du-rosaire-de-beja\/204663\/","og_site_name":"webdo","article_publisher":"https:\/\/www.facebook.com\/webdotn","article_published_time":"2023-04-08T08:55:00+00:00","article_modified_time":"2025-05-20T22:58:32+00:00","og_image":[{"width":382,"height":204,"url":"https:\/\/www.webdo.tn\/fr\/wp-content\/uploads\/2023\/04\/06f1904b5c83f51c5172c2bc708dd3f1.jpg","type":"image\/jpeg"}],"author":"Ramzi","twitter_card":"summary_large_image","twitter_creator":"@webdo_tn","twitter_site":"@webdo_tn","twitter_misc":{"\u00c9crit par":"Ramzi","Dur\u00e9e de lecture estim\u00e9e":"1 minute"},"schema":{"@context":"https:\/\/schema.org","@graph":[{"@type":"NewsArticle","@id":"https:\/\/www.webdo.tn\/fr\/actualite\/culture\/la-ministre-de-la-culture-se-rend-a-l-eglise-notre-dame-du-rosaire-de-beja\/204663\/#article","isPartOf":{"@id":"https:\/\/www.webdo.tn\/fr\/actualite\/culture\/la-ministre-de-la-culture-se-rend-a-l-eglise-notre-dame-du-rosaire-de-beja\/204663\/"},"author":{"name":"Ramzi","@id":"https:\/\/www.webdo.tn\/fr\/#\/schema\/person\/590cb5f81adcfde6385530fdbdf468e2"},"headline":"La ministre de la Culture se rend \u00e0 l&rsquo;\u00e9glise Notre-Dame-du-Rosaire de B\u00e9ja","datePublished":"2023-04-08T08:55:00+00:00","dateModified":"2025-05-20T22:58:32+00:00","mainEntityOfPage":{"@id":"https:\/\/www.webdo.tn\/fr\/actualite\/culture\/la-ministre-de-la-culture-se-rend-a-l-eglise-notre-dame-du-rosaire-de-beja\/204663\/"},"wordCount":147,"commentCount":0,"publisher":{"@id":"https:\/\/www.webdo.tn\/fr\/#organization"},"image":{"@id":"https:\/\/www.webdo.tn\/fr\/actualite\/culture\/la-ministre-de-la-culture-se-rend-a-l-eglise-notre-dame-du-rosaire-de-beja\/204663\/#primaryimage"},"thumbnailUrl":"https:\/\/www.webdo.tn\/fr\/wp-content\/uploads\/2023\/04\/06f1904b5c83f51c5172c2bc708dd3f1.jpg","keywords":["b\u00e9ja","\u00e9glise"],"articleSection":["Culture"],"inLanguage":"fr-FR"},{"@type":"WebPage","@id":"https:\/\/www.webdo.tn\/fr\/actualite\/culture\/la-ministre-de-la-culture-se-rend-a-l-eglise-notre-dame-du-rosaire-de-beja\/204663\/","url":"https:\/\/www.webdo.tn\/fr\/actualite\/culture\/la-ministre-de-la-culture-se-rend-a-l-eglise-notre-dame-du-rosaire-de-beja\/204663\/","name":"La ministre de la Culture se rend \u00e0 l'\u00e9glise Notre-Dame-du-Rosaire de B\u00e9ja","isPartOf":{"@id":"https:\/\/www.webdo.tn\/fr\/#website"},"primaryImageOfPage":{"@id":"https:\/\/www.webdo.tn\/fr\/actualite\/culture\/la-ministre-de-la-culture-se-rend-a-l-eglise-notre-dame-du-rosaire-de-beja\/204663\/#primaryimage"},"image":{"@id":"https:\/\/www.webdo.tn\/fr\/actualite\/culture\/la-ministre-de-la-culture-se-rend-a-l-eglise-notre-dame-du-rosaire-de-beja\/204663\/#primaryimage"},"thumbnailUrl":"https:\/\/www.webdo.tn\/fr\/wp-content\/uploads\/2023\/04\/06f1904b5c83f51c5172c2bc708dd3f1.jpg","datePublished":"2023-04-08T08:55:00+00:00","dateModified":"2025-05-20T22:58:32+00:00","description":"La ministre des Affaires culturelles, Dr Hayet Kettat Guermazi, effectue, ce samedi 8 avril 2023, une visite de travail au gouvernorat de B\u00e9ja pour superviser...","breadcrumb":{"@id":"https:\/\/www.webdo.tn\/fr\/actualite\/culture\/la-ministre-de-la-culture-se-rend-a-l-eglise-notre-dame-du-rosaire-de-beja\/204663\/#breadcrumb"},"inLanguage":"fr-FR","potentialAction":[{"@type":"ReadAction","target":["https:\/\/www.webdo.tn\/fr\/actualite\/culture\/la-ministre-de-la-culture-se-rend-a-l-eglise-notre-dame-du-rosaire-de-beja\/204663\/"]}]},{"@type":"ImageObject","inLanguage":"fr-FR","@id":"https:\/\/www.webdo.tn\/fr\/actualite\/culture\/la-ministre-de-la-culture-se-rend-a-l-eglise-notre-dame-du-rosaire-de-beja\/204663\/#primaryimage","url":"https:\/\/www.webdo.tn\/fr\/wp-content\/uploads\/2023\/04\/06f1904b5c83f51c5172c2bc708dd3f1.jpg","contentUrl":"https:\/\/www.webdo.tn\/fr\/wp-content\/uploads\/2023\/04\/06f1904b5c83f51c5172c2bc708dd3f1.jpg","width":382,"height":204,"caption":"La ministre de la Culture se rend \u00e0 l'\u00e9glise Notre-Dame-du-Rosaire de B\u00e9ja"},{"@type":"BreadcrumbList","@id":"https:\/\/www.webdo.tn\/fr\/actualite\/culture\/la-ministre-de-la-culture-se-rend-a-l-eglise-notre-dame-du-rosaire-de-beja\/204663\/#breadcrumb","itemListElement":[{"@type":"ListItem","position":1,"name":"Accueil","item":"https:\/\/www.webdo.tn\/fr\/"},{"@type":"ListItem","position":2,"name":"La ministre de la Culture se rend \u00e0 l&rsquo;\u00e9glise Notre-Dame-du-Rosaire de B\u00e9ja"}]},{"@type":"WebSite","@id":"https:\/\/www.webdo.tn\/fr\/#website","url":"https:\/\/www.webdo.tn\/fr\/","name":"webdo","description":"Tunisie - News en Tunisie et \u00e0 l&#039;international sur Webdo.tn","publisher":{"@id":"https:\/\/www.webdo.tn\/fr\/#organization"},"potentialAction":[{"@type":"SearchAction","target":{"@type":"EntryPoint","urlTemplate":"https:\/\/www.webdo.tn\/fr\/?s={search_term_string}"},"query-input":{"@type":"PropertyValueSpecification","valueRequired":true,"valueName":"search_term_string"}}],"inLanguage":"fr-FR"},{"@type":"Organization","@id":"https:\/\/www.webdo.tn\/fr\/#organization","name":"Webdo","alternateName":"Webdo.tn","url":"https:\/\/www.webdo.tn\/fr\/","logo":{"@type":"ImageObject","inLanguage":"fr-FR","@id":"https:\/\/www.webdo.tn\/fr\/#\/schema\/logo\/image\/","url":"https:\/\/www.webdo.tn\/fr\/wp-content\/uploads\/2025\/06\/Webdo-Tunisie_168377.jpg","contentUrl":"https:\/\/www.webdo.tn\/fr\/wp-content\/uploads\/2025\/06\/Webdo-Tunisie_168377.jpg","width":301,"height":301,"caption":"Webdo"},"image":{"@id":"https:\/\/www.webdo.tn\/fr\/#\/schema\/logo\/image\/"},"sameAs":["https:\/\/www.facebook.com\/webdotn","https:\/\/x.com\/webdo_tn"],"description":"Webdo est un m\u00e9dia num\u00e9rique tunisien fond\u00e9 en 2010, sp\u00e9cialis\u00e9 dans l\u2019actualit\u00e9 nationale et internationale, l\u2019\u00e9conomie, la soci\u00e9t\u00e9 et les analyses politiques. Le site s\u2019adresse \u00e0 un large public francophone et couvre l\u2019information tunisienne en temps r\u00e9el.","email":"redac@webdo.tn","legalName":"YNJ SARL","foundingDate":"2010-09-06","numberOfEmployees":{"@type":"QuantitativeValue","minValue":"11","maxValue":"50"}},{"@type":"Person","@id":"https:\/\/www.webdo.tn\/fr\/#\/schema\/person\/590cb5f81adcfde6385530fdbdf468e2","name":"Ramzi","image":{"@type":"ImageObject","inLanguage":"fr-FR","@id":"https:\/\/secure.gravatar.com\/avatar\/48df7d18915e10cf866ba8e27604c81ff9243fd52704a1d210c3e387e1cb8d87?s=96&d=mm&r=g","url":"https:\/\/secure.gravatar.com\/avatar\/48df7d18915e10cf866ba8e27604c81ff9243fd52704a1d210c3e387e1cb8d87?s=96&d=mm&r=g","contentUrl":"https:\/\/secure.gravatar.com\/avatar\/48df7d18915e10cf866ba8e27604c81ff9243fd52704a1d210c3e387e1cb8d87?s=96&d=mm&r=g","caption":"Ramzi"},"url":"https:\/\/www.webdo.tn\/fr\/actualite\/author\/ramzi\/"}]}},"_links":{"self":[{"href":"https:\/\/www.webdo.tn\/fr\/wp-json\/wp\/v2\/posts\/204663","targetHints":{"allow":["GET"]}}],"collection":[{"href":"https:\/\/www.webdo.tn\/fr\/wp-json\/wp\/v2\/posts"}],"about":[{"href":"https:\/\/www.webdo.tn\/fr\/wp-json\/wp\/v2\/types\/post"}],"author":[{"embeddable":true,"href":"https:\/\/www.webdo.tn\/fr\/wp-json\/wp\/v2\/users\/3188"}],"replies":[{"embeddable":true,"href":"https:\/\/www.webdo.tn\/fr\/wp-json\/wp\/v2\/comments?post=204663"}],"version-history":[{"count":0,"href":"https:\/\/www.webdo.tn\/fr\/wp-json\/wp\/v2\/posts\/204663\/revisions"}],"wp:featuredmedia":[{"embeddable":true,"href":"https:\/\/www.webdo.tn\/fr\/wp-json\/wp\/v2\/media\/251500"}],"wp:attachment":[{"href":"https:\/\/www.webdo.tn\/fr\/wp-json\/wp\/v2\/media?parent=204663"}],"wp:term":[{"taxonomy":"category","embeddable":true,"href":"https:\/\/www.webdo.tn\/fr\/wp-json\/wp\/v2\/categories?post=204663"},{"taxonomy":"post_tag","embeddable":true,"href":"https:\/\/www.webdo.tn\/fr\/wp-json\/wp\/v2\/tags?post=204663"}],"curies":[{"name":"wp","href":"https:\/\/api.w.org\/{rel}","templated":true}]}}