{"id":204659,"date":"2023-04-07T21:15:00","date_gmt":"2023-04-07T21:15:00","guid":{"rendered":"https:\/\/www.webdo.tn\/fr\/blog\/raoued-lancement-officiel-du-projet-pilote-de-protection-de-la-peche\/204659\/"},"modified":"2023-04-07T21:15:00","modified_gmt":"2023-04-07T21:15:00","slug":"raoued-lancement-officiel-du-projet-pilote-de-protection-de-la-peche","status":"publish","type":"post","link":"https:\/\/www.webdo.tn\/fr\/actualite\/national\/raoued-lancement-officiel-du-projet-pilote-de-protection-de-la-peche\/204659\/","title":{"rendered":"Raoued : Lancement officiel du projet pilote de protection de la p\u00eache"},"content":{"rendered":"<p>Le projet pilote pour la protection de la p\u00eache \u00e0 Raoued a \u00e9t\u00e9 officiellement lanc\u00e9, ce vendred 7 avril 2023, en marge de l&rsquo;atelier \u00ab\u00a0les r\u00e9cifs de Raoued MedFisMan\u00a0\u00bb de travail organis\u00e9 \u00e0 l\u2019occasion.<\/p>\n<p>\t\t\t\t\t\t\t\t\tLedit projet pr\u00e9voit l\u2019implantation de r\u00e9cifs artificiels pour enrichir la mer de la r\u00e9gion, et de renforcer le dialogue entre les diff\u00e9rents acteurs concern\u00e9s pour r\u00e9habiliter l&rsquo;aquaculture et la sensibilisation des communaut\u00e9s de p\u00eacheurs et les acteurs du Golfe de Tunis sur l&rsquo;importance de mettre en place un mod\u00e8le de gestion des ressources halieutiques.<\/p>\n<p>Le projet est\u00a0financ\u00e9 par le Fonds Fran\u00e7ais pour l&rsquo;Environnement Mondial, la Fondation \u00ab\u00a0MAVA\u00a0\u00bb et le \u00ab\u00a0Sigrid Rausing Trust\u00a0\u00bb. Il s\u2019inscrit dans le cadre du projet des petites initiatives de la soci\u00e9t\u00e9 civile dans la r\u00e9gion de l\u2019Afrique du nord (PPI-OSCAN), supervis\u00e9 par le Centre de Coop\u00e9ration M\u00e9diterran\u00e9enne de l&rsquo;Union Internationale pour la Conservation de la Nature (UICN).<\/p>\n","protected":false},"excerpt":{"rendered":"<p>Le projet pilote pour la protection de la p\u00eache \u00e0 Raoued a \u00e9t\u00e9 officiellement lanc\u00e9, ce vendred 7 avril 2023, en marge de l&rsquo;atelier  les r\u00e9cifs de Raoued MedFis&#8230;<\/p>\n","protected":false},"author":3169,"featured_media":251497,"comment_status":"open","ping_status":"closed","sticky":false,"template":"","format":"standard","meta":{"footnotes":""},"categories":[44],"tags":[3477,3406,8582,3949,2608],"class_list":["post-204659","post","type-post","status-publish","format-standard","has-post-thumbnail","hentry","category-national","tag-peche","tag-projet","tag-protection","tag-raoued","tag-tunisie"],"yoast_head":"<!-- This site is optimized with the Yoast SEO Premium plugin v27.5 (Yoast SEO v27.5) - https:\/\/yoast.com\/product\/yoast-seo-premium-wordpress\/ -->\n<title>Raoued : Lancement officiel du projet pilote de protection de la p\u00eache<\/title>\n<meta name=\"description\" content=\"Le projet pilote pour la protection de la p\u00eache \u00e0 Raoued a \u00e9t\u00e9 officiellement lanc\u00e9, ce vendred 7 avril 2023, en marge de l&#039;atelier les r\u00e9cifs de Raoued MedFis...\" \/>\n<link rel=\"canonical\" href=\"https:\/\/www.webdo.tn\/fr\/actualite\/national\/raoued-lancement-officiel-du-projet-pilote-de-protection-de-la-peche\/204659\/\" \/>\n<meta property=\"og:locale\" content=\"fr_FR\" \/>\n<meta property=\"og:type\" content=\"article\" \/>\n<meta property=\"og:title\" content=\"Raoued : Lancement officiel du projet pilote de protection de la p\u00eache\" \/>\n<meta property=\"og:description\" content=\"Le projet pilote pour la protection de la p\u00eache \u00e0 Raoued a \u00e9t\u00e9 officiellement lanc\u00e9, ce vendred 7 avril 2023, en marge de l&#039;atelier les r\u00e9cifs de Raoued MedFis...\" \/>\n<meta property=\"og:url\" content=\"https:\/\/www.webdo.tn\/fr\/actualite\/national\/raoued-lancement-officiel-du-projet-pilote-de-protection-de-la-peche\/204659\/\" \/>\n<meta property=\"og:site_name\" content=\"webdo\" \/>\n<meta property=\"article:publisher\" content=\"https:\/\/www.facebook.com\/webdotn\" \/>\n<meta property=\"article:published_time\" content=\"2023-04-07T21:15:00+00:00\" \/>\n<meta property=\"og:image\" content=\"https:\/\/www.webdo.tn\/fr\/wp-content\/uploads\/2023\/04\/88e361f9dc5888ea0d97a685f57a7b4e.jpg\" \/>\n\t<meta property=\"og:image:width\" content=\"750\" \/>\n\t<meta property=\"og:image:height\" content=\"400\" \/>\n\t<meta property=\"og:image:type\" content=\"image\/jpeg\" \/>\n<meta name=\"author\" content=\"Webdo\" \/>\n<meta name=\"twitter:card\" content=\"summary_large_image\" \/>\n<meta name=\"twitter:creator\" content=\"@webdo_tn\" \/>\n<meta name=\"twitter:site\" content=\"@webdo_tn\" \/>\n<meta name=\"twitter:label1\" content=\"\u00c9crit par\" \/>\n\t<meta name=\"twitter:data1\" content=\"Webdo\" \/>\n\t<meta name=\"twitter:label2\" content=\"Dur\u00e9e de lecture estim\u00e9e\" \/>\n\t<meta name=\"twitter:data2\" content=\"1 minute\" \/>\n<script type=\"application\/ld+json\" class=\"yoast-schema-graph\">{\"@context\":\"https:\\\/\\\/schema.org\",\"@graph\":[{\"@type\":\"NewsArticle\",\"@id\":\"https:\\\/\\\/www.webdo.tn\\\/fr\\\/actualite\\\/national\\\/raoued-lancement-officiel-du-projet-pilote-de-protection-de-la-peche\\\/204659\\\/#article\",\"isPartOf\":{\"@id\":\"https:\\\/\\\/www.webdo.tn\\\/fr\\\/actualite\\\/national\\\/raoued-lancement-officiel-du-projet-pilote-de-protection-de-la-peche\\\/204659\\\/\"},\"author\":{\"name\":\"Webdo\",\"@id\":\"https:\\\/\\\/www.webdo.tn\\\/fr\\\/#\\\/schema\\\/person\\\/1f4e491e0907b413d61089e8eb573acc\"},\"headline\":\"Raoued : Lancement officiel du projet pilote de protection de la p\u00eache\",\"datePublished\":\"2023-04-07T21:15:00+00:00\",\"mainEntityOfPage\":{\"@id\":\"https:\\\/\\\/www.webdo.tn\\\/fr\\\/actualite\\\/national\\\/raoued-lancement-officiel-du-projet-pilote-de-protection-de-la-peche\\\/204659\\\/\"},\"wordCount\":180,\"commentCount\":0,\"publisher\":{\"@id\":\"https:\\\/\\\/www.webdo.tn\\\/fr\\\/#organization\"},\"image\":{\"@id\":\"https:\\\/\\\/www.webdo.tn\\\/fr\\\/actualite\\\/national\\\/raoued-lancement-officiel-du-projet-pilote-de-protection-de-la-peche\\\/204659\\\/#primaryimage\"},\"thumbnailUrl\":\"https:\\\/\\\/www.webdo.tn\\\/fr\\\/wp-content\\\/uploads\\\/2023\\\/04\\\/88e361f9dc5888ea0d97a685f57a7b4e.jpg\",\"keywords\":[\"p\u00eache\",\"projet\",\"protection\",\"raoued\",\"Tunisie\"],\"articleSection\":[\"National\"],\"inLanguage\":\"fr-FR\"},{\"@type\":\"WebPage\",\"@id\":\"https:\\\/\\\/www.webdo.tn\\\/fr\\\/actualite\\\/national\\\/raoued-lancement-officiel-du-projet-pilote-de-protection-de-la-peche\\\/204659\\\/\",\"url\":\"https:\\\/\\\/www.webdo.tn\\\/fr\\\/actualite\\\/national\\\/raoued-lancement-officiel-du-projet-pilote-de-protection-de-la-peche\\\/204659\\\/\",\"name\":\"Raoued : Lancement officiel du projet pilote de protection de la p\u00eache\",\"isPartOf\":{\"@id\":\"https:\\\/\\\/www.webdo.tn\\\/fr\\\/#website\"},\"primaryImageOfPage\":{\"@id\":\"https:\\\/\\\/www.webdo.tn\\\/fr\\\/actualite\\\/national\\\/raoued-lancement-officiel-du-projet-pilote-de-protection-de-la-peche\\\/204659\\\/#primaryimage\"},\"image\":{\"@id\":\"https:\\\/\\\/www.webdo.tn\\\/fr\\\/actualite\\\/national\\\/raoued-lancement-officiel-du-projet-pilote-de-protection-de-la-peche\\\/204659\\\/#primaryimage\"},\"thumbnailUrl\":\"https:\\\/\\\/www.webdo.tn\\\/fr\\\/wp-content\\\/uploads\\\/2023\\\/04\\\/88e361f9dc5888ea0d97a685f57a7b4e.jpg\",\"datePublished\":\"2023-04-07T21:15:00+00:00\",\"description\":\"Le projet pilote pour la protection de la p\u00eache \u00e0 Raoued a \u00e9t\u00e9 officiellement lanc\u00e9, ce vendred 7 avril 2023, en marge de l'atelier les r\u00e9cifs de Raoued MedFis...\",\"breadcrumb\":{\"@id\":\"https:\\\/\\\/www.webdo.tn\\\/fr\\\/actualite\\\/national\\\/raoued-lancement-officiel-du-projet-pilote-de-protection-de-la-peche\\\/204659\\\/#breadcrumb\"},\"inLanguage\":\"fr-FR\",\"potentialAction\":[{\"@type\":\"ReadAction\",\"target\":[\"https:\\\/\\\/www.webdo.tn\\\/fr\\\/actualite\\\/national\\\/raoued-lancement-officiel-du-projet-pilote-de-protection-de-la-peche\\\/204659\\\/\"]}]},{\"@type\":\"ImageObject\",\"inLanguage\":\"fr-FR\",\"@id\":\"https:\\\/\\\/www.webdo.tn\\\/fr\\\/actualite\\\/national\\\/raoued-lancement-officiel-du-projet-pilote-de-protection-de-la-peche\\\/204659\\\/#primaryimage\",\"url\":\"https:\\\/\\\/www.webdo.tn\\\/fr\\\/wp-content\\\/uploads\\\/2023\\\/04\\\/88e361f9dc5888ea0d97a685f57a7b4e.jpg\",\"contentUrl\":\"https:\\\/\\\/www.webdo.tn\\\/fr\\\/wp-content\\\/uploads\\\/2023\\\/04\\\/88e361f9dc5888ea0d97a685f57a7b4e.jpg\",\"width\":750,\"height\":400,\"caption\":\"Raoued : Lancement officiel du projet pilote de protection de la p\u00eache\"},{\"@type\":\"BreadcrumbList\",\"@id\":\"https:\\\/\\\/www.webdo.tn\\\/fr\\\/actualite\\\/national\\\/raoued-lancement-officiel-du-projet-pilote-de-protection-de-la-peche\\\/204659\\\/#breadcrumb\",\"itemListElement\":[{\"@type\":\"ListItem\",\"position\":1,\"name\":\"Accueil\",\"item\":\"https:\\\/\\\/www.webdo.tn\\\/fr\\\/\"},{\"@type\":\"ListItem\",\"position\":2,\"name\":\"Raoued : Lancement officiel du projet pilote de protection de la p\u00eache\"}]},{\"@type\":\"WebSite\",\"@id\":\"https:\\\/\\\/www.webdo.tn\\\/fr\\\/#website\",\"url\":\"https:\\\/\\\/www.webdo.tn\\\/fr\\\/\",\"name\":\"webdo\",\"description\":\"Tunisie - News en Tunisie et \u00e0 l&#039;international sur Webdo.tn\",\"publisher\":{\"@id\":\"https:\\\/\\\/www.webdo.tn\\\/fr\\\/#organization\"},\"potentialAction\":[{\"@type\":\"SearchAction\",\"target\":{\"@type\":\"EntryPoint\",\"urlTemplate\":\"https:\\\/\\\/www.webdo.tn\\\/fr\\\/?s={search_term_string}\"},\"query-input\":{\"@type\":\"PropertyValueSpecification\",\"valueRequired\":true,\"valueName\":\"search_term_string\"}}],\"inLanguage\":\"fr-FR\"},{\"@type\":\"Organization\",\"@id\":\"https:\\\/\\\/www.webdo.tn\\\/fr\\\/#organization\",\"name\":\"Webdo\",\"alternateName\":\"Webdo.tn\",\"url\":\"https:\\\/\\\/www.webdo.tn\\\/fr\\\/\",\"logo\":{\"@type\":\"ImageObject\",\"inLanguage\":\"fr-FR\",\"@id\":\"https:\\\/\\\/www.webdo.tn\\\/fr\\\/#\\\/schema\\\/logo\\\/image\\\/\",\"url\":\"https:\\\/\\\/www.webdo.tn\\\/fr\\\/wp-content\\\/uploads\\\/2025\\\/06\\\/Webdo-Tunisie_168377.jpg\",\"contentUrl\":\"https:\\\/\\\/www.webdo.tn\\\/fr\\\/wp-content\\\/uploads\\\/2025\\\/06\\\/Webdo-Tunisie_168377.jpg\",\"width\":301,\"height\":301,\"caption\":\"Webdo\"},\"image\":{\"@id\":\"https:\\\/\\\/www.webdo.tn\\\/fr\\\/#\\\/schema\\\/logo\\\/image\\\/\"},\"sameAs\":[\"https:\\\/\\\/www.facebook.com\\\/webdotn\",\"https:\\\/\\\/x.com\\\/webdo_tn\"],\"description\":\"Webdo est un m\u00e9dia num\u00e9rique tunisien fond\u00e9 en 2010, sp\u00e9cialis\u00e9 dans l\u2019actualit\u00e9 nationale et internationale, l\u2019\u00e9conomie, la soci\u00e9t\u00e9 et les analyses politiques. Le site s\u2019adresse \u00e0 un large public francophone et couvre l\u2019information tunisienne en temps r\u00e9el.\",\"email\":\"redac@webdo.tn\",\"legalName\":\"YNJ SARL\",\"foundingDate\":\"2010-09-06\",\"numberOfEmployees\":{\"@type\":\"QuantitativeValue\",\"minValue\":\"11\",\"maxValue\":\"50\"}},{\"@type\":\"Person\",\"@id\":\"https:\\\/\\\/www.webdo.tn\\\/fr\\\/#\\\/schema\\\/person\\\/1f4e491e0907b413d61089e8eb573acc\",\"name\":\"Webdo\",\"image\":{\"@type\":\"ImageObject\",\"inLanguage\":\"fr-FR\",\"@id\":\"https:\\\/\\\/secure.gravatar.com\\\/avatar\\\/de97aeec1bb80978a9dbb127e47dfc88aaacb2f3c29aac907d8d3222e3495d49?s=96&d=mm&r=g\",\"url\":\"https:\\\/\\\/secure.gravatar.com\\\/avatar\\\/de97aeec1bb80978a9dbb127e47dfc88aaacb2f3c29aac907d8d3222e3495d49?s=96&d=mm&r=g\",\"contentUrl\":\"https:\\\/\\\/secure.gravatar.com\\\/avatar\\\/de97aeec1bb80978a9dbb127e47dfc88aaacb2f3c29aac907d8d3222e3495d49?s=96&d=mm&r=g\",\"caption\":\"Webdo\"},\"url\":\"https:\\\/\\\/www.webdo.tn\\\/fr\\\/actualite\\\/author\\\/webdo\\\/\"}]}<\/script>\n<!-- \/ Yoast SEO Premium plugin. -->","yoast_head_json":{"title":"Raoued : Lancement officiel du projet pilote de protection de la p\u00eache","description":"Le projet pilote pour la protection de la p\u00eache \u00e0 Raoued a \u00e9t\u00e9 officiellement lanc\u00e9, ce vendred 7 avril 2023, en marge de l'atelier les r\u00e9cifs de Raoued MedFis...","canonical":"https:\/\/www.webdo.tn\/fr\/actualite\/national\/raoued-lancement-officiel-du-projet-pilote-de-protection-de-la-peche\/204659\/","og_locale":"fr_FR","og_type":"article","og_title":"Raoued : Lancement officiel du projet pilote de protection de la p\u00eache","og_description":"Le projet pilote pour la protection de la p\u00eache \u00e0 Raoued a \u00e9t\u00e9 officiellement lanc\u00e9, ce vendred 7 avril 2023, en marge de l'atelier les r\u00e9cifs de Raoued MedFis...","og_url":"https:\/\/www.webdo.tn\/fr\/actualite\/national\/raoued-lancement-officiel-du-projet-pilote-de-protection-de-la-peche\/204659\/","og_site_name":"webdo","article_publisher":"https:\/\/www.facebook.com\/webdotn","article_published_time":"2023-04-07T21:15:00+00:00","og_image":[{"width":750,"height":400,"url":"https:\/\/www.webdo.tn\/fr\/wp-content\/uploads\/2023\/04\/88e361f9dc5888ea0d97a685f57a7b4e.jpg","type":"image\/jpeg"}],"author":"Webdo","twitter_card":"summary_large_image","twitter_creator":"@webdo_tn","twitter_site":"@webdo_tn","twitter_misc":{"\u00c9crit par":"Webdo","Dur\u00e9e de lecture estim\u00e9e":"1 minute"},"schema":{"@context":"https:\/\/schema.org","@graph":[{"@type":"NewsArticle","@id":"https:\/\/www.webdo.tn\/fr\/actualite\/national\/raoued-lancement-officiel-du-projet-pilote-de-protection-de-la-peche\/204659\/#article","isPartOf":{"@id":"https:\/\/www.webdo.tn\/fr\/actualite\/national\/raoued-lancement-officiel-du-projet-pilote-de-protection-de-la-peche\/204659\/"},"author":{"name":"Webdo","@id":"https:\/\/www.webdo.tn\/fr\/#\/schema\/person\/1f4e491e0907b413d61089e8eb573acc"},"headline":"Raoued : Lancement officiel du projet pilote de protection de la p\u00eache","datePublished":"2023-04-07T21:15:00+00:00","mainEntityOfPage":{"@id":"https:\/\/www.webdo.tn\/fr\/actualite\/national\/raoued-lancement-officiel-du-projet-pilote-de-protection-de-la-peche\/204659\/"},"wordCount":180,"commentCount":0,"publisher":{"@id":"https:\/\/www.webdo.tn\/fr\/#organization"},"image":{"@id":"https:\/\/www.webdo.tn\/fr\/actualite\/national\/raoued-lancement-officiel-du-projet-pilote-de-protection-de-la-peche\/204659\/#primaryimage"},"thumbnailUrl":"https:\/\/www.webdo.tn\/fr\/wp-content\/uploads\/2023\/04\/88e361f9dc5888ea0d97a685f57a7b4e.jpg","keywords":["p\u00eache","projet","protection","raoued","Tunisie"],"articleSection":["National"],"inLanguage":"fr-FR"},{"@type":"WebPage","@id":"https:\/\/www.webdo.tn\/fr\/actualite\/national\/raoued-lancement-officiel-du-projet-pilote-de-protection-de-la-peche\/204659\/","url":"https:\/\/www.webdo.tn\/fr\/actualite\/national\/raoued-lancement-officiel-du-projet-pilote-de-protection-de-la-peche\/204659\/","name":"Raoued : Lancement officiel du projet pilote de protection de la p\u00eache","isPartOf":{"@id":"https:\/\/www.webdo.tn\/fr\/#website"},"primaryImageOfPage":{"@id":"https:\/\/www.webdo.tn\/fr\/actualite\/national\/raoued-lancement-officiel-du-projet-pilote-de-protection-de-la-peche\/204659\/#primaryimage"},"image":{"@id":"https:\/\/www.webdo.tn\/fr\/actualite\/national\/raoued-lancement-officiel-du-projet-pilote-de-protection-de-la-peche\/204659\/#primaryimage"},"thumbnailUrl":"https:\/\/www.webdo.tn\/fr\/wp-content\/uploads\/2023\/04\/88e361f9dc5888ea0d97a685f57a7b4e.jpg","datePublished":"2023-04-07T21:15:00+00:00","description":"Le projet pilote pour la protection de la p\u00eache \u00e0 Raoued a \u00e9t\u00e9 officiellement lanc\u00e9, ce vendred 7 avril 2023, en marge de l'atelier les r\u00e9cifs de Raoued MedFis...","breadcrumb":{"@id":"https:\/\/www.webdo.tn\/fr\/actualite\/national\/raoued-lancement-officiel-du-projet-pilote-de-protection-de-la-peche\/204659\/#breadcrumb"},"inLanguage":"fr-FR","potentialAction":[{"@type":"ReadAction","target":["https:\/\/www.webdo.tn\/fr\/actualite\/national\/raoued-lancement-officiel-du-projet-pilote-de-protection-de-la-peche\/204659\/"]}]},{"@type":"ImageObject","inLanguage":"fr-FR","@id":"https:\/\/www.webdo.tn\/fr\/actualite\/national\/raoued-lancement-officiel-du-projet-pilote-de-protection-de-la-peche\/204659\/#primaryimage","url":"https:\/\/www.webdo.tn\/fr\/wp-content\/uploads\/2023\/04\/88e361f9dc5888ea0d97a685f57a7b4e.jpg","contentUrl":"https:\/\/www.webdo.tn\/fr\/wp-content\/uploads\/2023\/04\/88e361f9dc5888ea0d97a685f57a7b4e.jpg","width":750,"height":400,"caption":"Raoued : Lancement officiel du projet pilote de protection de la p\u00eache"},{"@type":"BreadcrumbList","@id":"https:\/\/www.webdo.tn\/fr\/actualite\/national\/raoued-lancement-officiel-du-projet-pilote-de-protection-de-la-peche\/204659\/#breadcrumb","itemListElement":[{"@type":"ListItem","position":1,"name":"Accueil","item":"https:\/\/www.webdo.tn\/fr\/"},{"@type":"ListItem","position":2,"name":"Raoued : Lancement officiel du projet pilote de protection de la p\u00eache"}]},{"@type":"WebSite","@id":"https:\/\/www.webdo.tn\/fr\/#website","url":"https:\/\/www.webdo.tn\/fr\/","name":"webdo","description":"Tunisie - News en Tunisie et \u00e0 l&#039;international sur Webdo.tn","publisher":{"@id":"https:\/\/www.webdo.tn\/fr\/#organization"},"potentialAction":[{"@type":"SearchAction","target":{"@type":"EntryPoint","urlTemplate":"https:\/\/www.webdo.tn\/fr\/?s={search_term_string}"},"query-input":{"@type":"PropertyValueSpecification","valueRequired":true,"valueName":"search_term_string"}}],"inLanguage":"fr-FR"},{"@type":"Organization","@id":"https:\/\/www.webdo.tn\/fr\/#organization","name":"Webdo","alternateName":"Webdo.tn","url":"https:\/\/www.webdo.tn\/fr\/","logo":{"@type":"ImageObject","inLanguage":"fr-FR","@id":"https:\/\/www.webdo.tn\/fr\/#\/schema\/logo\/image\/","url":"https:\/\/www.webdo.tn\/fr\/wp-content\/uploads\/2025\/06\/Webdo-Tunisie_168377.jpg","contentUrl":"https:\/\/www.webdo.tn\/fr\/wp-content\/uploads\/2025\/06\/Webdo-Tunisie_168377.jpg","width":301,"height":301,"caption":"Webdo"},"image":{"@id":"https:\/\/www.webdo.tn\/fr\/#\/schema\/logo\/image\/"},"sameAs":["https:\/\/www.facebook.com\/webdotn","https:\/\/x.com\/webdo_tn"],"description":"Webdo est un m\u00e9dia num\u00e9rique tunisien fond\u00e9 en 2010, sp\u00e9cialis\u00e9 dans l\u2019actualit\u00e9 nationale et internationale, l\u2019\u00e9conomie, la soci\u00e9t\u00e9 et les analyses politiques. Le site s\u2019adresse \u00e0 un large public francophone et couvre l\u2019information tunisienne en temps r\u00e9el.","email":"redac@webdo.tn","legalName":"YNJ SARL","foundingDate":"2010-09-06","numberOfEmployees":{"@type":"QuantitativeValue","minValue":"11","maxValue":"50"}},{"@type":"Person","@id":"https:\/\/www.webdo.tn\/fr\/#\/schema\/person\/1f4e491e0907b413d61089e8eb573acc","name":"Webdo","image":{"@type":"ImageObject","inLanguage":"fr-FR","@id":"https:\/\/secure.gravatar.com\/avatar\/de97aeec1bb80978a9dbb127e47dfc88aaacb2f3c29aac907d8d3222e3495d49?s=96&d=mm&r=g","url":"https:\/\/secure.gravatar.com\/avatar\/de97aeec1bb80978a9dbb127e47dfc88aaacb2f3c29aac907d8d3222e3495d49?s=96&d=mm&r=g","contentUrl":"https:\/\/secure.gravatar.com\/avatar\/de97aeec1bb80978a9dbb127e47dfc88aaacb2f3c29aac907d8d3222e3495d49?s=96&d=mm&r=g","caption":"Webdo"},"url":"https:\/\/www.webdo.tn\/fr\/actualite\/author\/webdo\/"}]}},"_links":{"self":[{"href":"https:\/\/www.webdo.tn\/fr\/wp-json\/wp\/v2\/posts\/204659","targetHints":{"allow":["GET"]}}],"collection":[{"href":"https:\/\/www.webdo.tn\/fr\/wp-json\/wp\/v2\/posts"}],"about":[{"href":"https:\/\/www.webdo.tn\/fr\/wp-json\/wp\/v2\/types\/post"}],"author":[{"embeddable":true,"href":"https:\/\/www.webdo.tn\/fr\/wp-json\/wp\/v2\/users\/3169"}],"replies":[{"embeddable":true,"href":"https:\/\/www.webdo.tn\/fr\/wp-json\/wp\/v2\/comments?post=204659"}],"version-history":[{"count":0,"href":"https:\/\/www.webdo.tn\/fr\/wp-json\/wp\/v2\/posts\/204659\/revisions"}],"wp:featuredmedia":[{"embeddable":true,"href":"https:\/\/www.webdo.tn\/fr\/wp-json\/wp\/v2\/media\/251497"}],"wp:attachment":[{"href":"https:\/\/www.webdo.tn\/fr\/wp-json\/wp\/v2\/media?parent=204659"}],"wp:term":[{"taxonomy":"category","embeddable":true,"href":"https:\/\/www.webdo.tn\/fr\/wp-json\/wp\/v2\/categories?post=204659"},{"taxonomy":"post_tag","embeddable":true,"href":"https:\/\/www.webdo.tn\/fr\/wp-json\/wp\/v2\/tags?post=204659"}],"curies":[{"name":"wp","href":"https:\/\/api.w.org\/{rel}","templated":true}]}}