{"id":204653,"date":"2023-04-07T20:13:00","date_gmt":"2023-04-07T20:13:00","guid":{"rendered":"https:\/\/www.webdo.tn\/fr\/blog\/l-acteur-shah-rukh-khan-en-tete-du-sondage-time100-des-personnes-les-plus-influentes-en-2023\/204653\/"},"modified":"2025-05-21T08:56:46","modified_gmt":"2025-05-21T08:56:46","slug":"l-acteur-shah-rukh-khan-en-tete-du-sondage-time100-des-personnes-les-plus-influentes-en-2023","status":"publish","type":"post","link":"https:\/\/www.webdo.tn\/fr\/actualite\/culture\/l-acteur-shah-rukh-khan-en-tete-du-sondage-time100-des-personnes-les-plus-influentes-en-2023\/204653\/","title":{"rendered":"Qui est Shah Rukh Khan, l&rsquo;acteur en t\u00eate du sondage TIME100 des personnes les plus influentes en 2023?"},"content":{"rendered":"<div class=\"single-body entry-content typography-copy\" itemprop=\"articleBody\">\n<p style=\"font-weight: bold; text-align: justify\">\n\t\t\t\t\t\t\t\t\tShah Rukh Khan est arriv\u00e9 en t\u00eate du sondage TIME100 de 2023, dans lequel les lecteurs ont vot\u00e9 pour les personnes qui, selon eux, m\u00e9ritaient le plus une place sur la liste annuelle des personnes les plus influentes du TIME.\n\t\t\t\t\t\t\t\t<\/p>\n<div class=\"coprs\" style=\"text-align: center\"><\/div>\n<div class=\"coprs\" style=\"text-align: justify\">\n<p>\u00a0<\/p>\n<p><span><span>L&rsquo;acteur de Bollywood, qui en 2016 avait \u00e9t\u00e9 qualifi\u00e9 par la CNN, comme la plus grande star de cin\u00e9ma au monde, \u00e9galement producteur et copropri\u00e9taire de Knight Riders Group (une franchise qui regroupe plusieurs \u00e9quipes de crickets) a obtenu 4 % des voix de plus de 1,2 million de votes exprim\u00e9s, devan\u00e7ant ainsi de grandes c\u00e9l\u00e9brit\u00e9s, comme l&rsquo;actrice Michelle Yeoh, l&rsquo;athl\u00e8te Serena Williams et m\u00eame le PDG de Meta (Facebook) Mark Zuckerberg. <\/span><\/span><\/p>\n<div>\n<figure class=\"image\"><img decoding=\"async\" alt=\"shah rukh khan\" height=\"470\" src=\"\/assets\/uploads\/images\/\/Neila\/CNN-Shah-Rukh-Khan-Worlds-Biggest-Movie-Star.jpg\" width=\"844\"><figcaption>CNN titre \u00ab\u00a0La plus grande star du cin\u00e9ma du monde\u00a0\u00bb.<\/figcaption><\/figure>\n<\/div>\n<p>\n<span><span>Shah Rukh Khan, qui est consid\u00e9r\u00e9 comme l&rsquo;acteur le plus c\u00e9l\u00e8bre d&rsquo;Inde et une ic\u00f4ne internationale \u00e0 part enti\u00e8re, a jou\u00e9 dans plus de 100 films au cours de sa carri\u00e8re, devenant le h\u00e9ros romantique pr\u00e9f\u00e9r\u00e9 de Bollywood, tout en \u00e9tant l&rsquo;un des premiers acteurs indiens \u00e0 jouer des personnages complexes. Il a notamment jou\u00e9 dans des blockbusters comme <em>Dilwale Dulhania le Jayenge<\/em> (1995), <em>Kuch Kuch Hota Hai <\/em>(1998) et <em><a href=\"https:\/\/www.facebook.com\/massir.destiniii\/posts\/pfbid0FBhbgGMW5bJgubpJizArTFvzQxZTXov5qtkXLZWLrQHEEK1AFzCBPfiLVuPYVbSel\">My name is Khan<\/a><\/em> (2010). <\/span><\/span><\/p>\n<p><span><span>Malgr\u00e9 l\u2019appel au boycott de la part des extr\u00e9mistes hindouistes, son dernier film <em>Pathaan<\/em>, sorti en janvier dernier, est l&rsquo;un des films les plus rentables de l&rsquo;ann\u00e9e 2023, r\u00e9coltant jusqu&rsquo;\u00e0 pr\u00e9sent, pr\u00e8s de 130 millions de dollars dans plusieurs pays, dont les USA, le Royaume Unis et le Canada. Le film va bient\u00f4t \u00eatre distribu\u00e9 en Chine, au Japon et en Am\u00e9rique du Sud. Sorti sur la plateforme Amazone Prime Video le 22 mars, <em>Pathaan<\/em> y est devenu num\u00e9ro 1 dans 39 pays et num\u00e9ro 2 mondial d\u00e8s les premi\u00e8res 24h. Malheureusement \u00e0 ce jour, le film n\u2019a pas \u00e9t\u00e9 distribu\u00e9 en Tunisie.<\/span><\/span><\/p>\n<p>\u00a0<\/p>\n<p><iframe allowfullscreen=\"\" frameborder=\"0\" height=\"315\" src=\"https:\/\/www.youtube.com\/embed\/vqu4z34wENw\" title=\"YouTube video player\" width=\"560\"><\/iframe><\/p>\n<p>\n<span><span>La popularit\u00e9 de Khan n&rsquo;a cess\u00e9 de cro\u00eetre au fil des ans. Il est devenu une figure embl\u00e9matique de Bollywood et une ic\u00f4ne de la culture indienne dans le monde entier. Cependant, si sa carri\u00e8re est un exemple de r\u00e9ussite dans l&rsquo;industrie cin\u00e9matographique indienne, il est \u00e9galement connu pour son engagement en faveur de nombreuses causes philanthropiques et pour son activisme social.<\/span><\/span><\/p>\n<p><span><span>Sa fondation la <a href=\"https:\/\/www.meerfoundation.org\/about\">Meer Foundation<\/a>, par exemple, travaille \u00e0 la promotion de l&rsquo;\u00e9ducation et de la sant\u00e9 des femmes en Inde et vient particuli\u00e8rement en aide aux femmes victimes d\u2019attaques \u00e0 l\u2019acide. De plus, sa nomination en tant qu&rsquo;ambassadeur de bonne volont\u00e9 de l&rsquo;UNESCO pour la promotion de la culture de la paix en 2011 t\u00e9moigne de son engagement en faveur de la paix et de la tol\u00e9rance.<\/span><\/span><\/p>\n<p><span><span>Shah Rukh Khan est \u00e9galement un symbole de l&rsquo;Inde moderne et unie. N\u00e9 dans une famille musulmane de classe moyenne de Delhi et mari\u00e9 \u00e0 une Hindoue, il incarne le pluralisme et le multiculturalisme indiens et cela se refl\u00e8te dans son travail cin\u00e9matographique. En tant qu&rsquo;acteur, il a os\u00e9 jouer des personnages qui sortent des codes et des conventions, explorant des th\u00e8mes tels que les tensions religieuses, la discrimination et les divisions politiques et poussant \u00e0 la tol\u00e9rance et \u00e0 l\u2019acceptation de l\u2019autre. Par exemple, dans son film <em>My name is Khan<\/em>, qui d\u00e9nonce le racisme antimusulman aux \u00c9tats-Unis apr\u00e8s les attentats du 11 septembre, Shah Rukh Khan a port\u00e9 \u00e0 l&rsquo;\u00e9cran son attachement \u00e0 sa religion et \u00e0 la cohabitation pacifique entre les gens. Comme lui, Rizvan Khan, son h\u00e9ros musulman est mari\u00e9 \u00e0 une femme hindoue et a \u00e9t\u00e9 emb\u00eat\u00e9 \u00e0 cause de sa religion.<\/span><\/span><\/p>\n<p>\u00a0<\/p>\n<div>\n<figure class=\"image\"><img decoding=\"async\" alt=\"Shah Rukh Khan\" height=\"428\" src=\"\/assets\/uploads\/images\/\/Neila\/Shah%20Rukh%20Khan%20salue%20ses%20fans%20devant%20sa%20maison.jpeg\" width=\"791\"><figcaption>Shah Rukh Khan saluant la foule de ses admirateurs, qui viennent par milliers devant sa maison.<\/figcaption><\/figure>\n<\/div>\n<p>\u00a0<\/p>\n<p><span><span>V\u00e9n\u00e9r\u00e9 par ses fans comme un demi-dieu, Shah Rukh Khan est d\u00e9test\u00e9 par certains extr\u00e9mistes hindous dont il est devenu la cible. Alors que les films de Bollywood avaient toujours c\u00e9l\u00e9br\u00e9 une Inde plurielle, sous le gouvernement de Narendra Modi, le cin\u00e9ma indien a \u00e9t\u00e9 utilis\u00e9 comme un outil de propagande pour promouvoir le nationalisme hindou et d\u00e9noncer les musulmans. En effet, le gouvernement Modi utilise toutes les institutions \u00e0 sa disposition pour mettre l&rsquo;industrie cin\u00e9matographique au pas et restreindre la libert\u00e9 cr\u00e9ative de Bollywood, en particulier l&rsquo;influence des musulmans, qui ont une forte pr\u00e9sence dans cette industrie.<\/span><\/span><\/p>\n<p><span><span>Shah Rukh Khan n&rsquo;a jamais abandonn\u00e9 sa foi musulmane et ne s&rsquo;est pas laiss\u00e9 d\u00e9finir par cette derni\u00e8re. Il a s\u00e9duit le public au-del\u00e0 des clivages sociaux et religieux. Il est \u00e9galement un exemple de courage et de pers\u00e9v\u00e9rance. Bien qu&rsquo;il ait subi des pressions s\u00e9v\u00e8res, il a refus\u00e9 de se joindre au reste de l&rsquo;industrie dans ses \u00e9loges flatteurs du gouvernement Modi. Sa voix s&rsquo;est faite plus discr\u00e8te, mais son engagement en faveur de la tol\u00e9rance et de la paix reste intact.<\/span><\/span><\/p>\n<p><span><span>Pour le faire plier, en octobre 2021, son fils, Aryan Khan, a \u00e9t\u00e9 arr\u00eat\u00e9 dans une affaire de trafic de drogue et a pass\u00e9 pr\u00e8s d&rsquo;un mois derri\u00e8re les barreaux avant que toutes les accusations contre lui ne soient finalement abandonn\u00e9es. Il \u00e9tait \u00e9vident d\u00e8s le d\u00e9but que le jeune homme \u00e9tait innocent, mais que son p\u00e8re \u00e9tait vis\u00e9. Cette arrestation a \u00e9t\u00e9 largement consid\u00e9r\u00e9e comme un acte de r\u00e9pression contre la famille Khan, en particulier compte tenu de leur statut \u00e9lev\u00e9 dans la soci\u00e9t\u00e9 indienne et de leur appartenance religieuse. Khan a d\u00fb faire face \u00e0 une pression intense de la part des autorit\u00e9s, subissant une campagne de diffamation implacable, mais il a tenu bon.<\/span><\/span><\/p>\n<p>\u00a0<\/p>\n<p><img decoding=\"async\" alt=\"\" height=\"868\" src=\"\/assets\/uploads\/images\/\/Neila\/shah%20rukh%20khan.jpeg\" width=\"566\"><\/p>\n<p>\u00a0<\/p>\n<p><span><span>Malgr\u00e9 ces d\u00e9fis, Shah Rukh Khan reste un mod\u00e8le pour des millions de personnes dans le monde entier, inspirant par son travail cin\u00e9matographique et son engagement social. Sa victoire dans le sondage TIME100 Reader Poll 2023 est une reconnaissance bien m\u00e9rit\u00e9e de son influence et de son impact sur la soci\u00e9t\u00e9 mondiale.<\/span><\/span><\/p>\n<p><span><span>La deuxi\u00e8me place du sondage a \u00e9t\u00e9 attribu\u00e9e aux femmes iraniennes qui ont protest\u00e9 pour de plus grandes libert\u00e9s contre le r\u00e9gime islamique du pays. Elles ont \u00e9t\u00e9 suivies en troisi\u00e8me position, par les travailleurs de la sant\u00e9 qui ont \u00e9t\u00e9 en premi\u00e8re ligne dans la lutte contre la pand\u00e9mie mondiale depuis 2020. Le prince Harry et Meghan ont obtenu la quatri\u00e8me place, tandis que Lionel Messi est arriv\u00e9 en cinqui\u00e8me position.<\/span><\/span><\/p>\n<p>\n<strong><span><span>Ne\u00efla Driss<\/span><\/span><\/strong><\/p>\n<p>\u00a0<\/p>\n<\/p><\/div>\n<div class=\"coprs\" style=\"text-align: center\"><\/div><\/div>\n","protected":false},"excerpt":{"rendered":"<p>Shah Rukh Khan est arriv\u00e9 en t\u00eate du sondage TIME100 de 2023, dans lequel les lecteurs ont vot\u00e9 pour les personnes qui, selon eux, m\u00e9ritaient le plus une place&#8230;<\/p>\n","protected":false},"author":3164,"featured_media":251494,"comment_status":"open","ping_status":"closed","sticky":false,"template":"","format":"standard","meta":{"footnotes":""},"categories":[2594],"tags":[4409,2626,6286,8544,8303,8581],"class_list":["post-204653","post","type-post","status-publish","format-standard","has-post-thumbnail","hentry","category-culture","tag-acteur","tag-cinema","tag-cinema-indien","tag-shah-rukh-khan","tag-sondage","tag-time100"],"yoast_head":"<!-- This site is optimized with the Yoast SEO Premium plugin v27.5 (Yoast SEO v27.5) - https:\/\/yoast.com\/product\/yoast-seo-premium-wordpress\/ -->\n<title>Qui est Shah Rukh Khan, l&#039;acteur en t\u00eate du sondage TIME100 des personnes les plus influentes en 2023?<\/title>\n<meta name=\"description\" content=\"Shah Rukh Khan est arriv\u00e9 en t\u00eate du sondage TIME100 de 2023, dans lequel les lecteurs ont vot\u00e9 pour les personnes qui, selon eux, m\u00e9ritaient le plus une place...\" \/>\n<link rel=\"canonical\" href=\"https:\/\/www.webdo.tn\/fr\/actualite\/culture\/l-acteur-shah-rukh-khan-en-tete-du-sondage-time100-des-personnes-les-plus-influentes-en-2023\/204653\/\" \/>\n<meta property=\"og:locale\" content=\"fr_FR\" \/>\n<meta property=\"og:type\" content=\"article\" \/>\n<meta property=\"og:title\" content=\"Qui est Shah Rukh Khan, l&#039;acteur en t\u00eate du sondage TIME100 des personnes les plus influentes en 2023?\" \/>\n<meta property=\"og:description\" content=\"Shah Rukh Khan est arriv\u00e9 en t\u00eate du sondage TIME100 de 2023, dans lequel les lecteurs ont vot\u00e9 pour les personnes qui, selon eux, m\u00e9ritaient le plus une place...\" \/>\n<meta property=\"og:url\" content=\"https:\/\/www.webdo.tn\/fr\/actualite\/culture\/l-acteur-shah-rukh-khan-en-tete-du-sondage-time100-des-personnes-les-plus-influentes-en-2023\/204653\/\" \/>\n<meta property=\"og:site_name\" content=\"webdo\" \/>\n<meta property=\"article:publisher\" content=\"https:\/\/www.facebook.com\/webdotn\" \/>\n<meta property=\"article:author\" content=\"https:\/\/www.facebook.com\/massir.destiniii\/\" \/>\n<meta property=\"article:published_time\" content=\"2023-04-07T20:13:00+00:00\" \/>\n<meta property=\"article:modified_time\" content=\"2025-05-21T08:56:46+00:00\" \/>\n<meta property=\"og:image\" content=\"https:\/\/www.webdo.tn\/fr\/wp-content\/uploads\/2023\/04\/d90b0c7f1519d92562770e2be9e20d58.jpeg\" \/>\n\t<meta property=\"og:image:width\" content=\"640\" \/>\n\t<meta property=\"og:image:height\" content=\"341\" \/>\n\t<meta property=\"og:image:type\" content=\"image\/jpeg\" \/>\n<meta name=\"author\" content=\"Ne\u00efla DRISS\" \/>\n<meta name=\"twitter:card\" content=\"summary_large_image\" \/>\n<meta name=\"twitter:creator\" content=\"@https:\/\/x.com\/MassirDestin\" \/>\n<meta name=\"twitter:site\" content=\"@webdo_tn\" \/>\n<meta name=\"twitter:label1\" content=\"\u00c9crit par\" \/>\n\t<meta name=\"twitter:data1\" content=\"Ne\u00efla DRISS\" \/>\n\t<meta name=\"twitter:label2\" content=\"Dur\u00e9e de lecture estim\u00e9e\" \/>\n\t<meta name=\"twitter:data2\" content=\"5 minutes\" \/>\n<script type=\"application\/ld+json\" class=\"yoast-schema-graph\">{\"@context\":\"https:\\\/\\\/schema.org\",\"@graph\":[{\"@type\":\"NewsArticle\",\"@id\":\"https:\\\/\\\/www.webdo.tn\\\/fr\\\/actualite\\\/culture\\\/l-acteur-shah-rukh-khan-en-tete-du-sondage-time100-des-personnes-les-plus-influentes-en-2023\\\/204653\\\/#article\",\"isPartOf\":{\"@id\":\"https:\\\/\\\/www.webdo.tn\\\/fr\\\/actualite\\\/culture\\\/l-acteur-shah-rukh-khan-en-tete-du-sondage-time100-des-personnes-les-plus-influentes-en-2023\\\/204653\\\/\"},\"author\":{\"name\":\"Ne\u00efla DRISS\",\"@id\":\"https:\\\/\\\/www.webdo.tn\\\/fr\\\/#\\\/schema\\\/person\\\/60d5ba619ed3f58783b0dc82b7dada80\"},\"headline\":\"Qui est Shah Rukh Khan, l&rsquo;acteur en t\u00eate du sondage TIME100 des personnes les plus influentes en 2023?\",\"datePublished\":\"2023-04-07T20:13:00+00:00\",\"dateModified\":\"2025-05-21T08:56:46+00:00\",\"mainEntityOfPage\":{\"@id\":\"https:\\\/\\\/www.webdo.tn\\\/fr\\\/actualite\\\/culture\\\/l-acteur-shah-rukh-khan-en-tete-du-sondage-time100-des-personnes-les-plus-influentes-en-2023\\\/204653\\\/\"},\"wordCount\":1127,\"commentCount\":0,\"publisher\":{\"@id\":\"https:\\\/\\\/www.webdo.tn\\\/fr\\\/#organization\"},\"image\":{\"@id\":\"https:\\\/\\\/www.webdo.tn\\\/fr\\\/actualite\\\/culture\\\/l-acteur-shah-rukh-khan-en-tete-du-sondage-time100-des-personnes-les-plus-influentes-en-2023\\\/204653\\\/#primaryimage\"},\"thumbnailUrl\":\"https:\\\/\\\/www.webdo.tn\\\/fr\\\/wp-content\\\/uploads\\\/2023\\\/04\\\/d90b0c7f1519d92562770e2be9e20d58.jpeg\",\"keywords\":[\"Acteur\",\"Cin\u00e9ma\",\"Cin\u00e9ma Indien\",\"Shah Rukh Khan\",\"sondage\",\"TIME100\"],\"articleSection\":[\"Culture\"],\"inLanguage\":\"fr-FR\"},{\"@type\":\"WebPage\",\"@id\":\"https:\\\/\\\/www.webdo.tn\\\/fr\\\/actualite\\\/culture\\\/l-acteur-shah-rukh-khan-en-tete-du-sondage-time100-des-personnes-les-plus-influentes-en-2023\\\/204653\\\/\",\"url\":\"https:\\\/\\\/www.webdo.tn\\\/fr\\\/actualite\\\/culture\\\/l-acteur-shah-rukh-khan-en-tete-du-sondage-time100-des-personnes-les-plus-influentes-en-2023\\\/204653\\\/\",\"name\":\"Qui est Shah Rukh Khan, l'acteur en t\u00eate du sondage TIME100 des personnes les plus influentes en 2023?\",\"isPartOf\":{\"@id\":\"https:\\\/\\\/www.webdo.tn\\\/fr\\\/#website\"},\"primaryImageOfPage\":{\"@id\":\"https:\\\/\\\/www.webdo.tn\\\/fr\\\/actualite\\\/culture\\\/l-acteur-shah-rukh-khan-en-tete-du-sondage-time100-des-personnes-les-plus-influentes-en-2023\\\/204653\\\/#primaryimage\"},\"image\":{\"@id\":\"https:\\\/\\\/www.webdo.tn\\\/fr\\\/actualite\\\/culture\\\/l-acteur-shah-rukh-khan-en-tete-du-sondage-time100-des-personnes-les-plus-influentes-en-2023\\\/204653\\\/#primaryimage\"},\"thumbnailUrl\":\"https:\\\/\\\/www.webdo.tn\\\/fr\\\/wp-content\\\/uploads\\\/2023\\\/04\\\/d90b0c7f1519d92562770e2be9e20d58.jpeg\",\"datePublished\":\"2023-04-07T20:13:00+00:00\",\"dateModified\":\"2025-05-21T08:56:46+00:00\",\"description\":\"Shah Rukh Khan est arriv\u00e9 en t\u00eate du sondage TIME100 de 2023, dans lequel les lecteurs ont vot\u00e9 pour les personnes qui, selon eux, m\u00e9ritaient le plus une place...\",\"breadcrumb\":{\"@id\":\"https:\\\/\\\/www.webdo.tn\\\/fr\\\/actualite\\\/culture\\\/l-acteur-shah-rukh-khan-en-tete-du-sondage-time100-des-personnes-les-plus-influentes-en-2023\\\/204653\\\/#breadcrumb\"},\"inLanguage\":\"fr-FR\",\"potentialAction\":[{\"@type\":\"ReadAction\",\"target\":[\"https:\\\/\\\/www.webdo.tn\\\/fr\\\/actualite\\\/culture\\\/l-acteur-shah-rukh-khan-en-tete-du-sondage-time100-des-personnes-les-plus-influentes-en-2023\\\/204653\\\/\"]}]},{\"@type\":\"ImageObject\",\"inLanguage\":\"fr-FR\",\"@id\":\"https:\\\/\\\/www.webdo.tn\\\/fr\\\/actualite\\\/culture\\\/l-acteur-shah-rukh-khan-en-tete-du-sondage-time100-des-personnes-les-plus-influentes-en-2023\\\/204653\\\/#primaryimage\",\"url\":\"https:\\\/\\\/www.webdo.tn\\\/fr\\\/wp-content\\\/uploads\\\/2023\\\/04\\\/d90b0c7f1519d92562770e2be9e20d58.jpeg\",\"contentUrl\":\"https:\\\/\\\/www.webdo.tn\\\/fr\\\/wp-content\\\/uploads\\\/2023\\\/04\\\/d90b0c7f1519d92562770e2be9e20d58.jpeg\",\"width\":640,\"height\":341,\"caption\":\"Qui est Shah Rukh Khan, l'acteur en t\u00eate du sondage TIME100 des personnes les plus influentes en 2023?\"},{\"@type\":\"BreadcrumbList\",\"@id\":\"https:\\\/\\\/www.webdo.tn\\\/fr\\\/actualite\\\/culture\\\/l-acteur-shah-rukh-khan-en-tete-du-sondage-time100-des-personnes-les-plus-influentes-en-2023\\\/204653\\\/#breadcrumb\",\"itemListElement\":[{\"@type\":\"ListItem\",\"position\":1,\"name\":\"Accueil\",\"item\":\"https:\\\/\\\/www.webdo.tn\\\/fr\\\/\"},{\"@type\":\"ListItem\",\"position\":2,\"name\":\"Qui est Shah Rukh Khan, l&rsquo;acteur en t\u00eate du sondage TIME100 des personnes les plus influentes en 2023?\"}]},{\"@type\":\"WebSite\",\"@id\":\"https:\\\/\\\/www.webdo.tn\\\/fr\\\/#website\",\"url\":\"https:\\\/\\\/www.webdo.tn\\\/fr\\\/\",\"name\":\"webdo\",\"description\":\"Tunisie - News en Tunisie et \u00e0 l&#039;international sur Webdo.tn\",\"publisher\":{\"@id\":\"https:\\\/\\\/www.webdo.tn\\\/fr\\\/#organization\"},\"potentialAction\":[{\"@type\":\"SearchAction\",\"target\":{\"@type\":\"EntryPoint\",\"urlTemplate\":\"https:\\\/\\\/www.webdo.tn\\\/fr\\\/?s={search_term_string}\"},\"query-input\":{\"@type\":\"PropertyValueSpecification\",\"valueRequired\":true,\"valueName\":\"search_term_string\"}}],\"inLanguage\":\"fr-FR\"},{\"@type\":\"Organization\",\"@id\":\"https:\\\/\\\/www.webdo.tn\\\/fr\\\/#organization\",\"name\":\"Webdo\",\"alternateName\":\"Webdo.tn\",\"url\":\"https:\\\/\\\/www.webdo.tn\\\/fr\\\/\",\"logo\":{\"@type\":\"ImageObject\",\"inLanguage\":\"fr-FR\",\"@id\":\"https:\\\/\\\/www.webdo.tn\\\/fr\\\/#\\\/schema\\\/logo\\\/image\\\/\",\"url\":\"https:\\\/\\\/www.webdo.tn\\\/fr\\\/wp-content\\\/uploads\\\/2025\\\/06\\\/Webdo-Tunisie_168377.jpg\",\"contentUrl\":\"https:\\\/\\\/www.webdo.tn\\\/fr\\\/wp-content\\\/uploads\\\/2025\\\/06\\\/Webdo-Tunisie_168377.jpg\",\"width\":301,\"height\":301,\"caption\":\"Webdo\"},\"image\":{\"@id\":\"https:\\\/\\\/www.webdo.tn\\\/fr\\\/#\\\/schema\\\/logo\\\/image\\\/\"},\"sameAs\":[\"https:\\\/\\\/www.facebook.com\\\/webdotn\",\"https:\\\/\\\/x.com\\\/webdo_tn\"],\"description\":\"Webdo est un m\u00e9dia num\u00e9rique tunisien fond\u00e9 en 2010, sp\u00e9cialis\u00e9 dans l\u2019actualit\u00e9 nationale et internationale, l\u2019\u00e9conomie, la soci\u00e9t\u00e9 et les analyses politiques. Le site s\u2019adresse \u00e0 un large public francophone et couvre l\u2019information tunisienne en temps r\u00e9el.\",\"email\":\"redac@webdo.tn\",\"legalName\":\"YNJ SARL\",\"foundingDate\":\"2010-09-06\",\"numberOfEmployees\":{\"@type\":\"QuantitativeValue\",\"minValue\":\"11\",\"maxValue\":\"50\"}},{\"@type\":\"Person\",\"@id\":\"https:\\\/\\\/www.webdo.tn\\\/fr\\\/#\\\/schema\\\/person\\\/60d5ba619ed3f58783b0dc82b7dada80\",\"name\":\"Ne\u00efla DRISS\",\"image\":{\"@type\":\"ImageObject\",\"inLanguage\":\"fr-FR\",\"@id\":\"https:\\\/\\\/www.webdo.tn\\\/fr\\\/wp-content\\\/uploads\\\/2026\\\/04\\\/neila-driss_avatar-96x96.jpg\",\"url\":\"https:\\\/\\\/www.webdo.tn\\\/fr\\\/wp-content\\\/uploads\\\/2026\\\/04\\\/neila-driss_avatar-96x96.jpg\",\"contentUrl\":\"https:\\\/\\\/www.webdo.tn\\\/fr\\\/wp-content\\\/uploads\\\/2026\\\/04\\\/neila-driss_avatar-96x96.jpg\",\"caption\":\"Ne\u00efla DRISS\"},\"description\":\"Ne\u00efla Driss est juriste, journaliste culturelle et critique de cin\u00e9ma tunisienne. Titulaire d\u2019un DEA en droit priv\u00e9 de l\u2019Universit\u00e9 Paris II et d\u2019un DESS de l\u2019IHEC Carthage, elle d\u00e9bute sa carri\u00e8re comme juriste sp\u00e9cialis\u00e9e en gestion de patrimoine immobilier. Elle s\u2019oriente ensuite vers l\u2019\u00e9criture en ligne, o\u00f9 elle se distingue d\u00e8s 2006 aux Tunisia Blog Awards, avant de se consacrer au journalisme culturel, avec une sp\u00e9cialisation dans la critique cin\u00e9matographique. Elle couvre r\u00e9guli\u00e8rement les grands festivals internationaux, notamment le Festival de Cannes, les Journ\u00e9es Cin\u00e9matographiques de Carthage et le Festival du film du Caire. Membre de l\u2019ATPCC et de la FIPRESCI, elle participe \u00e0 des jurys et initiatives internationales de critique. Depuis 2024, elle est \u00e9lectrice internationale aux Golden Globes. Facebook : https:\\\/\\\/www.facebook.com\\\/massir.destiniii\\\/ X : https:\\\/\\\/x.com\\\/MassirDestin\",\"sameAs\":[\"https:\\\/\\\/www.facebook.com\\\/massir.destiniii\\\/\",\"https:\\\/\\\/www.instagram.com\\\/neila.driss\\\/?hl=fr\",\"https:\\\/\\\/www.linkedin.com\\\/in\\\/neila-driss-22606a80\\\/\",\"https:\\\/\\\/x.com\\\/https:\\\/\\\/x.com\\\/MassirDestin\"],\"knowsAbout\":[\"Cin\u00e9ma international\",\"critique cin\u00e9matographique\",\"festivals de cin\u00e9ma\",\"journalisme culturel\"],\"knowsLanguage\":[\"Fran\u00e7ais\",\"Arabe\",\"Anglais\"],\"jobTitle\":\"Journaliste culturelle et critique de cin\u00e9ma\",\"worksFor\":\"Webdo\",\"url\":\"https:\\\/\\\/www.webdo.tn\\\/fr\\\/actualite\\\/author\\\/neila-driss\\\/\"}]}<\/script>\n<!-- \/ Yoast SEO Premium plugin. -->","yoast_head_json":{"title":"Qui est Shah Rukh Khan, l'acteur en t\u00eate du sondage TIME100 des personnes les plus influentes en 2023?","description":"Shah Rukh Khan est arriv\u00e9 en t\u00eate du sondage TIME100 de 2023, dans lequel les lecteurs ont vot\u00e9 pour les personnes qui, selon eux, m\u00e9ritaient le plus une place...","canonical":"https:\/\/www.webdo.tn\/fr\/actualite\/culture\/l-acteur-shah-rukh-khan-en-tete-du-sondage-time100-des-personnes-les-plus-influentes-en-2023\/204653\/","og_locale":"fr_FR","og_type":"article","og_title":"Qui est Shah Rukh Khan, l'acteur en t\u00eate du sondage TIME100 des personnes les plus influentes en 2023?","og_description":"Shah Rukh Khan est arriv\u00e9 en t\u00eate du sondage TIME100 de 2023, dans lequel les lecteurs ont vot\u00e9 pour les personnes qui, selon eux, m\u00e9ritaient le plus une place...","og_url":"https:\/\/www.webdo.tn\/fr\/actualite\/culture\/l-acteur-shah-rukh-khan-en-tete-du-sondage-time100-des-personnes-les-plus-influentes-en-2023\/204653\/","og_site_name":"webdo","article_publisher":"https:\/\/www.facebook.com\/webdotn","article_author":"https:\/\/www.facebook.com\/massir.destiniii\/","article_published_time":"2023-04-07T20:13:00+00:00","article_modified_time":"2025-05-21T08:56:46+00:00","og_image":[{"width":640,"height":341,"url":"https:\/\/www.webdo.tn\/fr\/wp-content\/uploads\/2023\/04\/d90b0c7f1519d92562770e2be9e20d58.jpeg","type":"image\/jpeg"}],"author":"Ne\u00efla DRISS","twitter_card":"summary_large_image","twitter_creator":"@https:\/\/x.com\/MassirDestin","twitter_site":"@webdo_tn","twitter_misc":{"\u00c9crit par":"Ne\u00efla DRISS","Dur\u00e9e de lecture estim\u00e9e":"5 minutes"},"schema":{"@context":"https:\/\/schema.org","@graph":[{"@type":"NewsArticle","@id":"https:\/\/www.webdo.tn\/fr\/actualite\/culture\/l-acteur-shah-rukh-khan-en-tete-du-sondage-time100-des-personnes-les-plus-influentes-en-2023\/204653\/#article","isPartOf":{"@id":"https:\/\/www.webdo.tn\/fr\/actualite\/culture\/l-acteur-shah-rukh-khan-en-tete-du-sondage-time100-des-personnes-les-plus-influentes-en-2023\/204653\/"},"author":{"name":"Ne\u00efla DRISS","@id":"https:\/\/www.webdo.tn\/fr\/#\/schema\/person\/60d5ba619ed3f58783b0dc82b7dada80"},"headline":"Qui est Shah Rukh Khan, l&rsquo;acteur en t\u00eate du sondage TIME100 des personnes les plus influentes en 2023?","datePublished":"2023-04-07T20:13:00+00:00","dateModified":"2025-05-21T08:56:46+00:00","mainEntityOfPage":{"@id":"https:\/\/www.webdo.tn\/fr\/actualite\/culture\/l-acteur-shah-rukh-khan-en-tete-du-sondage-time100-des-personnes-les-plus-influentes-en-2023\/204653\/"},"wordCount":1127,"commentCount":0,"publisher":{"@id":"https:\/\/www.webdo.tn\/fr\/#organization"},"image":{"@id":"https:\/\/www.webdo.tn\/fr\/actualite\/culture\/l-acteur-shah-rukh-khan-en-tete-du-sondage-time100-des-personnes-les-plus-influentes-en-2023\/204653\/#primaryimage"},"thumbnailUrl":"https:\/\/www.webdo.tn\/fr\/wp-content\/uploads\/2023\/04\/d90b0c7f1519d92562770e2be9e20d58.jpeg","keywords":["Acteur","Cin\u00e9ma","Cin\u00e9ma Indien","Shah Rukh Khan","sondage","TIME100"],"articleSection":["Culture"],"inLanguage":"fr-FR"},{"@type":"WebPage","@id":"https:\/\/www.webdo.tn\/fr\/actualite\/culture\/l-acteur-shah-rukh-khan-en-tete-du-sondage-time100-des-personnes-les-plus-influentes-en-2023\/204653\/","url":"https:\/\/www.webdo.tn\/fr\/actualite\/culture\/l-acteur-shah-rukh-khan-en-tete-du-sondage-time100-des-personnes-les-plus-influentes-en-2023\/204653\/","name":"Qui est Shah Rukh Khan, l'acteur en t\u00eate du sondage TIME100 des personnes les plus influentes en 2023?","isPartOf":{"@id":"https:\/\/www.webdo.tn\/fr\/#website"},"primaryImageOfPage":{"@id":"https:\/\/www.webdo.tn\/fr\/actualite\/culture\/l-acteur-shah-rukh-khan-en-tete-du-sondage-time100-des-personnes-les-plus-influentes-en-2023\/204653\/#primaryimage"},"image":{"@id":"https:\/\/www.webdo.tn\/fr\/actualite\/culture\/l-acteur-shah-rukh-khan-en-tete-du-sondage-time100-des-personnes-les-plus-influentes-en-2023\/204653\/#primaryimage"},"thumbnailUrl":"https:\/\/www.webdo.tn\/fr\/wp-content\/uploads\/2023\/04\/d90b0c7f1519d92562770e2be9e20d58.jpeg","datePublished":"2023-04-07T20:13:00+00:00","dateModified":"2025-05-21T08:56:46+00:00","description":"Shah Rukh Khan est arriv\u00e9 en t\u00eate du sondage TIME100 de 2023, dans lequel les lecteurs ont vot\u00e9 pour les personnes qui, selon eux, m\u00e9ritaient le plus une place...","breadcrumb":{"@id":"https:\/\/www.webdo.tn\/fr\/actualite\/culture\/l-acteur-shah-rukh-khan-en-tete-du-sondage-time100-des-personnes-les-plus-influentes-en-2023\/204653\/#breadcrumb"},"inLanguage":"fr-FR","potentialAction":[{"@type":"ReadAction","target":["https:\/\/www.webdo.tn\/fr\/actualite\/culture\/l-acteur-shah-rukh-khan-en-tete-du-sondage-time100-des-personnes-les-plus-influentes-en-2023\/204653\/"]}]},{"@type":"ImageObject","inLanguage":"fr-FR","@id":"https:\/\/www.webdo.tn\/fr\/actualite\/culture\/l-acteur-shah-rukh-khan-en-tete-du-sondage-time100-des-personnes-les-plus-influentes-en-2023\/204653\/#primaryimage","url":"https:\/\/www.webdo.tn\/fr\/wp-content\/uploads\/2023\/04\/d90b0c7f1519d92562770e2be9e20d58.jpeg","contentUrl":"https:\/\/www.webdo.tn\/fr\/wp-content\/uploads\/2023\/04\/d90b0c7f1519d92562770e2be9e20d58.jpeg","width":640,"height":341,"caption":"Qui est Shah Rukh Khan, l'acteur en t\u00eate du sondage TIME100 des personnes les plus influentes en 2023?"},{"@type":"BreadcrumbList","@id":"https:\/\/www.webdo.tn\/fr\/actualite\/culture\/l-acteur-shah-rukh-khan-en-tete-du-sondage-time100-des-personnes-les-plus-influentes-en-2023\/204653\/#breadcrumb","itemListElement":[{"@type":"ListItem","position":1,"name":"Accueil","item":"https:\/\/www.webdo.tn\/fr\/"},{"@type":"ListItem","position":2,"name":"Qui est Shah Rukh Khan, l&rsquo;acteur en t\u00eate du sondage TIME100 des personnes les plus influentes en 2023?"}]},{"@type":"WebSite","@id":"https:\/\/www.webdo.tn\/fr\/#website","url":"https:\/\/www.webdo.tn\/fr\/","name":"webdo","description":"Tunisie - News en Tunisie et \u00e0 l&#039;international sur Webdo.tn","publisher":{"@id":"https:\/\/www.webdo.tn\/fr\/#organization"},"potentialAction":[{"@type":"SearchAction","target":{"@type":"EntryPoint","urlTemplate":"https:\/\/www.webdo.tn\/fr\/?s={search_term_string}"},"query-input":{"@type":"PropertyValueSpecification","valueRequired":true,"valueName":"search_term_string"}}],"inLanguage":"fr-FR"},{"@type":"Organization","@id":"https:\/\/www.webdo.tn\/fr\/#organization","name":"Webdo","alternateName":"Webdo.tn","url":"https:\/\/www.webdo.tn\/fr\/","logo":{"@type":"ImageObject","inLanguage":"fr-FR","@id":"https:\/\/www.webdo.tn\/fr\/#\/schema\/logo\/image\/","url":"https:\/\/www.webdo.tn\/fr\/wp-content\/uploads\/2025\/06\/Webdo-Tunisie_168377.jpg","contentUrl":"https:\/\/www.webdo.tn\/fr\/wp-content\/uploads\/2025\/06\/Webdo-Tunisie_168377.jpg","width":301,"height":301,"caption":"Webdo"},"image":{"@id":"https:\/\/www.webdo.tn\/fr\/#\/schema\/logo\/image\/"},"sameAs":["https:\/\/www.facebook.com\/webdotn","https:\/\/x.com\/webdo_tn"],"description":"Webdo est un m\u00e9dia num\u00e9rique tunisien fond\u00e9 en 2010, sp\u00e9cialis\u00e9 dans l\u2019actualit\u00e9 nationale et internationale, l\u2019\u00e9conomie, la soci\u00e9t\u00e9 et les analyses politiques. Le site s\u2019adresse \u00e0 un large public francophone et couvre l\u2019information tunisienne en temps r\u00e9el.","email":"redac@webdo.tn","legalName":"YNJ SARL","foundingDate":"2010-09-06","numberOfEmployees":{"@type":"QuantitativeValue","minValue":"11","maxValue":"50"}},{"@type":"Person","@id":"https:\/\/www.webdo.tn\/fr\/#\/schema\/person\/60d5ba619ed3f58783b0dc82b7dada80","name":"Ne\u00efla DRISS","image":{"@type":"ImageObject","inLanguage":"fr-FR","@id":"https:\/\/www.webdo.tn\/fr\/wp-content\/uploads\/2026\/04\/neila-driss_avatar-96x96.jpg","url":"https:\/\/www.webdo.tn\/fr\/wp-content\/uploads\/2026\/04\/neila-driss_avatar-96x96.jpg","contentUrl":"https:\/\/www.webdo.tn\/fr\/wp-content\/uploads\/2026\/04\/neila-driss_avatar-96x96.jpg","caption":"Ne\u00efla DRISS"},"description":"Ne\u00efla Driss est juriste, journaliste culturelle et critique de cin\u00e9ma tunisienne. Titulaire d\u2019un DEA en droit priv\u00e9 de l\u2019Universit\u00e9 Paris II et d\u2019un DESS de l\u2019IHEC Carthage, elle d\u00e9bute sa carri\u00e8re comme juriste sp\u00e9cialis\u00e9e en gestion de patrimoine immobilier. Elle s\u2019oriente ensuite vers l\u2019\u00e9criture en ligne, o\u00f9 elle se distingue d\u00e8s 2006 aux Tunisia Blog Awards, avant de se consacrer au journalisme culturel, avec une sp\u00e9cialisation dans la critique cin\u00e9matographique. Elle couvre r\u00e9guli\u00e8rement les grands festivals internationaux, notamment le Festival de Cannes, les Journ\u00e9es Cin\u00e9matographiques de Carthage et le Festival du film du Caire. Membre de l\u2019ATPCC et de la FIPRESCI, elle participe \u00e0 des jurys et initiatives internationales de critique. Depuis 2024, elle est \u00e9lectrice internationale aux Golden Globes. Facebook : https:\/\/www.facebook.com\/massir.destiniii\/ X : https:\/\/x.com\/MassirDestin","sameAs":["https:\/\/www.facebook.com\/massir.destiniii\/","https:\/\/www.instagram.com\/neila.driss\/?hl=fr","https:\/\/www.linkedin.com\/in\/neila-driss-22606a80\/","https:\/\/x.com\/https:\/\/x.com\/MassirDestin"],"knowsAbout":["Cin\u00e9ma international","critique cin\u00e9matographique","festivals de cin\u00e9ma","journalisme culturel"],"knowsLanguage":["Fran\u00e7ais","Arabe","Anglais"],"jobTitle":"Journaliste culturelle et critique de cin\u00e9ma","worksFor":"Webdo","url":"https:\/\/www.webdo.tn\/fr\/actualite\/author\/neila-driss\/"}]}},"_links":{"self":[{"href":"https:\/\/www.webdo.tn\/fr\/wp-json\/wp\/v2\/posts\/204653","targetHints":{"allow":["GET"]}}],"collection":[{"href":"https:\/\/www.webdo.tn\/fr\/wp-json\/wp\/v2\/posts"}],"about":[{"href":"https:\/\/www.webdo.tn\/fr\/wp-json\/wp\/v2\/types\/post"}],"author":[{"embeddable":true,"href":"https:\/\/www.webdo.tn\/fr\/wp-json\/wp\/v2\/users\/3164"}],"replies":[{"embeddable":true,"href":"https:\/\/www.webdo.tn\/fr\/wp-json\/wp\/v2\/comments?post=204653"}],"version-history":[{"count":0,"href":"https:\/\/www.webdo.tn\/fr\/wp-json\/wp\/v2\/posts\/204653\/revisions"}],"wp:featuredmedia":[{"embeddable":true,"href":"https:\/\/www.webdo.tn\/fr\/wp-json\/wp\/v2\/media\/251494"}],"wp:attachment":[{"href":"https:\/\/www.webdo.tn\/fr\/wp-json\/wp\/v2\/media?parent=204653"}],"wp:term":[{"taxonomy":"category","embeddable":true,"href":"https:\/\/www.webdo.tn\/fr\/wp-json\/wp\/v2\/categories?post=204653"},{"taxonomy":"post_tag","embeddable":true,"href":"https:\/\/www.webdo.tn\/fr\/wp-json\/wp\/v2\/tags?post=204653"}],"curies":[{"name":"wp","href":"https:\/\/api.w.org\/{rel}","templated":true}]}}