{"id":204644,"date":"2023-04-07T12:47:00","date_gmt":"2023-04-07T12:47:00","guid":{"rendered":"https:\/\/www.webdo.tn\/fr\/blog\/l-esperance-s-oppose-a-la-designation-de-cet-arbitre-contre-la-js-kabylie\/204644\/"},"modified":"2025-05-20T22:58:31","modified_gmt":"2025-05-20T22:58:31","slug":"l-esperance-s-oppose-a-la-designation-de-cet-arbitre-contre-la-js-kabylie","status":"publish","type":"post","link":"https:\/\/www.webdo.tn\/fr\/actualite\/sport\/l-esperance-s-oppose-a-la-designation-de-cet-arbitre-contre-la-js-kabylie\/204644\/","title":{"rendered":"L&rsquo;Esp\u00e9rance s\u2019oppose \u00e0 la d\u00e9signation de cet arbitre contre la JS Kabylie !"},"content":{"rendered":"<p>L\u2019EST a pos\u00e9 une condition \u00e0 la CAF avant la double confrontation contre la JS Kabylie : la non nomination de l\u2019arbitre marocain Redouane Jiyyed pour ses matches aller et retour.<\/p>\n<p>\t\t\t\t\t\t\t\t\tL\u2019arbitre marocain Redouane Jiyyed, persona non grata en Tunisie. L\u2019Esp\u00e9rance a fait savoir \u00e0 la CAF qu\u2019elle ne souhaite pas que l\u2019arbitre marocain soit au sifflet de ses matches aller et retour contre la JS Kabylie pour le compte des quarts de finale de la LDC, les 21 et 28 avril courants.<\/p>\n<p>Les dirigeants \u00ab Sang et Or \u00bb estiment que Redouane Jiyyed a commis plusieurs erreurs dans des matches o\u00f9 l\u2019EST \u00e9tait engag\u00e9e dans les \u00e9preuves continentales, notamment contre le Zamalek en f\u00e9vrier 2020.<\/p>\n<p>Compte tenu de l\u2019importance de ces matches, les \u00e9quipes qualifi\u00e9es \u00e0 ce tour se mobilisent tr\u00e8s t\u00f4t pour d\u00e9noncer les arbitres avec lesquels il y a eu des ant\u00e9c\u00e9dents.<\/p>\n<p>La prestation de Jiyyed lors du derby casablancais, mercredi soir, et la nervosit\u00e9 avec laquelle il a dirig\u00e9 la rencontre a appuy\u00e9 cette d\u00e9cision. L\u2019arbitre marocain a \u00e9t\u00e9 s\u00e9v\u00e8rement critiqu\u00e9 par le pr\u00e9sident du Raja qui d\u00e9nonce une injustice de la part de l\u2019arbitrage de la rencontre.<\/p>\n<p>Le Raja a conc\u00e9d\u00e9 le nul \u00e0 son grand rival le Wydad (2-2) mercredi soir, le but \u00e9galisateur des Rouge a \u00e9t\u00e9 inscrit \u00e0 la 8\u00e8me minute du temps additionnel (98\u2019), sur penalty.<\/p>\n","protected":false},"excerpt":{"rendered":"<p>L\u2019EST a pos\u00e9 une condition \u00e0 la CAF avant la double confrontation contre la JS Kabylie : la non nomination de l\u2019arbitre marocain Redouane Jiyyed pour ses matche&#8230;<\/p>\n","protected":false},"author":3188,"featured_media":251491,"comment_status":"open","ping_status":"closed","sticky":false,"template":"","format":"standard","meta":{"footnotes":""},"categories":[2593],"tags":[5363,3437,8580,3136],"class_list":["post-204644","post","type-post","status-publish","format-standard","has-post-thumbnail","hentry","category-sport","tag-arbitre","tag-esperance","tag-js-kabylie","tag-ligue-des-champions"],"yoast_head":"<!-- This site is optimized with the Yoast SEO Premium plugin v27.4 (Yoast SEO v27.5) - https:\/\/yoast.com\/product\/yoast-seo-premium-wordpress\/ -->\n<title>L&#039;Esp\u00e9rance s\u2019oppose \u00e0 la d\u00e9signation de cet arbitre contre la JS Kabylie !<\/title>\n<meta name=\"description\" content=\"L\u2019EST a pos\u00e9 une condition \u00e0 la CAF avant la double confrontation contre la JS Kabylie : la non nomination de l\u2019arbitre marocain Redouane Jiyyed pour ses matche...\" \/>\n<link rel=\"canonical\" href=\"https:\/\/www.webdo.tn\/fr\/actualite\/sport\/l-esperance-s-oppose-a-la-designation-de-cet-arbitre-contre-la-js-kabylie\/204644\/\" \/>\n<meta property=\"og:locale\" content=\"fr_FR\" \/>\n<meta property=\"og:type\" content=\"article\" \/>\n<meta property=\"og:title\" content=\"L&#039;Esp\u00e9rance s\u2019oppose \u00e0 la d\u00e9signation de cet arbitre contre la JS Kabylie !\" \/>\n<meta property=\"og:description\" content=\"L\u2019EST a pos\u00e9 une condition \u00e0 la CAF avant la double confrontation contre la JS Kabylie : la non nomination de l\u2019arbitre marocain Redouane Jiyyed pour ses matche...\" \/>\n<meta property=\"og:url\" content=\"https:\/\/www.webdo.tn\/fr\/actualite\/sport\/l-esperance-s-oppose-a-la-designation-de-cet-arbitre-contre-la-js-kabylie\/204644\/\" \/>\n<meta property=\"og:site_name\" content=\"webdo\" \/>\n<meta property=\"article:publisher\" content=\"https:\/\/www.facebook.com\/webdotn\" \/>\n<meta property=\"article:published_time\" content=\"2023-04-07T12:47:00+00:00\" \/>\n<meta property=\"article:modified_time\" content=\"2025-05-20T22:58:31+00:00\" \/>\n<meta property=\"og:image\" content=\"https:\/\/www.webdo.tn\/fr\/wp-content\/uploads\/2023\/04\/254022fb59a3c69f119aeed07ce32b47.jpg\" \/>\n\t<meta property=\"og:image:width\" content=\"750\" \/>\n\t<meta property=\"og:image:height\" content=\"400\" \/>\n\t<meta property=\"og:image:type\" content=\"image\/jpeg\" \/>\n<meta name=\"author\" content=\"Ramzi\" \/>\n<meta name=\"twitter:card\" content=\"summary_large_image\" \/>\n<meta name=\"twitter:creator\" content=\"@webdo_tn\" \/>\n<meta name=\"twitter:site\" content=\"@webdo_tn\" \/>\n<meta name=\"twitter:label1\" content=\"\u00c9crit par\" \/>\n\t<meta name=\"twitter:data1\" content=\"Ramzi\" \/>\n\t<meta name=\"twitter:label2\" content=\"Dur\u00e9e de lecture estim\u00e9e\" \/>\n\t<meta name=\"twitter:data2\" content=\"1 minute\" \/>\n<script type=\"application\/ld+json\" class=\"yoast-schema-graph\">{\"@context\":\"https:\\\/\\\/schema.org\",\"@graph\":[{\"@type\":\"NewsArticle\",\"@id\":\"https:\\\/\\\/www.webdo.tn\\\/fr\\\/actualite\\\/sport\\\/l-esperance-s-oppose-a-la-designation-de-cet-arbitre-contre-la-js-kabylie\\\/204644\\\/#article\",\"isPartOf\":{\"@id\":\"https:\\\/\\\/www.webdo.tn\\\/fr\\\/actualite\\\/sport\\\/l-esperance-s-oppose-a-la-designation-de-cet-arbitre-contre-la-js-kabylie\\\/204644\\\/\"},\"author\":{\"name\":\"Ramzi\",\"@id\":\"https:\\\/\\\/www.webdo.tn\\\/fr\\\/#\\\/schema\\\/person\\\/590cb5f81adcfde6385530fdbdf468e2\"},\"headline\":\"L&rsquo;Esp\u00e9rance s\u2019oppose \u00e0 la d\u00e9signation de cet arbitre contre la JS Kabylie !\",\"datePublished\":\"2023-04-07T12:47:00+00:00\",\"dateModified\":\"2025-05-20T22:58:31+00:00\",\"mainEntityOfPage\":{\"@id\":\"https:\\\/\\\/www.webdo.tn\\\/fr\\\/actualite\\\/sport\\\/l-esperance-s-oppose-a-la-designation-de-cet-arbitre-contre-la-js-kabylie\\\/204644\\\/\"},\"wordCount\":253,\"commentCount\":0,\"publisher\":{\"@id\":\"https:\\\/\\\/www.webdo.tn\\\/fr\\\/#organization\"},\"image\":{\"@id\":\"https:\\\/\\\/www.webdo.tn\\\/fr\\\/actualite\\\/sport\\\/l-esperance-s-oppose-a-la-designation-de-cet-arbitre-contre-la-js-kabylie\\\/204644\\\/#primaryimage\"},\"thumbnailUrl\":\"https:\\\/\\\/www.webdo.tn\\\/fr\\\/wp-content\\\/uploads\\\/2023\\\/04\\\/254022fb59a3c69f119aeed07ce32b47.jpg\",\"keywords\":[\"arbitre\",\"esp\u00e9rance\",\"js kabylie\",\"ligue des champions\"],\"articleSection\":[\"Sport\"],\"inLanguage\":\"fr-FR\"},{\"@type\":\"WebPage\",\"@id\":\"https:\\\/\\\/www.webdo.tn\\\/fr\\\/actualite\\\/sport\\\/l-esperance-s-oppose-a-la-designation-de-cet-arbitre-contre-la-js-kabylie\\\/204644\\\/\",\"url\":\"https:\\\/\\\/www.webdo.tn\\\/fr\\\/actualite\\\/sport\\\/l-esperance-s-oppose-a-la-designation-de-cet-arbitre-contre-la-js-kabylie\\\/204644\\\/\",\"name\":\"L'Esp\u00e9rance s\u2019oppose \u00e0 la d\u00e9signation de cet arbitre contre la JS Kabylie !\",\"isPartOf\":{\"@id\":\"https:\\\/\\\/www.webdo.tn\\\/fr\\\/#website\"},\"primaryImageOfPage\":{\"@id\":\"https:\\\/\\\/www.webdo.tn\\\/fr\\\/actualite\\\/sport\\\/l-esperance-s-oppose-a-la-designation-de-cet-arbitre-contre-la-js-kabylie\\\/204644\\\/#primaryimage\"},\"image\":{\"@id\":\"https:\\\/\\\/www.webdo.tn\\\/fr\\\/actualite\\\/sport\\\/l-esperance-s-oppose-a-la-designation-de-cet-arbitre-contre-la-js-kabylie\\\/204644\\\/#primaryimage\"},\"thumbnailUrl\":\"https:\\\/\\\/www.webdo.tn\\\/fr\\\/wp-content\\\/uploads\\\/2023\\\/04\\\/254022fb59a3c69f119aeed07ce32b47.jpg\",\"datePublished\":\"2023-04-07T12:47:00+00:00\",\"dateModified\":\"2025-05-20T22:58:31+00:00\",\"description\":\"L\u2019EST a pos\u00e9 une condition \u00e0 la CAF avant la double confrontation contre la JS Kabylie : la non nomination de l\u2019arbitre marocain Redouane Jiyyed pour ses matche...\",\"breadcrumb\":{\"@id\":\"https:\\\/\\\/www.webdo.tn\\\/fr\\\/actualite\\\/sport\\\/l-esperance-s-oppose-a-la-designation-de-cet-arbitre-contre-la-js-kabylie\\\/204644\\\/#breadcrumb\"},\"inLanguage\":\"fr-FR\",\"potentialAction\":[{\"@type\":\"ReadAction\",\"target\":[\"https:\\\/\\\/www.webdo.tn\\\/fr\\\/actualite\\\/sport\\\/l-esperance-s-oppose-a-la-designation-de-cet-arbitre-contre-la-js-kabylie\\\/204644\\\/\"]}]},{\"@type\":\"ImageObject\",\"inLanguage\":\"fr-FR\",\"@id\":\"https:\\\/\\\/www.webdo.tn\\\/fr\\\/actualite\\\/sport\\\/l-esperance-s-oppose-a-la-designation-de-cet-arbitre-contre-la-js-kabylie\\\/204644\\\/#primaryimage\",\"url\":\"https:\\\/\\\/www.webdo.tn\\\/fr\\\/wp-content\\\/uploads\\\/2023\\\/04\\\/254022fb59a3c69f119aeed07ce32b47.jpg\",\"contentUrl\":\"https:\\\/\\\/www.webdo.tn\\\/fr\\\/wp-content\\\/uploads\\\/2023\\\/04\\\/254022fb59a3c69f119aeed07ce32b47.jpg\",\"width\":750,\"height\":400,\"caption\":\"L'Esp\u00e9rance s\u2019oppose \u00e0 la d\u00e9signation de cet arbitre contre la JS Kabylie !\"},{\"@type\":\"BreadcrumbList\",\"@id\":\"https:\\\/\\\/www.webdo.tn\\\/fr\\\/actualite\\\/sport\\\/l-esperance-s-oppose-a-la-designation-de-cet-arbitre-contre-la-js-kabylie\\\/204644\\\/#breadcrumb\",\"itemListElement\":[{\"@type\":\"ListItem\",\"position\":1,\"name\":\"Accueil\",\"item\":\"https:\\\/\\\/www.webdo.tn\\\/fr\\\/\"},{\"@type\":\"ListItem\",\"position\":2,\"name\":\"L&rsquo;Esp\u00e9rance s\u2019oppose \u00e0 la d\u00e9signation de cet arbitre contre la JS Kabylie !\"}]},{\"@type\":\"WebSite\",\"@id\":\"https:\\\/\\\/www.webdo.tn\\\/fr\\\/#website\",\"url\":\"https:\\\/\\\/www.webdo.tn\\\/fr\\\/\",\"name\":\"webdo\",\"description\":\"Tunisie - News en Tunisie et \u00e0 l&#039;international sur Webdo.tn\",\"publisher\":{\"@id\":\"https:\\\/\\\/www.webdo.tn\\\/fr\\\/#organization\"},\"potentialAction\":[{\"@type\":\"SearchAction\",\"target\":{\"@type\":\"EntryPoint\",\"urlTemplate\":\"https:\\\/\\\/www.webdo.tn\\\/fr\\\/?s={search_term_string}\"},\"query-input\":{\"@type\":\"PropertyValueSpecification\",\"valueRequired\":true,\"valueName\":\"search_term_string\"}}],\"inLanguage\":\"fr-FR\"},{\"@type\":\"Organization\",\"@id\":\"https:\\\/\\\/www.webdo.tn\\\/fr\\\/#organization\",\"name\":\"Webdo\",\"alternateName\":\"Webdo.tn\",\"url\":\"https:\\\/\\\/www.webdo.tn\\\/fr\\\/\",\"logo\":{\"@type\":\"ImageObject\",\"inLanguage\":\"fr-FR\",\"@id\":\"https:\\\/\\\/www.webdo.tn\\\/fr\\\/#\\\/schema\\\/logo\\\/image\\\/\",\"url\":\"https:\\\/\\\/www.webdo.tn\\\/fr\\\/wp-content\\\/uploads\\\/2025\\\/06\\\/Webdo-Tunisie_168377.jpg\",\"contentUrl\":\"https:\\\/\\\/www.webdo.tn\\\/fr\\\/wp-content\\\/uploads\\\/2025\\\/06\\\/Webdo-Tunisie_168377.jpg\",\"width\":301,\"height\":301,\"caption\":\"Webdo\"},\"image\":{\"@id\":\"https:\\\/\\\/www.webdo.tn\\\/fr\\\/#\\\/schema\\\/logo\\\/image\\\/\"},\"sameAs\":[\"https:\\\/\\\/www.facebook.com\\\/webdotn\",\"https:\\\/\\\/x.com\\\/webdo_tn\"],\"description\":\"Webdo est un m\u00e9dia num\u00e9rique tunisien fond\u00e9 en 2010, sp\u00e9cialis\u00e9 dans l\u2019actualit\u00e9 nationale et internationale, l\u2019\u00e9conomie, la soci\u00e9t\u00e9 et les analyses politiques. Le site s\u2019adresse \u00e0 un large public francophone et couvre l\u2019information tunisienne en temps r\u00e9el.\",\"email\":\"redac@webdo.tn\",\"legalName\":\"YNJ SARL\",\"foundingDate\":\"2010-09-06\",\"numberOfEmployees\":{\"@type\":\"QuantitativeValue\",\"minValue\":\"11\",\"maxValue\":\"50\"}},{\"@type\":\"Person\",\"@id\":\"https:\\\/\\\/www.webdo.tn\\\/fr\\\/#\\\/schema\\\/person\\\/590cb5f81adcfde6385530fdbdf468e2\",\"name\":\"Ramzi\",\"image\":{\"@type\":\"ImageObject\",\"inLanguage\":\"fr-FR\",\"@id\":\"https:\\\/\\\/secure.gravatar.com\\\/avatar\\\/48df7d18915e10cf866ba8e27604c81ff9243fd52704a1d210c3e387e1cb8d87?s=96&d=mm&r=g\",\"url\":\"https:\\\/\\\/secure.gravatar.com\\\/avatar\\\/48df7d18915e10cf866ba8e27604c81ff9243fd52704a1d210c3e387e1cb8d87?s=96&d=mm&r=g\",\"contentUrl\":\"https:\\\/\\\/secure.gravatar.com\\\/avatar\\\/48df7d18915e10cf866ba8e27604c81ff9243fd52704a1d210c3e387e1cb8d87?s=96&d=mm&r=g\",\"caption\":\"Ramzi\"},\"url\":\"https:\\\/\\\/www.webdo.tn\\\/fr\\\/actualite\\\/author\\\/ramzi\\\/\"}]}<\/script>\n<!-- \/ Yoast SEO Premium plugin. -->","yoast_head_json":{"title":"L'Esp\u00e9rance s\u2019oppose \u00e0 la d\u00e9signation de cet arbitre contre la JS Kabylie !","description":"L\u2019EST a pos\u00e9 une condition \u00e0 la CAF avant la double confrontation contre la JS Kabylie : la non nomination de l\u2019arbitre marocain Redouane Jiyyed pour ses matche...","canonical":"https:\/\/www.webdo.tn\/fr\/actualite\/sport\/l-esperance-s-oppose-a-la-designation-de-cet-arbitre-contre-la-js-kabylie\/204644\/","og_locale":"fr_FR","og_type":"article","og_title":"L'Esp\u00e9rance s\u2019oppose \u00e0 la d\u00e9signation de cet arbitre contre la JS Kabylie !","og_description":"L\u2019EST a pos\u00e9 une condition \u00e0 la CAF avant la double confrontation contre la JS Kabylie : la non nomination de l\u2019arbitre marocain Redouane Jiyyed pour ses matche...","og_url":"https:\/\/www.webdo.tn\/fr\/actualite\/sport\/l-esperance-s-oppose-a-la-designation-de-cet-arbitre-contre-la-js-kabylie\/204644\/","og_site_name":"webdo","article_publisher":"https:\/\/www.facebook.com\/webdotn","article_published_time":"2023-04-07T12:47:00+00:00","article_modified_time":"2025-05-20T22:58:31+00:00","og_image":[{"width":750,"height":400,"url":"https:\/\/www.webdo.tn\/fr\/wp-content\/uploads\/2023\/04\/254022fb59a3c69f119aeed07ce32b47.jpg","type":"image\/jpeg"}],"author":"Ramzi","twitter_card":"summary_large_image","twitter_creator":"@webdo_tn","twitter_site":"@webdo_tn","twitter_misc":{"\u00c9crit par":"Ramzi","Dur\u00e9e de lecture estim\u00e9e":"1 minute"},"schema":{"@context":"https:\/\/schema.org","@graph":[{"@type":"NewsArticle","@id":"https:\/\/www.webdo.tn\/fr\/actualite\/sport\/l-esperance-s-oppose-a-la-designation-de-cet-arbitre-contre-la-js-kabylie\/204644\/#article","isPartOf":{"@id":"https:\/\/www.webdo.tn\/fr\/actualite\/sport\/l-esperance-s-oppose-a-la-designation-de-cet-arbitre-contre-la-js-kabylie\/204644\/"},"author":{"name":"Ramzi","@id":"https:\/\/www.webdo.tn\/fr\/#\/schema\/person\/590cb5f81adcfde6385530fdbdf468e2"},"headline":"L&rsquo;Esp\u00e9rance s\u2019oppose \u00e0 la d\u00e9signation de cet arbitre contre la JS Kabylie !","datePublished":"2023-04-07T12:47:00+00:00","dateModified":"2025-05-20T22:58:31+00:00","mainEntityOfPage":{"@id":"https:\/\/www.webdo.tn\/fr\/actualite\/sport\/l-esperance-s-oppose-a-la-designation-de-cet-arbitre-contre-la-js-kabylie\/204644\/"},"wordCount":253,"commentCount":0,"publisher":{"@id":"https:\/\/www.webdo.tn\/fr\/#organization"},"image":{"@id":"https:\/\/www.webdo.tn\/fr\/actualite\/sport\/l-esperance-s-oppose-a-la-designation-de-cet-arbitre-contre-la-js-kabylie\/204644\/#primaryimage"},"thumbnailUrl":"https:\/\/www.webdo.tn\/fr\/wp-content\/uploads\/2023\/04\/254022fb59a3c69f119aeed07ce32b47.jpg","keywords":["arbitre","esp\u00e9rance","js kabylie","ligue des champions"],"articleSection":["Sport"],"inLanguage":"fr-FR"},{"@type":"WebPage","@id":"https:\/\/www.webdo.tn\/fr\/actualite\/sport\/l-esperance-s-oppose-a-la-designation-de-cet-arbitre-contre-la-js-kabylie\/204644\/","url":"https:\/\/www.webdo.tn\/fr\/actualite\/sport\/l-esperance-s-oppose-a-la-designation-de-cet-arbitre-contre-la-js-kabylie\/204644\/","name":"L'Esp\u00e9rance s\u2019oppose \u00e0 la d\u00e9signation de cet arbitre contre la JS Kabylie !","isPartOf":{"@id":"https:\/\/www.webdo.tn\/fr\/#website"},"primaryImageOfPage":{"@id":"https:\/\/www.webdo.tn\/fr\/actualite\/sport\/l-esperance-s-oppose-a-la-designation-de-cet-arbitre-contre-la-js-kabylie\/204644\/#primaryimage"},"image":{"@id":"https:\/\/www.webdo.tn\/fr\/actualite\/sport\/l-esperance-s-oppose-a-la-designation-de-cet-arbitre-contre-la-js-kabylie\/204644\/#primaryimage"},"thumbnailUrl":"https:\/\/www.webdo.tn\/fr\/wp-content\/uploads\/2023\/04\/254022fb59a3c69f119aeed07ce32b47.jpg","datePublished":"2023-04-07T12:47:00+00:00","dateModified":"2025-05-20T22:58:31+00:00","description":"L\u2019EST a pos\u00e9 une condition \u00e0 la CAF avant la double confrontation contre la JS Kabylie : la non nomination de l\u2019arbitre marocain Redouane Jiyyed pour ses matche...","breadcrumb":{"@id":"https:\/\/www.webdo.tn\/fr\/actualite\/sport\/l-esperance-s-oppose-a-la-designation-de-cet-arbitre-contre-la-js-kabylie\/204644\/#breadcrumb"},"inLanguage":"fr-FR","potentialAction":[{"@type":"ReadAction","target":["https:\/\/www.webdo.tn\/fr\/actualite\/sport\/l-esperance-s-oppose-a-la-designation-de-cet-arbitre-contre-la-js-kabylie\/204644\/"]}]},{"@type":"ImageObject","inLanguage":"fr-FR","@id":"https:\/\/www.webdo.tn\/fr\/actualite\/sport\/l-esperance-s-oppose-a-la-designation-de-cet-arbitre-contre-la-js-kabylie\/204644\/#primaryimage","url":"https:\/\/www.webdo.tn\/fr\/wp-content\/uploads\/2023\/04\/254022fb59a3c69f119aeed07ce32b47.jpg","contentUrl":"https:\/\/www.webdo.tn\/fr\/wp-content\/uploads\/2023\/04\/254022fb59a3c69f119aeed07ce32b47.jpg","width":750,"height":400,"caption":"L'Esp\u00e9rance s\u2019oppose \u00e0 la d\u00e9signation de cet arbitre contre la JS Kabylie !"},{"@type":"BreadcrumbList","@id":"https:\/\/www.webdo.tn\/fr\/actualite\/sport\/l-esperance-s-oppose-a-la-designation-de-cet-arbitre-contre-la-js-kabylie\/204644\/#breadcrumb","itemListElement":[{"@type":"ListItem","position":1,"name":"Accueil","item":"https:\/\/www.webdo.tn\/fr\/"},{"@type":"ListItem","position":2,"name":"L&rsquo;Esp\u00e9rance s\u2019oppose \u00e0 la d\u00e9signation de cet arbitre contre la JS Kabylie !"}]},{"@type":"WebSite","@id":"https:\/\/www.webdo.tn\/fr\/#website","url":"https:\/\/www.webdo.tn\/fr\/","name":"webdo","description":"Tunisie - News en Tunisie et \u00e0 l&#039;international sur Webdo.tn","publisher":{"@id":"https:\/\/www.webdo.tn\/fr\/#organization"},"potentialAction":[{"@type":"SearchAction","target":{"@type":"EntryPoint","urlTemplate":"https:\/\/www.webdo.tn\/fr\/?s={search_term_string}"},"query-input":{"@type":"PropertyValueSpecification","valueRequired":true,"valueName":"search_term_string"}}],"inLanguage":"fr-FR"},{"@type":"Organization","@id":"https:\/\/www.webdo.tn\/fr\/#organization","name":"Webdo","alternateName":"Webdo.tn","url":"https:\/\/www.webdo.tn\/fr\/","logo":{"@type":"ImageObject","inLanguage":"fr-FR","@id":"https:\/\/www.webdo.tn\/fr\/#\/schema\/logo\/image\/","url":"https:\/\/www.webdo.tn\/fr\/wp-content\/uploads\/2025\/06\/Webdo-Tunisie_168377.jpg","contentUrl":"https:\/\/www.webdo.tn\/fr\/wp-content\/uploads\/2025\/06\/Webdo-Tunisie_168377.jpg","width":301,"height":301,"caption":"Webdo"},"image":{"@id":"https:\/\/www.webdo.tn\/fr\/#\/schema\/logo\/image\/"},"sameAs":["https:\/\/www.facebook.com\/webdotn","https:\/\/x.com\/webdo_tn"],"description":"Webdo est un m\u00e9dia num\u00e9rique tunisien fond\u00e9 en 2010, sp\u00e9cialis\u00e9 dans l\u2019actualit\u00e9 nationale et internationale, l\u2019\u00e9conomie, la soci\u00e9t\u00e9 et les analyses politiques. Le site s\u2019adresse \u00e0 un large public francophone et couvre l\u2019information tunisienne en temps r\u00e9el.","email":"redac@webdo.tn","legalName":"YNJ SARL","foundingDate":"2010-09-06","numberOfEmployees":{"@type":"QuantitativeValue","minValue":"11","maxValue":"50"}},{"@type":"Person","@id":"https:\/\/www.webdo.tn\/fr\/#\/schema\/person\/590cb5f81adcfde6385530fdbdf468e2","name":"Ramzi","image":{"@type":"ImageObject","inLanguage":"fr-FR","@id":"https:\/\/secure.gravatar.com\/avatar\/48df7d18915e10cf866ba8e27604c81ff9243fd52704a1d210c3e387e1cb8d87?s=96&d=mm&r=g","url":"https:\/\/secure.gravatar.com\/avatar\/48df7d18915e10cf866ba8e27604c81ff9243fd52704a1d210c3e387e1cb8d87?s=96&d=mm&r=g","contentUrl":"https:\/\/secure.gravatar.com\/avatar\/48df7d18915e10cf866ba8e27604c81ff9243fd52704a1d210c3e387e1cb8d87?s=96&d=mm&r=g","caption":"Ramzi"},"url":"https:\/\/www.webdo.tn\/fr\/actualite\/author\/ramzi\/"}]}},"_links":{"self":[{"href":"https:\/\/www.webdo.tn\/fr\/wp-json\/wp\/v2\/posts\/204644","targetHints":{"allow":["GET"]}}],"collection":[{"href":"https:\/\/www.webdo.tn\/fr\/wp-json\/wp\/v2\/posts"}],"about":[{"href":"https:\/\/www.webdo.tn\/fr\/wp-json\/wp\/v2\/types\/post"}],"author":[{"embeddable":true,"href":"https:\/\/www.webdo.tn\/fr\/wp-json\/wp\/v2\/users\/3188"}],"replies":[{"embeddable":true,"href":"https:\/\/www.webdo.tn\/fr\/wp-json\/wp\/v2\/comments?post=204644"}],"version-history":[{"count":0,"href":"https:\/\/www.webdo.tn\/fr\/wp-json\/wp\/v2\/posts\/204644\/revisions"}],"wp:featuredmedia":[{"embeddable":true,"href":"https:\/\/www.webdo.tn\/fr\/wp-json\/wp\/v2\/media\/251491"}],"wp:attachment":[{"href":"https:\/\/www.webdo.tn\/fr\/wp-json\/wp\/v2\/media?parent=204644"}],"wp:term":[{"taxonomy":"category","embeddable":true,"href":"https:\/\/www.webdo.tn\/fr\/wp-json\/wp\/v2\/categories?post=204644"},{"taxonomy":"post_tag","embeddable":true,"href":"https:\/\/www.webdo.tn\/fr\/wp-json\/wp\/v2\/tags?post=204644"}],"curies":[{"name":"wp","href":"https:\/\/api.w.org\/{rel}","templated":true}]}}