{"id":204633,"date":"2023-04-07T09:20:00","date_gmt":"2023-04-07T09:20:00","guid":{"rendered":"https:\/\/www.webdo.tn\/fr\/blog\/tunisie-fmi-le-coup-de-grace-de-kais-saied\/204633\/"},"modified":"2025-05-20T22:49:49","modified_gmt":"2025-05-20T22:49:49","slug":"tunisie-fmi-le-coup-de-grace-de-kais-saied","status":"publish","type":"post","link":"https:\/\/www.webdo.tn\/fr\/actualite\/national\/tunisie-fmi-le-coup-de-grace-de-kais-saied\/204633\/","title":{"rendered":"Tunisie &#8211; FMI : Le coup de gr\u00e2ce de Kais Saied"},"content":{"rendered":"<p>Alors que tous les regards \u00e9taient tourn\u00e9s vers les n\u00e9gociations entre la Tunisie et le Fonds mon\u00e9taire International (FMI), le pr\u00e9sident de la R\u00e9publique Kais Saied semble donner le coup de gr\u00e2ce.<\/p>\n<p>\t\t\t\t\t\t\t\t\tEn effet, sa d\u00e9cision est tomb\u00e9e comme un couperet. Depuis Monastir o\u00f9 il s\u2019est rendu, hier jeudi 6 avril 2023, pour comm\u00e9morer le 23\u00e8me anniversaire du d\u00e9c\u00e8s de l\u2019ancien pr\u00e9sident Habib Bourguiba, Kais Saied a abord\u00e9 l\u2019\u00e9pineuse question de l\u2019accord avec le FMI.<\/p>\n<p>\u00ab\u00a0Nous sommes capables de trouver les rem\u00e8des \u00e9conomiques et sociaux qui r\u00e9pondent aux attentes de notre peuple. Et s\u2019ils veulent vraiment nous aider, qu\u2019ils nous rendent nos fonds spoli\u00e9s\u00a0\u00bb, a-t-il dit, laissant croire que les diktats du FMI sont refus\u00e9s.\u00a0<\/p>\n<p>Au fait, cette position tant attendue par les occidentaux a redistribu\u00e9 les cartes du gouvernement Bouden qui esp\u00e9rait la conclusion d\u2019un accord au plus vite pour faire au d\u00e9ficit budg\u00e9taire.<\/p>\n<p>N\u00e9anmoins, la derni\u00e8re man\u0153uvre du pr\u00e9sident de la R\u00e9publique a compliqu\u00e9 la donne, maintenant, il faut compter sur nos propres moyens qui, selon les observateurs, ne sont pas nombreux.\u00a0<\/p>\n<p>Mais ce qui complique davantage la situation de la mobilisation des fonds au profit du budget, c\u2019est que les bailleurs de fonds et les pays qui veulent financer la Tunisie attendaient cet accord \u00e0 l\u2019eau.\u00a0<\/p>\n<p>Que peut faire maintenant le gouvernement Bouden ? Quelles sont ses alternatives ? Le FMI acceptera-t-il de r\u00e9pondre favorablement aux exigences de Saied qui pr\u00e9f\u00e8re des r\u00e9formes prenant en consid\u00e9ration la paix sociale en Tunisie ?<\/p>\n<p>Actuellement le gouvernement Bouden semble sans solutions. Il esp\u00e8re qu\u2019ind\u00e9pendamment de l\u2019accord avec le FMI, d\u2019autres pays et bailleurs de fonds se manifestent pour aider la Tunisie. \u00a0<\/p>\n<p>Pour les \u00e9conomistes, il n\u2019existe pas d\u2019alternatives viables \u00e0 un accord avec le FMI. Cependant, le pr\u00e9sident de la R\u00e9publique Kais Saied compte sur la restitution de l\u2019argent spoli\u00e9 et la r\u00e9conciliation p\u00e9nale, deux processus qui risquent de durer trop longtemps avant d\u2019aboutir.<\/p>\n","protected":false},"excerpt":{"rendered":"<p>Alors que tous les regards \u00e9taient tourn\u00e9s vers les n\u00e9gociations entre la Tunisie et le Fonds mon\u00e9taire International (FMI), le pr\u00e9sident de la R\u00e9publique Kais&#8230;<\/p>\n","protected":false},"author":3175,"featured_media":278041,"comment_status":"open","ping_status":"closed","sticky":false,"template":"","format":"standard","meta":{"footnotes":""},"categories":[44],"tags":[4233,2614,2608],"class_list":["post-204633","post","type-post","status-publish","format-standard","has-post-thumbnail","hentry","category-national","tag-fmi","tag-kais-saied","tag-tunisie"],"yoast_head":"<!-- This site is optimized with the Yoast SEO Premium plugin v27.4 (Yoast SEO v27.4) - https:\/\/yoast.com\/product\/yoast-seo-premium-wordpress\/ -->\n<title>Tunisie - FMI : Le coup de gr\u00e2ce de Kais Saied<\/title>\n<meta name=\"description\" content=\"Alors que tous les regards \u00e9taient tourn\u00e9s vers les n\u00e9gociations entre la Tunisie et le Fonds mon\u00e9taire International (FMI), le pr\u00e9sident de la R\u00e9publique Kais...\" \/>\n<link rel=\"canonical\" href=\"https:\/\/www.webdo.tn\/fr\/actualite\/national\/tunisie-fmi-le-coup-de-grace-de-kais-saied\/204633\/\" \/>\n<meta property=\"og:locale\" content=\"fr_FR\" \/>\n<meta property=\"og:type\" content=\"article\" \/>\n<meta property=\"og:title\" content=\"Tunisie - FMI : Le coup de gr\u00e2ce de Kais Saied\" \/>\n<meta property=\"og:description\" content=\"Alors que tous les regards \u00e9taient tourn\u00e9s vers les n\u00e9gociations entre la Tunisie et le Fonds mon\u00e9taire International (FMI), le pr\u00e9sident de la R\u00e9publique Kais...\" \/>\n<meta property=\"og:url\" content=\"https:\/\/www.webdo.tn\/fr\/actualite\/national\/tunisie-fmi-le-coup-de-grace-de-kais-saied\/204633\/\" \/>\n<meta property=\"og:site_name\" content=\"webdo\" \/>\n<meta property=\"article:publisher\" content=\"https:\/\/www.facebook.com\/webdotn\" \/>\n<meta property=\"article:published_time\" content=\"2023-04-07T09:20:00+00:00\" \/>\n<meta property=\"article:modified_time\" content=\"2025-05-20T22:49:49+00:00\" \/>\n<meta property=\"og:image\" content=\"https:\/\/www.webdo.tn\/fr\/wp-content\/uploads\/2023\/04\/9119f19790e167aafeb18c1e16d41040.jpg\" \/>\n\t<meta property=\"og:image:width\" content=\"750\" \/>\n\t<meta property=\"og:image:height\" content=\"400\" \/>\n\t<meta property=\"og:image:type\" content=\"image\/jpeg\" \/>\n<meta name=\"author\" content=\"CL\" \/>\n<meta name=\"twitter:card\" content=\"summary_large_image\" \/>\n<meta name=\"twitter:creator\" content=\"@webdo_tn\" \/>\n<meta name=\"twitter:site\" content=\"@webdo_tn\" \/>\n<meta name=\"twitter:label1\" content=\"\u00c9crit par\" \/>\n\t<meta name=\"twitter:data1\" content=\"CL\" \/>\n\t<meta name=\"twitter:label2\" content=\"Dur\u00e9e de lecture estim\u00e9e\" \/>\n\t<meta name=\"twitter:data2\" content=\"2 minutes\" \/>\n<script type=\"application\/ld+json\" class=\"yoast-schema-graph\">{\"@context\":\"https:\\\/\\\/schema.org\",\"@graph\":[{\"@type\":\"NewsArticle\",\"@id\":\"https:\\\/\\\/www.webdo.tn\\\/fr\\\/actualite\\\/national\\\/tunisie-fmi-le-coup-de-grace-de-kais-saied\\\/204633\\\/#article\",\"isPartOf\":{\"@id\":\"https:\\\/\\\/www.webdo.tn\\\/fr\\\/actualite\\\/national\\\/tunisie-fmi-le-coup-de-grace-de-kais-saied\\\/204633\\\/\"},\"author\":{\"name\":\"CL\",\"@id\":\"https:\\\/\\\/www.webdo.tn\\\/fr\\\/#\\\/schema\\\/person\\\/f35b42a42c5e2511bbd282959d6385cc\"},\"headline\":\"Tunisie &#8211; FMI : Le coup de gr\u00e2ce de Kais Saied\",\"datePublished\":\"2023-04-07T09:20:00+00:00\",\"dateModified\":\"2025-05-20T22:49:49+00:00\",\"mainEntityOfPage\":{\"@id\":\"https:\\\/\\\/www.webdo.tn\\\/fr\\\/actualite\\\/national\\\/tunisie-fmi-le-coup-de-grace-de-kais-saied\\\/204633\\\/\"},\"wordCount\":370,\"commentCount\":0,\"publisher\":{\"@id\":\"https:\\\/\\\/www.webdo.tn\\\/fr\\\/#organization\"},\"image\":{\"@id\":\"https:\\\/\\\/www.webdo.tn\\\/fr\\\/actualite\\\/national\\\/tunisie-fmi-le-coup-de-grace-de-kais-saied\\\/204633\\\/#primaryimage\"},\"thumbnailUrl\":\"https:\\\/\\\/www.webdo.tn\\\/fr\\\/wp-content\\\/uploads\\\/2023\\\/04\\\/9119f19790e167aafeb18c1e16d41040.jpg\",\"keywords\":[\"FMI\",\"Kais Saied\",\"Tunisie\"],\"articleSection\":[\"National\"],\"inLanguage\":\"fr-FR\"},{\"@type\":\"WebPage\",\"@id\":\"https:\\\/\\\/www.webdo.tn\\\/fr\\\/actualite\\\/national\\\/tunisie-fmi-le-coup-de-grace-de-kais-saied\\\/204633\\\/\",\"url\":\"https:\\\/\\\/www.webdo.tn\\\/fr\\\/actualite\\\/national\\\/tunisie-fmi-le-coup-de-grace-de-kais-saied\\\/204633\\\/\",\"name\":\"Tunisie - FMI : Le coup de gr\u00e2ce de Kais Saied\",\"isPartOf\":{\"@id\":\"https:\\\/\\\/www.webdo.tn\\\/fr\\\/#website\"},\"primaryImageOfPage\":{\"@id\":\"https:\\\/\\\/www.webdo.tn\\\/fr\\\/actualite\\\/national\\\/tunisie-fmi-le-coup-de-grace-de-kais-saied\\\/204633\\\/#primaryimage\"},\"image\":{\"@id\":\"https:\\\/\\\/www.webdo.tn\\\/fr\\\/actualite\\\/national\\\/tunisie-fmi-le-coup-de-grace-de-kais-saied\\\/204633\\\/#primaryimage\"},\"thumbnailUrl\":\"https:\\\/\\\/www.webdo.tn\\\/fr\\\/wp-content\\\/uploads\\\/2023\\\/04\\\/9119f19790e167aafeb18c1e16d41040.jpg\",\"datePublished\":\"2023-04-07T09:20:00+00:00\",\"dateModified\":\"2025-05-20T22:49:49+00:00\",\"description\":\"Alors que tous les regards \u00e9taient tourn\u00e9s vers les n\u00e9gociations entre la Tunisie et le Fonds mon\u00e9taire International (FMI), le pr\u00e9sident de la R\u00e9publique Kais...\",\"breadcrumb\":{\"@id\":\"https:\\\/\\\/www.webdo.tn\\\/fr\\\/actualite\\\/national\\\/tunisie-fmi-le-coup-de-grace-de-kais-saied\\\/204633\\\/#breadcrumb\"},\"inLanguage\":\"fr-FR\",\"potentialAction\":[{\"@type\":\"ReadAction\",\"target\":[\"https:\\\/\\\/www.webdo.tn\\\/fr\\\/actualite\\\/national\\\/tunisie-fmi-le-coup-de-grace-de-kais-saied\\\/204633\\\/\"]}]},{\"@type\":\"ImageObject\",\"inLanguage\":\"fr-FR\",\"@id\":\"https:\\\/\\\/www.webdo.tn\\\/fr\\\/actualite\\\/national\\\/tunisie-fmi-le-coup-de-grace-de-kais-saied\\\/204633\\\/#primaryimage\",\"url\":\"https:\\\/\\\/www.webdo.tn\\\/fr\\\/wp-content\\\/uploads\\\/2023\\\/04\\\/9119f19790e167aafeb18c1e16d41040.jpg\",\"contentUrl\":\"https:\\\/\\\/www.webdo.tn\\\/fr\\\/wp-content\\\/uploads\\\/2023\\\/04\\\/9119f19790e167aafeb18c1e16d41040.jpg\",\"width\":750,\"height\":400,\"caption\":\"Tunisie - FMI : Le coup de gr\u00e2ce de Kais Saied\"},{\"@type\":\"BreadcrumbList\",\"@id\":\"https:\\\/\\\/www.webdo.tn\\\/fr\\\/actualite\\\/national\\\/tunisie-fmi-le-coup-de-grace-de-kais-saied\\\/204633\\\/#breadcrumb\",\"itemListElement\":[{\"@type\":\"ListItem\",\"position\":1,\"name\":\"Accueil\",\"item\":\"https:\\\/\\\/www.webdo.tn\\\/fr\\\/\"},{\"@type\":\"ListItem\",\"position\":2,\"name\":\"Tunisie &#8211; FMI : Le coup de gr\u00e2ce de Kais Saied\"}]},{\"@type\":\"WebSite\",\"@id\":\"https:\\\/\\\/www.webdo.tn\\\/fr\\\/#website\",\"url\":\"https:\\\/\\\/www.webdo.tn\\\/fr\\\/\",\"name\":\"webdo\",\"description\":\"Tunisie - News en Tunisie et \u00e0 l&#039;international sur Webdo.tn\",\"publisher\":{\"@id\":\"https:\\\/\\\/www.webdo.tn\\\/fr\\\/#organization\"},\"potentialAction\":[{\"@type\":\"SearchAction\",\"target\":{\"@type\":\"EntryPoint\",\"urlTemplate\":\"https:\\\/\\\/www.webdo.tn\\\/fr\\\/?s={search_term_string}\"},\"query-input\":{\"@type\":\"PropertyValueSpecification\",\"valueRequired\":true,\"valueName\":\"search_term_string\"}}],\"inLanguage\":\"fr-FR\"},{\"@type\":\"Organization\",\"@id\":\"https:\\\/\\\/www.webdo.tn\\\/fr\\\/#organization\",\"name\":\"Webdo\",\"alternateName\":\"Webdo.tn\",\"url\":\"https:\\\/\\\/www.webdo.tn\\\/fr\\\/\",\"logo\":{\"@type\":\"ImageObject\",\"inLanguage\":\"fr-FR\",\"@id\":\"https:\\\/\\\/www.webdo.tn\\\/fr\\\/#\\\/schema\\\/logo\\\/image\\\/\",\"url\":\"https:\\\/\\\/www.webdo.tn\\\/fr\\\/wp-content\\\/uploads\\\/2025\\\/06\\\/Webdo-Tunisie_168377.jpg\",\"contentUrl\":\"https:\\\/\\\/www.webdo.tn\\\/fr\\\/wp-content\\\/uploads\\\/2025\\\/06\\\/Webdo-Tunisie_168377.jpg\",\"width\":301,\"height\":301,\"caption\":\"Webdo\"},\"image\":{\"@id\":\"https:\\\/\\\/www.webdo.tn\\\/fr\\\/#\\\/schema\\\/logo\\\/image\\\/\"},\"sameAs\":[\"https:\\\/\\\/www.facebook.com\\\/webdotn\",\"https:\\\/\\\/x.com\\\/webdo_tn\"],\"description\":\"Webdo est un m\u00e9dia num\u00e9rique tunisien fond\u00e9 en 2010, sp\u00e9cialis\u00e9 dans l\u2019actualit\u00e9 nationale et internationale, l\u2019\u00e9conomie, la soci\u00e9t\u00e9 et les analyses politiques. Le site s\u2019adresse \u00e0 un large public francophone et couvre l\u2019information tunisienne en temps r\u00e9el.\",\"email\":\"redac@webdo.tn\",\"legalName\":\"YNJ SARL\",\"foundingDate\":\"2010-09-06\",\"numberOfEmployees\":{\"@type\":\"QuantitativeValue\",\"minValue\":\"11\",\"maxValue\":\"50\"}},{\"@type\":\"Person\",\"@id\":\"https:\\\/\\\/www.webdo.tn\\\/fr\\\/#\\\/schema\\\/person\\\/f35b42a42c5e2511bbd282959d6385cc\",\"name\":\"CL\",\"image\":{\"@type\":\"ImageObject\",\"inLanguage\":\"fr-FR\",\"@id\":\"https:\\\/\\\/secure.gravatar.com\\\/avatar\\\/1447a49909b67aa657c488aec6512e1dd6143a480c1ecfee9b5b5cd74eb3b59e?s=96&d=mm&r=g\",\"url\":\"https:\\\/\\\/secure.gravatar.com\\\/avatar\\\/1447a49909b67aa657c488aec6512e1dd6143a480c1ecfee9b5b5cd74eb3b59e?s=96&d=mm&r=g\",\"contentUrl\":\"https:\\\/\\\/secure.gravatar.com\\\/avatar\\\/1447a49909b67aa657c488aec6512e1dd6143a480c1ecfee9b5b5cd74eb3b59e?s=96&d=mm&r=g\",\"caption\":\"CL\"},\"url\":\"https:\\\/\\\/www.webdo.tn\\\/fr\\\/actualite\\\/author\\\/cl\\\/\"}]}<\/script>\n<!-- \/ Yoast SEO Premium plugin. -->","yoast_head_json":{"title":"Tunisie - FMI : Le coup de gr\u00e2ce de Kais Saied","description":"Alors que tous les regards \u00e9taient tourn\u00e9s vers les n\u00e9gociations entre la Tunisie et le Fonds mon\u00e9taire International (FMI), le pr\u00e9sident de la R\u00e9publique Kais...","canonical":"https:\/\/www.webdo.tn\/fr\/actualite\/national\/tunisie-fmi-le-coup-de-grace-de-kais-saied\/204633\/","og_locale":"fr_FR","og_type":"article","og_title":"Tunisie - FMI : Le coup de gr\u00e2ce de Kais Saied","og_description":"Alors que tous les regards \u00e9taient tourn\u00e9s vers les n\u00e9gociations entre la Tunisie et le Fonds mon\u00e9taire International (FMI), le pr\u00e9sident de la R\u00e9publique Kais...","og_url":"https:\/\/www.webdo.tn\/fr\/actualite\/national\/tunisie-fmi-le-coup-de-grace-de-kais-saied\/204633\/","og_site_name":"webdo","article_publisher":"https:\/\/www.facebook.com\/webdotn","article_published_time":"2023-04-07T09:20:00+00:00","article_modified_time":"2025-05-20T22:49:49+00:00","og_image":[{"width":750,"height":400,"url":"https:\/\/www.webdo.tn\/fr\/wp-content\/uploads\/2023\/04\/9119f19790e167aafeb18c1e16d41040.jpg","type":"image\/jpeg"}],"author":"CL","twitter_card":"summary_large_image","twitter_creator":"@webdo_tn","twitter_site":"@webdo_tn","twitter_misc":{"\u00c9crit par":"CL","Dur\u00e9e de lecture estim\u00e9e":"2 minutes"},"schema":{"@context":"https:\/\/schema.org","@graph":[{"@type":"NewsArticle","@id":"https:\/\/www.webdo.tn\/fr\/actualite\/national\/tunisie-fmi-le-coup-de-grace-de-kais-saied\/204633\/#article","isPartOf":{"@id":"https:\/\/www.webdo.tn\/fr\/actualite\/national\/tunisie-fmi-le-coup-de-grace-de-kais-saied\/204633\/"},"author":{"name":"CL","@id":"https:\/\/www.webdo.tn\/fr\/#\/schema\/person\/f35b42a42c5e2511bbd282959d6385cc"},"headline":"Tunisie &#8211; FMI : Le coup de gr\u00e2ce de Kais Saied","datePublished":"2023-04-07T09:20:00+00:00","dateModified":"2025-05-20T22:49:49+00:00","mainEntityOfPage":{"@id":"https:\/\/www.webdo.tn\/fr\/actualite\/national\/tunisie-fmi-le-coup-de-grace-de-kais-saied\/204633\/"},"wordCount":370,"commentCount":0,"publisher":{"@id":"https:\/\/www.webdo.tn\/fr\/#organization"},"image":{"@id":"https:\/\/www.webdo.tn\/fr\/actualite\/national\/tunisie-fmi-le-coup-de-grace-de-kais-saied\/204633\/#primaryimage"},"thumbnailUrl":"https:\/\/www.webdo.tn\/fr\/wp-content\/uploads\/2023\/04\/9119f19790e167aafeb18c1e16d41040.jpg","keywords":["FMI","Kais Saied","Tunisie"],"articleSection":["National"],"inLanguage":"fr-FR"},{"@type":"WebPage","@id":"https:\/\/www.webdo.tn\/fr\/actualite\/national\/tunisie-fmi-le-coup-de-grace-de-kais-saied\/204633\/","url":"https:\/\/www.webdo.tn\/fr\/actualite\/national\/tunisie-fmi-le-coup-de-grace-de-kais-saied\/204633\/","name":"Tunisie - FMI : Le coup de gr\u00e2ce de Kais Saied","isPartOf":{"@id":"https:\/\/www.webdo.tn\/fr\/#website"},"primaryImageOfPage":{"@id":"https:\/\/www.webdo.tn\/fr\/actualite\/national\/tunisie-fmi-le-coup-de-grace-de-kais-saied\/204633\/#primaryimage"},"image":{"@id":"https:\/\/www.webdo.tn\/fr\/actualite\/national\/tunisie-fmi-le-coup-de-grace-de-kais-saied\/204633\/#primaryimage"},"thumbnailUrl":"https:\/\/www.webdo.tn\/fr\/wp-content\/uploads\/2023\/04\/9119f19790e167aafeb18c1e16d41040.jpg","datePublished":"2023-04-07T09:20:00+00:00","dateModified":"2025-05-20T22:49:49+00:00","description":"Alors que tous les regards \u00e9taient tourn\u00e9s vers les n\u00e9gociations entre la Tunisie et le Fonds mon\u00e9taire International (FMI), le pr\u00e9sident de la R\u00e9publique Kais...","breadcrumb":{"@id":"https:\/\/www.webdo.tn\/fr\/actualite\/national\/tunisie-fmi-le-coup-de-grace-de-kais-saied\/204633\/#breadcrumb"},"inLanguage":"fr-FR","potentialAction":[{"@type":"ReadAction","target":["https:\/\/www.webdo.tn\/fr\/actualite\/national\/tunisie-fmi-le-coup-de-grace-de-kais-saied\/204633\/"]}]},{"@type":"ImageObject","inLanguage":"fr-FR","@id":"https:\/\/www.webdo.tn\/fr\/actualite\/national\/tunisie-fmi-le-coup-de-grace-de-kais-saied\/204633\/#primaryimage","url":"https:\/\/www.webdo.tn\/fr\/wp-content\/uploads\/2023\/04\/9119f19790e167aafeb18c1e16d41040.jpg","contentUrl":"https:\/\/www.webdo.tn\/fr\/wp-content\/uploads\/2023\/04\/9119f19790e167aafeb18c1e16d41040.jpg","width":750,"height":400,"caption":"Tunisie - FMI : Le coup de gr\u00e2ce de Kais Saied"},{"@type":"BreadcrumbList","@id":"https:\/\/www.webdo.tn\/fr\/actualite\/national\/tunisie-fmi-le-coup-de-grace-de-kais-saied\/204633\/#breadcrumb","itemListElement":[{"@type":"ListItem","position":1,"name":"Accueil","item":"https:\/\/www.webdo.tn\/fr\/"},{"@type":"ListItem","position":2,"name":"Tunisie &#8211; FMI : Le coup de gr\u00e2ce de Kais Saied"}]},{"@type":"WebSite","@id":"https:\/\/www.webdo.tn\/fr\/#website","url":"https:\/\/www.webdo.tn\/fr\/","name":"webdo","description":"Tunisie - News en Tunisie et \u00e0 l&#039;international sur Webdo.tn","publisher":{"@id":"https:\/\/www.webdo.tn\/fr\/#organization"},"potentialAction":[{"@type":"SearchAction","target":{"@type":"EntryPoint","urlTemplate":"https:\/\/www.webdo.tn\/fr\/?s={search_term_string}"},"query-input":{"@type":"PropertyValueSpecification","valueRequired":true,"valueName":"search_term_string"}}],"inLanguage":"fr-FR"},{"@type":"Organization","@id":"https:\/\/www.webdo.tn\/fr\/#organization","name":"Webdo","alternateName":"Webdo.tn","url":"https:\/\/www.webdo.tn\/fr\/","logo":{"@type":"ImageObject","inLanguage":"fr-FR","@id":"https:\/\/www.webdo.tn\/fr\/#\/schema\/logo\/image\/","url":"https:\/\/www.webdo.tn\/fr\/wp-content\/uploads\/2025\/06\/Webdo-Tunisie_168377.jpg","contentUrl":"https:\/\/www.webdo.tn\/fr\/wp-content\/uploads\/2025\/06\/Webdo-Tunisie_168377.jpg","width":301,"height":301,"caption":"Webdo"},"image":{"@id":"https:\/\/www.webdo.tn\/fr\/#\/schema\/logo\/image\/"},"sameAs":["https:\/\/www.facebook.com\/webdotn","https:\/\/x.com\/webdo_tn"],"description":"Webdo est un m\u00e9dia num\u00e9rique tunisien fond\u00e9 en 2010, sp\u00e9cialis\u00e9 dans l\u2019actualit\u00e9 nationale et internationale, l\u2019\u00e9conomie, la soci\u00e9t\u00e9 et les analyses politiques. Le site s\u2019adresse \u00e0 un large public francophone et couvre l\u2019information tunisienne en temps r\u00e9el.","email":"redac@webdo.tn","legalName":"YNJ SARL","foundingDate":"2010-09-06","numberOfEmployees":{"@type":"QuantitativeValue","minValue":"11","maxValue":"50"}},{"@type":"Person","@id":"https:\/\/www.webdo.tn\/fr\/#\/schema\/person\/f35b42a42c5e2511bbd282959d6385cc","name":"CL","image":{"@type":"ImageObject","inLanguage":"fr-FR","@id":"https:\/\/secure.gravatar.com\/avatar\/1447a49909b67aa657c488aec6512e1dd6143a480c1ecfee9b5b5cd74eb3b59e?s=96&d=mm&r=g","url":"https:\/\/secure.gravatar.com\/avatar\/1447a49909b67aa657c488aec6512e1dd6143a480c1ecfee9b5b5cd74eb3b59e?s=96&d=mm&r=g","contentUrl":"https:\/\/secure.gravatar.com\/avatar\/1447a49909b67aa657c488aec6512e1dd6143a480c1ecfee9b5b5cd74eb3b59e?s=96&d=mm&r=g","caption":"CL"},"url":"https:\/\/www.webdo.tn\/fr\/actualite\/author\/cl\/"}]}},"_links":{"self":[{"href":"https:\/\/www.webdo.tn\/fr\/wp-json\/wp\/v2\/posts\/204633","targetHints":{"allow":["GET"]}}],"collection":[{"href":"https:\/\/www.webdo.tn\/fr\/wp-json\/wp\/v2\/posts"}],"about":[{"href":"https:\/\/www.webdo.tn\/fr\/wp-json\/wp\/v2\/types\/post"}],"author":[{"embeddable":true,"href":"https:\/\/www.webdo.tn\/fr\/wp-json\/wp\/v2\/users\/3175"}],"replies":[{"embeddable":true,"href":"https:\/\/www.webdo.tn\/fr\/wp-json\/wp\/v2\/comments?post=204633"}],"version-history":[{"count":0,"href":"https:\/\/www.webdo.tn\/fr\/wp-json\/wp\/v2\/posts\/204633\/revisions"}],"wp:featuredmedia":[{"embeddable":true,"href":"https:\/\/www.webdo.tn\/fr\/wp-json\/wp\/v2\/media\/278041"}],"wp:attachment":[{"href":"https:\/\/www.webdo.tn\/fr\/wp-json\/wp\/v2\/media?parent=204633"}],"wp:term":[{"taxonomy":"category","embeddable":true,"href":"https:\/\/www.webdo.tn\/fr\/wp-json\/wp\/v2\/categories?post=204633"},{"taxonomy":"post_tag","embeddable":true,"href":"https:\/\/www.webdo.tn\/fr\/wp-json\/wp\/v2\/tags?post=204633"}],"curies":[{"name":"wp","href":"https:\/\/api.w.org\/{rel}","templated":true}]}}