{"id":204629,"date":"2023-04-07T07:42:00","date_gmt":"2023-04-07T07:42:00","guid":{"rendered":"https:\/\/www.webdo.tn\/fr\/blog\/tunisie-un-nouveau-dialogue-social-sous-l-egide-de-l-onu\/204629\/"},"modified":"2025-05-20T22:49:48","modified_gmt":"2025-05-20T22:49:48","slug":"tunisie-un-nouveau-dialogue-social-sous-l-egide-de-l-onu","status":"publish","type":"post","link":"https:\/\/www.webdo.tn\/fr\/actualite\/national\/tunisie-un-nouveau-dialogue-social-sous-l-egide-de-l-onu\/204629\/","title":{"rendered":"Tunisie : Un nouveau dialogue social sous l&rsquo;\u00e9gide de l&rsquo;ONU ?"},"content":{"rendered":"<p>Un nouveau projet pour appuyer le dialogue social, au niveau r\u00e9gional et sectoriel, avec le gouvernement et l&rsquo;Union g\u00e9n\u00e9rale tunisienne du travail (UGTT) sera lanc\u00e9 au cours du deuxi\u00e8me semestre de 2023, a annonc\u00e9 l&rsquo;Union tunisienne de l&rsquo;industrie, du commerce et de l&rsquo;artisanat (UTICA).<\/p>\n<p>\t\t\t\t\t\t\t\t\tCe projet de dialogue social sera plac\u00e9 sous l&rsquo;\u00e9gide de l&rsquo;Organisation des Nations Unies (ONU), indique la m\u00eame source.<\/p>\n<p>Selon un communiqu\u00e9 de la centrale patronale, ce projet \u00e9tait au centre d&rsquo;une rencontre, tenue jeudi, \u00e0 Tunis entre le Pr\u00e9sident de l&rsquo;UTICA, Samir Majoul et la directrice du Bureau de l&rsquo;Organisation Internationale du travail (OIT) pour le Maghreb Arabe , Rania Bikhazi.<\/p>\n<p>Les deux parties ont pass\u00e9 en revue les projets et programmes en cours qui sont dirig\u00e9s par le bureau de l&rsquo;OIT en Tunisie en collaboration avec le Gouvernement et les divers partenaires sociaux. Il s&rsquo;agit de projets dans les domaines du dialogue social, de l&#8217;emploi, de la cr\u00e9ation de projets, de la couverture sociale, de la migration et du d\u00e9veloppement r\u00e9gional.<\/p>\n","protected":false},"excerpt":{"rendered":"<p>Un nouveau projet pour appuyer le dialogue social, au niveau r\u00e9gional et sectoriel, avec le gouvernement et l&rsquo;Union g\u00e9n\u00e9rale tunisienne du travail (UGTT) sera l&#8230;<\/p>\n","protected":false},"author":3175,"featured_media":278031,"comment_status":"open","ping_status":"closed","sticky":false,"template":"","format":"standard","meta":{"footnotes":""},"categories":[44],"tags":[7942,3296,2608],"class_list":["post-204629","post","type-post","status-publish","format-standard","has-post-thumbnail","hentry","category-national","tag-dialogue","tag-onu","tag-tunisie"],"yoast_head":"<!-- This site is optimized with the Yoast SEO Premium plugin v27.4 (Yoast SEO v27.4) - https:\/\/yoast.com\/product\/yoast-seo-premium-wordpress\/ -->\n<title>Tunisie : Un nouveau dialogue social sous l&#039;\u00e9gide de l&#039;ONU ?<\/title>\n<meta name=\"description\" content=\"Un nouveau projet pour appuyer le dialogue social, au niveau r\u00e9gional et sectoriel, avec le gouvernement et l&#039;Union g\u00e9n\u00e9rale tunisienne du travail (UGTT) sera l...\" \/>\n<link rel=\"canonical\" href=\"https:\/\/www.webdo.tn\/fr\/actualite\/national\/tunisie-un-nouveau-dialogue-social-sous-l-egide-de-l-onu\/204629\/\" \/>\n<meta property=\"og:locale\" content=\"fr_FR\" \/>\n<meta property=\"og:type\" content=\"article\" \/>\n<meta property=\"og:title\" content=\"Tunisie : Un nouveau dialogue social sous l&#039;\u00e9gide de l&#039;ONU ?\" \/>\n<meta property=\"og:description\" content=\"Un nouveau projet pour appuyer le dialogue social, au niveau r\u00e9gional et sectoriel, avec le gouvernement et l&#039;Union g\u00e9n\u00e9rale tunisienne du travail (UGTT) sera l...\" \/>\n<meta property=\"og:url\" content=\"https:\/\/www.webdo.tn\/fr\/actualite\/national\/tunisie-un-nouveau-dialogue-social-sous-l-egide-de-l-onu\/204629\/\" \/>\n<meta property=\"og:site_name\" content=\"webdo\" \/>\n<meta property=\"article:publisher\" content=\"https:\/\/www.facebook.com\/webdotn\" \/>\n<meta property=\"article:published_time\" content=\"2023-04-07T07:42:00+00:00\" \/>\n<meta property=\"article:modified_time\" content=\"2025-05-20T22:49:48+00:00\" \/>\n<meta property=\"og:image\" content=\"https:\/\/www.webdo.tn\/fr\/wp-content\/uploads\/2023\/04\/3bc897d1ff46bd2c654ada603e96a767.jpg\" \/>\n\t<meta property=\"og:image:width\" content=\"750\" \/>\n\t<meta property=\"og:image:height\" content=\"400\" \/>\n\t<meta property=\"og:image:type\" content=\"image\/jpeg\" \/>\n<meta name=\"author\" content=\"CL\" \/>\n<meta name=\"twitter:card\" content=\"summary_large_image\" \/>\n<meta name=\"twitter:creator\" content=\"@webdo_tn\" \/>\n<meta name=\"twitter:site\" content=\"@webdo_tn\" \/>\n<meta name=\"twitter:label1\" content=\"\u00c9crit par\" \/>\n\t<meta name=\"twitter:data1\" content=\"CL\" \/>\n\t<meta name=\"twitter:label2\" content=\"Dur\u00e9e de lecture estim\u00e9e\" \/>\n\t<meta name=\"twitter:data2\" content=\"1 minute\" \/>\n<script type=\"application\/ld+json\" class=\"yoast-schema-graph\">{\"@context\":\"https:\\\/\\\/schema.org\",\"@graph\":[{\"@type\":\"NewsArticle\",\"@id\":\"https:\\\/\\\/www.webdo.tn\\\/fr\\\/actualite\\\/national\\\/tunisie-un-nouveau-dialogue-social-sous-l-egide-de-l-onu\\\/204629\\\/#article\",\"isPartOf\":{\"@id\":\"https:\\\/\\\/www.webdo.tn\\\/fr\\\/actualite\\\/national\\\/tunisie-un-nouveau-dialogue-social-sous-l-egide-de-l-onu\\\/204629\\\/\"},\"author\":{\"name\":\"CL\",\"@id\":\"https:\\\/\\\/www.webdo.tn\\\/fr\\\/#\\\/schema\\\/person\\\/f35b42a42c5e2511bbd282959d6385cc\"},\"headline\":\"Tunisie : Un nouveau dialogue social sous l&rsquo;\u00e9gide de l&rsquo;ONU ?\",\"datePublished\":\"2023-04-07T07:42:00+00:00\",\"dateModified\":\"2025-05-20T22:49:48+00:00\",\"mainEntityOfPage\":{\"@id\":\"https:\\\/\\\/www.webdo.tn\\\/fr\\\/actualite\\\/national\\\/tunisie-un-nouveau-dialogue-social-sous-l-egide-de-l-onu\\\/204629\\\/\"},\"wordCount\":197,\"commentCount\":0,\"publisher\":{\"@id\":\"https:\\\/\\\/www.webdo.tn\\\/fr\\\/#organization\"},\"image\":{\"@id\":\"https:\\\/\\\/www.webdo.tn\\\/fr\\\/actualite\\\/national\\\/tunisie-un-nouveau-dialogue-social-sous-l-egide-de-l-onu\\\/204629\\\/#primaryimage\"},\"thumbnailUrl\":\"https:\\\/\\\/www.webdo.tn\\\/fr\\\/wp-content\\\/uploads\\\/2023\\\/04\\\/3bc897d1ff46bd2c654ada603e96a767.jpg\",\"keywords\":[\"Dialogue\",\"ONU\",\"Tunisie\"],\"articleSection\":[\"National\"],\"inLanguage\":\"fr-FR\"},{\"@type\":\"WebPage\",\"@id\":\"https:\\\/\\\/www.webdo.tn\\\/fr\\\/actualite\\\/national\\\/tunisie-un-nouveau-dialogue-social-sous-l-egide-de-l-onu\\\/204629\\\/\",\"url\":\"https:\\\/\\\/www.webdo.tn\\\/fr\\\/actualite\\\/national\\\/tunisie-un-nouveau-dialogue-social-sous-l-egide-de-l-onu\\\/204629\\\/\",\"name\":\"Tunisie : Un nouveau dialogue social sous l'\u00e9gide de l'ONU ?\",\"isPartOf\":{\"@id\":\"https:\\\/\\\/www.webdo.tn\\\/fr\\\/#website\"},\"primaryImageOfPage\":{\"@id\":\"https:\\\/\\\/www.webdo.tn\\\/fr\\\/actualite\\\/national\\\/tunisie-un-nouveau-dialogue-social-sous-l-egide-de-l-onu\\\/204629\\\/#primaryimage\"},\"image\":{\"@id\":\"https:\\\/\\\/www.webdo.tn\\\/fr\\\/actualite\\\/national\\\/tunisie-un-nouveau-dialogue-social-sous-l-egide-de-l-onu\\\/204629\\\/#primaryimage\"},\"thumbnailUrl\":\"https:\\\/\\\/www.webdo.tn\\\/fr\\\/wp-content\\\/uploads\\\/2023\\\/04\\\/3bc897d1ff46bd2c654ada603e96a767.jpg\",\"datePublished\":\"2023-04-07T07:42:00+00:00\",\"dateModified\":\"2025-05-20T22:49:48+00:00\",\"description\":\"Un nouveau projet pour appuyer le dialogue social, au niveau r\u00e9gional et sectoriel, avec le gouvernement et l'Union g\u00e9n\u00e9rale tunisienne du travail (UGTT) sera l...\",\"breadcrumb\":{\"@id\":\"https:\\\/\\\/www.webdo.tn\\\/fr\\\/actualite\\\/national\\\/tunisie-un-nouveau-dialogue-social-sous-l-egide-de-l-onu\\\/204629\\\/#breadcrumb\"},\"inLanguage\":\"fr-FR\",\"potentialAction\":[{\"@type\":\"ReadAction\",\"target\":[\"https:\\\/\\\/www.webdo.tn\\\/fr\\\/actualite\\\/national\\\/tunisie-un-nouveau-dialogue-social-sous-l-egide-de-l-onu\\\/204629\\\/\"]}]},{\"@type\":\"ImageObject\",\"inLanguage\":\"fr-FR\",\"@id\":\"https:\\\/\\\/www.webdo.tn\\\/fr\\\/actualite\\\/national\\\/tunisie-un-nouveau-dialogue-social-sous-l-egide-de-l-onu\\\/204629\\\/#primaryimage\",\"url\":\"https:\\\/\\\/www.webdo.tn\\\/fr\\\/wp-content\\\/uploads\\\/2023\\\/04\\\/3bc897d1ff46bd2c654ada603e96a767.jpg\",\"contentUrl\":\"https:\\\/\\\/www.webdo.tn\\\/fr\\\/wp-content\\\/uploads\\\/2023\\\/04\\\/3bc897d1ff46bd2c654ada603e96a767.jpg\",\"width\":750,\"height\":400,\"caption\":\"UTICA\"},{\"@type\":\"BreadcrumbList\",\"@id\":\"https:\\\/\\\/www.webdo.tn\\\/fr\\\/actualite\\\/national\\\/tunisie-un-nouveau-dialogue-social-sous-l-egide-de-l-onu\\\/204629\\\/#breadcrumb\",\"itemListElement\":[{\"@type\":\"ListItem\",\"position\":1,\"name\":\"Accueil\",\"item\":\"https:\\\/\\\/www.webdo.tn\\\/fr\\\/\"},{\"@type\":\"ListItem\",\"position\":2,\"name\":\"Tunisie : Un nouveau dialogue social sous l&rsquo;\u00e9gide de l&rsquo;ONU ?\"}]},{\"@type\":\"WebSite\",\"@id\":\"https:\\\/\\\/www.webdo.tn\\\/fr\\\/#website\",\"url\":\"https:\\\/\\\/www.webdo.tn\\\/fr\\\/\",\"name\":\"webdo\",\"description\":\"Tunisie - News en Tunisie et \u00e0 l&#039;international sur Webdo.tn\",\"publisher\":{\"@id\":\"https:\\\/\\\/www.webdo.tn\\\/fr\\\/#organization\"},\"potentialAction\":[{\"@type\":\"SearchAction\",\"target\":{\"@type\":\"EntryPoint\",\"urlTemplate\":\"https:\\\/\\\/www.webdo.tn\\\/fr\\\/?s={search_term_string}\"},\"query-input\":{\"@type\":\"PropertyValueSpecification\",\"valueRequired\":true,\"valueName\":\"search_term_string\"}}],\"inLanguage\":\"fr-FR\"},{\"@type\":\"Organization\",\"@id\":\"https:\\\/\\\/www.webdo.tn\\\/fr\\\/#organization\",\"name\":\"Webdo\",\"alternateName\":\"Webdo.tn\",\"url\":\"https:\\\/\\\/www.webdo.tn\\\/fr\\\/\",\"logo\":{\"@type\":\"ImageObject\",\"inLanguage\":\"fr-FR\",\"@id\":\"https:\\\/\\\/www.webdo.tn\\\/fr\\\/#\\\/schema\\\/logo\\\/image\\\/\",\"url\":\"https:\\\/\\\/www.webdo.tn\\\/fr\\\/wp-content\\\/uploads\\\/2025\\\/06\\\/Webdo-Tunisie_168377.jpg\",\"contentUrl\":\"https:\\\/\\\/www.webdo.tn\\\/fr\\\/wp-content\\\/uploads\\\/2025\\\/06\\\/Webdo-Tunisie_168377.jpg\",\"width\":301,\"height\":301,\"caption\":\"Webdo\"},\"image\":{\"@id\":\"https:\\\/\\\/www.webdo.tn\\\/fr\\\/#\\\/schema\\\/logo\\\/image\\\/\"},\"sameAs\":[\"https:\\\/\\\/www.facebook.com\\\/webdotn\",\"https:\\\/\\\/x.com\\\/webdo_tn\"],\"description\":\"Webdo est un m\u00e9dia num\u00e9rique tunisien fond\u00e9 en 2010, sp\u00e9cialis\u00e9 dans l\u2019actualit\u00e9 nationale et internationale, l\u2019\u00e9conomie, la soci\u00e9t\u00e9 et les analyses politiques. Le site s\u2019adresse \u00e0 un large public francophone et couvre l\u2019information tunisienne en temps r\u00e9el.\",\"email\":\"redac@webdo.tn\",\"legalName\":\"YNJ SARL\",\"foundingDate\":\"2010-09-06\",\"numberOfEmployees\":{\"@type\":\"QuantitativeValue\",\"minValue\":\"11\",\"maxValue\":\"50\"}},{\"@type\":\"Person\",\"@id\":\"https:\\\/\\\/www.webdo.tn\\\/fr\\\/#\\\/schema\\\/person\\\/f35b42a42c5e2511bbd282959d6385cc\",\"name\":\"CL\",\"image\":{\"@type\":\"ImageObject\",\"inLanguage\":\"fr-FR\",\"@id\":\"https:\\\/\\\/secure.gravatar.com\\\/avatar\\\/1447a49909b67aa657c488aec6512e1dd6143a480c1ecfee9b5b5cd74eb3b59e?s=96&d=mm&r=g\",\"url\":\"https:\\\/\\\/secure.gravatar.com\\\/avatar\\\/1447a49909b67aa657c488aec6512e1dd6143a480c1ecfee9b5b5cd74eb3b59e?s=96&d=mm&r=g\",\"contentUrl\":\"https:\\\/\\\/secure.gravatar.com\\\/avatar\\\/1447a49909b67aa657c488aec6512e1dd6143a480c1ecfee9b5b5cd74eb3b59e?s=96&d=mm&r=g\",\"caption\":\"CL\"},\"url\":\"https:\\\/\\\/www.webdo.tn\\\/fr\\\/actualite\\\/author\\\/cl\\\/\"}]}<\/script>\n<!-- \/ Yoast SEO Premium plugin. -->","yoast_head_json":{"title":"Tunisie : Un nouveau dialogue social sous l'\u00e9gide de l'ONU ?","description":"Un nouveau projet pour appuyer le dialogue social, au niveau r\u00e9gional et sectoriel, avec le gouvernement et l'Union g\u00e9n\u00e9rale tunisienne du travail (UGTT) sera l...","canonical":"https:\/\/www.webdo.tn\/fr\/actualite\/national\/tunisie-un-nouveau-dialogue-social-sous-l-egide-de-l-onu\/204629\/","og_locale":"fr_FR","og_type":"article","og_title":"Tunisie : Un nouveau dialogue social sous l'\u00e9gide de l'ONU ?","og_description":"Un nouveau projet pour appuyer le dialogue social, au niveau r\u00e9gional et sectoriel, avec le gouvernement et l'Union g\u00e9n\u00e9rale tunisienne du travail (UGTT) sera l...","og_url":"https:\/\/www.webdo.tn\/fr\/actualite\/national\/tunisie-un-nouveau-dialogue-social-sous-l-egide-de-l-onu\/204629\/","og_site_name":"webdo","article_publisher":"https:\/\/www.facebook.com\/webdotn","article_published_time":"2023-04-07T07:42:00+00:00","article_modified_time":"2025-05-20T22:49:48+00:00","og_image":[{"width":750,"height":400,"url":"https:\/\/www.webdo.tn\/fr\/wp-content\/uploads\/2023\/04\/3bc897d1ff46bd2c654ada603e96a767.jpg","type":"image\/jpeg"}],"author":"CL","twitter_card":"summary_large_image","twitter_creator":"@webdo_tn","twitter_site":"@webdo_tn","twitter_misc":{"\u00c9crit par":"CL","Dur\u00e9e de lecture estim\u00e9e":"1 minute"},"schema":{"@context":"https:\/\/schema.org","@graph":[{"@type":"NewsArticle","@id":"https:\/\/www.webdo.tn\/fr\/actualite\/national\/tunisie-un-nouveau-dialogue-social-sous-l-egide-de-l-onu\/204629\/#article","isPartOf":{"@id":"https:\/\/www.webdo.tn\/fr\/actualite\/national\/tunisie-un-nouveau-dialogue-social-sous-l-egide-de-l-onu\/204629\/"},"author":{"name":"CL","@id":"https:\/\/www.webdo.tn\/fr\/#\/schema\/person\/f35b42a42c5e2511bbd282959d6385cc"},"headline":"Tunisie : Un nouveau dialogue social sous l&rsquo;\u00e9gide de l&rsquo;ONU ?","datePublished":"2023-04-07T07:42:00+00:00","dateModified":"2025-05-20T22:49:48+00:00","mainEntityOfPage":{"@id":"https:\/\/www.webdo.tn\/fr\/actualite\/national\/tunisie-un-nouveau-dialogue-social-sous-l-egide-de-l-onu\/204629\/"},"wordCount":197,"commentCount":0,"publisher":{"@id":"https:\/\/www.webdo.tn\/fr\/#organization"},"image":{"@id":"https:\/\/www.webdo.tn\/fr\/actualite\/national\/tunisie-un-nouveau-dialogue-social-sous-l-egide-de-l-onu\/204629\/#primaryimage"},"thumbnailUrl":"https:\/\/www.webdo.tn\/fr\/wp-content\/uploads\/2023\/04\/3bc897d1ff46bd2c654ada603e96a767.jpg","keywords":["Dialogue","ONU","Tunisie"],"articleSection":["National"],"inLanguage":"fr-FR"},{"@type":"WebPage","@id":"https:\/\/www.webdo.tn\/fr\/actualite\/national\/tunisie-un-nouveau-dialogue-social-sous-l-egide-de-l-onu\/204629\/","url":"https:\/\/www.webdo.tn\/fr\/actualite\/national\/tunisie-un-nouveau-dialogue-social-sous-l-egide-de-l-onu\/204629\/","name":"Tunisie : Un nouveau dialogue social sous l'\u00e9gide de l'ONU ?","isPartOf":{"@id":"https:\/\/www.webdo.tn\/fr\/#website"},"primaryImageOfPage":{"@id":"https:\/\/www.webdo.tn\/fr\/actualite\/national\/tunisie-un-nouveau-dialogue-social-sous-l-egide-de-l-onu\/204629\/#primaryimage"},"image":{"@id":"https:\/\/www.webdo.tn\/fr\/actualite\/national\/tunisie-un-nouveau-dialogue-social-sous-l-egide-de-l-onu\/204629\/#primaryimage"},"thumbnailUrl":"https:\/\/www.webdo.tn\/fr\/wp-content\/uploads\/2023\/04\/3bc897d1ff46bd2c654ada603e96a767.jpg","datePublished":"2023-04-07T07:42:00+00:00","dateModified":"2025-05-20T22:49:48+00:00","description":"Un nouveau projet pour appuyer le dialogue social, au niveau r\u00e9gional et sectoriel, avec le gouvernement et l'Union g\u00e9n\u00e9rale tunisienne du travail (UGTT) sera l...","breadcrumb":{"@id":"https:\/\/www.webdo.tn\/fr\/actualite\/national\/tunisie-un-nouveau-dialogue-social-sous-l-egide-de-l-onu\/204629\/#breadcrumb"},"inLanguage":"fr-FR","potentialAction":[{"@type":"ReadAction","target":["https:\/\/www.webdo.tn\/fr\/actualite\/national\/tunisie-un-nouveau-dialogue-social-sous-l-egide-de-l-onu\/204629\/"]}]},{"@type":"ImageObject","inLanguage":"fr-FR","@id":"https:\/\/www.webdo.tn\/fr\/actualite\/national\/tunisie-un-nouveau-dialogue-social-sous-l-egide-de-l-onu\/204629\/#primaryimage","url":"https:\/\/www.webdo.tn\/fr\/wp-content\/uploads\/2023\/04\/3bc897d1ff46bd2c654ada603e96a767.jpg","contentUrl":"https:\/\/www.webdo.tn\/fr\/wp-content\/uploads\/2023\/04\/3bc897d1ff46bd2c654ada603e96a767.jpg","width":750,"height":400,"caption":"UTICA"},{"@type":"BreadcrumbList","@id":"https:\/\/www.webdo.tn\/fr\/actualite\/national\/tunisie-un-nouveau-dialogue-social-sous-l-egide-de-l-onu\/204629\/#breadcrumb","itemListElement":[{"@type":"ListItem","position":1,"name":"Accueil","item":"https:\/\/www.webdo.tn\/fr\/"},{"@type":"ListItem","position":2,"name":"Tunisie : Un nouveau dialogue social sous l&rsquo;\u00e9gide de l&rsquo;ONU ?"}]},{"@type":"WebSite","@id":"https:\/\/www.webdo.tn\/fr\/#website","url":"https:\/\/www.webdo.tn\/fr\/","name":"webdo","description":"Tunisie - News en Tunisie et \u00e0 l&#039;international sur Webdo.tn","publisher":{"@id":"https:\/\/www.webdo.tn\/fr\/#organization"},"potentialAction":[{"@type":"SearchAction","target":{"@type":"EntryPoint","urlTemplate":"https:\/\/www.webdo.tn\/fr\/?s={search_term_string}"},"query-input":{"@type":"PropertyValueSpecification","valueRequired":true,"valueName":"search_term_string"}}],"inLanguage":"fr-FR"},{"@type":"Organization","@id":"https:\/\/www.webdo.tn\/fr\/#organization","name":"Webdo","alternateName":"Webdo.tn","url":"https:\/\/www.webdo.tn\/fr\/","logo":{"@type":"ImageObject","inLanguage":"fr-FR","@id":"https:\/\/www.webdo.tn\/fr\/#\/schema\/logo\/image\/","url":"https:\/\/www.webdo.tn\/fr\/wp-content\/uploads\/2025\/06\/Webdo-Tunisie_168377.jpg","contentUrl":"https:\/\/www.webdo.tn\/fr\/wp-content\/uploads\/2025\/06\/Webdo-Tunisie_168377.jpg","width":301,"height":301,"caption":"Webdo"},"image":{"@id":"https:\/\/www.webdo.tn\/fr\/#\/schema\/logo\/image\/"},"sameAs":["https:\/\/www.facebook.com\/webdotn","https:\/\/x.com\/webdo_tn"],"description":"Webdo est un m\u00e9dia num\u00e9rique tunisien fond\u00e9 en 2010, sp\u00e9cialis\u00e9 dans l\u2019actualit\u00e9 nationale et internationale, l\u2019\u00e9conomie, la soci\u00e9t\u00e9 et les analyses politiques. Le site s\u2019adresse \u00e0 un large public francophone et couvre l\u2019information tunisienne en temps r\u00e9el.","email":"redac@webdo.tn","legalName":"YNJ SARL","foundingDate":"2010-09-06","numberOfEmployees":{"@type":"QuantitativeValue","minValue":"11","maxValue":"50"}},{"@type":"Person","@id":"https:\/\/www.webdo.tn\/fr\/#\/schema\/person\/f35b42a42c5e2511bbd282959d6385cc","name":"CL","image":{"@type":"ImageObject","inLanguage":"fr-FR","@id":"https:\/\/secure.gravatar.com\/avatar\/1447a49909b67aa657c488aec6512e1dd6143a480c1ecfee9b5b5cd74eb3b59e?s=96&d=mm&r=g","url":"https:\/\/secure.gravatar.com\/avatar\/1447a49909b67aa657c488aec6512e1dd6143a480c1ecfee9b5b5cd74eb3b59e?s=96&d=mm&r=g","contentUrl":"https:\/\/secure.gravatar.com\/avatar\/1447a49909b67aa657c488aec6512e1dd6143a480c1ecfee9b5b5cd74eb3b59e?s=96&d=mm&r=g","caption":"CL"},"url":"https:\/\/www.webdo.tn\/fr\/actualite\/author\/cl\/"}]}},"_links":{"self":[{"href":"https:\/\/www.webdo.tn\/fr\/wp-json\/wp\/v2\/posts\/204629","targetHints":{"allow":["GET"]}}],"collection":[{"href":"https:\/\/www.webdo.tn\/fr\/wp-json\/wp\/v2\/posts"}],"about":[{"href":"https:\/\/www.webdo.tn\/fr\/wp-json\/wp\/v2\/types\/post"}],"author":[{"embeddable":true,"href":"https:\/\/www.webdo.tn\/fr\/wp-json\/wp\/v2\/users\/3175"}],"replies":[{"embeddable":true,"href":"https:\/\/www.webdo.tn\/fr\/wp-json\/wp\/v2\/comments?post=204629"}],"version-history":[{"count":0,"href":"https:\/\/www.webdo.tn\/fr\/wp-json\/wp\/v2\/posts\/204629\/revisions"}],"wp:featuredmedia":[{"embeddable":true,"href":"https:\/\/www.webdo.tn\/fr\/wp-json\/wp\/v2\/media\/278031"}],"wp:attachment":[{"href":"https:\/\/www.webdo.tn\/fr\/wp-json\/wp\/v2\/media?parent=204629"}],"wp:term":[{"taxonomy":"category","embeddable":true,"href":"https:\/\/www.webdo.tn\/fr\/wp-json\/wp\/v2\/categories?post=204629"},{"taxonomy":"post_tag","embeddable":true,"href":"https:\/\/www.webdo.tn\/fr\/wp-json\/wp\/v2\/tags?post=204629"}],"curies":[{"name":"wp","href":"https:\/\/api.w.org\/{rel}","templated":true}]}}