{"id":204628,"date":"2023-04-07T07:37:00","date_gmt":"2023-04-07T07:37:00","guid":{"rendered":"https:\/\/www.webdo.tn\/fr\/blog\/kais-saied-vers-une-consultation-nationale-sur-la-reforme-de-l-education\/204628\/"},"modified":"2025-05-20T22:49:49","modified_gmt":"2025-05-20T22:49:49","slug":"kais-saied-vers-une-consultation-nationale-sur-la-reforme-de-l-education","status":"publish","type":"post","link":"https:\/\/www.webdo.tn\/fr\/actualite\/national\/kais-saied-vers-une-consultation-nationale-sur-la-reforme-de-l-education\/204628\/","title":{"rendered":"Kais Saied : \u00ab\u00a0Vers une consultation nationale sur la r\u00e9forme de l\u2019\u00e9ducation\u00a0\u00bb"},"content":{"rendered":"<p>Le pr\u00e9sident de la R\u00e9publique, Ka\u00efs Sa\u00efed, a annonc\u00e9, jeudi, qu&rsquo;une consultation pour la r\u00e9forme de l&rsquo;\u00e9ducation et de l&rsquo;enseignement sup\u00e9rieur en Tunisie pourrait \u00eatre lanc\u00e9e par les minist\u00e8res concern\u00e9s.<\/p>\n<p>\t\t\t\t\t\t\t\t\tS&rsquo;exprimant lors d&rsquo;une rencontre avec les enseignants du lyc\u00e9e Salem Ben Hamida \u00e0 Akouda, au gouvernorat de Sousse, le chef de l&rsquo;Etat a \u00e9voqu\u00e9 \u00ab\u00a0une consultation qui sera faite en concertation avec les parties actives dans ces secteurs, &#8211; dont les \u00e9coles et les universit\u00e9s-, afin que la r\u00e9forme soit globale\u00a0\u00bb.<br \/>\nIl a affirm\u00e9 que les r\u00e9sultats de cette consultation et la mise en place d&rsquo;un syst\u00e8me \u00e9ducatif peuvent garantir une approche p\u00e9dagogique p\u00e9renne.<\/p>\n<p>Le pr\u00e9sident Sa\u00efed a soulign\u00e9 que cette question qui \u00ab\u00a0ne se limite pas aux minist\u00e8res de l&rsquo;Education et de l&rsquo;Enseignement sup\u00e9rieur, concerne \u00e9galement d&rsquo;autres minist\u00e8res, comme ceux de la Formation professionnelle et de l&rsquo;Emploi, et de la Femme, de la Famille et de l&rsquo;Enfance\u00a0\u00bb.<\/p>\n<p>Il a \u00e9voqu\u00e9 de \u00ab\u00a0l&rsquo;importance de l&rsquo;\u00e9ducation et de l&rsquo;enseignement en Tunisie, en t\u00e9moigne l&rsquo;introduction du Conseil sup\u00e9rieur de l&rsquo;\u00e9ducation et de l&rsquo;enseignement dans la constitution\u00a0\u00bb.<\/p>\n<p>Le chef de l&rsquo;Etat a encore parl\u00e9 de l&rsquo;\u00e9ducation comme \u00e9tant \u00ab\u00a0un pilier de croissance dans le pays\u00a0\u00bb.<br \/>\nIl a assur\u00e9 que l&rsquo;enseignement est \u00ab\u00a0un rempart contre l&rsquo;extr\u00e9misme dans les soci\u00e9t\u00e9s, tout en rappelant que, dans les ann\u00e9es 70, pr\u00e8s de 30% du budget national avait \u00e9t\u00e9 consacr\u00e9 \u00e0 l&rsquo;\u00e9ducation\u00a0\u00bb.<\/p>\n","protected":false},"excerpt":{"rendered":"<p>Le pr\u00e9sident de la R\u00e9publique, Ka\u00efs Sa\u00efed, a annonc\u00e9, jeudi, qu&rsquo;une consultation pour la r\u00e9forme de l&rsquo;\u00e9ducation et de l&rsquo;enseignement sup\u00e9rieur en Tunisie pourra&#8230;<\/p>\n","protected":false},"author":3175,"featured_media":278034,"comment_status":"open","ping_status":"closed","sticky":false,"template":"","format":"standard","meta":{"footnotes":""},"categories":[44],"tags":[2634,2614,2608],"class_list":["post-204628","post","type-post","status-publish","format-standard","has-post-thumbnail","hentry","category-national","tag-education","tag-kais-saied","tag-tunisie"],"yoast_head":"<!-- This site is optimized with the Yoast SEO Premium plugin v27.4 (Yoast SEO v27.5) - https:\/\/yoast.com\/product\/yoast-seo-premium-wordpress\/ -->\n<title>Kais Saied : Vers une consultation nationale sur la r\u00e9forme de l\u2019\u00e9ducation<\/title>\n<meta name=\"description\" content=\"Le pr\u00e9sident de la R\u00e9publique, Ka\u00efs Sa\u00efed, a annonc\u00e9, jeudi, qu&#039;une consultation pour la r\u00e9forme de l&#039;\u00e9ducation et de l&#039;enseignement sup\u00e9rieur en Tunisie pourra...\" \/>\n<link rel=\"canonical\" href=\"https:\/\/www.webdo.tn\/fr\/actualite\/national\/kais-saied-vers-une-consultation-nationale-sur-la-reforme-de-l-education\/204628\/\" \/>\n<meta property=\"og:locale\" content=\"fr_FR\" \/>\n<meta property=\"og:type\" content=\"article\" \/>\n<meta property=\"og:title\" content=\"Kais Saied : &quot;Vers une consultation nationale sur la r\u00e9forme de l\u2019\u00e9ducation&quot;\" \/>\n<meta property=\"og:description\" content=\"Le pr\u00e9sident de la R\u00e9publique, Ka\u00efs Sa\u00efed, a annonc\u00e9, jeudi, qu&#039;une consultation pour la r\u00e9forme de l&#039;\u00e9ducation et de l&#039;enseignement sup\u00e9rieur en Tunisie pourra...\" \/>\n<meta property=\"og:url\" content=\"https:\/\/www.webdo.tn\/fr\/actualite\/national\/kais-saied-vers-une-consultation-nationale-sur-la-reforme-de-l-education\/204628\/\" \/>\n<meta property=\"og:site_name\" content=\"webdo\" \/>\n<meta property=\"article:publisher\" content=\"https:\/\/www.facebook.com\/webdotn\" \/>\n<meta property=\"article:published_time\" content=\"2023-04-07T07:37:00+00:00\" \/>\n<meta property=\"article:modified_time\" content=\"2025-05-20T22:49:49+00:00\" \/>\n<meta property=\"og:image\" content=\"https:\/\/www.webdo.tn\/fr\/wp-content\/uploads\/2023\/04\/91857e7fb540944376e8fb5465cb733c.jpg\" \/>\n\t<meta property=\"og:image:width\" content=\"750\" \/>\n\t<meta property=\"og:image:height\" content=\"400\" \/>\n\t<meta property=\"og:image:type\" content=\"image\/jpeg\" \/>\n<meta name=\"author\" content=\"CL\" \/>\n<meta name=\"twitter:card\" content=\"summary_large_image\" \/>\n<meta name=\"twitter:creator\" content=\"@webdo_tn\" \/>\n<meta name=\"twitter:site\" content=\"@webdo_tn\" \/>\n<meta name=\"twitter:label1\" content=\"\u00c9crit par\" \/>\n\t<meta name=\"twitter:data1\" content=\"CL\" \/>\n\t<meta name=\"twitter:label2\" content=\"Dur\u00e9e de lecture estim\u00e9e\" \/>\n\t<meta name=\"twitter:data2\" content=\"1 minute\" \/>\n<script type=\"application\/ld+json\" class=\"yoast-schema-graph\">{\"@context\":\"https:\\\/\\\/schema.org\",\"@graph\":[{\"@type\":\"NewsArticle\",\"@id\":\"https:\\\/\\\/www.webdo.tn\\\/fr\\\/actualite\\\/national\\\/kais-saied-vers-une-consultation-nationale-sur-la-reforme-de-l-education\\\/204628\\\/#article\",\"isPartOf\":{\"@id\":\"https:\\\/\\\/www.webdo.tn\\\/fr\\\/actualite\\\/national\\\/kais-saied-vers-une-consultation-nationale-sur-la-reforme-de-l-education\\\/204628\\\/\"},\"author\":{\"name\":\"CL\",\"@id\":\"https:\\\/\\\/www.webdo.tn\\\/fr\\\/#\\\/schema\\\/person\\\/f35b42a42c5e2511bbd282959d6385cc\"},\"headline\":\"Kais Saied : \u00ab\u00a0Vers une consultation nationale sur la r\u00e9forme de l\u2019\u00e9ducation\u00a0\u00bb\",\"datePublished\":\"2023-04-07T07:37:00+00:00\",\"dateModified\":\"2025-05-20T22:49:49+00:00\",\"mainEntityOfPage\":{\"@id\":\"https:\\\/\\\/www.webdo.tn\\\/fr\\\/actualite\\\/national\\\/kais-saied-vers-une-consultation-nationale-sur-la-reforme-de-l-education\\\/204628\\\/\"},\"wordCount\":284,\"commentCount\":0,\"publisher\":{\"@id\":\"https:\\\/\\\/www.webdo.tn\\\/fr\\\/#organization\"},\"image\":{\"@id\":\"https:\\\/\\\/www.webdo.tn\\\/fr\\\/actualite\\\/national\\\/kais-saied-vers-une-consultation-nationale-sur-la-reforme-de-l-education\\\/204628\\\/#primaryimage\"},\"thumbnailUrl\":\"https:\\\/\\\/www.webdo.tn\\\/fr\\\/wp-content\\\/uploads\\\/2023\\\/04\\\/91857e7fb540944376e8fb5465cb733c.jpg\",\"keywords\":[\"\u00e9ducation\",\"Kais Saied\",\"Tunisie\"],\"articleSection\":[\"National\"],\"inLanguage\":\"fr-FR\"},{\"@type\":\"WebPage\",\"@id\":\"https:\\\/\\\/www.webdo.tn\\\/fr\\\/actualite\\\/national\\\/kais-saied-vers-une-consultation-nationale-sur-la-reforme-de-l-education\\\/204628\\\/\",\"url\":\"https:\\\/\\\/www.webdo.tn\\\/fr\\\/actualite\\\/national\\\/kais-saied-vers-une-consultation-nationale-sur-la-reforme-de-l-education\\\/204628\\\/\",\"name\":\"Kais Saied : Vers une consultation nationale sur la r\u00e9forme de l\u2019\u00e9ducation\",\"isPartOf\":{\"@id\":\"https:\\\/\\\/www.webdo.tn\\\/fr\\\/#website\"},\"primaryImageOfPage\":{\"@id\":\"https:\\\/\\\/www.webdo.tn\\\/fr\\\/actualite\\\/national\\\/kais-saied-vers-une-consultation-nationale-sur-la-reforme-de-l-education\\\/204628\\\/#primaryimage\"},\"image\":{\"@id\":\"https:\\\/\\\/www.webdo.tn\\\/fr\\\/actualite\\\/national\\\/kais-saied-vers-une-consultation-nationale-sur-la-reforme-de-l-education\\\/204628\\\/#primaryimage\"},\"thumbnailUrl\":\"https:\\\/\\\/www.webdo.tn\\\/fr\\\/wp-content\\\/uploads\\\/2023\\\/04\\\/91857e7fb540944376e8fb5465cb733c.jpg\",\"datePublished\":\"2023-04-07T07:37:00+00:00\",\"dateModified\":\"2025-05-20T22:49:49+00:00\",\"description\":\"Le pr\u00e9sident de la R\u00e9publique, Ka\u00efs Sa\u00efed, a annonc\u00e9, jeudi, qu'une consultation pour la r\u00e9forme de l'\u00e9ducation et de l'enseignement sup\u00e9rieur en Tunisie pourra...\",\"breadcrumb\":{\"@id\":\"https:\\\/\\\/www.webdo.tn\\\/fr\\\/actualite\\\/national\\\/kais-saied-vers-une-consultation-nationale-sur-la-reforme-de-l-education\\\/204628\\\/#breadcrumb\"},\"inLanguage\":\"fr-FR\",\"potentialAction\":[{\"@type\":\"ReadAction\",\"target\":[\"https:\\\/\\\/www.webdo.tn\\\/fr\\\/actualite\\\/national\\\/kais-saied-vers-une-consultation-nationale-sur-la-reforme-de-l-education\\\/204628\\\/\"]}]},{\"@type\":\"ImageObject\",\"inLanguage\":\"fr-FR\",\"@id\":\"https:\\\/\\\/www.webdo.tn\\\/fr\\\/actualite\\\/national\\\/kais-saied-vers-une-consultation-nationale-sur-la-reforme-de-l-education\\\/204628\\\/#primaryimage\",\"url\":\"https:\\\/\\\/www.webdo.tn\\\/fr\\\/wp-content\\\/uploads\\\/2023\\\/04\\\/91857e7fb540944376e8fb5465cb733c.jpg\",\"contentUrl\":\"https:\\\/\\\/www.webdo.tn\\\/fr\\\/wp-content\\\/uploads\\\/2023\\\/04\\\/91857e7fb540944376e8fb5465cb733c.jpg\",\"width\":750,\"height\":400,\"caption\":\"Kais Saied\"},{\"@type\":\"BreadcrumbList\",\"@id\":\"https:\\\/\\\/www.webdo.tn\\\/fr\\\/actualite\\\/national\\\/kais-saied-vers-une-consultation-nationale-sur-la-reforme-de-l-education\\\/204628\\\/#breadcrumb\",\"itemListElement\":[{\"@type\":\"ListItem\",\"position\":1,\"name\":\"Accueil\",\"item\":\"https:\\\/\\\/www.webdo.tn\\\/fr\\\/\"},{\"@type\":\"ListItem\",\"position\":2,\"name\":\"Kais Saied : \u00ab\u00a0Vers une consultation nationale sur la r\u00e9forme de l\u2019\u00e9ducation\u00a0\u00bb\"}]},{\"@type\":\"WebSite\",\"@id\":\"https:\\\/\\\/www.webdo.tn\\\/fr\\\/#website\",\"url\":\"https:\\\/\\\/www.webdo.tn\\\/fr\\\/\",\"name\":\"webdo\",\"description\":\"Tunisie - News en Tunisie et \u00e0 l&#039;international sur Webdo.tn\",\"publisher\":{\"@id\":\"https:\\\/\\\/www.webdo.tn\\\/fr\\\/#organization\"},\"potentialAction\":[{\"@type\":\"SearchAction\",\"target\":{\"@type\":\"EntryPoint\",\"urlTemplate\":\"https:\\\/\\\/www.webdo.tn\\\/fr\\\/?s={search_term_string}\"},\"query-input\":{\"@type\":\"PropertyValueSpecification\",\"valueRequired\":true,\"valueName\":\"search_term_string\"}}],\"inLanguage\":\"fr-FR\"},{\"@type\":\"Organization\",\"@id\":\"https:\\\/\\\/www.webdo.tn\\\/fr\\\/#organization\",\"name\":\"Webdo\",\"alternateName\":\"Webdo.tn\",\"url\":\"https:\\\/\\\/www.webdo.tn\\\/fr\\\/\",\"logo\":{\"@type\":\"ImageObject\",\"inLanguage\":\"fr-FR\",\"@id\":\"https:\\\/\\\/www.webdo.tn\\\/fr\\\/#\\\/schema\\\/logo\\\/image\\\/\",\"url\":\"https:\\\/\\\/www.webdo.tn\\\/fr\\\/wp-content\\\/uploads\\\/2025\\\/06\\\/Webdo-Tunisie_168377.jpg\",\"contentUrl\":\"https:\\\/\\\/www.webdo.tn\\\/fr\\\/wp-content\\\/uploads\\\/2025\\\/06\\\/Webdo-Tunisie_168377.jpg\",\"width\":301,\"height\":301,\"caption\":\"Webdo\"},\"image\":{\"@id\":\"https:\\\/\\\/www.webdo.tn\\\/fr\\\/#\\\/schema\\\/logo\\\/image\\\/\"},\"sameAs\":[\"https:\\\/\\\/www.facebook.com\\\/webdotn\",\"https:\\\/\\\/x.com\\\/webdo_tn\"],\"description\":\"Webdo est un m\u00e9dia num\u00e9rique tunisien fond\u00e9 en 2010, sp\u00e9cialis\u00e9 dans l\u2019actualit\u00e9 nationale et internationale, l\u2019\u00e9conomie, la soci\u00e9t\u00e9 et les analyses politiques. Le site s\u2019adresse \u00e0 un large public francophone et couvre l\u2019information tunisienne en temps r\u00e9el.\",\"email\":\"redac@webdo.tn\",\"legalName\":\"YNJ SARL\",\"foundingDate\":\"2010-09-06\",\"numberOfEmployees\":{\"@type\":\"QuantitativeValue\",\"minValue\":\"11\",\"maxValue\":\"50\"}},{\"@type\":\"Person\",\"@id\":\"https:\\\/\\\/www.webdo.tn\\\/fr\\\/#\\\/schema\\\/person\\\/f35b42a42c5e2511bbd282959d6385cc\",\"name\":\"CL\",\"image\":{\"@type\":\"ImageObject\",\"inLanguage\":\"fr-FR\",\"@id\":\"https:\\\/\\\/secure.gravatar.com\\\/avatar\\\/1447a49909b67aa657c488aec6512e1dd6143a480c1ecfee9b5b5cd74eb3b59e?s=96&d=mm&r=g\",\"url\":\"https:\\\/\\\/secure.gravatar.com\\\/avatar\\\/1447a49909b67aa657c488aec6512e1dd6143a480c1ecfee9b5b5cd74eb3b59e?s=96&d=mm&r=g\",\"contentUrl\":\"https:\\\/\\\/secure.gravatar.com\\\/avatar\\\/1447a49909b67aa657c488aec6512e1dd6143a480c1ecfee9b5b5cd74eb3b59e?s=96&d=mm&r=g\",\"caption\":\"CL\"},\"url\":\"https:\\\/\\\/www.webdo.tn\\\/fr\\\/actualite\\\/author\\\/cl\\\/\"}]}<\/script>\n<!-- \/ Yoast SEO Premium plugin. -->","yoast_head_json":{"title":"Kais Saied : Vers une consultation nationale sur la r\u00e9forme de l\u2019\u00e9ducation","description":"Le pr\u00e9sident de la R\u00e9publique, Ka\u00efs Sa\u00efed, a annonc\u00e9, jeudi, qu'une consultation pour la r\u00e9forme de l'\u00e9ducation et de l'enseignement sup\u00e9rieur en Tunisie pourra...","canonical":"https:\/\/www.webdo.tn\/fr\/actualite\/national\/kais-saied-vers-une-consultation-nationale-sur-la-reforme-de-l-education\/204628\/","og_locale":"fr_FR","og_type":"article","og_title":"Kais Saied : \"Vers une consultation nationale sur la r\u00e9forme de l\u2019\u00e9ducation\"","og_description":"Le pr\u00e9sident de la R\u00e9publique, Ka\u00efs Sa\u00efed, a annonc\u00e9, jeudi, qu'une consultation pour la r\u00e9forme de l'\u00e9ducation et de l'enseignement sup\u00e9rieur en Tunisie pourra...","og_url":"https:\/\/www.webdo.tn\/fr\/actualite\/national\/kais-saied-vers-une-consultation-nationale-sur-la-reforme-de-l-education\/204628\/","og_site_name":"webdo","article_publisher":"https:\/\/www.facebook.com\/webdotn","article_published_time":"2023-04-07T07:37:00+00:00","article_modified_time":"2025-05-20T22:49:49+00:00","og_image":[{"width":750,"height":400,"url":"https:\/\/www.webdo.tn\/fr\/wp-content\/uploads\/2023\/04\/91857e7fb540944376e8fb5465cb733c.jpg","type":"image\/jpeg"}],"author":"CL","twitter_card":"summary_large_image","twitter_creator":"@webdo_tn","twitter_site":"@webdo_tn","twitter_misc":{"\u00c9crit par":"CL","Dur\u00e9e de lecture estim\u00e9e":"1 minute"},"schema":{"@context":"https:\/\/schema.org","@graph":[{"@type":"NewsArticle","@id":"https:\/\/www.webdo.tn\/fr\/actualite\/national\/kais-saied-vers-une-consultation-nationale-sur-la-reforme-de-l-education\/204628\/#article","isPartOf":{"@id":"https:\/\/www.webdo.tn\/fr\/actualite\/national\/kais-saied-vers-une-consultation-nationale-sur-la-reforme-de-l-education\/204628\/"},"author":{"name":"CL","@id":"https:\/\/www.webdo.tn\/fr\/#\/schema\/person\/f35b42a42c5e2511bbd282959d6385cc"},"headline":"Kais Saied : \u00ab\u00a0Vers une consultation nationale sur la r\u00e9forme de l\u2019\u00e9ducation\u00a0\u00bb","datePublished":"2023-04-07T07:37:00+00:00","dateModified":"2025-05-20T22:49:49+00:00","mainEntityOfPage":{"@id":"https:\/\/www.webdo.tn\/fr\/actualite\/national\/kais-saied-vers-une-consultation-nationale-sur-la-reforme-de-l-education\/204628\/"},"wordCount":284,"commentCount":0,"publisher":{"@id":"https:\/\/www.webdo.tn\/fr\/#organization"},"image":{"@id":"https:\/\/www.webdo.tn\/fr\/actualite\/national\/kais-saied-vers-une-consultation-nationale-sur-la-reforme-de-l-education\/204628\/#primaryimage"},"thumbnailUrl":"https:\/\/www.webdo.tn\/fr\/wp-content\/uploads\/2023\/04\/91857e7fb540944376e8fb5465cb733c.jpg","keywords":["\u00e9ducation","Kais Saied","Tunisie"],"articleSection":["National"],"inLanguage":"fr-FR"},{"@type":"WebPage","@id":"https:\/\/www.webdo.tn\/fr\/actualite\/national\/kais-saied-vers-une-consultation-nationale-sur-la-reforme-de-l-education\/204628\/","url":"https:\/\/www.webdo.tn\/fr\/actualite\/national\/kais-saied-vers-une-consultation-nationale-sur-la-reforme-de-l-education\/204628\/","name":"Kais Saied : Vers une consultation nationale sur la r\u00e9forme de l\u2019\u00e9ducation","isPartOf":{"@id":"https:\/\/www.webdo.tn\/fr\/#website"},"primaryImageOfPage":{"@id":"https:\/\/www.webdo.tn\/fr\/actualite\/national\/kais-saied-vers-une-consultation-nationale-sur-la-reforme-de-l-education\/204628\/#primaryimage"},"image":{"@id":"https:\/\/www.webdo.tn\/fr\/actualite\/national\/kais-saied-vers-une-consultation-nationale-sur-la-reforme-de-l-education\/204628\/#primaryimage"},"thumbnailUrl":"https:\/\/www.webdo.tn\/fr\/wp-content\/uploads\/2023\/04\/91857e7fb540944376e8fb5465cb733c.jpg","datePublished":"2023-04-07T07:37:00+00:00","dateModified":"2025-05-20T22:49:49+00:00","description":"Le pr\u00e9sident de la R\u00e9publique, Ka\u00efs Sa\u00efed, a annonc\u00e9, jeudi, qu'une consultation pour la r\u00e9forme de l'\u00e9ducation et de l'enseignement sup\u00e9rieur en Tunisie pourra...","breadcrumb":{"@id":"https:\/\/www.webdo.tn\/fr\/actualite\/national\/kais-saied-vers-une-consultation-nationale-sur-la-reforme-de-l-education\/204628\/#breadcrumb"},"inLanguage":"fr-FR","potentialAction":[{"@type":"ReadAction","target":["https:\/\/www.webdo.tn\/fr\/actualite\/national\/kais-saied-vers-une-consultation-nationale-sur-la-reforme-de-l-education\/204628\/"]}]},{"@type":"ImageObject","inLanguage":"fr-FR","@id":"https:\/\/www.webdo.tn\/fr\/actualite\/national\/kais-saied-vers-une-consultation-nationale-sur-la-reforme-de-l-education\/204628\/#primaryimage","url":"https:\/\/www.webdo.tn\/fr\/wp-content\/uploads\/2023\/04\/91857e7fb540944376e8fb5465cb733c.jpg","contentUrl":"https:\/\/www.webdo.tn\/fr\/wp-content\/uploads\/2023\/04\/91857e7fb540944376e8fb5465cb733c.jpg","width":750,"height":400,"caption":"Kais Saied"},{"@type":"BreadcrumbList","@id":"https:\/\/www.webdo.tn\/fr\/actualite\/national\/kais-saied-vers-une-consultation-nationale-sur-la-reforme-de-l-education\/204628\/#breadcrumb","itemListElement":[{"@type":"ListItem","position":1,"name":"Accueil","item":"https:\/\/www.webdo.tn\/fr\/"},{"@type":"ListItem","position":2,"name":"Kais Saied : \u00ab\u00a0Vers une consultation nationale sur la r\u00e9forme de l\u2019\u00e9ducation\u00a0\u00bb"}]},{"@type":"WebSite","@id":"https:\/\/www.webdo.tn\/fr\/#website","url":"https:\/\/www.webdo.tn\/fr\/","name":"webdo","description":"Tunisie - News en Tunisie et \u00e0 l&#039;international sur Webdo.tn","publisher":{"@id":"https:\/\/www.webdo.tn\/fr\/#organization"},"potentialAction":[{"@type":"SearchAction","target":{"@type":"EntryPoint","urlTemplate":"https:\/\/www.webdo.tn\/fr\/?s={search_term_string}"},"query-input":{"@type":"PropertyValueSpecification","valueRequired":true,"valueName":"search_term_string"}}],"inLanguage":"fr-FR"},{"@type":"Organization","@id":"https:\/\/www.webdo.tn\/fr\/#organization","name":"Webdo","alternateName":"Webdo.tn","url":"https:\/\/www.webdo.tn\/fr\/","logo":{"@type":"ImageObject","inLanguage":"fr-FR","@id":"https:\/\/www.webdo.tn\/fr\/#\/schema\/logo\/image\/","url":"https:\/\/www.webdo.tn\/fr\/wp-content\/uploads\/2025\/06\/Webdo-Tunisie_168377.jpg","contentUrl":"https:\/\/www.webdo.tn\/fr\/wp-content\/uploads\/2025\/06\/Webdo-Tunisie_168377.jpg","width":301,"height":301,"caption":"Webdo"},"image":{"@id":"https:\/\/www.webdo.tn\/fr\/#\/schema\/logo\/image\/"},"sameAs":["https:\/\/www.facebook.com\/webdotn","https:\/\/x.com\/webdo_tn"],"description":"Webdo est un m\u00e9dia num\u00e9rique tunisien fond\u00e9 en 2010, sp\u00e9cialis\u00e9 dans l\u2019actualit\u00e9 nationale et internationale, l\u2019\u00e9conomie, la soci\u00e9t\u00e9 et les analyses politiques. Le site s\u2019adresse \u00e0 un large public francophone et couvre l\u2019information tunisienne en temps r\u00e9el.","email":"redac@webdo.tn","legalName":"YNJ SARL","foundingDate":"2010-09-06","numberOfEmployees":{"@type":"QuantitativeValue","minValue":"11","maxValue":"50"}},{"@type":"Person","@id":"https:\/\/www.webdo.tn\/fr\/#\/schema\/person\/f35b42a42c5e2511bbd282959d6385cc","name":"CL","image":{"@type":"ImageObject","inLanguage":"fr-FR","@id":"https:\/\/secure.gravatar.com\/avatar\/1447a49909b67aa657c488aec6512e1dd6143a480c1ecfee9b5b5cd74eb3b59e?s=96&d=mm&r=g","url":"https:\/\/secure.gravatar.com\/avatar\/1447a49909b67aa657c488aec6512e1dd6143a480c1ecfee9b5b5cd74eb3b59e?s=96&d=mm&r=g","contentUrl":"https:\/\/secure.gravatar.com\/avatar\/1447a49909b67aa657c488aec6512e1dd6143a480c1ecfee9b5b5cd74eb3b59e?s=96&d=mm&r=g","caption":"CL"},"url":"https:\/\/www.webdo.tn\/fr\/actualite\/author\/cl\/"}]}},"_links":{"self":[{"href":"https:\/\/www.webdo.tn\/fr\/wp-json\/wp\/v2\/posts\/204628","targetHints":{"allow":["GET"]}}],"collection":[{"href":"https:\/\/www.webdo.tn\/fr\/wp-json\/wp\/v2\/posts"}],"about":[{"href":"https:\/\/www.webdo.tn\/fr\/wp-json\/wp\/v2\/types\/post"}],"author":[{"embeddable":true,"href":"https:\/\/www.webdo.tn\/fr\/wp-json\/wp\/v2\/users\/3175"}],"replies":[{"embeddable":true,"href":"https:\/\/www.webdo.tn\/fr\/wp-json\/wp\/v2\/comments?post=204628"}],"version-history":[{"count":0,"href":"https:\/\/www.webdo.tn\/fr\/wp-json\/wp\/v2\/posts\/204628\/revisions"}],"wp:featuredmedia":[{"embeddable":true,"href":"https:\/\/www.webdo.tn\/fr\/wp-json\/wp\/v2\/media\/278034"}],"wp:attachment":[{"href":"https:\/\/www.webdo.tn\/fr\/wp-json\/wp\/v2\/media?parent=204628"}],"wp:term":[{"taxonomy":"category","embeddable":true,"href":"https:\/\/www.webdo.tn\/fr\/wp-json\/wp\/v2\/categories?post=204628"},{"taxonomy":"post_tag","embeddable":true,"href":"https:\/\/www.webdo.tn\/fr\/wp-json\/wp\/v2\/tags?post=204628"}],"curies":[{"name":"wp","href":"https:\/\/api.w.org\/{rel}","templated":true}]}}