{"id":204626,"date":"2023-04-06T21:02:00","date_gmt":"2023-04-06T21:02:00","guid":{"rendered":"https:\/\/www.webdo.tn\/fr\/blog\/l-algerie-veut-participer-au-dialogue-politique-en-tunisie\/204626\/"},"modified":"2025-05-20T22:44:24","modified_gmt":"2025-05-20T22:44:24","slug":"l-algerie-veut-participer-au-dialogue-politique-en-tunisie","status":"publish","type":"post","link":"https:\/\/www.webdo.tn\/fr\/actualite\/national\/l-algerie-veut-participer-au-dialogue-politique-en-tunisie\/204626\/","title":{"rendered":"L\u2019Alg\u00e9rie veut participer au \u00ab dialogue politique \u00bb en Tunisie !"},"content":{"rendered":"<p>Le pr\u00e9sident alg\u00e9rien, Abdelmadjid Tebboune s\u2019est encore une fois prononc\u00e9 sur les derniers rebondissements en Tunisie.<\/p>\n<p>\t\t\t\t\t\t\t\t\tS\u2019exprimant au micro d\u2019Al-Jazeera Podcast, il a montr\u00e9 la volont\u00e9 de son pays de participer au dialogue politique en Tunisie en faveur d\u2019une partie et ce dans le but de \u00ab rassembler toutes les parties prenantes en vue d\u2019emp\u00eacher l\u2019effondrement de l\u2019Etat tunisien \u00bb.\u00a0<\/p>\n<p>Il a, par ailleurs, affirm\u00e9 que les affaires internes de la Tunisie ne concernent que les Tunisiens, sauf que selon ses dires, la Tunisie fait face \u00e0 de grandes pressions \u00e9trang\u00e8res.\u00a0<\/p>\n<p>\u00ab\u00a0J&rsquo;esp\u00e8re que le peuple tunisien va pr\u00e9server son pays. Les pressions \u00e9trang\u00e8res malveillantes risquent de porter atteinte \u00e0 la stabilit\u00e9 interne, ce qui risque d&rsquo;affecter le citoyen\u00a0\u00bb.<\/p>\n","protected":false},"excerpt":{"rendered":"<p>Le pr\u00e9sident alg\u00e9rien, Abdelmadjid Tebboune s\u2019est encore une fois prononc\u00e9 sur les derniers rebondissements en Tunisie.<\/p>\n","protected":false},"author":3175,"featured_media":251513,"comment_status":"open","ping_status":"closed","sticky":false,"template":"","format":"standard","meta":{"footnotes":""},"categories":[44],"tags":[2907,4029,2608],"class_list":["post-204626","post","type-post","status-publish","format-standard","has-post-thumbnail","hentry","category-national","tag-algerie","tag-politique","tag-tunisie"],"yoast_head":"<!-- This site is optimized with the Yoast SEO Premium plugin v27.4 (Yoast SEO v27.4) - https:\/\/yoast.com\/product\/yoast-seo-premium-wordpress\/ -->\n<title>L\u2019Alg\u00e9rie veut participer au \u00ab dialogue politique \u00bb en Tunisie !<\/title>\n<meta name=\"description\" content=\"Le pr\u00e9sident alg\u00e9rien, Abdelmadjid Tebboune s\u2019est encore une fois prononc\u00e9 sur les derniers rebondissements en Tunisie.\" \/>\n<link rel=\"canonical\" href=\"https:\/\/www.webdo.tn\/fr\/actualite\/national\/l-algerie-veut-participer-au-dialogue-politique-en-tunisie\/204626\/\" \/>\n<meta property=\"og:locale\" content=\"fr_FR\" \/>\n<meta property=\"og:type\" content=\"article\" \/>\n<meta property=\"og:title\" content=\"L\u2019Alg\u00e9rie veut participer au \u00ab dialogue politique \u00bb en Tunisie !\" \/>\n<meta property=\"og:description\" content=\"Le pr\u00e9sident alg\u00e9rien, Abdelmadjid Tebboune s\u2019est encore une fois prononc\u00e9 sur les derniers rebondissements en Tunisie.\" \/>\n<meta property=\"og:url\" content=\"https:\/\/www.webdo.tn\/fr\/actualite\/national\/l-algerie-veut-participer-au-dialogue-politique-en-tunisie\/204626\/\" \/>\n<meta property=\"og:site_name\" content=\"webdo\" \/>\n<meta property=\"article:publisher\" content=\"https:\/\/www.facebook.com\/webdotn\" \/>\n<meta property=\"article:published_time\" content=\"2023-04-06T21:02:00+00:00\" \/>\n<meta property=\"article:modified_time\" content=\"2025-05-20T22:44:24+00:00\" \/>\n<meta property=\"og:image\" content=\"https:\/\/www.webdo.tn\/fr\/wp-content\/uploads\/2023\/04\/381cb1a84a76edc345d385861b7a390d.jpg\" \/>\n\t<meta property=\"og:image:width\" content=\"750\" \/>\n\t<meta property=\"og:image:height\" content=\"400\" \/>\n\t<meta property=\"og:image:type\" content=\"image\/jpeg\" \/>\n<meta name=\"author\" content=\"CL\" \/>\n<meta name=\"twitter:card\" content=\"summary_large_image\" \/>\n<meta name=\"twitter:creator\" content=\"@webdo_tn\" \/>\n<meta name=\"twitter:site\" content=\"@webdo_tn\" \/>\n<meta name=\"twitter:label1\" content=\"\u00c9crit par\" \/>\n\t<meta name=\"twitter:data1\" content=\"CL\" \/>\n\t<meta name=\"twitter:label2\" content=\"Dur\u00e9e de lecture estim\u00e9e\" \/>\n\t<meta name=\"twitter:data2\" content=\"1 minute\" \/>\n<script type=\"application\/ld+json\" class=\"yoast-schema-graph\">{\"@context\":\"https:\\\/\\\/schema.org\",\"@graph\":[{\"@type\":\"NewsArticle\",\"@id\":\"https:\\\/\\\/www.webdo.tn\\\/fr\\\/actualite\\\/national\\\/l-algerie-veut-participer-au-dialogue-politique-en-tunisie\\\/204626\\\/#article\",\"isPartOf\":{\"@id\":\"https:\\\/\\\/www.webdo.tn\\\/fr\\\/actualite\\\/national\\\/l-algerie-veut-participer-au-dialogue-politique-en-tunisie\\\/204626\\\/\"},\"author\":{\"name\":\"CL\",\"@id\":\"https:\\\/\\\/www.webdo.tn\\\/fr\\\/#\\\/schema\\\/person\\\/f35b42a42c5e2511bbd282959d6385cc\"},\"headline\":\"L\u2019Alg\u00e9rie veut participer au \u00ab dialogue politique \u00bb en Tunisie !\",\"datePublished\":\"2023-04-06T21:02:00+00:00\",\"dateModified\":\"2025-05-20T22:44:24+00:00\",\"mainEntityOfPage\":{\"@id\":\"https:\\\/\\\/www.webdo.tn\\\/fr\\\/actualite\\\/national\\\/l-algerie-veut-participer-au-dialogue-politique-en-tunisie\\\/204626\\\/\"},\"wordCount\":140,\"commentCount\":0,\"publisher\":{\"@id\":\"https:\\\/\\\/www.webdo.tn\\\/fr\\\/#organization\"},\"image\":{\"@id\":\"https:\\\/\\\/www.webdo.tn\\\/fr\\\/actualite\\\/national\\\/l-algerie-veut-participer-au-dialogue-politique-en-tunisie\\\/204626\\\/#primaryimage\"},\"thumbnailUrl\":\"https:\\\/\\\/www.webdo.tn\\\/fr\\\/wp-content\\\/uploads\\\/2023\\\/04\\\/381cb1a84a76edc345d385861b7a390d.jpg\",\"keywords\":[\"Alg\u00e9rie\",\"Politique\",\"Tunisie\"],\"articleSection\":[\"National\"],\"inLanguage\":\"fr-FR\"},{\"@type\":\"WebPage\",\"@id\":\"https:\\\/\\\/www.webdo.tn\\\/fr\\\/actualite\\\/national\\\/l-algerie-veut-participer-au-dialogue-politique-en-tunisie\\\/204626\\\/\",\"url\":\"https:\\\/\\\/www.webdo.tn\\\/fr\\\/actualite\\\/national\\\/l-algerie-veut-participer-au-dialogue-politique-en-tunisie\\\/204626\\\/\",\"name\":\"L\u2019Alg\u00e9rie veut participer au \u00ab dialogue politique \u00bb en Tunisie !\",\"isPartOf\":{\"@id\":\"https:\\\/\\\/www.webdo.tn\\\/fr\\\/#website\"},\"primaryImageOfPage\":{\"@id\":\"https:\\\/\\\/www.webdo.tn\\\/fr\\\/actualite\\\/national\\\/l-algerie-veut-participer-au-dialogue-politique-en-tunisie\\\/204626\\\/#primaryimage\"},\"image\":{\"@id\":\"https:\\\/\\\/www.webdo.tn\\\/fr\\\/actualite\\\/national\\\/l-algerie-veut-participer-au-dialogue-politique-en-tunisie\\\/204626\\\/#primaryimage\"},\"thumbnailUrl\":\"https:\\\/\\\/www.webdo.tn\\\/fr\\\/wp-content\\\/uploads\\\/2023\\\/04\\\/381cb1a84a76edc345d385861b7a390d.jpg\",\"datePublished\":\"2023-04-06T21:02:00+00:00\",\"dateModified\":\"2025-05-20T22:44:24+00:00\",\"description\":\"Le pr\u00e9sident alg\u00e9rien, Abdelmadjid Tebboune s\u2019est encore une fois prononc\u00e9 sur les derniers rebondissements en Tunisie.\",\"breadcrumb\":{\"@id\":\"https:\\\/\\\/www.webdo.tn\\\/fr\\\/actualite\\\/national\\\/l-algerie-veut-participer-au-dialogue-politique-en-tunisie\\\/204626\\\/#breadcrumb\"},\"inLanguage\":\"fr-FR\",\"potentialAction\":[{\"@type\":\"ReadAction\",\"target\":[\"https:\\\/\\\/www.webdo.tn\\\/fr\\\/actualite\\\/national\\\/l-algerie-veut-participer-au-dialogue-politique-en-tunisie\\\/204626\\\/\"]}]},{\"@type\":\"ImageObject\",\"inLanguage\":\"fr-FR\",\"@id\":\"https:\\\/\\\/www.webdo.tn\\\/fr\\\/actualite\\\/national\\\/l-algerie-veut-participer-au-dialogue-politique-en-tunisie\\\/204626\\\/#primaryimage\",\"url\":\"https:\\\/\\\/www.webdo.tn\\\/fr\\\/wp-content\\\/uploads\\\/2023\\\/04\\\/381cb1a84a76edc345d385861b7a390d.jpg\",\"contentUrl\":\"https:\\\/\\\/www.webdo.tn\\\/fr\\\/wp-content\\\/uploads\\\/2023\\\/04\\\/381cb1a84a76edc345d385861b7a390d.jpg\",\"width\":750,\"height\":400,\"caption\":\"Tebboune\"},{\"@type\":\"BreadcrumbList\",\"@id\":\"https:\\\/\\\/www.webdo.tn\\\/fr\\\/actualite\\\/national\\\/l-algerie-veut-participer-au-dialogue-politique-en-tunisie\\\/204626\\\/#breadcrumb\",\"itemListElement\":[{\"@type\":\"ListItem\",\"position\":1,\"name\":\"Accueil\",\"item\":\"https:\\\/\\\/www.webdo.tn\\\/fr\\\/\"},{\"@type\":\"ListItem\",\"position\":2,\"name\":\"L\u2019Alg\u00e9rie veut participer au \u00ab dialogue politique \u00bb en Tunisie !\"}]},{\"@type\":\"WebSite\",\"@id\":\"https:\\\/\\\/www.webdo.tn\\\/fr\\\/#website\",\"url\":\"https:\\\/\\\/www.webdo.tn\\\/fr\\\/\",\"name\":\"webdo\",\"description\":\"Tunisie - News en Tunisie et \u00e0 l&#039;international sur Webdo.tn\",\"publisher\":{\"@id\":\"https:\\\/\\\/www.webdo.tn\\\/fr\\\/#organization\"},\"potentialAction\":[{\"@type\":\"SearchAction\",\"target\":{\"@type\":\"EntryPoint\",\"urlTemplate\":\"https:\\\/\\\/www.webdo.tn\\\/fr\\\/?s={search_term_string}\"},\"query-input\":{\"@type\":\"PropertyValueSpecification\",\"valueRequired\":true,\"valueName\":\"search_term_string\"}}],\"inLanguage\":\"fr-FR\"},{\"@type\":\"Organization\",\"@id\":\"https:\\\/\\\/www.webdo.tn\\\/fr\\\/#organization\",\"name\":\"Webdo\",\"alternateName\":\"Webdo.tn\",\"url\":\"https:\\\/\\\/www.webdo.tn\\\/fr\\\/\",\"logo\":{\"@type\":\"ImageObject\",\"inLanguage\":\"fr-FR\",\"@id\":\"https:\\\/\\\/www.webdo.tn\\\/fr\\\/#\\\/schema\\\/logo\\\/image\\\/\",\"url\":\"https:\\\/\\\/www.webdo.tn\\\/fr\\\/wp-content\\\/uploads\\\/2025\\\/06\\\/Webdo-Tunisie_168377.jpg\",\"contentUrl\":\"https:\\\/\\\/www.webdo.tn\\\/fr\\\/wp-content\\\/uploads\\\/2025\\\/06\\\/Webdo-Tunisie_168377.jpg\",\"width\":301,\"height\":301,\"caption\":\"Webdo\"},\"image\":{\"@id\":\"https:\\\/\\\/www.webdo.tn\\\/fr\\\/#\\\/schema\\\/logo\\\/image\\\/\"},\"sameAs\":[\"https:\\\/\\\/www.facebook.com\\\/webdotn\",\"https:\\\/\\\/x.com\\\/webdo_tn\"],\"description\":\"Webdo est un m\u00e9dia num\u00e9rique tunisien fond\u00e9 en 2010, sp\u00e9cialis\u00e9 dans l\u2019actualit\u00e9 nationale et internationale, l\u2019\u00e9conomie, la soci\u00e9t\u00e9 et les analyses politiques. Le site s\u2019adresse \u00e0 un large public francophone et couvre l\u2019information tunisienne en temps r\u00e9el.\",\"email\":\"redac@webdo.tn\",\"legalName\":\"YNJ SARL\",\"foundingDate\":\"2010-09-06\",\"numberOfEmployees\":{\"@type\":\"QuantitativeValue\",\"minValue\":\"11\",\"maxValue\":\"50\"}},{\"@type\":\"Person\",\"@id\":\"https:\\\/\\\/www.webdo.tn\\\/fr\\\/#\\\/schema\\\/person\\\/f35b42a42c5e2511bbd282959d6385cc\",\"name\":\"CL\",\"image\":{\"@type\":\"ImageObject\",\"inLanguage\":\"fr-FR\",\"@id\":\"https:\\\/\\\/secure.gravatar.com\\\/avatar\\\/1447a49909b67aa657c488aec6512e1dd6143a480c1ecfee9b5b5cd74eb3b59e?s=96&d=mm&r=g\",\"url\":\"https:\\\/\\\/secure.gravatar.com\\\/avatar\\\/1447a49909b67aa657c488aec6512e1dd6143a480c1ecfee9b5b5cd74eb3b59e?s=96&d=mm&r=g\",\"contentUrl\":\"https:\\\/\\\/secure.gravatar.com\\\/avatar\\\/1447a49909b67aa657c488aec6512e1dd6143a480c1ecfee9b5b5cd74eb3b59e?s=96&d=mm&r=g\",\"caption\":\"CL\"},\"url\":\"https:\\\/\\\/www.webdo.tn\\\/fr\\\/actualite\\\/author\\\/cl\\\/\"}]}<\/script>\n<!-- \/ Yoast SEO Premium plugin. -->","yoast_head_json":{"title":"L\u2019Alg\u00e9rie veut participer au \u00ab dialogue politique \u00bb en Tunisie !","description":"Le pr\u00e9sident alg\u00e9rien, Abdelmadjid Tebboune s\u2019est encore une fois prononc\u00e9 sur les derniers rebondissements en Tunisie.","canonical":"https:\/\/www.webdo.tn\/fr\/actualite\/national\/l-algerie-veut-participer-au-dialogue-politique-en-tunisie\/204626\/","og_locale":"fr_FR","og_type":"article","og_title":"L\u2019Alg\u00e9rie veut participer au \u00ab dialogue politique \u00bb en Tunisie !","og_description":"Le pr\u00e9sident alg\u00e9rien, Abdelmadjid Tebboune s\u2019est encore une fois prononc\u00e9 sur les derniers rebondissements en Tunisie.","og_url":"https:\/\/www.webdo.tn\/fr\/actualite\/national\/l-algerie-veut-participer-au-dialogue-politique-en-tunisie\/204626\/","og_site_name":"webdo","article_publisher":"https:\/\/www.facebook.com\/webdotn","article_published_time":"2023-04-06T21:02:00+00:00","article_modified_time":"2025-05-20T22:44:24+00:00","og_image":[{"width":750,"height":400,"url":"https:\/\/www.webdo.tn\/fr\/wp-content\/uploads\/2023\/04\/381cb1a84a76edc345d385861b7a390d.jpg","type":"image\/jpeg"}],"author":"CL","twitter_card":"summary_large_image","twitter_creator":"@webdo_tn","twitter_site":"@webdo_tn","twitter_misc":{"\u00c9crit par":"CL","Dur\u00e9e de lecture estim\u00e9e":"1 minute"},"schema":{"@context":"https:\/\/schema.org","@graph":[{"@type":"NewsArticle","@id":"https:\/\/www.webdo.tn\/fr\/actualite\/national\/l-algerie-veut-participer-au-dialogue-politique-en-tunisie\/204626\/#article","isPartOf":{"@id":"https:\/\/www.webdo.tn\/fr\/actualite\/national\/l-algerie-veut-participer-au-dialogue-politique-en-tunisie\/204626\/"},"author":{"name":"CL","@id":"https:\/\/www.webdo.tn\/fr\/#\/schema\/person\/f35b42a42c5e2511bbd282959d6385cc"},"headline":"L\u2019Alg\u00e9rie veut participer au \u00ab dialogue politique \u00bb en Tunisie !","datePublished":"2023-04-06T21:02:00+00:00","dateModified":"2025-05-20T22:44:24+00:00","mainEntityOfPage":{"@id":"https:\/\/www.webdo.tn\/fr\/actualite\/national\/l-algerie-veut-participer-au-dialogue-politique-en-tunisie\/204626\/"},"wordCount":140,"commentCount":0,"publisher":{"@id":"https:\/\/www.webdo.tn\/fr\/#organization"},"image":{"@id":"https:\/\/www.webdo.tn\/fr\/actualite\/national\/l-algerie-veut-participer-au-dialogue-politique-en-tunisie\/204626\/#primaryimage"},"thumbnailUrl":"https:\/\/www.webdo.tn\/fr\/wp-content\/uploads\/2023\/04\/381cb1a84a76edc345d385861b7a390d.jpg","keywords":["Alg\u00e9rie","Politique","Tunisie"],"articleSection":["National"],"inLanguage":"fr-FR"},{"@type":"WebPage","@id":"https:\/\/www.webdo.tn\/fr\/actualite\/national\/l-algerie-veut-participer-au-dialogue-politique-en-tunisie\/204626\/","url":"https:\/\/www.webdo.tn\/fr\/actualite\/national\/l-algerie-veut-participer-au-dialogue-politique-en-tunisie\/204626\/","name":"L\u2019Alg\u00e9rie veut participer au \u00ab dialogue politique \u00bb en Tunisie !","isPartOf":{"@id":"https:\/\/www.webdo.tn\/fr\/#website"},"primaryImageOfPage":{"@id":"https:\/\/www.webdo.tn\/fr\/actualite\/national\/l-algerie-veut-participer-au-dialogue-politique-en-tunisie\/204626\/#primaryimage"},"image":{"@id":"https:\/\/www.webdo.tn\/fr\/actualite\/national\/l-algerie-veut-participer-au-dialogue-politique-en-tunisie\/204626\/#primaryimage"},"thumbnailUrl":"https:\/\/www.webdo.tn\/fr\/wp-content\/uploads\/2023\/04\/381cb1a84a76edc345d385861b7a390d.jpg","datePublished":"2023-04-06T21:02:00+00:00","dateModified":"2025-05-20T22:44:24+00:00","description":"Le pr\u00e9sident alg\u00e9rien, Abdelmadjid Tebboune s\u2019est encore une fois prononc\u00e9 sur les derniers rebondissements en Tunisie.","breadcrumb":{"@id":"https:\/\/www.webdo.tn\/fr\/actualite\/national\/l-algerie-veut-participer-au-dialogue-politique-en-tunisie\/204626\/#breadcrumb"},"inLanguage":"fr-FR","potentialAction":[{"@type":"ReadAction","target":["https:\/\/www.webdo.tn\/fr\/actualite\/national\/l-algerie-veut-participer-au-dialogue-politique-en-tunisie\/204626\/"]}]},{"@type":"ImageObject","inLanguage":"fr-FR","@id":"https:\/\/www.webdo.tn\/fr\/actualite\/national\/l-algerie-veut-participer-au-dialogue-politique-en-tunisie\/204626\/#primaryimage","url":"https:\/\/www.webdo.tn\/fr\/wp-content\/uploads\/2023\/04\/381cb1a84a76edc345d385861b7a390d.jpg","contentUrl":"https:\/\/www.webdo.tn\/fr\/wp-content\/uploads\/2023\/04\/381cb1a84a76edc345d385861b7a390d.jpg","width":750,"height":400,"caption":"Tebboune"},{"@type":"BreadcrumbList","@id":"https:\/\/www.webdo.tn\/fr\/actualite\/national\/l-algerie-veut-participer-au-dialogue-politique-en-tunisie\/204626\/#breadcrumb","itemListElement":[{"@type":"ListItem","position":1,"name":"Accueil","item":"https:\/\/www.webdo.tn\/fr\/"},{"@type":"ListItem","position":2,"name":"L\u2019Alg\u00e9rie veut participer au \u00ab dialogue politique \u00bb en Tunisie !"}]},{"@type":"WebSite","@id":"https:\/\/www.webdo.tn\/fr\/#website","url":"https:\/\/www.webdo.tn\/fr\/","name":"webdo","description":"Tunisie - News en Tunisie et \u00e0 l&#039;international sur Webdo.tn","publisher":{"@id":"https:\/\/www.webdo.tn\/fr\/#organization"},"potentialAction":[{"@type":"SearchAction","target":{"@type":"EntryPoint","urlTemplate":"https:\/\/www.webdo.tn\/fr\/?s={search_term_string}"},"query-input":{"@type":"PropertyValueSpecification","valueRequired":true,"valueName":"search_term_string"}}],"inLanguage":"fr-FR"},{"@type":"Organization","@id":"https:\/\/www.webdo.tn\/fr\/#organization","name":"Webdo","alternateName":"Webdo.tn","url":"https:\/\/www.webdo.tn\/fr\/","logo":{"@type":"ImageObject","inLanguage":"fr-FR","@id":"https:\/\/www.webdo.tn\/fr\/#\/schema\/logo\/image\/","url":"https:\/\/www.webdo.tn\/fr\/wp-content\/uploads\/2025\/06\/Webdo-Tunisie_168377.jpg","contentUrl":"https:\/\/www.webdo.tn\/fr\/wp-content\/uploads\/2025\/06\/Webdo-Tunisie_168377.jpg","width":301,"height":301,"caption":"Webdo"},"image":{"@id":"https:\/\/www.webdo.tn\/fr\/#\/schema\/logo\/image\/"},"sameAs":["https:\/\/www.facebook.com\/webdotn","https:\/\/x.com\/webdo_tn"],"description":"Webdo est un m\u00e9dia num\u00e9rique tunisien fond\u00e9 en 2010, sp\u00e9cialis\u00e9 dans l\u2019actualit\u00e9 nationale et internationale, l\u2019\u00e9conomie, la soci\u00e9t\u00e9 et les analyses politiques. Le site s\u2019adresse \u00e0 un large public francophone et couvre l\u2019information tunisienne en temps r\u00e9el.","email":"redac@webdo.tn","legalName":"YNJ SARL","foundingDate":"2010-09-06","numberOfEmployees":{"@type":"QuantitativeValue","minValue":"11","maxValue":"50"}},{"@type":"Person","@id":"https:\/\/www.webdo.tn\/fr\/#\/schema\/person\/f35b42a42c5e2511bbd282959d6385cc","name":"CL","image":{"@type":"ImageObject","inLanguage":"fr-FR","@id":"https:\/\/secure.gravatar.com\/avatar\/1447a49909b67aa657c488aec6512e1dd6143a480c1ecfee9b5b5cd74eb3b59e?s=96&d=mm&r=g","url":"https:\/\/secure.gravatar.com\/avatar\/1447a49909b67aa657c488aec6512e1dd6143a480c1ecfee9b5b5cd74eb3b59e?s=96&d=mm&r=g","contentUrl":"https:\/\/secure.gravatar.com\/avatar\/1447a49909b67aa657c488aec6512e1dd6143a480c1ecfee9b5b5cd74eb3b59e?s=96&d=mm&r=g","caption":"CL"},"url":"https:\/\/www.webdo.tn\/fr\/actualite\/author\/cl\/"}]}},"_links":{"self":[{"href":"https:\/\/www.webdo.tn\/fr\/wp-json\/wp\/v2\/posts\/204626","targetHints":{"allow":["GET"]}}],"collection":[{"href":"https:\/\/www.webdo.tn\/fr\/wp-json\/wp\/v2\/posts"}],"about":[{"href":"https:\/\/www.webdo.tn\/fr\/wp-json\/wp\/v2\/types\/post"}],"author":[{"embeddable":true,"href":"https:\/\/www.webdo.tn\/fr\/wp-json\/wp\/v2\/users\/3175"}],"replies":[{"embeddable":true,"href":"https:\/\/www.webdo.tn\/fr\/wp-json\/wp\/v2\/comments?post=204626"}],"version-history":[{"count":0,"href":"https:\/\/www.webdo.tn\/fr\/wp-json\/wp\/v2\/posts\/204626\/revisions"}],"wp:featuredmedia":[{"embeddable":true,"href":"https:\/\/www.webdo.tn\/fr\/wp-json\/wp\/v2\/media\/251513"}],"wp:attachment":[{"href":"https:\/\/www.webdo.tn\/fr\/wp-json\/wp\/v2\/media?parent=204626"}],"wp:term":[{"taxonomy":"category","embeddable":true,"href":"https:\/\/www.webdo.tn\/fr\/wp-json\/wp\/v2\/categories?post=204626"},{"taxonomy":"post_tag","embeddable":true,"href":"https:\/\/www.webdo.tn\/fr\/wp-json\/wp\/v2\/tags?post=204626"}],"curies":[{"name":"wp","href":"https:\/\/api.w.org\/{rel}","templated":true}]}}