{"id":204622,"date":"2023-04-06T19:49:00","date_gmt":"2023-04-06T19:49:00","guid":{"rendered":"https:\/\/www.webdo.tn\/fr\/blog\/accusations-de-racisme-la-tunisie-repond-a-l-onu\/204622\/"},"modified":"2025-05-20T22:44:23","modified_gmt":"2025-05-20T22:44:23","slug":"accusations-de-racisme-la-tunisie-repond-a-l-onu","status":"publish","type":"post","link":"https:\/\/www.webdo.tn\/fr\/actualite\/national\/accusations-de-racisme-la-tunisie-repond-a-l-onu\/204622\/","title":{"rendered":"Accusations de racisme : La Tunisie r\u00e9pond \u00e0 l\u2019ONU"},"content":{"rendered":"<p>Dans un communiqu\u00e9 rendu public ce jeudi 6 avril 2023, le minist\u00e8re des Affaires \u00e9trang\u00e8res a r\u00e9pondu au Comit\u00e9 des Nations unies pour l&rsquo;\u00e9limination de la discrimination raciale (CERD), au sujet des accusations de discours raciste.<\/p>\n<p>\t\t\t\t\t\t\t\t\tLe d\u00e9partement a rejet\u00e9 dans ce sens toute accusation de discours haineux ou raciste provenant des autorit\u00e9s tunisiennes.\u00a0<\/p>\n<p>La diplomatie tunisienne a \u00e9galement appel\u00e9 ledit comit\u00e9 \u00e0 v\u00e9rifier aupr\u00e8s des canaux officiels les diff\u00e9rentes informations avant de se prononcer sur ce sujet.\u00a0<\/p>\n<p>Alarm\u00e9 par les propos tenus par Kais Saied, \u00e0 l\u2019issue de la r\u00e9union du Conseil national de s\u00e9curit\u00e9, selon lesquels l\u2019arriv\u00e9e des \u00ab hordes de migrants clandestins \u00bb provenant de pays africains du Sud du Sahara participeraient \u00ab d\u2019un plan criminel de changer la composition du paysage d\u00e9mographique de la Tunisie \u00bb, le Comit\u00e9 des Nations unies pour l&rsquo;\u00e9limination de la discrimination raciale (CERD) a lanc\u00e9 un avertissement mardi 4 avril 2023 aux autorit\u00e9s tunisiennes pour faire cesser les \u00ab\u00a0discours de haine raciste\u00a0\u00bb en particulier envers les ressortissants d&rsquo;Afrique subsaharienne.<\/p>\n","protected":false},"excerpt":{"rendered":"<p>Dans un communiqu\u00e9 rendu public ce jeudi 6 avril 2023, le minist\u00e8re des Affaires \u00e9trang\u00e8res a r\u00e9pondu au Comit\u00e9 des Nations unies pour l&rsquo;\u00e9limination de la discr&#8230;<\/p>\n","protected":false},"author":3175,"featured_media":251511,"comment_status":"open","ping_status":"closed","sticky":false,"template":"","format":"standard","meta":{"footnotes":""},"categories":[44],"tags":[3296,2608],"class_list":["post-204622","post","type-post","status-publish","format-standard","has-post-thumbnail","hentry","category-national","tag-onu","tag-tunisie"],"yoast_head":"<!-- This site is optimized with the Yoast SEO Premium plugin v27.4 (Yoast SEO v27.4) - https:\/\/yoast.com\/product\/yoast-seo-premium-wordpress\/ -->\n<title>Accusations de racisme : La Tunisie r\u00e9pond \u00e0 l\u2019ONU<\/title>\n<meta name=\"description\" content=\"Dans un communiqu\u00e9 rendu public ce jeudi 6 avril 2023, le minist\u00e8re des Affaires \u00e9trang\u00e8res a r\u00e9pondu au Comit\u00e9 des Nations unies pour l&#039;\u00e9limination de la discr...\" \/>\n<link rel=\"canonical\" href=\"https:\/\/www.webdo.tn\/fr\/actualite\/national\/accusations-de-racisme-la-tunisie-repond-a-l-onu\/204622\/\" \/>\n<meta property=\"og:locale\" content=\"fr_FR\" \/>\n<meta property=\"og:type\" content=\"article\" \/>\n<meta property=\"og:title\" content=\"Accusations de racisme : La Tunisie r\u00e9pond \u00e0 l\u2019ONU\" \/>\n<meta property=\"og:description\" content=\"Dans un communiqu\u00e9 rendu public ce jeudi 6 avril 2023, le minist\u00e8re des Affaires \u00e9trang\u00e8res a r\u00e9pondu au Comit\u00e9 des Nations unies pour l&#039;\u00e9limination de la discr...\" \/>\n<meta property=\"og:url\" content=\"https:\/\/www.webdo.tn\/fr\/actualite\/national\/accusations-de-racisme-la-tunisie-repond-a-l-onu\/204622\/\" \/>\n<meta property=\"og:site_name\" content=\"webdo\" \/>\n<meta property=\"article:publisher\" content=\"https:\/\/www.facebook.com\/webdotn\" \/>\n<meta property=\"article:published_time\" content=\"2023-04-06T19:49:00+00:00\" \/>\n<meta property=\"article:modified_time\" content=\"2025-05-20T22:44:23+00:00\" \/>\n<meta property=\"og:image\" content=\"https:\/\/www.webdo.tn\/fr\/wp-content\/uploads\/2023\/04\/2d989eef761af0ddcd596d7fcffb15b9.jpg\" \/>\n\t<meta property=\"og:image:width\" content=\"673\" \/>\n\t<meta property=\"og:image:height\" content=\"359\" \/>\n\t<meta property=\"og:image:type\" content=\"image\/jpeg\" \/>\n<meta name=\"author\" content=\"CL\" \/>\n<meta name=\"twitter:card\" content=\"summary_large_image\" \/>\n<meta name=\"twitter:creator\" content=\"@webdo_tn\" \/>\n<meta name=\"twitter:site\" content=\"@webdo_tn\" \/>\n<meta name=\"twitter:label1\" content=\"\u00c9crit par\" \/>\n\t<meta name=\"twitter:data1\" content=\"CL\" \/>\n\t<meta name=\"twitter:label2\" content=\"Dur\u00e9e de lecture estim\u00e9e\" \/>\n\t<meta name=\"twitter:data2\" content=\"1 minute\" \/>\n<script type=\"application\/ld+json\" class=\"yoast-schema-graph\">{\"@context\":\"https:\\\/\\\/schema.org\",\"@graph\":[{\"@type\":\"NewsArticle\",\"@id\":\"https:\\\/\\\/www.webdo.tn\\\/fr\\\/actualite\\\/national\\\/accusations-de-racisme-la-tunisie-repond-a-l-onu\\\/204622\\\/#article\",\"isPartOf\":{\"@id\":\"https:\\\/\\\/www.webdo.tn\\\/fr\\\/actualite\\\/national\\\/accusations-de-racisme-la-tunisie-repond-a-l-onu\\\/204622\\\/\"},\"author\":{\"name\":\"CL\",\"@id\":\"https:\\\/\\\/www.webdo.tn\\\/fr\\\/#\\\/schema\\\/person\\\/f35b42a42c5e2511bbd282959d6385cc\"},\"headline\":\"Accusations de racisme : La Tunisie r\u00e9pond \u00e0 l\u2019ONU\",\"datePublished\":\"2023-04-06T19:49:00+00:00\",\"dateModified\":\"2025-05-20T22:44:23+00:00\",\"mainEntityOfPage\":{\"@id\":\"https:\\\/\\\/www.webdo.tn\\\/fr\\\/actualite\\\/national\\\/accusations-de-racisme-la-tunisie-repond-a-l-onu\\\/204622\\\/\"},\"wordCount\":186,\"commentCount\":0,\"publisher\":{\"@id\":\"https:\\\/\\\/www.webdo.tn\\\/fr\\\/#organization\"},\"image\":{\"@id\":\"https:\\\/\\\/www.webdo.tn\\\/fr\\\/actualite\\\/national\\\/accusations-de-racisme-la-tunisie-repond-a-l-onu\\\/204622\\\/#primaryimage\"},\"thumbnailUrl\":\"https:\\\/\\\/www.webdo.tn\\\/fr\\\/wp-content\\\/uploads\\\/2023\\\/04\\\/2d989eef761af0ddcd596d7fcffb15b9.jpg\",\"keywords\":[\"ONU\",\"Tunisie\"],\"articleSection\":[\"National\"],\"inLanguage\":\"fr-FR\"},{\"@type\":\"WebPage\",\"@id\":\"https:\\\/\\\/www.webdo.tn\\\/fr\\\/actualite\\\/national\\\/accusations-de-racisme-la-tunisie-repond-a-l-onu\\\/204622\\\/\",\"url\":\"https:\\\/\\\/www.webdo.tn\\\/fr\\\/actualite\\\/national\\\/accusations-de-racisme-la-tunisie-repond-a-l-onu\\\/204622\\\/\",\"name\":\"Accusations de racisme : La Tunisie r\u00e9pond \u00e0 l\u2019ONU\",\"isPartOf\":{\"@id\":\"https:\\\/\\\/www.webdo.tn\\\/fr\\\/#website\"},\"primaryImageOfPage\":{\"@id\":\"https:\\\/\\\/www.webdo.tn\\\/fr\\\/actualite\\\/national\\\/accusations-de-racisme-la-tunisie-repond-a-l-onu\\\/204622\\\/#primaryimage\"},\"image\":{\"@id\":\"https:\\\/\\\/www.webdo.tn\\\/fr\\\/actualite\\\/national\\\/accusations-de-racisme-la-tunisie-repond-a-l-onu\\\/204622\\\/#primaryimage\"},\"thumbnailUrl\":\"https:\\\/\\\/www.webdo.tn\\\/fr\\\/wp-content\\\/uploads\\\/2023\\\/04\\\/2d989eef761af0ddcd596d7fcffb15b9.jpg\",\"datePublished\":\"2023-04-06T19:49:00+00:00\",\"dateModified\":\"2025-05-20T22:44:23+00:00\",\"description\":\"Dans un communiqu\u00e9 rendu public ce jeudi 6 avril 2023, le minist\u00e8re des Affaires \u00e9trang\u00e8res a r\u00e9pondu au Comit\u00e9 des Nations unies pour l'\u00e9limination de la discr...\",\"breadcrumb\":{\"@id\":\"https:\\\/\\\/www.webdo.tn\\\/fr\\\/actualite\\\/national\\\/accusations-de-racisme-la-tunisie-repond-a-l-onu\\\/204622\\\/#breadcrumb\"},\"inLanguage\":\"fr-FR\",\"potentialAction\":[{\"@type\":\"ReadAction\",\"target\":[\"https:\\\/\\\/www.webdo.tn\\\/fr\\\/actualite\\\/national\\\/accusations-de-racisme-la-tunisie-repond-a-l-onu\\\/204622\\\/\"]}]},{\"@type\":\"ImageObject\",\"inLanguage\":\"fr-FR\",\"@id\":\"https:\\\/\\\/www.webdo.tn\\\/fr\\\/actualite\\\/national\\\/accusations-de-racisme-la-tunisie-repond-a-l-onu\\\/204622\\\/#primaryimage\",\"url\":\"https:\\\/\\\/www.webdo.tn\\\/fr\\\/wp-content\\\/uploads\\\/2023\\\/04\\\/2d989eef761af0ddcd596d7fcffb15b9.jpg\",\"contentUrl\":\"https:\\\/\\\/www.webdo.tn\\\/fr\\\/wp-content\\\/uploads\\\/2023\\\/04\\\/2d989eef761af0ddcd596d7fcffb15b9.jpg\",\"width\":673,\"height\":359,\"caption\":\"MAE\"},{\"@type\":\"BreadcrumbList\",\"@id\":\"https:\\\/\\\/www.webdo.tn\\\/fr\\\/actualite\\\/national\\\/accusations-de-racisme-la-tunisie-repond-a-l-onu\\\/204622\\\/#breadcrumb\",\"itemListElement\":[{\"@type\":\"ListItem\",\"position\":1,\"name\":\"Accueil\",\"item\":\"https:\\\/\\\/www.webdo.tn\\\/fr\\\/\"},{\"@type\":\"ListItem\",\"position\":2,\"name\":\"Accusations de racisme : La Tunisie r\u00e9pond \u00e0 l\u2019ONU\"}]},{\"@type\":\"WebSite\",\"@id\":\"https:\\\/\\\/www.webdo.tn\\\/fr\\\/#website\",\"url\":\"https:\\\/\\\/www.webdo.tn\\\/fr\\\/\",\"name\":\"webdo\",\"description\":\"Tunisie - News en Tunisie et \u00e0 l&#039;international sur Webdo.tn\",\"publisher\":{\"@id\":\"https:\\\/\\\/www.webdo.tn\\\/fr\\\/#organization\"},\"potentialAction\":[{\"@type\":\"SearchAction\",\"target\":{\"@type\":\"EntryPoint\",\"urlTemplate\":\"https:\\\/\\\/www.webdo.tn\\\/fr\\\/?s={search_term_string}\"},\"query-input\":{\"@type\":\"PropertyValueSpecification\",\"valueRequired\":true,\"valueName\":\"search_term_string\"}}],\"inLanguage\":\"fr-FR\"},{\"@type\":\"Organization\",\"@id\":\"https:\\\/\\\/www.webdo.tn\\\/fr\\\/#organization\",\"name\":\"Webdo\",\"alternateName\":\"Webdo.tn\",\"url\":\"https:\\\/\\\/www.webdo.tn\\\/fr\\\/\",\"logo\":{\"@type\":\"ImageObject\",\"inLanguage\":\"fr-FR\",\"@id\":\"https:\\\/\\\/www.webdo.tn\\\/fr\\\/#\\\/schema\\\/logo\\\/image\\\/\",\"url\":\"https:\\\/\\\/www.webdo.tn\\\/fr\\\/wp-content\\\/uploads\\\/2025\\\/06\\\/Webdo-Tunisie_168377.jpg\",\"contentUrl\":\"https:\\\/\\\/www.webdo.tn\\\/fr\\\/wp-content\\\/uploads\\\/2025\\\/06\\\/Webdo-Tunisie_168377.jpg\",\"width\":301,\"height\":301,\"caption\":\"Webdo\"},\"image\":{\"@id\":\"https:\\\/\\\/www.webdo.tn\\\/fr\\\/#\\\/schema\\\/logo\\\/image\\\/\"},\"sameAs\":[\"https:\\\/\\\/www.facebook.com\\\/webdotn\",\"https:\\\/\\\/x.com\\\/webdo_tn\"],\"description\":\"Webdo est un m\u00e9dia num\u00e9rique tunisien fond\u00e9 en 2010, sp\u00e9cialis\u00e9 dans l\u2019actualit\u00e9 nationale et internationale, l\u2019\u00e9conomie, la soci\u00e9t\u00e9 et les analyses politiques. Le site s\u2019adresse \u00e0 un large public francophone et couvre l\u2019information tunisienne en temps r\u00e9el.\",\"email\":\"redac@webdo.tn\",\"legalName\":\"YNJ SARL\",\"foundingDate\":\"2010-09-06\",\"numberOfEmployees\":{\"@type\":\"QuantitativeValue\",\"minValue\":\"11\",\"maxValue\":\"50\"}},{\"@type\":\"Person\",\"@id\":\"https:\\\/\\\/www.webdo.tn\\\/fr\\\/#\\\/schema\\\/person\\\/f35b42a42c5e2511bbd282959d6385cc\",\"name\":\"CL\",\"image\":{\"@type\":\"ImageObject\",\"inLanguage\":\"fr-FR\",\"@id\":\"https:\\\/\\\/secure.gravatar.com\\\/avatar\\\/1447a49909b67aa657c488aec6512e1dd6143a480c1ecfee9b5b5cd74eb3b59e?s=96&d=mm&r=g\",\"url\":\"https:\\\/\\\/secure.gravatar.com\\\/avatar\\\/1447a49909b67aa657c488aec6512e1dd6143a480c1ecfee9b5b5cd74eb3b59e?s=96&d=mm&r=g\",\"contentUrl\":\"https:\\\/\\\/secure.gravatar.com\\\/avatar\\\/1447a49909b67aa657c488aec6512e1dd6143a480c1ecfee9b5b5cd74eb3b59e?s=96&d=mm&r=g\",\"caption\":\"CL\"},\"url\":\"https:\\\/\\\/www.webdo.tn\\\/fr\\\/actualite\\\/author\\\/cl\\\/\"}]}<\/script>\n<!-- \/ Yoast SEO Premium plugin. -->","yoast_head_json":{"title":"Accusations de racisme : La Tunisie r\u00e9pond \u00e0 l\u2019ONU","description":"Dans un communiqu\u00e9 rendu public ce jeudi 6 avril 2023, le minist\u00e8re des Affaires \u00e9trang\u00e8res a r\u00e9pondu au Comit\u00e9 des Nations unies pour l'\u00e9limination de la discr...","canonical":"https:\/\/www.webdo.tn\/fr\/actualite\/national\/accusations-de-racisme-la-tunisie-repond-a-l-onu\/204622\/","og_locale":"fr_FR","og_type":"article","og_title":"Accusations de racisme : La Tunisie r\u00e9pond \u00e0 l\u2019ONU","og_description":"Dans un communiqu\u00e9 rendu public ce jeudi 6 avril 2023, le minist\u00e8re des Affaires \u00e9trang\u00e8res a r\u00e9pondu au Comit\u00e9 des Nations unies pour l'\u00e9limination de la discr...","og_url":"https:\/\/www.webdo.tn\/fr\/actualite\/national\/accusations-de-racisme-la-tunisie-repond-a-l-onu\/204622\/","og_site_name":"webdo","article_publisher":"https:\/\/www.facebook.com\/webdotn","article_published_time":"2023-04-06T19:49:00+00:00","article_modified_time":"2025-05-20T22:44:23+00:00","og_image":[{"width":673,"height":359,"url":"https:\/\/www.webdo.tn\/fr\/wp-content\/uploads\/2023\/04\/2d989eef761af0ddcd596d7fcffb15b9.jpg","type":"image\/jpeg"}],"author":"CL","twitter_card":"summary_large_image","twitter_creator":"@webdo_tn","twitter_site":"@webdo_tn","twitter_misc":{"\u00c9crit par":"CL","Dur\u00e9e de lecture estim\u00e9e":"1 minute"},"schema":{"@context":"https:\/\/schema.org","@graph":[{"@type":"NewsArticle","@id":"https:\/\/www.webdo.tn\/fr\/actualite\/national\/accusations-de-racisme-la-tunisie-repond-a-l-onu\/204622\/#article","isPartOf":{"@id":"https:\/\/www.webdo.tn\/fr\/actualite\/national\/accusations-de-racisme-la-tunisie-repond-a-l-onu\/204622\/"},"author":{"name":"CL","@id":"https:\/\/www.webdo.tn\/fr\/#\/schema\/person\/f35b42a42c5e2511bbd282959d6385cc"},"headline":"Accusations de racisme : La Tunisie r\u00e9pond \u00e0 l\u2019ONU","datePublished":"2023-04-06T19:49:00+00:00","dateModified":"2025-05-20T22:44:23+00:00","mainEntityOfPage":{"@id":"https:\/\/www.webdo.tn\/fr\/actualite\/national\/accusations-de-racisme-la-tunisie-repond-a-l-onu\/204622\/"},"wordCount":186,"commentCount":0,"publisher":{"@id":"https:\/\/www.webdo.tn\/fr\/#organization"},"image":{"@id":"https:\/\/www.webdo.tn\/fr\/actualite\/national\/accusations-de-racisme-la-tunisie-repond-a-l-onu\/204622\/#primaryimage"},"thumbnailUrl":"https:\/\/www.webdo.tn\/fr\/wp-content\/uploads\/2023\/04\/2d989eef761af0ddcd596d7fcffb15b9.jpg","keywords":["ONU","Tunisie"],"articleSection":["National"],"inLanguage":"fr-FR"},{"@type":"WebPage","@id":"https:\/\/www.webdo.tn\/fr\/actualite\/national\/accusations-de-racisme-la-tunisie-repond-a-l-onu\/204622\/","url":"https:\/\/www.webdo.tn\/fr\/actualite\/national\/accusations-de-racisme-la-tunisie-repond-a-l-onu\/204622\/","name":"Accusations de racisme : La Tunisie r\u00e9pond \u00e0 l\u2019ONU","isPartOf":{"@id":"https:\/\/www.webdo.tn\/fr\/#website"},"primaryImageOfPage":{"@id":"https:\/\/www.webdo.tn\/fr\/actualite\/national\/accusations-de-racisme-la-tunisie-repond-a-l-onu\/204622\/#primaryimage"},"image":{"@id":"https:\/\/www.webdo.tn\/fr\/actualite\/national\/accusations-de-racisme-la-tunisie-repond-a-l-onu\/204622\/#primaryimage"},"thumbnailUrl":"https:\/\/www.webdo.tn\/fr\/wp-content\/uploads\/2023\/04\/2d989eef761af0ddcd596d7fcffb15b9.jpg","datePublished":"2023-04-06T19:49:00+00:00","dateModified":"2025-05-20T22:44:23+00:00","description":"Dans un communiqu\u00e9 rendu public ce jeudi 6 avril 2023, le minist\u00e8re des Affaires \u00e9trang\u00e8res a r\u00e9pondu au Comit\u00e9 des Nations unies pour l'\u00e9limination de la discr...","breadcrumb":{"@id":"https:\/\/www.webdo.tn\/fr\/actualite\/national\/accusations-de-racisme-la-tunisie-repond-a-l-onu\/204622\/#breadcrumb"},"inLanguage":"fr-FR","potentialAction":[{"@type":"ReadAction","target":["https:\/\/www.webdo.tn\/fr\/actualite\/national\/accusations-de-racisme-la-tunisie-repond-a-l-onu\/204622\/"]}]},{"@type":"ImageObject","inLanguage":"fr-FR","@id":"https:\/\/www.webdo.tn\/fr\/actualite\/national\/accusations-de-racisme-la-tunisie-repond-a-l-onu\/204622\/#primaryimage","url":"https:\/\/www.webdo.tn\/fr\/wp-content\/uploads\/2023\/04\/2d989eef761af0ddcd596d7fcffb15b9.jpg","contentUrl":"https:\/\/www.webdo.tn\/fr\/wp-content\/uploads\/2023\/04\/2d989eef761af0ddcd596d7fcffb15b9.jpg","width":673,"height":359,"caption":"MAE"},{"@type":"BreadcrumbList","@id":"https:\/\/www.webdo.tn\/fr\/actualite\/national\/accusations-de-racisme-la-tunisie-repond-a-l-onu\/204622\/#breadcrumb","itemListElement":[{"@type":"ListItem","position":1,"name":"Accueil","item":"https:\/\/www.webdo.tn\/fr\/"},{"@type":"ListItem","position":2,"name":"Accusations de racisme : La Tunisie r\u00e9pond \u00e0 l\u2019ONU"}]},{"@type":"WebSite","@id":"https:\/\/www.webdo.tn\/fr\/#website","url":"https:\/\/www.webdo.tn\/fr\/","name":"webdo","description":"Tunisie - News en Tunisie et \u00e0 l&#039;international sur Webdo.tn","publisher":{"@id":"https:\/\/www.webdo.tn\/fr\/#organization"},"potentialAction":[{"@type":"SearchAction","target":{"@type":"EntryPoint","urlTemplate":"https:\/\/www.webdo.tn\/fr\/?s={search_term_string}"},"query-input":{"@type":"PropertyValueSpecification","valueRequired":true,"valueName":"search_term_string"}}],"inLanguage":"fr-FR"},{"@type":"Organization","@id":"https:\/\/www.webdo.tn\/fr\/#organization","name":"Webdo","alternateName":"Webdo.tn","url":"https:\/\/www.webdo.tn\/fr\/","logo":{"@type":"ImageObject","inLanguage":"fr-FR","@id":"https:\/\/www.webdo.tn\/fr\/#\/schema\/logo\/image\/","url":"https:\/\/www.webdo.tn\/fr\/wp-content\/uploads\/2025\/06\/Webdo-Tunisie_168377.jpg","contentUrl":"https:\/\/www.webdo.tn\/fr\/wp-content\/uploads\/2025\/06\/Webdo-Tunisie_168377.jpg","width":301,"height":301,"caption":"Webdo"},"image":{"@id":"https:\/\/www.webdo.tn\/fr\/#\/schema\/logo\/image\/"},"sameAs":["https:\/\/www.facebook.com\/webdotn","https:\/\/x.com\/webdo_tn"],"description":"Webdo est un m\u00e9dia num\u00e9rique tunisien fond\u00e9 en 2010, sp\u00e9cialis\u00e9 dans l\u2019actualit\u00e9 nationale et internationale, l\u2019\u00e9conomie, la soci\u00e9t\u00e9 et les analyses politiques. Le site s\u2019adresse \u00e0 un large public francophone et couvre l\u2019information tunisienne en temps r\u00e9el.","email":"redac@webdo.tn","legalName":"YNJ SARL","foundingDate":"2010-09-06","numberOfEmployees":{"@type":"QuantitativeValue","minValue":"11","maxValue":"50"}},{"@type":"Person","@id":"https:\/\/www.webdo.tn\/fr\/#\/schema\/person\/f35b42a42c5e2511bbd282959d6385cc","name":"CL","image":{"@type":"ImageObject","inLanguage":"fr-FR","@id":"https:\/\/secure.gravatar.com\/avatar\/1447a49909b67aa657c488aec6512e1dd6143a480c1ecfee9b5b5cd74eb3b59e?s=96&d=mm&r=g","url":"https:\/\/secure.gravatar.com\/avatar\/1447a49909b67aa657c488aec6512e1dd6143a480c1ecfee9b5b5cd74eb3b59e?s=96&d=mm&r=g","contentUrl":"https:\/\/secure.gravatar.com\/avatar\/1447a49909b67aa657c488aec6512e1dd6143a480c1ecfee9b5b5cd74eb3b59e?s=96&d=mm&r=g","caption":"CL"},"url":"https:\/\/www.webdo.tn\/fr\/actualite\/author\/cl\/"}]}},"_links":{"self":[{"href":"https:\/\/www.webdo.tn\/fr\/wp-json\/wp\/v2\/posts\/204622","targetHints":{"allow":["GET"]}}],"collection":[{"href":"https:\/\/www.webdo.tn\/fr\/wp-json\/wp\/v2\/posts"}],"about":[{"href":"https:\/\/www.webdo.tn\/fr\/wp-json\/wp\/v2\/types\/post"}],"author":[{"embeddable":true,"href":"https:\/\/www.webdo.tn\/fr\/wp-json\/wp\/v2\/users\/3175"}],"replies":[{"embeddable":true,"href":"https:\/\/www.webdo.tn\/fr\/wp-json\/wp\/v2\/comments?post=204622"}],"version-history":[{"count":0,"href":"https:\/\/www.webdo.tn\/fr\/wp-json\/wp\/v2\/posts\/204622\/revisions"}],"wp:featuredmedia":[{"embeddable":true,"href":"https:\/\/www.webdo.tn\/fr\/wp-json\/wp\/v2\/media\/251511"}],"wp:attachment":[{"href":"https:\/\/www.webdo.tn\/fr\/wp-json\/wp\/v2\/media?parent=204622"}],"wp:term":[{"taxonomy":"category","embeddable":true,"href":"https:\/\/www.webdo.tn\/fr\/wp-json\/wp\/v2\/categories?post=204622"},{"taxonomy":"post_tag","embeddable":true,"href":"https:\/\/www.webdo.tn\/fr\/wp-json\/wp\/v2\/tags?post=204622"}],"curies":[{"name":"wp","href":"https:\/\/api.w.org\/{rel}","templated":true}]}}