{"id":204608,"date":"2023-04-06T12:02:00","date_gmt":"2023-04-06T12:02:00","guid":{"rendered":"https:\/\/www.webdo.tn\/fr\/blog\/jeanne-du-barry-le-film-de-maiwenn-avec-johnny-depp-va-ouvrir-le-festival-de-cannes-2023\/204608\/"},"modified":"2025-05-21T08:56:47","modified_gmt":"2025-05-21T08:56:47","slug":"jeanne-du-barry-le-film-de-maiwenn-avec-johnny-depp-va-ouvrir-le-festival-de-cannes-2023","status":"publish","type":"post","link":"https:\/\/www.webdo.tn\/fr\/actualite\/culture\/jeanne-du-barry-le-film-de-maiwenn-avec-johnny-depp-va-ouvrir-le-festival-de-cannes-2023\/204608\/","title":{"rendered":"Jeanne du Barry : le film de Ma\u00efwenn avec Johnny Depp va ouvrir le Festival de Cannes 2023"},"content":{"rendered":"<div class=\"single-body entry-content typography-copy\" itemprop=\"articleBody\">\n<p style=\"font-weight: bold; text-align: justify\">\n\t\t\t\t\t\t\t\t\tLe film \u00ab Jeanne du Barry \u00bb, r\u00e9alis\u00e9 par Ma\u00efwenn, avec elle-m\u00eame et Johnny Depp dans les r\u00f4les principaux, fera l\u2019ouverture du 76e Festival de Cannes le mardi 16 mai 2023. Cette avant-premi\u00e8re mondiale sera projet\u00e9e sur l\u2019\u00e9cran du Grand Th\u00e9\u00e2tre Lumi\u00e8re, apr\u00e8s la c\u00e9r\u00e9monie d\u2019ouverture retransmise en direct sur France T\u00e9l\u00e9visions et Brut. Le film sortira le m\u00eame jour dans les salles fran\u00e7aises.\n\t\t\t\t\t\t\t\t<\/p>\n<div class=\"coprs\" style=\"text-align: center\"><\/div>\n<div class=\"coprs\" style=\"text-align: justify\">\n<p>\n<span><span><em>Jeanne du Barry<\/em>, sixi\u00e8me long m\u00e9trage de Ma\u00efwenn, raconte la vie de Jeanne Vaubernier, une fille du peuple qui cherche \u00e0 s\u2019\u00e9lever socialement et qui utilise ses charmes pour sortir de sa condition. Lorsque son amant, le comte Du Barry, d\u00e9cide de la pr\u00e9senter au Roi, Jeanne ne s\u2019attend pas \u00e0 ce que Louis XV tombe imm\u00e9diatement amoureux d\u2019elle. Avec le temps, le Roi ne peut plus se passer de sa courtisane et d\u00e9cide d\u2019en faire sa favorite officielle, provoquant un scandale \u00e0 la Cour.<\/span><\/span><\/p>\n<p><span><span>Ma\u00efwenn est une r\u00e9alisatrice, sc\u00e9nariste, actrice et productrice franco-alg\u00e9rienne. Elle a remport\u00e9 le Prix du Jury du Festival de Cannes en 2011 pour son film <em>Polisse<\/em>, ainsi que le Prix d\u2019interpr\u00e9tation f\u00e9minine pour Emmanuelle Bercot dans son magnifique film <em>Mon Roi<\/em> en 2015. Elle est \u00e9galement membre du collectif 50\/50, qui vise \u00e0 promouvoir l\u2019\u00e9galit\u00e9 des femmes et des hommes dans le cin\u00e9ma et l\u2019audiovisuel.<\/span><\/span><\/p>\n<p><span><span>Johnny Depp incarne le souverain fran\u00e7ais dans ce film et donne la r\u00e9plique \u00e0 des acteurs fran\u00e7ais tels que Pierre Richard, Benjamin Lavernhe et India Hair. Il jouera pour la premi\u00e8re fois en fran\u00e7ais. Une contrainte que Ma\u00efwenn explique avoir int\u00e9gr\u00e9e dans sa mise en sc\u00e8ne : \u00ab\u00a0<em>Mon film n\u2019est pas tr\u00e8s bavard et il n\u2019avait donc pas des tartines de textes \u00e0 dire. Ce qui m\u2019a le plus impressionn\u00e9e, c\u2019est son expressivit\u00e9 : dans les sc\u00e8nes sans dialogues, son visage laissait passer beaucoup d\u2019\u00e9motions<\/em>.\u00a0\u00bb a-t-elle d\u00e9clar\u00e9 au<a href=\"https:\/\/www.lejdd.fr\/Culture\/exclusif-maiwenn-sur-le-tournage-de-son-film-sur-jeanne-dubarry-ma-mise-en-scene-nest-ni-pop-ni-rock-4157619#\"> Journal du Dimanche lors d\u2019une interview<\/a>.<\/span><\/span><\/p>\n<p><span><span><em>Jeanne du Barry<\/em> marque le grand retour de Johnny Depp \u00e0 l\u2019\u00e9cran apr\u00e8s un feuilleton judiciaire tr\u00e8s m\u00e9diatis\u00e9 qui l\u2019a oppos\u00e9 \u00e0 son ancienne \u00e9pouse, Amber Heard.<\/span><\/span><\/p>\n<p>\u00a0<\/p>\n<p><img decoding=\"async\" alt=\"\" height=\"581\" src=\"\/assets\/uploads\/images\/\/Neila\/affiche%20Jeanne%20-%20Grande.jpeg\" width=\"872\"><\/p>\n<p>\u00a0<\/p>\n<p><span><span>La c\u00e9r\u00e9monie d\u2019ouverture du Festival de Cannes sera retransmise en direct sur France T\u00e9l\u00e9visions et Brut. La traditionnelle \u00ab Op\u00e9ration Ouverture \u00bb dans les salles de cin\u00e9ma de France (c\u00e9r\u00e9monie et film) sera \u00e9galement reconduite le m\u00eame soir avec le soutien de la F\u00e9d\u00e9ration Nationale des Cin\u00e9mas Fran\u00e7ais et en partenariat avec France T\u00e9l\u00e9visions et Brut.<\/p>\n<p>En Tunisie, la c\u00e9r\u00e9monie d&rsquo;ouverture, avec mont\u00e9e des marches, sera \u00e9galement retransmise en direct au cin\u00e9ma L&rsquo;Agora \u00e0 La Marsa, comme c&rsquo;est la tradition depuis quelques ann\u00e9es.\u00a0<\/p>\n<p>Le 76e Festival de Cannes se d\u00e9roulera du 16 au 27 mai 2023. Cette \u00e9dition verra \u00e9galement la projection en avant-premi\u00e8re mondiale d&rsquo;<em><a href=\"https:\/\/www.webdo.tn\/fr\/actualite\/culture\/cannes-2023-avant-premiere-mondiale-de-indiana-jones-et-le-cadran-de-la-destinee\/204518\">Indiana Jones et le cadran de la destin\u00e9e<\/a> <\/em>r\u00e9alis\u00e9 par James Mangold, avec Harrison Ford et de <a href=\"https:\/\/www.webdo.tn\/fr\/actualite\/culture\/cannes-2023-avant-premiere-mondiale-de-killers-of-the-flower-moon-de-martin-scorsese\/204454\"><em>Killers of the Flower Moon<\/em><\/a>, le dernier film de Martin Scorsese, avec dans les r\u00f4les principaux L\u00e9onardo DiCaprio et Robert de Niro. <\/span><\/span><\/p>\n<p><span><span>La S\u00e9lection officielle sera d\u00e9voil\u00e9e le 13 avril 2023.<\/span><\/span><\/p>\n<p><span><span><strong>Ne\u00efla Driss<\/strong><\/span><\/span><\/p>\n<p>\u00a0<\/p>\n<\/p><\/div>\n<div class=\"coprs\" style=\"text-align: center\"><\/div><\/div>\n","protected":false},"excerpt":{"rendered":"<p>Le film \u00ab Jeanne du Barry \u00bb, r\u00e9alis\u00e9 par Ma\u00efwenn, avec elle-m\u00eame et Johnny Depp dans les r\u00f4les principaux, fera l\u2019ouverture du 76e Festival de Cannes le mardi 1&#8230;<\/p>\n","protected":false},"author":3164,"featured_media":251504,"comment_status":"open","ping_status":"closed","sticky":false,"template":"","format":"standard","meta":{"footnotes":""},"categories":[2594],"tags":[3460,7127,8587,2626,2627,2655],"class_list":["post-204608","post","type-post","status-publish","format-standard","has-post-thumbnail","hentry","category-culture","tag-cannes","tag-cannes-2023","tag-ceremonie-douverture","tag-cinema","tag-festival-de-cannes","tag-film"],"yoast_head":"<!-- This site is optimized with the Yoast SEO Premium plugin v27.4 (Yoast SEO v27.4) - https:\/\/yoast.com\/product\/yoast-seo-premium-wordpress\/ -->\n<title>Jeanne du Barry : le film de Ma\u00efwenn avec Johnny Depp va ouvrir le Festival de Cannes 2023<\/title>\n<meta name=\"description\" content=\"Le film \u00ab Jeanne du Barry \u00bb, r\u00e9alis\u00e9 par Ma\u00efwenn, avec elle-m\u00eame et Johnny Depp dans les r\u00f4les principaux, fera l\u2019ouverture du 76e Festival de Cannes le mardi 1...\" \/>\n<link rel=\"canonical\" href=\"https:\/\/www.webdo.tn\/fr\/actualite\/culture\/jeanne-du-barry-le-film-de-maiwenn-avec-johnny-depp-va-ouvrir-le-festival-de-cannes-2023\/204608\/\" \/>\n<meta property=\"og:locale\" content=\"fr_FR\" \/>\n<meta property=\"og:type\" content=\"article\" \/>\n<meta property=\"og:title\" content=\"Jeanne du Barry : le film de Ma\u00efwenn avec Johnny Depp va ouvrir le Festival de Cannes 2023\" \/>\n<meta property=\"og:description\" content=\"Le film \u00ab Jeanne du Barry \u00bb, r\u00e9alis\u00e9 par Ma\u00efwenn, avec elle-m\u00eame et Johnny Depp dans les r\u00f4les principaux, fera l\u2019ouverture du 76e Festival de Cannes le mardi 1...\" \/>\n<meta property=\"og:url\" content=\"https:\/\/www.webdo.tn\/fr\/actualite\/culture\/jeanne-du-barry-le-film-de-maiwenn-avec-johnny-depp-va-ouvrir-le-festival-de-cannes-2023\/204608\/\" \/>\n<meta property=\"og:site_name\" content=\"webdo\" \/>\n<meta property=\"article:publisher\" content=\"https:\/\/www.facebook.com\/webdotn\" \/>\n<meta property=\"article:author\" content=\"https:\/\/www.facebook.com\/massir.destiniii\/\" \/>\n<meta property=\"article:published_time\" content=\"2023-04-06T12:02:00+00:00\" \/>\n<meta property=\"article:modified_time\" content=\"2025-05-21T08:56:47+00:00\" \/>\n<meta property=\"og:image\" content=\"https:\/\/www.webdo.tn\/fr\/wp-content\/uploads\/2023\/04\/a7d6854ac9edd431ee277b76a6398144.jpeg\" \/>\n\t<meta property=\"og:image:width\" content=\"750\" \/>\n\t<meta property=\"og:image:height\" content=\"400\" \/>\n\t<meta property=\"og:image:type\" content=\"image\/jpeg\" \/>\n<meta name=\"author\" content=\"Ne\u00efla DRISS\" \/>\n<meta name=\"twitter:card\" content=\"summary_large_image\" \/>\n<meta name=\"twitter:creator\" content=\"@https:\/\/x.com\/MassirDestin\" \/>\n<meta name=\"twitter:site\" content=\"@webdo_tn\" \/>\n<meta name=\"twitter:label1\" content=\"\u00c9crit par\" \/>\n\t<meta name=\"twitter:data1\" content=\"Ne\u00efla DRISS\" \/>\n\t<meta name=\"twitter:label2\" content=\"Dur\u00e9e de lecture estim\u00e9e\" \/>\n\t<meta name=\"twitter:data2\" content=\"3 minutes\" \/>\n<script type=\"application\/ld+json\" class=\"yoast-schema-graph\">{\"@context\":\"https:\\\/\\\/schema.org\",\"@graph\":[{\"@type\":\"NewsArticle\",\"@id\":\"https:\\\/\\\/www.webdo.tn\\\/fr\\\/actualite\\\/culture\\\/jeanne-du-barry-le-film-de-maiwenn-avec-johnny-depp-va-ouvrir-le-festival-de-cannes-2023\\\/204608\\\/#article\",\"isPartOf\":{\"@id\":\"https:\\\/\\\/www.webdo.tn\\\/fr\\\/actualite\\\/culture\\\/jeanne-du-barry-le-film-de-maiwenn-avec-johnny-depp-va-ouvrir-le-festival-de-cannes-2023\\\/204608\\\/\"},\"author\":{\"name\":\"Ne\u00efla DRISS\",\"@id\":\"https:\\\/\\\/www.webdo.tn\\\/fr\\\/#\\\/schema\\\/person\\\/60d5ba619ed3f58783b0dc82b7dada80\"},\"headline\":\"Jeanne du Barry : le film de Ma\u00efwenn avec Johnny Depp va ouvrir le Festival de Cannes 2023\",\"datePublished\":\"2023-04-06T12:02:00+00:00\",\"dateModified\":\"2025-05-21T08:56:47+00:00\",\"mainEntityOfPage\":{\"@id\":\"https:\\\/\\\/www.webdo.tn\\\/fr\\\/actualite\\\/culture\\\/jeanne-du-barry-le-film-de-maiwenn-avec-johnny-depp-va-ouvrir-le-festival-de-cannes-2023\\\/204608\\\/\"},\"wordCount\":580,\"commentCount\":0,\"publisher\":{\"@id\":\"https:\\\/\\\/www.webdo.tn\\\/fr\\\/#organization\"},\"image\":{\"@id\":\"https:\\\/\\\/www.webdo.tn\\\/fr\\\/actualite\\\/culture\\\/jeanne-du-barry-le-film-de-maiwenn-avec-johnny-depp-va-ouvrir-le-festival-de-cannes-2023\\\/204608\\\/#primaryimage\"},\"thumbnailUrl\":\"https:\\\/\\\/www.webdo.tn\\\/fr\\\/wp-content\\\/uploads\\\/2023\\\/04\\\/a7d6854ac9edd431ee277b76a6398144.jpeg\",\"keywords\":[\"cannes\",\"Cannes 2023\",\"c\u00e9r\u00e9monie d'ouverture\",\"Cin\u00e9ma\",\"Festival de Cannes\",\"Film\"],\"articleSection\":[\"Culture\"],\"inLanguage\":\"fr-FR\"},{\"@type\":\"WebPage\",\"@id\":\"https:\\\/\\\/www.webdo.tn\\\/fr\\\/actualite\\\/culture\\\/jeanne-du-barry-le-film-de-maiwenn-avec-johnny-depp-va-ouvrir-le-festival-de-cannes-2023\\\/204608\\\/\",\"url\":\"https:\\\/\\\/www.webdo.tn\\\/fr\\\/actualite\\\/culture\\\/jeanne-du-barry-le-film-de-maiwenn-avec-johnny-depp-va-ouvrir-le-festival-de-cannes-2023\\\/204608\\\/\",\"name\":\"Jeanne du Barry : le film de Ma\u00efwenn avec Johnny Depp va ouvrir le Festival de Cannes 2023\",\"isPartOf\":{\"@id\":\"https:\\\/\\\/www.webdo.tn\\\/fr\\\/#website\"},\"primaryImageOfPage\":{\"@id\":\"https:\\\/\\\/www.webdo.tn\\\/fr\\\/actualite\\\/culture\\\/jeanne-du-barry-le-film-de-maiwenn-avec-johnny-depp-va-ouvrir-le-festival-de-cannes-2023\\\/204608\\\/#primaryimage\"},\"image\":{\"@id\":\"https:\\\/\\\/www.webdo.tn\\\/fr\\\/actualite\\\/culture\\\/jeanne-du-barry-le-film-de-maiwenn-avec-johnny-depp-va-ouvrir-le-festival-de-cannes-2023\\\/204608\\\/#primaryimage\"},\"thumbnailUrl\":\"https:\\\/\\\/www.webdo.tn\\\/fr\\\/wp-content\\\/uploads\\\/2023\\\/04\\\/a7d6854ac9edd431ee277b76a6398144.jpeg\",\"datePublished\":\"2023-04-06T12:02:00+00:00\",\"dateModified\":\"2025-05-21T08:56:47+00:00\",\"description\":\"Le film \u00ab Jeanne du Barry \u00bb, r\u00e9alis\u00e9 par Ma\u00efwenn, avec elle-m\u00eame et Johnny Depp dans les r\u00f4les principaux, fera l\u2019ouverture du 76e Festival de Cannes le mardi 1...\",\"breadcrumb\":{\"@id\":\"https:\\\/\\\/www.webdo.tn\\\/fr\\\/actualite\\\/culture\\\/jeanne-du-barry-le-film-de-maiwenn-avec-johnny-depp-va-ouvrir-le-festival-de-cannes-2023\\\/204608\\\/#breadcrumb\"},\"inLanguage\":\"fr-FR\",\"potentialAction\":[{\"@type\":\"ReadAction\",\"target\":[\"https:\\\/\\\/www.webdo.tn\\\/fr\\\/actualite\\\/culture\\\/jeanne-du-barry-le-film-de-maiwenn-avec-johnny-depp-va-ouvrir-le-festival-de-cannes-2023\\\/204608\\\/\"]}]},{\"@type\":\"ImageObject\",\"inLanguage\":\"fr-FR\",\"@id\":\"https:\\\/\\\/www.webdo.tn\\\/fr\\\/actualite\\\/culture\\\/jeanne-du-barry-le-film-de-maiwenn-avec-johnny-depp-va-ouvrir-le-festival-de-cannes-2023\\\/204608\\\/#primaryimage\",\"url\":\"https:\\\/\\\/www.webdo.tn\\\/fr\\\/wp-content\\\/uploads\\\/2023\\\/04\\\/a7d6854ac9edd431ee277b76a6398144.jpeg\",\"contentUrl\":\"https:\\\/\\\/www.webdo.tn\\\/fr\\\/wp-content\\\/uploads\\\/2023\\\/04\\\/a7d6854ac9edd431ee277b76a6398144.jpeg\",\"width\":750,\"height\":400,\"caption\":\"Jeanne du Barry : le film de Ma\u00efwenn avec Johnny Depp va ouvrir le Festival de Cannes 2023\"},{\"@type\":\"BreadcrumbList\",\"@id\":\"https:\\\/\\\/www.webdo.tn\\\/fr\\\/actualite\\\/culture\\\/jeanne-du-barry-le-film-de-maiwenn-avec-johnny-depp-va-ouvrir-le-festival-de-cannes-2023\\\/204608\\\/#breadcrumb\",\"itemListElement\":[{\"@type\":\"ListItem\",\"position\":1,\"name\":\"Accueil\",\"item\":\"https:\\\/\\\/www.webdo.tn\\\/fr\\\/\"},{\"@type\":\"ListItem\",\"position\":2,\"name\":\"Jeanne du Barry : le film de Ma\u00efwenn avec Johnny Depp va ouvrir le Festival de Cannes 2023\"}]},{\"@type\":\"WebSite\",\"@id\":\"https:\\\/\\\/www.webdo.tn\\\/fr\\\/#website\",\"url\":\"https:\\\/\\\/www.webdo.tn\\\/fr\\\/\",\"name\":\"webdo\",\"description\":\"Tunisie - News en Tunisie et \u00e0 l&#039;international sur Webdo.tn\",\"publisher\":{\"@id\":\"https:\\\/\\\/www.webdo.tn\\\/fr\\\/#organization\"},\"potentialAction\":[{\"@type\":\"SearchAction\",\"target\":{\"@type\":\"EntryPoint\",\"urlTemplate\":\"https:\\\/\\\/www.webdo.tn\\\/fr\\\/?s={search_term_string}\"},\"query-input\":{\"@type\":\"PropertyValueSpecification\",\"valueRequired\":true,\"valueName\":\"search_term_string\"}}],\"inLanguage\":\"fr-FR\"},{\"@type\":\"Organization\",\"@id\":\"https:\\\/\\\/www.webdo.tn\\\/fr\\\/#organization\",\"name\":\"Webdo\",\"alternateName\":\"Webdo.tn\",\"url\":\"https:\\\/\\\/www.webdo.tn\\\/fr\\\/\",\"logo\":{\"@type\":\"ImageObject\",\"inLanguage\":\"fr-FR\",\"@id\":\"https:\\\/\\\/www.webdo.tn\\\/fr\\\/#\\\/schema\\\/logo\\\/image\\\/\",\"url\":\"https:\\\/\\\/www.webdo.tn\\\/fr\\\/wp-content\\\/uploads\\\/2025\\\/06\\\/Webdo-Tunisie_168377.jpg\",\"contentUrl\":\"https:\\\/\\\/www.webdo.tn\\\/fr\\\/wp-content\\\/uploads\\\/2025\\\/06\\\/Webdo-Tunisie_168377.jpg\",\"width\":301,\"height\":301,\"caption\":\"Webdo\"},\"image\":{\"@id\":\"https:\\\/\\\/www.webdo.tn\\\/fr\\\/#\\\/schema\\\/logo\\\/image\\\/\"},\"sameAs\":[\"https:\\\/\\\/www.facebook.com\\\/webdotn\",\"https:\\\/\\\/x.com\\\/webdo_tn\"],\"description\":\"Webdo est un m\u00e9dia num\u00e9rique tunisien fond\u00e9 en 2010, sp\u00e9cialis\u00e9 dans l\u2019actualit\u00e9 nationale et internationale, l\u2019\u00e9conomie, la soci\u00e9t\u00e9 et les analyses politiques. Le site s\u2019adresse \u00e0 un large public francophone et couvre l\u2019information tunisienne en temps r\u00e9el.\",\"email\":\"redac@webdo.tn\",\"legalName\":\"YNJ SARL\",\"foundingDate\":\"2010-09-06\",\"numberOfEmployees\":{\"@type\":\"QuantitativeValue\",\"minValue\":\"11\",\"maxValue\":\"50\"}},{\"@type\":\"Person\",\"@id\":\"https:\\\/\\\/www.webdo.tn\\\/fr\\\/#\\\/schema\\\/person\\\/60d5ba619ed3f58783b0dc82b7dada80\",\"name\":\"Ne\u00efla DRISS\",\"image\":{\"@type\":\"ImageObject\",\"inLanguage\":\"fr-FR\",\"@id\":\"https:\\\/\\\/www.webdo.tn\\\/fr\\\/wp-content\\\/uploads\\\/2026\\\/04\\\/neila-driss_avatar-96x96.jpg\",\"url\":\"https:\\\/\\\/www.webdo.tn\\\/fr\\\/wp-content\\\/uploads\\\/2026\\\/04\\\/neila-driss_avatar-96x96.jpg\",\"contentUrl\":\"https:\\\/\\\/www.webdo.tn\\\/fr\\\/wp-content\\\/uploads\\\/2026\\\/04\\\/neila-driss_avatar-96x96.jpg\",\"caption\":\"Ne\u00efla DRISS\"},\"description\":\"Ne\u00efla Driss est juriste, journaliste culturelle et critique de cin\u00e9ma tunisienne. Titulaire d\u2019un DEA en droit priv\u00e9 de l\u2019Universit\u00e9 Paris II et d\u2019un DESS de l\u2019IHEC Carthage, elle d\u00e9bute sa carri\u00e8re comme juriste sp\u00e9cialis\u00e9e en gestion de patrimoine immobilier. Elle s\u2019oriente ensuite vers l\u2019\u00e9criture en ligne, o\u00f9 elle se distingue d\u00e8s 2006 aux Tunisia Blog Awards, avant de se consacrer au journalisme culturel, avec une sp\u00e9cialisation dans la critique cin\u00e9matographique. Elle couvre r\u00e9guli\u00e8rement les grands festivals internationaux, notamment le Festival de Cannes, les Journ\u00e9es Cin\u00e9matographiques de Carthage et le Festival du film du Caire. Membre de l\u2019ATPCC et de la FIPRESCI, elle participe \u00e0 des jurys et initiatives internationales de critique. Depuis 2024, elle est \u00e9lectrice internationale aux Golden Globes. Facebook : https:\\\/\\\/www.facebook.com\\\/massir.destiniii\\\/ X : https:\\\/\\\/x.com\\\/MassirDestin\",\"sameAs\":[\"https:\\\/\\\/www.facebook.com\\\/massir.destiniii\\\/\",\"https:\\\/\\\/www.instagram.com\\\/neila.driss\\\/?hl=fr\",\"https:\\\/\\\/www.linkedin.com\\\/in\\\/neila-driss-22606a80\\\/\",\"https:\\\/\\\/x.com\\\/https:\\\/\\\/x.com\\\/MassirDestin\"],\"knowsAbout\":[\"Cin\u00e9ma international\",\"critique cin\u00e9matographique\",\"festivals de cin\u00e9ma\",\"journalisme culturel\"],\"knowsLanguage\":[\"Fran\u00e7ais\",\"Arabe\",\"Anglais\"],\"jobTitle\":\"Journaliste culturelle et critique de cin\u00e9ma\",\"worksFor\":\"Webdo\",\"url\":\"https:\\\/\\\/www.webdo.tn\\\/fr\\\/actualite\\\/author\\\/neila-driss\\\/\"}]}<\/script>\n<!-- \/ Yoast SEO Premium plugin. -->","yoast_head_json":{"title":"Jeanne du Barry : le film de Ma\u00efwenn avec Johnny Depp va ouvrir le Festival de Cannes 2023","description":"Le film \u00ab Jeanne du Barry \u00bb, r\u00e9alis\u00e9 par Ma\u00efwenn, avec elle-m\u00eame et Johnny Depp dans les r\u00f4les principaux, fera l\u2019ouverture du 76e Festival de Cannes le mardi 1...","canonical":"https:\/\/www.webdo.tn\/fr\/actualite\/culture\/jeanne-du-barry-le-film-de-maiwenn-avec-johnny-depp-va-ouvrir-le-festival-de-cannes-2023\/204608\/","og_locale":"fr_FR","og_type":"article","og_title":"Jeanne du Barry : le film de Ma\u00efwenn avec Johnny Depp va ouvrir le Festival de Cannes 2023","og_description":"Le film \u00ab Jeanne du Barry \u00bb, r\u00e9alis\u00e9 par Ma\u00efwenn, avec elle-m\u00eame et Johnny Depp dans les r\u00f4les principaux, fera l\u2019ouverture du 76e Festival de Cannes le mardi 1...","og_url":"https:\/\/www.webdo.tn\/fr\/actualite\/culture\/jeanne-du-barry-le-film-de-maiwenn-avec-johnny-depp-va-ouvrir-le-festival-de-cannes-2023\/204608\/","og_site_name":"webdo","article_publisher":"https:\/\/www.facebook.com\/webdotn","article_author":"https:\/\/www.facebook.com\/massir.destiniii\/","article_published_time":"2023-04-06T12:02:00+00:00","article_modified_time":"2025-05-21T08:56:47+00:00","og_image":[{"width":750,"height":400,"url":"https:\/\/www.webdo.tn\/fr\/wp-content\/uploads\/2023\/04\/a7d6854ac9edd431ee277b76a6398144.jpeg","type":"image\/jpeg"}],"author":"Ne\u00efla DRISS","twitter_card":"summary_large_image","twitter_creator":"@https:\/\/x.com\/MassirDestin","twitter_site":"@webdo_tn","twitter_misc":{"\u00c9crit par":"Ne\u00efla DRISS","Dur\u00e9e de lecture estim\u00e9e":"3 minutes"},"schema":{"@context":"https:\/\/schema.org","@graph":[{"@type":"NewsArticle","@id":"https:\/\/www.webdo.tn\/fr\/actualite\/culture\/jeanne-du-barry-le-film-de-maiwenn-avec-johnny-depp-va-ouvrir-le-festival-de-cannes-2023\/204608\/#article","isPartOf":{"@id":"https:\/\/www.webdo.tn\/fr\/actualite\/culture\/jeanne-du-barry-le-film-de-maiwenn-avec-johnny-depp-va-ouvrir-le-festival-de-cannes-2023\/204608\/"},"author":{"name":"Ne\u00efla DRISS","@id":"https:\/\/www.webdo.tn\/fr\/#\/schema\/person\/60d5ba619ed3f58783b0dc82b7dada80"},"headline":"Jeanne du Barry : le film de Ma\u00efwenn avec Johnny Depp va ouvrir le Festival de Cannes 2023","datePublished":"2023-04-06T12:02:00+00:00","dateModified":"2025-05-21T08:56:47+00:00","mainEntityOfPage":{"@id":"https:\/\/www.webdo.tn\/fr\/actualite\/culture\/jeanne-du-barry-le-film-de-maiwenn-avec-johnny-depp-va-ouvrir-le-festival-de-cannes-2023\/204608\/"},"wordCount":580,"commentCount":0,"publisher":{"@id":"https:\/\/www.webdo.tn\/fr\/#organization"},"image":{"@id":"https:\/\/www.webdo.tn\/fr\/actualite\/culture\/jeanne-du-barry-le-film-de-maiwenn-avec-johnny-depp-va-ouvrir-le-festival-de-cannes-2023\/204608\/#primaryimage"},"thumbnailUrl":"https:\/\/www.webdo.tn\/fr\/wp-content\/uploads\/2023\/04\/a7d6854ac9edd431ee277b76a6398144.jpeg","keywords":["cannes","Cannes 2023","c\u00e9r\u00e9monie d'ouverture","Cin\u00e9ma","Festival de Cannes","Film"],"articleSection":["Culture"],"inLanguage":"fr-FR"},{"@type":"WebPage","@id":"https:\/\/www.webdo.tn\/fr\/actualite\/culture\/jeanne-du-barry-le-film-de-maiwenn-avec-johnny-depp-va-ouvrir-le-festival-de-cannes-2023\/204608\/","url":"https:\/\/www.webdo.tn\/fr\/actualite\/culture\/jeanne-du-barry-le-film-de-maiwenn-avec-johnny-depp-va-ouvrir-le-festival-de-cannes-2023\/204608\/","name":"Jeanne du Barry : le film de Ma\u00efwenn avec Johnny Depp va ouvrir le Festival de Cannes 2023","isPartOf":{"@id":"https:\/\/www.webdo.tn\/fr\/#website"},"primaryImageOfPage":{"@id":"https:\/\/www.webdo.tn\/fr\/actualite\/culture\/jeanne-du-barry-le-film-de-maiwenn-avec-johnny-depp-va-ouvrir-le-festival-de-cannes-2023\/204608\/#primaryimage"},"image":{"@id":"https:\/\/www.webdo.tn\/fr\/actualite\/culture\/jeanne-du-barry-le-film-de-maiwenn-avec-johnny-depp-va-ouvrir-le-festival-de-cannes-2023\/204608\/#primaryimage"},"thumbnailUrl":"https:\/\/www.webdo.tn\/fr\/wp-content\/uploads\/2023\/04\/a7d6854ac9edd431ee277b76a6398144.jpeg","datePublished":"2023-04-06T12:02:00+00:00","dateModified":"2025-05-21T08:56:47+00:00","description":"Le film \u00ab Jeanne du Barry \u00bb, r\u00e9alis\u00e9 par Ma\u00efwenn, avec elle-m\u00eame et Johnny Depp dans les r\u00f4les principaux, fera l\u2019ouverture du 76e Festival de Cannes le mardi 1...","breadcrumb":{"@id":"https:\/\/www.webdo.tn\/fr\/actualite\/culture\/jeanne-du-barry-le-film-de-maiwenn-avec-johnny-depp-va-ouvrir-le-festival-de-cannes-2023\/204608\/#breadcrumb"},"inLanguage":"fr-FR","potentialAction":[{"@type":"ReadAction","target":["https:\/\/www.webdo.tn\/fr\/actualite\/culture\/jeanne-du-barry-le-film-de-maiwenn-avec-johnny-depp-va-ouvrir-le-festival-de-cannes-2023\/204608\/"]}]},{"@type":"ImageObject","inLanguage":"fr-FR","@id":"https:\/\/www.webdo.tn\/fr\/actualite\/culture\/jeanne-du-barry-le-film-de-maiwenn-avec-johnny-depp-va-ouvrir-le-festival-de-cannes-2023\/204608\/#primaryimage","url":"https:\/\/www.webdo.tn\/fr\/wp-content\/uploads\/2023\/04\/a7d6854ac9edd431ee277b76a6398144.jpeg","contentUrl":"https:\/\/www.webdo.tn\/fr\/wp-content\/uploads\/2023\/04\/a7d6854ac9edd431ee277b76a6398144.jpeg","width":750,"height":400,"caption":"Jeanne du Barry : le film de Ma\u00efwenn avec Johnny Depp va ouvrir le Festival de Cannes 2023"},{"@type":"BreadcrumbList","@id":"https:\/\/www.webdo.tn\/fr\/actualite\/culture\/jeanne-du-barry-le-film-de-maiwenn-avec-johnny-depp-va-ouvrir-le-festival-de-cannes-2023\/204608\/#breadcrumb","itemListElement":[{"@type":"ListItem","position":1,"name":"Accueil","item":"https:\/\/www.webdo.tn\/fr\/"},{"@type":"ListItem","position":2,"name":"Jeanne du Barry : le film de Ma\u00efwenn avec Johnny Depp va ouvrir le Festival de Cannes 2023"}]},{"@type":"WebSite","@id":"https:\/\/www.webdo.tn\/fr\/#website","url":"https:\/\/www.webdo.tn\/fr\/","name":"webdo","description":"Tunisie - News en Tunisie et \u00e0 l&#039;international sur Webdo.tn","publisher":{"@id":"https:\/\/www.webdo.tn\/fr\/#organization"},"potentialAction":[{"@type":"SearchAction","target":{"@type":"EntryPoint","urlTemplate":"https:\/\/www.webdo.tn\/fr\/?s={search_term_string}"},"query-input":{"@type":"PropertyValueSpecification","valueRequired":true,"valueName":"search_term_string"}}],"inLanguage":"fr-FR"},{"@type":"Organization","@id":"https:\/\/www.webdo.tn\/fr\/#organization","name":"Webdo","alternateName":"Webdo.tn","url":"https:\/\/www.webdo.tn\/fr\/","logo":{"@type":"ImageObject","inLanguage":"fr-FR","@id":"https:\/\/www.webdo.tn\/fr\/#\/schema\/logo\/image\/","url":"https:\/\/www.webdo.tn\/fr\/wp-content\/uploads\/2025\/06\/Webdo-Tunisie_168377.jpg","contentUrl":"https:\/\/www.webdo.tn\/fr\/wp-content\/uploads\/2025\/06\/Webdo-Tunisie_168377.jpg","width":301,"height":301,"caption":"Webdo"},"image":{"@id":"https:\/\/www.webdo.tn\/fr\/#\/schema\/logo\/image\/"},"sameAs":["https:\/\/www.facebook.com\/webdotn","https:\/\/x.com\/webdo_tn"],"description":"Webdo est un m\u00e9dia num\u00e9rique tunisien fond\u00e9 en 2010, sp\u00e9cialis\u00e9 dans l\u2019actualit\u00e9 nationale et internationale, l\u2019\u00e9conomie, la soci\u00e9t\u00e9 et les analyses politiques. Le site s\u2019adresse \u00e0 un large public francophone et couvre l\u2019information tunisienne en temps r\u00e9el.","email":"redac@webdo.tn","legalName":"YNJ SARL","foundingDate":"2010-09-06","numberOfEmployees":{"@type":"QuantitativeValue","minValue":"11","maxValue":"50"}},{"@type":"Person","@id":"https:\/\/www.webdo.tn\/fr\/#\/schema\/person\/60d5ba619ed3f58783b0dc82b7dada80","name":"Ne\u00efla DRISS","image":{"@type":"ImageObject","inLanguage":"fr-FR","@id":"https:\/\/www.webdo.tn\/fr\/wp-content\/uploads\/2026\/04\/neila-driss_avatar-96x96.jpg","url":"https:\/\/www.webdo.tn\/fr\/wp-content\/uploads\/2026\/04\/neila-driss_avatar-96x96.jpg","contentUrl":"https:\/\/www.webdo.tn\/fr\/wp-content\/uploads\/2026\/04\/neila-driss_avatar-96x96.jpg","caption":"Ne\u00efla DRISS"},"description":"Ne\u00efla Driss est juriste, journaliste culturelle et critique de cin\u00e9ma tunisienne. Titulaire d\u2019un DEA en droit priv\u00e9 de l\u2019Universit\u00e9 Paris II et d\u2019un DESS de l\u2019IHEC Carthage, elle d\u00e9bute sa carri\u00e8re comme juriste sp\u00e9cialis\u00e9e en gestion de patrimoine immobilier. Elle s\u2019oriente ensuite vers l\u2019\u00e9criture en ligne, o\u00f9 elle se distingue d\u00e8s 2006 aux Tunisia Blog Awards, avant de se consacrer au journalisme culturel, avec une sp\u00e9cialisation dans la critique cin\u00e9matographique. Elle couvre r\u00e9guli\u00e8rement les grands festivals internationaux, notamment le Festival de Cannes, les Journ\u00e9es Cin\u00e9matographiques de Carthage et le Festival du film du Caire. Membre de l\u2019ATPCC et de la FIPRESCI, elle participe \u00e0 des jurys et initiatives internationales de critique. Depuis 2024, elle est \u00e9lectrice internationale aux Golden Globes. Facebook : https:\/\/www.facebook.com\/massir.destiniii\/ X : https:\/\/x.com\/MassirDestin","sameAs":["https:\/\/www.facebook.com\/massir.destiniii\/","https:\/\/www.instagram.com\/neila.driss\/?hl=fr","https:\/\/www.linkedin.com\/in\/neila-driss-22606a80\/","https:\/\/x.com\/https:\/\/x.com\/MassirDestin"],"knowsAbout":["Cin\u00e9ma international","critique cin\u00e9matographique","festivals de cin\u00e9ma","journalisme culturel"],"knowsLanguage":["Fran\u00e7ais","Arabe","Anglais"],"jobTitle":"Journaliste culturelle et critique de cin\u00e9ma","worksFor":"Webdo","url":"https:\/\/www.webdo.tn\/fr\/actualite\/author\/neila-driss\/"}]}},"_links":{"self":[{"href":"https:\/\/www.webdo.tn\/fr\/wp-json\/wp\/v2\/posts\/204608","targetHints":{"allow":["GET"]}}],"collection":[{"href":"https:\/\/www.webdo.tn\/fr\/wp-json\/wp\/v2\/posts"}],"about":[{"href":"https:\/\/www.webdo.tn\/fr\/wp-json\/wp\/v2\/types\/post"}],"author":[{"embeddable":true,"href":"https:\/\/www.webdo.tn\/fr\/wp-json\/wp\/v2\/users\/3164"}],"replies":[{"embeddable":true,"href":"https:\/\/www.webdo.tn\/fr\/wp-json\/wp\/v2\/comments?post=204608"}],"version-history":[{"count":0,"href":"https:\/\/www.webdo.tn\/fr\/wp-json\/wp\/v2\/posts\/204608\/revisions"}],"wp:featuredmedia":[{"embeddable":true,"href":"https:\/\/www.webdo.tn\/fr\/wp-json\/wp\/v2\/media\/251504"}],"wp:attachment":[{"href":"https:\/\/www.webdo.tn\/fr\/wp-json\/wp\/v2\/media?parent=204608"}],"wp:term":[{"taxonomy":"category","embeddable":true,"href":"https:\/\/www.webdo.tn\/fr\/wp-json\/wp\/v2\/categories?post=204608"},{"taxonomy":"post_tag","embeddable":true,"href":"https:\/\/www.webdo.tn\/fr\/wp-json\/wp\/v2\/tags?post=204608"}],"curies":[{"name":"wp","href":"https:\/\/api.w.org\/{rel}","templated":true}]}}