{"id":204606,"date":"2023-04-06T11:59:00","date_gmt":"2023-04-06T11:59:00","guid":{"rendered":"https:\/\/www.webdo.tn\/fr\/blog\/le-president-kais-saied-juge-le-dialogue-national-inutile\/204606\/"},"modified":"2025-05-20T22:08:23","modified_gmt":"2025-05-20T22:08:23","slug":"le-president-kais-saied-juge-le-dialogue-national-inutile","status":"publish","type":"post","link":"https:\/\/www.webdo.tn\/fr\/actualite\/national\/le-president-kais-saied-juge-le-dialogue-national-inutile\/204606\/","title":{"rendered":"Le pr\u00e9sident Kais Saied juge le dialogue national inutile"},"content":{"rendered":"<p>La n\u00e9cessit\u00e9 d\u2019entamer un dialogue national est inutile puisqu\u2019il y a un Parlement, a jug\u00e9 le pr\u00e9sident de la R\u00e9publique lors de sa visite, aujourd\u2019hui, au mausol\u00e9e de l\u2019ancien pr\u00e9sident Habib Bourguiba.<\/p>\n<p>\t\t\t\t\t\t\t\t\tA l\u2019occasion de la 23e comm\u00e9moration du d\u00e9c\u00e8s de l\u2019ancien pr\u00e9sident Habib Bourguiba, Kais Saied s\u2019est rendu, ce jeudi 6 avril 2023 au mausol\u00e9e du d\u00e9funt pr\u00e9sident o\u00f9 il a \u00e9voqu\u00e9, actualit\u00e9 oblige, plusieurs questions dont celle de l\u2019initiative du dialogue national.<\/p>\n<p>\u00ab\u00a0Il est inutile d\u2019entamer un dialogue national tant qu&rsquo; il y a un Parlement. Quelle serait son utilit\u00e9 alors que l\u2019Assembl\u00e9e des repr\u00e9sentants du peuple a \u00e9t\u00e9 r\u00e9activ\u00e9e. S\u2019il y a dialogue, il devra se faire au sein du Parlement\u00a0\u00bb, a-t-il dit.<\/p>\n<p>Rappelons que l&rsquo;Union g\u00e9n\u00e9rale tunisienne du travail (UGTT), a lanc\u00e9 fin d\u00e9cembre 2022, avec la Ligue tunisienne de d\u00e9fense des droits de l&rsquo;homme (LTDH), l&rsquo;Ordre des avocats (ONAT) et le Forum tunisien pour les droits \u00e9conomiques et sociaux (FTDES), une initiative dans le but de sauver le pays de la crise globale qui s\u00e9vit.<\/p>\n<p>Le 7 mars dernier, le secr\u00e9taire g\u00e9n\u00e9ral de l&rsquo;UGTT, Noureddine Taboubi, avait affirm\u00e9 que la centrale syndicale poursuivrait l&rsquo;initiative du \u00ab\u00a0dialogue national\u00a0\u00bb malgr\u00e9 le rejet de la Pr\u00e9sidence de la R\u00e9publique.<\/p>\n","protected":false},"excerpt":{"rendered":"<p>La n\u00e9cessit\u00e9 d\u2019entamer un dialogue national est inutile puisqu\u2019il y a un Parlement, a jug\u00e9 le pr\u00e9sident de la R\u00e9publique lors de sa visite, aujourd\u2019hui, au maus&#8230;<\/p>\n","protected":false},"author":3162,"featured_media":278029,"comment_status":"open","ping_status":"closed","sticky":false,"template":"","format":"standard","meta":{"footnotes":""},"categories":[44],"tags":[7456,2614],"class_list":["post-204606","post","type-post","status-publish","format-standard","has-post-thumbnail","hentry","category-national","tag-dialogue-national","tag-kais-saied"],"yoast_head":"<!-- This site is optimized with the Yoast SEO Premium plugin v27.5 (Yoast SEO v27.5) - https:\/\/yoast.com\/product\/yoast-seo-premium-wordpress\/ -->\n<title>Le pr\u00e9sident Kais Saied juge le dialogue national inutile<\/title>\n<meta name=\"description\" content=\"La n\u00e9cessit\u00e9 d\u2019entamer un dialogue national est inutile puisqu\u2019il y a un Parlement, a jug\u00e9 le pr\u00e9sident de la R\u00e9publique lors de sa visite, aujourd\u2019hui, au maus...\" \/>\n<link rel=\"canonical\" href=\"https:\/\/www.webdo.tn\/fr\/actualite\/national\/le-president-kais-saied-juge-le-dialogue-national-inutile\/204606\/\" \/>\n<meta property=\"og:locale\" content=\"fr_FR\" \/>\n<meta property=\"og:type\" content=\"article\" \/>\n<meta property=\"og:title\" content=\"Le pr\u00e9sident Kais Saied juge le dialogue national inutile\" \/>\n<meta property=\"og:description\" content=\"La n\u00e9cessit\u00e9 d\u2019entamer un dialogue national est inutile puisqu\u2019il y a un Parlement, a jug\u00e9 le pr\u00e9sident de la R\u00e9publique lors de sa visite, aujourd\u2019hui, au maus...\" \/>\n<meta property=\"og:url\" content=\"https:\/\/www.webdo.tn\/fr\/actualite\/national\/le-president-kais-saied-juge-le-dialogue-national-inutile\/204606\/\" \/>\n<meta property=\"og:site_name\" content=\"webdo\" \/>\n<meta property=\"article:publisher\" content=\"https:\/\/www.facebook.com\/webdotn\" \/>\n<meta property=\"article:published_time\" content=\"2023-04-06T11:59:00+00:00\" \/>\n<meta property=\"article:modified_time\" content=\"2025-05-20T22:08:23+00:00\" \/>\n<meta property=\"og:image\" content=\"https:\/\/www.webdo.tn\/fr\/wp-content\/uploads\/2023\/04\/742405ffb6f5e5893f0ee133b65fa3ce.jpg\" \/>\n\t<meta property=\"og:image:width\" content=\"650\" \/>\n\t<meta property=\"og:image:height\" content=\"347\" \/>\n\t<meta property=\"og:image:type\" content=\"image\/jpeg\" \/>\n<meta name=\"author\" content=\"MC\" \/>\n<meta name=\"twitter:card\" content=\"summary_large_image\" \/>\n<meta name=\"twitter:creator\" content=\"@webdo_tn\" \/>\n<meta name=\"twitter:site\" content=\"@webdo_tn\" \/>\n<meta name=\"twitter:label1\" content=\"\u00c9crit par\" \/>\n\t<meta name=\"twitter:data1\" content=\"MC\" \/>\n\t<meta name=\"twitter:label2\" content=\"Dur\u00e9e de lecture estim\u00e9e\" \/>\n\t<meta name=\"twitter:data2\" content=\"1 minute\" \/>\n<script type=\"application\/ld+json\" class=\"yoast-schema-graph\">{\"@context\":\"https:\\\/\\\/schema.org\",\"@graph\":[{\"@type\":\"NewsArticle\",\"@id\":\"https:\\\/\\\/www.webdo.tn\\\/fr\\\/actualite\\\/national\\\/le-president-kais-saied-juge-le-dialogue-national-inutile\\\/204606\\\/#article\",\"isPartOf\":{\"@id\":\"https:\\\/\\\/www.webdo.tn\\\/fr\\\/actualite\\\/national\\\/le-president-kais-saied-juge-le-dialogue-national-inutile\\\/204606\\\/\"},\"author\":{\"name\":\"MC\",\"@id\":\"https:\\\/\\\/www.webdo.tn\\\/fr\\\/#\\\/schema\\\/person\\\/2c4929cbf5a809e3bd38617c6ce150f6\"},\"headline\":\"Le pr\u00e9sident Kais Saied juge le dialogue national inutile\",\"datePublished\":\"2023-04-06T11:59:00+00:00\",\"dateModified\":\"2025-05-20T22:08:23+00:00\",\"mainEntityOfPage\":{\"@id\":\"https:\\\/\\\/www.webdo.tn\\\/fr\\\/actualite\\\/national\\\/le-president-kais-saied-juge-le-dialogue-national-inutile\\\/204606\\\/\"},\"wordCount\":249,\"commentCount\":0,\"publisher\":{\"@id\":\"https:\\\/\\\/www.webdo.tn\\\/fr\\\/#organization\"},\"image\":{\"@id\":\"https:\\\/\\\/www.webdo.tn\\\/fr\\\/actualite\\\/national\\\/le-president-kais-saied-juge-le-dialogue-national-inutile\\\/204606\\\/#primaryimage\"},\"thumbnailUrl\":\"https:\\\/\\\/www.webdo.tn\\\/fr\\\/wp-content\\\/uploads\\\/2023\\\/04\\\/742405ffb6f5e5893f0ee133b65fa3ce.jpg\",\"keywords\":[\"Dialogue national\",\"Kais Saied\"],\"articleSection\":[\"National\"],\"inLanguage\":\"fr-FR\"},{\"@type\":\"WebPage\",\"@id\":\"https:\\\/\\\/www.webdo.tn\\\/fr\\\/actualite\\\/national\\\/le-president-kais-saied-juge-le-dialogue-national-inutile\\\/204606\\\/\",\"url\":\"https:\\\/\\\/www.webdo.tn\\\/fr\\\/actualite\\\/national\\\/le-president-kais-saied-juge-le-dialogue-national-inutile\\\/204606\\\/\",\"name\":\"Le pr\u00e9sident Kais Saied juge le dialogue national inutile\",\"isPartOf\":{\"@id\":\"https:\\\/\\\/www.webdo.tn\\\/fr\\\/#website\"},\"primaryImageOfPage\":{\"@id\":\"https:\\\/\\\/www.webdo.tn\\\/fr\\\/actualite\\\/national\\\/le-president-kais-saied-juge-le-dialogue-national-inutile\\\/204606\\\/#primaryimage\"},\"image\":{\"@id\":\"https:\\\/\\\/www.webdo.tn\\\/fr\\\/actualite\\\/national\\\/le-president-kais-saied-juge-le-dialogue-national-inutile\\\/204606\\\/#primaryimage\"},\"thumbnailUrl\":\"https:\\\/\\\/www.webdo.tn\\\/fr\\\/wp-content\\\/uploads\\\/2023\\\/04\\\/742405ffb6f5e5893f0ee133b65fa3ce.jpg\",\"datePublished\":\"2023-04-06T11:59:00+00:00\",\"dateModified\":\"2025-05-20T22:08:23+00:00\",\"description\":\"La n\u00e9cessit\u00e9 d\u2019entamer un dialogue national est inutile puisqu\u2019il y a un Parlement, a jug\u00e9 le pr\u00e9sident de la R\u00e9publique lors de sa visite, aujourd\u2019hui, au maus...\",\"breadcrumb\":{\"@id\":\"https:\\\/\\\/www.webdo.tn\\\/fr\\\/actualite\\\/national\\\/le-president-kais-saied-juge-le-dialogue-national-inutile\\\/204606\\\/#breadcrumb\"},\"inLanguage\":\"fr-FR\",\"potentialAction\":[{\"@type\":\"ReadAction\",\"target\":[\"https:\\\/\\\/www.webdo.tn\\\/fr\\\/actualite\\\/national\\\/le-president-kais-saied-juge-le-dialogue-national-inutile\\\/204606\\\/\"]}]},{\"@type\":\"ImageObject\",\"inLanguage\":\"fr-FR\",\"@id\":\"https:\\\/\\\/www.webdo.tn\\\/fr\\\/actualite\\\/national\\\/le-president-kais-saied-juge-le-dialogue-national-inutile\\\/204606\\\/#primaryimage\",\"url\":\"https:\\\/\\\/www.webdo.tn\\\/fr\\\/wp-content\\\/uploads\\\/2023\\\/04\\\/742405ffb6f5e5893f0ee133b65fa3ce.jpg\",\"contentUrl\":\"https:\\\/\\\/www.webdo.tn\\\/fr\\\/wp-content\\\/uploads\\\/2023\\\/04\\\/742405ffb6f5e5893f0ee133b65fa3ce.jpg\",\"width\":650,\"height\":347,\"caption\":\"Le pr\u00e9sident Kais Saied juge le dialogue national inutile\"},{\"@type\":\"BreadcrumbList\",\"@id\":\"https:\\\/\\\/www.webdo.tn\\\/fr\\\/actualite\\\/national\\\/le-president-kais-saied-juge-le-dialogue-national-inutile\\\/204606\\\/#breadcrumb\",\"itemListElement\":[{\"@type\":\"ListItem\",\"position\":1,\"name\":\"Accueil\",\"item\":\"https:\\\/\\\/www.webdo.tn\\\/fr\\\/\"},{\"@type\":\"ListItem\",\"position\":2,\"name\":\"Le pr\u00e9sident Kais Saied juge le dialogue national inutile\"}]},{\"@type\":\"WebSite\",\"@id\":\"https:\\\/\\\/www.webdo.tn\\\/fr\\\/#website\",\"url\":\"https:\\\/\\\/www.webdo.tn\\\/fr\\\/\",\"name\":\"webdo\",\"description\":\"Tunisie - News en Tunisie et \u00e0 l&#039;international sur Webdo.tn\",\"publisher\":{\"@id\":\"https:\\\/\\\/www.webdo.tn\\\/fr\\\/#organization\"},\"potentialAction\":[{\"@type\":\"SearchAction\",\"target\":{\"@type\":\"EntryPoint\",\"urlTemplate\":\"https:\\\/\\\/www.webdo.tn\\\/fr\\\/?s={search_term_string}\"},\"query-input\":{\"@type\":\"PropertyValueSpecification\",\"valueRequired\":true,\"valueName\":\"search_term_string\"}}],\"inLanguage\":\"fr-FR\"},{\"@type\":\"Organization\",\"@id\":\"https:\\\/\\\/www.webdo.tn\\\/fr\\\/#organization\",\"name\":\"Webdo\",\"alternateName\":\"Webdo.tn\",\"url\":\"https:\\\/\\\/www.webdo.tn\\\/fr\\\/\",\"logo\":{\"@type\":\"ImageObject\",\"inLanguage\":\"fr-FR\",\"@id\":\"https:\\\/\\\/www.webdo.tn\\\/fr\\\/#\\\/schema\\\/logo\\\/image\\\/\",\"url\":\"https:\\\/\\\/www.webdo.tn\\\/fr\\\/wp-content\\\/uploads\\\/2025\\\/06\\\/Webdo-Tunisie_168377.jpg\",\"contentUrl\":\"https:\\\/\\\/www.webdo.tn\\\/fr\\\/wp-content\\\/uploads\\\/2025\\\/06\\\/Webdo-Tunisie_168377.jpg\",\"width\":301,\"height\":301,\"caption\":\"Webdo\"},\"image\":{\"@id\":\"https:\\\/\\\/www.webdo.tn\\\/fr\\\/#\\\/schema\\\/logo\\\/image\\\/\"},\"sameAs\":[\"https:\\\/\\\/www.facebook.com\\\/webdotn\",\"https:\\\/\\\/x.com\\\/webdo_tn\"],\"description\":\"Webdo est un m\u00e9dia num\u00e9rique tunisien fond\u00e9 en 2010, sp\u00e9cialis\u00e9 dans l\u2019actualit\u00e9 nationale et internationale, l\u2019\u00e9conomie, la soci\u00e9t\u00e9 et les analyses politiques. Le site s\u2019adresse \u00e0 un large public francophone et couvre l\u2019information tunisienne en temps r\u00e9el.\",\"email\":\"redac@webdo.tn\",\"legalName\":\"YNJ SARL\",\"foundingDate\":\"2010-09-06\",\"numberOfEmployees\":{\"@type\":\"QuantitativeValue\",\"minValue\":\"11\",\"maxValue\":\"50\"}},{\"@type\":\"Person\",\"@id\":\"https:\\\/\\\/www.webdo.tn\\\/fr\\\/#\\\/schema\\\/person\\\/2c4929cbf5a809e3bd38617c6ce150f6\",\"name\":\"MC\",\"image\":{\"@type\":\"ImageObject\",\"inLanguage\":\"fr-FR\",\"@id\":\"https:\\\/\\\/secure.gravatar.com\\\/avatar\\\/a545bbb6f84efdd5553dbbc2895e3ca8f1d12c5215e00a041c9670b54aa9b18a?s=96&d=mm&r=g\",\"url\":\"https:\\\/\\\/secure.gravatar.com\\\/avatar\\\/a545bbb6f84efdd5553dbbc2895e3ca8f1d12c5215e00a041c9670b54aa9b18a?s=96&d=mm&r=g\",\"contentUrl\":\"https:\\\/\\\/secure.gravatar.com\\\/avatar\\\/a545bbb6f84efdd5553dbbc2895e3ca8f1d12c5215e00a041c9670b54aa9b18a?s=96&d=mm&r=g\",\"caption\":\"MC\"},\"url\":\"https:\\\/\\\/www.webdo.tn\\\/fr\\\/actualite\\\/author\\\/mc\\\/\"}]}<\/script>\n<!-- \/ Yoast SEO Premium plugin. -->","yoast_head_json":{"title":"Le pr\u00e9sident Kais Saied juge le dialogue national inutile","description":"La n\u00e9cessit\u00e9 d\u2019entamer un dialogue national est inutile puisqu\u2019il y a un Parlement, a jug\u00e9 le pr\u00e9sident de la R\u00e9publique lors de sa visite, aujourd\u2019hui, au maus...","canonical":"https:\/\/www.webdo.tn\/fr\/actualite\/national\/le-president-kais-saied-juge-le-dialogue-national-inutile\/204606\/","og_locale":"fr_FR","og_type":"article","og_title":"Le pr\u00e9sident Kais Saied juge le dialogue national inutile","og_description":"La n\u00e9cessit\u00e9 d\u2019entamer un dialogue national est inutile puisqu\u2019il y a un Parlement, a jug\u00e9 le pr\u00e9sident de la R\u00e9publique lors de sa visite, aujourd\u2019hui, au maus...","og_url":"https:\/\/www.webdo.tn\/fr\/actualite\/national\/le-president-kais-saied-juge-le-dialogue-national-inutile\/204606\/","og_site_name":"webdo","article_publisher":"https:\/\/www.facebook.com\/webdotn","article_published_time":"2023-04-06T11:59:00+00:00","article_modified_time":"2025-05-20T22:08:23+00:00","og_image":[{"width":650,"height":347,"url":"https:\/\/www.webdo.tn\/fr\/wp-content\/uploads\/2023\/04\/742405ffb6f5e5893f0ee133b65fa3ce.jpg","type":"image\/jpeg"}],"author":"MC","twitter_card":"summary_large_image","twitter_creator":"@webdo_tn","twitter_site":"@webdo_tn","twitter_misc":{"\u00c9crit par":"MC","Dur\u00e9e de lecture estim\u00e9e":"1 minute"},"schema":{"@context":"https:\/\/schema.org","@graph":[{"@type":"NewsArticle","@id":"https:\/\/www.webdo.tn\/fr\/actualite\/national\/le-president-kais-saied-juge-le-dialogue-national-inutile\/204606\/#article","isPartOf":{"@id":"https:\/\/www.webdo.tn\/fr\/actualite\/national\/le-president-kais-saied-juge-le-dialogue-national-inutile\/204606\/"},"author":{"name":"MC","@id":"https:\/\/www.webdo.tn\/fr\/#\/schema\/person\/2c4929cbf5a809e3bd38617c6ce150f6"},"headline":"Le pr\u00e9sident Kais Saied juge le dialogue national inutile","datePublished":"2023-04-06T11:59:00+00:00","dateModified":"2025-05-20T22:08:23+00:00","mainEntityOfPage":{"@id":"https:\/\/www.webdo.tn\/fr\/actualite\/national\/le-president-kais-saied-juge-le-dialogue-national-inutile\/204606\/"},"wordCount":249,"commentCount":0,"publisher":{"@id":"https:\/\/www.webdo.tn\/fr\/#organization"},"image":{"@id":"https:\/\/www.webdo.tn\/fr\/actualite\/national\/le-president-kais-saied-juge-le-dialogue-national-inutile\/204606\/#primaryimage"},"thumbnailUrl":"https:\/\/www.webdo.tn\/fr\/wp-content\/uploads\/2023\/04\/742405ffb6f5e5893f0ee133b65fa3ce.jpg","keywords":["Dialogue national","Kais Saied"],"articleSection":["National"],"inLanguage":"fr-FR"},{"@type":"WebPage","@id":"https:\/\/www.webdo.tn\/fr\/actualite\/national\/le-president-kais-saied-juge-le-dialogue-national-inutile\/204606\/","url":"https:\/\/www.webdo.tn\/fr\/actualite\/national\/le-president-kais-saied-juge-le-dialogue-national-inutile\/204606\/","name":"Le pr\u00e9sident Kais Saied juge le dialogue national inutile","isPartOf":{"@id":"https:\/\/www.webdo.tn\/fr\/#website"},"primaryImageOfPage":{"@id":"https:\/\/www.webdo.tn\/fr\/actualite\/national\/le-president-kais-saied-juge-le-dialogue-national-inutile\/204606\/#primaryimage"},"image":{"@id":"https:\/\/www.webdo.tn\/fr\/actualite\/national\/le-president-kais-saied-juge-le-dialogue-national-inutile\/204606\/#primaryimage"},"thumbnailUrl":"https:\/\/www.webdo.tn\/fr\/wp-content\/uploads\/2023\/04\/742405ffb6f5e5893f0ee133b65fa3ce.jpg","datePublished":"2023-04-06T11:59:00+00:00","dateModified":"2025-05-20T22:08:23+00:00","description":"La n\u00e9cessit\u00e9 d\u2019entamer un dialogue national est inutile puisqu\u2019il y a un Parlement, a jug\u00e9 le pr\u00e9sident de la R\u00e9publique lors de sa visite, aujourd\u2019hui, au maus...","breadcrumb":{"@id":"https:\/\/www.webdo.tn\/fr\/actualite\/national\/le-president-kais-saied-juge-le-dialogue-national-inutile\/204606\/#breadcrumb"},"inLanguage":"fr-FR","potentialAction":[{"@type":"ReadAction","target":["https:\/\/www.webdo.tn\/fr\/actualite\/national\/le-president-kais-saied-juge-le-dialogue-national-inutile\/204606\/"]}]},{"@type":"ImageObject","inLanguage":"fr-FR","@id":"https:\/\/www.webdo.tn\/fr\/actualite\/national\/le-president-kais-saied-juge-le-dialogue-national-inutile\/204606\/#primaryimage","url":"https:\/\/www.webdo.tn\/fr\/wp-content\/uploads\/2023\/04\/742405ffb6f5e5893f0ee133b65fa3ce.jpg","contentUrl":"https:\/\/www.webdo.tn\/fr\/wp-content\/uploads\/2023\/04\/742405ffb6f5e5893f0ee133b65fa3ce.jpg","width":650,"height":347,"caption":"Le pr\u00e9sident Kais Saied juge le dialogue national inutile"},{"@type":"BreadcrumbList","@id":"https:\/\/www.webdo.tn\/fr\/actualite\/national\/le-president-kais-saied-juge-le-dialogue-national-inutile\/204606\/#breadcrumb","itemListElement":[{"@type":"ListItem","position":1,"name":"Accueil","item":"https:\/\/www.webdo.tn\/fr\/"},{"@type":"ListItem","position":2,"name":"Le pr\u00e9sident Kais Saied juge le dialogue national inutile"}]},{"@type":"WebSite","@id":"https:\/\/www.webdo.tn\/fr\/#website","url":"https:\/\/www.webdo.tn\/fr\/","name":"webdo","description":"Tunisie - News en Tunisie et \u00e0 l&#039;international sur Webdo.tn","publisher":{"@id":"https:\/\/www.webdo.tn\/fr\/#organization"},"potentialAction":[{"@type":"SearchAction","target":{"@type":"EntryPoint","urlTemplate":"https:\/\/www.webdo.tn\/fr\/?s={search_term_string}"},"query-input":{"@type":"PropertyValueSpecification","valueRequired":true,"valueName":"search_term_string"}}],"inLanguage":"fr-FR"},{"@type":"Organization","@id":"https:\/\/www.webdo.tn\/fr\/#organization","name":"Webdo","alternateName":"Webdo.tn","url":"https:\/\/www.webdo.tn\/fr\/","logo":{"@type":"ImageObject","inLanguage":"fr-FR","@id":"https:\/\/www.webdo.tn\/fr\/#\/schema\/logo\/image\/","url":"https:\/\/www.webdo.tn\/fr\/wp-content\/uploads\/2025\/06\/Webdo-Tunisie_168377.jpg","contentUrl":"https:\/\/www.webdo.tn\/fr\/wp-content\/uploads\/2025\/06\/Webdo-Tunisie_168377.jpg","width":301,"height":301,"caption":"Webdo"},"image":{"@id":"https:\/\/www.webdo.tn\/fr\/#\/schema\/logo\/image\/"},"sameAs":["https:\/\/www.facebook.com\/webdotn","https:\/\/x.com\/webdo_tn"],"description":"Webdo est un m\u00e9dia num\u00e9rique tunisien fond\u00e9 en 2010, sp\u00e9cialis\u00e9 dans l\u2019actualit\u00e9 nationale et internationale, l\u2019\u00e9conomie, la soci\u00e9t\u00e9 et les analyses politiques. Le site s\u2019adresse \u00e0 un large public francophone et couvre l\u2019information tunisienne en temps r\u00e9el.","email":"redac@webdo.tn","legalName":"YNJ SARL","foundingDate":"2010-09-06","numberOfEmployees":{"@type":"QuantitativeValue","minValue":"11","maxValue":"50"}},{"@type":"Person","@id":"https:\/\/www.webdo.tn\/fr\/#\/schema\/person\/2c4929cbf5a809e3bd38617c6ce150f6","name":"MC","image":{"@type":"ImageObject","inLanguage":"fr-FR","@id":"https:\/\/secure.gravatar.com\/avatar\/a545bbb6f84efdd5553dbbc2895e3ca8f1d12c5215e00a041c9670b54aa9b18a?s=96&d=mm&r=g","url":"https:\/\/secure.gravatar.com\/avatar\/a545bbb6f84efdd5553dbbc2895e3ca8f1d12c5215e00a041c9670b54aa9b18a?s=96&d=mm&r=g","contentUrl":"https:\/\/secure.gravatar.com\/avatar\/a545bbb6f84efdd5553dbbc2895e3ca8f1d12c5215e00a041c9670b54aa9b18a?s=96&d=mm&r=g","caption":"MC"},"url":"https:\/\/www.webdo.tn\/fr\/actualite\/author\/mc\/"}]}},"_links":{"self":[{"href":"https:\/\/www.webdo.tn\/fr\/wp-json\/wp\/v2\/posts\/204606","targetHints":{"allow":["GET"]}}],"collection":[{"href":"https:\/\/www.webdo.tn\/fr\/wp-json\/wp\/v2\/posts"}],"about":[{"href":"https:\/\/www.webdo.tn\/fr\/wp-json\/wp\/v2\/types\/post"}],"author":[{"embeddable":true,"href":"https:\/\/www.webdo.tn\/fr\/wp-json\/wp\/v2\/users\/3162"}],"replies":[{"embeddable":true,"href":"https:\/\/www.webdo.tn\/fr\/wp-json\/wp\/v2\/comments?post=204606"}],"version-history":[{"count":0,"href":"https:\/\/www.webdo.tn\/fr\/wp-json\/wp\/v2\/posts\/204606\/revisions"}],"wp:featuredmedia":[{"embeddable":true,"href":"https:\/\/www.webdo.tn\/fr\/wp-json\/wp\/v2\/media\/278029"}],"wp:attachment":[{"href":"https:\/\/www.webdo.tn\/fr\/wp-json\/wp\/v2\/media?parent=204606"}],"wp:term":[{"taxonomy":"category","embeddable":true,"href":"https:\/\/www.webdo.tn\/fr\/wp-json\/wp\/v2\/categories?post=204606"},{"taxonomy":"post_tag","embeddable":true,"href":"https:\/\/www.webdo.tn\/fr\/wp-json\/wp\/v2\/tags?post=204606"}],"curies":[{"name":"wp","href":"https:\/\/api.w.org\/{rel}","templated":true}]}}