{"id":204599,"date":"2023-04-06T09:46:00","date_gmt":"2023-04-06T09:46:00","guid":{"rendered":"https:\/\/www.webdo.tn\/fr\/blog\/complot-contre-la-surete-de-l-etat-pourquoi-les-detenus-refusent-ils-de-sortir-de-prison\/204599\/"},"modified":"2025-05-20T22:08:23","modified_gmt":"2025-05-20T22:08:23","slug":"complot-contre-la-surete-de-l-etat-pourquoi-les-detenus-refusent-ils-de-sortir-de-prison","status":"publish","type":"post","link":"https:\/\/www.webdo.tn\/fr\/actualite\/national\/complot-contre-la-surete-de-l-etat-pourquoi-les-detenus-refusent-ils-de-sortir-de-prison\/204599\/","title":{"rendered":"Complot contre la s\u00fbret\u00e9 de l\u2019Etat : Pourquoi les d\u00e9tenus refusent-ils de sortir de prison ?"},"content":{"rendered":"<p>Les d\u00e9tenus dans l\u2019affaire du complot contre la s\u00fbret\u00e9 de l\u2019Etat auraient refus\u00e9 de sortir de prison. L\u2019avocate et membre du comit\u00e9 de d\u00e9fense Islem Hamza explique les raisons de leur d\u00e9cision.<\/p>\n<p>\t\t\t\t\t\t\t\t\tElle a publi\u00e9, ce jeudi 6 avril 2023, un statut sur sa page Facebook pour indiquer que Chaima Issa, Ghazi Chaouachi, Issam Chebbi, Khayam Turki, Jaouhar Ben Mbarek, Abdelhamid Jlassi, Ridha Belhadj et Mohamed Lazhar Akermi, refusaient d\u00e9sormais de quitter la prison.<\/p>\n<p>Elle explique que ces personnes, toutes accus\u00e9es dans l&rsquo;affaire du complot contre la s\u00fbret\u00e9 de l&rsquo;\u00c9tat refusaient d\u00e9sormais de se rendre aux tribunaux, aux autres afin d\u2019\u00e9viter d\u2019\u00eatre transport\u00e9s dans un v\u00e9hicule sp\u00e9cial.<\/p>\n<p>Selon Islem Hamza, les accus\u00e9s ont d\u00e9j\u00e0 \u00e9t\u00e9 transport\u00e9s dans ce v\u00e9hicule destin\u00e9 au transfert des d\u00e9tenus et ne veulent plus renouveler l\u2019exp\u00e9rience le qualifiant de voiture de la torture.<\/p>\n<p>D\u2019apr\u00e8s la description faite par l\u2019avocate, il s\u2019agit d\u2019un v\u00e9hicule compos\u00e9 d\u2019une cage m\u00e9tallique ne pouvant accueillir qu&rsquo;une seule personne. Le d\u00e9tenu\u00a0 y est install\u00e9, menott\u00e9, mais ne peut garder son \u00e9quilibre.<\/p>\n<p>Durant le trajet, le d\u00e9tenu se cogne la t\u00eate sur les barreaux de la cage, provoquant chez lui des naus\u00e9es. \u00ab\u00a0Ce voyage se transforme en une s\u00e9ance de torture au vrai sens du terme et ela s&rsquo;est produit avec tous les d\u00e9tenus, y compris Chaima Issa, lors de son transfert \u00e0 l&rsquo;h\u00f4pital pour voir un m\u00e9decin\u00a0\u00bb, dit-elle.<\/p>\n","protected":false},"excerpt":{"rendered":"<p>Les d\u00e9tenus dans l\u2019affaire du complot contre la s\u00fbret\u00e9 de l\u2019Etat auraient refus\u00e9 de sortir de prison. L\u2019avocate et membre du comit\u00e9 de d\u00e9fense Islem Hamza expli&#8230;<\/p>\n","protected":false},"author":3162,"featured_media":278025,"comment_status":"open","ping_status":"closed","sticky":false,"template":"","format":"standard","meta":{"footnotes":""},"categories":[44],"tags":[3784,3857,9433,5346,2709],"class_list":["post-204599","post","type-post","status-publish","format-standard","has-post-thumbnail","hentry","category-national","tag-complot","tag-detenus","tag-islem-hamza","tag-surete-de-letat","tag-torture"],"yoast_head":"<!-- This site is optimized with the Yoast SEO Premium plugin v27.4 (Yoast SEO v27.5) - https:\/\/yoast.com\/product\/yoast-seo-premium-wordpress\/ -->\n<title>Complot contre la s\u00fbret\u00e9 de l\u2019Etat : Pourquoi les d\u00e9tenus refusent-ils de sortir de prison ?<\/title>\n<meta name=\"description\" content=\"Les d\u00e9tenus dans l\u2019affaire du complot contre la s\u00fbret\u00e9 de l\u2019Etat auraient refus\u00e9 de sortir de prison. L\u2019avocate et membre du comit\u00e9 de d\u00e9fense Islem Hamza expli...\" \/>\n<link rel=\"canonical\" href=\"https:\/\/www.webdo.tn\/fr\/actualite\/national\/complot-contre-la-surete-de-l-etat-pourquoi-les-detenus-refusent-ils-de-sortir-de-prison\/204599\/\" \/>\n<meta property=\"og:locale\" content=\"fr_FR\" \/>\n<meta property=\"og:type\" content=\"article\" \/>\n<meta property=\"og:title\" content=\"Complot contre la s\u00fbret\u00e9 de l\u2019Etat : Pourquoi les d\u00e9tenus refusent-ils de sortir de prison ?\" \/>\n<meta property=\"og:description\" content=\"Les d\u00e9tenus dans l\u2019affaire du complot contre la s\u00fbret\u00e9 de l\u2019Etat auraient refus\u00e9 de sortir de prison. L\u2019avocate et membre du comit\u00e9 de d\u00e9fense Islem Hamza expli...\" \/>\n<meta property=\"og:url\" content=\"https:\/\/www.webdo.tn\/fr\/actualite\/national\/complot-contre-la-surete-de-l-etat-pourquoi-les-detenus-refusent-ils-de-sortir-de-prison\/204599\/\" \/>\n<meta property=\"og:site_name\" content=\"webdo\" \/>\n<meta property=\"article:publisher\" content=\"https:\/\/www.facebook.com\/webdotn\" \/>\n<meta property=\"article:published_time\" content=\"2023-04-06T09:46:00+00:00\" \/>\n<meta property=\"article:modified_time\" content=\"2025-05-20T22:08:23+00:00\" \/>\n<meta property=\"og:image\" content=\"https:\/\/www.webdo.tn\/fr\/wp-content\/uploads\/2023\/04\/cf27494f4a3d96dbbbdfb297997550de.jpg\" \/>\n\t<meta property=\"og:image:width\" content=\"656\" \/>\n\t<meta property=\"og:image:height\" content=\"350\" \/>\n\t<meta property=\"og:image:type\" content=\"image\/jpeg\" \/>\n<meta name=\"author\" content=\"MC\" \/>\n<meta name=\"twitter:card\" content=\"summary_large_image\" \/>\n<meta name=\"twitter:creator\" content=\"@webdo_tn\" \/>\n<meta name=\"twitter:site\" content=\"@webdo_tn\" \/>\n<meta name=\"twitter:label1\" content=\"\u00c9crit par\" \/>\n\t<meta name=\"twitter:data1\" content=\"MC\" \/>\n\t<meta name=\"twitter:label2\" content=\"Dur\u00e9e de lecture estim\u00e9e\" \/>\n\t<meta name=\"twitter:data2\" content=\"1 minute\" \/>\n<script type=\"application\/ld+json\" class=\"yoast-schema-graph\">{\"@context\":\"https:\\\/\\\/schema.org\",\"@graph\":[{\"@type\":\"NewsArticle\",\"@id\":\"https:\\\/\\\/www.webdo.tn\\\/fr\\\/actualite\\\/national\\\/complot-contre-la-surete-de-l-etat-pourquoi-les-detenus-refusent-ils-de-sortir-de-prison\\\/204599\\\/#article\",\"isPartOf\":{\"@id\":\"https:\\\/\\\/www.webdo.tn\\\/fr\\\/actualite\\\/national\\\/complot-contre-la-surete-de-l-etat-pourquoi-les-detenus-refusent-ils-de-sortir-de-prison\\\/204599\\\/\"},\"author\":{\"name\":\"MC\",\"@id\":\"https:\\\/\\\/www.webdo.tn\\\/fr\\\/#\\\/schema\\\/person\\\/2c4929cbf5a809e3bd38617c6ce150f6\"},\"headline\":\"Complot contre la s\u00fbret\u00e9 de l\u2019Etat : Pourquoi les d\u00e9tenus refusent-ils de sortir de prison ?\",\"datePublished\":\"2023-04-06T09:46:00+00:00\",\"dateModified\":\"2025-05-20T22:08:23+00:00\",\"mainEntityOfPage\":{\"@id\":\"https:\\\/\\\/www.webdo.tn\\\/fr\\\/actualite\\\/national\\\/complot-contre-la-surete-de-l-etat-pourquoi-les-detenus-refusent-ils-de-sortir-de-prison\\\/204599\\\/\"},\"wordCount\":284,\"commentCount\":0,\"publisher\":{\"@id\":\"https:\\\/\\\/www.webdo.tn\\\/fr\\\/#organization\"},\"image\":{\"@id\":\"https:\\\/\\\/www.webdo.tn\\\/fr\\\/actualite\\\/national\\\/complot-contre-la-surete-de-l-etat-pourquoi-les-detenus-refusent-ils-de-sortir-de-prison\\\/204599\\\/#primaryimage\"},\"thumbnailUrl\":\"https:\\\/\\\/www.webdo.tn\\\/fr\\\/wp-content\\\/uploads\\\/2023\\\/04\\\/cf27494f4a3d96dbbbdfb297997550de.jpg\",\"keywords\":[\"complot\",\"d\u00e9tenus\",\"islem hamza\",\"s\u00fbret\u00e9 de l'\u00e9tat\",\"torture\"],\"articleSection\":[\"National\"],\"inLanguage\":\"fr-FR\"},{\"@type\":\"WebPage\",\"@id\":\"https:\\\/\\\/www.webdo.tn\\\/fr\\\/actualite\\\/national\\\/complot-contre-la-surete-de-l-etat-pourquoi-les-detenus-refusent-ils-de-sortir-de-prison\\\/204599\\\/\",\"url\":\"https:\\\/\\\/www.webdo.tn\\\/fr\\\/actualite\\\/national\\\/complot-contre-la-surete-de-l-etat-pourquoi-les-detenus-refusent-ils-de-sortir-de-prison\\\/204599\\\/\",\"name\":\"Complot contre la s\u00fbret\u00e9 de l\u2019Etat : Pourquoi les d\u00e9tenus refusent-ils de sortir de prison ?\",\"isPartOf\":{\"@id\":\"https:\\\/\\\/www.webdo.tn\\\/fr\\\/#website\"},\"primaryImageOfPage\":{\"@id\":\"https:\\\/\\\/www.webdo.tn\\\/fr\\\/actualite\\\/national\\\/complot-contre-la-surete-de-l-etat-pourquoi-les-detenus-refusent-ils-de-sortir-de-prison\\\/204599\\\/#primaryimage\"},\"image\":{\"@id\":\"https:\\\/\\\/www.webdo.tn\\\/fr\\\/actualite\\\/national\\\/complot-contre-la-surete-de-l-etat-pourquoi-les-detenus-refusent-ils-de-sortir-de-prison\\\/204599\\\/#primaryimage\"},\"thumbnailUrl\":\"https:\\\/\\\/www.webdo.tn\\\/fr\\\/wp-content\\\/uploads\\\/2023\\\/04\\\/cf27494f4a3d96dbbbdfb297997550de.jpg\",\"datePublished\":\"2023-04-06T09:46:00+00:00\",\"dateModified\":\"2025-05-20T22:08:23+00:00\",\"description\":\"Les d\u00e9tenus dans l\u2019affaire du complot contre la s\u00fbret\u00e9 de l\u2019Etat auraient refus\u00e9 de sortir de prison. L\u2019avocate et membre du comit\u00e9 de d\u00e9fense Islem Hamza expli...\",\"breadcrumb\":{\"@id\":\"https:\\\/\\\/www.webdo.tn\\\/fr\\\/actualite\\\/national\\\/complot-contre-la-surete-de-l-etat-pourquoi-les-detenus-refusent-ils-de-sortir-de-prison\\\/204599\\\/#breadcrumb\"},\"inLanguage\":\"fr-FR\",\"potentialAction\":[{\"@type\":\"ReadAction\",\"target\":[\"https:\\\/\\\/www.webdo.tn\\\/fr\\\/actualite\\\/national\\\/complot-contre-la-surete-de-l-etat-pourquoi-les-detenus-refusent-ils-de-sortir-de-prison\\\/204599\\\/\"]}]},{\"@type\":\"ImageObject\",\"inLanguage\":\"fr-FR\",\"@id\":\"https:\\\/\\\/www.webdo.tn\\\/fr\\\/actualite\\\/national\\\/complot-contre-la-surete-de-l-etat-pourquoi-les-detenus-refusent-ils-de-sortir-de-prison\\\/204599\\\/#primaryimage\",\"url\":\"https:\\\/\\\/www.webdo.tn\\\/fr\\\/wp-content\\\/uploads\\\/2023\\\/04\\\/cf27494f4a3d96dbbbdfb297997550de.jpg\",\"contentUrl\":\"https:\\\/\\\/www.webdo.tn\\\/fr\\\/wp-content\\\/uploads\\\/2023\\\/04\\\/cf27494f4a3d96dbbbdfb297997550de.jpg\",\"width\":656,\"height\":350,\"caption\":\"Complot contre la s\u00fbret\u00e9 de l\u2019Etat : Pourquoi les d\u00e9tenus refusent-ils de sortir de prison ?\"},{\"@type\":\"BreadcrumbList\",\"@id\":\"https:\\\/\\\/www.webdo.tn\\\/fr\\\/actualite\\\/national\\\/complot-contre-la-surete-de-l-etat-pourquoi-les-detenus-refusent-ils-de-sortir-de-prison\\\/204599\\\/#breadcrumb\",\"itemListElement\":[{\"@type\":\"ListItem\",\"position\":1,\"name\":\"Accueil\",\"item\":\"https:\\\/\\\/www.webdo.tn\\\/fr\\\/\"},{\"@type\":\"ListItem\",\"position\":2,\"name\":\"Complot contre la s\u00fbret\u00e9 de l\u2019Etat : Pourquoi les d\u00e9tenus refusent-ils de sortir de prison ?\"}]},{\"@type\":\"WebSite\",\"@id\":\"https:\\\/\\\/www.webdo.tn\\\/fr\\\/#website\",\"url\":\"https:\\\/\\\/www.webdo.tn\\\/fr\\\/\",\"name\":\"webdo\",\"description\":\"Tunisie - News en Tunisie et \u00e0 l&#039;international sur Webdo.tn\",\"publisher\":{\"@id\":\"https:\\\/\\\/www.webdo.tn\\\/fr\\\/#organization\"},\"potentialAction\":[{\"@type\":\"SearchAction\",\"target\":{\"@type\":\"EntryPoint\",\"urlTemplate\":\"https:\\\/\\\/www.webdo.tn\\\/fr\\\/?s={search_term_string}\"},\"query-input\":{\"@type\":\"PropertyValueSpecification\",\"valueRequired\":true,\"valueName\":\"search_term_string\"}}],\"inLanguage\":\"fr-FR\"},{\"@type\":\"Organization\",\"@id\":\"https:\\\/\\\/www.webdo.tn\\\/fr\\\/#organization\",\"name\":\"Webdo\",\"alternateName\":\"Webdo.tn\",\"url\":\"https:\\\/\\\/www.webdo.tn\\\/fr\\\/\",\"logo\":{\"@type\":\"ImageObject\",\"inLanguage\":\"fr-FR\",\"@id\":\"https:\\\/\\\/www.webdo.tn\\\/fr\\\/#\\\/schema\\\/logo\\\/image\\\/\",\"url\":\"https:\\\/\\\/www.webdo.tn\\\/fr\\\/wp-content\\\/uploads\\\/2025\\\/06\\\/Webdo-Tunisie_168377.jpg\",\"contentUrl\":\"https:\\\/\\\/www.webdo.tn\\\/fr\\\/wp-content\\\/uploads\\\/2025\\\/06\\\/Webdo-Tunisie_168377.jpg\",\"width\":301,\"height\":301,\"caption\":\"Webdo\"},\"image\":{\"@id\":\"https:\\\/\\\/www.webdo.tn\\\/fr\\\/#\\\/schema\\\/logo\\\/image\\\/\"},\"sameAs\":[\"https:\\\/\\\/www.facebook.com\\\/webdotn\",\"https:\\\/\\\/x.com\\\/webdo_tn\"],\"description\":\"Webdo est un m\u00e9dia num\u00e9rique tunisien fond\u00e9 en 2010, sp\u00e9cialis\u00e9 dans l\u2019actualit\u00e9 nationale et internationale, l\u2019\u00e9conomie, la soci\u00e9t\u00e9 et les analyses politiques. Le site s\u2019adresse \u00e0 un large public francophone et couvre l\u2019information tunisienne en temps r\u00e9el.\",\"email\":\"redac@webdo.tn\",\"legalName\":\"YNJ SARL\",\"foundingDate\":\"2010-09-06\",\"numberOfEmployees\":{\"@type\":\"QuantitativeValue\",\"minValue\":\"11\",\"maxValue\":\"50\"}},{\"@type\":\"Person\",\"@id\":\"https:\\\/\\\/www.webdo.tn\\\/fr\\\/#\\\/schema\\\/person\\\/2c4929cbf5a809e3bd38617c6ce150f6\",\"name\":\"MC\",\"image\":{\"@type\":\"ImageObject\",\"inLanguage\":\"fr-FR\",\"@id\":\"https:\\\/\\\/secure.gravatar.com\\\/avatar\\\/a545bbb6f84efdd5553dbbc2895e3ca8f1d12c5215e00a041c9670b54aa9b18a?s=96&d=mm&r=g\",\"url\":\"https:\\\/\\\/secure.gravatar.com\\\/avatar\\\/a545bbb6f84efdd5553dbbc2895e3ca8f1d12c5215e00a041c9670b54aa9b18a?s=96&d=mm&r=g\",\"contentUrl\":\"https:\\\/\\\/secure.gravatar.com\\\/avatar\\\/a545bbb6f84efdd5553dbbc2895e3ca8f1d12c5215e00a041c9670b54aa9b18a?s=96&d=mm&r=g\",\"caption\":\"MC\"},\"url\":\"https:\\\/\\\/www.webdo.tn\\\/fr\\\/actualite\\\/author\\\/mc\\\/\"}]}<\/script>\n<!-- \/ Yoast SEO Premium plugin. -->","yoast_head_json":{"title":"Complot contre la s\u00fbret\u00e9 de l\u2019Etat : Pourquoi les d\u00e9tenus refusent-ils de sortir de prison ?","description":"Les d\u00e9tenus dans l\u2019affaire du complot contre la s\u00fbret\u00e9 de l\u2019Etat auraient refus\u00e9 de sortir de prison. L\u2019avocate et membre du comit\u00e9 de d\u00e9fense Islem Hamza expli...","canonical":"https:\/\/www.webdo.tn\/fr\/actualite\/national\/complot-contre-la-surete-de-l-etat-pourquoi-les-detenus-refusent-ils-de-sortir-de-prison\/204599\/","og_locale":"fr_FR","og_type":"article","og_title":"Complot contre la s\u00fbret\u00e9 de l\u2019Etat : Pourquoi les d\u00e9tenus refusent-ils de sortir de prison ?","og_description":"Les d\u00e9tenus dans l\u2019affaire du complot contre la s\u00fbret\u00e9 de l\u2019Etat auraient refus\u00e9 de sortir de prison. L\u2019avocate et membre du comit\u00e9 de d\u00e9fense Islem Hamza expli...","og_url":"https:\/\/www.webdo.tn\/fr\/actualite\/national\/complot-contre-la-surete-de-l-etat-pourquoi-les-detenus-refusent-ils-de-sortir-de-prison\/204599\/","og_site_name":"webdo","article_publisher":"https:\/\/www.facebook.com\/webdotn","article_published_time":"2023-04-06T09:46:00+00:00","article_modified_time":"2025-05-20T22:08:23+00:00","og_image":[{"width":656,"height":350,"url":"https:\/\/www.webdo.tn\/fr\/wp-content\/uploads\/2023\/04\/cf27494f4a3d96dbbbdfb297997550de.jpg","type":"image\/jpeg"}],"author":"MC","twitter_card":"summary_large_image","twitter_creator":"@webdo_tn","twitter_site":"@webdo_tn","twitter_misc":{"\u00c9crit par":"MC","Dur\u00e9e de lecture estim\u00e9e":"1 minute"},"schema":{"@context":"https:\/\/schema.org","@graph":[{"@type":"NewsArticle","@id":"https:\/\/www.webdo.tn\/fr\/actualite\/national\/complot-contre-la-surete-de-l-etat-pourquoi-les-detenus-refusent-ils-de-sortir-de-prison\/204599\/#article","isPartOf":{"@id":"https:\/\/www.webdo.tn\/fr\/actualite\/national\/complot-contre-la-surete-de-l-etat-pourquoi-les-detenus-refusent-ils-de-sortir-de-prison\/204599\/"},"author":{"name":"MC","@id":"https:\/\/www.webdo.tn\/fr\/#\/schema\/person\/2c4929cbf5a809e3bd38617c6ce150f6"},"headline":"Complot contre la s\u00fbret\u00e9 de l\u2019Etat : Pourquoi les d\u00e9tenus refusent-ils de sortir de prison ?","datePublished":"2023-04-06T09:46:00+00:00","dateModified":"2025-05-20T22:08:23+00:00","mainEntityOfPage":{"@id":"https:\/\/www.webdo.tn\/fr\/actualite\/national\/complot-contre-la-surete-de-l-etat-pourquoi-les-detenus-refusent-ils-de-sortir-de-prison\/204599\/"},"wordCount":284,"commentCount":0,"publisher":{"@id":"https:\/\/www.webdo.tn\/fr\/#organization"},"image":{"@id":"https:\/\/www.webdo.tn\/fr\/actualite\/national\/complot-contre-la-surete-de-l-etat-pourquoi-les-detenus-refusent-ils-de-sortir-de-prison\/204599\/#primaryimage"},"thumbnailUrl":"https:\/\/www.webdo.tn\/fr\/wp-content\/uploads\/2023\/04\/cf27494f4a3d96dbbbdfb297997550de.jpg","keywords":["complot","d\u00e9tenus","islem hamza","s\u00fbret\u00e9 de l'\u00e9tat","torture"],"articleSection":["National"],"inLanguage":"fr-FR"},{"@type":"WebPage","@id":"https:\/\/www.webdo.tn\/fr\/actualite\/national\/complot-contre-la-surete-de-l-etat-pourquoi-les-detenus-refusent-ils-de-sortir-de-prison\/204599\/","url":"https:\/\/www.webdo.tn\/fr\/actualite\/national\/complot-contre-la-surete-de-l-etat-pourquoi-les-detenus-refusent-ils-de-sortir-de-prison\/204599\/","name":"Complot contre la s\u00fbret\u00e9 de l\u2019Etat : Pourquoi les d\u00e9tenus refusent-ils de sortir de prison ?","isPartOf":{"@id":"https:\/\/www.webdo.tn\/fr\/#website"},"primaryImageOfPage":{"@id":"https:\/\/www.webdo.tn\/fr\/actualite\/national\/complot-contre-la-surete-de-l-etat-pourquoi-les-detenus-refusent-ils-de-sortir-de-prison\/204599\/#primaryimage"},"image":{"@id":"https:\/\/www.webdo.tn\/fr\/actualite\/national\/complot-contre-la-surete-de-l-etat-pourquoi-les-detenus-refusent-ils-de-sortir-de-prison\/204599\/#primaryimage"},"thumbnailUrl":"https:\/\/www.webdo.tn\/fr\/wp-content\/uploads\/2023\/04\/cf27494f4a3d96dbbbdfb297997550de.jpg","datePublished":"2023-04-06T09:46:00+00:00","dateModified":"2025-05-20T22:08:23+00:00","description":"Les d\u00e9tenus dans l\u2019affaire du complot contre la s\u00fbret\u00e9 de l\u2019Etat auraient refus\u00e9 de sortir de prison. L\u2019avocate et membre du comit\u00e9 de d\u00e9fense Islem Hamza expli...","breadcrumb":{"@id":"https:\/\/www.webdo.tn\/fr\/actualite\/national\/complot-contre-la-surete-de-l-etat-pourquoi-les-detenus-refusent-ils-de-sortir-de-prison\/204599\/#breadcrumb"},"inLanguage":"fr-FR","potentialAction":[{"@type":"ReadAction","target":["https:\/\/www.webdo.tn\/fr\/actualite\/national\/complot-contre-la-surete-de-l-etat-pourquoi-les-detenus-refusent-ils-de-sortir-de-prison\/204599\/"]}]},{"@type":"ImageObject","inLanguage":"fr-FR","@id":"https:\/\/www.webdo.tn\/fr\/actualite\/national\/complot-contre-la-surete-de-l-etat-pourquoi-les-detenus-refusent-ils-de-sortir-de-prison\/204599\/#primaryimage","url":"https:\/\/www.webdo.tn\/fr\/wp-content\/uploads\/2023\/04\/cf27494f4a3d96dbbbdfb297997550de.jpg","contentUrl":"https:\/\/www.webdo.tn\/fr\/wp-content\/uploads\/2023\/04\/cf27494f4a3d96dbbbdfb297997550de.jpg","width":656,"height":350,"caption":"Complot contre la s\u00fbret\u00e9 de l\u2019Etat : Pourquoi les d\u00e9tenus refusent-ils de sortir de prison ?"},{"@type":"BreadcrumbList","@id":"https:\/\/www.webdo.tn\/fr\/actualite\/national\/complot-contre-la-surete-de-l-etat-pourquoi-les-detenus-refusent-ils-de-sortir-de-prison\/204599\/#breadcrumb","itemListElement":[{"@type":"ListItem","position":1,"name":"Accueil","item":"https:\/\/www.webdo.tn\/fr\/"},{"@type":"ListItem","position":2,"name":"Complot contre la s\u00fbret\u00e9 de l\u2019Etat : Pourquoi les d\u00e9tenus refusent-ils de sortir de prison ?"}]},{"@type":"WebSite","@id":"https:\/\/www.webdo.tn\/fr\/#website","url":"https:\/\/www.webdo.tn\/fr\/","name":"webdo","description":"Tunisie - News en Tunisie et \u00e0 l&#039;international sur Webdo.tn","publisher":{"@id":"https:\/\/www.webdo.tn\/fr\/#organization"},"potentialAction":[{"@type":"SearchAction","target":{"@type":"EntryPoint","urlTemplate":"https:\/\/www.webdo.tn\/fr\/?s={search_term_string}"},"query-input":{"@type":"PropertyValueSpecification","valueRequired":true,"valueName":"search_term_string"}}],"inLanguage":"fr-FR"},{"@type":"Organization","@id":"https:\/\/www.webdo.tn\/fr\/#organization","name":"Webdo","alternateName":"Webdo.tn","url":"https:\/\/www.webdo.tn\/fr\/","logo":{"@type":"ImageObject","inLanguage":"fr-FR","@id":"https:\/\/www.webdo.tn\/fr\/#\/schema\/logo\/image\/","url":"https:\/\/www.webdo.tn\/fr\/wp-content\/uploads\/2025\/06\/Webdo-Tunisie_168377.jpg","contentUrl":"https:\/\/www.webdo.tn\/fr\/wp-content\/uploads\/2025\/06\/Webdo-Tunisie_168377.jpg","width":301,"height":301,"caption":"Webdo"},"image":{"@id":"https:\/\/www.webdo.tn\/fr\/#\/schema\/logo\/image\/"},"sameAs":["https:\/\/www.facebook.com\/webdotn","https:\/\/x.com\/webdo_tn"],"description":"Webdo est un m\u00e9dia num\u00e9rique tunisien fond\u00e9 en 2010, sp\u00e9cialis\u00e9 dans l\u2019actualit\u00e9 nationale et internationale, l\u2019\u00e9conomie, la soci\u00e9t\u00e9 et les analyses politiques. Le site s\u2019adresse \u00e0 un large public francophone et couvre l\u2019information tunisienne en temps r\u00e9el.","email":"redac@webdo.tn","legalName":"YNJ SARL","foundingDate":"2010-09-06","numberOfEmployees":{"@type":"QuantitativeValue","minValue":"11","maxValue":"50"}},{"@type":"Person","@id":"https:\/\/www.webdo.tn\/fr\/#\/schema\/person\/2c4929cbf5a809e3bd38617c6ce150f6","name":"MC","image":{"@type":"ImageObject","inLanguage":"fr-FR","@id":"https:\/\/secure.gravatar.com\/avatar\/a545bbb6f84efdd5553dbbc2895e3ca8f1d12c5215e00a041c9670b54aa9b18a?s=96&d=mm&r=g","url":"https:\/\/secure.gravatar.com\/avatar\/a545bbb6f84efdd5553dbbc2895e3ca8f1d12c5215e00a041c9670b54aa9b18a?s=96&d=mm&r=g","contentUrl":"https:\/\/secure.gravatar.com\/avatar\/a545bbb6f84efdd5553dbbc2895e3ca8f1d12c5215e00a041c9670b54aa9b18a?s=96&d=mm&r=g","caption":"MC"},"url":"https:\/\/www.webdo.tn\/fr\/actualite\/author\/mc\/"}]}},"_links":{"self":[{"href":"https:\/\/www.webdo.tn\/fr\/wp-json\/wp\/v2\/posts\/204599","targetHints":{"allow":["GET"]}}],"collection":[{"href":"https:\/\/www.webdo.tn\/fr\/wp-json\/wp\/v2\/posts"}],"about":[{"href":"https:\/\/www.webdo.tn\/fr\/wp-json\/wp\/v2\/types\/post"}],"author":[{"embeddable":true,"href":"https:\/\/www.webdo.tn\/fr\/wp-json\/wp\/v2\/users\/3162"}],"replies":[{"embeddable":true,"href":"https:\/\/www.webdo.tn\/fr\/wp-json\/wp\/v2\/comments?post=204599"}],"version-history":[{"count":0,"href":"https:\/\/www.webdo.tn\/fr\/wp-json\/wp\/v2\/posts\/204599\/revisions"}],"wp:featuredmedia":[{"embeddable":true,"href":"https:\/\/www.webdo.tn\/fr\/wp-json\/wp\/v2\/media\/278025"}],"wp:attachment":[{"href":"https:\/\/www.webdo.tn\/fr\/wp-json\/wp\/v2\/media?parent=204599"}],"wp:term":[{"taxonomy":"category","embeddable":true,"href":"https:\/\/www.webdo.tn\/fr\/wp-json\/wp\/v2\/categories?post=204599"},{"taxonomy":"post_tag","embeddable":true,"href":"https:\/\/www.webdo.tn\/fr\/wp-json\/wp\/v2\/tags?post=204599"}],"curies":[{"name":"wp","href":"https:\/\/api.w.org\/{rel}","templated":true}]}}