{"id":204588,"date":"2023-04-05T20:00:00","date_gmt":"2023-04-05T20:00:00","guid":{"rendered":"https:\/\/www.webdo.tn\/fr\/blog\/legere-baisse-de-l-inflation-a-10-3\/204588\/"},"modified":"2025-05-17T21:06:14","modified_gmt":"2025-05-17T21:06:14","slug":"legere-baisse-de-l-inflation-a-10-3","status":"publish","type":"post","link":"https:\/\/www.webdo.tn\/fr\/actualite\/national\/legere-baisse-de-l-inflation-a-10-3\/204588\/","title":{"rendered":"L\u00e9g\u00e8re baisse du taux d&rsquo;inflation \u00e0 10,3%"},"content":{"rendered":"<p>Le taux d&rsquo;inflation a enregistr\u00e9 une l\u00e9g\u00e8re regression au mois de mars dernier, \u00e0 10,3%, contre les 10,4% du mois de f\u00e9vrier 2023, selon les chiffres de l&rsquo;Institut national des statistiques en Tunisie (INS).<\/p>\n<p>\t\t\t\t\t\t\t\t\tCette l\u00e9g\u00e8re baisse s&rsquo;explique essentiellement par le\u00a0recul des prix de l&rsquo;habillement et des chaussures, des 9,4% en f\u00e9vrier aux 8,9% en mars.<\/p>\n<p>De m\u00eame, les prix des services de transport ont \u00e9galement ralenti de 12,1% \u00e0 11,4% en mars, et ceux des boissons alcoolis\u00e9es et tabac de 5,6% \u00e0 4,1% en mars.<\/p>\n<p>Il est \u00e0 rappeler qu&rsquo;en janvier dernier,\u00a0le gouverneur de la Banque centrale de Tunisie, Marouane Abassi, a d\u00e9clar\u00e9 que les pr\u00e9visions de la banque indiquaient une hausse de l&rsquo;inflation \u00e0 11% en 2023, contre les 8,3% de 2022.<\/p>\n","protected":false},"excerpt":{"rendered":"<p>Le taux d&rsquo;inflation a enregistr\u00e9 une l\u00e9g\u00e8re regression au mois de mars dernier, \u00e0 10,3%, contre les 10,4% du mois de f\u00e9vrier 2023, selon les chiffres de l&rsquo;Insti&#8230;<\/p>\n","protected":false},"author":3169,"featured_media":278020,"comment_status":"open","ping_status":"closed","sticky":false,"template":"","format":"standard","meta":{"footnotes":""},"categories":[44],"tags":[3154,9430,2608],"class_list":["post-204588","post","type-post","status-publish","format-standard","has-post-thumbnail","hentry","category-national","tag-economie","tag-taux-inflation","tag-tunisie"],"yoast_head":"<!-- This site is optimized with the Yoast SEO Premium plugin v27.4 (Yoast SEO v27.4) - https:\/\/yoast.com\/product\/yoast-seo-premium-wordpress\/ -->\n<title>L\u00e9g\u00e8re baisse du taux d&#039;inflation \u00e0 10,3%<\/title>\n<meta name=\"description\" content=\"Le taux d&#039;inflation a enregistr\u00e9 une l\u00e9g\u00e8re regression au mois de mars dernier, \u00e0 10,3%, contre les 10,4% du mois de f\u00e9vrier 2023, selon les chiffres de l&#039;Insti...\" \/>\n<link rel=\"canonical\" href=\"https:\/\/www.webdo.tn\/fr\/actualite\/national\/legere-baisse-de-l-inflation-a-10-3\/204588\/\" \/>\n<meta property=\"og:locale\" content=\"fr_FR\" \/>\n<meta property=\"og:type\" content=\"article\" \/>\n<meta property=\"og:title\" content=\"L\u00e9g\u00e8re baisse du taux d&#039;inflation \u00e0 10,3%\" \/>\n<meta property=\"og:description\" content=\"Le taux d&#039;inflation a enregistr\u00e9 une l\u00e9g\u00e8re regression au mois de mars dernier, \u00e0 10,3%, contre les 10,4% du mois de f\u00e9vrier 2023, selon les chiffres de l&#039;Insti...\" \/>\n<meta property=\"og:url\" content=\"https:\/\/www.webdo.tn\/fr\/actualite\/national\/legere-baisse-de-l-inflation-a-10-3\/204588\/\" \/>\n<meta property=\"og:site_name\" content=\"webdo\" \/>\n<meta property=\"article:publisher\" content=\"https:\/\/www.facebook.com\/webdotn\" \/>\n<meta property=\"article:published_time\" content=\"2023-04-05T20:00:00+00:00\" \/>\n<meta property=\"article:modified_time\" content=\"2025-05-17T21:06:14+00:00\" \/>\n<meta property=\"og:image\" content=\"https:\/\/www.webdo.tn\/fr\/wp-content\/uploads\/2023\/04\/ea367770fd02518b6c39a4e07c740ee4.jpg\" \/>\n\t<meta property=\"og:image:width\" content=\"665\" \/>\n\t<meta property=\"og:image:height\" content=\"355\" \/>\n\t<meta property=\"og:image:type\" content=\"image\/jpeg\" \/>\n<meta name=\"author\" content=\"Webdo\" \/>\n<meta name=\"twitter:card\" content=\"summary_large_image\" \/>\n<meta name=\"twitter:creator\" content=\"@webdo_tn\" \/>\n<meta name=\"twitter:site\" content=\"@webdo_tn\" \/>\n<meta name=\"twitter:label1\" content=\"\u00c9crit par\" \/>\n\t<meta name=\"twitter:data1\" content=\"Webdo\" \/>\n\t<meta name=\"twitter:label2\" content=\"Dur\u00e9e de lecture estim\u00e9e\" \/>\n\t<meta name=\"twitter:data2\" content=\"1 minute\" \/>\n<script type=\"application\/ld+json\" class=\"yoast-schema-graph\">{\"@context\":\"https:\\\/\\\/schema.org\",\"@graph\":[{\"@type\":\"NewsArticle\",\"@id\":\"https:\\\/\\\/www.webdo.tn\\\/fr\\\/actualite\\\/national\\\/legere-baisse-de-l-inflation-a-10-3\\\/204588\\\/#article\",\"isPartOf\":{\"@id\":\"https:\\\/\\\/www.webdo.tn\\\/fr\\\/actualite\\\/national\\\/legere-baisse-de-l-inflation-a-10-3\\\/204588\\\/\"},\"author\":{\"name\":\"Webdo\",\"@id\":\"https:\\\/\\\/www.webdo.tn\\\/fr\\\/#\\\/schema\\\/person\\\/1f4e491e0907b413d61089e8eb573acc\"},\"headline\":\"L\u00e9g\u00e8re baisse du taux d&rsquo;inflation \u00e0 10,3%\",\"datePublished\":\"2023-04-05T20:00:00+00:00\",\"dateModified\":\"2025-05-17T21:06:14+00:00\",\"mainEntityOfPage\":{\"@id\":\"https:\\\/\\\/www.webdo.tn\\\/fr\\\/actualite\\\/national\\\/legere-baisse-de-l-inflation-a-10-3\\\/204588\\\/\"},\"wordCount\":132,\"commentCount\":0,\"publisher\":{\"@id\":\"https:\\\/\\\/www.webdo.tn\\\/fr\\\/#organization\"},\"image\":{\"@id\":\"https:\\\/\\\/www.webdo.tn\\\/fr\\\/actualite\\\/national\\\/legere-baisse-de-l-inflation-a-10-3\\\/204588\\\/#primaryimage\"},\"thumbnailUrl\":\"https:\\\/\\\/www.webdo.tn\\\/fr\\\/wp-content\\\/uploads\\\/2023\\\/04\\\/ea367770fd02518b6c39a4e07c740ee4.jpg\",\"keywords\":[\"\u00e9conomie\",\"taux inflation\",\"Tunisie\"],\"articleSection\":[\"National\"],\"inLanguage\":\"fr-FR\"},{\"@type\":\"WebPage\",\"@id\":\"https:\\\/\\\/www.webdo.tn\\\/fr\\\/actualite\\\/national\\\/legere-baisse-de-l-inflation-a-10-3\\\/204588\\\/\",\"url\":\"https:\\\/\\\/www.webdo.tn\\\/fr\\\/actualite\\\/national\\\/legere-baisse-de-l-inflation-a-10-3\\\/204588\\\/\",\"name\":\"L\u00e9g\u00e8re baisse du taux d'inflation \u00e0 10,3%\",\"isPartOf\":{\"@id\":\"https:\\\/\\\/www.webdo.tn\\\/fr\\\/#website\"},\"primaryImageOfPage\":{\"@id\":\"https:\\\/\\\/www.webdo.tn\\\/fr\\\/actualite\\\/national\\\/legere-baisse-de-l-inflation-a-10-3\\\/204588\\\/#primaryimage\"},\"image\":{\"@id\":\"https:\\\/\\\/www.webdo.tn\\\/fr\\\/actualite\\\/national\\\/legere-baisse-de-l-inflation-a-10-3\\\/204588\\\/#primaryimage\"},\"thumbnailUrl\":\"https:\\\/\\\/www.webdo.tn\\\/fr\\\/wp-content\\\/uploads\\\/2023\\\/04\\\/ea367770fd02518b6c39a4e07c740ee4.jpg\",\"datePublished\":\"2023-04-05T20:00:00+00:00\",\"dateModified\":\"2025-05-17T21:06:14+00:00\",\"description\":\"Le taux d'inflation a enregistr\u00e9 une l\u00e9g\u00e8re regression au mois de mars dernier, \u00e0 10,3%, contre les 10,4% du mois de f\u00e9vrier 2023, selon les chiffres de l'Insti...\",\"breadcrumb\":{\"@id\":\"https:\\\/\\\/www.webdo.tn\\\/fr\\\/actualite\\\/national\\\/legere-baisse-de-l-inflation-a-10-3\\\/204588\\\/#breadcrumb\"},\"inLanguage\":\"fr-FR\",\"potentialAction\":[{\"@type\":\"ReadAction\",\"target\":[\"https:\\\/\\\/www.webdo.tn\\\/fr\\\/actualite\\\/national\\\/legere-baisse-de-l-inflation-a-10-3\\\/204588\\\/\"]}]},{\"@type\":\"ImageObject\",\"inLanguage\":\"fr-FR\",\"@id\":\"https:\\\/\\\/www.webdo.tn\\\/fr\\\/actualite\\\/national\\\/legere-baisse-de-l-inflation-a-10-3\\\/204588\\\/#primaryimage\",\"url\":\"https:\\\/\\\/www.webdo.tn\\\/fr\\\/wp-content\\\/uploads\\\/2023\\\/04\\\/ea367770fd02518b6c39a4e07c740ee4.jpg\",\"contentUrl\":\"https:\\\/\\\/www.webdo.tn\\\/fr\\\/wp-content\\\/uploads\\\/2023\\\/04\\\/ea367770fd02518b6c39a4e07c740ee4.jpg\",\"width\":665,\"height\":355,\"caption\":\"L\u00e9g\u00e8re baisse du taux d'inflation \u00e0 10,3%\"},{\"@type\":\"BreadcrumbList\",\"@id\":\"https:\\\/\\\/www.webdo.tn\\\/fr\\\/actualite\\\/national\\\/legere-baisse-de-l-inflation-a-10-3\\\/204588\\\/#breadcrumb\",\"itemListElement\":[{\"@type\":\"ListItem\",\"position\":1,\"name\":\"Accueil\",\"item\":\"https:\\\/\\\/www.webdo.tn\\\/fr\\\/\"},{\"@type\":\"ListItem\",\"position\":2,\"name\":\"L\u00e9g\u00e8re baisse du taux d&rsquo;inflation \u00e0 10,3%\"}]},{\"@type\":\"WebSite\",\"@id\":\"https:\\\/\\\/www.webdo.tn\\\/fr\\\/#website\",\"url\":\"https:\\\/\\\/www.webdo.tn\\\/fr\\\/\",\"name\":\"webdo\",\"description\":\"Tunisie - News en Tunisie et \u00e0 l&#039;international sur Webdo.tn\",\"publisher\":{\"@id\":\"https:\\\/\\\/www.webdo.tn\\\/fr\\\/#organization\"},\"potentialAction\":[{\"@type\":\"SearchAction\",\"target\":{\"@type\":\"EntryPoint\",\"urlTemplate\":\"https:\\\/\\\/www.webdo.tn\\\/fr\\\/?s={search_term_string}\"},\"query-input\":{\"@type\":\"PropertyValueSpecification\",\"valueRequired\":true,\"valueName\":\"search_term_string\"}}],\"inLanguage\":\"fr-FR\"},{\"@type\":\"Organization\",\"@id\":\"https:\\\/\\\/www.webdo.tn\\\/fr\\\/#organization\",\"name\":\"Webdo\",\"alternateName\":\"Webdo.tn\",\"url\":\"https:\\\/\\\/www.webdo.tn\\\/fr\\\/\",\"logo\":{\"@type\":\"ImageObject\",\"inLanguage\":\"fr-FR\",\"@id\":\"https:\\\/\\\/www.webdo.tn\\\/fr\\\/#\\\/schema\\\/logo\\\/image\\\/\",\"url\":\"https:\\\/\\\/www.webdo.tn\\\/fr\\\/wp-content\\\/uploads\\\/2025\\\/06\\\/Webdo-Tunisie_168377.jpg\",\"contentUrl\":\"https:\\\/\\\/www.webdo.tn\\\/fr\\\/wp-content\\\/uploads\\\/2025\\\/06\\\/Webdo-Tunisie_168377.jpg\",\"width\":301,\"height\":301,\"caption\":\"Webdo\"},\"image\":{\"@id\":\"https:\\\/\\\/www.webdo.tn\\\/fr\\\/#\\\/schema\\\/logo\\\/image\\\/\"},\"sameAs\":[\"https:\\\/\\\/www.facebook.com\\\/webdotn\",\"https:\\\/\\\/x.com\\\/webdo_tn\"],\"description\":\"Webdo est un m\u00e9dia num\u00e9rique tunisien fond\u00e9 en 2010, sp\u00e9cialis\u00e9 dans l\u2019actualit\u00e9 nationale et internationale, l\u2019\u00e9conomie, la soci\u00e9t\u00e9 et les analyses politiques. Le site s\u2019adresse \u00e0 un large public francophone et couvre l\u2019information tunisienne en temps r\u00e9el.\",\"email\":\"redac@webdo.tn\",\"legalName\":\"YNJ SARL\",\"foundingDate\":\"2010-09-06\",\"numberOfEmployees\":{\"@type\":\"QuantitativeValue\",\"minValue\":\"11\",\"maxValue\":\"50\"}},{\"@type\":\"Person\",\"@id\":\"https:\\\/\\\/www.webdo.tn\\\/fr\\\/#\\\/schema\\\/person\\\/1f4e491e0907b413d61089e8eb573acc\",\"name\":\"Webdo\",\"image\":{\"@type\":\"ImageObject\",\"inLanguage\":\"fr-FR\",\"@id\":\"https:\\\/\\\/secure.gravatar.com\\\/avatar\\\/de97aeec1bb80978a9dbb127e47dfc88aaacb2f3c29aac907d8d3222e3495d49?s=96&d=mm&r=g\",\"url\":\"https:\\\/\\\/secure.gravatar.com\\\/avatar\\\/de97aeec1bb80978a9dbb127e47dfc88aaacb2f3c29aac907d8d3222e3495d49?s=96&d=mm&r=g\",\"contentUrl\":\"https:\\\/\\\/secure.gravatar.com\\\/avatar\\\/de97aeec1bb80978a9dbb127e47dfc88aaacb2f3c29aac907d8d3222e3495d49?s=96&d=mm&r=g\",\"caption\":\"Webdo\"},\"url\":\"https:\\\/\\\/www.webdo.tn\\\/fr\\\/actualite\\\/author\\\/webdo\\\/\"}]}<\/script>\n<!-- \/ Yoast SEO Premium plugin. -->","yoast_head_json":{"title":"L\u00e9g\u00e8re baisse du taux d'inflation \u00e0 10,3%","description":"Le taux d'inflation a enregistr\u00e9 une l\u00e9g\u00e8re regression au mois de mars dernier, \u00e0 10,3%, contre les 10,4% du mois de f\u00e9vrier 2023, selon les chiffres de l'Insti...","canonical":"https:\/\/www.webdo.tn\/fr\/actualite\/national\/legere-baisse-de-l-inflation-a-10-3\/204588\/","og_locale":"fr_FR","og_type":"article","og_title":"L\u00e9g\u00e8re baisse du taux d'inflation \u00e0 10,3%","og_description":"Le taux d'inflation a enregistr\u00e9 une l\u00e9g\u00e8re regression au mois de mars dernier, \u00e0 10,3%, contre les 10,4% du mois de f\u00e9vrier 2023, selon les chiffres de l'Insti...","og_url":"https:\/\/www.webdo.tn\/fr\/actualite\/national\/legere-baisse-de-l-inflation-a-10-3\/204588\/","og_site_name":"webdo","article_publisher":"https:\/\/www.facebook.com\/webdotn","article_published_time":"2023-04-05T20:00:00+00:00","article_modified_time":"2025-05-17T21:06:14+00:00","og_image":[{"width":665,"height":355,"url":"https:\/\/www.webdo.tn\/fr\/wp-content\/uploads\/2023\/04\/ea367770fd02518b6c39a4e07c740ee4.jpg","type":"image\/jpeg"}],"author":"Webdo","twitter_card":"summary_large_image","twitter_creator":"@webdo_tn","twitter_site":"@webdo_tn","twitter_misc":{"\u00c9crit par":"Webdo","Dur\u00e9e de lecture estim\u00e9e":"1 minute"},"schema":{"@context":"https:\/\/schema.org","@graph":[{"@type":"NewsArticle","@id":"https:\/\/www.webdo.tn\/fr\/actualite\/national\/legere-baisse-de-l-inflation-a-10-3\/204588\/#article","isPartOf":{"@id":"https:\/\/www.webdo.tn\/fr\/actualite\/national\/legere-baisse-de-l-inflation-a-10-3\/204588\/"},"author":{"name":"Webdo","@id":"https:\/\/www.webdo.tn\/fr\/#\/schema\/person\/1f4e491e0907b413d61089e8eb573acc"},"headline":"L\u00e9g\u00e8re baisse du taux d&rsquo;inflation \u00e0 10,3%","datePublished":"2023-04-05T20:00:00+00:00","dateModified":"2025-05-17T21:06:14+00:00","mainEntityOfPage":{"@id":"https:\/\/www.webdo.tn\/fr\/actualite\/national\/legere-baisse-de-l-inflation-a-10-3\/204588\/"},"wordCount":132,"commentCount":0,"publisher":{"@id":"https:\/\/www.webdo.tn\/fr\/#organization"},"image":{"@id":"https:\/\/www.webdo.tn\/fr\/actualite\/national\/legere-baisse-de-l-inflation-a-10-3\/204588\/#primaryimage"},"thumbnailUrl":"https:\/\/www.webdo.tn\/fr\/wp-content\/uploads\/2023\/04\/ea367770fd02518b6c39a4e07c740ee4.jpg","keywords":["\u00e9conomie","taux inflation","Tunisie"],"articleSection":["National"],"inLanguage":"fr-FR"},{"@type":"WebPage","@id":"https:\/\/www.webdo.tn\/fr\/actualite\/national\/legere-baisse-de-l-inflation-a-10-3\/204588\/","url":"https:\/\/www.webdo.tn\/fr\/actualite\/national\/legere-baisse-de-l-inflation-a-10-3\/204588\/","name":"L\u00e9g\u00e8re baisse du taux d'inflation \u00e0 10,3%","isPartOf":{"@id":"https:\/\/www.webdo.tn\/fr\/#website"},"primaryImageOfPage":{"@id":"https:\/\/www.webdo.tn\/fr\/actualite\/national\/legere-baisse-de-l-inflation-a-10-3\/204588\/#primaryimage"},"image":{"@id":"https:\/\/www.webdo.tn\/fr\/actualite\/national\/legere-baisse-de-l-inflation-a-10-3\/204588\/#primaryimage"},"thumbnailUrl":"https:\/\/www.webdo.tn\/fr\/wp-content\/uploads\/2023\/04\/ea367770fd02518b6c39a4e07c740ee4.jpg","datePublished":"2023-04-05T20:00:00+00:00","dateModified":"2025-05-17T21:06:14+00:00","description":"Le taux d'inflation a enregistr\u00e9 une l\u00e9g\u00e8re regression au mois de mars dernier, \u00e0 10,3%, contre les 10,4% du mois de f\u00e9vrier 2023, selon les chiffres de l'Insti...","breadcrumb":{"@id":"https:\/\/www.webdo.tn\/fr\/actualite\/national\/legere-baisse-de-l-inflation-a-10-3\/204588\/#breadcrumb"},"inLanguage":"fr-FR","potentialAction":[{"@type":"ReadAction","target":["https:\/\/www.webdo.tn\/fr\/actualite\/national\/legere-baisse-de-l-inflation-a-10-3\/204588\/"]}]},{"@type":"ImageObject","inLanguage":"fr-FR","@id":"https:\/\/www.webdo.tn\/fr\/actualite\/national\/legere-baisse-de-l-inflation-a-10-3\/204588\/#primaryimage","url":"https:\/\/www.webdo.tn\/fr\/wp-content\/uploads\/2023\/04\/ea367770fd02518b6c39a4e07c740ee4.jpg","contentUrl":"https:\/\/www.webdo.tn\/fr\/wp-content\/uploads\/2023\/04\/ea367770fd02518b6c39a4e07c740ee4.jpg","width":665,"height":355,"caption":"L\u00e9g\u00e8re baisse du taux d'inflation \u00e0 10,3%"},{"@type":"BreadcrumbList","@id":"https:\/\/www.webdo.tn\/fr\/actualite\/national\/legere-baisse-de-l-inflation-a-10-3\/204588\/#breadcrumb","itemListElement":[{"@type":"ListItem","position":1,"name":"Accueil","item":"https:\/\/www.webdo.tn\/fr\/"},{"@type":"ListItem","position":2,"name":"L\u00e9g\u00e8re baisse du taux d&rsquo;inflation \u00e0 10,3%"}]},{"@type":"WebSite","@id":"https:\/\/www.webdo.tn\/fr\/#website","url":"https:\/\/www.webdo.tn\/fr\/","name":"webdo","description":"Tunisie - News en Tunisie et \u00e0 l&#039;international sur Webdo.tn","publisher":{"@id":"https:\/\/www.webdo.tn\/fr\/#organization"},"potentialAction":[{"@type":"SearchAction","target":{"@type":"EntryPoint","urlTemplate":"https:\/\/www.webdo.tn\/fr\/?s={search_term_string}"},"query-input":{"@type":"PropertyValueSpecification","valueRequired":true,"valueName":"search_term_string"}}],"inLanguage":"fr-FR"},{"@type":"Organization","@id":"https:\/\/www.webdo.tn\/fr\/#organization","name":"Webdo","alternateName":"Webdo.tn","url":"https:\/\/www.webdo.tn\/fr\/","logo":{"@type":"ImageObject","inLanguage":"fr-FR","@id":"https:\/\/www.webdo.tn\/fr\/#\/schema\/logo\/image\/","url":"https:\/\/www.webdo.tn\/fr\/wp-content\/uploads\/2025\/06\/Webdo-Tunisie_168377.jpg","contentUrl":"https:\/\/www.webdo.tn\/fr\/wp-content\/uploads\/2025\/06\/Webdo-Tunisie_168377.jpg","width":301,"height":301,"caption":"Webdo"},"image":{"@id":"https:\/\/www.webdo.tn\/fr\/#\/schema\/logo\/image\/"},"sameAs":["https:\/\/www.facebook.com\/webdotn","https:\/\/x.com\/webdo_tn"],"description":"Webdo est un m\u00e9dia num\u00e9rique tunisien fond\u00e9 en 2010, sp\u00e9cialis\u00e9 dans l\u2019actualit\u00e9 nationale et internationale, l\u2019\u00e9conomie, la soci\u00e9t\u00e9 et les analyses politiques. Le site s\u2019adresse \u00e0 un large public francophone et couvre l\u2019information tunisienne en temps r\u00e9el.","email":"redac@webdo.tn","legalName":"YNJ SARL","foundingDate":"2010-09-06","numberOfEmployees":{"@type":"QuantitativeValue","minValue":"11","maxValue":"50"}},{"@type":"Person","@id":"https:\/\/www.webdo.tn\/fr\/#\/schema\/person\/1f4e491e0907b413d61089e8eb573acc","name":"Webdo","image":{"@type":"ImageObject","inLanguage":"fr-FR","@id":"https:\/\/secure.gravatar.com\/avatar\/de97aeec1bb80978a9dbb127e47dfc88aaacb2f3c29aac907d8d3222e3495d49?s=96&d=mm&r=g","url":"https:\/\/secure.gravatar.com\/avatar\/de97aeec1bb80978a9dbb127e47dfc88aaacb2f3c29aac907d8d3222e3495d49?s=96&d=mm&r=g","contentUrl":"https:\/\/secure.gravatar.com\/avatar\/de97aeec1bb80978a9dbb127e47dfc88aaacb2f3c29aac907d8d3222e3495d49?s=96&d=mm&r=g","caption":"Webdo"},"url":"https:\/\/www.webdo.tn\/fr\/actualite\/author\/webdo\/"}]}},"_links":{"self":[{"href":"https:\/\/www.webdo.tn\/fr\/wp-json\/wp\/v2\/posts\/204588","targetHints":{"allow":["GET"]}}],"collection":[{"href":"https:\/\/www.webdo.tn\/fr\/wp-json\/wp\/v2\/posts"}],"about":[{"href":"https:\/\/www.webdo.tn\/fr\/wp-json\/wp\/v2\/types\/post"}],"author":[{"embeddable":true,"href":"https:\/\/www.webdo.tn\/fr\/wp-json\/wp\/v2\/users\/3169"}],"replies":[{"embeddable":true,"href":"https:\/\/www.webdo.tn\/fr\/wp-json\/wp\/v2\/comments?post=204588"}],"version-history":[{"count":0,"href":"https:\/\/www.webdo.tn\/fr\/wp-json\/wp\/v2\/posts\/204588\/revisions"}],"wp:featuredmedia":[{"embeddable":true,"href":"https:\/\/www.webdo.tn\/fr\/wp-json\/wp\/v2\/media\/278020"}],"wp:attachment":[{"href":"https:\/\/www.webdo.tn\/fr\/wp-json\/wp\/v2\/media?parent=204588"}],"wp:term":[{"taxonomy":"category","embeddable":true,"href":"https:\/\/www.webdo.tn\/fr\/wp-json\/wp\/v2\/categories?post=204588"},{"taxonomy":"post_tag","embeddable":true,"href":"https:\/\/www.webdo.tn\/fr\/wp-json\/wp\/v2\/tags?post=204588"}],"curies":[{"name":"wp","href":"https:\/\/api.w.org\/{rel}","templated":true}]}}