{"id":204580,"date":"2023-04-05T15:00:00","date_gmt":"2023-04-05T15:00:00","guid":{"rendered":"https:\/\/www.webdo.tn\/fr\/blog\/mohamed-boughalleb-convoque-par-la-brigade-criminelle-d-el-gorjani\/204580\/"},"modified":"2025-05-20T22:01:02","modified_gmt":"2025-05-20T22:01:02","slug":"mohamed-boughalleb-convoque-par-la-brigade-criminelle-d-el-gorjani","status":"publish","type":"post","link":"https:\/\/www.webdo.tn\/fr\/actualite\/national\/mohamed-boughalleb-convoque-par-la-brigade-criminelle-d-el-gorjani\/204580\/","title":{"rendered":"Mohamed Boughalleb convoqu\u00e9 par la Brigade criminelle d\u2019El Gorjani"},"content":{"rendered":"<p>Le chroniqueur indique avoir \u00e9t\u00e9 convoqu\u00e9 par la brigade criminelle.<\/p>\n<p>\t\t\t\t\t\t\t\t\tMohamed Boughalleb a indiqu\u00e9, dans un message post\u00e9 sur Facebook, ce mercredi 5 avril 2023, qu\u2019il fait l\u2019objet d\u2019une convocation de la part la brigade criminelle d\u2019El Gorjani.<\/p>\n<p>Il a \u00e9t\u00e9 invit\u00e9 \u00e0 se rendre, demain, jeudi 6 avril 2023 au si\u00e8ge de la brigade criminelle pour compara\u00eetre en tant qu&rsquo;accus\u00e9, indique-t-il.<\/p>\n","protected":false},"excerpt":{"rendered":"<p>Le chroniqueur indique avoir \u00e9t\u00e9 convoqu\u00e9 par la brigade criminelle.<\/p>\n","protected":false},"author":3162,"featured_media":251523,"comment_status":"open","ping_status":"closed","sticky":false,"template":"","format":"standard","meta":{"footnotes":""},"categories":[44],"tags":[8593,5119,3939],"class_list":["post-204580","post","type-post","status-publish","format-standard","has-post-thumbnail","hentry","category-national","tag-brigade-criminelle","tag-convocation","tag-mohamed-boughalleb"],"yoast_head":"<!-- This site is optimized with the Yoast SEO Premium plugin v27.5 (Yoast SEO v27.5) - https:\/\/yoast.com\/product\/yoast-seo-premium-wordpress\/ -->\n<title>Mohamed Boughalleb convoqu\u00e9 par la Brigade criminelle d\u2019El Gorjani<\/title>\n<meta name=\"description\" content=\"Le chroniqueur indique avoir \u00e9t\u00e9 convoqu\u00e9 par la brigade criminelle.\" \/>\n<link rel=\"canonical\" href=\"https:\/\/www.webdo.tn\/fr\/actualite\/national\/mohamed-boughalleb-convoque-par-la-brigade-criminelle-d-el-gorjani\/204580\/\" \/>\n<meta property=\"og:locale\" content=\"fr_FR\" \/>\n<meta property=\"og:type\" content=\"article\" \/>\n<meta property=\"og:title\" content=\"Mohamed Boughalleb convoqu\u00e9 par la Brigade criminelle d\u2019El Gorjani\" \/>\n<meta property=\"og:description\" content=\"Le chroniqueur indique avoir \u00e9t\u00e9 convoqu\u00e9 par la brigade criminelle.\" \/>\n<meta property=\"og:url\" content=\"https:\/\/www.webdo.tn\/fr\/actualite\/national\/mohamed-boughalleb-convoque-par-la-brigade-criminelle-d-el-gorjani\/204580\/\" \/>\n<meta property=\"og:site_name\" content=\"webdo\" \/>\n<meta property=\"article:publisher\" content=\"https:\/\/www.facebook.com\/webdotn\" \/>\n<meta property=\"article:published_time\" content=\"2023-04-05T15:00:00+00:00\" \/>\n<meta property=\"article:modified_time\" content=\"2025-05-20T22:01:02+00:00\" \/>\n<meta property=\"og:image\" content=\"https:\/\/www.webdo.tn\/fr\/wp-content\/uploads\/2023\/04\/f419db40be31e922d2b1bebd94cdde52.jpg\" \/>\n\t<meta property=\"og:image:width\" content=\"750\" \/>\n\t<meta property=\"og:image:height\" content=\"400\" \/>\n\t<meta property=\"og:image:type\" content=\"image\/jpeg\" \/>\n<meta name=\"author\" content=\"MC\" \/>\n<meta name=\"twitter:card\" content=\"summary_large_image\" \/>\n<meta name=\"twitter:creator\" content=\"@webdo_tn\" \/>\n<meta name=\"twitter:site\" content=\"@webdo_tn\" \/>\n<meta name=\"twitter:label1\" content=\"\u00c9crit par\" \/>\n\t<meta name=\"twitter:data1\" content=\"MC\" \/>\n<script type=\"application\/ld+json\" class=\"yoast-schema-graph\">{\"@context\":\"https:\\\/\\\/schema.org\",\"@graph\":[{\"@type\":\"NewsArticle\",\"@id\":\"https:\\\/\\\/www.webdo.tn\\\/fr\\\/actualite\\\/national\\\/mohamed-boughalleb-convoque-par-la-brigade-criminelle-d-el-gorjani\\\/204580\\\/#article\",\"isPartOf\":{\"@id\":\"https:\\\/\\\/www.webdo.tn\\\/fr\\\/actualite\\\/national\\\/mohamed-boughalleb-convoque-par-la-brigade-criminelle-d-el-gorjani\\\/204580\\\/\"},\"author\":{\"name\":\"MC\",\"@id\":\"https:\\\/\\\/www.webdo.tn\\\/fr\\\/#\\\/schema\\\/person\\\/2c4929cbf5a809e3bd38617c6ce150f6\"},\"headline\":\"Mohamed Boughalleb convoqu\u00e9 par la Brigade criminelle d\u2019El Gorjani\",\"datePublished\":\"2023-04-05T15:00:00+00:00\",\"dateModified\":\"2025-05-20T22:01:02+00:00\",\"mainEntityOfPage\":{\"@id\":\"https:\\\/\\\/www.webdo.tn\\\/fr\\\/actualite\\\/national\\\/mohamed-boughalleb-convoque-par-la-brigade-criminelle-d-el-gorjani\\\/204580\\\/\"},\"wordCount\":74,\"commentCount\":0,\"publisher\":{\"@id\":\"https:\\\/\\\/www.webdo.tn\\\/fr\\\/#organization\"},\"image\":{\"@id\":\"https:\\\/\\\/www.webdo.tn\\\/fr\\\/actualite\\\/national\\\/mohamed-boughalleb-convoque-par-la-brigade-criminelle-d-el-gorjani\\\/204580\\\/#primaryimage\"},\"thumbnailUrl\":\"https:\\\/\\\/www.webdo.tn\\\/fr\\\/wp-content\\\/uploads\\\/2023\\\/04\\\/f419db40be31e922d2b1bebd94cdde52.jpg\",\"keywords\":[\"brigade criminelle\",\"convocation\",\"mohamed boughalleb\"],\"articleSection\":[\"National\"],\"inLanguage\":\"fr-FR\"},{\"@type\":\"WebPage\",\"@id\":\"https:\\\/\\\/www.webdo.tn\\\/fr\\\/actualite\\\/national\\\/mohamed-boughalleb-convoque-par-la-brigade-criminelle-d-el-gorjani\\\/204580\\\/\",\"url\":\"https:\\\/\\\/www.webdo.tn\\\/fr\\\/actualite\\\/national\\\/mohamed-boughalleb-convoque-par-la-brigade-criminelle-d-el-gorjani\\\/204580\\\/\",\"name\":\"Mohamed Boughalleb convoqu\u00e9 par la Brigade criminelle d\u2019El Gorjani\",\"isPartOf\":{\"@id\":\"https:\\\/\\\/www.webdo.tn\\\/fr\\\/#website\"},\"primaryImageOfPage\":{\"@id\":\"https:\\\/\\\/www.webdo.tn\\\/fr\\\/actualite\\\/national\\\/mohamed-boughalleb-convoque-par-la-brigade-criminelle-d-el-gorjani\\\/204580\\\/#primaryimage\"},\"image\":{\"@id\":\"https:\\\/\\\/www.webdo.tn\\\/fr\\\/actualite\\\/national\\\/mohamed-boughalleb-convoque-par-la-brigade-criminelle-d-el-gorjani\\\/204580\\\/#primaryimage\"},\"thumbnailUrl\":\"https:\\\/\\\/www.webdo.tn\\\/fr\\\/wp-content\\\/uploads\\\/2023\\\/04\\\/f419db40be31e922d2b1bebd94cdde52.jpg\",\"datePublished\":\"2023-04-05T15:00:00+00:00\",\"dateModified\":\"2025-05-20T22:01:02+00:00\",\"description\":\"Le chroniqueur indique avoir \u00e9t\u00e9 convoqu\u00e9 par la brigade criminelle.\",\"breadcrumb\":{\"@id\":\"https:\\\/\\\/www.webdo.tn\\\/fr\\\/actualite\\\/national\\\/mohamed-boughalleb-convoque-par-la-brigade-criminelle-d-el-gorjani\\\/204580\\\/#breadcrumb\"},\"inLanguage\":\"fr-FR\",\"potentialAction\":[{\"@type\":\"ReadAction\",\"target\":[\"https:\\\/\\\/www.webdo.tn\\\/fr\\\/actualite\\\/national\\\/mohamed-boughalleb-convoque-par-la-brigade-criminelle-d-el-gorjani\\\/204580\\\/\"]}]},{\"@type\":\"ImageObject\",\"inLanguage\":\"fr-FR\",\"@id\":\"https:\\\/\\\/www.webdo.tn\\\/fr\\\/actualite\\\/national\\\/mohamed-boughalleb-convoque-par-la-brigade-criminelle-d-el-gorjani\\\/204580\\\/#primaryimage\",\"url\":\"https:\\\/\\\/www.webdo.tn\\\/fr\\\/wp-content\\\/uploads\\\/2023\\\/04\\\/f419db40be31e922d2b1bebd94cdde52.jpg\",\"contentUrl\":\"https:\\\/\\\/www.webdo.tn\\\/fr\\\/wp-content\\\/uploads\\\/2023\\\/04\\\/f419db40be31e922d2b1bebd94cdde52.jpg\",\"width\":750,\"height\":400,\"caption\":\"Mohamed Boughalleb convoqu\u00e9 par la Brigade criminelle d\u2019El Gorjani\"},{\"@type\":\"BreadcrumbList\",\"@id\":\"https:\\\/\\\/www.webdo.tn\\\/fr\\\/actualite\\\/national\\\/mohamed-boughalleb-convoque-par-la-brigade-criminelle-d-el-gorjani\\\/204580\\\/#breadcrumb\",\"itemListElement\":[{\"@type\":\"ListItem\",\"position\":1,\"name\":\"Accueil\",\"item\":\"https:\\\/\\\/www.webdo.tn\\\/fr\\\/\"},{\"@type\":\"ListItem\",\"position\":2,\"name\":\"Mohamed Boughalleb convoqu\u00e9 par la Brigade criminelle d\u2019El Gorjani\"}]},{\"@type\":\"WebSite\",\"@id\":\"https:\\\/\\\/www.webdo.tn\\\/fr\\\/#website\",\"url\":\"https:\\\/\\\/www.webdo.tn\\\/fr\\\/\",\"name\":\"webdo\",\"description\":\"Tunisie - News en Tunisie et \u00e0 l&#039;international sur Webdo.tn\",\"publisher\":{\"@id\":\"https:\\\/\\\/www.webdo.tn\\\/fr\\\/#organization\"},\"potentialAction\":[{\"@type\":\"SearchAction\",\"target\":{\"@type\":\"EntryPoint\",\"urlTemplate\":\"https:\\\/\\\/www.webdo.tn\\\/fr\\\/?s={search_term_string}\"},\"query-input\":{\"@type\":\"PropertyValueSpecification\",\"valueRequired\":true,\"valueName\":\"search_term_string\"}}],\"inLanguage\":\"fr-FR\"},{\"@type\":\"Organization\",\"@id\":\"https:\\\/\\\/www.webdo.tn\\\/fr\\\/#organization\",\"name\":\"Webdo\",\"alternateName\":\"Webdo.tn\",\"url\":\"https:\\\/\\\/www.webdo.tn\\\/fr\\\/\",\"logo\":{\"@type\":\"ImageObject\",\"inLanguage\":\"fr-FR\",\"@id\":\"https:\\\/\\\/www.webdo.tn\\\/fr\\\/#\\\/schema\\\/logo\\\/image\\\/\",\"url\":\"https:\\\/\\\/www.webdo.tn\\\/fr\\\/wp-content\\\/uploads\\\/2025\\\/06\\\/Webdo-Tunisie_168377.jpg\",\"contentUrl\":\"https:\\\/\\\/www.webdo.tn\\\/fr\\\/wp-content\\\/uploads\\\/2025\\\/06\\\/Webdo-Tunisie_168377.jpg\",\"width\":301,\"height\":301,\"caption\":\"Webdo\"},\"image\":{\"@id\":\"https:\\\/\\\/www.webdo.tn\\\/fr\\\/#\\\/schema\\\/logo\\\/image\\\/\"},\"sameAs\":[\"https:\\\/\\\/www.facebook.com\\\/webdotn\",\"https:\\\/\\\/x.com\\\/webdo_tn\"],\"description\":\"Webdo est un m\u00e9dia num\u00e9rique tunisien fond\u00e9 en 2010, sp\u00e9cialis\u00e9 dans l\u2019actualit\u00e9 nationale et internationale, l\u2019\u00e9conomie, la soci\u00e9t\u00e9 et les analyses politiques. Le site s\u2019adresse \u00e0 un large public francophone et couvre l\u2019information tunisienne en temps r\u00e9el.\",\"email\":\"redac@webdo.tn\",\"legalName\":\"YNJ SARL\",\"foundingDate\":\"2010-09-06\",\"numberOfEmployees\":{\"@type\":\"QuantitativeValue\",\"minValue\":\"11\",\"maxValue\":\"50\"}},{\"@type\":\"Person\",\"@id\":\"https:\\\/\\\/www.webdo.tn\\\/fr\\\/#\\\/schema\\\/person\\\/2c4929cbf5a809e3bd38617c6ce150f6\",\"name\":\"MC\",\"image\":{\"@type\":\"ImageObject\",\"inLanguage\":\"fr-FR\",\"@id\":\"https:\\\/\\\/secure.gravatar.com\\\/avatar\\\/a545bbb6f84efdd5553dbbc2895e3ca8f1d12c5215e00a041c9670b54aa9b18a?s=96&d=mm&r=g\",\"url\":\"https:\\\/\\\/secure.gravatar.com\\\/avatar\\\/a545bbb6f84efdd5553dbbc2895e3ca8f1d12c5215e00a041c9670b54aa9b18a?s=96&d=mm&r=g\",\"contentUrl\":\"https:\\\/\\\/secure.gravatar.com\\\/avatar\\\/a545bbb6f84efdd5553dbbc2895e3ca8f1d12c5215e00a041c9670b54aa9b18a?s=96&d=mm&r=g\",\"caption\":\"MC\"},\"url\":\"https:\\\/\\\/www.webdo.tn\\\/fr\\\/actualite\\\/author\\\/mc\\\/\"}]}<\/script>\n<!-- \/ Yoast SEO Premium plugin. -->","yoast_head_json":{"title":"Mohamed Boughalleb convoqu\u00e9 par la Brigade criminelle d\u2019El Gorjani","description":"Le chroniqueur indique avoir \u00e9t\u00e9 convoqu\u00e9 par la brigade criminelle.","canonical":"https:\/\/www.webdo.tn\/fr\/actualite\/national\/mohamed-boughalleb-convoque-par-la-brigade-criminelle-d-el-gorjani\/204580\/","og_locale":"fr_FR","og_type":"article","og_title":"Mohamed Boughalleb convoqu\u00e9 par la Brigade criminelle d\u2019El Gorjani","og_description":"Le chroniqueur indique avoir \u00e9t\u00e9 convoqu\u00e9 par la brigade criminelle.","og_url":"https:\/\/www.webdo.tn\/fr\/actualite\/national\/mohamed-boughalleb-convoque-par-la-brigade-criminelle-d-el-gorjani\/204580\/","og_site_name":"webdo","article_publisher":"https:\/\/www.facebook.com\/webdotn","article_published_time":"2023-04-05T15:00:00+00:00","article_modified_time":"2025-05-20T22:01:02+00:00","og_image":[{"width":750,"height":400,"url":"https:\/\/www.webdo.tn\/fr\/wp-content\/uploads\/2023\/04\/f419db40be31e922d2b1bebd94cdde52.jpg","type":"image\/jpeg"}],"author":"MC","twitter_card":"summary_large_image","twitter_creator":"@webdo_tn","twitter_site":"@webdo_tn","twitter_misc":{"\u00c9crit par":"MC"},"schema":{"@context":"https:\/\/schema.org","@graph":[{"@type":"NewsArticle","@id":"https:\/\/www.webdo.tn\/fr\/actualite\/national\/mohamed-boughalleb-convoque-par-la-brigade-criminelle-d-el-gorjani\/204580\/#article","isPartOf":{"@id":"https:\/\/www.webdo.tn\/fr\/actualite\/national\/mohamed-boughalleb-convoque-par-la-brigade-criminelle-d-el-gorjani\/204580\/"},"author":{"name":"MC","@id":"https:\/\/www.webdo.tn\/fr\/#\/schema\/person\/2c4929cbf5a809e3bd38617c6ce150f6"},"headline":"Mohamed Boughalleb convoqu\u00e9 par la Brigade criminelle d\u2019El Gorjani","datePublished":"2023-04-05T15:00:00+00:00","dateModified":"2025-05-20T22:01:02+00:00","mainEntityOfPage":{"@id":"https:\/\/www.webdo.tn\/fr\/actualite\/national\/mohamed-boughalleb-convoque-par-la-brigade-criminelle-d-el-gorjani\/204580\/"},"wordCount":74,"commentCount":0,"publisher":{"@id":"https:\/\/www.webdo.tn\/fr\/#organization"},"image":{"@id":"https:\/\/www.webdo.tn\/fr\/actualite\/national\/mohamed-boughalleb-convoque-par-la-brigade-criminelle-d-el-gorjani\/204580\/#primaryimage"},"thumbnailUrl":"https:\/\/www.webdo.tn\/fr\/wp-content\/uploads\/2023\/04\/f419db40be31e922d2b1bebd94cdde52.jpg","keywords":["brigade criminelle","convocation","mohamed boughalleb"],"articleSection":["National"],"inLanguage":"fr-FR"},{"@type":"WebPage","@id":"https:\/\/www.webdo.tn\/fr\/actualite\/national\/mohamed-boughalleb-convoque-par-la-brigade-criminelle-d-el-gorjani\/204580\/","url":"https:\/\/www.webdo.tn\/fr\/actualite\/national\/mohamed-boughalleb-convoque-par-la-brigade-criminelle-d-el-gorjani\/204580\/","name":"Mohamed Boughalleb convoqu\u00e9 par la Brigade criminelle d\u2019El Gorjani","isPartOf":{"@id":"https:\/\/www.webdo.tn\/fr\/#website"},"primaryImageOfPage":{"@id":"https:\/\/www.webdo.tn\/fr\/actualite\/national\/mohamed-boughalleb-convoque-par-la-brigade-criminelle-d-el-gorjani\/204580\/#primaryimage"},"image":{"@id":"https:\/\/www.webdo.tn\/fr\/actualite\/national\/mohamed-boughalleb-convoque-par-la-brigade-criminelle-d-el-gorjani\/204580\/#primaryimage"},"thumbnailUrl":"https:\/\/www.webdo.tn\/fr\/wp-content\/uploads\/2023\/04\/f419db40be31e922d2b1bebd94cdde52.jpg","datePublished":"2023-04-05T15:00:00+00:00","dateModified":"2025-05-20T22:01:02+00:00","description":"Le chroniqueur indique avoir \u00e9t\u00e9 convoqu\u00e9 par la brigade criminelle.","breadcrumb":{"@id":"https:\/\/www.webdo.tn\/fr\/actualite\/national\/mohamed-boughalleb-convoque-par-la-brigade-criminelle-d-el-gorjani\/204580\/#breadcrumb"},"inLanguage":"fr-FR","potentialAction":[{"@type":"ReadAction","target":["https:\/\/www.webdo.tn\/fr\/actualite\/national\/mohamed-boughalleb-convoque-par-la-brigade-criminelle-d-el-gorjani\/204580\/"]}]},{"@type":"ImageObject","inLanguage":"fr-FR","@id":"https:\/\/www.webdo.tn\/fr\/actualite\/national\/mohamed-boughalleb-convoque-par-la-brigade-criminelle-d-el-gorjani\/204580\/#primaryimage","url":"https:\/\/www.webdo.tn\/fr\/wp-content\/uploads\/2023\/04\/f419db40be31e922d2b1bebd94cdde52.jpg","contentUrl":"https:\/\/www.webdo.tn\/fr\/wp-content\/uploads\/2023\/04\/f419db40be31e922d2b1bebd94cdde52.jpg","width":750,"height":400,"caption":"Mohamed Boughalleb convoqu\u00e9 par la Brigade criminelle d\u2019El Gorjani"},{"@type":"BreadcrumbList","@id":"https:\/\/www.webdo.tn\/fr\/actualite\/national\/mohamed-boughalleb-convoque-par-la-brigade-criminelle-d-el-gorjani\/204580\/#breadcrumb","itemListElement":[{"@type":"ListItem","position":1,"name":"Accueil","item":"https:\/\/www.webdo.tn\/fr\/"},{"@type":"ListItem","position":2,"name":"Mohamed Boughalleb convoqu\u00e9 par la Brigade criminelle d\u2019El Gorjani"}]},{"@type":"WebSite","@id":"https:\/\/www.webdo.tn\/fr\/#website","url":"https:\/\/www.webdo.tn\/fr\/","name":"webdo","description":"Tunisie - News en Tunisie et \u00e0 l&#039;international sur Webdo.tn","publisher":{"@id":"https:\/\/www.webdo.tn\/fr\/#organization"},"potentialAction":[{"@type":"SearchAction","target":{"@type":"EntryPoint","urlTemplate":"https:\/\/www.webdo.tn\/fr\/?s={search_term_string}"},"query-input":{"@type":"PropertyValueSpecification","valueRequired":true,"valueName":"search_term_string"}}],"inLanguage":"fr-FR"},{"@type":"Organization","@id":"https:\/\/www.webdo.tn\/fr\/#organization","name":"Webdo","alternateName":"Webdo.tn","url":"https:\/\/www.webdo.tn\/fr\/","logo":{"@type":"ImageObject","inLanguage":"fr-FR","@id":"https:\/\/www.webdo.tn\/fr\/#\/schema\/logo\/image\/","url":"https:\/\/www.webdo.tn\/fr\/wp-content\/uploads\/2025\/06\/Webdo-Tunisie_168377.jpg","contentUrl":"https:\/\/www.webdo.tn\/fr\/wp-content\/uploads\/2025\/06\/Webdo-Tunisie_168377.jpg","width":301,"height":301,"caption":"Webdo"},"image":{"@id":"https:\/\/www.webdo.tn\/fr\/#\/schema\/logo\/image\/"},"sameAs":["https:\/\/www.facebook.com\/webdotn","https:\/\/x.com\/webdo_tn"],"description":"Webdo est un m\u00e9dia num\u00e9rique tunisien fond\u00e9 en 2010, sp\u00e9cialis\u00e9 dans l\u2019actualit\u00e9 nationale et internationale, l\u2019\u00e9conomie, la soci\u00e9t\u00e9 et les analyses politiques. Le site s\u2019adresse \u00e0 un large public francophone et couvre l\u2019information tunisienne en temps r\u00e9el.","email":"redac@webdo.tn","legalName":"YNJ SARL","foundingDate":"2010-09-06","numberOfEmployees":{"@type":"QuantitativeValue","minValue":"11","maxValue":"50"}},{"@type":"Person","@id":"https:\/\/www.webdo.tn\/fr\/#\/schema\/person\/2c4929cbf5a809e3bd38617c6ce150f6","name":"MC","image":{"@type":"ImageObject","inLanguage":"fr-FR","@id":"https:\/\/secure.gravatar.com\/avatar\/a545bbb6f84efdd5553dbbc2895e3ca8f1d12c5215e00a041c9670b54aa9b18a?s=96&d=mm&r=g","url":"https:\/\/secure.gravatar.com\/avatar\/a545bbb6f84efdd5553dbbc2895e3ca8f1d12c5215e00a041c9670b54aa9b18a?s=96&d=mm&r=g","contentUrl":"https:\/\/secure.gravatar.com\/avatar\/a545bbb6f84efdd5553dbbc2895e3ca8f1d12c5215e00a041c9670b54aa9b18a?s=96&d=mm&r=g","caption":"MC"},"url":"https:\/\/www.webdo.tn\/fr\/actualite\/author\/mc\/"}]}},"_links":{"self":[{"href":"https:\/\/www.webdo.tn\/fr\/wp-json\/wp\/v2\/posts\/204580","targetHints":{"allow":["GET"]}}],"collection":[{"href":"https:\/\/www.webdo.tn\/fr\/wp-json\/wp\/v2\/posts"}],"about":[{"href":"https:\/\/www.webdo.tn\/fr\/wp-json\/wp\/v2\/types\/post"}],"author":[{"embeddable":true,"href":"https:\/\/www.webdo.tn\/fr\/wp-json\/wp\/v2\/users\/3162"}],"replies":[{"embeddable":true,"href":"https:\/\/www.webdo.tn\/fr\/wp-json\/wp\/v2\/comments?post=204580"}],"version-history":[{"count":0,"href":"https:\/\/www.webdo.tn\/fr\/wp-json\/wp\/v2\/posts\/204580\/revisions"}],"wp:featuredmedia":[{"embeddable":true,"href":"https:\/\/www.webdo.tn\/fr\/wp-json\/wp\/v2\/media\/251523"}],"wp:attachment":[{"href":"https:\/\/www.webdo.tn\/fr\/wp-json\/wp\/v2\/media?parent=204580"}],"wp:term":[{"taxonomy":"category","embeddable":true,"href":"https:\/\/www.webdo.tn\/fr\/wp-json\/wp\/v2\/categories?post=204580"},{"taxonomy":"post_tag","embeddable":true,"href":"https:\/\/www.webdo.tn\/fr\/wp-json\/wp\/v2\/tags?post=204580"}],"curies":[{"name":"wp","href":"https:\/\/api.w.org\/{rel}","templated":true}]}}