{"id":204564,"date":"2023-04-05T08:45:00","date_gmt":"2023-04-05T08:45:00","guid":{"rendered":"https:\/\/www.webdo.tn\/fr\/blog\/440-migrants-en-detresse-secourus-au-large-de-malte\/204564\/"},"modified":"2025-05-20T22:01:00","modified_gmt":"2025-05-20T22:01:00","slug":"440-migrants-en-detresse-secourus-au-large-de-malte","status":"publish","type":"post","link":"https:\/\/www.webdo.tn\/fr\/actualite\/international\/440-migrants-en-detresse-secourus-au-large-de-malte\/204564\/","title":{"rendered":"440 migrants en d\u00e9tresse secourus au large de Malte"},"content":{"rendered":"<p>440 migrants dont une quarantaine de femmes et enfants ont \u00e9t\u00e9 secourus apr\u00e8s une op\u00e9ration de sauvetage qui a dur\u00e9 plus de 11 heures.<\/p>\n<p>\t\t\t\t\t\t\t\t\tLe Geo Barents, un navire humanitaire de M\u00e9decins sans fronti\u00e8res (MSF), a secouru mardi 4 avril, 440 migrants en d\u00e9tresse \u00e0 bord d&rsquo;une embarcation dans les eaux internationales au large de Malte.<\/p>\n<p>\u00ab\u00a0Apr\u00e8s plus de 11 heures d&rsquo;op\u00e9ration, le sauvetage est maintenant termin\u00e9 et Un total de 440 personnes, dont huit femmes et 30 enfants, ont \u00e9t\u00e9 secourus apr\u00e8s une op\u00e9ration de sauvetage qui a dur\u00e9 plus de 11 heures, rapport\u00e9 MSF Sea.<\/p>\n<p>Pendant qu&rsquo;il cherchait \u00e0 se mettre \u00e0 l&rsquo;abri pendant une temp\u00eate, le Geo Barents a re\u00e7u une alerte de d\u00e9tresse et a chang\u00e9 de cap pour porter assistance, a fait savoir l&rsquo;ONG.<\/p>\n","protected":false},"excerpt":{"rendered":"<p>440 migrants dont une quarantaine de femmes et enfants ont \u00e9t\u00e9 secourus apr\u00e8s une op\u00e9ration de sauvetage qui a dur\u00e9 plus de 11 heures.<\/p>\n","protected":false},"author":3162,"featured_media":251517,"comment_status":"open","ping_status":"closed","sticky":false,"template":"","format":"standard","meta":{"footnotes":""},"categories":[2598],"tags":[8589,2894,3594],"class_list":["post-204564","post","type-post","status-publish","format-standard","has-post-thumbnail","hentry","category-international","tag-malte","tag-migrants","tag-naufrage"],"yoast_head":"<!-- This site is optimized with the Yoast SEO Premium plugin v27.4 (Yoast SEO v27.5) - https:\/\/yoast.com\/product\/yoast-seo-premium-wordpress\/ -->\n<title>440 migrants en d\u00e9tresse secourus au large de Malte<\/title>\n<meta name=\"description\" content=\"440 migrants dont une quarantaine de femmes et enfants ont \u00e9t\u00e9 secourus apr\u00e8s une op\u00e9ration de sauvetage qui a dur\u00e9 plus de 11 heures.\" \/>\n<link rel=\"canonical\" href=\"https:\/\/www.webdo.tn\/fr\/actualite\/international\/440-migrants-en-detresse-secourus-au-large-de-malte\/204564\/\" \/>\n<meta property=\"og:locale\" content=\"fr_FR\" \/>\n<meta property=\"og:type\" content=\"article\" \/>\n<meta property=\"og:title\" content=\"440 migrants en d\u00e9tresse secourus au large de Malte\" \/>\n<meta property=\"og:description\" content=\"440 migrants dont une quarantaine de femmes et enfants ont \u00e9t\u00e9 secourus apr\u00e8s une op\u00e9ration de sauvetage qui a dur\u00e9 plus de 11 heures.\" \/>\n<meta property=\"og:url\" content=\"https:\/\/www.webdo.tn\/fr\/actualite\/international\/440-migrants-en-detresse-secourus-au-large-de-malte\/204564\/\" \/>\n<meta property=\"og:site_name\" content=\"webdo\" \/>\n<meta property=\"article:publisher\" content=\"https:\/\/www.facebook.com\/webdotn\" \/>\n<meta property=\"article:published_time\" content=\"2023-04-05T08:45:00+00:00\" \/>\n<meta property=\"article:modified_time\" content=\"2025-05-20T22:01:00+00:00\" \/>\n<meta property=\"og:image\" content=\"https:\/\/www.webdo.tn\/fr\/wp-content\/uploads\/2023\/04\/97a2af083f71a51b01597005d3f467d4.jpg\" \/>\n\t<meta property=\"og:image:width\" content=\"750\" \/>\n\t<meta property=\"og:image:height\" content=\"400\" \/>\n\t<meta property=\"og:image:type\" content=\"image\/jpeg\" \/>\n<meta name=\"author\" content=\"MC\" \/>\n<meta name=\"twitter:card\" content=\"summary_large_image\" \/>\n<meta name=\"twitter:creator\" content=\"@webdo_tn\" \/>\n<meta name=\"twitter:site\" content=\"@webdo_tn\" \/>\n<meta name=\"twitter:label1\" content=\"\u00c9crit par\" \/>\n\t<meta name=\"twitter:data1\" content=\"MC\" \/>\n\t<meta name=\"twitter:label2\" content=\"Dur\u00e9e de lecture estim\u00e9e\" \/>\n\t<meta name=\"twitter:data2\" content=\"1 minute\" \/>\n<script type=\"application\/ld+json\" class=\"yoast-schema-graph\">{\"@context\":\"https:\\\/\\\/schema.org\",\"@graph\":[{\"@type\":\"NewsArticle\",\"@id\":\"https:\\\/\\\/www.webdo.tn\\\/fr\\\/actualite\\\/international\\\/440-migrants-en-detresse-secourus-au-large-de-malte\\\/204564\\\/#article\",\"isPartOf\":{\"@id\":\"https:\\\/\\\/www.webdo.tn\\\/fr\\\/actualite\\\/international\\\/440-migrants-en-detresse-secourus-au-large-de-malte\\\/204564\\\/\"},\"author\":{\"name\":\"MC\",\"@id\":\"https:\\\/\\\/www.webdo.tn\\\/fr\\\/#\\\/schema\\\/person\\\/2c4929cbf5a809e3bd38617c6ce150f6\"},\"headline\":\"440 migrants en d\u00e9tresse secourus au large de Malte\",\"datePublished\":\"2023-04-05T08:45:00+00:00\",\"dateModified\":\"2025-05-20T22:01:00+00:00\",\"mainEntityOfPage\":{\"@id\":\"https:\\\/\\\/www.webdo.tn\\\/fr\\\/actualite\\\/international\\\/440-migrants-en-detresse-secourus-au-large-de-malte\\\/204564\\\/\"},\"wordCount\":144,\"commentCount\":0,\"publisher\":{\"@id\":\"https:\\\/\\\/www.webdo.tn\\\/fr\\\/#organization\"},\"image\":{\"@id\":\"https:\\\/\\\/www.webdo.tn\\\/fr\\\/actualite\\\/international\\\/440-migrants-en-detresse-secourus-au-large-de-malte\\\/204564\\\/#primaryimage\"},\"thumbnailUrl\":\"https:\\\/\\\/www.webdo.tn\\\/fr\\\/wp-content\\\/uploads\\\/2023\\\/04\\\/97a2af083f71a51b01597005d3f467d4.jpg\",\"keywords\":[\"malte\",\"migrants\",\"naufrage\"],\"articleSection\":[\"International\"],\"inLanguage\":\"fr-FR\"},{\"@type\":\"WebPage\",\"@id\":\"https:\\\/\\\/www.webdo.tn\\\/fr\\\/actualite\\\/international\\\/440-migrants-en-detresse-secourus-au-large-de-malte\\\/204564\\\/\",\"url\":\"https:\\\/\\\/www.webdo.tn\\\/fr\\\/actualite\\\/international\\\/440-migrants-en-detresse-secourus-au-large-de-malte\\\/204564\\\/\",\"name\":\"440 migrants en d\u00e9tresse secourus au large de Malte\",\"isPartOf\":{\"@id\":\"https:\\\/\\\/www.webdo.tn\\\/fr\\\/#website\"},\"primaryImageOfPage\":{\"@id\":\"https:\\\/\\\/www.webdo.tn\\\/fr\\\/actualite\\\/international\\\/440-migrants-en-detresse-secourus-au-large-de-malte\\\/204564\\\/#primaryimage\"},\"image\":{\"@id\":\"https:\\\/\\\/www.webdo.tn\\\/fr\\\/actualite\\\/international\\\/440-migrants-en-detresse-secourus-au-large-de-malte\\\/204564\\\/#primaryimage\"},\"thumbnailUrl\":\"https:\\\/\\\/www.webdo.tn\\\/fr\\\/wp-content\\\/uploads\\\/2023\\\/04\\\/97a2af083f71a51b01597005d3f467d4.jpg\",\"datePublished\":\"2023-04-05T08:45:00+00:00\",\"dateModified\":\"2025-05-20T22:01:00+00:00\",\"description\":\"440 migrants dont une quarantaine de femmes et enfants ont \u00e9t\u00e9 secourus apr\u00e8s une op\u00e9ration de sauvetage qui a dur\u00e9 plus de 11 heures.\",\"breadcrumb\":{\"@id\":\"https:\\\/\\\/www.webdo.tn\\\/fr\\\/actualite\\\/international\\\/440-migrants-en-detresse-secourus-au-large-de-malte\\\/204564\\\/#breadcrumb\"},\"inLanguage\":\"fr-FR\",\"potentialAction\":[{\"@type\":\"ReadAction\",\"target\":[\"https:\\\/\\\/www.webdo.tn\\\/fr\\\/actualite\\\/international\\\/440-migrants-en-detresse-secourus-au-large-de-malte\\\/204564\\\/\"]}]},{\"@type\":\"ImageObject\",\"inLanguage\":\"fr-FR\",\"@id\":\"https:\\\/\\\/www.webdo.tn\\\/fr\\\/actualite\\\/international\\\/440-migrants-en-detresse-secourus-au-large-de-malte\\\/204564\\\/#primaryimage\",\"url\":\"https:\\\/\\\/www.webdo.tn\\\/fr\\\/wp-content\\\/uploads\\\/2023\\\/04\\\/97a2af083f71a51b01597005d3f467d4.jpg\",\"contentUrl\":\"https:\\\/\\\/www.webdo.tn\\\/fr\\\/wp-content\\\/uploads\\\/2023\\\/04\\\/97a2af083f71a51b01597005d3f467d4.jpg\",\"width\":750,\"height\":400,\"caption\":\"440 migrants en d\u00e9tresse secourus au large de Malte\"},{\"@type\":\"BreadcrumbList\",\"@id\":\"https:\\\/\\\/www.webdo.tn\\\/fr\\\/actualite\\\/international\\\/440-migrants-en-detresse-secourus-au-large-de-malte\\\/204564\\\/#breadcrumb\",\"itemListElement\":[{\"@type\":\"ListItem\",\"position\":1,\"name\":\"Accueil\",\"item\":\"https:\\\/\\\/www.webdo.tn\\\/fr\\\/\"},{\"@type\":\"ListItem\",\"position\":2,\"name\":\"440 migrants en d\u00e9tresse secourus au large de Malte\"}]},{\"@type\":\"WebSite\",\"@id\":\"https:\\\/\\\/www.webdo.tn\\\/fr\\\/#website\",\"url\":\"https:\\\/\\\/www.webdo.tn\\\/fr\\\/\",\"name\":\"webdo\",\"description\":\"Tunisie - News en Tunisie et \u00e0 l&#039;international sur Webdo.tn\",\"publisher\":{\"@id\":\"https:\\\/\\\/www.webdo.tn\\\/fr\\\/#organization\"},\"potentialAction\":[{\"@type\":\"SearchAction\",\"target\":{\"@type\":\"EntryPoint\",\"urlTemplate\":\"https:\\\/\\\/www.webdo.tn\\\/fr\\\/?s={search_term_string}\"},\"query-input\":{\"@type\":\"PropertyValueSpecification\",\"valueRequired\":true,\"valueName\":\"search_term_string\"}}],\"inLanguage\":\"fr-FR\"},{\"@type\":\"Organization\",\"@id\":\"https:\\\/\\\/www.webdo.tn\\\/fr\\\/#organization\",\"name\":\"Webdo\",\"alternateName\":\"Webdo.tn\",\"url\":\"https:\\\/\\\/www.webdo.tn\\\/fr\\\/\",\"logo\":{\"@type\":\"ImageObject\",\"inLanguage\":\"fr-FR\",\"@id\":\"https:\\\/\\\/www.webdo.tn\\\/fr\\\/#\\\/schema\\\/logo\\\/image\\\/\",\"url\":\"https:\\\/\\\/www.webdo.tn\\\/fr\\\/wp-content\\\/uploads\\\/2025\\\/06\\\/Webdo-Tunisie_168377.jpg\",\"contentUrl\":\"https:\\\/\\\/www.webdo.tn\\\/fr\\\/wp-content\\\/uploads\\\/2025\\\/06\\\/Webdo-Tunisie_168377.jpg\",\"width\":301,\"height\":301,\"caption\":\"Webdo\"},\"image\":{\"@id\":\"https:\\\/\\\/www.webdo.tn\\\/fr\\\/#\\\/schema\\\/logo\\\/image\\\/\"},\"sameAs\":[\"https:\\\/\\\/www.facebook.com\\\/webdotn\",\"https:\\\/\\\/x.com\\\/webdo_tn\"],\"description\":\"Webdo est un m\u00e9dia num\u00e9rique tunisien fond\u00e9 en 2010, sp\u00e9cialis\u00e9 dans l\u2019actualit\u00e9 nationale et internationale, l\u2019\u00e9conomie, la soci\u00e9t\u00e9 et les analyses politiques. Le site s\u2019adresse \u00e0 un large public francophone et couvre l\u2019information tunisienne en temps r\u00e9el.\",\"email\":\"redac@webdo.tn\",\"legalName\":\"YNJ SARL\",\"foundingDate\":\"2010-09-06\",\"numberOfEmployees\":{\"@type\":\"QuantitativeValue\",\"minValue\":\"11\",\"maxValue\":\"50\"}},{\"@type\":\"Person\",\"@id\":\"https:\\\/\\\/www.webdo.tn\\\/fr\\\/#\\\/schema\\\/person\\\/2c4929cbf5a809e3bd38617c6ce150f6\",\"name\":\"MC\",\"image\":{\"@type\":\"ImageObject\",\"inLanguage\":\"fr-FR\",\"@id\":\"https:\\\/\\\/secure.gravatar.com\\\/avatar\\\/a545bbb6f84efdd5553dbbc2895e3ca8f1d12c5215e00a041c9670b54aa9b18a?s=96&d=mm&r=g\",\"url\":\"https:\\\/\\\/secure.gravatar.com\\\/avatar\\\/a545bbb6f84efdd5553dbbc2895e3ca8f1d12c5215e00a041c9670b54aa9b18a?s=96&d=mm&r=g\",\"contentUrl\":\"https:\\\/\\\/secure.gravatar.com\\\/avatar\\\/a545bbb6f84efdd5553dbbc2895e3ca8f1d12c5215e00a041c9670b54aa9b18a?s=96&d=mm&r=g\",\"caption\":\"MC\"},\"url\":\"https:\\\/\\\/www.webdo.tn\\\/fr\\\/actualite\\\/author\\\/mc\\\/\"}]}<\/script>\n<!-- \/ Yoast SEO Premium plugin. -->","yoast_head_json":{"title":"440 migrants en d\u00e9tresse secourus au large de Malte","description":"440 migrants dont une quarantaine de femmes et enfants ont \u00e9t\u00e9 secourus apr\u00e8s une op\u00e9ration de sauvetage qui a dur\u00e9 plus de 11 heures.","canonical":"https:\/\/www.webdo.tn\/fr\/actualite\/international\/440-migrants-en-detresse-secourus-au-large-de-malte\/204564\/","og_locale":"fr_FR","og_type":"article","og_title":"440 migrants en d\u00e9tresse secourus au large de Malte","og_description":"440 migrants dont une quarantaine de femmes et enfants ont \u00e9t\u00e9 secourus apr\u00e8s une op\u00e9ration de sauvetage qui a dur\u00e9 plus de 11 heures.","og_url":"https:\/\/www.webdo.tn\/fr\/actualite\/international\/440-migrants-en-detresse-secourus-au-large-de-malte\/204564\/","og_site_name":"webdo","article_publisher":"https:\/\/www.facebook.com\/webdotn","article_published_time":"2023-04-05T08:45:00+00:00","article_modified_time":"2025-05-20T22:01:00+00:00","og_image":[{"width":750,"height":400,"url":"https:\/\/www.webdo.tn\/fr\/wp-content\/uploads\/2023\/04\/97a2af083f71a51b01597005d3f467d4.jpg","type":"image\/jpeg"}],"author":"MC","twitter_card":"summary_large_image","twitter_creator":"@webdo_tn","twitter_site":"@webdo_tn","twitter_misc":{"\u00c9crit par":"MC","Dur\u00e9e de lecture estim\u00e9e":"1 minute"},"schema":{"@context":"https:\/\/schema.org","@graph":[{"@type":"NewsArticle","@id":"https:\/\/www.webdo.tn\/fr\/actualite\/international\/440-migrants-en-detresse-secourus-au-large-de-malte\/204564\/#article","isPartOf":{"@id":"https:\/\/www.webdo.tn\/fr\/actualite\/international\/440-migrants-en-detresse-secourus-au-large-de-malte\/204564\/"},"author":{"name":"MC","@id":"https:\/\/www.webdo.tn\/fr\/#\/schema\/person\/2c4929cbf5a809e3bd38617c6ce150f6"},"headline":"440 migrants en d\u00e9tresse secourus au large de Malte","datePublished":"2023-04-05T08:45:00+00:00","dateModified":"2025-05-20T22:01:00+00:00","mainEntityOfPage":{"@id":"https:\/\/www.webdo.tn\/fr\/actualite\/international\/440-migrants-en-detresse-secourus-au-large-de-malte\/204564\/"},"wordCount":144,"commentCount":0,"publisher":{"@id":"https:\/\/www.webdo.tn\/fr\/#organization"},"image":{"@id":"https:\/\/www.webdo.tn\/fr\/actualite\/international\/440-migrants-en-detresse-secourus-au-large-de-malte\/204564\/#primaryimage"},"thumbnailUrl":"https:\/\/www.webdo.tn\/fr\/wp-content\/uploads\/2023\/04\/97a2af083f71a51b01597005d3f467d4.jpg","keywords":["malte","migrants","naufrage"],"articleSection":["International"],"inLanguage":"fr-FR"},{"@type":"WebPage","@id":"https:\/\/www.webdo.tn\/fr\/actualite\/international\/440-migrants-en-detresse-secourus-au-large-de-malte\/204564\/","url":"https:\/\/www.webdo.tn\/fr\/actualite\/international\/440-migrants-en-detresse-secourus-au-large-de-malte\/204564\/","name":"440 migrants en d\u00e9tresse secourus au large de Malte","isPartOf":{"@id":"https:\/\/www.webdo.tn\/fr\/#website"},"primaryImageOfPage":{"@id":"https:\/\/www.webdo.tn\/fr\/actualite\/international\/440-migrants-en-detresse-secourus-au-large-de-malte\/204564\/#primaryimage"},"image":{"@id":"https:\/\/www.webdo.tn\/fr\/actualite\/international\/440-migrants-en-detresse-secourus-au-large-de-malte\/204564\/#primaryimage"},"thumbnailUrl":"https:\/\/www.webdo.tn\/fr\/wp-content\/uploads\/2023\/04\/97a2af083f71a51b01597005d3f467d4.jpg","datePublished":"2023-04-05T08:45:00+00:00","dateModified":"2025-05-20T22:01:00+00:00","description":"440 migrants dont une quarantaine de femmes et enfants ont \u00e9t\u00e9 secourus apr\u00e8s une op\u00e9ration de sauvetage qui a dur\u00e9 plus de 11 heures.","breadcrumb":{"@id":"https:\/\/www.webdo.tn\/fr\/actualite\/international\/440-migrants-en-detresse-secourus-au-large-de-malte\/204564\/#breadcrumb"},"inLanguage":"fr-FR","potentialAction":[{"@type":"ReadAction","target":["https:\/\/www.webdo.tn\/fr\/actualite\/international\/440-migrants-en-detresse-secourus-au-large-de-malte\/204564\/"]}]},{"@type":"ImageObject","inLanguage":"fr-FR","@id":"https:\/\/www.webdo.tn\/fr\/actualite\/international\/440-migrants-en-detresse-secourus-au-large-de-malte\/204564\/#primaryimage","url":"https:\/\/www.webdo.tn\/fr\/wp-content\/uploads\/2023\/04\/97a2af083f71a51b01597005d3f467d4.jpg","contentUrl":"https:\/\/www.webdo.tn\/fr\/wp-content\/uploads\/2023\/04\/97a2af083f71a51b01597005d3f467d4.jpg","width":750,"height":400,"caption":"440 migrants en d\u00e9tresse secourus au large de Malte"},{"@type":"BreadcrumbList","@id":"https:\/\/www.webdo.tn\/fr\/actualite\/international\/440-migrants-en-detresse-secourus-au-large-de-malte\/204564\/#breadcrumb","itemListElement":[{"@type":"ListItem","position":1,"name":"Accueil","item":"https:\/\/www.webdo.tn\/fr\/"},{"@type":"ListItem","position":2,"name":"440 migrants en d\u00e9tresse secourus au large de Malte"}]},{"@type":"WebSite","@id":"https:\/\/www.webdo.tn\/fr\/#website","url":"https:\/\/www.webdo.tn\/fr\/","name":"webdo","description":"Tunisie - News en Tunisie et \u00e0 l&#039;international sur Webdo.tn","publisher":{"@id":"https:\/\/www.webdo.tn\/fr\/#organization"},"potentialAction":[{"@type":"SearchAction","target":{"@type":"EntryPoint","urlTemplate":"https:\/\/www.webdo.tn\/fr\/?s={search_term_string}"},"query-input":{"@type":"PropertyValueSpecification","valueRequired":true,"valueName":"search_term_string"}}],"inLanguage":"fr-FR"},{"@type":"Organization","@id":"https:\/\/www.webdo.tn\/fr\/#organization","name":"Webdo","alternateName":"Webdo.tn","url":"https:\/\/www.webdo.tn\/fr\/","logo":{"@type":"ImageObject","inLanguage":"fr-FR","@id":"https:\/\/www.webdo.tn\/fr\/#\/schema\/logo\/image\/","url":"https:\/\/www.webdo.tn\/fr\/wp-content\/uploads\/2025\/06\/Webdo-Tunisie_168377.jpg","contentUrl":"https:\/\/www.webdo.tn\/fr\/wp-content\/uploads\/2025\/06\/Webdo-Tunisie_168377.jpg","width":301,"height":301,"caption":"Webdo"},"image":{"@id":"https:\/\/www.webdo.tn\/fr\/#\/schema\/logo\/image\/"},"sameAs":["https:\/\/www.facebook.com\/webdotn","https:\/\/x.com\/webdo_tn"],"description":"Webdo est un m\u00e9dia num\u00e9rique tunisien fond\u00e9 en 2010, sp\u00e9cialis\u00e9 dans l\u2019actualit\u00e9 nationale et internationale, l\u2019\u00e9conomie, la soci\u00e9t\u00e9 et les analyses politiques. Le site s\u2019adresse \u00e0 un large public francophone et couvre l\u2019information tunisienne en temps r\u00e9el.","email":"redac@webdo.tn","legalName":"YNJ SARL","foundingDate":"2010-09-06","numberOfEmployees":{"@type":"QuantitativeValue","minValue":"11","maxValue":"50"}},{"@type":"Person","@id":"https:\/\/www.webdo.tn\/fr\/#\/schema\/person\/2c4929cbf5a809e3bd38617c6ce150f6","name":"MC","image":{"@type":"ImageObject","inLanguage":"fr-FR","@id":"https:\/\/secure.gravatar.com\/avatar\/a545bbb6f84efdd5553dbbc2895e3ca8f1d12c5215e00a041c9670b54aa9b18a?s=96&d=mm&r=g","url":"https:\/\/secure.gravatar.com\/avatar\/a545bbb6f84efdd5553dbbc2895e3ca8f1d12c5215e00a041c9670b54aa9b18a?s=96&d=mm&r=g","contentUrl":"https:\/\/secure.gravatar.com\/avatar\/a545bbb6f84efdd5553dbbc2895e3ca8f1d12c5215e00a041c9670b54aa9b18a?s=96&d=mm&r=g","caption":"MC"},"url":"https:\/\/www.webdo.tn\/fr\/actualite\/author\/mc\/"}]}},"_links":{"self":[{"href":"https:\/\/www.webdo.tn\/fr\/wp-json\/wp\/v2\/posts\/204564","targetHints":{"allow":["GET"]}}],"collection":[{"href":"https:\/\/www.webdo.tn\/fr\/wp-json\/wp\/v2\/posts"}],"about":[{"href":"https:\/\/www.webdo.tn\/fr\/wp-json\/wp\/v2\/types\/post"}],"author":[{"embeddable":true,"href":"https:\/\/www.webdo.tn\/fr\/wp-json\/wp\/v2\/users\/3162"}],"replies":[{"embeddable":true,"href":"https:\/\/www.webdo.tn\/fr\/wp-json\/wp\/v2\/comments?post=204564"}],"version-history":[{"count":0,"href":"https:\/\/www.webdo.tn\/fr\/wp-json\/wp\/v2\/posts\/204564\/revisions"}],"wp:featuredmedia":[{"embeddable":true,"href":"https:\/\/www.webdo.tn\/fr\/wp-json\/wp\/v2\/media\/251517"}],"wp:attachment":[{"href":"https:\/\/www.webdo.tn\/fr\/wp-json\/wp\/v2\/media?parent=204564"}],"wp:term":[{"taxonomy":"category","embeddable":true,"href":"https:\/\/www.webdo.tn\/fr\/wp-json\/wp\/v2\/categories?post=204564"},{"taxonomy":"post_tag","embeddable":true,"href":"https:\/\/www.webdo.tn\/fr\/wp-json\/wp\/v2\/tags?post=204564"}],"curies":[{"name":"wp","href":"https:\/\/api.w.org\/{rel}","templated":true}]}}