{"id":204544,"date":"2023-04-04T13:16:00","date_gmt":"2023-04-04T13:16:00","guid":{"rendered":"https:\/\/www.webdo.tn\/fr\/blog\/enquete-apres-l-ecroulement-d-un-faux-plafond-a-un-l-hopital-de-kasserine\/204544\/"},"modified":"2025-05-20T22:49:46","modified_gmt":"2025-05-20T22:49:46","slug":"enquete-apres-l-ecroulement-d-un-faux-plafond-a-un-l-hopital-de-kasserine","status":"publish","type":"post","link":"https:\/\/www.webdo.tn\/fr\/actualite\/national\/enquete-apres-l-ecroulement-d-un-faux-plafond-a-un-l-hopital-de-kasserine\/204544\/","title":{"rendered":"Enqu\u00eate apr\u00e8s l\u2019\u00e9croulement d\u2019un faux plafond \u00e0 l\u2019h\u00f4pital de Kasserine"},"content":{"rendered":"<p>Dans un communiqu\u00e9 rendu public ce mardi 4 avril 2023, le minist\u00e8re de la Sant\u00e9 annonce l\u2019ouverture d\u2019une enqu\u00eate l\u2019\u00e9croulement d\u2019un faux plafond d\u2019un service \u00e0 l\u2019h\u00f4pital de Jaserie, r\u00e9cemment inaugur\u00e9.<\/p>\n<p>Selon la m\u00eame source, des \u00e9quipes techniques sont intervenues imm\u00e9diatement pour prot\u00e9ger les patients et le personnel soignant suite \u00e0 cet incident.\u00a0<\/p>\n<p>L&rsquo;effondrement du faux plafond de l&rsquo;h\u00f4pital de Kasserine est un incident qui met en \u00e9vidence la n\u00e9cessit\u00e9 d&rsquo;une surveillance et d&rsquo;une maintenance r\u00e9guli\u00e8res des b\u00e2timents publics, meme ceux nouvellement b\u00e2tis.\u00a0<\/p>\n<p>Les autorit\u00e9s ont heureusement r\u00e9agi rapidement en ouvrant une enqu\u00eate pour d\u00e9terminer les causes de cet accident et prendre des mesures pour \u00e9viter qu&rsquo;un tel \u00e9v\u00e9nement ne se reproduise.<\/p>\n","protected":false},"excerpt":{"rendered":"<p>Dans un communiqu\u00e9 rendu public ce mardi 4 avril 2023, le minist\u00e8re de la Sant\u00e9 annonce l\u2019ouverture d\u2019une enqu\u00eate l\u2019\u00e9croulement d\u2019un faux plafond d\u2019un service \u00e0&#8230;<\/p>\n","protected":false},"author":3175,"featured_media":278008,"comment_status":"open","ping_status":"closed","sticky":false,"template":"","format":"standard","meta":{"footnotes":""},"categories":[44],"tags":[2858,2744,2608],"class_list":["post-204544","post","type-post","status-publish","format-standard","has-post-thumbnail","hentry","category-national","tag-hopital","tag-kasserine","tag-tunisie"],"yoast_head":"<!-- This site is optimized with the Yoast SEO Premium plugin v27.4 (Yoast SEO v27.5) - https:\/\/yoast.com\/product\/yoast-seo-premium-wordpress\/ -->\n<title>Enqu\u00eate apr\u00e8s l\u2019\u00e9croulement d\u2019un faux plafond \u00e0 l\u2019h\u00f4pital de Kasserine<\/title>\n<meta name=\"description\" content=\"Dans un communiqu\u00e9 rendu public ce mardi 4 avril 2023, le minist\u00e8re de la Sant\u00e9 annonce l\u2019ouverture d\u2019une enqu\u00eate l\u2019\u00e9croulement d\u2019un faux plafond d\u2019un service \u00e0...\" \/>\n<link rel=\"canonical\" href=\"https:\/\/www.webdo.tn\/fr\/actualite\/national\/enquete-apres-l-ecroulement-d-un-faux-plafond-a-un-l-hopital-de-kasserine\/204544\/\" \/>\n<meta property=\"og:locale\" content=\"fr_FR\" \/>\n<meta property=\"og:type\" content=\"article\" \/>\n<meta property=\"og:title\" content=\"Enqu\u00eate apr\u00e8s l\u2019\u00e9croulement d\u2019un faux plafond \u00e0 l\u2019h\u00f4pital de Kasserine\" \/>\n<meta property=\"og:description\" content=\"Dans un communiqu\u00e9 rendu public ce mardi 4 avril 2023, le minist\u00e8re de la Sant\u00e9 annonce l\u2019ouverture d\u2019une enqu\u00eate l\u2019\u00e9croulement d\u2019un faux plafond d\u2019un service \u00e0...\" \/>\n<meta property=\"og:url\" content=\"https:\/\/www.webdo.tn\/fr\/actualite\/national\/enquete-apres-l-ecroulement-d-un-faux-plafond-a-un-l-hopital-de-kasserine\/204544\/\" \/>\n<meta property=\"og:site_name\" content=\"webdo\" \/>\n<meta property=\"article:publisher\" content=\"https:\/\/www.facebook.com\/webdotn\" \/>\n<meta property=\"article:published_time\" content=\"2023-04-04T13:16:00+00:00\" \/>\n<meta property=\"article:modified_time\" content=\"2025-05-20T22:49:46+00:00\" \/>\n<meta property=\"og:image\" content=\"https:\/\/www.webdo.tn\/fr\/wp-content\/uploads\/2023\/04\/f8cbede17efe7072c9290e79cd286878.jpg\" \/>\n\t<meta property=\"og:image:width\" content=\"660\" \/>\n\t<meta property=\"og:image:height\" content=\"352\" \/>\n\t<meta property=\"og:image:type\" content=\"image\/jpeg\" \/>\n<meta name=\"author\" content=\"CL\" \/>\n<meta name=\"twitter:card\" content=\"summary_large_image\" \/>\n<meta name=\"twitter:creator\" content=\"@webdo_tn\" \/>\n<meta name=\"twitter:site\" content=\"@webdo_tn\" \/>\n<meta name=\"twitter:label1\" content=\"\u00c9crit par\" \/>\n\t<meta name=\"twitter:data1\" content=\"CL\" \/>\n\t<meta name=\"twitter:label2\" content=\"Dur\u00e9e de lecture estim\u00e9e\" \/>\n\t<meta name=\"twitter:data2\" content=\"1 minute\" \/>\n<script type=\"application\/ld+json\" class=\"yoast-schema-graph\">{\"@context\":\"https:\\\/\\\/schema.org\",\"@graph\":[{\"@type\":\"NewsArticle\",\"@id\":\"https:\\\/\\\/www.webdo.tn\\\/fr\\\/actualite\\\/national\\\/enquete-apres-l-ecroulement-d-un-faux-plafond-a-un-l-hopital-de-kasserine\\\/204544\\\/#article\",\"isPartOf\":{\"@id\":\"https:\\\/\\\/www.webdo.tn\\\/fr\\\/actualite\\\/national\\\/enquete-apres-l-ecroulement-d-un-faux-plafond-a-un-l-hopital-de-kasserine\\\/204544\\\/\"},\"author\":{\"name\":\"CL\",\"@id\":\"https:\\\/\\\/www.webdo.tn\\\/fr\\\/#\\\/schema\\\/person\\\/f35b42a42c5e2511bbd282959d6385cc\"},\"headline\":\"Enqu\u00eate apr\u00e8s l\u2019\u00e9croulement d\u2019un faux plafond \u00e0 l\u2019h\u00f4pital de Kasserine\",\"datePublished\":\"2023-04-04T13:16:00+00:00\",\"dateModified\":\"2025-05-20T22:49:46+00:00\",\"mainEntityOfPage\":{\"@id\":\"https:\\\/\\\/www.webdo.tn\\\/fr\\\/actualite\\\/national\\\/enquete-apres-l-ecroulement-d-un-faux-plafond-a-un-l-hopital-de-kasserine\\\/204544\\\/\"},\"wordCount\":152,\"commentCount\":0,\"publisher\":{\"@id\":\"https:\\\/\\\/www.webdo.tn\\\/fr\\\/#organization\"},\"image\":{\"@id\":\"https:\\\/\\\/www.webdo.tn\\\/fr\\\/actualite\\\/national\\\/enquete-apres-l-ecroulement-d-un-faux-plafond-a-un-l-hopital-de-kasserine\\\/204544\\\/#primaryimage\"},\"thumbnailUrl\":\"https:\\\/\\\/www.webdo.tn\\\/fr\\\/wp-content\\\/uploads\\\/2023\\\/04\\\/f8cbede17efe7072c9290e79cd286878.jpg\",\"keywords\":[\"H\u00f4pital\",\"Kasserine\",\"Tunisie\"],\"articleSection\":[\"National\"],\"inLanguage\":\"fr-FR\"},{\"@type\":\"WebPage\",\"@id\":\"https:\\\/\\\/www.webdo.tn\\\/fr\\\/actualite\\\/national\\\/enquete-apres-l-ecroulement-d-un-faux-plafond-a-un-l-hopital-de-kasserine\\\/204544\\\/\",\"url\":\"https:\\\/\\\/www.webdo.tn\\\/fr\\\/actualite\\\/national\\\/enquete-apres-l-ecroulement-d-un-faux-plafond-a-un-l-hopital-de-kasserine\\\/204544\\\/\",\"name\":\"Enqu\u00eate apr\u00e8s l\u2019\u00e9croulement d\u2019un faux plafond \u00e0 l\u2019h\u00f4pital de Kasserine\",\"isPartOf\":{\"@id\":\"https:\\\/\\\/www.webdo.tn\\\/fr\\\/#website\"},\"primaryImageOfPage\":{\"@id\":\"https:\\\/\\\/www.webdo.tn\\\/fr\\\/actualite\\\/national\\\/enquete-apres-l-ecroulement-d-un-faux-plafond-a-un-l-hopital-de-kasserine\\\/204544\\\/#primaryimage\"},\"image\":{\"@id\":\"https:\\\/\\\/www.webdo.tn\\\/fr\\\/actualite\\\/national\\\/enquete-apres-l-ecroulement-d-un-faux-plafond-a-un-l-hopital-de-kasserine\\\/204544\\\/#primaryimage\"},\"thumbnailUrl\":\"https:\\\/\\\/www.webdo.tn\\\/fr\\\/wp-content\\\/uploads\\\/2023\\\/04\\\/f8cbede17efe7072c9290e79cd286878.jpg\",\"datePublished\":\"2023-04-04T13:16:00+00:00\",\"dateModified\":\"2025-05-20T22:49:46+00:00\",\"description\":\"Dans un communiqu\u00e9 rendu public ce mardi 4 avril 2023, le minist\u00e8re de la Sant\u00e9 annonce l\u2019ouverture d\u2019une enqu\u00eate l\u2019\u00e9croulement d\u2019un faux plafond d\u2019un service \u00e0...\",\"breadcrumb\":{\"@id\":\"https:\\\/\\\/www.webdo.tn\\\/fr\\\/actualite\\\/national\\\/enquete-apres-l-ecroulement-d-un-faux-plafond-a-un-l-hopital-de-kasserine\\\/204544\\\/#breadcrumb\"},\"inLanguage\":\"fr-FR\",\"potentialAction\":[{\"@type\":\"ReadAction\",\"target\":[\"https:\\\/\\\/www.webdo.tn\\\/fr\\\/actualite\\\/national\\\/enquete-apres-l-ecroulement-d-un-faux-plafond-a-un-l-hopital-de-kasserine\\\/204544\\\/\"]}]},{\"@type\":\"ImageObject\",\"inLanguage\":\"fr-FR\",\"@id\":\"https:\\\/\\\/www.webdo.tn\\\/fr\\\/actualite\\\/national\\\/enquete-apres-l-ecroulement-d-un-faux-plafond-a-un-l-hopital-de-kasserine\\\/204544\\\/#primaryimage\",\"url\":\"https:\\\/\\\/www.webdo.tn\\\/fr\\\/wp-content\\\/uploads\\\/2023\\\/04\\\/f8cbede17efe7072c9290e79cd286878.jpg\",\"contentUrl\":\"https:\\\/\\\/www.webdo.tn\\\/fr\\\/wp-content\\\/uploads\\\/2023\\\/04\\\/f8cbede17efe7072c9290e79cd286878.jpg\",\"width\":660,\"height\":352,\"caption\":\"Hopital Kasserine\"},{\"@type\":\"BreadcrumbList\",\"@id\":\"https:\\\/\\\/www.webdo.tn\\\/fr\\\/actualite\\\/national\\\/enquete-apres-l-ecroulement-d-un-faux-plafond-a-un-l-hopital-de-kasserine\\\/204544\\\/#breadcrumb\",\"itemListElement\":[{\"@type\":\"ListItem\",\"position\":1,\"name\":\"Accueil\",\"item\":\"https:\\\/\\\/www.webdo.tn\\\/fr\\\/\"},{\"@type\":\"ListItem\",\"position\":2,\"name\":\"Enqu\u00eate apr\u00e8s l\u2019\u00e9croulement d\u2019un faux plafond \u00e0 l\u2019h\u00f4pital de Kasserine\"}]},{\"@type\":\"WebSite\",\"@id\":\"https:\\\/\\\/www.webdo.tn\\\/fr\\\/#website\",\"url\":\"https:\\\/\\\/www.webdo.tn\\\/fr\\\/\",\"name\":\"webdo\",\"description\":\"Tunisie - News en Tunisie et \u00e0 l&#039;international sur Webdo.tn\",\"publisher\":{\"@id\":\"https:\\\/\\\/www.webdo.tn\\\/fr\\\/#organization\"},\"potentialAction\":[{\"@type\":\"SearchAction\",\"target\":{\"@type\":\"EntryPoint\",\"urlTemplate\":\"https:\\\/\\\/www.webdo.tn\\\/fr\\\/?s={search_term_string}\"},\"query-input\":{\"@type\":\"PropertyValueSpecification\",\"valueRequired\":true,\"valueName\":\"search_term_string\"}}],\"inLanguage\":\"fr-FR\"},{\"@type\":\"Organization\",\"@id\":\"https:\\\/\\\/www.webdo.tn\\\/fr\\\/#organization\",\"name\":\"Webdo\",\"alternateName\":\"Webdo.tn\",\"url\":\"https:\\\/\\\/www.webdo.tn\\\/fr\\\/\",\"logo\":{\"@type\":\"ImageObject\",\"inLanguage\":\"fr-FR\",\"@id\":\"https:\\\/\\\/www.webdo.tn\\\/fr\\\/#\\\/schema\\\/logo\\\/image\\\/\",\"url\":\"https:\\\/\\\/www.webdo.tn\\\/fr\\\/wp-content\\\/uploads\\\/2025\\\/06\\\/Webdo-Tunisie_168377.jpg\",\"contentUrl\":\"https:\\\/\\\/www.webdo.tn\\\/fr\\\/wp-content\\\/uploads\\\/2025\\\/06\\\/Webdo-Tunisie_168377.jpg\",\"width\":301,\"height\":301,\"caption\":\"Webdo\"},\"image\":{\"@id\":\"https:\\\/\\\/www.webdo.tn\\\/fr\\\/#\\\/schema\\\/logo\\\/image\\\/\"},\"sameAs\":[\"https:\\\/\\\/www.facebook.com\\\/webdotn\",\"https:\\\/\\\/x.com\\\/webdo_tn\"],\"description\":\"Webdo est un m\u00e9dia num\u00e9rique tunisien fond\u00e9 en 2010, sp\u00e9cialis\u00e9 dans l\u2019actualit\u00e9 nationale et internationale, l\u2019\u00e9conomie, la soci\u00e9t\u00e9 et les analyses politiques. Le site s\u2019adresse \u00e0 un large public francophone et couvre l\u2019information tunisienne en temps r\u00e9el.\",\"email\":\"redac@webdo.tn\",\"legalName\":\"YNJ SARL\",\"foundingDate\":\"2010-09-06\",\"numberOfEmployees\":{\"@type\":\"QuantitativeValue\",\"minValue\":\"11\",\"maxValue\":\"50\"}},{\"@type\":\"Person\",\"@id\":\"https:\\\/\\\/www.webdo.tn\\\/fr\\\/#\\\/schema\\\/person\\\/f35b42a42c5e2511bbd282959d6385cc\",\"name\":\"CL\",\"image\":{\"@type\":\"ImageObject\",\"inLanguage\":\"fr-FR\",\"@id\":\"https:\\\/\\\/secure.gravatar.com\\\/avatar\\\/1447a49909b67aa657c488aec6512e1dd6143a480c1ecfee9b5b5cd74eb3b59e?s=96&d=mm&r=g\",\"url\":\"https:\\\/\\\/secure.gravatar.com\\\/avatar\\\/1447a49909b67aa657c488aec6512e1dd6143a480c1ecfee9b5b5cd74eb3b59e?s=96&d=mm&r=g\",\"contentUrl\":\"https:\\\/\\\/secure.gravatar.com\\\/avatar\\\/1447a49909b67aa657c488aec6512e1dd6143a480c1ecfee9b5b5cd74eb3b59e?s=96&d=mm&r=g\",\"caption\":\"CL\"},\"url\":\"https:\\\/\\\/www.webdo.tn\\\/fr\\\/actualite\\\/author\\\/cl\\\/\"}]}<\/script>\n<!-- \/ Yoast SEO Premium plugin. -->","yoast_head_json":{"title":"Enqu\u00eate apr\u00e8s l\u2019\u00e9croulement d\u2019un faux plafond \u00e0 l\u2019h\u00f4pital de Kasserine","description":"Dans un communiqu\u00e9 rendu public ce mardi 4 avril 2023, le minist\u00e8re de la Sant\u00e9 annonce l\u2019ouverture d\u2019une enqu\u00eate l\u2019\u00e9croulement d\u2019un faux plafond d\u2019un service \u00e0...","canonical":"https:\/\/www.webdo.tn\/fr\/actualite\/national\/enquete-apres-l-ecroulement-d-un-faux-plafond-a-un-l-hopital-de-kasserine\/204544\/","og_locale":"fr_FR","og_type":"article","og_title":"Enqu\u00eate apr\u00e8s l\u2019\u00e9croulement d\u2019un faux plafond \u00e0 l\u2019h\u00f4pital de Kasserine","og_description":"Dans un communiqu\u00e9 rendu public ce mardi 4 avril 2023, le minist\u00e8re de la Sant\u00e9 annonce l\u2019ouverture d\u2019une enqu\u00eate l\u2019\u00e9croulement d\u2019un faux plafond d\u2019un service \u00e0...","og_url":"https:\/\/www.webdo.tn\/fr\/actualite\/national\/enquete-apres-l-ecroulement-d-un-faux-plafond-a-un-l-hopital-de-kasserine\/204544\/","og_site_name":"webdo","article_publisher":"https:\/\/www.facebook.com\/webdotn","article_published_time":"2023-04-04T13:16:00+00:00","article_modified_time":"2025-05-20T22:49:46+00:00","og_image":[{"width":660,"height":352,"url":"https:\/\/www.webdo.tn\/fr\/wp-content\/uploads\/2023\/04\/f8cbede17efe7072c9290e79cd286878.jpg","type":"image\/jpeg"}],"author":"CL","twitter_card":"summary_large_image","twitter_creator":"@webdo_tn","twitter_site":"@webdo_tn","twitter_misc":{"\u00c9crit par":"CL","Dur\u00e9e de lecture estim\u00e9e":"1 minute"},"schema":{"@context":"https:\/\/schema.org","@graph":[{"@type":"NewsArticle","@id":"https:\/\/www.webdo.tn\/fr\/actualite\/national\/enquete-apres-l-ecroulement-d-un-faux-plafond-a-un-l-hopital-de-kasserine\/204544\/#article","isPartOf":{"@id":"https:\/\/www.webdo.tn\/fr\/actualite\/national\/enquete-apres-l-ecroulement-d-un-faux-plafond-a-un-l-hopital-de-kasserine\/204544\/"},"author":{"name":"CL","@id":"https:\/\/www.webdo.tn\/fr\/#\/schema\/person\/f35b42a42c5e2511bbd282959d6385cc"},"headline":"Enqu\u00eate apr\u00e8s l\u2019\u00e9croulement d\u2019un faux plafond \u00e0 l\u2019h\u00f4pital de Kasserine","datePublished":"2023-04-04T13:16:00+00:00","dateModified":"2025-05-20T22:49:46+00:00","mainEntityOfPage":{"@id":"https:\/\/www.webdo.tn\/fr\/actualite\/national\/enquete-apres-l-ecroulement-d-un-faux-plafond-a-un-l-hopital-de-kasserine\/204544\/"},"wordCount":152,"commentCount":0,"publisher":{"@id":"https:\/\/www.webdo.tn\/fr\/#organization"},"image":{"@id":"https:\/\/www.webdo.tn\/fr\/actualite\/national\/enquete-apres-l-ecroulement-d-un-faux-plafond-a-un-l-hopital-de-kasserine\/204544\/#primaryimage"},"thumbnailUrl":"https:\/\/www.webdo.tn\/fr\/wp-content\/uploads\/2023\/04\/f8cbede17efe7072c9290e79cd286878.jpg","keywords":["H\u00f4pital","Kasserine","Tunisie"],"articleSection":["National"],"inLanguage":"fr-FR"},{"@type":"WebPage","@id":"https:\/\/www.webdo.tn\/fr\/actualite\/national\/enquete-apres-l-ecroulement-d-un-faux-plafond-a-un-l-hopital-de-kasserine\/204544\/","url":"https:\/\/www.webdo.tn\/fr\/actualite\/national\/enquete-apres-l-ecroulement-d-un-faux-plafond-a-un-l-hopital-de-kasserine\/204544\/","name":"Enqu\u00eate apr\u00e8s l\u2019\u00e9croulement d\u2019un faux plafond \u00e0 l\u2019h\u00f4pital de Kasserine","isPartOf":{"@id":"https:\/\/www.webdo.tn\/fr\/#website"},"primaryImageOfPage":{"@id":"https:\/\/www.webdo.tn\/fr\/actualite\/national\/enquete-apres-l-ecroulement-d-un-faux-plafond-a-un-l-hopital-de-kasserine\/204544\/#primaryimage"},"image":{"@id":"https:\/\/www.webdo.tn\/fr\/actualite\/national\/enquete-apres-l-ecroulement-d-un-faux-plafond-a-un-l-hopital-de-kasserine\/204544\/#primaryimage"},"thumbnailUrl":"https:\/\/www.webdo.tn\/fr\/wp-content\/uploads\/2023\/04\/f8cbede17efe7072c9290e79cd286878.jpg","datePublished":"2023-04-04T13:16:00+00:00","dateModified":"2025-05-20T22:49:46+00:00","description":"Dans un communiqu\u00e9 rendu public ce mardi 4 avril 2023, le minist\u00e8re de la Sant\u00e9 annonce l\u2019ouverture d\u2019une enqu\u00eate l\u2019\u00e9croulement d\u2019un faux plafond d\u2019un service \u00e0...","breadcrumb":{"@id":"https:\/\/www.webdo.tn\/fr\/actualite\/national\/enquete-apres-l-ecroulement-d-un-faux-plafond-a-un-l-hopital-de-kasserine\/204544\/#breadcrumb"},"inLanguage":"fr-FR","potentialAction":[{"@type":"ReadAction","target":["https:\/\/www.webdo.tn\/fr\/actualite\/national\/enquete-apres-l-ecroulement-d-un-faux-plafond-a-un-l-hopital-de-kasserine\/204544\/"]}]},{"@type":"ImageObject","inLanguage":"fr-FR","@id":"https:\/\/www.webdo.tn\/fr\/actualite\/national\/enquete-apres-l-ecroulement-d-un-faux-plafond-a-un-l-hopital-de-kasserine\/204544\/#primaryimage","url":"https:\/\/www.webdo.tn\/fr\/wp-content\/uploads\/2023\/04\/f8cbede17efe7072c9290e79cd286878.jpg","contentUrl":"https:\/\/www.webdo.tn\/fr\/wp-content\/uploads\/2023\/04\/f8cbede17efe7072c9290e79cd286878.jpg","width":660,"height":352,"caption":"Hopital Kasserine"},{"@type":"BreadcrumbList","@id":"https:\/\/www.webdo.tn\/fr\/actualite\/national\/enquete-apres-l-ecroulement-d-un-faux-plafond-a-un-l-hopital-de-kasserine\/204544\/#breadcrumb","itemListElement":[{"@type":"ListItem","position":1,"name":"Accueil","item":"https:\/\/www.webdo.tn\/fr\/"},{"@type":"ListItem","position":2,"name":"Enqu\u00eate apr\u00e8s l\u2019\u00e9croulement d\u2019un faux plafond \u00e0 l\u2019h\u00f4pital de Kasserine"}]},{"@type":"WebSite","@id":"https:\/\/www.webdo.tn\/fr\/#website","url":"https:\/\/www.webdo.tn\/fr\/","name":"webdo","description":"Tunisie - News en Tunisie et \u00e0 l&#039;international sur Webdo.tn","publisher":{"@id":"https:\/\/www.webdo.tn\/fr\/#organization"},"potentialAction":[{"@type":"SearchAction","target":{"@type":"EntryPoint","urlTemplate":"https:\/\/www.webdo.tn\/fr\/?s={search_term_string}"},"query-input":{"@type":"PropertyValueSpecification","valueRequired":true,"valueName":"search_term_string"}}],"inLanguage":"fr-FR"},{"@type":"Organization","@id":"https:\/\/www.webdo.tn\/fr\/#organization","name":"Webdo","alternateName":"Webdo.tn","url":"https:\/\/www.webdo.tn\/fr\/","logo":{"@type":"ImageObject","inLanguage":"fr-FR","@id":"https:\/\/www.webdo.tn\/fr\/#\/schema\/logo\/image\/","url":"https:\/\/www.webdo.tn\/fr\/wp-content\/uploads\/2025\/06\/Webdo-Tunisie_168377.jpg","contentUrl":"https:\/\/www.webdo.tn\/fr\/wp-content\/uploads\/2025\/06\/Webdo-Tunisie_168377.jpg","width":301,"height":301,"caption":"Webdo"},"image":{"@id":"https:\/\/www.webdo.tn\/fr\/#\/schema\/logo\/image\/"},"sameAs":["https:\/\/www.facebook.com\/webdotn","https:\/\/x.com\/webdo_tn"],"description":"Webdo est un m\u00e9dia num\u00e9rique tunisien fond\u00e9 en 2010, sp\u00e9cialis\u00e9 dans l\u2019actualit\u00e9 nationale et internationale, l\u2019\u00e9conomie, la soci\u00e9t\u00e9 et les analyses politiques. Le site s\u2019adresse \u00e0 un large public francophone et couvre l\u2019information tunisienne en temps r\u00e9el.","email":"redac@webdo.tn","legalName":"YNJ SARL","foundingDate":"2010-09-06","numberOfEmployees":{"@type":"QuantitativeValue","minValue":"11","maxValue":"50"}},{"@type":"Person","@id":"https:\/\/www.webdo.tn\/fr\/#\/schema\/person\/f35b42a42c5e2511bbd282959d6385cc","name":"CL","image":{"@type":"ImageObject","inLanguage":"fr-FR","@id":"https:\/\/secure.gravatar.com\/avatar\/1447a49909b67aa657c488aec6512e1dd6143a480c1ecfee9b5b5cd74eb3b59e?s=96&d=mm&r=g","url":"https:\/\/secure.gravatar.com\/avatar\/1447a49909b67aa657c488aec6512e1dd6143a480c1ecfee9b5b5cd74eb3b59e?s=96&d=mm&r=g","contentUrl":"https:\/\/secure.gravatar.com\/avatar\/1447a49909b67aa657c488aec6512e1dd6143a480c1ecfee9b5b5cd74eb3b59e?s=96&d=mm&r=g","caption":"CL"},"url":"https:\/\/www.webdo.tn\/fr\/actualite\/author\/cl\/"}]}},"_links":{"self":[{"href":"https:\/\/www.webdo.tn\/fr\/wp-json\/wp\/v2\/posts\/204544","targetHints":{"allow":["GET"]}}],"collection":[{"href":"https:\/\/www.webdo.tn\/fr\/wp-json\/wp\/v2\/posts"}],"about":[{"href":"https:\/\/www.webdo.tn\/fr\/wp-json\/wp\/v2\/types\/post"}],"author":[{"embeddable":true,"href":"https:\/\/www.webdo.tn\/fr\/wp-json\/wp\/v2\/users\/3175"}],"replies":[{"embeddable":true,"href":"https:\/\/www.webdo.tn\/fr\/wp-json\/wp\/v2\/comments?post=204544"}],"version-history":[{"count":0,"href":"https:\/\/www.webdo.tn\/fr\/wp-json\/wp\/v2\/posts\/204544\/revisions"}],"wp:featuredmedia":[{"embeddable":true,"href":"https:\/\/www.webdo.tn\/fr\/wp-json\/wp\/v2\/media\/278008"}],"wp:attachment":[{"href":"https:\/\/www.webdo.tn\/fr\/wp-json\/wp\/v2\/media?parent=204544"}],"wp:term":[{"taxonomy":"category","embeddable":true,"href":"https:\/\/www.webdo.tn\/fr\/wp-json\/wp\/v2\/categories?post=204544"},{"taxonomy":"post_tag","embeddable":true,"href":"https:\/\/www.webdo.tn\/fr\/wp-json\/wp\/v2\/tags?post=204544"}],"curies":[{"name":"wp","href":"https:\/\/api.w.org\/{rel}","templated":true}]}}