{"id":204543,"date":"2023-04-04T12:15:00","date_gmt":"2023-04-04T12:15:00","guid":{"rendered":"https:\/\/www.webdo.tn\/fr\/blog\/face-a-la-secheresse-l-utap-appelle-a-decreter-l-etat-d-urgence\/204543\/"},"modified":"2025-05-20T22:49:47","modified_gmt":"2025-05-20T22:49:47","slug":"face-a-la-secheresse-l-utap-appelle-a-decreter-l-etat-d-urgence","status":"publish","type":"post","link":"https:\/\/www.webdo.tn\/fr\/actualite\/national\/face-a-la-secheresse-l-utap-appelle-a-decreter-l-etat-d-urgence\/204543\/","title":{"rendered":"Face \u00e0 la s\u00e9cheresse, l\u2019UTAP appelle \u00e0 d\u00e9cr\u00e9ter l\u2019\u00e9tat d\u2019urgence"},"content":{"rendered":"<p>La s\u00e9cheresse bat son plein en Tunisie et la prochaine r\u00e9colte risque d\u2019\u00eatre catastrophique. Les derni\u00e8res importantes pr\u00e9cipitations ne peuvent pas malheureusement sauver la situation.<\/p>\n<p>\t\t\t\t\t\t\t\t\tL\u2019UTAP est all\u00e9e loin et appelle \u00e0 d\u00e9cr\u00e9ter l\u2019\u00e9tat d\u2019urgence concernant la s\u00e9cheresse et l\u2019acc\u00e8s \u00e0 l\u2019eau. Son vice-pr\u00e9sident Anis Kharbech affirme que la situation des barrages est catastrophique et que l\u2019agriculture en est la premi\u00e8re victime.\u00a0<\/p>\n<p>Il a \u00e9galement appel\u00e9 le gouvernement \u00e0 annoncer des mesures pour venir en aide des agriculteurs et les aider \u00e0 surmonter cette crise.\u00a0<\/p>\n<p>Il y quelques jours, la Tunisie est entr\u00e9e officiellement dans l\u2019\u00e8re du rationnement de l\u2019eau face \u00e0 la s\u00e9cheresse qui bat son plein. L\u2019eau peut \u00eatre accessible seulement pendant quelques heures par jour, dans une premi\u00e8re phase.\u00a0<\/p>\n<p>Le charg\u00e9 des grandes cultures \u00e0 l\u2019union tunisienne de l\u2019agriculture et de la p\u00eache, Mohamed Rja\u00efbia, explique, dans ce sens, que l\u2019UTAP s\u2019attend \u00e0 une saison catastrophique dans les r\u00e9gions c\u00e9r\u00e9ali\u00e8res.<\/p>\n<p>Rjaibia a fait savoir que l\u2019ann\u00e9e pr\u00e9c\u00e9dente la r\u00e9colte c\u00e9r\u00e9ali\u00e8re a atteint 7,4 millions de quintaux, pr\u00e9cisant que cette ann\u00e9e la r\u00e9colte ne d\u00e9passera pas les 3.5 millions de quintaux vu la s\u00e9cheresse.<\/p>\n","protected":false},"excerpt":{"rendered":"<p>La s\u00e9cheresse bat son plein en Tunisie et la prochaine r\u00e9colte risque d\u2019\u00eatre catastrophique. Les derni\u00e8res importantes pr\u00e9cipitations ne peuvent pas malheureuse&#8230;<\/p>\n","protected":false},"author":3175,"featured_media":278011,"comment_status":"open","ping_status":"closed","sticky":false,"template":"","format":"standard","meta":{"footnotes":""},"categories":[44],"tags":[3634,2608,4323],"class_list":["post-204543","post","type-post","status-publish","format-standard","has-post-thumbnail","hentry","category-national","tag-secheresse","tag-tunisie","tag-urgence"],"yoast_head":"<!-- This site is optimized with the Yoast SEO Premium plugin v27.5 (Yoast SEO v27.5) - https:\/\/yoast.com\/product\/yoast-seo-premium-wordpress\/ -->\n<title>Face \u00e0 la s\u00e9cheresse, l\u2019UTAP appelle \u00e0 d\u00e9cr\u00e9ter l\u2019\u00e9tat d\u2019urgence<\/title>\n<meta name=\"description\" content=\"La s\u00e9cheresse bat son plein en Tunisie et la prochaine r\u00e9colte risque d\u2019\u00eatre catastrophique. Les derni\u00e8res importantes pr\u00e9cipitations ne peuvent pas malheureuse...\" \/>\n<link rel=\"canonical\" href=\"https:\/\/www.webdo.tn\/fr\/actualite\/national\/face-a-la-secheresse-l-utap-appelle-a-decreter-l-etat-d-urgence\/204543\/\" \/>\n<meta property=\"og:locale\" content=\"fr_FR\" \/>\n<meta property=\"og:type\" content=\"article\" \/>\n<meta property=\"og:title\" content=\"Face \u00e0 la s\u00e9cheresse, l\u2019UTAP appelle \u00e0 d\u00e9cr\u00e9ter l\u2019\u00e9tat d\u2019urgence\" \/>\n<meta property=\"og:description\" content=\"La s\u00e9cheresse bat son plein en Tunisie et la prochaine r\u00e9colte risque d\u2019\u00eatre catastrophique. Les derni\u00e8res importantes pr\u00e9cipitations ne peuvent pas malheureuse...\" \/>\n<meta property=\"og:url\" content=\"https:\/\/www.webdo.tn\/fr\/actualite\/national\/face-a-la-secheresse-l-utap-appelle-a-decreter-l-etat-d-urgence\/204543\/\" \/>\n<meta property=\"og:site_name\" content=\"webdo\" \/>\n<meta property=\"article:publisher\" content=\"https:\/\/www.facebook.com\/webdotn\" \/>\n<meta property=\"article:published_time\" content=\"2023-04-04T12:15:00+00:00\" \/>\n<meta property=\"article:modified_time\" content=\"2025-05-20T22:49:47+00:00\" \/>\n<meta property=\"og:image\" content=\"https:\/\/www.webdo.tn\/fr\/wp-content\/uploads\/2023\/04\/e7c89924994b1e948c76ccf281479f0d.png\" \/>\n\t<meta property=\"og:image:width\" content=\"750\" \/>\n\t<meta property=\"og:image:height\" content=\"400\" \/>\n\t<meta property=\"og:image:type\" content=\"image\/png\" \/>\n<meta name=\"author\" content=\"CL\" \/>\n<meta name=\"twitter:card\" content=\"summary_large_image\" \/>\n<meta name=\"twitter:creator\" content=\"@webdo_tn\" \/>\n<meta name=\"twitter:site\" content=\"@webdo_tn\" \/>\n<meta name=\"twitter:label1\" content=\"\u00c9crit par\" \/>\n\t<meta name=\"twitter:data1\" content=\"CL\" \/>\n\t<meta name=\"twitter:label2\" content=\"Dur\u00e9e de lecture estim\u00e9e\" \/>\n\t<meta name=\"twitter:data2\" content=\"1 minute\" \/>\n<script type=\"application\/ld+json\" class=\"yoast-schema-graph\">{\"@context\":\"https:\\\/\\\/schema.org\",\"@graph\":[{\"@type\":\"NewsArticle\",\"@id\":\"https:\\\/\\\/www.webdo.tn\\\/fr\\\/actualite\\\/national\\\/face-a-la-secheresse-l-utap-appelle-a-decreter-l-etat-d-urgence\\\/204543\\\/#article\",\"isPartOf\":{\"@id\":\"https:\\\/\\\/www.webdo.tn\\\/fr\\\/actualite\\\/national\\\/face-a-la-secheresse-l-utap-appelle-a-decreter-l-etat-d-urgence\\\/204543\\\/\"},\"author\":{\"name\":\"CL\",\"@id\":\"https:\\\/\\\/www.webdo.tn\\\/fr\\\/#\\\/schema\\\/person\\\/f35b42a42c5e2511bbd282959d6385cc\"},\"headline\":\"Face \u00e0 la s\u00e9cheresse, l\u2019UTAP appelle \u00e0 d\u00e9cr\u00e9ter l\u2019\u00e9tat d\u2019urgence\",\"datePublished\":\"2023-04-04T12:15:00+00:00\",\"dateModified\":\"2025-05-20T22:49:47+00:00\",\"mainEntityOfPage\":{\"@id\":\"https:\\\/\\\/www.webdo.tn\\\/fr\\\/actualite\\\/national\\\/face-a-la-secheresse-l-utap-appelle-a-decreter-l-etat-d-urgence\\\/204543\\\/\"},\"wordCount\":238,\"commentCount\":0,\"publisher\":{\"@id\":\"https:\\\/\\\/www.webdo.tn\\\/fr\\\/#organization\"},\"image\":{\"@id\":\"https:\\\/\\\/www.webdo.tn\\\/fr\\\/actualite\\\/national\\\/face-a-la-secheresse-l-utap-appelle-a-decreter-l-etat-d-urgence\\\/204543\\\/#primaryimage\"},\"thumbnailUrl\":\"https:\\\/\\\/www.webdo.tn\\\/fr\\\/wp-content\\\/uploads\\\/2023\\\/04\\\/e7c89924994b1e948c76ccf281479f0d.png\",\"keywords\":[\"s\u00e9cheresse\",\"Tunisie\",\"Urgence\"],\"articleSection\":[\"National\"],\"inLanguage\":\"fr-FR\"},{\"@type\":\"WebPage\",\"@id\":\"https:\\\/\\\/www.webdo.tn\\\/fr\\\/actualite\\\/national\\\/face-a-la-secheresse-l-utap-appelle-a-decreter-l-etat-d-urgence\\\/204543\\\/\",\"url\":\"https:\\\/\\\/www.webdo.tn\\\/fr\\\/actualite\\\/national\\\/face-a-la-secheresse-l-utap-appelle-a-decreter-l-etat-d-urgence\\\/204543\\\/\",\"name\":\"Face \u00e0 la s\u00e9cheresse, l\u2019UTAP appelle \u00e0 d\u00e9cr\u00e9ter l\u2019\u00e9tat d\u2019urgence\",\"isPartOf\":{\"@id\":\"https:\\\/\\\/www.webdo.tn\\\/fr\\\/#website\"},\"primaryImageOfPage\":{\"@id\":\"https:\\\/\\\/www.webdo.tn\\\/fr\\\/actualite\\\/national\\\/face-a-la-secheresse-l-utap-appelle-a-decreter-l-etat-d-urgence\\\/204543\\\/#primaryimage\"},\"image\":{\"@id\":\"https:\\\/\\\/www.webdo.tn\\\/fr\\\/actualite\\\/national\\\/face-a-la-secheresse-l-utap-appelle-a-decreter-l-etat-d-urgence\\\/204543\\\/#primaryimage\"},\"thumbnailUrl\":\"https:\\\/\\\/www.webdo.tn\\\/fr\\\/wp-content\\\/uploads\\\/2023\\\/04\\\/e7c89924994b1e948c76ccf281479f0d.png\",\"datePublished\":\"2023-04-04T12:15:00+00:00\",\"dateModified\":\"2025-05-20T22:49:47+00:00\",\"description\":\"La s\u00e9cheresse bat son plein en Tunisie et la prochaine r\u00e9colte risque d\u2019\u00eatre catastrophique. Les derni\u00e8res importantes pr\u00e9cipitations ne peuvent pas malheureuse...\",\"breadcrumb\":{\"@id\":\"https:\\\/\\\/www.webdo.tn\\\/fr\\\/actualite\\\/national\\\/face-a-la-secheresse-l-utap-appelle-a-decreter-l-etat-d-urgence\\\/204543\\\/#breadcrumb\"},\"inLanguage\":\"fr-FR\",\"potentialAction\":[{\"@type\":\"ReadAction\",\"target\":[\"https:\\\/\\\/www.webdo.tn\\\/fr\\\/actualite\\\/national\\\/face-a-la-secheresse-l-utap-appelle-a-decreter-l-etat-d-urgence\\\/204543\\\/\"]}]},{\"@type\":\"ImageObject\",\"inLanguage\":\"fr-FR\",\"@id\":\"https:\\\/\\\/www.webdo.tn\\\/fr\\\/actualite\\\/national\\\/face-a-la-secheresse-l-utap-appelle-a-decreter-l-etat-d-urgence\\\/204543\\\/#primaryimage\",\"url\":\"https:\\\/\\\/www.webdo.tn\\\/fr\\\/wp-content\\\/uploads\\\/2023\\\/04\\\/e7c89924994b1e948c76ccf281479f0d.png\",\"contentUrl\":\"https:\\\/\\\/www.webdo.tn\\\/fr\\\/wp-content\\\/uploads\\\/2023\\\/04\\\/e7c89924994b1e948c76ccf281479f0d.png\",\"width\":750,\"height\":400,\"caption\":\"Face \u00e0 la s\u00e9cheresse, l\u2019UTAP appelle \u00e0 d\u00e9cr\u00e9ter l\u2019\u00e9tat d\u2019urgence\"},{\"@type\":\"BreadcrumbList\",\"@id\":\"https:\\\/\\\/www.webdo.tn\\\/fr\\\/actualite\\\/national\\\/face-a-la-secheresse-l-utap-appelle-a-decreter-l-etat-d-urgence\\\/204543\\\/#breadcrumb\",\"itemListElement\":[{\"@type\":\"ListItem\",\"position\":1,\"name\":\"Accueil\",\"item\":\"https:\\\/\\\/www.webdo.tn\\\/fr\\\/\"},{\"@type\":\"ListItem\",\"position\":2,\"name\":\"Face \u00e0 la s\u00e9cheresse, l\u2019UTAP appelle \u00e0 d\u00e9cr\u00e9ter l\u2019\u00e9tat d\u2019urgence\"}]},{\"@type\":\"WebSite\",\"@id\":\"https:\\\/\\\/www.webdo.tn\\\/fr\\\/#website\",\"url\":\"https:\\\/\\\/www.webdo.tn\\\/fr\\\/\",\"name\":\"webdo\",\"description\":\"Tunisie - News en Tunisie et \u00e0 l&#039;international sur Webdo.tn\",\"publisher\":{\"@id\":\"https:\\\/\\\/www.webdo.tn\\\/fr\\\/#organization\"},\"potentialAction\":[{\"@type\":\"SearchAction\",\"target\":{\"@type\":\"EntryPoint\",\"urlTemplate\":\"https:\\\/\\\/www.webdo.tn\\\/fr\\\/?s={search_term_string}\"},\"query-input\":{\"@type\":\"PropertyValueSpecification\",\"valueRequired\":true,\"valueName\":\"search_term_string\"}}],\"inLanguage\":\"fr-FR\"},{\"@type\":\"Organization\",\"@id\":\"https:\\\/\\\/www.webdo.tn\\\/fr\\\/#organization\",\"name\":\"Webdo\",\"alternateName\":\"Webdo.tn\",\"url\":\"https:\\\/\\\/www.webdo.tn\\\/fr\\\/\",\"logo\":{\"@type\":\"ImageObject\",\"inLanguage\":\"fr-FR\",\"@id\":\"https:\\\/\\\/www.webdo.tn\\\/fr\\\/#\\\/schema\\\/logo\\\/image\\\/\",\"url\":\"https:\\\/\\\/www.webdo.tn\\\/fr\\\/wp-content\\\/uploads\\\/2025\\\/06\\\/Webdo-Tunisie_168377.jpg\",\"contentUrl\":\"https:\\\/\\\/www.webdo.tn\\\/fr\\\/wp-content\\\/uploads\\\/2025\\\/06\\\/Webdo-Tunisie_168377.jpg\",\"width\":301,\"height\":301,\"caption\":\"Webdo\"},\"image\":{\"@id\":\"https:\\\/\\\/www.webdo.tn\\\/fr\\\/#\\\/schema\\\/logo\\\/image\\\/\"},\"sameAs\":[\"https:\\\/\\\/www.facebook.com\\\/webdotn\",\"https:\\\/\\\/x.com\\\/webdo_tn\"],\"description\":\"Webdo est un m\u00e9dia num\u00e9rique tunisien fond\u00e9 en 2010, sp\u00e9cialis\u00e9 dans l\u2019actualit\u00e9 nationale et internationale, l\u2019\u00e9conomie, la soci\u00e9t\u00e9 et les analyses politiques. Le site s\u2019adresse \u00e0 un large public francophone et couvre l\u2019information tunisienne en temps r\u00e9el.\",\"email\":\"redac@webdo.tn\",\"legalName\":\"YNJ SARL\",\"foundingDate\":\"2010-09-06\",\"numberOfEmployees\":{\"@type\":\"QuantitativeValue\",\"minValue\":\"11\",\"maxValue\":\"50\"}},{\"@type\":\"Person\",\"@id\":\"https:\\\/\\\/www.webdo.tn\\\/fr\\\/#\\\/schema\\\/person\\\/f35b42a42c5e2511bbd282959d6385cc\",\"name\":\"CL\",\"image\":{\"@type\":\"ImageObject\",\"inLanguage\":\"fr-FR\",\"@id\":\"https:\\\/\\\/secure.gravatar.com\\\/avatar\\\/1447a49909b67aa657c488aec6512e1dd6143a480c1ecfee9b5b5cd74eb3b59e?s=96&d=mm&r=g\",\"url\":\"https:\\\/\\\/secure.gravatar.com\\\/avatar\\\/1447a49909b67aa657c488aec6512e1dd6143a480c1ecfee9b5b5cd74eb3b59e?s=96&d=mm&r=g\",\"contentUrl\":\"https:\\\/\\\/secure.gravatar.com\\\/avatar\\\/1447a49909b67aa657c488aec6512e1dd6143a480c1ecfee9b5b5cd74eb3b59e?s=96&d=mm&r=g\",\"caption\":\"CL\"},\"url\":\"https:\\\/\\\/www.webdo.tn\\\/fr\\\/actualite\\\/author\\\/cl\\\/\"}]}<\/script>\n<!-- \/ Yoast SEO Premium plugin. -->","yoast_head_json":{"title":"Face \u00e0 la s\u00e9cheresse, l\u2019UTAP appelle \u00e0 d\u00e9cr\u00e9ter l\u2019\u00e9tat d\u2019urgence","description":"La s\u00e9cheresse bat son plein en Tunisie et la prochaine r\u00e9colte risque d\u2019\u00eatre catastrophique. Les derni\u00e8res importantes pr\u00e9cipitations ne peuvent pas malheureuse...","canonical":"https:\/\/www.webdo.tn\/fr\/actualite\/national\/face-a-la-secheresse-l-utap-appelle-a-decreter-l-etat-d-urgence\/204543\/","og_locale":"fr_FR","og_type":"article","og_title":"Face \u00e0 la s\u00e9cheresse, l\u2019UTAP appelle \u00e0 d\u00e9cr\u00e9ter l\u2019\u00e9tat d\u2019urgence","og_description":"La s\u00e9cheresse bat son plein en Tunisie et la prochaine r\u00e9colte risque d\u2019\u00eatre catastrophique. Les derni\u00e8res importantes pr\u00e9cipitations ne peuvent pas malheureuse...","og_url":"https:\/\/www.webdo.tn\/fr\/actualite\/national\/face-a-la-secheresse-l-utap-appelle-a-decreter-l-etat-d-urgence\/204543\/","og_site_name":"webdo","article_publisher":"https:\/\/www.facebook.com\/webdotn","article_published_time":"2023-04-04T12:15:00+00:00","article_modified_time":"2025-05-20T22:49:47+00:00","og_image":[{"width":750,"height":400,"url":"https:\/\/www.webdo.tn\/fr\/wp-content\/uploads\/2023\/04\/e7c89924994b1e948c76ccf281479f0d.png","type":"image\/png"}],"author":"CL","twitter_card":"summary_large_image","twitter_creator":"@webdo_tn","twitter_site":"@webdo_tn","twitter_misc":{"\u00c9crit par":"CL","Dur\u00e9e de lecture estim\u00e9e":"1 minute"},"schema":{"@context":"https:\/\/schema.org","@graph":[{"@type":"NewsArticle","@id":"https:\/\/www.webdo.tn\/fr\/actualite\/national\/face-a-la-secheresse-l-utap-appelle-a-decreter-l-etat-d-urgence\/204543\/#article","isPartOf":{"@id":"https:\/\/www.webdo.tn\/fr\/actualite\/national\/face-a-la-secheresse-l-utap-appelle-a-decreter-l-etat-d-urgence\/204543\/"},"author":{"name":"CL","@id":"https:\/\/www.webdo.tn\/fr\/#\/schema\/person\/f35b42a42c5e2511bbd282959d6385cc"},"headline":"Face \u00e0 la s\u00e9cheresse, l\u2019UTAP appelle \u00e0 d\u00e9cr\u00e9ter l\u2019\u00e9tat d\u2019urgence","datePublished":"2023-04-04T12:15:00+00:00","dateModified":"2025-05-20T22:49:47+00:00","mainEntityOfPage":{"@id":"https:\/\/www.webdo.tn\/fr\/actualite\/national\/face-a-la-secheresse-l-utap-appelle-a-decreter-l-etat-d-urgence\/204543\/"},"wordCount":238,"commentCount":0,"publisher":{"@id":"https:\/\/www.webdo.tn\/fr\/#organization"},"image":{"@id":"https:\/\/www.webdo.tn\/fr\/actualite\/national\/face-a-la-secheresse-l-utap-appelle-a-decreter-l-etat-d-urgence\/204543\/#primaryimage"},"thumbnailUrl":"https:\/\/www.webdo.tn\/fr\/wp-content\/uploads\/2023\/04\/e7c89924994b1e948c76ccf281479f0d.png","keywords":["s\u00e9cheresse","Tunisie","Urgence"],"articleSection":["National"],"inLanguage":"fr-FR"},{"@type":"WebPage","@id":"https:\/\/www.webdo.tn\/fr\/actualite\/national\/face-a-la-secheresse-l-utap-appelle-a-decreter-l-etat-d-urgence\/204543\/","url":"https:\/\/www.webdo.tn\/fr\/actualite\/national\/face-a-la-secheresse-l-utap-appelle-a-decreter-l-etat-d-urgence\/204543\/","name":"Face \u00e0 la s\u00e9cheresse, l\u2019UTAP appelle \u00e0 d\u00e9cr\u00e9ter l\u2019\u00e9tat d\u2019urgence","isPartOf":{"@id":"https:\/\/www.webdo.tn\/fr\/#website"},"primaryImageOfPage":{"@id":"https:\/\/www.webdo.tn\/fr\/actualite\/national\/face-a-la-secheresse-l-utap-appelle-a-decreter-l-etat-d-urgence\/204543\/#primaryimage"},"image":{"@id":"https:\/\/www.webdo.tn\/fr\/actualite\/national\/face-a-la-secheresse-l-utap-appelle-a-decreter-l-etat-d-urgence\/204543\/#primaryimage"},"thumbnailUrl":"https:\/\/www.webdo.tn\/fr\/wp-content\/uploads\/2023\/04\/e7c89924994b1e948c76ccf281479f0d.png","datePublished":"2023-04-04T12:15:00+00:00","dateModified":"2025-05-20T22:49:47+00:00","description":"La s\u00e9cheresse bat son plein en Tunisie et la prochaine r\u00e9colte risque d\u2019\u00eatre catastrophique. Les derni\u00e8res importantes pr\u00e9cipitations ne peuvent pas malheureuse...","breadcrumb":{"@id":"https:\/\/www.webdo.tn\/fr\/actualite\/national\/face-a-la-secheresse-l-utap-appelle-a-decreter-l-etat-d-urgence\/204543\/#breadcrumb"},"inLanguage":"fr-FR","potentialAction":[{"@type":"ReadAction","target":["https:\/\/www.webdo.tn\/fr\/actualite\/national\/face-a-la-secheresse-l-utap-appelle-a-decreter-l-etat-d-urgence\/204543\/"]}]},{"@type":"ImageObject","inLanguage":"fr-FR","@id":"https:\/\/www.webdo.tn\/fr\/actualite\/national\/face-a-la-secheresse-l-utap-appelle-a-decreter-l-etat-d-urgence\/204543\/#primaryimage","url":"https:\/\/www.webdo.tn\/fr\/wp-content\/uploads\/2023\/04\/e7c89924994b1e948c76ccf281479f0d.png","contentUrl":"https:\/\/www.webdo.tn\/fr\/wp-content\/uploads\/2023\/04\/e7c89924994b1e948c76ccf281479f0d.png","width":750,"height":400,"caption":"Face \u00e0 la s\u00e9cheresse, l\u2019UTAP appelle \u00e0 d\u00e9cr\u00e9ter l\u2019\u00e9tat d\u2019urgence"},{"@type":"BreadcrumbList","@id":"https:\/\/www.webdo.tn\/fr\/actualite\/national\/face-a-la-secheresse-l-utap-appelle-a-decreter-l-etat-d-urgence\/204543\/#breadcrumb","itemListElement":[{"@type":"ListItem","position":1,"name":"Accueil","item":"https:\/\/www.webdo.tn\/fr\/"},{"@type":"ListItem","position":2,"name":"Face \u00e0 la s\u00e9cheresse, l\u2019UTAP appelle \u00e0 d\u00e9cr\u00e9ter l\u2019\u00e9tat d\u2019urgence"}]},{"@type":"WebSite","@id":"https:\/\/www.webdo.tn\/fr\/#website","url":"https:\/\/www.webdo.tn\/fr\/","name":"webdo","description":"Tunisie - News en Tunisie et \u00e0 l&#039;international sur Webdo.tn","publisher":{"@id":"https:\/\/www.webdo.tn\/fr\/#organization"},"potentialAction":[{"@type":"SearchAction","target":{"@type":"EntryPoint","urlTemplate":"https:\/\/www.webdo.tn\/fr\/?s={search_term_string}"},"query-input":{"@type":"PropertyValueSpecification","valueRequired":true,"valueName":"search_term_string"}}],"inLanguage":"fr-FR"},{"@type":"Organization","@id":"https:\/\/www.webdo.tn\/fr\/#organization","name":"Webdo","alternateName":"Webdo.tn","url":"https:\/\/www.webdo.tn\/fr\/","logo":{"@type":"ImageObject","inLanguage":"fr-FR","@id":"https:\/\/www.webdo.tn\/fr\/#\/schema\/logo\/image\/","url":"https:\/\/www.webdo.tn\/fr\/wp-content\/uploads\/2025\/06\/Webdo-Tunisie_168377.jpg","contentUrl":"https:\/\/www.webdo.tn\/fr\/wp-content\/uploads\/2025\/06\/Webdo-Tunisie_168377.jpg","width":301,"height":301,"caption":"Webdo"},"image":{"@id":"https:\/\/www.webdo.tn\/fr\/#\/schema\/logo\/image\/"},"sameAs":["https:\/\/www.facebook.com\/webdotn","https:\/\/x.com\/webdo_tn"],"description":"Webdo est un m\u00e9dia num\u00e9rique tunisien fond\u00e9 en 2010, sp\u00e9cialis\u00e9 dans l\u2019actualit\u00e9 nationale et internationale, l\u2019\u00e9conomie, la soci\u00e9t\u00e9 et les analyses politiques. Le site s\u2019adresse \u00e0 un large public francophone et couvre l\u2019information tunisienne en temps r\u00e9el.","email":"redac@webdo.tn","legalName":"YNJ SARL","foundingDate":"2010-09-06","numberOfEmployees":{"@type":"QuantitativeValue","minValue":"11","maxValue":"50"}},{"@type":"Person","@id":"https:\/\/www.webdo.tn\/fr\/#\/schema\/person\/f35b42a42c5e2511bbd282959d6385cc","name":"CL","image":{"@type":"ImageObject","inLanguage":"fr-FR","@id":"https:\/\/secure.gravatar.com\/avatar\/1447a49909b67aa657c488aec6512e1dd6143a480c1ecfee9b5b5cd74eb3b59e?s=96&d=mm&r=g","url":"https:\/\/secure.gravatar.com\/avatar\/1447a49909b67aa657c488aec6512e1dd6143a480c1ecfee9b5b5cd74eb3b59e?s=96&d=mm&r=g","contentUrl":"https:\/\/secure.gravatar.com\/avatar\/1447a49909b67aa657c488aec6512e1dd6143a480c1ecfee9b5b5cd74eb3b59e?s=96&d=mm&r=g","caption":"CL"},"url":"https:\/\/www.webdo.tn\/fr\/actualite\/author\/cl\/"}]}},"_links":{"self":[{"href":"https:\/\/www.webdo.tn\/fr\/wp-json\/wp\/v2\/posts\/204543","targetHints":{"allow":["GET"]}}],"collection":[{"href":"https:\/\/www.webdo.tn\/fr\/wp-json\/wp\/v2\/posts"}],"about":[{"href":"https:\/\/www.webdo.tn\/fr\/wp-json\/wp\/v2\/types\/post"}],"author":[{"embeddable":true,"href":"https:\/\/www.webdo.tn\/fr\/wp-json\/wp\/v2\/users\/3175"}],"replies":[{"embeddable":true,"href":"https:\/\/www.webdo.tn\/fr\/wp-json\/wp\/v2\/comments?post=204543"}],"version-history":[{"count":0,"href":"https:\/\/www.webdo.tn\/fr\/wp-json\/wp\/v2\/posts\/204543\/revisions"}],"wp:featuredmedia":[{"embeddable":true,"href":"https:\/\/www.webdo.tn\/fr\/wp-json\/wp\/v2\/media\/278011"}],"wp:attachment":[{"href":"https:\/\/www.webdo.tn\/fr\/wp-json\/wp\/v2\/media?parent=204543"}],"wp:term":[{"taxonomy":"category","embeddable":true,"href":"https:\/\/www.webdo.tn\/fr\/wp-json\/wp\/v2\/categories?post=204543"},{"taxonomy":"post_tag","embeddable":true,"href":"https:\/\/www.webdo.tn\/fr\/wp-json\/wp\/v2\/tags?post=204543"}],"curies":[{"name":"wp","href":"https:\/\/api.w.org\/{rel}","templated":true}]}}