{"id":204540,"date":"2023-04-04T11:10:00","date_gmt":"2023-04-04T11:10:00","guid":{"rendered":"https:\/\/www.webdo.tn\/fr\/blog\/feuilletons-ramadanesques-en-tunisie-pourquoi-tant-de-negativite-pourquoi-pas-des-feuilletons-plus-positifs-et-inspirants\/204540\/"},"modified":"2025-05-21T08:56:47","modified_gmt":"2025-05-21T08:56:47","slug":"feuilletons-ramadanesques-en-tunisie-pourquoi-tant-de-negativite-pourquoi-pas-des-feuilletons-plus-positifs-et-inspirants","status":"publish","type":"post","link":"https:\/\/www.webdo.tn\/fr\/actualite\/culture\/feuilletons-ramadanesques-en-tunisie-pourquoi-tant-de-negativite-pourquoi-pas-des-feuilletons-plus-positifs-et-inspirants\/204540\/","title":{"rendered":"Feuilletons ramadanesques en Tunisie : pourquoi pas des feuilletons plus positifs et inspirants ?"},"content":{"rendered":"<div class=\"single-body entry-content typography-copy\" itemprop=\"articleBody\">\n<p style=\"font-weight: bold; text-align: justify\">\n\t\t\t\t\t\t\t\t\tLe mois de Ramadan est un mois sacr\u00e9 pour les musulmans et est marqu\u00e9 par de nombreux rituels et traditions. C&rsquo;est \u00e9galement un mois o\u00f9 tous les musulmans et donc aussi les tunisiens sont invit\u00e9s \u00e0 se retrouver en famille, \u00e0 partager des moments de convivialit\u00e9 et \u00e0 s&rsquo;adonner \u00e0 des activit\u00e9s de loisir. Parmi ces activit\u00e9s, les feuilletons ramadanesques qui sont diffus\u00e9s chaque soir sur les chaines de t\u00e9l\u00e9vision.\n\t\t\t\t\t\t\t\t<\/p>\n<div class=\"coprs\" style=\"text-align: center\"><\/div>\n<div class=\"coprs\" style=\"text-align: justify\">\n<p>\u00a0<\/p>\n<p>\n<span><span>Chaque ann\u00e9e, quelques jours avant le d\u00e9but de ramadan, la question qu\u2019un grand nombre de t\u00e9l\u00e9spectateurs se pose\u00a0: quels feuilletons allons-nous regarder?<\/span><\/span><\/p>\n<p><span><span>Il fut un temps o\u00f9 tous les tunisiens regardaient les feuilletons tunisiens, mais depuis quelques ann\u00e9es, ils sont de plus en plus nombreux \u00e0 regarder les feuilletons arabes, surtout \u00e9gyptiens, libanais, syriens et m\u00eame turcs, doubl\u00e9s en arabe. <\/span><\/span><\/p>\n<p><span><span>En effet, depuis des ann\u00e9es, les feuilletons ramadanesques en Tunisie sont souvent tr\u00e8s sombres et ont tendance \u00e0 montrer une image tr\u00e8s n\u00e9gative de la soci\u00e9t\u00e9, en se concentrant sur des sujets tels que la drogue, la criminalit\u00e9 et la d\u00e9linquance. Bien que ces sujets fassent partie de la r\u00e9alit\u00e9 de la soci\u00e9t\u00e9 tunisienne, ils ne refl\u00e8tent ni\u00a0la diversit\u00e9 de cette\u00a0soci\u00e9t\u00e9 ni ne repr\u00e9sentent l&rsquo;ensemble de la population tunisienne. <\/span><\/span><\/p>\n<p><span><span>Il est vrai que notre\u00a0r\u00e9alit\u00e9\u00a0est difficile. Nous avons des probl\u00e8mes \u00e9conomiques, sociaux, politiques, et il est important de les aborder et d&rsquo;en parler. Mais le Ramadan est un mois de paix, de pardon, de partage, et les histoires que nous regardons \u00e0 la t\u00e9l\u00e9vision devraient aussi refl\u00e9ter cela. Or, nous sommes submerg\u00e9s par des histoires de criminels, de voyous, de drogu\u00e9s, qui sont pr\u00e9sent\u00e9s comme la norme de notre soci\u00e9t\u00e9.<\/span><\/span><\/p>\n<p><span><span>Pourquoi cette obsession pour le n\u00e9gatif ? Pourquoi ne pas montrer des histoires plus positives, plus optimistes, plus r\u00e9confortantes ?<\/span><\/span><\/p>\n<p><span><span>La majorit\u00e9 des Tunisiens sont des gens ordinaires, qui travaillent dur, qui prennent soin de leur famille, qui cherchent \u00e0 vivre leur vie de mani\u00e8re positive. <\/span><\/span><\/p>\n<p><span><span>Il est temps de diversifier les sujets abord\u00e9s dans les feuilletons ramadanesques et de montrer une image plus positive de notre soci\u00e9t\u00e9. Nous avons besoin de voir des histoires de personnes ordinaires qui cherchent \u00e0 vaincre les difficult\u00e9s, \u00e0 r\u00e9aliser leurs r\u00eaves, \u00e0 trouver leur place dans le monde. Nous avons besoins de voir des histoires de personnes qui font preuve de courage et de d\u00e9termination pour surmonter les obstacles. Nous avons besoin de voir des histoires de gens qui pensent \u00e0 l\u2019avenir, \u00e0 leurs enfants et qui contribuent \u00e0 construire cet avenir. Nous avons besoin de voir des histoires de solidarit\u00e9, de g\u00e9n\u00e9rosit\u00e9 et\u00a0de compassion. Nous avons besoin de voir des histoires qui nous inspirent, qui nous motivent, qui nous poussent \u00e0 aller de l&rsquo;avant.<\/span><\/span><\/p>\n<p><span><span>Nous avons besoin de voir ces histoires \u00e0 la t\u00e9l\u00e9vision, pour nous rappeler que nous ne sommes pas seuls dans nos luttes, que nous pouvons compter sur les autres pour nous soutenir.<\/span><\/span><\/p>\n<p><span><span>Sans oublier qu\u2019il y a tellement d&rsquo;histoires positives \u00e0 raconter en Tunisie. Nous avons une histoire riche et fascinante, avec des personnages incroyables qui ont accompli des choses extraordinaires. Nous avons des artistes, des scientifiques, des \u00e9crivains, des musiciens, des activistes, des h\u00e9ros du quotidien, qui m\u00e9ritent d&rsquo;\u00eatre c\u00e9l\u00e9br\u00e9s et honor\u00e9s. Pourquoi ne pas raconter leurs histoires \u00e0 la t\u00e9l\u00e9vision ?<\/span><\/span><\/p>\n<p><span><span>Par exemple, nous pourrions avoir une s\u00e9rie sur Tawhida Ben Cheikh (1909-2010), la premi\u00e8re femme m\u00e9decin tunisienne. Son histoire est fascinante, elle a surement d\u00fb surmonter de nombreux obstacles pour arriver \u00e0 obtenir son dipl\u00f4me de m\u00e9decin. Elle a \u00e9galement \u00e9t\u00e9 une pionni\u00e8re dans l&rsquo;\u00e9ducation des femmes en Tunisie, et sa m\u00e8re a surement \u00e9t\u00e9 une femme exceptionnelle pour l\u2019avoir envoy\u00e9e \u00e9tudier \u00e0 l\u2019\u00e9tranger dans les ann\u00e9es 1930 \u00e0 une \u00e9poque o\u00f9 l\u2019\u00e9ducation des filles se limitait \u00e0 leur apprendre la couture et la cuisine\u00a0!<\/span><\/span><\/p>\n<p><span><span>Et pourquoi ne pas envisager une s\u00e9rie sur Alia Babbou (1923-2006), mieux connue sous le nom de Sayda Alia ? Cette pionni\u00e8re a men\u00e9 une vie incroyablement riche, comme en t\u00e9moigne son autobiographie intitul\u00e9e \u00ab\u00a0Itin\u00e9raire\u00a0\u00bb. Imaginez, par exemple, cette femme qui, en plus de sa carri\u00e8re radiophonique, a visit\u00e9 plus de 100 pays avec des moyens tr\u00e8s limit\u00e9s et seule. Elle remplissait souvent le coffre de sa voiture de nourriture et de pi\u00e8ces d\u00e9tach\u00e9es avant de partir \u00e0 l&rsquo;aventure dans des pays lointains. En outre, elle a men\u00e9 un combat pour les droits des femmes d\u00e8s les ann\u00e9es 1950, bien avant l&rsquo;adoption du Code du Statut Personnel.<\/span><\/span><\/p>\n<p><span><span>En plus de ces deux exemples de femmes remarquables, il y a tant d&rsquo;autres h\u00e9ros m\u00e9connus en Tunisie qui ont contribu\u00e9 \u00e0 construire le pays. Je citerais par exemple mon arri\u00e8re-grand-p\u00e8re, Mohamed Elleuch (1857 \u2013 1933), qui, au d\u00e9but du XX\u00e8me si\u00e8cle, parmi toutes ses oeuvres, a construit plus de cinq \u00e9coles et qui, chaque ann\u00e9e, prenait en charge l&rsquo;\u00e9ducation de soixante-dix enfants d\u00e9favoris\u00e9s. Il a \u00e9galement \u00e9t\u00e9 un m\u00e9c\u00e8ne des arts et un membre fondateur de la premi\u00e8re association de promotion de la musique \u00e0 Sfax (vid\u00e9os ici: <a href=\"https:\/\/www.youtube.com\/watch?v=3vYNbkSjNis&amp;t=1s\">Partie 1<\/a>, <a href=\"https:\/\/www.youtube.com\/watch?v=QQRUY7IbJS0&amp;t=31s\">Partie 2<\/a> et <a href=\"https:\/\/www.youtube.com\/watch?v=HTb4u1ODVTE&amp;t=27s\">Partie 3<\/a>). Mon grand-p\u00e8re Sadok Driss (1898-1985), quant \u00e0 lui, passait des armes en contrebande dans des ballots de tissus pour aider \u00e0 combattre l&rsquo;occupant fran\u00e7ais alors qu&rsquo;il \u00e9tait marchand de tissus \u00e0 Sfax. <\/span><\/span><\/p>\n<p><span><span>Et un feuilleton sur Gilles Jacob Lellouch (1959-2023), qui nous a r\u00e9cemment quitt\u00e9 ? Sa vie et son combat pour la m\u00e9moire juive tunisienne ainsi que sa volont\u00e9 de pr\u00e9server cette partie de notre patrimoine pourraient servir d&rsquo;exemple inspirant pour les jeunes g\u00e9n\u00e9rations. Le succ\u00e8s actuel du film <em>Je reviendrai l\u00e0-bas<\/em>\u00a0r\u00e9alis\u00e9 par Yassine Redissi en est la preuve. Ce magnifique film raconte l&rsquo;histoire d&rsquo;Henri Tibi, un Tunisien juif contraint \u00e0 l&rsquo;exil, qui est rest\u00e9 profond\u00e9ment attach\u00e9 \u00e0 la Tunisie, son pays natal. Ses chansons et ses milliers de photos \u00e9taient un hommage \u00e0 son pays. Les Tunisiens ont ador\u00e9 ce film car il offre une belle image de la Tunisie et apporte de l&rsquo;espoir quant \u00e0 un avenir meilleur. Un film sur Gilles Jacob Lellouch pourrait avoir le m\u00eame impact. Tout comme Henri Tibi, Jacob aimait son pays et n&rsquo;a pas support\u00e9 l&rsquo;exil. Cependant, lui est revenu et a essay\u00e9 de pr\u00e9server la m\u00e9moire juive \u00e0 travers son association, Dar Edhekra, ses livres et tous les \u00e9v\u00e9nements qu&rsquo;il a organis\u00e9s pour rapprocher les gens, ind\u00e9pendamment de leur religion.<\/span><\/span><\/p>\n<p><span><span>La Tunisie regorge de ces h\u00e9ros, c\u00e9l\u00e8bres ou pas, qui ont fait et qui continuent de faire avancer le pays, et qui m\u00e9ritent d&rsquo;\u00eatre mis en avant dans des s\u00e9ries t\u00e9l\u00e9vis\u00e9es. Il est certain que chaque r\u00e9gion du pays a sa propre histoire de ces personnes remarquables et qu\u2019il serait tr\u00e8s int\u00e9ressant de les faire connaitre \u00e0 tous les tunisiens, surtout les plus jeunes, pour qu\u2019ils s\u2019attachent encore plus \u00e0 leurs racines et soient fiers de leurs anc\u00eatres et de leur pays. <\/span><\/span><\/p>\n<div>\n<figure class=\"image\"><img decoding=\"async\" alt=\"Tawhida ben Cheikh\" height=\"313\" src=\"\/assets\/uploads\/images\/\/Neila\/Tawhida%20ben%20cheikh%20Femme.jpg\" width=\"515\"><figcaption><em>1930 &#8211; Tawhida Ben Cheikh, seule femme parmi tous ces hommes!<\/em><\/figcaption><\/figure>\n<\/div>\n<p>\u00a0<\/p>\n<p><span><span>En outre, pourquoi ne pas mettre en valeur les magnifiques r\u00e9gions de la Tunisie et contribuer ainsi \u00e0 promouvoir le pays ? Il serait peut-\u00eatre possible de collaborer avec le minist\u00e8re du Tourisme ou l&rsquo;Institut National du Patrimoine pour mettre en avant ces r\u00e9gions et les divers sites touristiques et arch\u00e9ologiques. On pourrait prendre exemple sur les \u00c9gyptiens, qui mettent souvent en avant leurs r\u00e9gions et sites touristiques dans leurs s\u00e9ries t\u00e9l\u00e9vis\u00e9es, tels que la ville d&rsquo;Assouan, qui a \u00e9t\u00e9 mise en valeur dans au moins deux s\u00e9ries pendant ce mois de Ramadan 2023. Les sc\u00e9narios \u00e9gyptiens comportent expr\u00e8s des voyages ou excursions dans ces r\u00e9gions pour les mettre en valeur. La Tunisie a aussi des r\u00e9gions et des sites tout aussi beaux qui m\u00e9ritent d&rsquo;\u00eatre pr\u00e9sent\u00e9s dans les s\u00e9ries t\u00e9l\u00e9vis\u00e9es pour encourager les gens \u00e0 les d\u00e9couvrir. <\/span><\/span><\/p>\n<p><span><span>Au lieu de cela, chaque Ramadan depuis plusieurs ann\u00e9es, on inflige aux Tunisiens des histoires sombres et d\u00e9primantes, avec des personnages aux cheveux hirsutes et aux regards vicieux, qui trahissent et trompent leur entourage. Il est ahurissant de constater que, lorsqu&rsquo;il s&rsquo;est agi de cr\u00e9er un feuilleton inspir\u00e9 de la vie d&rsquo;un personnage r\u00e9el, les producteurs ont choisi de mettre en avant un voyou notoire, Ali Chouareb.<\/span><\/span><\/p>\n<p><span><span>Bien s\u00fbr, comme dit plus haut, ces histoires refl\u00e8tent une partie de la r\u00e9alit\u00e9 tunisienne, mais est-ce le bon moment et le bon mois pour les montrer ? Le mois de ramadan est pratiquement le seul mois durant lequel toutes les familles se r\u00e9unissent \u00e0 table au m\u00eame moment et commencent leurs soir\u00e9es ensemble. C\u2019est pratiquement le seul mois o\u00f9 tous les membres de la m\u00eame famille regardent ensemble les m\u00eames programmes et feuilletons. <\/span><\/span><\/p>\n<p><span><span>Sans oublier non plus que le mois de Ramadan est \u00e9galement un moment o\u00f9 les tunisiens aiment se divertir avec des feuilletons amusants et des cam\u00e9ras cach\u00e9es hilarantes. Ils ont besoin de rire et de s\u2019amuser pour oublier un peu la duret\u00e9 de la vie quotidienne. Les feuilletons comme <em>Khottab 3al bab<\/em> et <em>Choufli hal<\/em> ont connu un grand succ\u00e8s justement car ils ont su m\u00e9langer humour et r\u00e9alisme. <\/span><\/span><\/p>\n<p><span><span>Il est temps pour les producteurs de feuilletons de repenser leur approche et de se concentrer sur des histoires positives et inspirantes. Nous tunisiens, avons r\u00e9ellement besoin de voir des personnages qui luttent contre l&rsquo;adversit\u00e9 et qui triomphent finalement de leurs \u00e9preuves et d\u2019histoires qui donnent de l&rsquo;espoir et incitent \u00e0 croire en l&rsquo;avenir du pays.<\/span><\/span><\/p>\n<p><span><span>La question qui se pose est la suivante : si les producteurs d\u00e9cident de changer de registre et de proposer des feuilletons diff\u00e9rents, est-ce que les annonceurs et les divers financeurs suivront ? Il faut le reconnaitre, actuellement, malgr\u00e9 les pol\u00e9miques et parfois les appels \u00e0 la censure ou au boycott, ces feuilletons sombres continuent de rassembler une audience importante et g\u00e9n\u00e8rent donc des revenus importants, surtout lorsqu\u2019ils sont habilement pr\u00e9c\u00e9d\u00e9s d\u2019une campagne publicitaire souvent bas\u00e9e sur des d\u00e9bats \u00e0 propos de m\u0153urs, de religion et\/ou de violence. <\/span><\/span><\/p>\n<p><span><span>En r\u00e9alit\u00e9, les t\u00e9l\u00e9spectateurs tunisiens ont-ils vraiment le choix ? On leur propose souvent soit des feuilletons sombres et violents mais rarement de bonne qualit\u00e9 et int\u00e9ressants\u00a0comme le feuilleton de ce ramadan, <em>Fallouja<\/em> r\u00e9alis\u00e9 par Saoussen Jemni, soit des feuilletons suppos\u00e9s comiques, mais qui manquent souvent d&rsquo;humour subtil et intelligent. Cette situation explique probablement pourquoi de nombreux Tunisiens ont migr\u00e9 vers des cha\u00eenes \u00e9trang\u00e8res pour regarder des feuilletons plus joyeux et plus int\u00e9ressants, tels que, ce ramadan, les feuilletons \u00e9gyptiens Al <em>Harshat Al Saabiea<\/em> (La septi\u00e8me \u00e9gratignure) et <em>Muzakirat Zoug<\/em> (M\u00e9moires d\u2019un \u00e9poux) dans lequel notre <a href=\"https:\/\/www.webdo.tn\/fr\/actualite\/culture\/aicha-ben-ahmed-en-plus-du-cinema-mon-reve-est-davoir-une-grande-ferme-pour-recueillir-les-animaux-abandonnes\/199780\">Aicha Ben Ahmed nationale <\/a>tient le r\u00f4le f\u00e9minin principal, ou l<a href=\"https:\/\/www.webdo.tn\/fr\/actualite\/culture\/de-jolies-images-de-la-tunisie-dans-le-feuilleton-libanais-lil-mout-jusqu-a-la-mort\/204346\">e feuilleton libanais <em>Lil Mout\/Jusqu\u2019\u00e0 la mort<\/em>, dont la saison 3 a \u00e9t\u00e9 en partie tourn\u00e9e en Tunisie et qui a s\u00e9duit de nombreux Tunisiens gr\u00e2ce aux magnifiques images montrant leur pays.<\/a> Ces feuilletons, bien qu&rsquo;\u00e9trangers, sont paradoxalement proches des Tunisiens, car ils ont une port\u00e9e universelle qui permet \u00e0 chacun de s&rsquo;y identifier. Il est temps de ramener les Tunisiens vers les cha\u00eenes tunisiennes par de beaux feuilletons proches d\u2019eux!<\/span><\/span><\/p>\n<p>\u00a0<\/p>\n<p><strong><span><span>Ne\u00efla Driss<\/span><\/span><\/strong><\/p>\n<p>\n\u00a0<\/p>\n<\/p><\/div>\n<div class=\"coprs\" style=\"text-align: center\"><\/div><\/div>\n","protected":false},"excerpt":{"rendered":"<p>Le mois de Ramadan est un mois sacr\u00e9 pour les musulmans et est marqu\u00e9 par de nombreux rituels et traditions. C&rsquo;est \u00e9galement un mois o\u00f9 tous les musulmans et do&#8230;<\/p>\n","protected":false},"author":3164,"featured_media":251537,"comment_status":"open","ping_status":"closed","sticky":false,"template":"","format":"standard","meta":{"footnotes":""},"categories":[2594],"tags":[3833,3970,3512,2944,2608],"class_list":["post-204540","post","type-post","status-publish","format-standard","has-post-thumbnail","hentry","category-culture","tag-feuilleton","tag-feuilletons-ramadanesques","tag-ramadan","tag-television","tag-tunisie"],"yoast_head":"<!-- This site is optimized with the Yoast SEO Premium plugin v27.5 (Yoast SEO v27.5) - https:\/\/yoast.com\/product\/yoast-seo-premium-wordpress\/ -->\n<title>Feuilletons ramadanesques en Tunisie : pourquoi pas des feuilletons plus positifs et inspirants ?<\/title>\n<meta name=\"description\" content=\"Le mois de Ramadan est un mois sacr\u00e9 pour les musulmans et est marqu\u00e9 par de nombreux rituels et traditions. C&#039;est \u00e9galement un mois o\u00f9 tous les musulmans et do...\" \/>\n<link rel=\"canonical\" href=\"https:\/\/www.webdo.tn\/fr\/actualite\/culture\/feuilletons-ramadanesques-en-tunisie-pourquoi-tant-de-negativite-pourquoi-pas-des-feuilletons-plus-positifs-et-inspirants\/204540\/\" \/>\n<meta property=\"og:locale\" content=\"fr_FR\" \/>\n<meta property=\"og:type\" content=\"article\" \/>\n<meta property=\"og:title\" content=\"Feuilletons ramadanesques en Tunisie : pourquoi pas des feuilletons plus positifs et inspirants ?\" \/>\n<meta property=\"og:description\" content=\"Le mois de Ramadan est un mois sacr\u00e9 pour les musulmans et est marqu\u00e9 par de nombreux rituels et traditions. C&#039;est \u00e9galement un mois o\u00f9 tous les musulmans et do...\" \/>\n<meta property=\"og:url\" content=\"https:\/\/www.webdo.tn\/fr\/actualite\/culture\/feuilletons-ramadanesques-en-tunisie-pourquoi-tant-de-negativite-pourquoi-pas-des-feuilletons-plus-positifs-et-inspirants\/204540\/\" \/>\n<meta property=\"og:site_name\" content=\"webdo\" \/>\n<meta property=\"article:publisher\" content=\"https:\/\/www.facebook.com\/webdotn\" \/>\n<meta property=\"article:author\" content=\"https:\/\/www.facebook.com\/massir.destiniii\/\" \/>\n<meta property=\"article:published_time\" content=\"2023-04-04T11:10:00+00:00\" \/>\n<meta property=\"article:modified_time\" content=\"2025-05-21T08:56:47+00:00\" \/>\n<meta property=\"og:image\" content=\"https:\/\/www.webdo.tn\/fr\/wp-content\/uploads\/2023\/04\/3d57e840fd9a4acc31cc558571e02500.jpg\" \/>\n\t<meta property=\"og:image:width\" content=\"750\" \/>\n\t<meta property=\"og:image:height\" content=\"400\" \/>\n\t<meta property=\"og:image:type\" content=\"image\/jpeg\" \/>\n<meta name=\"author\" content=\"Ne\u00efla DRISS\" \/>\n<meta name=\"twitter:card\" content=\"summary_large_image\" \/>\n<meta name=\"twitter:creator\" content=\"@https:\/\/x.com\/MassirDestin\" \/>\n<meta name=\"twitter:site\" content=\"@webdo_tn\" \/>\n<meta name=\"twitter:label1\" content=\"\u00c9crit par\" \/>\n\t<meta name=\"twitter:data1\" content=\"Ne\u00efla DRISS\" \/>\n\t<meta name=\"twitter:label2\" content=\"Dur\u00e9e de lecture estim\u00e9e\" \/>\n\t<meta name=\"twitter:data2\" content=\"10 minutes\" \/>\n<script type=\"application\/ld+json\" class=\"yoast-schema-graph\">{\"@context\":\"https:\\\/\\\/schema.org\",\"@graph\":[{\"@type\":\"NewsArticle\",\"@id\":\"https:\\\/\\\/www.webdo.tn\\\/fr\\\/actualite\\\/culture\\\/feuilletons-ramadanesques-en-tunisie-pourquoi-tant-de-negativite-pourquoi-pas-des-feuilletons-plus-positifs-et-inspirants\\\/204540\\\/#article\",\"isPartOf\":{\"@id\":\"https:\\\/\\\/www.webdo.tn\\\/fr\\\/actualite\\\/culture\\\/feuilletons-ramadanesques-en-tunisie-pourquoi-tant-de-negativite-pourquoi-pas-des-feuilletons-plus-positifs-et-inspirants\\\/204540\\\/\"},\"author\":{\"name\":\"Ne\u00efla DRISS\",\"@id\":\"https:\\\/\\\/www.webdo.tn\\\/fr\\\/#\\\/schema\\\/person\\\/60d5ba619ed3f58783b0dc82b7dada80\"},\"headline\":\"Feuilletons ramadanesques en Tunisie : pourquoi pas des feuilletons plus positifs et inspirants ?\",\"datePublished\":\"2023-04-04T11:10:00+00:00\",\"dateModified\":\"2025-05-21T08:56:47+00:00\",\"mainEntityOfPage\":{\"@id\":\"https:\\\/\\\/www.webdo.tn\\\/fr\\\/actualite\\\/culture\\\/feuilletons-ramadanesques-en-tunisie-pourquoi-tant-de-negativite-pourquoi-pas-des-feuilletons-plus-positifs-et-inspirants\\\/204540\\\/\"},\"wordCount\":1995,\"commentCount\":0,\"publisher\":{\"@id\":\"https:\\\/\\\/www.webdo.tn\\\/fr\\\/#organization\"},\"image\":{\"@id\":\"https:\\\/\\\/www.webdo.tn\\\/fr\\\/actualite\\\/culture\\\/feuilletons-ramadanesques-en-tunisie-pourquoi-tant-de-negativite-pourquoi-pas-des-feuilletons-plus-positifs-et-inspirants\\\/204540\\\/#primaryimage\"},\"thumbnailUrl\":\"https:\\\/\\\/www.webdo.tn\\\/fr\\\/wp-content\\\/uploads\\\/2023\\\/04\\\/3d57e840fd9a4acc31cc558571e02500.jpg\",\"keywords\":[\"feuilleton\",\"Feuilletons ramadanesques\",\"ramadan\",\"T\u00e9l\u00e9vision\",\"Tunisie\"],\"articleSection\":[\"Culture\"],\"inLanguage\":\"fr-FR\"},{\"@type\":\"WebPage\",\"@id\":\"https:\\\/\\\/www.webdo.tn\\\/fr\\\/actualite\\\/culture\\\/feuilletons-ramadanesques-en-tunisie-pourquoi-tant-de-negativite-pourquoi-pas-des-feuilletons-plus-positifs-et-inspirants\\\/204540\\\/\",\"url\":\"https:\\\/\\\/www.webdo.tn\\\/fr\\\/actualite\\\/culture\\\/feuilletons-ramadanesques-en-tunisie-pourquoi-tant-de-negativite-pourquoi-pas-des-feuilletons-plus-positifs-et-inspirants\\\/204540\\\/\",\"name\":\"Feuilletons ramadanesques en Tunisie : pourquoi pas des feuilletons plus positifs et inspirants ?\",\"isPartOf\":{\"@id\":\"https:\\\/\\\/www.webdo.tn\\\/fr\\\/#website\"},\"primaryImageOfPage\":{\"@id\":\"https:\\\/\\\/www.webdo.tn\\\/fr\\\/actualite\\\/culture\\\/feuilletons-ramadanesques-en-tunisie-pourquoi-tant-de-negativite-pourquoi-pas-des-feuilletons-plus-positifs-et-inspirants\\\/204540\\\/#primaryimage\"},\"image\":{\"@id\":\"https:\\\/\\\/www.webdo.tn\\\/fr\\\/actualite\\\/culture\\\/feuilletons-ramadanesques-en-tunisie-pourquoi-tant-de-negativite-pourquoi-pas-des-feuilletons-plus-positifs-et-inspirants\\\/204540\\\/#primaryimage\"},\"thumbnailUrl\":\"https:\\\/\\\/www.webdo.tn\\\/fr\\\/wp-content\\\/uploads\\\/2023\\\/04\\\/3d57e840fd9a4acc31cc558571e02500.jpg\",\"datePublished\":\"2023-04-04T11:10:00+00:00\",\"dateModified\":\"2025-05-21T08:56:47+00:00\",\"description\":\"Le mois de Ramadan est un mois sacr\u00e9 pour les musulmans et est marqu\u00e9 par de nombreux rituels et traditions. C'est \u00e9galement un mois o\u00f9 tous les musulmans et do...\",\"breadcrumb\":{\"@id\":\"https:\\\/\\\/www.webdo.tn\\\/fr\\\/actualite\\\/culture\\\/feuilletons-ramadanesques-en-tunisie-pourquoi-tant-de-negativite-pourquoi-pas-des-feuilletons-plus-positifs-et-inspirants\\\/204540\\\/#breadcrumb\"},\"inLanguage\":\"fr-FR\",\"potentialAction\":[{\"@type\":\"ReadAction\",\"target\":[\"https:\\\/\\\/www.webdo.tn\\\/fr\\\/actualite\\\/culture\\\/feuilletons-ramadanesques-en-tunisie-pourquoi-tant-de-negativite-pourquoi-pas-des-feuilletons-plus-positifs-et-inspirants\\\/204540\\\/\"]}]},{\"@type\":\"ImageObject\",\"inLanguage\":\"fr-FR\",\"@id\":\"https:\\\/\\\/www.webdo.tn\\\/fr\\\/actualite\\\/culture\\\/feuilletons-ramadanesques-en-tunisie-pourquoi-tant-de-negativite-pourquoi-pas-des-feuilletons-plus-positifs-et-inspirants\\\/204540\\\/#primaryimage\",\"url\":\"https:\\\/\\\/www.webdo.tn\\\/fr\\\/wp-content\\\/uploads\\\/2023\\\/04\\\/3d57e840fd9a4acc31cc558571e02500.jpg\",\"contentUrl\":\"https:\\\/\\\/www.webdo.tn\\\/fr\\\/wp-content\\\/uploads\\\/2023\\\/04\\\/3d57e840fd9a4acc31cc558571e02500.jpg\",\"width\":750,\"height\":400,\"caption\":\"Feuilletons ramadanesques en Tunisie : pourquoi pas des feuilletons plus positifs et inspirants ?\"},{\"@type\":\"BreadcrumbList\",\"@id\":\"https:\\\/\\\/www.webdo.tn\\\/fr\\\/actualite\\\/culture\\\/feuilletons-ramadanesques-en-tunisie-pourquoi-tant-de-negativite-pourquoi-pas-des-feuilletons-plus-positifs-et-inspirants\\\/204540\\\/#breadcrumb\",\"itemListElement\":[{\"@type\":\"ListItem\",\"position\":1,\"name\":\"Accueil\",\"item\":\"https:\\\/\\\/www.webdo.tn\\\/fr\\\/\"},{\"@type\":\"ListItem\",\"position\":2,\"name\":\"Feuilletons ramadanesques en Tunisie : pourquoi pas des feuilletons plus positifs et inspirants ?\"}]},{\"@type\":\"WebSite\",\"@id\":\"https:\\\/\\\/www.webdo.tn\\\/fr\\\/#website\",\"url\":\"https:\\\/\\\/www.webdo.tn\\\/fr\\\/\",\"name\":\"webdo\",\"description\":\"Tunisie - News en Tunisie et \u00e0 l&#039;international sur Webdo.tn\",\"publisher\":{\"@id\":\"https:\\\/\\\/www.webdo.tn\\\/fr\\\/#organization\"},\"potentialAction\":[{\"@type\":\"SearchAction\",\"target\":{\"@type\":\"EntryPoint\",\"urlTemplate\":\"https:\\\/\\\/www.webdo.tn\\\/fr\\\/?s={search_term_string}\"},\"query-input\":{\"@type\":\"PropertyValueSpecification\",\"valueRequired\":true,\"valueName\":\"search_term_string\"}}],\"inLanguage\":\"fr-FR\"},{\"@type\":\"Organization\",\"@id\":\"https:\\\/\\\/www.webdo.tn\\\/fr\\\/#organization\",\"name\":\"Webdo\",\"alternateName\":\"Webdo.tn\",\"url\":\"https:\\\/\\\/www.webdo.tn\\\/fr\\\/\",\"logo\":{\"@type\":\"ImageObject\",\"inLanguage\":\"fr-FR\",\"@id\":\"https:\\\/\\\/www.webdo.tn\\\/fr\\\/#\\\/schema\\\/logo\\\/image\\\/\",\"url\":\"https:\\\/\\\/www.webdo.tn\\\/fr\\\/wp-content\\\/uploads\\\/2025\\\/06\\\/Webdo-Tunisie_168377.jpg\",\"contentUrl\":\"https:\\\/\\\/www.webdo.tn\\\/fr\\\/wp-content\\\/uploads\\\/2025\\\/06\\\/Webdo-Tunisie_168377.jpg\",\"width\":301,\"height\":301,\"caption\":\"Webdo\"},\"image\":{\"@id\":\"https:\\\/\\\/www.webdo.tn\\\/fr\\\/#\\\/schema\\\/logo\\\/image\\\/\"},\"sameAs\":[\"https:\\\/\\\/www.facebook.com\\\/webdotn\",\"https:\\\/\\\/x.com\\\/webdo_tn\"],\"description\":\"Webdo est un m\u00e9dia num\u00e9rique tunisien fond\u00e9 en 2010, sp\u00e9cialis\u00e9 dans l\u2019actualit\u00e9 nationale et internationale, l\u2019\u00e9conomie, la soci\u00e9t\u00e9 et les analyses politiques. Le site s\u2019adresse \u00e0 un large public francophone et couvre l\u2019information tunisienne en temps r\u00e9el.\",\"email\":\"redac@webdo.tn\",\"legalName\":\"YNJ SARL\",\"foundingDate\":\"2010-09-06\",\"numberOfEmployees\":{\"@type\":\"QuantitativeValue\",\"minValue\":\"11\",\"maxValue\":\"50\"}},{\"@type\":\"Person\",\"@id\":\"https:\\\/\\\/www.webdo.tn\\\/fr\\\/#\\\/schema\\\/person\\\/60d5ba619ed3f58783b0dc82b7dada80\",\"name\":\"Ne\u00efla DRISS\",\"image\":{\"@type\":\"ImageObject\",\"inLanguage\":\"fr-FR\",\"@id\":\"https:\\\/\\\/www.webdo.tn\\\/fr\\\/wp-content\\\/uploads\\\/2026\\\/04\\\/neila-driss_avatar-96x96.jpg\",\"url\":\"https:\\\/\\\/www.webdo.tn\\\/fr\\\/wp-content\\\/uploads\\\/2026\\\/04\\\/neila-driss_avatar-96x96.jpg\",\"contentUrl\":\"https:\\\/\\\/www.webdo.tn\\\/fr\\\/wp-content\\\/uploads\\\/2026\\\/04\\\/neila-driss_avatar-96x96.jpg\",\"caption\":\"Ne\u00efla DRISS\"},\"description\":\"Ne\u00efla Driss est juriste, journaliste culturelle et critique de cin\u00e9ma tunisienne. Titulaire d\u2019un DEA en droit priv\u00e9 de l\u2019Universit\u00e9 Paris II et d\u2019un DESS de l\u2019IHEC Carthage, elle d\u00e9bute sa carri\u00e8re comme juriste sp\u00e9cialis\u00e9e en gestion de patrimoine immobilier. Elle s\u2019oriente ensuite vers l\u2019\u00e9criture en ligne, o\u00f9 elle se distingue d\u00e8s 2006 aux Tunisia Blog Awards, avant de se consacrer au journalisme culturel, avec une sp\u00e9cialisation dans la critique cin\u00e9matographique. Elle couvre r\u00e9guli\u00e8rement les grands festivals internationaux, notamment le Festival de Cannes, les Journ\u00e9es Cin\u00e9matographiques de Carthage et le Festival du film du Caire. Membre de l\u2019ATPCC et de la FIPRESCI, elle participe \u00e0 des jurys et initiatives internationales de critique. Depuis 2024, elle est \u00e9lectrice internationale aux Golden Globes. Facebook : https:\\\/\\\/www.facebook.com\\\/massir.destiniii\\\/ X : https:\\\/\\\/x.com\\\/MassirDestin\",\"sameAs\":[\"https:\\\/\\\/www.facebook.com\\\/massir.destiniii\\\/\",\"https:\\\/\\\/www.instagram.com\\\/neila.driss\\\/?hl=fr\",\"https:\\\/\\\/www.linkedin.com\\\/in\\\/neila-driss-22606a80\\\/\",\"https:\\\/\\\/x.com\\\/https:\\\/\\\/x.com\\\/MassirDestin\"],\"knowsAbout\":[\"Cin\u00e9ma international\",\"critique cin\u00e9matographique\",\"festivals de cin\u00e9ma\",\"journalisme culturel\"],\"knowsLanguage\":[\"Fran\u00e7ais\",\"Arabe\",\"Anglais\"],\"jobTitle\":\"Journaliste culturelle et critique de cin\u00e9ma\",\"worksFor\":\"Webdo\",\"url\":\"https:\\\/\\\/www.webdo.tn\\\/fr\\\/actualite\\\/author\\\/neila-driss\\\/\"}]}<\/script>\n<!-- \/ Yoast SEO Premium plugin. -->","yoast_head_json":{"title":"Feuilletons ramadanesques en Tunisie : pourquoi pas des feuilletons plus positifs et inspirants ?","description":"Le mois de Ramadan est un mois sacr\u00e9 pour les musulmans et est marqu\u00e9 par de nombreux rituels et traditions. C'est \u00e9galement un mois o\u00f9 tous les musulmans et do...","canonical":"https:\/\/www.webdo.tn\/fr\/actualite\/culture\/feuilletons-ramadanesques-en-tunisie-pourquoi-tant-de-negativite-pourquoi-pas-des-feuilletons-plus-positifs-et-inspirants\/204540\/","og_locale":"fr_FR","og_type":"article","og_title":"Feuilletons ramadanesques en Tunisie : pourquoi pas des feuilletons plus positifs et inspirants ?","og_description":"Le mois de Ramadan est un mois sacr\u00e9 pour les musulmans et est marqu\u00e9 par de nombreux rituels et traditions. C'est \u00e9galement un mois o\u00f9 tous les musulmans et do...","og_url":"https:\/\/www.webdo.tn\/fr\/actualite\/culture\/feuilletons-ramadanesques-en-tunisie-pourquoi-tant-de-negativite-pourquoi-pas-des-feuilletons-plus-positifs-et-inspirants\/204540\/","og_site_name":"webdo","article_publisher":"https:\/\/www.facebook.com\/webdotn","article_author":"https:\/\/www.facebook.com\/massir.destiniii\/","article_published_time":"2023-04-04T11:10:00+00:00","article_modified_time":"2025-05-21T08:56:47+00:00","og_image":[{"width":750,"height":400,"url":"https:\/\/www.webdo.tn\/fr\/wp-content\/uploads\/2023\/04\/3d57e840fd9a4acc31cc558571e02500.jpg","type":"image\/jpeg"}],"author":"Ne\u00efla DRISS","twitter_card":"summary_large_image","twitter_creator":"@https:\/\/x.com\/MassirDestin","twitter_site":"@webdo_tn","twitter_misc":{"\u00c9crit par":"Ne\u00efla DRISS","Dur\u00e9e de lecture estim\u00e9e":"10 minutes"},"schema":{"@context":"https:\/\/schema.org","@graph":[{"@type":"NewsArticle","@id":"https:\/\/www.webdo.tn\/fr\/actualite\/culture\/feuilletons-ramadanesques-en-tunisie-pourquoi-tant-de-negativite-pourquoi-pas-des-feuilletons-plus-positifs-et-inspirants\/204540\/#article","isPartOf":{"@id":"https:\/\/www.webdo.tn\/fr\/actualite\/culture\/feuilletons-ramadanesques-en-tunisie-pourquoi-tant-de-negativite-pourquoi-pas-des-feuilletons-plus-positifs-et-inspirants\/204540\/"},"author":{"name":"Ne\u00efla DRISS","@id":"https:\/\/www.webdo.tn\/fr\/#\/schema\/person\/60d5ba619ed3f58783b0dc82b7dada80"},"headline":"Feuilletons ramadanesques en Tunisie : pourquoi pas des feuilletons plus positifs et inspirants ?","datePublished":"2023-04-04T11:10:00+00:00","dateModified":"2025-05-21T08:56:47+00:00","mainEntityOfPage":{"@id":"https:\/\/www.webdo.tn\/fr\/actualite\/culture\/feuilletons-ramadanesques-en-tunisie-pourquoi-tant-de-negativite-pourquoi-pas-des-feuilletons-plus-positifs-et-inspirants\/204540\/"},"wordCount":1995,"commentCount":0,"publisher":{"@id":"https:\/\/www.webdo.tn\/fr\/#organization"},"image":{"@id":"https:\/\/www.webdo.tn\/fr\/actualite\/culture\/feuilletons-ramadanesques-en-tunisie-pourquoi-tant-de-negativite-pourquoi-pas-des-feuilletons-plus-positifs-et-inspirants\/204540\/#primaryimage"},"thumbnailUrl":"https:\/\/www.webdo.tn\/fr\/wp-content\/uploads\/2023\/04\/3d57e840fd9a4acc31cc558571e02500.jpg","keywords":["feuilleton","Feuilletons ramadanesques","ramadan","T\u00e9l\u00e9vision","Tunisie"],"articleSection":["Culture"],"inLanguage":"fr-FR"},{"@type":"WebPage","@id":"https:\/\/www.webdo.tn\/fr\/actualite\/culture\/feuilletons-ramadanesques-en-tunisie-pourquoi-tant-de-negativite-pourquoi-pas-des-feuilletons-plus-positifs-et-inspirants\/204540\/","url":"https:\/\/www.webdo.tn\/fr\/actualite\/culture\/feuilletons-ramadanesques-en-tunisie-pourquoi-tant-de-negativite-pourquoi-pas-des-feuilletons-plus-positifs-et-inspirants\/204540\/","name":"Feuilletons ramadanesques en Tunisie : pourquoi pas des feuilletons plus positifs et inspirants ?","isPartOf":{"@id":"https:\/\/www.webdo.tn\/fr\/#website"},"primaryImageOfPage":{"@id":"https:\/\/www.webdo.tn\/fr\/actualite\/culture\/feuilletons-ramadanesques-en-tunisie-pourquoi-tant-de-negativite-pourquoi-pas-des-feuilletons-plus-positifs-et-inspirants\/204540\/#primaryimage"},"image":{"@id":"https:\/\/www.webdo.tn\/fr\/actualite\/culture\/feuilletons-ramadanesques-en-tunisie-pourquoi-tant-de-negativite-pourquoi-pas-des-feuilletons-plus-positifs-et-inspirants\/204540\/#primaryimage"},"thumbnailUrl":"https:\/\/www.webdo.tn\/fr\/wp-content\/uploads\/2023\/04\/3d57e840fd9a4acc31cc558571e02500.jpg","datePublished":"2023-04-04T11:10:00+00:00","dateModified":"2025-05-21T08:56:47+00:00","description":"Le mois de Ramadan est un mois sacr\u00e9 pour les musulmans et est marqu\u00e9 par de nombreux rituels et traditions. C'est \u00e9galement un mois o\u00f9 tous les musulmans et do...","breadcrumb":{"@id":"https:\/\/www.webdo.tn\/fr\/actualite\/culture\/feuilletons-ramadanesques-en-tunisie-pourquoi-tant-de-negativite-pourquoi-pas-des-feuilletons-plus-positifs-et-inspirants\/204540\/#breadcrumb"},"inLanguage":"fr-FR","potentialAction":[{"@type":"ReadAction","target":["https:\/\/www.webdo.tn\/fr\/actualite\/culture\/feuilletons-ramadanesques-en-tunisie-pourquoi-tant-de-negativite-pourquoi-pas-des-feuilletons-plus-positifs-et-inspirants\/204540\/"]}]},{"@type":"ImageObject","inLanguage":"fr-FR","@id":"https:\/\/www.webdo.tn\/fr\/actualite\/culture\/feuilletons-ramadanesques-en-tunisie-pourquoi-tant-de-negativite-pourquoi-pas-des-feuilletons-plus-positifs-et-inspirants\/204540\/#primaryimage","url":"https:\/\/www.webdo.tn\/fr\/wp-content\/uploads\/2023\/04\/3d57e840fd9a4acc31cc558571e02500.jpg","contentUrl":"https:\/\/www.webdo.tn\/fr\/wp-content\/uploads\/2023\/04\/3d57e840fd9a4acc31cc558571e02500.jpg","width":750,"height":400,"caption":"Feuilletons ramadanesques en Tunisie : pourquoi pas des feuilletons plus positifs et inspirants ?"},{"@type":"BreadcrumbList","@id":"https:\/\/www.webdo.tn\/fr\/actualite\/culture\/feuilletons-ramadanesques-en-tunisie-pourquoi-tant-de-negativite-pourquoi-pas-des-feuilletons-plus-positifs-et-inspirants\/204540\/#breadcrumb","itemListElement":[{"@type":"ListItem","position":1,"name":"Accueil","item":"https:\/\/www.webdo.tn\/fr\/"},{"@type":"ListItem","position":2,"name":"Feuilletons ramadanesques en Tunisie : pourquoi pas des feuilletons plus positifs et inspirants ?"}]},{"@type":"WebSite","@id":"https:\/\/www.webdo.tn\/fr\/#website","url":"https:\/\/www.webdo.tn\/fr\/","name":"webdo","description":"Tunisie - News en Tunisie et \u00e0 l&#039;international sur Webdo.tn","publisher":{"@id":"https:\/\/www.webdo.tn\/fr\/#organization"},"potentialAction":[{"@type":"SearchAction","target":{"@type":"EntryPoint","urlTemplate":"https:\/\/www.webdo.tn\/fr\/?s={search_term_string}"},"query-input":{"@type":"PropertyValueSpecification","valueRequired":true,"valueName":"search_term_string"}}],"inLanguage":"fr-FR"},{"@type":"Organization","@id":"https:\/\/www.webdo.tn\/fr\/#organization","name":"Webdo","alternateName":"Webdo.tn","url":"https:\/\/www.webdo.tn\/fr\/","logo":{"@type":"ImageObject","inLanguage":"fr-FR","@id":"https:\/\/www.webdo.tn\/fr\/#\/schema\/logo\/image\/","url":"https:\/\/www.webdo.tn\/fr\/wp-content\/uploads\/2025\/06\/Webdo-Tunisie_168377.jpg","contentUrl":"https:\/\/www.webdo.tn\/fr\/wp-content\/uploads\/2025\/06\/Webdo-Tunisie_168377.jpg","width":301,"height":301,"caption":"Webdo"},"image":{"@id":"https:\/\/www.webdo.tn\/fr\/#\/schema\/logo\/image\/"},"sameAs":["https:\/\/www.facebook.com\/webdotn","https:\/\/x.com\/webdo_tn"],"description":"Webdo est un m\u00e9dia num\u00e9rique tunisien fond\u00e9 en 2010, sp\u00e9cialis\u00e9 dans l\u2019actualit\u00e9 nationale et internationale, l\u2019\u00e9conomie, la soci\u00e9t\u00e9 et les analyses politiques. Le site s\u2019adresse \u00e0 un large public francophone et couvre l\u2019information tunisienne en temps r\u00e9el.","email":"redac@webdo.tn","legalName":"YNJ SARL","foundingDate":"2010-09-06","numberOfEmployees":{"@type":"QuantitativeValue","minValue":"11","maxValue":"50"}},{"@type":"Person","@id":"https:\/\/www.webdo.tn\/fr\/#\/schema\/person\/60d5ba619ed3f58783b0dc82b7dada80","name":"Ne\u00efla DRISS","image":{"@type":"ImageObject","inLanguage":"fr-FR","@id":"https:\/\/www.webdo.tn\/fr\/wp-content\/uploads\/2026\/04\/neila-driss_avatar-96x96.jpg","url":"https:\/\/www.webdo.tn\/fr\/wp-content\/uploads\/2026\/04\/neila-driss_avatar-96x96.jpg","contentUrl":"https:\/\/www.webdo.tn\/fr\/wp-content\/uploads\/2026\/04\/neila-driss_avatar-96x96.jpg","caption":"Ne\u00efla DRISS"},"description":"Ne\u00efla Driss est juriste, journaliste culturelle et critique de cin\u00e9ma tunisienne. Titulaire d\u2019un DEA en droit priv\u00e9 de l\u2019Universit\u00e9 Paris II et d\u2019un DESS de l\u2019IHEC Carthage, elle d\u00e9bute sa carri\u00e8re comme juriste sp\u00e9cialis\u00e9e en gestion de patrimoine immobilier. Elle s\u2019oriente ensuite vers l\u2019\u00e9criture en ligne, o\u00f9 elle se distingue d\u00e8s 2006 aux Tunisia Blog Awards, avant de se consacrer au journalisme culturel, avec une sp\u00e9cialisation dans la critique cin\u00e9matographique. Elle couvre r\u00e9guli\u00e8rement les grands festivals internationaux, notamment le Festival de Cannes, les Journ\u00e9es Cin\u00e9matographiques de Carthage et le Festival du film du Caire. Membre de l\u2019ATPCC et de la FIPRESCI, elle participe \u00e0 des jurys et initiatives internationales de critique. Depuis 2024, elle est \u00e9lectrice internationale aux Golden Globes. Facebook : https:\/\/www.facebook.com\/massir.destiniii\/ X : https:\/\/x.com\/MassirDestin","sameAs":["https:\/\/www.facebook.com\/massir.destiniii\/","https:\/\/www.instagram.com\/neila.driss\/?hl=fr","https:\/\/www.linkedin.com\/in\/neila-driss-22606a80\/","https:\/\/x.com\/https:\/\/x.com\/MassirDestin"],"knowsAbout":["Cin\u00e9ma international","critique cin\u00e9matographique","festivals de cin\u00e9ma","journalisme culturel"],"knowsLanguage":["Fran\u00e7ais","Arabe","Anglais"],"jobTitle":"Journaliste culturelle et critique de cin\u00e9ma","worksFor":"Webdo","url":"https:\/\/www.webdo.tn\/fr\/actualite\/author\/neila-driss\/"}]}},"_links":{"self":[{"href":"https:\/\/www.webdo.tn\/fr\/wp-json\/wp\/v2\/posts\/204540","targetHints":{"allow":["GET"]}}],"collection":[{"href":"https:\/\/www.webdo.tn\/fr\/wp-json\/wp\/v2\/posts"}],"about":[{"href":"https:\/\/www.webdo.tn\/fr\/wp-json\/wp\/v2\/types\/post"}],"author":[{"embeddable":true,"href":"https:\/\/www.webdo.tn\/fr\/wp-json\/wp\/v2\/users\/3164"}],"replies":[{"embeddable":true,"href":"https:\/\/www.webdo.tn\/fr\/wp-json\/wp\/v2\/comments?post=204540"}],"version-history":[{"count":0,"href":"https:\/\/www.webdo.tn\/fr\/wp-json\/wp\/v2\/posts\/204540\/revisions"}],"wp:featuredmedia":[{"embeddable":true,"href":"https:\/\/www.webdo.tn\/fr\/wp-json\/wp\/v2\/media\/251537"}],"wp:attachment":[{"href":"https:\/\/www.webdo.tn\/fr\/wp-json\/wp\/v2\/media?parent=204540"}],"wp:term":[{"taxonomy":"category","embeddable":true,"href":"https:\/\/www.webdo.tn\/fr\/wp-json\/wp\/v2\/categories?post=204540"},{"taxonomy":"post_tag","embeddable":true,"href":"https:\/\/www.webdo.tn\/fr\/wp-json\/wp\/v2\/tags?post=204540"}],"curies":[{"name":"wp","href":"https:\/\/api.w.org\/{rel}","templated":true}]}}