{"id":204538,"date":"2023-04-04T10:44:00","date_gmt":"2023-04-04T10:44:00","guid":{"rendered":"https:\/\/www.webdo.tn\/fr\/blog\/pain-le-ministere-de-l-environnement-commande-20-mille-sacs-en-tissu\/204538\/"},"modified":"2025-05-20T22:44:28","modified_gmt":"2025-05-20T22:44:28","slug":"pain-le-ministere-de-l-environnement-commande-20-mille-sacs-en-tissu","status":"publish","type":"post","link":"https:\/\/www.webdo.tn\/fr\/actualite\/national\/pain-le-ministere-de-l-environnement-commande-20-mille-sacs-en-tissu\/204538\/","title":{"rendered":"Pain : Le minist\u00e8re de l\u2019Environnement commande 20 mille sacs en tissu"},"content":{"rendered":"<p>Apr\u00e8s avoir interdit les sacs en plastique dans toutes les boulangeries tunisiennes, en vertu d&rsquo;accords de partenariats sign\u00e9s le 17 mars 2023 avec la chambre syndicale des boulangeries et le groupement professionnel des boulangeries modernes, le minist\u00e8re de l&rsquo;Environnement vient d&rsquo;annoncer l&rsquo;alternative: des sacs en tissus comportant des messages de sensibilisation pour \u00e9viter le gaspillage et la pollution par le plastique.<\/p>\n<p>\t\t\t\t\t\t\t\t\tUn avis aux fournisseurs a \u00e9t\u00e9 lanc\u00e9, \u00e0 cet effet, par le d\u00e9partement minist\u00e9riel pour l&rsquo;achat de 20 000 unit\u00e9s avec des crit\u00e8res techniques pr\u00e9cis, et ce \u00ab\u00a0dans le cadre de ses programmes de lutte contre la pollution, la rationalisation de la consommation des ressources naturelles et la concr\u00e9tisation des orientations de la strat\u00e9gie nationale de transition \u00e9cologique\u00a0\u00bb, indique le minist\u00e8re.<\/p>\n<p>Les fournisseurs int\u00e9ress\u00e9s sont appel\u00e9s \u00e0 pr\u00e9senter leurs offres techniques et financi\u00e8res de \u00ab\u00a0tote bag\u00a0\u00bb en tissu coton avant le 6 avril 2023, selon la F\u00e9d\u00e9ration tunisienne du textile habillement (FTTH).<\/p>\n<p>Il y&rsquo;a lieu de rappeler que les sacs en plastiques \u00e0 usage unique ont \u00e9t\u00e9 interdits dans toutes les boulangeries tunisiennes \u00e0 partir, du d\u00e9but du mois de ramadan (22 mars 2023). Il s&rsquo;agit de 5000 boulangeries du pays, (dont 3500 subventionn\u00e9es et 1500 modernes), qui proposent environ 10 millions unit\u00e9s (de pain) par jour.<\/p>\n","protected":false},"excerpt":{"rendered":"<p>Apr\u00e8s avoir interdit les sacs en plastique dans toutes les boulangeries tunisiennes, en vertu d&rsquo;accords de partenariats sign\u00e9s le 17 mars 2023 avec la chambre s&#8230;<\/p>\n","protected":false},"author":3175,"featured_media":251536,"comment_status":"open","ping_status":"closed","sticky":false,"template":"","format":"standard","meta":{"footnotes":""},"categories":[44],"tags":[3767,8599,2608],"class_list":["post-204538","post","type-post","status-publish","format-standard","has-post-thumbnail","hentry","category-national","tag-pain","tag-sac","tag-tunisie"],"yoast_head":"<!-- This site is optimized with the Yoast SEO Premium plugin v27.4 (Yoast SEO v27.4) - https:\/\/yoast.com\/product\/yoast-seo-premium-wordpress\/ -->\n<title>Pain : Le minist\u00e8re de l\u2019Environnement commande 20 mille sacs en tissu<\/title>\n<meta name=\"description\" content=\"Apr\u00e8s avoir interdit les sacs en plastique dans toutes les boulangeries tunisiennes, en vertu d&#039;accords de partenariats sign\u00e9s le 17 mars 2023 avec la chambre s...\" \/>\n<link rel=\"canonical\" href=\"https:\/\/www.webdo.tn\/fr\/actualite\/national\/pain-le-ministere-de-l-environnement-commande-20-mille-sacs-en-tissu\/204538\/\" \/>\n<meta property=\"og:locale\" content=\"fr_FR\" \/>\n<meta property=\"og:type\" content=\"article\" \/>\n<meta property=\"og:title\" content=\"Pain : Le minist\u00e8re de l\u2019Environnement commande 20 mille sacs en tissu\" \/>\n<meta property=\"og:description\" content=\"Apr\u00e8s avoir interdit les sacs en plastique dans toutes les boulangeries tunisiennes, en vertu d&#039;accords de partenariats sign\u00e9s le 17 mars 2023 avec la chambre s...\" \/>\n<meta property=\"og:url\" content=\"https:\/\/www.webdo.tn\/fr\/actualite\/national\/pain-le-ministere-de-l-environnement-commande-20-mille-sacs-en-tissu\/204538\/\" \/>\n<meta property=\"og:site_name\" content=\"webdo\" \/>\n<meta property=\"article:publisher\" content=\"https:\/\/www.facebook.com\/webdotn\" \/>\n<meta property=\"article:published_time\" content=\"2023-04-04T10:44:00+00:00\" \/>\n<meta property=\"article:modified_time\" content=\"2025-05-20T22:44:28+00:00\" \/>\n<meta property=\"og:image\" content=\"https:\/\/www.webdo.tn\/fr\/wp-content\/uploads\/2023\/04\/eceed1cf4d7656a36e04fdc30dd88521.jpg\" \/>\n\t<meta property=\"og:image:width\" content=\"750\" \/>\n\t<meta property=\"og:image:height\" content=\"400\" \/>\n\t<meta property=\"og:image:type\" content=\"image\/jpeg\" \/>\n<meta name=\"author\" content=\"CL\" \/>\n<meta name=\"twitter:card\" content=\"summary_large_image\" \/>\n<meta name=\"twitter:creator\" content=\"@webdo_tn\" \/>\n<meta name=\"twitter:site\" content=\"@webdo_tn\" \/>\n<meta name=\"twitter:label1\" content=\"\u00c9crit par\" \/>\n\t<meta name=\"twitter:data1\" content=\"CL\" \/>\n\t<meta name=\"twitter:label2\" content=\"Dur\u00e9e de lecture estim\u00e9e\" \/>\n\t<meta name=\"twitter:data2\" content=\"1 minute\" \/>\n<script type=\"application\/ld+json\" class=\"yoast-schema-graph\">{\"@context\":\"https:\\\/\\\/schema.org\",\"@graph\":[{\"@type\":\"NewsArticle\",\"@id\":\"https:\\\/\\\/www.webdo.tn\\\/fr\\\/actualite\\\/national\\\/pain-le-ministere-de-l-environnement-commande-20-mille-sacs-en-tissu\\\/204538\\\/#article\",\"isPartOf\":{\"@id\":\"https:\\\/\\\/www.webdo.tn\\\/fr\\\/actualite\\\/national\\\/pain-le-ministere-de-l-environnement-commande-20-mille-sacs-en-tissu\\\/204538\\\/\"},\"author\":{\"name\":\"CL\",\"@id\":\"https:\\\/\\\/www.webdo.tn\\\/fr\\\/#\\\/schema\\\/person\\\/f35b42a42c5e2511bbd282959d6385cc\"},\"headline\":\"Pain : Le minist\u00e8re de l\u2019Environnement commande 20 mille sacs en tissu\",\"datePublished\":\"2023-04-04T10:44:00+00:00\",\"dateModified\":\"2025-05-20T22:44:28+00:00\",\"mainEntityOfPage\":{\"@id\":\"https:\\\/\\\/www.webdo.tn\\\/fr\\\/actualite\\\/national\\\/pain-le-ministere-de-l-environnement-commande-20-mille-sacs-en-tissu\\\/204538\\\/\"},\"wordCount\":232,\"commentCount\":0,\"publisher\":{\"@id\":\"https:\\\/\\\/www.webdo.tn\\\/fr\\\/#organization\"},\"image\":{\"@id\":\"https:\\\/\\\/www.webdo.tn\\\/fr\\\/actualite\\\/national\\\/pain-le-ministere-de-l-environnement-commande-20-mille-sacs-en-tissu\\\/204538\\\/#primaryimage\"},\"thumbnailUrl\":\"https:\\\/\\\/www.webdo.tn\\\/fr\\\/wp-content\\\/uploads\\\/2023\\\/04\\\/eceed1cf4d7656a36e04fdc30dd88521.jpg\",\"keywords\":[\"pain\",\"sac\",\"Tunisie\"],\"articleSection\":[\"National\"],\"inLanguage\":\"fr-FR\"},{\"@type\":\"WebPage\",\"@id\":\"https:\\\/\\\/www.webdo.tn\\\/fr\\\/actualite\\\/national\\\/pain-le-ministere-de-l-environnement-commande-20-mille-sacs-en-tissu\\\/204538\\\/\",\"url\":\"https:\\\/\\\/www.webdo.tn\\\/fr\\\/actualite\\\/national\\\/pain-le-ministere-de-l-environnement-commande-20-mille-sacs-en-tissu\\\/204538\\\/\",\"name\":\"Pain : Le minist\u00e8re de l\u2019Environnement commande 20 mille sacs en tissu\",\"isPartOf\":{\"@id\":\"https:\\\/\\\/www.webdo.tn\\\/fr\\\/#website\"},\"primaryImageOfPage\":{\"@id\":\"https:\\\/\\\/www.webdo.tn\\\/fr\\\/actualite\\\/national\\\/pain-le-ministere-de-l-environnement-commande-20-mille-sacs-en-tissu\\\/204538\\\/#primaryimage\"},\"image\":{\"@id\":\"https:\\\/\\\/www.webdo.tn\\\/fr\\\/actualite\\\/national\\\/pain-le-ministere-de-l-environnement-commande-20-mille-sacs-en-tissu\\\/204538\\\/#primaryimage\"},\"thumbnailUrl\":\"https:\\\/\\\/www.webdo.tn\\\/fr\\\/wp-content\\\/uploads\\\/2023\\\/04\\\/eceed1cf4d7656a36e04fdc30dd88521.jpg\",\"datePublished\":\"2023-04-04T10:44:00+00:00\",\"dateModified\":\"2025-05-20T22:44:28+00:00\",\"description\":\"Apr\u00e8s avoir interdit les sacs en plastique dans toutes les boulangeries tunisiennes, en vertu d'accords de partenariats sign\u00e9s le 17 mars 2023 avec la chambre s...\",\"breadcrumb\":{\"@id\":\"https:\\\/\\\/www.webdo.tn\\\/fr\\\/actualite\\\/national\\\/pain-le-ministere-de-l-environnement-commande-20-mille-sacs-en-tissu\\\/204538\\\/#breadcrumb\"},\"inLanguage\":\"fr-FR\",\"potentialAction\":[{\"@type\":\"ReadAction\",\"target\":[\"https:\\\/\\\/www.webdo.tn\\\/fr\\\/actualite\\\/national\\\/pain-le-ministere-de-l-environnement-commande-20-mille-sacs-en-tissu\\\/204538\\\/\"]}]},{\"@type\":\"ImageObject\",\"inLanguage\":\"fr-FR\",\"@id\":\"https:\\\/\\\/www.webdo.tn\\\/fr\\\/actualite\\\/national\\\/pain-le-ministere-de-l-environnement-commande-20-mille-sacs-en-tissu\\\/204538\\\/#primaryimage\",\"url\":\"https:\\\/\\\/www.webdo.tn\\\/fr\\\/wp-content\\\/uploads\\\/2023\\\/04\\\/eceed1cf4d7656a36e04fdc30dd88521.jpg\",\"contentUrl\":\"https:\\\/\\\/www.webdo.tn\\\/fr\\\/wp-content\\\/uploads\\\/2023\\\/04\\\/eceed1cf4d7656a36e04fdc30dd88521.jpg\",\"width\":750,\"height\":400,\"caption\":\"Sac tissu\"},{\"@type\":\"BreadcrumbList\",\"@id\":\"https:\\\/\\\/www.webdo.tn\\\/fr\\\/actualite\\\/national\\\/pain-le-ministere-de-l-environnement-commande-20-mille-sacs-en-tissu\\\/204538\\\/#breadcrumb\",\"itemListElement\":[{\"@type\":\"ListItem\",\"position\":1,\"name\":\"Accueil\",\"item\":\"https:\\\/\\\/www.webdo.tn\\\/fr\\\/\"},{\"@type\":\"ListItem\",\"position\":2,\"name\":\"Pain : Le minist\u00e8re de l\u2019Environnement commande 20 mille sacs en tissu\"}]},{\"@type\":\"WebSite\",\"@id\":\"https:\\\/\\\/www.webdo.tn\\\/fr\\\/#website\",\"url\":\"https:\\\/\\\/www.webdo.tn\\\/fr\\\/\",\"name\":\"webdo\",\"description\":\"Tunisie - News en Tunisie et \u00e0 l&#039;international sur Webdo.tn\",\"publisher\":{\"@id\":\"https:\\\/\\\/www.webdo.tn\\\/fr\\\/#organization\"},\"potentialAction\":[{\"@type\":\"SearchAction\",\"target\":{\"@type\":\"EntryPoint\",\"urlTemplate\":\"https:\\\/\\\/www.webdo.tn\\\/fr\\\/?s={search_term_string}\"},\"query-input\":{\"@type\":\"PropertyValueSpecification\",\"valueRequired\":true,\"valueName\":\"search_term_string\"}}],\"inLanguage\":\"fr-FR\"},{\"@type\":\"Organization\",\"@id\":\"https:\\\/\\\/www.webdo.tn\\\/fr\\\/#organization\",\"name\":\"Webdo\",\"alternateName\":\"Webdo.tn\",\"url\":\"https:\\\/\\\/www.webdo.tn\\\/fr\\\/\",\"logo\":{\"@type\":\"ImageObject\",\"inLanguage\":\"fr-FR\",\"@id\":\"https:\\\/\\\/www.webdo.tn\\\/fr\\\/#\\\/schema\\\/logo\\\/image\\\/\",\"url\":\"https:\\\/\\\/www.webdo.tn\\\/fr\\\/wp-content\\\/uploads\\\/2025\\\/06\\\/Webdo-Tunisie_168377.jpg\",\"contentUrl\":\"https:\\\/\\\/www.webdo.tn\\\/fr\\\/wp-content\\\/uploads\\\/2025\\\/06\\\/Webdo-Tunisie_168377.jpg\",\"width\":301,\"height\":301,\"caption\":\"Webdo\"},\"image\":{\"@id\":\"https:\\\/\\\/www.webdo.tn\\\/fr\\\/#\\\/schema\\\/logo\\\/image\\\/\"},\"sameAs\":[\"https:\\\/\\\/www.facebook.com\\\/webdotn\",\"https:\\\/\\\/x.com\\\/webdo_tn\"],\"description\":\"Webdo est un m\u00e9dia num\u00e9rique tunisien fond\u00e9 en 2010, sp\u00e9cialis\u00e9 dans l\u2019actualit\u00e9 nationale et internationale, l\u2019\u00e9conomie, la soci\u00e9t\u00e9 et les analyses politiques. Le site s\u2019adresse \u00e0 un large public francophone et couvre l\u2019information tunisienne en temps r\u00e9el.\",\"email\":\"redac@webdo.tn\",\"legalName\":\"YNJ SARL\",\"foundingDate\":\"2010-09-06\",\"numberOfEmployees\":{\"@type\":\"QuantitativeValue\",\"minValue\":\"11\",\"maxValue\":\"50\"}},{\"@type\":\"Person\",\"@id\":\"https:\\\/\\\/www.webdo.tn\\\/fr\\\/#\\\/schema\\\/person\\\/f35b42a42c5e2511bbd282959d6385cc\",\"name\":\"CL\",\"image\":{\"@type\":\"ImageObject\",\"inLanguage\":\"fr-FR\",\"@id\":\"https:\\\/\\\/secure.gravatar.com\\\/avatar\\\/1447a49909b67aa657c488aec6512e1dd6143a480c1ecfee9b5b5cd74eb3b59e?s=96&d=mm&r=g\",\"url\":\"https:\\\/\\\/secure.gravatar.com\\\/avatar\\\/1447a49909b67aa657c488aec6512e1dd6143a480c1ecfee9b5b5cd74eb3b59e?s=96&d=mm&r=g\",\"contentUrl\":\"https:\\\/\\\/secure.gravatar.com\\\/avatar\\\/1447a49909b67aa657c488aec6512e1dd6143a480c1ecfee9b5b5cd74eb3b59e?s=96&d=mm&r=g\",\"caption\":\"CL\"},\"url\":\"https:\\\/\\\/www.webdo.tn\\\/fr\\\/actualite\\\/author\\\/cl\\\/\"}]}<\/script>\n<!-- \/ Yoast SEO Premium plugin. -->","yoast_head_json":{"title":"Pain : Le minist\u00e8re de l\u2019Environnement commande 20 mille sacs en tissu","description":"Apr\u00e8s avoir interdit les sacs en plastique dans toutes les boulangeries tunisiennes, en vertu d'accords de partenariats sign\u00e9s le 17 mars 2023 avec la chambre s...","canonical":"https:\/\/www.webdo.tn\/fr\/actualite\/national\/pain-le-ministere-de-l-environnement-commande-20-mille-sacs-en-tissu\/204538\/","og_locale":"fr_FR","og_type":"article","og_title":"Pain : Le minist\u00e8re de l\u2019Environnement commande 20 mille sacs en tissu","og_description":"Apr\u00e8s avoir interdit les sacs en plastique dans toutes les boulangeries tunisiennes, en vertu d'accords de partenariats sign\u00e9s le 17 mars 2023 avec la chambre s...","og_url":"https:\/\/www.webdo.tn\/fr\/actualite\/national\/pain-le-ministere-de-l-environnement-commande-20-mille-sacs-en-tissu\/204538\/","og_site_name":"webdo","article_publisher":"https:\/\/www.facebook.com\/webdotn","article_published_time":"2023-04-04T10:44:00+00:00","article_modified_time":"2025-05-20T22:44:28+00:00","og_image":[{"width":750,"height":400,"url":"https:\/\/www.webdo.tn\/fr\/wp-content\/uploads\/2023\/04\/eceed1cf4d7656a36e04fdc30dd88521.jpg","type":"image\/jpeg"}],"author":"CL","twitter_card":"summary_large_image","twitter_creator":"@webdo_tn","twitter_site":"@webdo_tn","twitter_misc":{"\u00c9crit par":"CL","Dur\u00e9e de lecture estim\u00e9e":"1 minute"},"schema":{"@context":"https:\/\/schema.org","@graph":[{"@type":"NewsArticle","@id":"https:\/\/www.webdo.tn\/fr\/actualite\/national\/pain-le-ministere-de-l-environnement-commande-20-mille-sacs-en-tissu\/204538\/#article","isPartOf":{"@id":"https:\/\/www.webdo.tn\/fr\/actualite\/national\/pain-le-ministere-de-l-environnement-commande-20-mille-sacs-en-tissu\/204538\/"},"author":{"name":"CL","@id":"https:\/\/www.webdo.tn\/fr\/#\/schema\/person\/f35b42a42c5e2511bbd282959d6385cc"},"headline":"Pain : Le minist\u00e8re de l\u2019Environnement commande 20 mille sacs en tissu","datePublished":"2023-04-04T10:44:00+00:00","dateModified":"2025-05-20T22:44:28+00:00","mainEntityOfPage":{"@id":"https:\/\/www.webdo.tn\/fr\/actualite\/national\/pain-le-ministere-de-l-environnement-commande-20-mille-sacs-en-tissu\/204538\/"},"wordCount":232,"commentCount":0,"publisher":{"@id":"https:\/\/www.webdo.tn\/fr\/#organization"},"image":{"@id":"https:\/\/www.webdo.tn\/fr\/actualite\/national\/pain-le-ministere-de-l-environnement-commande-20-mille-sacs-en-tissu\/204538\/#primaryimage"},"thumbnailUrl":"https:\/\/www.webdo.tn\/fr\/wp-content\/uploads\/2023\/04\/eceed1cf4d7656a36e04fdc30dd88521.jpg","keywords":["pain","sac","Tunisie"],"articleSection":["National"],"inLanguage":"fr-FR"},{"@type":"WebPage","@id":"https:\/\/www.webdo.tn\/fr\/actualite\/national\/pain-le-ministere-de-l-environnement-commande-20-mille-sacs-en-tissu\/204538\/","url":"https:\/\/www.webdo.tn\/fr\/actualite\/national\/pain-le-ministere-de-l-environnement-commande-20-mille-sacs-en-tissu\/204538\/","name":"Pain : Le minist\u00e8re de l\u2019Environnement commande 20 mille sacs en tissu","isPartOf":{"@id":"https:\/\/www.webdo.tn\/fr\/#website"},"primaryImageOfPage":{"@id":"https:\/\/www.webdo.tn\/fr\/actualite\/national\/pain-le-ministere-de-l-environnement-commande-20-mille-sacs-en-tissu\/204538\/#primaryimage"},"image":{"@id":"https:\/\/www.webdo.tn\/fr\/actualite\/national\/pain-le-ministere-de-l-environnement-commande-20-mille-sacs-en-tissu\/204538\/#primaryimage"},"thumbnailUrl":"https:\/\/www.webdo.tn\/fr\/wp-content\/uploads\/2023\/04\/eceed1cf4d7656a36e04fdc30dd88521.jpg","datePublished":"2023-04-04T10:44:00+00:00","dateModified":"2025-05-20T22:44:28+00:00","description":"Apr\u00e8s avoir interdit les sacs en plastique dans toutes les boulangeries tunisiennes, en vertu d'accords de partenariats sign\u00e9s le 17 mars 2023 avec la chambre s...","breadcrumb":{"@id":"https:\/\/www.webdo.tn\/fr\/actualite\/national\/pain-le-ministere-de-l-environnement-commande-20-mille-sacs-en-tissu\/204538\/#breadcrumb"},"inLanguage":"fr-FR","potentialAction":[{"@type":"ReadAction","target":["https:\/\/www.webdo.tn\/fr\/actualite\/national\/pain-le-ministere-de-l-environnement-commande-20-mille-sacs-en-tissu\/204538\/"]}]},{"@type":"ImageObject","inLanguage":"fr-FR","@id":"https:\/\/www.webdo.tn\/fr\/actualite\/national\/pain-le-ministere-de-l-environnement-commande-20-mille-sacs-en-tissu\/204538\/#primaryimage","url":"https:\/\/www.webdo.tn\/fr\/wp-content\/uploads\/2023\/04\/eceed1cf4d7656a36e04fdc30dd88521.jpg","contentUrl":"https:\/\/www.webdo.tn\/fr\/wp-content\/uploads\/2023\/04\/eceed1cf4d7656a36e04fdc30dd88521.jpg","width":750,"height":400,"caption":"Sac tissu"},{"@type":"BreadcrumbList","@id":"https:\/\/www.webdo.tn\/fr\/actualite\/national\/pain-le-ministere-de-l-environnement-commande-20-mille-sacs-en-tissu\/204538\/#breadcrumb","itemListElement":[{"@type":"ListItem","position":1,"name":"Accueil","item":"https:\/\/www.webdo.tn\/fr\/"},{"@type":"ListItem","position":2,"name":"Pain : Le minist\u00e8re de l\u2019Environnement commande 20 mille sacs en tissu"}]},{"@type":"WebSite","@id":"https:\/\/www.webdo.tn\/fr\/#website","url":"https:\/\/www.webdo.tn\/fr\/","name":"webdo","description":"Tunisie - News en Tunisie et \u00e0 l&#039;international sur Webdo.tn","publisher":{"@id":"https:\/\/www.webdo.tn\/fr\/#organization"},"potentialAction":[{"@type":"SearchAction","target":{"@type":"EntryPoint","urlTemplate":"https:\/\/www.webdo.tn\/fr\/?s={search_term_string}"},"query-input":{"@type":"PropertyValueSpecification","valueRequired":true,"valueName":"search_term_string"}}],"inLanguage":"fr-FR"},{"@type":"Organization","@id":"https:\/\/www.webdo.tn\/fr\/#organization","name":"Webdo","alternateName":"Webdo.tn","url":"https:\/\/www.webdo.tn\/fr\/","logo":{"@type":"ImageObject","inLanguage":"fr-FR","@id":"https:\/\/www.webdo.tn\/fr\/#\/schema\/logo\/image\/","url":"https:\/\/www.webdo.tn\/fr\/wp-content\/uploads\/2025\/06\/Webdo-Tunisie_168377.jpg","contentUrl":"https:\/\/www.webdo.tn\/fr\/wp-content\/uploads\/2025\/06\/Webdo-Tunisie_168377.jpg","width":301,"height":301,"caption":"Webdo"},"image":{"@id":"https:\/\/www.webdo.tn\/fr\/#\/schema\/logo\/image\/"},"sameAs":["https:\/\/www.facebook.com\/webdotn","https:\/\/x.com\/webdo_tn"],"description":"Webdo est un m\u00e9dia num\u00e9rique tunisien fond\u00e9 en 2010, sp\u00e9cialis\u00e9 dans l\u2019actualit\u00e9 nationale et internationale, l\u2019\u00e9conomie, la soci\u00e9t\u00e9 et les analyses politiques. Le site s\u2019adresse \u00e0 un large public francophone et couvre l\u2019information tunisienne en temps r\u00e9el.","email":"redac@webdo.tn","legalName":"YNJ SARL","foundingDate":"2010-09-06","numberOfEmployees":{"@type":"QuantitativeValue","minValue":"11","maxValue":"50"}},{"@type":"Person","@id":"https:\/\/www.webdo.tn\/fr\/#\/schema\/person\/f35b42a42c5e2511bbd282959d6385cc","name":"CL","image":{"@type":"ImageObject","inLanguage":"fr-FR","@id":"https:\/\/secure.gravatar.com\/avatar\/1447a49909b67aa657c488aec6512e1dd6143a480c1ecfee9b5b5cd74eb3b59e?s=96&d=mm&r=g","url":"https:\/\/secure.gravatar.com\/avatar\/1447a49909b67aa657c488aec6512e1dd6143a480c1ecfee9b5b5cd74eb3b59e?s=96&d=mm&r=g","contentUrl":"https:\/\/secure.gravatar.com\/avatar\/1447a49909b67aa657c488aec6512e1dd6143a480c1ecfee9b5b5cd74eb3b59e?s=96&d=mm&r=g","caption":"CL"},"url":"https:\/\/www.webdo.tn\/fr\/actualite\/author\/cl\/"}]}},"_links":{"self":[{"href":"https:\/\/www.webdo.tn\/fr\/wp-json\/wp\/v2\/posts\/204538","targetHints":{"allow":["GET"]}}],"collection":[{"href":"https:\/\/www.webdo.tn\/fr\/wp-json\/wp\/v2\/posts"}],"about":[{"href":"https:\/\/www.webdo.tn\/fr\/wp-json\/wp\/v2\/types\/post"}],"author":[{"embeddable":true,"href":"https:\/\/www.webdo.tn\/fr\/wp-json\/wp\/v2\/users\/3175"}],"replies":[{"embeddable":true,"href":"https:\/\/www.webdo.tn\/fr\/wp-json\/wp\/v2\/comments?post=204538"}],"version-history":[{"count":0,"href":"https:\/\/www.webdo.tn\/fr\/wp-json\/wp\/v2\/posts\/204538\/revisions"}],"wp:featuredmedia":[{"embeddable":true,"href":"https:\/\/www.webdo.tn\/fr\/wp-json\/wp\/v2\/media\/251536"}],"wp:attachment":[{"href":"https:\/\/www.webdo.tn\/fr\/wp-json\/wp\/v2\/media?parent=204538"}],"wp:term":[{"taxonomy":"category","embeddable":true,"href":"https:\/\/www.webdo.tn\/fr\/wp-json\/wp\/v2\/categories?post=204538"},{"taxonomy":"post_tag","embeddable":true,"href":"https:\/\/www.webdo.tn\/fr\/wp-json\/wp\/v2\/tags?post=204538"}],"curies":[{"name":"wp","href":"https:\/\/api.w.org\/{rel}","templated":true}]}}