{"id":204533,"date":"2023-04-04T09:39:00","date_gmt":"2023-04-04T09:39:00","guid":{"rendered":"https:\/\/www.webdo.tn\/fr\/blog\/onu-la-tunisie-doit-mettre-fin-au-discours-de-haine-contre-les-subsahariens\/204533\/"},"modified":"2025-05-20T22:44:27","modified_gmt":"2025-05-20T22:44:27","slug":"onu-la-tunisie-doit-mettre-fin-au-discours-de-haine-contre-les-subsahariens","status":"publish","type":"post","link":"https:\/\/www.webdo.tn\/fr\/actualite\/national\/onu-la-tunisie-doit-mettre-fin-au-discours-de-haine-contre-les-subsahariens\/204533\/","title":{"rendered":"ONU : La Tunisie doit mettre fin au \u00ab\u00a0discours de haine\u00a0\u00bb contre les Subsahariens"},"content":{"rendered":"<p>Le Comit\u00e9 des Nations unies pour l&rsquo;\u00e9limination de la discrimination raciale (CERD) a lanc\u00e9 un avertissement mardi 4 avril 2023 aux autorit\u00e9s tunisiennes pour faire cesser les \u00ab\u00a0discours de haine raciste\u00a0\u00bb.<\/p>\n<p>\t\t\t\t\t\t\t\t\t\u00a0Alarm\u00e9 par les propos tenus par Kais Saied, \u00e0 l\u2019issue de la r\u00e9union du Conseil national de s\u00e9curit\u00e9, selon lesquels l\u2019arriv\u00e9e des \u00ab hordes de migrants clandestins \u00bb provenant de pays africains du Sud du Sahara participeraient \u00ab d\u2019un plan criminel de changer la composition du paysage d\u00e9mographique de la Tunisie \u00bb, le Comit\u00e9 des Nations unies pour l&rsquo;\u00e9limination de la discrimination raciale (CERD) a lanc\u00e9 un avertissement mardi 4 avril 2023 aux autorit\u00e9s tunisiennes pour faire cesser les \u00ab\u00a0discours de haine raciste\u00a0\u00bb en particulier envers les ressortissants d&rsquo;Afrique subsaharienne.<\/p>\n<p>Le Comit\u00e9 a estim\u00e9 que de tels propos sont contraires \u00e0 la Convention internationale sur l&rsquo;\u00e9limination de toutes les formes de discrimination raciale dont il a pour mission de surveiller le respect par les parties prenantes.<\/p>\n<p>Il s&rsquo;est dit \u00ab\u00a0profond\u00e9ment pr\u00e9occup\u00e9 par une recrudescence des discours de haine raciale ou x\u00e9nophobe en Tunisie \u00e0 l&rsquo;encontre des migrants des pays subsahariens, sur les r\u00e9seaux sociaux et certains autres m\u00e9dias, y compris les discours de haine raciste tenus par des personnalit\u00e9s priv\u00e9es et des partis politiques\u00a0\u00bb.<\/p>\n","protected":false},"excerpt":{"rendered":"<p>Le Comit\u00e9 des Nations unies pour l&rsquo;\u00e9limination de la discrimination raciale (CERD) a lanc\u00e9 un avertissement mardi 4 avril 2023 aux autorit\u00e9s tunisiennes pour fa&#8230;<\/p>\n","protected":false},"author":3175,"featured_media":251532,"comment_status":"open","ping_status":"closed","sticky":false,"template":"","format":"standard","meta":{"footnotes":""},"categories":[44],"tags":[3377,2608],"class_list":["post-204533","post","type-post","status-publish","format-standard","has-post-thumbnail","hentry","category-national","tag-subsahariens","tag-tunisie"],"yoast_head":"<!-- This site is optimized with the Yoast SEO Premium plugin v27.4 (Yoast SEO v27.4) - https:\/\/yoast.com\/product\/yoast-seo-premium-wordpress\/ -->\n<title>ONU : La Tunisie doit mettre fin au discours de haine contre les Subsahariens<\/title>\n<meta name=\"description\" content=\"Le Comit\u00e9 des Nations unies pour l&#039;\u00e9limination de la discrimination raciale (CERD) a lanc\u00e9 un avertissement mardi 4 avril 2023 aux autorit\u00e9s tunisiennes pour fa...\" \/>\n<link rel=\"canonical\" href=\"https:\/\/www.webdo.tn\/fr\/actualite\/national\/onu-la-tunisie-doit-mettre-fin-au-discours-de-haine-contre-les-subsahariens\/204533\/\" \/>\n<meta property=\"og:locale\" content=\"fr_FR\" \/>\n<meta property=\"og:type\" content=\"article\" \/>\n<meta property=\"og:title\" content=\"ONU : La Tunisie doit mettre fin au &quot;discours de haine&quot; contre les Subsahariens\" \/>\n<meta property=\"og:description\" content=\"Le Comit\u00e9 des Nations unies pour l&#039;\u00e9limination de la discrimination raciale (CERD) a lanc\u00e9 un avertissement mardi 4 avril 2023 aux autorit\u00e9s tunisiennes pour fa...\" \/>\n<meta property=\"og:url\" content=\"https:\/\/www.webdo.tn\/fr\/actualite\/national\/onu-la-tunisie-doit-mettre-fin-au-discours-de-haine-contre-les-subsahariens\/204533\/\" \/>\n<meta property=\"og:site_name\" content=\"webdo\" \/>\n<meta property=\"article:publisher\" content=\"https:\/\/www.facebook.com\/webdotn\" \/>\n<meta property=\"article:published_time\" content=\"2023-04-04T09:39:00+00:00\" \/>\n<meta property=\"article:modified_time\" content=\"2025-05-20T22:44:27+00:00\" \/>\n<meta property=\"og:image\" content=\"https:\/\/www.webdo.tn\/fr\/wp-content\/uploads\/2023\/04\/e6b755581962f8b9ff28e71a4ecd3810.png\" \/>\n\t<meta property=\"og:image:width\" content=\"750\" \/>\n\t<meta property=\"og:image:height\" content=\"400\" \/>\n\t<meta property=\"og:image:type\" content=\"image\/png\" \/>\n<meta name=\"author\" content=\"CL\" \/>\n<meta name=\"twitter:card\" content=\"summary_large_image\" \/>\n<meta name=\"twitter:creator\" content=\"@webdo_tn\" \/>\n<meta name=\"twitter:site\" content=\"@webdo_tn\" \/>\n<meta name=\"twitter:label1\" content=\"\u00c9crit par\" \/>\n\t<meta name=\"twitter:data1\" content=\"CL\" \/>\n\t<meta name=\"twitter:label2\" content=\"Dur\u00e9e de lecture estim\u00e9e\" \/>\n\t<meta name=\"twitter:data2\" content=\"1 minute\" \/>\n<script type=\"application\/ld+json\" class=\"yoast-schema-graph\">{\"@context\":\"https:\\\/\\\/schema.org\",\"@graph\":[{\"@type\":\"NewsArticle\",\"@id\":\"https:\\\/\\\/www.webdo.tn\\\/fr\\\/actualite\\\/national\\\/onu-la-tunisie-doit-mettre-fin-au-discours-de-haine-contre-les-subsahariens\\\/204533\\\/#article\",\"isPartOf\":{\"@id\":\"https:\\\/\\\/www.webdo.tn\\\/fr\\\/actualite\\\/national\\\/onu-la-tunisie-doit-mettre-fin-au-discours-de-haine-contre-les-subsahariens\\\/204533\\\/\"},\"author\":{\"name\":\"CL\",\"@id\":\"https:\\\/\\\/www.webdo.tn\\\/fr\\\/#\\\/schema\\\/person\\\/f35b42a42c5e2511bbd282959d6385cc\"},\"headline\":\"ONU : La Tunisie doit mettre fin au \u00ab\u00a0discours de haine\u00a0\u00bb contre les Subsahariens\",\"datePublished\":\"2023-04-04T09:39:00+00:00\",\"dateModified\":\"2025-05-20T22:44:27+00:00\",\"mainEntityOfPage\":{\"@id\":\"https:\\\/\\\/www.webdo.tn\\\/fr\\\/actualite\\\/national\\\/onu-la-tunisie-doit-mettre-fin-au-discours-de-haine-contre-les-subsahariens\\\/204533\\\/\"},\"wordCount\":229,\"commentCount\":0,\"publisher\":{\"@id\":\"https:\\\/\\\/www.webdo.tn\\\/fr\\\/#organization\"},\"image\":{\"@id\":\"https:\\\/\\\/www.webdo.tn\\\/fr\\\/actualite\\\/national\\\/onu-la-tunisie-doit-mettre-fin-au-discours-de-haine-contre-les-subsahariens\\\/204533\\\/#primaryimage\"},\"thumbnailUrl\":\"https:\\\/\\\/www.webdo.tn\\\/fr\\\/wp-content\\\/uploads\\\/2023\\\/04\\\/e6b755581962f8b9ff28e71a4ecd3810.png\",\"keywords\":[\"Subsahariens\",\"Tunisie\"],\"articleSection\":[\"National\"],\"inLanguage\":\"fr-FR\"},{\"@type\":\"WebPage\",\"@id\":\"https:\\\/\\\/www.webdo.tn\\\/fr\\\/actualite\\\/national\\\/onu-la-tunisie-doit-mettre-fin-au-discours-de-haine-contre-les-subsahariens\\\/204533\\\/\",\"url\":\"https:\\\/\\\/www.webdo.tn\\\/fr\\\/actualite\\\/national\\\/onu-la-tunisie-doit-mettre-fin-au-discours-de-haine-contre-les-subsahariens\\\/204533\\\/\",\"name\":\"ONU : La Tunisie doit mettre fin au discours de haine contre les Subsahariens\",\"isPartOf\":{\"@id\":\"https:\\\/\\\/www.webdo.tn\\\/fr\\\/#website\"},\"primaryImageOfPage\":{\"@id\":\"https:\\\/\\\/www.webdo.tn\\\/fr\\\/actualite\\\/national\\\/onu-la-tunisie-doit-mettre-fin-au-discours-de-haine-contre-les-subsahariens\\\/204533\\\/#primaryimage\"},\"image\":{\"@id\":\"https:\\\/\\\/www.webdo.tn\\\/fr\\\/actualite\\\/national\\\/onu-la-tunisie-doit-mettre-fin-au-discours-de-haine-contre-les-subsahariens\\\/204533\\\/#primaryimage\"},\"thumbnailUrl\":\"https:\\\/\\\/www.webdo.tn\\\/fr\\\/wp-content\\\/uploads\\\/2023\\\/04\\\/e6b755581962f8b9ff28e71a4ecd3810.png\",\"datePublished\":\"2023-04-04T09:39:00+00:00\",\"dateModified\":\"2025-05-20T22:44:27+00:00\",\"description\":\"Le Comit\u00e9 des Nations unies pour l'\u00e9limination de la discrimination raciale (CERD) a lanc\u00e9 un avertissement mardi 4 avril 2023 aux autorit\u00e9s tunisiennes pour fa...\",\"breadcrumb\":{\"@id\":\"https:\\\/\\\/www.webdo.tn\\\/fr\\\/actualite\\\/national\\\/onu-la-tunisie-doit-mettre-fin-au-discours-de-haine-contre-les-subsahariens\\\/204533\\\/#breadcrumb\"},\"inLanguage\":\"fr-FR\",\"potentialAction\":[{\"@type\":\"ReadAction\",\"target\":[\"https:\\\/\\\/www.webdo.tn\\\/fr\\\/actualite\\\/national\\\/onu-la-tunisie-doit-mettre-fin-au-discours-de-haine-contre-les-subsahariens\\\/204533\\\/\"]}]},{\"@type\":\"ImageObject\",\"inLanguage\":\"fr-FR\",\"@id\":\"https:\\\/\\\/www.webdo.tn\\\/fr\\\/actualite\\\/national\\\/onu-la-tunisie-doit-mettre-fin-au-discours-de-haine-contre-les-subsahariens\\\/204533\\\/#primaryimage\",\"url\":\"https:\\\/\\\/www.webdo.tn\\\/fr\\\/wp-content\\\/uploads\\\/2023\\\/04\\\/e6b755581962f8b9ff28e71a4ecd3810.png\",\"contentUrl\":\"https:\\\/\\\/www.webdo.tn\\\/fr\\\/wp-content\\\/uploads\\\/2023\\\/04\\\/e6b755581962f8b9ff28e71a4ecd3810.png\",\"width\":750,\"height\":400,\"caption\":\"Subsahariens\"},{\"@type\":\"BreadcrumbList\",\"@id\":\"https:\\\/\\\/www.webdo.tn\\\/fr\\\/actualite\\\/national\\\/onu-la-tunisie-doit-mettre-fin-au-discours-de-haine-contre-les-subsahariens\\\/204533\\\/#breadcrumb\",\"itemListElement\":[{\"@type\":\"ListItem\",\"position\":1,\"name\":\"Accueil\",\"item\":\"https:\\\/\\\/www.webdo.tn\\\/fr\\\/\"},{\"@type\":\"ListItem\",\"position\":2,\"name\":\"ONU : La Tunisie doit mettre fin au &#8220;discours de haine&#8221; contre les Subsahariens\"}]},{\"@type\":\"WebSite\",\"@id\":\"https:\\\/\\\/www.webdo.tn\\\/fr\\\/#website\",\"url\":\"https:\\\/\\\/www.webdo.tn\\\/fr\\\/\",\"name\":\"webdo\",\"description\":\"Tunisie - News en Tunisie et \u00e0 l&#039;international sur Webdo.tn\",\"publisher\":{\"@id\":\"https:\\\/\\\/www.webdo.tn\\\/fr\\\/#organization\"},\"potentialAction\":[{\"@type\":\"SearchAction\",\"target\":{\"@type\":\"EntryPoint\",\"urlTemplate\":\"https:\\\/\\\/www.webdo.tn\\\/fr\\\/?s={search_term_string}\"},\"query-input\":{\"@type\":\"PropertyValueSpecification\",\"valueRequired\":true,\"valueName\":\"search_term_string\"}}],\"inLanguage\":\"fr-FR\"},{\"@type\":\"Organization\",\"@id\":\"https:\\\/\\\/www.webdo.tn\\\/fr\\\/#organization\",\"name\":\"Webdo\",\"alternateName\":\"Webdo.tn\",\"url\":\"https:\\\/\\\/www.webdo.tn\\\/fr\\\/\",\"logo\":{\"@type\":\"ImageObject\",\"inLanguage\":\"fr-FR\",\"@id\":\"https:\\\/\\\/www.webdo.tn\\\/fr\\\/#\\\/schema\\\/logo\\\/image\\\/\",\"url\":\"https:\\\/\\\/www.webdo.tn\\\/fr\\\/wp-content\\\/uploads\\\/2025\\\/06\\\/Webdo-Tunisie_168377.jpg\",\"contentUrl\":\"https:\\\/\\\/www.webdo.tn\\\/fr\\\/wp-content\\\/uploads\\\/2025\\\/06\\\/Webdo-Tunisie_168377.jpg\",\"width\":301,\"height\":301,\"caption\":\"Webdo\"},\"image\":{\"@id\":\"https:\\\/\\\/www.webdo.tn\\\/fr\\\/#\\\/schema\\\/logo\\\/image\\\/\"},\"sameAs\":[\"https:\\\/\\\/www.facebook.com\\\/webdotn\",\"https:\\\/\\\/x.com\\\/webdo_tn\"],\"description\":\"Webdo est un m\u00e9dia num\u00e9rique tunisien fond\u00e9 en 2010, sp\u00e9cialis\u00e9 dans l\u2019actualit\u00e9 nationale et internationale, l\u2019\u00e9conomie, la soci\u00e9t\u00e9 et les analyses politiques. Le site s\u2019adresse \u00e0 un large public francophone et couvre l\u2019information tunisienne en temps r\u00e9el.\",\"email\":\"redac@webdo.tn\",\"legalName\":\"YNJ SARL\",\"foundingDate\":\"2010-09-06\",\"numberOfEmployees\":{\"@type\":\"QuantitativeValue\",\"minValue\":\"11\",\"maxValue\":\"50\"}},{\"@type\":\"Person\",\"@id\":\"https:\\\/\\\/www.webdo.tn\\\/fr\\\/#\\\/schema\\\/person\\\/f35b42a42c5e2511bbd282959d6385cc\",\"name\":\"CL\",\"image\":{\"@type\":\"ImageObject\",\"inLanguage\":\"fr-FR\",\"@id\":\"https:\\\/\\\/secure.gravatar.com\\\/avatar\\\/1447a49909b67aa657c488aec6512e1dd6143a480c1ecfee9b5b5cd74eb3b59e?s=96&d=mm&r=g\",\"url\":\"https:\\\/\\\/secure.gravatar.com\\\/avatar\\\/1447a49909b67aa657c488aec6512e1dd6143a480c1ecfee9b5b5cd74eb3b59e?s=96&d=mm&r=g\",\"contentUrl\":\"https:\\\/\\\/secure.gravatar.com\\\/avatar\\\/1447a49909b67aa657c488aec6512e1dd6143a480c1ecfee9b5b5cd74eb3b59e?s=96&d=mm&r=g\",\"caption\":\"CL\"},\"url\":\"https:\\\/\\\/www.webdo.tn\\\/fr\\\/actualite\\\/author\\\/cl\\\/\"}]}<\/script>\n<!-- \/ Yoast SEO Premium plugin. -->","yoast_head_json":{"title":"ONU : La Tunisie doit mettre fin au discours de haine contre les Subsahariens","description":"Le Comit\u00e9 des Nations unies pour l'\u00e9limination de la discrimination raciale (CERD) a lanc\u00e9 un avertissement mardi 4 avril 2023 aux autorit\u00e9s tunisiennes pour fa...","canonical":"https:\/\/www.webdo.tn\/fr\/actualite\/national\/onu-la-tunisie-doit-mettre-fin-au-discours-de-haine-contre-les-subsahariens\/204533\/","og_locale":"fr_FR","og_type":"article","og_title":"ONU : La Tunisie doit mettre fin au \"discours de haine\" contre les Subsahariens","og_description":"Le Comit\u00e9 des Nations unies pour l'\u00e9limination de la discrimination raciale (CERD) a lanc\u00e9 un avertissement mardi 4 avril 2023 aux autorit\u00e9s tunisiennes pour fa...","og_url":"https:\/\/www.webdo.tn\/fr\/actualite\/national\/onu-la-tunisie-doit-mettre-fin-au-discours-de-haine-contre-les-subsahariens\/204533\/","og_site_name":"webdo","article_publisher":"https:\/\/www.facebook.com\/webdotn","article_published_time":"2023-04-04T09:39:00+00:00","article_modified_time":"2025-05-20T22:44:27+00:00","og_image":[{"width":750,"height":400,"url":"https:\/\/www.webdo.tn\/fr\/wp-content\/uploads\/2023\/04\/e6b755581962f8b9ff28e71a4ecd3810.png","type":"image\/png"}],"author":"CL","twitter_card":"summary_large_image","twitter_creator":"@webdo_tn","twitter_site":"@webdo_tn","twitter_misc":{"\u00c9crit par":"CL","Dur\u00e9e de lecture estim\u00e9e":"1 minute"},"schema":{"@context":"https:\/\/schema.org","@graph":[{"@type":"NewsArticle","@id":"https:\/\/www.webdo.tn\/fr\/actualite\/national\/onu-la-tunisie-doit-mettre-fin-au-discours-de-haine-contre-les-subsahariens\/204533\/#article","isPartOf":{"@id":"https:\/\/www.webdo.tn\/fr\/actualite\/national\/onu-la-tunisie-doit-mettre-fin-au-discours-de-haine-contre-les-subsahariens\/204533\/"},"author":{"name":"CL","@id":"https:\/\/www.webdo.tn\/fr\/#\/schema\/person\/f35b42a42c5e2511bbd282959d6385cc"},"headline":"ONU : La Tunisie doit mettre fin au \u00ab\u00a0discours de haine\u00a0\u00bb contre les Subsahariens","datePublished":"2023-04-04T09:39:00+00:00","dateModified":"2025-05-20T22:44:27+00:00","mainEntityOfPage":{"@id":"https:\/\/www.webdo.tn\/fr\/actualite\/national\/onu-la-tunisie-doit-mettre-fin-au-discours-de-haine-contre-les-subsahariens\/204533\/"},"wordCount":229,"commentCount":0,"publisher":{"@id":"https:\/\/www.webdo.tn\/fr\/#organization"},"image":{"@id":"https:\/\/www.webdo.tn\/fr\/actualite\/national\/onu-la-tunisie-doit-mettre-fin-au-discours-de-haine-contre-les-subsahariens\/204533\/#primaryimage"},"thumbnailUrl":"https:\/\/www.webdo.tn\/fr\/wp-content\/uploads\/2023\/04\/e6b755581962f8b9ff28e71a4ecd3810.png","keywords":["Subsahariens","Tunisie"],"articleSection":["National"],"inLanguage":"fr-FR"},{"@type":"WebPage","@id":"https:\/\/www.webdo.tn\/fr\/actualite\/national\/onu-la-tunisie-doit-mettre-fin-au-discours-de-haine-contre-les-subsahariens\/204533\/","url":"https:\/\/www.webdo.tn\/fr\/actualite\/national\/onu-la-tunisie-doit-mettre-fin-au-discours-de-haine-contre-les-subsahariens\/204533\/","name":"ONU : La Tunisie doit mettre fin au discours de haine contre les Subsahariens","isPartOf":{"@id":"https:\/\/www.webdo.tn\/fr\/#website"},"primaryImageOfPage":{"@id":"https:\/\/www.webdo.tn\/fr\/actualite\/national\/onu-la-tunisie-doit-mettre-fin-au-discours-de-haine-contre-les-subsahariens\/204533\/#primaryimage"},"image":{"@id":"https:\/\/www.webdo.tn\/fr\/actualite\/national\/onu-la-tunisie-doit-mettre-fin-au-discours-de-haine-contre-les-subsahariens\/204533\/#primaryimage"},"thumbnailUrl":"https:\/\/www.webdo.tn\/fr\/wp-content\/uploads\/2023\/04\/e6b755581962f8b9ff28e71a4ecd3810.png","datePublished":"2023-04-04T09:39:00+00:00","dateModified":"2025-05-20T22:44:27+00:00","description":"Le Comit\u00e9 des Nations unies pour l'\u00e9limination de la discrimination raciale (CERD) a lanc\u00e9 un avertissement mardi 4 avril 2023 aux autorit\u00e9s tunisiennes pour fa...","breadcrumb":{"@id":"https:\/\/www.webdo.tn\/fr\/actualite\/national\/onu-la-tunisie-doit-mettre-fin-au-discours-de-haine-contre-les-subsahariens\/204533\/#breadcrumb"},"inLanguage":"fr-FR","potentialAction":[{"@type":"ReadAction","target":["https:\/\/www.webdo.tn\/fr\/actualite\/national\/onu-la-tunisie-doit-mettre-fin-au-discours-de-haine-contre-les-subsahariens\/204533\/"]}]},{"@type":"ImageObject","inLanguage":"fr-FR","@id":"https:\/\/www.webdo.tn\/fr\/actualite\/national\/onu-la-tunisie-doit-mettre-fin-au-discours-de-haine-contre-les-subsahariens\/204533\/#primaryimage","url":"https:\/\/www.webdo.tn\/fr\/wp-content\/uploads\/2023\/04\/e6b755581962f8b9ff28e71a4ecd3810.png","contentUrl":"https:\/\/www.webdo.tn\/fr\/wp-content\/uploads\/2023\/04\/e6b755581962f8b9ff28e71a4ecd3810.png","width":750,"height":400,"caption":"Subsahariens"},{"@type":"BreadcrumbList","@id":"https:\/\/www.webdo.tn\/fr\/actualite\/national\/onu-la-tunisie-doit-mettre-fin-au-discours-de-haine-contre-les-subsahariens\/204533\/#breadcrumb","itemListElement":[{"@type":"ListItem","position":1,"name":"Accueil","item":"https:\/\/www.webdo.tn\/fr\/"},{"@type":"ListItem","position":2,"name":"ONU : La Tunisie doit mettre fin au &#8220;discours de haine&#8221; contre les Subsahariens"}]},{"@type":"WebSite","@id":"https:\/\/www.webdo.tn\/fr\/#website","url":"https:\/\/www.webdo.tn\/fr\/","name":"webdo","description":"Tunisie - News en Tunisie et \u00e0 l&#039;international sur Webdo.tn","publisher":{"@id":"https:\/\/www.webdo.tn\/fr\/#organization"},"potentialAction":[{"@type":"SearchAction","target":{"@type":"EntryPoint","urlTemplate":"https:\/\/www.webdo.tn\/fr\/?s={search_term_string}"},"query-input":{"@type":"PropertyValueSpecification","valueRequired":true,"valueName":"search_term_string"}}],"inLanguage":"fr-FR"},{"@type":"Organization","@id":"https:\/\/www.webdo.tn\/fr\/#organization","name":"Webdo","alternateName":"Webdo.tn","url":"https:\/\/www.webdo.tn\/fr\/","logo":{"@type":"ImageObject","inLanguage":"fr-FR","@id":"https:\/\/www.webdo.tn\/fr\/#\/schema\/logo\/image\/","url":"https:\/\/www.webdo.tn\/fr\/wp-content\/uploads\/2025\/06\/Webdo-Tunisie_168377.jpg","contentUrl":"https:\/\/www.webdo.tn\/fr\/wp-content\/uploads\/2025\/06\/Webdo-Tunisie_168377.jpg","width":301,"height":301,"caption":"Webdo"},"image":{"@id":"https:\/\/www.webdo.tn\/fr\/#\/schema\/logo\/image\/"},"sameAs":["https:\/\/www.facebook.com\/webdotn","https:\/\/x.com\/webdo_tn"],"description":"Webdo est un m\u00e9dia num\u00e9rique tunisien fond\u00e9 en 2010, sp\u00e9cialis\u00e9 dans l\u2019actualit\u00e9 nationale et internationale, l\u2019\u00e9conomie, la soci\u00e9t\u00e9 et les analyses politiques. Le site s\u2019adresse \u00e0 un large public francophone et couvre l\u2019information tunisienne en temps r\u00e9el.","email":"redac@webdo.tn","legalName":"YNJ SARL","foundingDate":"2010-09-06","numberOfEmployees":{"@type":"QuantitativeValue","minValue":"11","maxValue":"50"}},{"@type":"Person","@id":"https:\/\/www.webdo.tn\/fr\/#\/schema\/person\/f35b42a42c5e2511bbd282959d6385cc","name":"CL","image":{"@type":"ImageObject","inLanguage":"fr-FR","@id":"https:\/\/secure.gravatar.com\/avatar\/1447a49909b67aa657c488aec6512e1dd6143a480c1ecfee9b5b5cd74eb3b59e?s=96&d=mm&r=g","url":"https:\/\/secure.gravatar.com\/avatar\/1447a49909b67aa657c488aec6512e1dd6143a480c1ecfee9b5b5cd74eb3b59e?s=96&d=mm&r=g","contentUrl":"https:\/\/secure.gravatar.com\/avatar\/1447a49909b67aa657c488aec6512e1dd6143a480c1ecfee9b5b5cd74eb3b59e?s=96&d=mm&r=g","caption":"CL"},"url":"https:\/\/www.webdo.tn\/fr\/actualite\/author\/cl\/"}]}},"_links":{"self":[{"href":"https:\/\/www.webdo.tn\/fr\/wp-json\/wp\/v2\/posts\/204533","targetHints":{"allow":["GET"]}}],"collection":[{"href":"https:\/\/www.webdo.tn\/fr\/wp-json\/wp\/v2\/posts"}],"about":[{"href":"https:\/\/www.webdo.tn\/fr\/wp-json\/wp\/v2\/types\/post"}],"author":[{"embeddable":true,"href":"https:\/\/www.webdo.tn\/fr\/wp-json\/wp\/v2\/users\/3175"}],"replies":[{"embeddable":true,"href":"https:\/\/www.webdo.tn\/fr\/wp-json\/wp\/v2\/comments?post=204533"}],"version-history":[{"count":0,"href":"https:\/\/www.webdo.tn\/fr\/wp-json\/wp\/v2\/posts\/204533\/revisions"}],"wp:featuredmedia":[{"embeddable":true,"href":"https:\/\/www.webdo.tn\/fr\/wp-json\/wp\/v2\/media\/251532"}],"wp:attachment":[{"href":"https:\/\/www.webdo.tn\/fr\/wp-json\/wp\/v2\/media?parent=204533"}],"wp:term":[{"taxonomy":"category","embeddable":true,"href":"https:\/\/www.webdo.tn\/fr\/wp-json\/wp\/v2\/categories?post=204533"},{"taxonomy":"post_tag","embeddable":true,"href":"https:\/\/www.webdo.tn\/fr\/wp-json\/wp\/v2\/tags?post=204533"}],"curies":[{"name":"wp","href":"https:\/\/api.w.org\/{rel}","templated":true}]}}