{"id":204518,"date":"2023-04-03T18:24:00","date_gmt":"2023-04-03T18:24:00","guid":{"rendered":"https:\/\/www.webdo.tn\/fr\/blog\/cannes-2023-avant-premiere-mondiale-de-indiana-jones-et-le-cadran-de-la-destinee\/204518\/"},"modified":"2025-05-21T08:56:51","modified_gmt":"2025-05-21T08:56:51","slug":"cannes-2023-avant-premiere-mondiale-de-indiana-jones-et-le-cadran-de-la-destinee","status":"publish","type":"post","link":"https:\/\/www.webdo.tn\/fr\/actualite\/culture\/cannes-2023-avant-premiere-mondiale-de-indiana-jones-et-le-cadran-de-la-destinee\/204518\/","title":{"rendered":"Cannes 2023 &#8211; Avant-premi\u00e8re mondiale de \u00ab Indiana Jones et le Cadran de la Destin\u00e9e \u00bb"},"content":{"rendered":"<div class=\"single-body entry-content typography-copy\" itemprop=\"articleBody\">\n<p style=\"font-weight: bold; text-align: justify\">\n\t\t\t\t\t\t\t\t\tIndiana Jones revient au Festival de Cannes pour l\u2019avant-premi\u00e8re mondiale de Indiana Jones et le Cadran de la Destin\u00e9e, r\u00e9alis\u00e9 par James Mangold, avec Harrison Ford dans le r\u00f4le du h\u00e9ros l\u00e9gendaire.\n\t\t\t\t\t\t\t\t<\/p>\n<div class=\"coprs\" style=\"text-align: center\"><\/div>\n<div class=\"coprs\" style=\"text-align: justify\">\n<p>\n<span><span>Le c\u00e9l\u00e8bre aventurier Indiana Jones sera de retour sur les \u00e9crans en 2023 avec le film <em>Indiana Jones et le Cadran de la Destin\u00e9e<\/em> r\u00e9alis\u00e9 par James Mangold et produit par The Walt Disney Company et Lucas film. Harrison Ford incarnera de nouveau l&rsquo;arch\u00e9ologue au chapeau et au fouet.<\/span><\/span><\/p>\n<p><span><span>C\u2019est sur l\u2019embl\u00e9matique musique de John Williams que James Mangold et Harrison Ford monteront les Marches du Palais des Festivals le 18 mai prochain aux c\u00f4t\u00e9s de Phoebe Waller-Bridge, Antonio Banderas, John Rhys-Davies, Toby Jones, Boyd Holbrook, Ethann Isidore et Mads Mikkelsen. Un \u00e9v\u00e9nement qui marquera le retour tant attendu du c\u00e9l\u00e8bre aventurier en S\u00e9lection officielle, quoi qu\u2019en hors comp\u00e9tition. <\/span><\/span><\/p>\n<p><span><span>Apr\u00e8s 15 ans d&rsquo;absence, Indiana Jones revient pour une nouvelle aventure, cette fois-ci sous la direction de James Mangold, r\u00e9alisateur et sc\u00e9nariste am\u00e9ricain. <\/span><\/span><\/p>\n<p><span><span>Mangold, qui a r\u00e9alis\u00e9 des films tels que <em>Copland <\/em>en 1997, <em>Walk the Line<\/em> en 2005, <em>3h10 pour Yuma<\/em> en 2007 et <em>Le Mans 66<\/em> en 2019, a d\u00e9clar\u00e9 \u00eatre ravi de partager avec le public cette nouvelle aventure d&rsquo;Indiana Jones, en compagnie de ses l\u00e9gendaires partenaires\u00a0: \u00ab\u00a0<em>En 1995, j\u2019ai eu l\u2019honneur de venir \u00e0 Cannes pour pr\u00e9senter mon premier film, <\/em>Heavy<em>, \u00e0 la Quinzaine des R\u00e9alisateurs. 28 ans plus tard, je suis fier de revenir avec un film l\u00e9g\u00e8rement plus spectaculaire. Mes l\u00e9gendaires partenaires et moi-m\u00eame sommes tr\u00e8s enthousiastes \u00e0 l\u2019id\u00e9e de partager avec vous cette toute nouvelle aventure d\u2019Indiana Jones !\u00a0<\/em>\u00bb.<\/span><\/span><\/p>\n<p>\u00a0<\/p>\n<p><img decoding=\"async\" alt=\"\" height=\"970\" src=\"\/assets\/uploads\/images\/\/Neila\/Affiche%20Indiana%20Jones.jpeg\" width=\"776\"><\/p>\n<p>\u00a0<\/p>\n<p><span><span>Indiana Jones est une ic\u00f4ne du cin\u00e9ma d&rsquo;aventure am\u00e9ricain. Le personnage a \u00e9t\u00e9 cr\u00e9\u00e9 en 1981 par George Lucas et port\u00e9 \u00e0 l&rsquo;\u00e9cran par Steven Spielberg, avec Harrison Ford dans le r\u00f4le principal. Les aventures de l&rsquo;arch\u00e9ologue ont conquis le c\u0153ur de millions de fans \u00e0 travers le monde depuis quatre d\u00e9cennies. <\/span><\/span><\/p>\n<p><span><span>Par la m\u00eame occasion, le Festival de Cannes rendra hommage pour l\u2019ensemble de sa carri\u00e8re \u00e0 Harrison Ford, qui a \u00e9galement interpr\u00e9t\u00e9 d&rsquo;autres r\u00f4les embl\u00e9matiques du cin\u00e9ma am\u00e9ricain tels que Han Solo dans <em>Star Wars IV, V et VI<\/em>, et Rick Deckard dans <em>Blade Runner<\/em> (1982) de Ridley Scott et <em>Blade Runner 2049<\/em> (2017) de Denis Villeneuve.<\/span><\/span><\/p>\n<p><span><span><em>Indiana Jones et le Cadran de la Destin\u00e9e<\/em> est produit par Kathleen Kennedy, Frank Marshall et Simon Emanuel, avec Steven Spielberg et George Lucas en tant que producteurs d\u00e9l\u00e9gu\u00e9s. La musique du film a \u00e9t\u00e9 compos\u00e9e par John Williams, qui a compos\u00e9 la musique de toutes les aventures d&rsquo;Indiana Jones depuis le premier opus de la saga <em>Les Aventuriers de l&rsquo;Arche perdue <\/em>en 1981.<\/span><\/span><\/p>\n<p><span><span>La projection de <em>Indiana Jones et le Cadran de la Destin\u00e9e<\/em> au Festival de Cannes sera l&rsquo;un des \u00e9v\u00e9nements les plus importants de cette 76<sup>\u00e8me<\/sup> \u00e9dition, tout comme l&rsquo;a \u00e9t\u00e9 la venue de Tom Cruise pour <em>Top Gun: Maverick<\/em> l&rsquo;ann\u00e9e derni\u00e8re. <\/span><\/span><\/p>\n<p><span><span>Il y a deux jours, l<a href=\"https:\/\/www.webdo.tn\/fr\/actualite\/culture\/cannes-2023-avant-premiere-mondiale-de-killers-of-the-flower-moon-de-martin-scorsese\/204454\">e Festival de Cannes avait \u00e9galement confirm\u00e9 la s\u00e9lection de <em>Killers of the Flower Moon <\/em>de Martin Scorsese<\/a>, avec Leonardo DiCaprio et Robert de Niro, sans pourtant pr\u00e9ciser s\u2019il sera ou non en comp\u00e9tition.<\/span><\/span><\/p>\n<p><span><span>Rien que ces deux films tr\u00e8s attendus seront l\u2019occasion de la pr\u00e9sence sur la croisette de tr\u00e8s grandes stars am\u00e9ricaines. <\/span><\/span><\/p>\n<p><span><span>Les autres films de la s\u00e9lection seront d\u00e9voil\u00e9s mi-avril.<\/p>\n<p><strong>Ne\u00efla Driss<\/strong><\/span><\/span><\/p>\n<\/p><\/div>\n<div class=\"coprs\" style=\"text-align: center\"><\/div><\/div>\n","protected":false},"excerpt":{"rendered":"<p>Indiana Jones revient au Festival de Cannes pour l\u2019avant-premi\u00e8re mondiale de Indiana Jones et le Cadran de la Destin\u00e9e, r\u00e9alis\u00e9 par James Mangold, avec Harriso&#8230;<\/p>\n","protected":false},"author":3164,"featured_media":278002,"comment_status":"open","ping_status":"closed","sticky":false,"template":"","format":"standard","meta":{"footnotes":""},"categories":[2594],"tags":[3460,7127,2626,2627,2655,9427],"class_list":["post-204518","post","type-post","status-publish","format-standard","has-post-thumbnail","hentry","category-culture","tag-cannes","tag-cannes-2023","tag-cinema","tag-festival-de-cannes","tag-film","tag-harrison-ford"],"yoast_head":"<!-- This site is optimized with the Yoast SEO Premium plugin v27.4 (Yoast SEO v27.4) - https:\/\/yoast.com\/product\/yoast-seo-premium-wordpress\/ -->\n<title>Cannes 2023 - Avant-premi\u00e8re mondiale de \u00ab Indiana Jones et le Cadran de la Destin\u00e9e \u00bb<\/title>\n<meta name=\"description\" content=\"Indiana Jones revient au Festival de Cannes pour l\u2019avant-premi\u00e8re mondiale de Indiana Jones et le Cadran de la Destin\u00e9e, r\u00e9alis\u00e9 par James Mangold, avec Harriso...\" \/>\n<link rel=\"canonical\" href=\"https:\/\/www.webdo.tn\/fr\/actualite\/culture\/cannes-2023-avant-premiere-mondiale-de-indiana-jones-et-le-cadran-de-la-destinee\/204518\/\" \/>\n<meta property=\"og:locale\" content=\"fr_FR\" \/>\n<meta property=\"og:type\" content=\"article\" \/>\n<meta property=\"og:title\" content=\"Cannes 2023 - Avant-premi\u00e8re mondiale de \u00ab Indiana Jones et le Cadran de la Destin\u00e9e \u00bb\" \/>\n<meta property=\"og:description\" content=\"Indiana Jones revient au Festival de Cannes pour l\u2019avant-premi\u00e8re mondiale de Indiana Jones et le Cadran de la Destin\u00e9e, r\u00e9alis\u00e9 par James Mangold, avec Harriso...\" \/>\n<meta property=\"og:url\" content=\"https:\/\/www.webdo.tn\/fr\/actualite\/culture\/cannes-2023-avant-premiere-mondiale-de-indiana-jones-et-le-cadran-de-la-destinee\/204518\/\" \/>\n<meta property=\"og:site_name\" content=\"webdo\" \/>\n<meta property=\"article:publisher\" content=\"https:\/\/www.facebook.com\/webdotn\" \/>\n<meta property=\"article:author\" content=\"https:\/\/www.facebook.com\/massir.destiniii\/\" \/>\n<meta property=\"article:published_time\" content=\"2023-04-03T18:24:00+00:00\" \/>\n<meta property=\"article:modified_time\" content=\"2025-05-21T08:56:51+00:00\" \/>\n<meta property=\"og:image\" content=\"https:\/\/www.webdo.tn\/fr\/wp-content\/uploads\/2023\/04\/03423ceabfc06f18e12180ca98f379fd.jpg\" \/>\n\t<meta property=\"og:image:width\" content=\"750\" \/>\n\t<meta property=\"og:image:height\" content=\"400\" \/>\n\t<meta property=\"og:image:type\" content=\"image\/jpeg\" \/>\n<meta name=\"author\" content=\"Ne\u00efla DRISS\" \/>\n<meta name=\"twitter:card\" content=\"summary_large_image\" \/>\n<meta name=\"twitter:creator\" content=\"@https:\/\/x.com\/MassirDestin\" \/>\n<meta name=\"twitter:site\" content=\"@webdo_tn\" \/>\n<meta name=\"twitter:label1\" content=\"\u00c9crit par\" \/>\n\t<meta name=\"twitter:data1\" content=\"Ne\u00efla DRISS\" \/>\n\t<meta name=\"twitter:label2\" content=\"Dur\u00e9e de lecture estim\u00e9e\" \/>\n\t<meta name=\"twitter:data2\" content=\"3 minutes\" \/>\n<script type=\"application\/ld+json\" class=\"yoast-schema-graph\">{\"@context\":\"https:\\\/\\\/schema.org\",\"@graph\":[{\"@type\":\"NewsArticle\",\"@id\":\"https:\\\/\\\/www.webdo.tn\\\/fr\\\/actualite\\\/culture\\\/cannes-2023-avant-premiere-mondiale-de-indiana-jones-et-le-cadran-de-la-destinee\\\/204518\\\/#article\",\"isPartOf\":{\"@id\":\"https:\\\/\\\/www.webdo.tn\\\/fr\\\/actualite\\\/culture\\\/cannes-2023-avant-premiere-mondiale-de-indiana-jones-et-le-cadran-de-la-destinee\\\/204518\\\/\"},\"author\":{\"name\":\"Ne\u00efla DRISS\",\"@id\":\"https:\\\/\\\/www.webdo.tn\\\/fr\\\/#\\\/schema\\\/person\\\/60d5ba619ed3f58783b0dc82b7dada80\"},\"headline\":\"Cannes 2023 &#8211; Avant-premi\u00e8re mondiale de \u00ab Indiana Jones et le Cadran de la Destin\u00e9e \u00bb\",\"datePublished\":\"2023-04-03T18:24:00+00:00\",\"dateModified\":\"2025-05-21T08:56:51+00:00\",\"mainEntityOfPage\":{\"@id\":\"https:\\\/\\\/www.webdo.tn\\\/fr\\\/actualite\\\/culture\\\/cannes-2023-avant-premiere-mondiale-de-indiana-jones-et-le-cadran-de-la-destinee\\\/204518\\\/\"},\"wordCount\":635,\"commentCount\":0,\"publisher\":{\"@id\":\"https:\\\/\\\/www.webdo.tn\\\/fr\\\/#organization\"},\"image\":{\"@id\":\"https:\\\/\\\/www.webdo.tn\\\/fr\\\/actualite\\\/culture\\\/cannes-2023-avant-premiere-mondiale-de-indiana-jones-et-le-cadran-de-la-destinee\\\/204518\\\/#primaryimage\"},\"thumbnailUrl\":\"https:\\\/\\\/www.webdo.tn\\\/fr\\\/wp-content\\\/uploads\\\/2023\\\/04\\\/03423ceabfc06f18e12180ca98f379fd.jpg\",\"keywords\":[\"cannes\",\"Cannes 2023\",\"Cin\u00e9ma\",\"Festival de Cannes\",\"Film\",\"Harrison Ford\"],\"articleSection\":[\"Culture\"],\"inLanguage\":\"fr-FR\"},{\"@type\":\"WebPage\",\"@id\":\"https:\\\/\\\/www.webdo.tn\\\/fr\\\/actualite\\\/culture\\\/cannes-2023-avant-premiere-mondiale-de-indiana-jones-et-le-cadran-de-la-destinee\\\/204518\\\/\",\"url\":\"https:\\\/\\\/www.webdo.tn\\\/fr\\\/actualite\\\/culture\\\/cannes-2023-avant-premiere-mondiale-de-indiana-jones-et-le-cadran-de-la-destinee\\\/204518\\\/\",\"name\":\"Cannes 2023 - Avant-premi\u00e8re mondiale de \u00ab Indiana Jones et le Cadran de la Destin\u00e9e \u00bb\",\"isPartOf\":{\"@id\":\"https:\\\/\\\/www.webdo.tn\\\/fr\\\/#website\"},\"primaryImageOfPage\":{\"@id\":\"https:\\\/\\\/www.webdo.tn\\\/fr\\\/actualite\\\/culture\\\/cannes-2023-avant-premiere-mondiale-de-indiana-jones-et-le-cadran-de-la-destinee\\\/204518\\\/#primaryimage\"},\"image\":{\"@id\":\"https:\\\/\\\/www.webdo.tn\\\/fr\\\/actualite\\\/culture\\\/cannes-2023-avant-premiere-mondiale-de-indiana-jones-et-le-cadran-de-la-destinee\\\/204518\\\/#primaryimage\"},\"thumbnailUrl\":\"https:\\\/\\\/www.webdo.tn\\\/fr\\\/wp-content\\\/uploads\\\/2023\\\/04\\\/03423ceabfc06f18e12180ca98f379fd.jpg\",\"datePublished\":\"2023-04-03T18:24:00+00:00\",\"dateModified\":\"2025-05-21T08:56:51+00:00\",\"description\":\"Indiana Jones revient au Festival de Cannes pour l\u2019avant-premi\u00e8re mondiale de Indiana Jones et le Cadran de la Destin\u00e9e, r\u00e9alis\u00e9 par James Mangold, avec Harriso...\",\"breadcrumb\":{\"@id\":\"https:\\\/\\\/www.webdo.tn\\\/fr\\\/actualite\\\/culture\\\/cannes-2023-avant-premiere-mondiale-de-indiana-jones-et-le-cadran-de-la-destinee\\\/204518\\\/#breadcrumb\"},\"inLanguage\":\"fr-FR\",\"potentialAction\":[{\"@type\":\"ReadAction\",\"target\":[\"https:\\\/\\\/www.webdo.tn\\\/fr\\\/actualite\\\/culture\\\/cannes-2023-avant-premiere-mondiale-de-indiana-jones-et-le-cadran-de-la-destinee\\\/204518\\\/\"]}]},{\"@type\":\"ImageObject\",\"inLanguage\":\"fr-FR\",\"@id\":\"https:\\\/\\\/www.webdo.tn\\\/fr\\\/actualite\\\/culture\\\/cannes-2023-avant-premiere-mondiale-de-indiana-jones-et-le-cadran-de-la-destinee\\\/204518\\\/#primaryimage\",\"url\":\"https:\\\/\\\/www.webdo.tn\\\/fr\\\/wp-content\\\/uploads\\\/2023\\\/04\\\/03423ceabfc06f18e12180ca98f379fd.jpg\",\"contentUrl\":\"https:\\\/\\\/www.webdo.tn\\\/fr\\\/wp-content\\\/uploads\\\/2023\\\/04\\\/03423ceabfc06f18e12180ca98f379fd.jpg\",\"width\":750,\"height\":400,\"caption\":\"Cannes 2023 - Avant-premi\u00e8re mondiale de \u00ab Indiana Jones et le Cadran de la Destin\u00e9e \u00bb\"},{\"@type\":\"BreadcrumbList\",\"@id\":\"https:\\\/\\\/www.webdo.tn\\\/fr\\\/actualite\\\/culture\\\/cannes-2023-avant-premiere-mondiale-de-indiana-jones-et-le-cadran-de-la-destinee\\\/204518\\\/#breadcrumb\",\"itemListElement\":[{\"@type\":\"ListItem\",\"position\":1,\"name\":\"Accueil\",\"item\":\"https:\\\/\\\/www.webdo.tn\\\/fr\\\/\"},{\"@type\":\"ListItem\",\"position\":2,\"name\":\"Cannes 2023 &#8211; Avant-premi\u00e8re mondiale de \u00ab Indiana Jones et le Cadran de la Destin\u00e9e \u00bb\"}]},{\"@type\":\"WebSite\",\"@id\":\"https:\\\/\\\/www.webdo.tn\\\/fr\\\/#website\",\"url\":\"https:\\\/\\\/www.webdo.tn\\\/fr\\\/\",\"name\":\"webdo\",\"description\":\"Tunisie - News en Tunisie et \u00e0 l&#039;international sur Webdo.tn\",\"publisher\":{\"@id\":\"https:\\\/\\\/www.webdo.tn\\\/fr\\\/#organization\"},\"potentialAction\":[{\"@type\":\"SearchAction\",\"target\":{\"@type\":\"EntryPoint\",\"urlTemplate\":\"https:\\\/\\\/www.webdo.tn\\\/fr\\\/?s={search_term_string}\"},\"query-input\":{\"@type\":\"PropertyValueSpecification\",\"valueRequired\":true,\"valueName\":\"search_term_string\"}}],\"inLanguage\":\"fr-FR\"},{\"@type\":\"Organization\",\"@id\":\"https:\\\/\\\/www.webdo.tn\\\/fr\\\/#organization\",\"name\":\"Webdo\",\"alternateName\":\"Webdo.tn\",\"url\":\"https:\\\/\\\/www.webdo.tn\\\/fr\\\/\",\"logo\":{\"@type\":\"ImageObject\",\"inLanguage\":\"fr-FR\",\"@id\":\"https:\\\/\\\/www.webdo.tn\\\/fr\\\/#\\\/schema\\\/logo\\\/image\\\/\",\"url\":\"https:\\\/\\\/www.webdo.tn\\\/fr\\\/wp-content\\\/uploads\\\/2025\\\/06\\\/Webdo-Tunisie_168377.jpg\",\"contentUrl\":\"https:\\\/\\\/www.webdo.tn\\\/fr\\\/wp-content\\\/uploads\\\/2025\\\/06\\\/Webdo-Tunisie_168377.jpg\",\"width\":301,\"height\":301,\"caption\":\"Webdo\"},\"image\":{\"@id\":\"https:\\\/\\\/www.webdo.tn\\\/fr\\\/#\\\/schema\\\/logo\\\/image\\\/\"},\"sameAs\":[\"https:\\\/\\\/www.facebook.com\\\/webdotn\",\"https:\\\/\\\/x.com\\\/webdo_tn\"],\"description\":\"Webdo est un m\u00e9dia num\u00e9rique tunisien fond\u00e9 en 2010, sp\u00e9cialis\u00e9 dans l\u2019actualit\u00e9 nationale et internationale, l\u2019\u00e9conomie, la soci\u00e9t\u00e9 et les analyses politiques. Le site s\u2019adresse \u00e0 un large public francophone et couvre l\u2019information tunisienne en temps r\u00e9el.\",\"email\":\"redac@webdo.tn\",\"legalName\":\"YNJ SARL\",\"foundingDate\":\"2010-09-06\",\"numberOfEmployees\":{\"@type\":\"QuantitativeValue\",\"minValue\":\"11\",\"maxValue\":\"50\"}},{\"@type\":\"Person\",\"@id\":\"https:\\\/\\\/www.webdo.tn\\\/fr\\\/#\\\/schema\\\/person\\\/60d5ba619ed3f58783b0dc82b7dada80\",\"name\":\"Ne\u00efla DRISS\",\"image\":{\"@type\":\"ImageObject\",\"inLanguage\":\"fr-FR\",\"@id\":\"https:\\\/\\\/www.webdo.tn\\\/fr\\\/wp-content\\\/uploads\\\/2026\\\/04\\\/neila-driss_avatar-96x96.jpg\",\"url\":\"https:\\\/\\\/www.webdo.tn\\\/fr\\\/wp-content\\\/uploads\\\/2026\\\/04\\\/neila-driss_avatar-96x96.jpg\",\"contentUrl\":\"https:\\\/\\\/www.webdo.tn\\\/fr\\\/wp-content\\\/uploads\\\/2026\\\/04\\\/neila-driss_avatar-96x96.jpg\",\"caption\":\"Ne\u00efla DRISS\"},\"description\":\"Ne\u00efla Driss est juriste, journaliste culturelle et critique de cin\u00e9ma tunisienne. Titulaire d\u2019un DEA en droit priv\u00e9 de l\u2019Universit\u00e9 Paris II et d\u2019un DESS de l\u2019IHEC Carthage, elle d\u00e9bute sa carri\u00e8re comme juriste sp\u00e9cialis\u00e9e en gestion de patrimoine immobilier. Elle s\u2019oriente ensuite vers l\u2019\u00e9criture en ligne, o\u00f9 elle se distingue d\u00e8s 2006 aux Tunisia Blog Awards, avant de se consacrer au journalisme culturel, avec une sp\u00e9cialisation dans la critique cin\u00e9matographique. Elle couvre r\u00e9guli\u00e8rement les grands festivals internationaux, notamment le Festival de Cannes, les Journ\u00e9es Cin\u00e9matographiques de Carthage et le Festival du film du Caire. Membre de l\u2019ATPCC et de la FIPRESCI, elle participe \u00e0 des jurys et initiatives internationales de critique. Depuis 2024, elle est \u00e9lectrice internationale aux Golden Globes. Facebook : https:\\\/\\\/www.facebook.com\\\/massir.destiniii\\\/ X : https:\\\/\\\/x.com\\\/MassirDestin\",\"sameAs\":[\"https:\\\/\\\/www.facebook.com\\\/massir.destiniii\\\/\",\"https:\\\/\\\/www.instagram.com\\\/neila.driss\\\/?hl=fr\",\"https:\\\/\\\/www.linkedin.com\\\/in\\\/neila-driss-22606a80\\\/\",\"https:\\\/\\\/x.com\\\/https:\\\/\\\/x.com\\\/MassirDestin\"],\"knowsAbout\":[\"Cin\u00e9ma international\",\"critique cin\u00e9matographique\",\"festivals de cin\u00e9ma\",\"journalisme culturel\"],\"knowsLanguage\":[\"Fran\u00e7ais\",\"Arabe\",\"Anglais\"],\"jobTitle\":\"Journaliste culturelle et critique de cin\u00e9ma\",\"worksFor\":\"Webdo\",\"url\":\"https:\\\/\\\/www.webdo.tn\\\/fr\\\/actualite\\\/author\\\/neila-driss\\\/\"}]}<\/script>\n<!-- \/ Yoast SEO Premium plugin. -->","yoast_head_json":{"title":"Cannes 2023 - Avant-premi\u00e8re mondiale de \u00ab Indiana Jones et le Cadran de la Destin\u00e9e \u00bb","description":"Indiana Jones revient au Festival de Cannes pour l\u2019avant-premi\u00e8re mondiale de Indiana Jones et le Cadran de la Destin\u00e9e, r\u00e9alis\u00e9 par James Mangold, avec Harriso...","canonical":"https:\/\/www.webdo.tn\/fr\/actualite\/culture\/cannes-2023-avant-premiere-mondiale-de-indiana-jones-et-le-cadran-de-la-destinee\/204518\/","og_locale":"fr_FR","og_type":"article","og_title":"Cannes 2023 - Avant-premi\u00e8re mondiale de \u00ab Indiana Jones et le Cadran de la Destin\u00e9e \u00bb","og_description":"Indiana Jones revient au Festival de Cannes pour l\u2019avant-premi\u00e8re mondiale de Indiana Jones et le Cadran de la Destin\u00e9e, r\u00e9alis\u00e9 par James Mangold, avec Harriso...","og_url":"https:\/\/www.webdo.tn\/fr\/actualite\/culture\/cannes-2023-avant-premiere-mondiale-de-indiana-jones-et-le-cadran-de-la-destinee\/204518\/","og_site_name":"webdo","article_publisher":"https:\/\/www.facebook.com\/webdotn","article_author":"https:\/\/www.facebook.com\/massir.destiniii\/","article_published_time":"2023-04-03T18:24:00+00:00","article_modified_time":"2025-05-21T08:56:51+00:00","og_image":[{"width":750,"height":400,"url":"https:\/\/www.webdo.tn\/fr\/wp-content\/uploads\/2023\/04\/03423ceabfc06f18e12180ca98f379fd.jpg","type":"image\/jpeg"}],"author":"Ne\u00efla DRISS","twitter_card":"summary_large_image","twitter_creator":"@https:\/\/x.com\/MassirDestin","twitter_site":"@webdo_tn","twitter_misc":{"\u00c9crit par":"Ne\u00efla DRISS","Dur\u00e9e de lecture estim\u00e9e":"3 minutes"},"schema":{"@context":"https:\/\/schema.org","@graph":[{"@type":"NewsArticle","@id":"https:\/\/www.webdo.tn\/fr\/actualite\/culture\/cannes-2023-avant-premiere-mondiale-de-indiana-jones-et-le-cadran-de-la-destinee\/204518\/#article","isPartOf":{"@id":"https:\/\/www.webdo.tn\/fr\/actualite\/culture\/cannes-2023-avant-premiere-mondiale-de-indiana-jones-et-le-cadran-de-la-destinee\/204518\/"},"author":{"name":"Ne\u00efla DRISS","@id":"https:\/\/www.webdo.tn\/fr\/#\/schema\/person\/60d5ba619ed3f58783b0dc82b7dada80"},"headline":"Cannes 2023 &#8211; Avant-premi\u00e8re mondiale de \u00ab Indiana Jones et le Cadran de la Destin\u00e9e \u00bb","datePublished":"2023-04-03T18:24:00+00:00","dateModified":"2025-05-21T08:56:51+00:00","mainEntityOfPage":{"@id":"https:\/\/www.webdo.tn\/fr\/actualite\/culture\/cannes-2023-avant-premiere-mondiale-de-indiana-jones-et-le-cadran-de-la-destinee\/204518\/"},"wordCount":635,"commentCount":0,"publisher":{"@id":"https:\/\/www.webdo.tn\/fr\/#organization"},"image":{"@id":"https:\/\/www.webdo.tn\/fr\/actualite\/culture\/cannes-2023-avant-premiere-mondiale-de-indiana-jones-et-le-cadran-de-la-destinee\/204518\/#primaryimage"},"thumbnailUrl":"https:\/\/www.webdo.tn\/fr\/wp-content\/uploads\/2023\/04\/03423ceabfc06f18e12180ca98f379fd.jpg","keywords":["cannes","Cannes 2023","Cin\u00e9ma","Festival de Cannes","Film","Harrison Ford"],"articleSection":["Culture"],"inLanguage":"fr-FR"},{"@type":"WebPage","@id":"https:\/\/www.webdo.tn\/fr\/actualite\/culture\/cannes-2023-avant-premiere-mondiale-de-indiana-jones-et-le-cadran-de-la-destinee\/204518\/","url":"https:\/\/www.webdo.tn\/fr\/actualite\/culture\/cannes-2023-avant-premiere-mondiale-de-indiana-jones-et-le-cadran-de-la-destinee\/204518\/","name":"Cannes 2023 - Avant-premi\u00e8re mondiale de \u00ab Indiana Jones et le Cadran de la Destin\u00e9e \u00bb","isPartOf":{"@id":"https:\/\/www.webdo.tn\/fr\/#website"},"primaryImageOfPage":{"@id":"https:\/\/www.webdo.tn\/fr\/actualite\/culture\/cannes-2023-avant-premiere-mondiale-de-indiana-jones-et-le-cadran-de-la-destinee\/204518\/#primaryimage"},"image":{"@id":"https:\/\/www.webdo.tn\/fr\/actualite\/culture\/cannes-2023-avant-premiere-mondiale-de-indiana-jones-et-le-cadran-de-la-destinee\/204518\/#primaryimage"},"thumbnailUrl":"https:\/\/www.webdo.tn\/fr\/wp-content\/uploads\/2023\/04\/03423ceabfc06f18e12180ca98f379fd.jpg","datePublished":"2023-04-03T18:24:00+00:00","dateModified":"2025-05-21T08:56:51+00:00","description":"Indiana Jones revient au Festival de Cannes pour l\u2019avant-premi\u00e8re mondiale de Indiana Jones et le Cadran de la Destin\u00e9e, r\u00e9alis\u00e9 par James Mangold, avec Harriso...","breadcrumb":{"@id":"https:\/\/www.webdo.tn\/fr\/actualite\/culture\/cannes-2023-avant-premiere-mondiale-de-indiana-jones-et-le-cadran-de-la-destinee\/204518\/#breadcrumb"},"inLanguage":"fr-FR","potentialAction":[{"@type":"ReadAction","target":["https:\/\/www.webdo.tn\/fr\/actualite\/culture\/cannes-2023-avant-premiere-mondiale-de-indiana-jones-et-le-cadran-de-la-destinee\/204518\/"]}]},{"@type":"ImageObject","inLanguage":"fr-FR","@id":"https:\/\/www.webdo.tn\/fr\/actualite\/culture\/cannes-2023-avant-premiere-mondiale-de-indiana-jones-et-le-cadran-de-la-destinee\/204518\/#primaryimage","url":"https:\/\/www.webdo.tn\/fr\/wp-content\/uploads\/2023\/04\/03423ceabfc06f18e12180ca98f379fd.jpg","contentUrl":"https:\/\/www.webdo.tn\/fr\/wp-content\/uploads\/2023\/04\/03423ceabfc06f18e12180ca98f379fd.jpg","width":750,"height":400,"caption":"Cannes 2023 - Avant-premi\u00e8re mondiale de \u00ab Indiana Jones et le Cadran de la Destin\u00e9e \u00bb"},{"@type":"BreadcrumbList","@id":"https:\/\/www.webdo.tn\/fr\/actualite\/culture\/cannes-2023-avant-premiere-mondiale-de-indiana-jones-et-le-cadran-de-la-destinee\/204518\/#breadcrumb","itemListElement":[{"@type":"ListItem","position":1,"name":"Accueil","item":"https:\/\/www.webdo.tn\/fr\/"},{"@type":"ListItem","position":2,"name":"Cannes 2023 &#8211; Avant-premi\u00e8re mondiale de \u00ab Indiana Jones et le Cadran de la Destin\u00e9e \u00bb"}]},{"@type":"WebSite","@id":"https:\/\/www.webdo.tn\/fr\/#website","url":"https:\/\/www.webdo.tn\/fr\/","name":"webdo","description":"Tunisie - News en Tunisie et \u00e0 l&#039;international sur Webdo.tn","publisher":{"@id":"https:\/\/www.webdo.tn\/fr\/#organization"},"potentialAction":[{"@type":"SearchAction","target":{"@type":"EntryPoint","urlTemplate":"https:\/\/www.webdo.tn\/fr\/?s={search_term_string}"},"query-input":{"@type":"PropertyValueSpecification","valueRequired":true,"valueName":"search_term_string"}}],"inLanguage":"fr-FR"},{"@type":"Organization","@id":"https:\/\/www.webdo.tn\/fr\/#organization","name":"Webdo","alternateName":"Webdo.tn","url":"https:\/\/www.webdo.tn\/fr\/","logo":{"@type":"ImageObject","inLanguage":"fr-FR","@id":"https:\/\/www.webdo.tn\/fr\/#\/schema\/logo\/image\/","url":"https:\/\/www.webdo.tn\/fr\/wp-content\/uploads\/2025\/06\/Webdo-Tunisie_168377.jpg","contentUrl":"https:\/\/www.webdo.tn\/fr\/wp-content\/uploads\/2025\/06\/Webdo-Tunisie_168377.jpg","width":301,"height":301,"caption":"Webdo"},"image":{"@id":"https:\/\/www.webdo.tn\/fr\/#\/schema\/logo\/image\/"},"sameAs":["https:\/\/www.facebook.com\/webdotn","https:\/\/x.com\/webdo_tn"],"description":"Webdo est un m\u00e9dia num\u00e9rique tunisien fond\u00e9 en 2010, sp\u00e9cialis\u00e9 dans l\u2019actualit\u00e9 nationale et internationale, l\u2019\u00e9conomie, la soci\u00e9t\u00e9 et les analyses politiques. Le site s\u2019adresse \u00e0 un large public francophone et couvre l\u2019information tunisienne en temps r\u00e9el.","email":"redac@webdo.tn","legalName":"YNJ SARL","foundingDate":"2010-09-06","numberOfEmployees":{"@type":"QuantitativeValue","minValue":"11","maxValue":"50"}},{"@type":"Person","@id":"https:\/\/www.webdo.tn\/fr\/#\/schema\/person\/60d5ba619ed3f58783b0dc82b7dada80","name":"Ne\u00efla DRISS","image":{"@type":"ImageObject","inLanguage":"fr-FR","@id":"https:\/\/www.webdo.tn\/fr\/wp-content\/uploads\/2026\/04\/neila-driss_avatar-96x96.jpg","url":"https:\/\/www.webdo.tn\/fr\/wp-content\/uploads\/2026\/04\/neila-driss_avatar-96x96.jpg","contentUrl":"https:\/\/www.webdo.tn\/fr\/wp-content\/uploads\/2026\/04\/neila-driss_avatar-96x96.jpg","caption":"Ne\u00efla DRISS"},"description":"Ne\u00efla Driss est juriste, journaliste culturelle et critique de cin\u00e9ma tunisienne. Titulaire d\u2019un DEA en droit priv\u00e9 de l\u2019Universit\u00e9 Paris II et d\u2019un DESS de l\u2019IHEC Carthage, elle d\u00e9bute sa carri\u00e8re comme juriste sp\u00e9cialis\u00e9e en gestion de patrimoine immobilier. Elle s\u2019oriente ensuite vers l\u2019\u00e9criture en ligne, o\u00f9 elle se distingue d\u00e8s 2006 aux Tunisia Blog Awards, avant de se consacrer au journalisme culturel, avec une sp\u00e9cialisation dans la critique cin\u00e9matographique. Elle couvre r\u00e9guli\u00e8rement les grands festivals internationaux, notamment le Festival de Cannes, les Journ\u00e9es Cin\u00e9matographiques de Carthage et le Festival du film du Caire. Membre de l\u2019ATPCC et de la FIPRESCI, elle participe \u00e0 des jurys et initiatives internationales de critique. Depuis 2024, elle est \u00e9lectrice internationale aux Golden Globes. Facebook : https:\/\/www.facebook.com\/massir.destiniii\/ X : https:\/\/x.com\/MassirDestin","sameAs":["https:\/\/www.facebook.com\/massir.destiniii\/","https:\/\/www.instagram.com\/neila.driss\/?hl=fr","https:\/\/www.linkedin.com\/in\/neila-driss-22606a80\/","https:\/\/x.com\/https:\/\/x.com\/MassirDestin"],"knowsAbout":["Cin\u00e9ma international","critique cin\u00e9matographique","festivals de cin\u00e9ma","journalisme culturel"],"knowsLanguage":["Fran\u00e7ais","Arabe","Anglais"],"jobTitle":"Journaliste culturelle et critique de cin\u00e9ma","worksFor":"Webdo","url":"https:\/\/www.webdo.tn\/fr\/actualite\/author\/neila-driss\/"}]}},"_links":{"self":[{"href":"https:\/\/www.webdo.tn\/fr\/wp-json\/wp\/v2\/posts\/204518","targetHints":{"allow":["GET"]}}],"collection":[{"href":"https:\/\/www.webdo.tn\/fr\/wp-json\/wp\/v2\/posts"}],"about":[{"href":"https:\/\/www.webdo.tn\/fr\/wp-json\/wp\/v2\/types\/post"}],"author":[{"embeddable":true,"href":"https:\/\/www.webdo.tn\/fr\/wp-json\/wp\/v2\/users\/3164"}],"replies":[{"embeddable":true,"href":"https:\/\/www.webdo.tn\/fr\/wp-json\/wp\/v2\/comments?post=204518"}],"version-history":[{"count":0,"href":"https:\/\/www.webdo.tn\/fr\/wp-json\/wp\/v2\/posts\/204518\/revisions"}],"wp:featuredmedia":[{"embeddable":true,"href":"https:\/\/www.webdo.tn\/fr\/wp-json\/wp\/v2\/media\/278002"}],"wp:attachment":[{"href":"https:\/\/www.webdo.tn\/fr\/wp-json\/wp\/v2\/media?parent=204518"}],"wp:term":[{"taxonomy":"category","embeddable":true,"href":"https:\/\/www.webdo.tn\/fr\/wp-json\/wp\/v2\/categories?post=204518"},{"taxonomy":"post_tag","embeddable":true,"href":"https:\/\/www.webdo.tn\/fr\/wp-json\/wp\/v2\/tags?post=204518"}],"curies":[{"name":"wp","href":"https:\/\/api.w.org\/{rel}","templated":true}]}}