{"id":204517,"date":"2023-04-03T18:03:00","date_gmt":"2023-04-03T18:03:00","guid":{"rendered":"https:\/\/www.webdo.tn\/fr\/blog\/tunisie-kais-saied-brise-le-silence\/204517\/"},"modified":"2025-05-20T22:49:46","modified_gmt":"2025-05-20T22:49:46","slug":"tunisie-kais-saied-brise-le-silence","status":"publish","type":"post","link":"https:\/\/www.webdo.tn\/fr\/actualite\/national\/tunisie-kais-saied-brise-le-silence\/204517\/","title":{"rendered":"Tunisie : Kais Saied brise le silence"},"content":{"rendered":"<p>Le chef de l\u2019Etat Kais Saied a re\u00e7u ce lundi 3 avril 2023 la cheffe du gouvernement apr\u00e8s plusieurs jours de rumeurs concernant son \u00e9tat de sant\u00e9.<\/p>\n<p>\t\t\t\t\t\t\t\t\tKais Saied a d\u00e9menti l\u2019existence de tout \u00e9tat de vacance \u00e0 la t\u00eate de l\u2019Etat, affirmant que les discussions n\u2019ont pas cess\u00e9 avec la pr\u00e9sidence du gouvernement.\u00a0<\/p>\n<p>\u00ab\u00a0Ils veulent simplement cr\u00e9er des crises, l&rsquo;une apr\u00e8s l&rsquo;autre, cela ne passera pas. Ils ont commenc\u00e9 \u00e0 \u00e9voquer une attestation de d\u00e9c\u00e8s. Le chef de l&rsquo;Etat \u00e9tait absent seulement trois jours \u00e0 cause d&rsquo;une grippe et ils ont commenc\u00e9 \u00e0 \u00e9voquer une vacance du pouvoir\u00a0\u00bb, a-t-il fustig\u00e9.\u00a0<\/p>\n<p>Il a mis en garde contre toute atteinte \u00e0 la paix sociale et contre les appels \u00e0 un coup d&rsquo;Etat.\u00a0<\/p>\n<p>Depuis plusieurs jours, de nombreuses rumeurs circulent sur les r\u00e9seaux sociaux laissant croire que le pr\u00e9sident de la R\u00e9publique a \u00e9t\u00e9 hospitalis\u00e9 suite \u00e0 des probl\u00e8mes cardiaques. Des informations qui ont \u00e9t\u00e9 renforc\u00e9es par l\u2019absence de communication de la part des autorit\u00e9s.\u00a0<\/p>\n<p>Hier dimanche 2 avril 2023, le ministre de la Sant\u00e9 Ali Mrabet n\u2019a pas fait taire la pol\u00e9mique, lors d\u2019un\u00a0\u00e9v\u00e8nement, il s\u2019est abstenu d\u2019\u00e9voquer l\u2019\u00e9tat de sant\u00e9 du pr\u00e9sident.\u00a0<\/p>\n<p>En effet, interrog\u00e9 par les journalistes au sujet de ces informations, Ali Mrabet a opt\u00e9 pour le silence, ce qui a aliment\u00e9 davantage la confusion.\u00a0<\/p>\n<p>Il faut rappeler que selon le m\u00e9dia fran\u00e7ais, MondAfrique, Kais Saied aurait \u00e9t\u00e9 hospitalis\u00e9 suite \u00e0 des probl\u00e8mes cardiaques.<\/p>\n","protected":false},"excerpt":{"rendered":"<p>Le chef de l\u2019Etat Kais Saied a re\u00e7u ce lundi 3 avril 2023 la cheffe du gouvernement apr\u00e8s plusieurs jours de rumeurs concernant son \u00e9tat de sant\u00e9.<\/p>\n","protected":false},"author":3175,"featured_media":278004,"comment_status":"open","ping_status":"closed","sticky":false,"template":"","format":"standard","meta":{"footnotes":""},"categories":[44],"tags":[2614,2608],"class_list":["post-204517","post","type-post","status-publish","format-standard","has-post-thumbnail","hentry","category-national","tag-kais-saied","tag-tunisie"],"yoast_head":"<!-- This site is optimized with the Yoast SEO Premium plugin v27.4 (Yoast SEO v27.4) - https:\/\/yoast.com\/product\/yoast-seo-premium-wordpress\/ -->\n<title>Tunisie : Kais Saied brise le silence<\/title>\n<meta name=\"description\" content=\"Le chef de l\u2019Etat Kais Saied a re\u00e7u ce lundi 3 avril 2023 la cheffe du gouvernement apr\u00e8s plusieurs jours de rumeurs concernant son \u00e9tat de sant\u00e9.\" \/>\n<link rel=\"canonical\" href=\"https:\/\/www.webdo.tn\/fr\/actualite\/national\/tunisie-kais-saied-brise-le-silence\/204517\/\" \/>\n<meta property=\"og:locale\" content=\"fr_FR\" \/>\n<meta property=\"og:type\" content=\"article\" \/>\n<meta property=\"og:title\" content=\"Tunisie : Kais Saied brise le silence\" \/>\n<meta property=\"og:description\" content=\"Le chef de l\u2019Etat Kais Saied a re\u00e7u ce lundi 3 avril 2023 la cheffe du gouvernement apr\u00e8s plusieurs jours de rumeurs concernant son \u00e9tat de sant\u00e9.\" \/>\n<meta property=\"og:url\" content=\"https:\/\/www.webdo.tn\/fr\/actualite\/national\/tunisie-kais-saied-brise-le-silence\/204517\/\" \/>\n<meta property=\"og:site_name\" content=\"webdo\" \/>\n<meta property=\"article:publisher\" content=\"https:\/\/www.facebook.com\/webdotn\" \/>\n<meta property=\"article:published_time\" content=\"2023-04-03T18:03:00+00:00\" \/>\n<meta property=\"article:modified_time\" content=\"2025-05-20T22:49:46+00:00\" \/>\n<meta property=\"og:image\" content=\"https:\/\/www.webdo.tn\/fr\/wp-content\/uploads\/2023\/04\/a3b602bbd4b453a1f5ff967028e9861e.jpg\" \/>\n\t<meta property=\"og:image:width\" content=\"750\" \/>\n\t<meta property=\"og:image:height\" content=\"400\" \/>\n\t<meta property=\"og:image:type\" content=\"image\/jpeg\" \/>\n<meta name=\"author\" content=\"CL\" \/>\n<meta name=\"twitter:card\" content=\"summary_large_image\" \/>\n<meta name=\"twitter:creator\" content=\"@webdo_tn\" \/>\n<meta name=\"twitter:site\" content=\"@webdo_tn\" \/>\n<meta name=\"twitter:label1\" content=\"\u00c9crit par\" \/>\n\t<meta name=\"twitter:data1\" content=\"CL\" \/>\n\t<meta name=\"twitter:label2\" content=\"Dur\u00e9e de lecture estim\u00e9e\" \/>\n\t<meta name=\"twitter:data2\" content=\"1 minute\" \/>\n<script type=\"application\/ld+json\" class=\"yoast-schema-graph\">{\"@context\":\"https:\\\/\\\/schema.org\",\"@graph\":[{\"@type\":\"NewsArticle\",\"@id\":\"https:\\\/\\\/www.webdo.tn\\\/fr\\\/actualite\\\/national\\\/tunisie-kais-saied-brise-le-silence\\\/204517\\\/#article\",\"isPartOf\":{\"@id\":\"https:\\\/\\\/www.webdo.tn\\\/fr\\\/actualite\\\/national\\\/tunisie-kais-saied-brise-le-silence\\\/204517\\\/\"},\"author\":{\"name\":\"CL\",\"@id\":\"https:\\\/\\\/www.webdo.tn\\\/fr\\\/#\\\/schema\\\/person\\\/f35b42a42c5e2511bbd282959d6385cc\"},\"headline\":\"Tunisie : Kais Saied brise le silence\",\"datePublished\":\"2023-04-03T18:03:00+00:00\",\"dateModified\":\"2025-05-20T22:49:46+00:00\",\"mainEntityOfPage\":{\"@id\":\"https:\\\/\\\/www.webdo.tn\\\/fr\\\/actualite\\\/national\\\/tunisie-kais-saied-brise-le-silence\\\/204517\\\/\"},\"wordCount\":267,\"commentCount\":0,\"publisher\":{\"@id\":\"https:\\\/\\\/www.webdo.tn\\\/fr\\\/#organization\"},\"image\":{\"@id\":\"https:\\\/\\\/www.webdo.tn\\\/fr\\\/actualite\\\/national\\\/tunisie-kais-saied-brise-le-silence\\\/204517\\\/#primaryimage\"},\"thumbnailUrl\":\"https:\\\/\\\/www.webdo.tn\\\/fr\\\/wp-content\\\/uploads\\\/2023\\\/04\\\/a3b602bbd4b453a1f5ff967028e9861e.jpg\",\"keywords\":[\"Kais Saied\",\"Tunisie\"],\"articleSection\":[\"National\"],\"inLanguage\":\"fr-FR\"},{\"@type\":\"WebPage\",\"@id\":\"https:\\\/\\\/www.webdo.tn\\\/fr\\\/actualite\\\/national\\\/tunisie-kais-saied-brise-le-silence\\\/204517\\\/\",\"url\":\"https:\\\/\\\/www.webdo.tn\\\/fr\\\/actualite\\\/national\\\/tunisie-kais-saied-brise-le-silence\\\/204517\\\/\",\"name\":\"Tunisie : Kais Saied brise le silence\",\"isPartOf\":{\"@id\":\"https:\\\/\\\/www.webdo.tn\\\/fr\\\/#website\"},\"primaryImageOfPage\":{\"@id\":\"https:\\\/\\\/www.webdo.tn\\\/fr\\\/actualite\\\/national\\\/tunisie-kais-saied-brise-le-silence\\\/204517\\\/#primaryimage\"},\"image\":{\"@id\":\"https:\\\/\\\/www.webdo.tn\\\/fr\\\/actualite\\\/national\\\/tunisie-kais-saied-brise-le-silence\\\/204517\\\/#primaryimage\"},\"thumbnailUrl\":\"https:\\\/\\\/www.webdo.tn\\\/fr\\\/wp-content\\\/uploads\\\/2023\\\/04\\\/a3b602bbd4b453a1f5ff967028e9861e.jpg\",\"datePublished\":\"2023-04-03T18:03:00+00:00\",\"dateModified\":\"2025-05-20T22:49:46+00:00\",\"description\":\"Le chef de l\u2019Etat Kais Saied a re\u00e7u ce lundi 3 avril 2023 la cheffe du gouvernement apr\u00e8s plusieurs jours de rumeurs concernant son \u00e9tat de sant\u00e9.\",\"breadcrumb\":{\"@id\":\"https:\\\/\\\/www.webdo.tn\\\/fr\\\/actualite\\\/national\\\/tunisie-kais-saied-brise-le-silence\\\/204517\\\/#breadcrumb\"},\"inLanguage\":\"fr-FR\",\"potentialAction\":[{\"@type\":\"ReadAction\",\"target\":[\"https:\\\/\\\/www.webdo.tn\\\/fr\\\/actualite\\\/national\\\/tunisie-kais-saied-brise-le-silence\\\/204517\\\/\"]}]},{\"@type\":\"ImageObject\",\"inLanguage\":\"fr-FR\",\"@id\":\"https:\\\/\\\/www.webdo.tn\\\/fr\\\/actualite\\\/national\\\/tunisie-kais-saied-brise-le-silence\\\/204517\\\/#primaryimage\",\"url\":\"https:\\\/\\\/www.webdo.tn\\\/fr\\\/wp-content\\\/uploads\\\/2023\\\/04\\\/a3b602bbd4b453a1f5ff967028e9861e.jpg\",\"contentUrl\":\"https:\\\/\\\/www.webdo.tn\\\/fr\\\/wp-content\\\/uploads\\\/2023\\\/04\\\/a3b602bbd4b453a1f5ff967028e9861e.jpg\",\"width\":750,\"height\":400,\"caption\":\"Kais Saied\"},{\"@type\":\"BreadcrumbList\",\"@id\":\"https:\\\/\\\/www.webdo.tn\\\/fr\\\/actualite\\\/national\\\/tunisie-kais-saied-brise-le-silence\\\/204517\\\/#breadcrumb\",\"itemListElement\":[{\"@type\":\"ListItem\",\"position\":1,\"name\":\"Accueil\",\"item\":\"https:\\\/\\\/www.webdo.tn\\\/fr\\\/\"},{\"@type\":\"ListItem\",\"position\":2,\"name\":\"Tunisie : Kais Saied brise le silence\"}]},{\"@type\":\"WebSite\",\"@id\":\"https:\\\/\\\/www.webdo.tn\\\/fr\\\/#website\",\"url\":\"https:\\\/\\\/www.webdo.tn\\\/fr\\\/\",\"name\":\"webdo\",\"description\":\"Tunisie - News en Tunisie et \u00e0 l&#039;international sur Webdo.tn\",\"publisher\":{\"@id\":\"https:\\\/\\\/www.webdo.tn\\\/fr\\\/#organization\"},\"potentialAction\":[{\"@type\":\"SearchAction\",\"target\":{\"@type\":\"EntryPoint\",\"urlTemplate\":\"https:\\\/\\\/www.webdo.tn\\\/fr\\\/?s={search_term_string}\"},\"query-input\":{\"@type\":\"PropertyValueSpecification\",\"valueRequired\":true,\"valueName\":\"search_term_string\"}}],\"inLanguage\":\"fr-FR\"},{\"@type\":\"Organization\",\"@id\":\"https:\\\/\\\/www.webdo.tn\\\/fr\\\/#organization\",\"name\":\"Webdo\",\"alternateName\":\"Webdo.tn\",\"url\":\"https:\\\/\\\/www.webdo.tn\\\/fr\\\/\",\"logo\":{\"@type\":\"ImageObject\",\"inLanguage\":\"fr-FR\",\"@id\":\"https:\\\/\\\/www.webdo.tn\\\/fr\\\/#\\\/schema\\\/logo\\\/image\\\/\",\"url\":\"https:\\\/\\\/www.webdo.tn\\\/fr\\\/wp-content\\\/uploads\\\/2025\\\/06\\\/Webdo-Tunisie_168377.jpg\",\"contentUrl\":\"https:\\\/\\\/www.webdo.tn\\\/fr\\\/wp-content\\\/uploads\\\/2025\\\/06\\\/Webdo-Tunisie_168377.jpg\",\"width\":301,\"height\":301,\"caption\":\"Webdo\"},\"image\":{\"@id\":\"https:\\\/\\\/www.webdo.tn\\\/fr\\\/#\\\/schema\\\/logo\\\/image\\\/\"},\"sameAs\":[\"https:\\\/\\\/www.facebook.com\\\/webdotn\",\"https:\\\/\\\/x.com\\\/webdo_tn\"],\"description\":\"Webdo est un m\u00e9dia num\u00e9rique tunisien fond\u00e9 en 2010, sp\u00e9cialis\u00e9 dans l\u2019actualit\u00e9 nationale et internationale, l\u2019\u00e9conomie, la soci\u00e9t\u00e9 et les analyses politiques. Le site s\u2019adresse \u00e0 un large public francophone et couvre l\u2019information tunisienne en temps r\u00e9el.\",\"email\":\"redac@webdo.tn\",\"legalName\":\"YNJ SARL\",\"foundingDate\":\"2010-09-06\",\"numberOfEmployees\":{\"@type\":\"QuantitativeValue\",\"minValue\":\"11\",\"maxValue\":\"50\"}},{\"@type\":\"Person\",\"@id\":\"https:\\\/\\\/www.webdo.tn\\\/fr\\\/#\\\/schema\\\/person\\\/f35b42a42c5e2511bbd282959d6385cc\",\"name\":\"CL\",\"image\":{\"@type\":\"ImageObject\",\"inLanguage\":\"fr-FR\",\"@id\":\"https:\\\/\\\/secure.gravatar.com\\\/avatar\\\/1447a49909b67aa657c488aec6512e1dd6143a480c1ecfee9b5b5cd74eb3b59e?s=96&d=mm&r=g\",\"url\":\"https:\\\/\\\/secure.gravatar.com\\\/avatar\\\/1447a49909b67aa657c488aec6512e1dd6143a480c1ecfee9b5b5cd74eb3b59e?s=96&d=mm&r=g\",\"contentUrl\":\"https:\\\/\\\/secure.gravatar.com\\\/avatar\\\/1447a49909b67aa657c488aec6512e1dd6143a480c1ecfee9b5b5cd74eb3b59e?s=96&d=mm&r=g\",\"caption\":\"CL\"},\"url\":\"https:\\\/\\\/www.webdo.tn\\\/fr\\\/actualite\\\/author\\\/cl\\\/\"}]}<\/script>\n<!-- \/ Yoast SEO Premium plugin. -->","yoast_head_json":{"title":"Tunisie : Kais Saied brise le silence","description":"Le chef de l\u2019Etat Kais Saied a re\u00e7u ce lundi 3 avril 2023 la cheffe du gouvernement apr\u00e8s plusieurs jours de rumeurs concernant son \u00e9tat de sant\u00e9.","canonical":"https:\/\/www.webdo.tn\/fr\/actualite\/national\/tunisie-kais-saied-brise-le-silence\/204517\/","og_locale":"fr_FR","og_type":"article","og_title":"Tunisie : Kais Saied brise le silence","og_description":"Le chef de l\u2019Etat Kais Saied a re\u00e7u ce lundi 3 avril 2023 la cheffe du gouvernement apr\u00e8s plusieurs jours de rumeurs concernant son \u00e9tat de sant\u00e9.","og_url":"https:\/\/www.webdo.tn\/fr\/actualite\/national\/tunisie-kais-saied-brise-le-silence\/204517\/","og_site_name":"webdo","article_publisher":"https:\/\/www.facebook.com\/webdotn","article_published_time":"2023-04-03T18:03:00+00:00","article_modified_time":"2025-05-20T22:49:46+00:00","og_image":[{"width":750,"height":400,"url":"https:\/\/www.webdo.tn\/fr\/wp-content\/uploads\/2023\/04\/a3b602bbd4b453a1f5ff967028e9861e.jpg","type":"image\/jpeg"}],"author":"CL","twitter_card":"summary_large_image","twitter_creator":"@webdo_tn","twitter_site":"@webdo_tn","twitter_misc":{"\u00c9crit par":"CL","Dur\u00e9e de lecture estim\u00e9e":"1 minute"},"schema":{"@context":"https:\/\/schema.org","@graph":[{"@type":"NewsArticle","@id":"https:\/\/www.webdo.tn\/fr\/actualite\/national\/tunisie-kais-saied-brise-le-silence\/204517\/#article","isPartOf":{"@id":"https:\/\/www.webdo.tn\/fr\/actualite\/national\/tunisie-kais-saied-brise-le-silence\/204517\/"},"author":{"name":"CL","@id":"https:\/\/www.webdo.tn\/fr\/#\/schema\/person\/f35b42a42c5e2511bbd282959d6385cc"},"headline":"Tunisie : Kais Saied brise le silence","datePublished":"2023-04-03T18:03:00+00:00","dateModified":"2025-05-20T22:49:46+00:00","mainEntityOfPage":{"@id":"https:\/\/www.webdo.tn\/fr\/actualite\/national\/tunisie-kais-saied-brise-le-silence\/204517\/"},"wordCount":267,"commentCount":0,"publisher":{"@id":"https:\/\/www.webdo.tn\/fr\/#organization"},"image":{"@id":"https:\/\/www.webdo.tn\/fr\/actualite\/national\/tunisie-kais-saied-brise-le-silence\/204517\/#primaryimage"},"thumbnailUrl":"https:\/\/www.webdo.tn\/fr\/wp-content\/uploads\/2023\/04\/a3b602bbd4b453a1f5ff967028e9861e.jpg","keywords":["Kais Saied","Tunisie"],"articleSection":["National"],"inLanguage":"fr-FR"},{"@type":"WebPage","@id":"https:\/\/www.webdo.tn\/fr\/actualite\/national\/tunisie-kais-saied-brise-le-silence\/204517\/","url":"https:\/\/www.webdo.tn\/fr\/actualite\/national\/tunisie-kais-saied-brise-le-silence\/204517\/","name":"Tunisie : Kais Saied brise le silence","isPartOf":{"@id":"https:\/\/www.webdo.tn\/fr\/#website"},"primaryImageOfPage":{"@id":"https:\/\/www.webdo.tn\/fr\/actualite\/national\/tunisie-kais-saied-brise-le-silence\/204517\/#primaryimage"},"image":{"@id":"https:\/\/www.webdo.tn\/fr\/actualite\/national\/tunisie-kais-saied-brise-le-silence\/204517\/#primaryimage"},"thumbnailUrl":"https:\/\/www.webdo.tn\/fr\/wp-content\/uploads\/2023\/04\/a3b602bbd4b453a1f5ff967028e9861e.jpg","datePublished":"2023-04-03T18:03:00+00:00","dateModified":"2025-05-20T22:49:46+00:00","description":"Le chef de l\u2019Etat Kais Saied a re\u00e7u ce lundi 3 avril 2023 la cheffe du gouvernement apr\u00e8s plusieurs jours de rumeurs concernant son \u00e9tat de sant\u00e9.","breadcrumb":{"@id":"https:\/\/www.webdo.tn\/fr\/actualite\/national\/tunisie-kais-saied-brise-le-silence\/204517\/#breadcrumb"},"inLanguage":"fr-FR","potentialAction":[{"@type":"ReadAction","target":["https:\/\/www.webdo.tn\/fr\/actualite\/national\/tunisie-kais-saied-brise-le-silence\/204517\/"]}]},{"@type":"ImageObject","inLanguage":"fr-FR","@id":"https:\/\/www.webdo.tn\/fr\/actualite\/national\/tunisie-kais-saied-brise-le-silence\/204517\/#primaryimage","url":"https:\/\/www.webdo.tn\/fr\/wp-content\/uploads\/2023\/04\/a3b602bbd4b453a1f5ff967028e9861e.jpg","contentUrl":"https:\/\/www.webdo.tn\/fr\/wp-content\/uploads\/2023\/04\/a3b602bbd4b453a1f5ff967028e9861e.jpg","width":750,"height":400,"caption":"Kais Saied"},{"@type":"BreadcrumbList","@id":"https:\/\/www.webdo.tn\/fr\/actualite\/national\/tunisie-kais-saied-brise-le-silence\/204517\/#breadcrumb","itemListElement":[{"@type":"ListItem","position":1,"name":"Accueil","item":"https:\/\/www.webdo.tn\/fr\/"},{"@type":"ListItem","position":2,"name":"Tunisie : Kais Saied brise le silence"}]},{"@type":"WebSite","@id":"https:\/\/www.webdo.tn\/fr\/#website","url":"https:\/\/www.webdo.tn\/fr\/","name":"webdo","description":"Tunisie - News en Tunisie et \u00e0 l&#039;international sur Webdo.tn","publisher":{"@id":"https:\/\/www.webdo.tn\/fr\/#organization"},"potentialAction":[{"@type":"SearchAction","target":{"@type":"EntryPoint","urlTemplate":"https:\/\/www.webdo.tn\/fr\/?s={search_term_string}"},"query-input":{"@type":"PropertyValueSpecification","valueRequired":true,"valueName":"search_term_string"}}],"inLanguage":"fr-FR"},{"@type":"Organization","@id":"https:\/\/www.webdo.tn\/fr\/#organization","name":"Webdo","alternateName":"Webdo.tn","url":"https:\/\/www.webdo.tn\/fr\/","logo":{"@type":"ImageObject","inLanguage":"fr-FR","@id":"https:\/\/www.webdo.tn\/fr\/#\/schema\/logo\/image\/","url":"https:\/\/www.webdo.tn\/fr\/wp-content\/uploads\/2025\/06\/Webdo-Tunisie_168377.jpg","contentUrl":"https:\/\/www.webdo.tn\/fr\/wp-content\/uploads\/2025\/06\/Webdo-Tunisie_168377.jpg","width":301,"height":301,"caption":"Webdo"},"image":{"@id":"https:\/\/www.webdo.tn\/fr\/#\/schema\/logo\/image\/"},"sameAs":["https:\/\/www.facebook.com\/webdotn","https:\/\/x.com\/webdo_tn"],"description":"Webdo est un m\u00e9dia num\u00e9rique tunisien fond\u00e9 en 2010, sp\u00e9cialis\u00e9 dans l\u2019actualit\u00e9 nationale et internationale, l\u2019\u00e9conomie, la soci\u00e9t\u00e9 et les analyses politiques. Le site s\u2019adresse \u00e0 un large public francophone et couvre l\u2019information tunisienne en temps r\u00e9el.","email":"redac@webdo.tn","legalName":"YNJ SARL","foundingDate":"2010-09-06","numberOfEmployees":{"@type":"QuantitativeValue","minValue":"11","maxValue":"50"}},{"@type":"Person","@id":"https:\/\/www.webdo.tn\/fr\/#\/schema\/person\/f35b42a42c5e2511bbd282959d6385cc","name":"CL","image":{"@type":"ImageObject","inLanguage":"fr-FR","@id":"https:\/\/secure.gravatar.com\/avatar\/1447a49909b67aa657c488aec6512e1dd6143a480c1ecfee9b5b5cd74eb3b59e?s=96&d=mm&r=g","url":"https:\/\/secure.gravatar.com\/avatar\/1447a49909b67aa657c488aec6512e1dd6143a480c1ecfee9b5b5cd74eb3b59e?s=96&d=mm&r=g","contentUrl":"https:\/\/secure.gravatar.com\/avatar\/1447a49909b67aa657c488aec6512e1dd6143a480c1ecfee9b5b5cd74eb3b59e?s=96&d=mm&r=g","caption":"CL"},"url":"https:\/\/www.webdo.tn\/fr\/actualite\/author\/cl\/"}]}},"_links":{"self":[{"href":"https:\/\/www.webdo.tn\/fr\/wp-json\/wp\/v2\/posts\/204517","targetHints":{"allow":["GET"]}}],"collection":[{"href":"https:\/\/www.webdo.tn\/fr\/wp-json\/wp\/v2\/posts"}],"about":[{"href":"https:\/\/www.webdo.tn\/fr\/wp-json\/wp\/v2\/types\/post"}],"author":[{"embeddable":true,"href":"https:\/\/www.webdo.tn\/fr\/wp-json\/wp\/v2\/users\/3175"}],"replies":[{"embeddable":true,"href":"https:\/\/www.webdo.tn\/fr\/wp-json\/wp\/v2\/comments?post=204517"}],"version-history":[{"count":0,"href":"https:\/\/www.webdo.tn\/fr\/wp-json\/wp\/v2\/posts\/204517\/revisions"}],"wp:featuredmedia":[{"embeddable":true,"href":"https:\/\/www.webdo.tn\/fr\/wp-json\/wp\/v2\/media\/278004"}],"wp:attachment":[{"href":"https:\/\/www.webdo.tn\/fr\/wp-json\/wp\/v2\/media?parent=204517"}],"wp:term":[{"taxonomy":"category","embeddable":true,"href":"https:\/\/www.webdo.tn\/fr\/wp-json\/wp\/v2\/categories?post=204517"},{"taxonomy":"post_tag","embeddable":true,"href":"https:\/\/www.webdo.tn\/fr\/wp-json\/wp\/v2\/tags?post=204517"}],"curies":[{"name":"wp","href":"https:\/\/api.w.org\/{rel}","templated":true}]}}