{"id":204511,"date":"2023-04-03T13:07:00","date_gmt":"2023-04-03T13:07:00","guid":{"rendered":"https:\/\/www.webdo.tn\/fr\/blog\/taekwondo-khalil-jendoubi-decroche-l-argent-au-grand-prix-de-chine\/204511\/"},"modified":"2025-05-20T22:08:19","modified_gmt":"2025-05-20T22:08:19","slug":"taekwondo-khalil-jendoubi-decroche-l-argent-au-grand-prix-de-chine","status":"publish","type":"post","link":"https:\/\/www.webdo.tn\/fr\/actualite\/sport\/taekwondo-khalil-jendoubi-decroche-l-argent-au-grand-prix-de-chine\/204511\/","title":{"rendered":"Taekwondo : Khalil Jendoubi d\u00e9croche l\u2019Argent au Grand Prix de Chine"},"content":{"rendered":"<p>Khalil Jendoubi a d\u00e9croch\u00e9 la m\u00e9daille d&rsquo;argent au Grand championnat de Chine de Taekwondo dans la cat\u00e9gorie des moins 58 kg.<\/p>\n<p>\t\t\t\t\t\t\t\t\tKhalil Jendoubi, m\u00e9daill\u00e9 d\u2019argent aux derniers jeux olympiques de Tokyo, s\u2019est impos\u00e9 en demi-finale face au Cor\u00e9en Joon Jang (2-0) avant d\u2019\u00eatre battu en finale par le Cor\u00e9en Hoo Hyek Jung sur le score de 0-2.<\/p>\n<p>Pour rappel, le champion Firas Gantoussi n&rsquo;a pas eu de chance dans le tournoi et a quitt\u00e9 la comp\u00e9tition en quarts de finale apr\u00e8s avoir \u00e9t\u00e9 \u00e9limin\u00e9 par un joueur iranien sur le score.<\/p>\n","protected":false},"excerpt":{"rendered":"<p>Khalil Jendoubi a d\u00e9croch\u00e9 la m\u00e9daille d&rsquo;argent au Grand championnat de Chine de Taekwondo dans la cat\u00e9gorie des moins 58 kg.<\/p>\n","protected":false},"author":3162,"featured_media":277999,"comment_status":"open","ping_status":"closed","sticky":false,"template":"","format":"standard","meta":{"footnotes":""},"categories":[2593],"tags":[2694,3794,5807,3795],"class_list":["post-204511","post","type-post","status-publish","format-standard","has-post-thumbnail","hentry","category-sport","tag-chine","tag-khalil-jendoubi","tag-medaille-dargent","tag-taekwondo"],"yoast_head":"<!-- This site is optimized with the Yoast SEO Premium plugin v27.5 (Yoast SEO v27.5) - https:\/\/yoast.com\/product\/yoast-seo-premium-wordpress\/ -->\n<title>Taekwondo : Khalil Jendoubi d\u00e9croche l\u2019Argent au Grand Prix de Chine<\/title>\n<meta name=\"description\" content=\"Khalil Jendoubi a d\u00e9croch\u00e9 la m\u00e9daille d&#039;argent au Grand championnat de Chine de Taekwondo dans la cat\u00e9gorie des moins 58 kg.\" \/>\n<link rel=\"canonical\" href=\"https:\/\/www.webdo.tn\/fr\/actualite\/sport\/taekwondo-khalil-jendoubi-decroche-l-argent-au-grand-prix-de-chine\/204511\/\" \/>\n<meta property=\"og:locale\" content=\"fr_FR\" \/>\n<meta property=\"og:type\" content=\"article\" \/>\n<meta property=\"og:title\" content=\"Taekwondo : Khalil Jendoubi d\u00e9croche l\u2019Argent au Grand Prix de Chine\" \/>\n<meta property=\"og:description\" content=\"Khalil Jendoubi a d\u00e9croch\u00e9 la m\u00e9daille d&#039;argent au Grand championnat de Chine de Taekwondo dans la cat\u00e9gorie des moins 58 kg.\" \/>\n<meta property=\"og:url\" content=\"https:\/\/www.webdo.tn\/fr\/actualite\/sport\/taekwondo-khalil-jendoubi-decroche-l-argent-au-grand-prix-de-chine\/204511\/\" \/>\n<meta property=\"og:site_name\" content=\"webdo\" \/>\n<meta property=\"article:publisher\" content=\"https:\/\/www.facebook.com\/webdotn\" \/>\n<meta property=\"article:published_time\" content=\"2023-04-03T13:07:00+00:00\" \/>\n<meta property=\"article:modified_time\" content=\"2025-05-20T22:08:19+00:00\" \/>\n<meta property=\"og:image\" content=\"https:\/\/www.webdo.tn\/fr\/wp-content\/uploads\/2023\/04\/c7880b04720a87962cc972e1a90fc02a.jpg\" \/>\n\t<meta property=\"og:image:width\" content=\"750\" \/>\n\t<meta property=\"og:image:height\" content=\"400\" \/>\n\t<meta property=\"og:image:type\" content=\"image\/jpeg\" \/>\n<meta name=\"author\" content=\"MC\" \/>\n<meta name=\"twitter:card\" content=\"summary_large_image\" \/>\n<meta name=\"twitter:creator\" content=\"@webdo_tn\" \/>\n<meta name=\"twitter:site\" content=\"@webdo_tn\" \/>\n<meta name=\"twitter:label1\" content=\"\u00c9crit par\" \/>\n\t<meta name=\"twitter:data1\" content=\"MC\" \/>\n\t<meta name=\"twitter:label2\" content=\"Dur\u00e9e de lecture estim\u00e9e\" \/>\n\t<meta name=\"twitter:data2\" content=\"1 minute\" \/>\n<script type=\"application\/ld+json\" class=\"yoast-schema-graph\">{\"@context\":\"https:\\\/\\\/schema.org\",\"@graph\":[{\"@type\":\"NewsArticle\",\"@id\":\"https:\\\/\\\/www.webdo.tn\\\/fr\\\/actualite\\\/sport\\\/taekwondo-khalil-jendoubi-decroche-l-argent-au-grand-prix-de-chine\\\/204511\\\/#article\",\"isPartOf\":{\"@id\":\"https:\\\/\\\/www.webdo.tn\\\/fr\\\/actualite\\\/sport\\\/taekwondo-khalil-jendoubi-decroche-l-argent-au-grand-prix-de-chine\\\/204511\\\/\"},\"author\":{\"name\":\"MC\",\"@id\":\"https:\\\/\\\/www.webdo.tn\\\/fr\\\/#\\\/schema\\\/person\\\/2c4929cbf5a809e3bd38617c6ce150f6\"},\"headline\":\"Taekwondo : Khalil Jendoubi d\u00e9croche l\u2019Argent au Grand Prix de Chine\",\"datePublished\":\"2023-04-03T13:07:00+00:00\",\"dateModified\":\"2025-05-20T22:08:19+00:00\",\"mainEntityOfPage\":{\"@id\":\"https:\\\/\\\/www.webdo.tn\\\/fr\\\/actualite\\\/sport\\\/taekwondo-khalil-jendoubi-decroche-l-argent-au-grand-prix-de-chine\\\/204511\\\/\"},\"wordCount\":115,\"commentCount\":0,\"publisher\":{\"@id\":\"https:\\\/\\\/www.webdo.tn\\\/fr\\\/#organization\"},\"image\":{\"@id\":\"https:\\\/\\\/www.webdo.tn\\\/fr\\\/actualite\\\/sport\\\/taekwondo-khalil-jendoubi-decroche-l-argent-au-grand-prix-de-chine\\\/204511\\\/#primaryimage\"},\"thumbnailUrl\":\"https:\\\/\\\/www.webdo.tn\\\/fr\\\/wp-content\\\/uploads\\\/2023\\\/04\\\/c7880b04720a87962cc972e1a90fc02a.jpg\",\"keywords\":[\"chine\",\"Khalil Jendoubi\",\"m\u00e9daille d'argent\",\"taekwondo\"],\"articleSection\":[\"Sport\"],\"inLanguage\":\"fr-FR\"},{\"@type\":\"WebPage\",\"@id\":\"https:\\\/\\\/www.webdo.tn\\\/fr\\\/actualite\\\/sport\\\/taekwondo-khalil-jendoubi-decroche-l-argent-au-grand-prix-de-chine\\\/204511\\\/\",\"url\":\"https:\\\/\\\/www.webdo.tn\\\/fr\\\/actualite\\\/sport\\\/taekwondo-khalil-jendoubi-decroche-l-argent-au-grand-prix-de-chine\\\/204511\\\/\",\"name\":\"Taekwondo : Khalil Jendoubi d\u00e9croche l\u2019Argent au Grand Prix de Chine\",\"isPartOf\":{\"@id\":\"https:\\\/\\\/www.webdo.tn\\\/fr\\\/#website\"},\"primaryImageOfPage\":{\"@id\":\"https:\\\/\\\/www.webdo.tn\\\/fr\\\/actualite\\\/sport\\\/taekwondo-khalil-jendoubi-decroche-l-argent-au-grand-prix-de-chine\\\/204511\\\/#primaryimage\"},\"image\":{\"@id\":\"https:\\\/\\\/www.webdo.tn\\\/fr\\\/actualite\\\/sport\\\/taekwondo-khalil-jendoubi-decroche-l-argent-au-grand-prix-de-chine\\\/204511\\\/#primaryimage\"},\"thumbnailUrl\":\"https:\\\/\\\/www.webdo.tn\\\/fr\\\/wp-content\\\/uploads\\\/2023\\\/04\\\/c7880b04720a87962cc972e1a90fc02a.jpg\",\"datePublished\":\"2023-04-03T13:07:00+00:00\",\"dateModified\":\"2025-05-20T22:08:19+00:00\",\"description\":\"Khalil Jendoubi a d\u00e9croch\u00e9 la m\u00e9daille d'argent au Grand championnat de Chine de Taekwondo dans la cat\u00e9gorie des moins 58 kg.\",\"breadcrumb\":{\"@id\":\"https:\\\/\\\/www.webdo.tn\\\/fr\\\/actualite\\\/sport\\\/taekwondo-khalil-jendoubi-decroche-l-argent-au-grand-prix-de-chine\\\/204511\\\/#breadcrumb\"},\"inLanguage\":\"fr-FR\",\"potentialAction\":[{\"@type\":\"ReadAction\",\"target\":[\"https:\\\/\\\/www.webdo.tn\\\/fr\\\/actualite\\\/sport\\\/taekwondo-khalil-jendoubi-decroche-l-argent-au-grand-prix-de-chine\\\/204511\\\/\"]}]},{\"@type\":\"ImageObject\",\"inLanguage\":\"fr-FR\",\"@id\":\"https:\\\/\\\/www.webdo.tn\\\/fr\\\/actualite\\\/sport\\\/taekwondo-khalil-jendoubi-decroche-l-argent-au-grand-prix-de-chine\\\/204511\\\/#primaryimage\",\"url\":\"https:\\\/\\\/www.webdo.tn\\\/fr\\\/wp-content\\\/uploads\\\/2023\\\/04\\\/c7880b04720a87962cc972e1a90fc02a.jpg\",\"contentUrl\":\"https:\\\/\\\/www.webdo.tn\\\/fr\\\/wp-content\\\/uploads\\\/2023\\\/04\\\/c7880b04720a87962cc972e1a90fc02a.jpg\",\"width\":750,\"height\":400,\"caption\":\"Taekwondo : Khalil Jendoubi d\u00e9croche l\u2019Argent au Grand Prix de Chine\"},{\"@type\":\"BreadcrumbList\",\"@id\":\"https:\\\/\\\/www.webdo.tn\\\/fr\\\/actualite\\\/sport\\\/taekwondo-khalil-jendoubi-decroche-l-argent-au-grand-prix-de-chine\\\/204511\\\/#breadcrumb\",\"itemListElement\":[{\"@type\":\"ListItem\",\"position\":1,\"name\":\"Accueil\",\"item\":\"https:\\\/\\\/www.webdo.tn\\\/fr\\\/\"},{\"@type\":\"ListItem\",\"position\":2,\"name\":\"Taekwondo : Khalil Jendoubi d\u00e9croche l\u2019Argent au Grand Prix de Chine\"}]},{\"@type\":\"WebSite\",\"@id\":\"https:\\\/\\\/www.webdo.tn\\\/fr\\\/#website\",\"url\":\"https:\\\/\\\/www.webdo.tn\\\/fr\\\/\",\"name\":\"webdo\",\"description\":\"Tunisie - News en Tunisie et \u00e0 l&#039;international sur Webdo.tn\",\"publisher\":{\"@id\":\"https:\\\/\\\/www.webdo.tn\\\/fr\\\/#organization\"},\"potentialAction\":[{\"@type\":\"SearchAction\",\"target\":{\"@type\":\"EntryPoint\",\"urlTemplate\":\"https:\\\/\\\/www.webdo.tn\\\/fr\\\/?s={search_term_string}\"},\"query-input\":{\"@type\":\"PropertyValueSpecification\",\"valueRequired\":true,\"valueName\":\"search_term_string\"}}],\"inLanguage\":\"fr-FR\"},{\"@type\":\"Organization\",\"@id\":\"https:\\\/\\\/www.webdo.tn\\\/fr\\\/#organization\",\"name\":\"Webdo\",\"alternateName\":\"Webdo.tn\",\"url\":\"https:\\\/\\\/www.webdo.tn\\\/fr\\\/\",\"logo\":{\"@type\":\"ImageObject\",\"inLanguage\":\"fr-FR\",\"@id\":\"https:\\\/\\\/www.webdo.tn\\\/fr\\\/#\\\/schema\\\/logo\\\/image\\\/\",\"url\":\"https:\\\/\\\/www.webdo.tn\\\/fr\\\/wp-content\\\/uploads\\\/2025\\\/06\\\/Webdo-Tunisie_168377.jpg\",\"contentUrl\":\"https:\\\/\\\/www.webdo.tn\\\/fr\\\/wp-content\\\/uploads\\\/2025\\\/06\\\/Webdo-Tunisie_168377.jpg\",\"width\":301,\"height\":301,\"caption\":\"Webdo\"},\"image\":{\"@id\":\"https:\\\/\\\/www.webdo.tn\\\/fr\\\/#\\\/schema\\\/logo\\\/image\\\/\"},\"sameAs\":[\"https:\\\/\\\/www.facebook.com\\\/webdotn\",\"https:\\\/\\\/x.com\\\/webdo_tn\"],\"description\":\"Webdo est un m\u00e9dia num\u00e9rique tunisien fond\u00e9 en 2010, sp\u00e9cialis\u00e9 dans l\u2019actualit\u00e9 nationale et internationale, l\u2019\u00e9conomie, la soci\u00e9t\u00e9 et les analyses politiques. Le site s\u2019adresse \u00e0 un large public francophone et couvre l\u2019information tunisienne en temps r\u00e9el.\",\"email\":\"redac@webdo.tn\",\"legalName\":\"YNJ SARL\",\"foundingDate\":\"2010-09-06\",\"numberOfEmployees\":{\"@type\":\"QuantitativeValue\",\"minValue\":\"11\",\"maxValue\":\"50\"}},{\"@type\":\"Person\",\"@id\":\"https:\\\/\\\/www.webdo.tn\\\/fr\\\/#\\\/schema\\\/person\\\/2c4929cbf5a809e3bd38617c6ce150f6\",\"name\":\"MC\",\"image\":{\"@type\":\"ImageObject\",\"inLanguage\":\"fr-FR\",\"@id\":\"https:\\\/\\\/secure.gravatar.com\\\/avatar\\\/a545bbb6f84efdd5553dbbc2895e3ca8f1d12c5215e00a041c9670b54aa9b18a?s=96&d=mm&r=g\",\"url\":\"https:\\\/\\\/secure.gravatar.com\\\/avatar\\\/a545bbb6f84efdd5553dbbc2895e3ca8f1d12c5215e00a041c9670b54aa9b18a?s=96&d=mm&r=g\",\"contentUrl\":\"https:\\\/\\\/secure.gravatar.com\\\/avatar\\\/a545bbb6f84efdd5553dbbc2895e3ca8f1d12c5215e00a041c9670b54aa9b18a?s=96&d=mm&r=g\",\"caption\":\"MC\"},\"url\":\"https:\\\/\\\/www.webdo.tn\\\/fr\\\/actualite\\\/author\\\/mc\\\/\"}]}<\/script>\n<!-- \/ Yoast SEO Premium plugin. -->","yoast_head_json":{"title":"Taekwondo : Khalil Jendoubi d\u00e9croche l\u2019Argent au Grand Prix de Chine","description":"Khalil Jendoubi a d\u00e9croch\u00e9 la m\u00e9daille d'argent au Grand championnat de Chine de Taekwondo dans la cat\u00e9gorie des moins 58 kg.","canonical":"https:\/\/www.webdo.tn\/fr\/actualite\/sport\/taekwondo-khalil-jendoubi-decroche-l-argent-au-grand-prix-de-chine\/204511\/","og_locale":"fr_FR","og_type":"article","og_title":"Taekwondo : Khalil Jendoubi d\u00e9croche l\u2019Argent au Grand Prix de Chine","og_description":"Khalil Jendoubi a d\u00e9croch\u00e9 la m\u00e9daille d'argent au Grand championnat de Chine de Taekwondo dans la cat\u00e9gorie des moins 58 kg.","og_url":"https:\/\/www.webdo.tn\/fr\/actualite\/sport\/taekwondo-khalil-jendoubi-decroche-l-argent-au-grand-prix-de-chine\/204511\/","og_site_name":"webdo","article_publisher":"https:\/\/www.facebook.com\/webdotn","article_published_time":"2023-04-03T13:07:00+00:00","article_modified_time":"2025-05-20T22:08:19+00:00","og_image":[{"width":750,"height":400,"url":"https:\/\/www.webdo.tn\/fr\/wp-content\/uploads\/2023\/04\/c7880b04720a87962cc972e1a90fc02a.jpg","type":"image\/jpeg"}],"author":"MC","twitter_card":"summary_large_image","twitter_creator":"@webdo_tn","twitter_site":"@webdo_tn","twitter_misc":{"\u00c9crit par":"MC","Dur\u00e9e de lecture estim\u00e9e":"1 minute"},"schema":{"@context":"https:\/\/schema.org","@graph":[{"@type":"NewsArticle","@id":"https:\/\/www.webdo.tn\/fr\/actualite\/sport\/taekwondo-khalil-jendoubi-decroche-l-argent-au-grand-prix-de-chine\/204511\/#article","isPartOf":{"@id":"https:\/\/www.webdo.tn\/fr\/actualite\/sport\/taekwondo-khalil-jendoubi-decroche-l-argent-au-grand-prix-de-chine\/204511\/"},"author":{"name":"MC","@id":"https:\/\/www.webdo.tn\/fr\/#\/schema\/person\/2c4929cbf5a809e3bd38617c6ce150f6"},"headline":"Taekwondo : Khalil Jendoubi d\u00e9croche l\u2019Argent au Grand Prix de Chine","datePublished":"2023-04-03T13:07:00+00:00","dateModified":"2025-05-20T22:08:19+00:00","mainEntityOfPage":{"@id":"https:\/\/www.webdo.tn\/fr\/actualite\/sport\/taekwondo-khalil-jendoubi-decroche-l-argent-au-grand-prix-de-chine\/204511\/"},"wordCount":115,"commentCount":0,"publisher":{"@id":"https:\/\/www.webdo.tn\/fr\/#organization"},"image":{"@id":"https:\/\/www.webdo.tn\/fr\/actualite\/sport\/taekwondo-khalil-jendoubi-decroche-l-argent-au-grand-prix-de-chine\/204511\/#primaryimage"},"thumbnailUrl":"https:\/\/www.webdo.tn\/fr\/wp-content\/uploads\/2023\/04\/c7880b04720a87962cc972e1a90fc02a.jpg","keywords":["chine","Khalil Jendoubi","m\u00e9daille d'argent","taekwondo"],"articleSection":["Sport"],"inLanguage":"fr-FR"},{"@type":"WebPage","@id":"https:\/\/www.webdo.tn\/fr\/actualite\/sport\/taekwondo-khalil-jendoubi-decroche-l-argent-au-grand-prix-de-chine\/204511\/","url":"https:\/\/www.webdo.tn\/fr\/actualite\/sport\/taekwondo-khalil-jendoubi-decroche-l-argent-au-grand-prix-de-chine\/204511\/","name":"Taekwondo : Khalil Jendoubi d\u00e9croche l\u2019Argent au Grand Prix de Chine","isPartOf":{"@id":"https:\/\/www.webdo.tn\/fr\/#website"},"primaryImageOfPage":{"@id":"https:\/\/www.webdo.tn\/fr\/actualite\/sport\/taekwondo-khalil-jendoubi-decroche-l-argent-au-grand-prix-de-chine\/204511\/#primaryimage"},"image":{"@id":"https:\/\/www.webdo.tn\/fr\/actualite\/sport\/taekwondo-khalil-jendoubi-decroche-l-argent-au-grand-prix-de-chine\/204511\/#primaryimage"},"thumbnailUrl":"https:\/\/www.webdo.tn\/fr\/wp-content\/uploads\/2023\/04\/c7880b04720a87962cc972e1a90fc02a.jpg","datePublished":"2023-04-03T13:07:00+00:00","dateModified":"2025-05-20T22:08:19+00:00","description":"Khalil Jendoubi a d\u00e9croch\u00e9 la m\u00e9daille d'argent au Grand championnat de Chine de Taekwondo dans la cat\u00e9gorie des moins 58 kg.","breadcrumb":{"@id":"https:\/\/www.webdo.tn\/fr\/actualite\/sport\/taekwondo-khalil-jendoubi-decroche-l-argent-au-grand-prix-de-chine\/204511\/#breadcrumb"},"inLanguage":"fr-FR","potentialAction":[{"@type":"ReadAction","target":["https:\/\/www.webdo.tn\/fr\/actualite\/sport\/taekwondo-khalil-jendoubi-decroche-l-argent-au-grand-prix-de-chine\/204511\/"]}]},{"@type":"ImageObject","inLanguage":"fr-FR","@id":"https:\/\/www.webdo.tn\/fr\/actualite\/sport\/taekwondo-khalil-jendoubi-decroche-l-argent-au-grand-prix-de-chine\/204511\/#primaryimage","url":"https:\/\/www.webdo.tn\/fr\/wp-content\/uploads\/2023\/04\/c7880b04720a87962cc972e1a90fc02a.jpg","contentUrl":"https:\/\/www.webdo.tn\/fr\/wp-content\/uploads\/2023\/04\/c7880b04720a87962cc972e1a90fc02a.jpg","width":750,"height":400,"caption":"Taekwondo : Khalil Jendoubi d\u00e9croche l\u2019Argent au Grand Prix de Chine"},{"@type":"BreadcrumbList","@id":"https:\/\/www.webdo.tn\/fr\/actualite\/sport\/taekwondo-khalil-jendoubi-decroche-l-argent-au-grand-prix-de-chine\/204511\/#breadcrumb","itemListElement":[{"@type":"ListItem","position":1,"name":"Accueil","item":"https:\/\/www.webdo.tn\/fr\/"},{"@type":"ListItem","position":2,"name":"Taekwondo : Khalil Jendoubi d\u00e9croche l\u2019Argent au Grand Prix de Chine"}]},{"@type":"WebSite","@id":"https:\/\/www.webdo.tn\/fr\/#website","url":"https:\/\/www.webdo.tn\/fr\/","name":"webdo","description":"Tunisie - News en Tunisie et \u00e0 l&#039;international sur Webdo.tn","publisher":{"@id":"https:\/\/www.webdo.tn\/fr\/#organization"},"potentialAction":[{"@type":"SearchAction","target":{"@type":"EntryPoint","urlTemplate":"https:\/\/www.webdo.tn\/fr\/?s={search_term_string}"},"query-input":{"@type":"PropertyValueSpecification","valueRequired":true,"valueName":"search_term_string"}}],"inLanguage":"fr-FR"},{"@type":"Organization","@id":"https:\/\/www.webdo.tn\/fr\/#organization","name":"Webdo","alternateName":"Webdo.tn","url":"https:\/\/www.webdo.tn\/fr\/","logo":{"@type":"ImageObject","inLanguage":"fr-FR","@id":"https:\/\/www.webdo.tn\/fr\/#\/schema\/logo\/image\/","url":"https:\/\/www.webdo.tn\/fr\/wp-content\/uploads\/2025\/06\/Webdo-Tunisie_168377.jpg","contentUrl":"https:\/\/www.webdo.tn\/fr\/wp-content\/uploads\/2025\/06\/Webdo-Tunisie_168377.jpg","width":301,"height":301,"caption":"Webdo"},"image":{"@id":"https:\/\/www.webdo.tn\/fr\/#\/schema\/logo\/image\/"},"sameAs":["https:\/\/www.facebook.com\/webdotn","https:\/\/x.com\/webdo_tn"],"description":"Webdo est un m\u00e9dia num\u00e9rique tunisien fond\u00e9 en 2010, sp\u00e9cialis\u00e9 dans l\u2019actualit\u00e9 nationale et internationale, l\u2019\u00e9conomie, la soci\u00e9t\u00e9 et les analyses politiques. Le site s\u2019adresse \u00e0 un large public francophone et couvre l\u2019information tunisienne en temps r\u00e9el.","email":"redac@webdo.tn","legalName":"YNJ SARL","foundingDate":"2010-09-06","numberOfEmployees":{"@type":"QuantitativeValue","minValue":"11","maxValue":"50"}},{"@type":"Person","@id":"https:\/\/www.webdo.tn\/fr\/#\/schema\/person\/2c4929cbf5a809e3bd38617c6ce150f6","name":"MC","image":{"@type":"ImageObject","inLanguage":"fr-FR","@id":"https:\/\/secure.gravatar.com\/avatar\/a545bbb6f84efdd5553dbbc2895e3ca8f1d12c5215e00a041c9670b54aa9b18a?s=96&d=mm&r=g","url":"https:\/\/secure.gravatar.com\/avatar\/a545bbb6f84efdd5553dbbc2895e3ca8f1d12c5215e00a041c9670b54aa9b18a?s=96&d=mm&r=g","contentUrl":"https:\/\/secure.gravatar.com\/avatar\/a545bbb6f84efdd5553dbbc2895e3ca8f1d12c5215e00a041c9670b54aa9b18a?s=96&d=mm&r=g","caption":"MC"},"url":"https:\/\/www.webdo.tn\/fr\/actualite\/author\/mc\/"}]}},"_links":{"self":[{"href":"https:\/\/www.webdo.tn\/fr\/wp-json\/wp\/v2\/posts\/204511","targetHints":{"allow":["GET"]}}],"collection":[{"href":"https:\/\/www.webdo.tn\/fr\/wp-json\/wp\/v2\/posts"}],"about":[{"href":"https:\/\/www.webdo.tn\/fr\/wp-json\/wp\/v2\/types\/post"}],"author":[{"embeddable":true,"href":"https:\/\/www.webdo.tn\/fr\/wp-json\/wp\/v2\/users\/3162"}],"replies":[{"embeddable":true,"href":"https:\/\/www.webdo.tn\/fr\/wp-json\/wp\/v2\/comments?post=204511"}],"version-history":[{"count":0,"href":"https:\/\/www.webdo.tn\/fr\/wp-json\/wp\/v2\/posts\/204511\/revisions"}],"wp:featuredmedia":[{"embeddable":true,"href":"https:\/\/www.webdo.tn\/fr\/wp-json\/wp\/v2\/media\/277999"}],"wp:attachment":[{"href":"https:\/\/www.webdo.tn\/fr\/wp-json\/wp\/v2\/media?parent=204511"}],"wp:term":[{"taxonomy":"category","embeddable":true,"href":"https:\/\/www.webdo.tn\/fr\/wp-json\/wp\/v2\/categories?post=204511"},{"taxonomy":"post_tag","embeddable":true,"href":"https:\/\/www.webdo.tn\/fr\/wp-json\/wp\/v2\/tags?post=204511"}],"curies":[{"name":"wp","href":"https:\/\/api.w.org\/{rel}","templated":true}]}}