{"id":204488,"date":"2023-04-02T13:41:00","date_gmt":"2023-04-02T13:41:00","guid":{"rendered":"https:\/\/www.webdo.tn\/fr\/blog\/edelweiss-air-propose-deux-vols-hebdomadaires-zurich-djerba\/204488\/"},"modified":"2025-05-20T22:44:29","modified_gmt":"2025-05-20T22:44:29","slug":"edelweiss-air-propose-deux-vols-hebdomadaires-zurich-djerba","status":"publish","type":"post","link":"https:\/\/www.webdo.tn\/fr\/actualite\/national\/edelweiss-air-propose-deux-vols-hebdomadaires-zurich-djerba\/204488\/","title":{"rendered":"Edelweiss Air propose deux vols hebdomadaires Zurich \u2013 Djerba"},"content":{"rendered":"<p>A partir de ce dimanche 2 avril 2023, la compagnie a\u00e9rienne suisse Edelweiss Air propose deux vols par semaine, les jeudis et dimanches, entre l&rsquo;a\u00e9roport de Zurich et celui de Djerba-Zarzis.<\/p>\n<p>\t\t\t\t\t\t\t\t\tLa compagnie tunisienne Nouvelair relance \u00e9galement ce dimanche la ligne Tunis-Gen\u00e8ve \u00e0 raison de trois vols par semaine (mardi, jeudi, dimanche).\u00a0<\/p>\n<p>Rappelons que\u00a0Brussels Airport a annonc\u00e9 le lundi 27 mars 2023 qu\u2019il accueillera neuf nouvelles destinations cet \u00e9t\u00e9, dont une qui implique la Tunisie.<\/p>\n<p>En effet, les nouveaut\u00e9s propos\u00e9es permettront aux voyageurs de rallier Toronto (Canada), mais \u00e9galement Monastir (Tunisie) ou encore Bejaia, Constantine, Oran et Tlemcen en Alg\u00e9rie.<\/p>\n","protected":false},"excerpt":{"rendered":"<p>A partir de ce dimanche 2 avril 2023, la compagnie a\u00e9rienne suisse Edelweiss Air propose deux vols par semaine, les jeudis et dimanches, entre l&rsquo;a\u00e9roport de Zur&#8230;<\/p>\n","protected":false},"author":3175,"featured_media":251541,"comment_status":"open","ping_status":"closed","sticky":false,"template":"","format":"standard","meta":{"footnotes":""},"categories":[44],"tags":[3155,2608,3603],"class_list":["post-204488","post","type-post","status-publish","format-standard","has-post-thumbnail","hentry","category-national","tag-suisse","tag-tunisie","tag-vols"],"yoast_head":"<!-- This site is optimized with the Yoast SEO Premium plugin v27.5 (Yoast SEO v27.5) - https:\/\/yoast.com\/product\/yoast-seo-premium-wordpress\/ -->\n<title>Edelweiss Air propose deux vols hebdomadaires Zurich \u2013 Djerba<\/title>\n<meta name=\"description\" content=\"A partir de ce dimanche 2 avril 2023, la compagnie a\u00e9rienne suisse Edelweiss Air propose deux vols par semaine, les jeudis et dimanches, entre l&#039;a\u00e9roport de Zur...\" \/>\n<link rel=\"canonical\" href=\"https:\/\/www.webdo.tn\/fr\/actualite\/national\/edelweiss-air-propose-deux-vols-hebdomadaires-zurich-djerba\/204488\/\" \/>\n<meta property=\"og:locale\" content=\"fr_FR\" \/>\n<meta property=\"og:type\" content=\"article\" \/>\n<meta property=\"og:title\" content=\"Edelweiss Air propose deux vols hebdomadaires Zurich \u2013 Djerba\" \/>\n<meta property=\"og:description\" content=\"A partir de ce dimanche 2 avril 2023, la compagnie a\u00e9rienne suisse Edelweiss Air propose deux vols par semaine, les jeudis et dimanches, entre l&#039;a\u00e9roport de Zur...\" \/>\n<meta property=\"og:url\" content=\"https:\/\/www.webdo.tn\/fr\/actualite\/national\/edelweiss-air-propose-deux-vols-hebdomadaires-zurich-djerba\/204488\/\" \/>\n<meta property=\"og:site_name\" content=\"webdo\" \/>\n<meta property=\"article:publisher\" content=\"https:\/\/www.facebook.com\/webdotn\" \/>\n<meta property=\"article:published_time\" content=\"2023-04-02T13:41:00+00:00\" \/>\n<meta property=\"article:modified_time\" content=\"2025-05-20T22:44:29+00:00\" \/>\n<meta property=\"og:image\" content=\"https:\/\/www.webdo.tn\/fr\/wp-content\/uploads\/2023\/04\/32926ac0680383ed5a953df308b36cb8.jpg\" \/>\n\t<meta property=\"og:image:width\" content=\"750\" \/>\n\t<meta property=\"og:image:height\" content=\"400\" \/>\n\t<meta property=\"og:image:type\" content=\"image\/jpeg\" \/>\n<meta name=\"author\" content=\"CL\" \/>\n<meta name=\"twitter:card\" content=\"summary_large_image\" \/>\n<meta name=\"twitter:creator\" content=\"@webdo_tn\" \/>\n<meta name=\"twitter:site\" content=\"@webdo_tn\" \/>\n<meta name=\"twitter:label1\" content=\"\u00c9crit par\" \/>\n\t<meta name=\"twitter:data1\" content=\"CL\" \/>\n\t<meta name=\"twitter:label2\" content=\"Dur\u00e9e de lecture estim\u00e9e\" \/>\n\t<meta name=\"twitter:data2\" content=\"1 minute\" \/>\n<script type=\"application\/ld+json\" class=\"yoast-schema-graph\">{\"@context\":\"https:\\\/\\\/schema.org\",\"@graph\":[{\"@type\":\"NewsArticle\",\"@id\":\"https:\\\/\\\/www.webdo.tn\\\/fr\\\/actualite\\\/national\\\/edelweiss-air-propose-deux-vols-hebdomadaires-zurich-djerba\\\/204488\\\/#article\",\"isPartOf\":{\"@id\":\"https:\\\/\\\/www.webdo.tn\\\/fr\\\/actualite\\\/national\\\/edelweiss-air-propose-deux-vols-hebdomadaires-zurich-djerba\\\/204488\\\/\"},\"author\":{\"name\":\"CL\",\"@id\":\"https:\\\/\\\/www.webdo.tn\\\/fr\\\/#\\\/schema\\\/person\\\/f35b42a42c5e2511bbd282959d6385cc\"},\"headline\":\"Edelweiss Air propose deux vols hebdomadaires Zurich \u2013 Djerba\",\"datePublished\":\"2023-04-02T13:41:00+00:00\",\"dateModified\":\"2025-05-20T22:44:29+00:00\",\"mainEntityOfPage\":{\"@id\":\"https:\\\/\\\/www.webdo.tn\\\/fr\\\/actualite\\\/national\\\/edelweiss-air-propose-deux-vols-hebdomadaires-zurich-djerba\\\/204488\\\/\"},\"wordCount\":112,\"commentCount\":0,\"publisher\":{\"@id\":\"https:\\\/\\\/www.webdo.tn\\\/fr\\\/#organization\"},\"image\":{\"@id\":\"https:\\\/\\\/www.webdo.tn\\\/fr\\\/actualite\\\/national\\\/edelweiss-air-propose-deux-vols-hebdomadaires-zurich-djerba\\\/204488\\\/#primaryimage\"},\"thumbnailUrl\":\"https:\\\/\\\/www.webdo.tn\\\/fr\\\/wp-content\\\/uploads\\\/2023\\\/04\\\/32926ac0680383ed5a953df308b36cb8.jpg\",\"keywords\":[\"suisse\",\"Tunisie\",\"vols\"],\"articleSection\":[\"National\"],\"inLanguage\":\"fr-FR\"},{\"@type\":\"WebPage\",\"@id\":\"https:\\\/\\\/www.webdo.tn\\\/fr\\\/actualite\\\/national\\\/edelweiss-air-propose-deux-vols-hebdomadaires-zurich-djerba\\\/204488\\\/\",\"url\":\"https:\\\/\\\/www.webdo.tn\\\/fr\\\/actualite\\\/national\\\/edelweiss-air-propose-deux-vols-hebdomadaires-zurich-djerba\\\/204488\\\/\",\"name\":\"Edelweiss Air propose deux vols hebdomadaires Zurich \u2013 Djerba\",\"isPartOf\":{\"@id\":\"https:\\\/\\\/www.webdo.tn\\\/fr\\\/#website\"},\"primaryImageOfPage\":{\"@id\":\"https:\\\/\\\/www.webdo.tn\\\/fr\\\/actualite\\\/national\\\/edelweiss-air-propose-deux-vols-hebdomadaires-zurich-djerba\\\/204488\\\/#primaryimage\"},\"image\":{\"@id\":\"https:\\\/\\\/www.webdo.tn\\\/fr\\\/actualite\\\/national\\\/edelweiss-air-propose-deux-vols-hebdomadaires-zurich-djerba\\\/204488\\\/#primaryimage\"},\"thumbnailUrl\":\"https:\\\/\\\/www.webdo.tn\\\/fr\\\/wp-content\\\/uploads\\\/2023\\\/04\\\/32926ac0680383ed5a953df308b36cb8.jpg\",\"datePublished\":\"2023-04-02T13:41:00+00:00\",\"dateModified\":\"2025-05-20T22:44:29+00:00\",\"description\":\"A partir de ce dimanche 2 avril 2023, la compagnie a\u00e9rienne suisse Edelweiss Air propose deux vols par semaine, les jeudis et dimanches, entre l'a\u00e9roport de Zur...\",\"breadcrumb\":{\"@id\":\"https:\\\/\\\/www.webdo.tn\\\/fr\\\/actualite\\\/national\\\/edelweiss-air-propose-deux-vols-hebdomadaires-zurich-djerba\\\/204488\\\/#breadcrumb\"},\"inLanguage\":\"fr-FR\",\"potentialAction\":[{\"@type\":\"ReadAction\",\"target\":[\"https:\\\/\\\/www.webdo.tn\\\/fr\\\/actualite\\\/national\\\/edelweiss-air-propose-deux-vols-hebdomadaires-zurich-djerba\\\/204488\\\/\"]}]},{\"@type\":\"ImageObject\",\"inLanguage\":\"fr-FR\",\"@id\":\"https:\\\/\\\/www.webdo.tn\\\/fr\\\/actualite\\\/national\\\/edelweiss-air-propose-deux-vols-hebdomadaires-zurich-djerba\\\/204488\\\/#primaryimage\",\"url\":\"https:\\\/\\\/www.webdo.tn\\\/fr\\\/wp-content\\\/uploads\\\/2023\\\/04\\\/32926ac0680383ed5a953df308b36cb8.jpg\",\"contentUrl\":\"https:\\\/\\\/www.webdo.tn\\\/fr\\\/wp-content\\\/uploads\\\/2023\\\/04\\\/32926ac0680383ed5a953df308b36cb8.jpg\",\"width\":750,\"height\":400,\"caption\":\"Edelweiss Air\"},{\"@type\":\"BreadcrumbList\",\"@id\":\"https:\\\/\\\/www.webdo.tn\\\/fr\\\/actualite\\\/national\\\/edelweiss-air-propose-deux-vols-hebdomadaires-zurich-djerba\\\/204488\\\/#breadcrumb\",\"itemListElement\":[{\"@type\":\"ListItem\",\"position\":1,\"name\":\"Accueil\",\"item\":\"https:\\\/\\\/www.webdo.tn\\\/fr\\\/\"},{\"@type\":\"ListItem\",\"position\":2,\"name\":\"Edelweiss Air propose deux vols hebdomadaires Zurich \u2013 Djerba\"}]},{\"@type\":\"WebSite\",\"@id\":\"https:\\\/\\\/www.webdo.tn\\\/fr\\\/#website\",\"url\":\"https:\\\/\\\/www.webdo.tn\\\/fr\\\/\",\"name\":\"webdo\",\"description\":\"Tunisie - News en Tunisie et \u00e0 l&#039;international sur Webdo.tn\",\"publisher\":{\"@id\":\"https:\\\/\\\/www.webdo.tn\\\/fr\\\/#organization\"},\"potentialAction\":[{\"@type\":\"SearchAction\",\"target\":{\"@type\":\"EntryPoint\",\"urlTemplate\":\"https:\\\/\\\/www.webdo.tn\\\/fr\\\/?s={search_term_string}\"},\"query-input\":{\"@type\":\"PropertyValueSpecification\",\"valueRequired\":true,\"valueName\":\"search_term_string\"}}],\"inLanguage\":\"fr-FR\"},{\"@type\":\"Organization\",\"@id\":\"https:\\\/\\\/www.webdo.tn\\\/fr\\\/#organization\",\"name\":\"Webdo\",\"alternateName\":\"Webdo.tn\",\"url\":\"https:\\\/\\\/www.webdo.tn\\\/fr\\\/\",\"logo\":{\"@type\":\"ImageObject\",\"inLanguage\":\"fr-FR\",\"@id\":\"https:\\\/\\\/www.webdo.tn\\\/fr\\\/#\\\/schema\\\/logo\\\/image\\\/\",\"url\":\"https:\\\/\\\/www.webdo.tn\\\/fr\\\/wp-content\\\/uploads\\\/2025\\\/06\\\/Webdo-Tunisie_168377.jpg\",\"contentUrl\":\"https:\\\/\\\/www.webdo.tn\\\/fr\\\/wp-content\\\/uploads\\\/2025\\\/06\\\/Webdo-Tunisie_168377.jpg\",\"width\":301,\"height\":301,\"caption\":\"Webdo\"},\"image\":{\"@id\":\"https:\\\/\\\/www.webdo.tn\\\/fr\\\/#\\\/schema\\\/logo\\\/image\\\/\"},\"sameAs\":[\"https:\\\/\\\/www.facebook.com\\\/webdotn\",\"https:\\\/\\\/x.com\\\/webdo_tn\"],\"description\":\"Webdo est un m\u00e9dia num\u00e9rique tunisien fond\u00e9 en 2010, sp\u00e9cialis\u00e9 dans l\u2019actualit\u00e9 nationale et internationale, l\u2019\u00e9conomie, la soci\u00e9t\u00e9 et les analyses politiques. Le site s\u2019adresse \u00e0 un large public francophone et couvre l\u2019information tunisienne en temps r\u00e9el.\",\"email\":\"redac@webdo.tn\",\"legalName\":\"YNJ SARL\",\"foundingDate\":\"2010-09-06\",\"numberOfEmployees\":{\"@type\":\"QuantitativeValue\",\"minValue\":\"11\",\"maxValue\":\"50\"}},{\"@type\":\"Person\",\"@id\":\"https:\\\/\\\/www.webdo.tn\\\/fr\\\/#\\\/schema\\\/person\\\/f35b42a42c5e2511bbd282959d6385cc\",\"name\":\"CL\",\"image\":{\"@type\":\"ImageObject\",\"inLanguage\":\"fr-FR\",\"@id\":\"https:\\\/\\\/secure.gravatar.com\\\/avatar\\\/1447a49909b67aa657c488aec6512e1dd6143a480c1ecfee9b5b5cd74eb3b59e?s=96&d=mm&r=g\",\"url\":\"https:\\\/\\\/secure.gravatar.com\\\/avatar\\\/1447a49909b67aa657c488aec6512e1dd6143a480c1ecfee9b5b5cd74eb3b59e?s=96&d=mm&r=g\",\"contentUrl\":\"https:\\\/\\\/secure.gravatar.com\\\/avatar\\\/1447a49909b67aa657c488aec6512e1dd6143a480c1ecfee9b5b5cd74eb3b59e?s=96&d=mm&r=g\",\"caption\":\"CL\"},\"url\":\"https:\\\/\\\/www.webdo.tn\\\/fr\\\/actualite\\\/author\\\/cl\\\/\"}]}<\/script>\n<!-- \/ Yoast SEO Premium plugin. -->","yoast_head_json":{"title":"Edelweiss Air propose deux vols hebdomadaires Zurich \u2013 Djerba","description":"A partir de ce dimanche 2 avril 2023, la compagnie a\u00e9rienne suisse Edelweiss Air propose deux vols par semaine, les jeudis et dimanches, entre l'a\u00e9roport de Zur...","canonical":"https:\/\/www.webdo.tn\/fr\/actualite\/national\/edelweiss-air-propose-deux-vols-hebdomadaires-zurich-djerba\/204488\/","og_locale":"fr_FR","og_type":"article","og_title":"Edelweiss Air propose deux vols hebdomadaires Zurich \u2013 Djerba","og_description":"A partir de ce dimanche 2 avril 2023, la compagnie a\u00e9rienne suisse Edelweiss Air propose deux vols par semaine, les jeudis et dimanches, entre l'a\u00e9roport de Zur...","og_url":"https:\/\/www.webdo.tn\/fr\/actualite\/national\/edelweiss-air-propose-deux-vols-hebdomadaires-zurich-djerba\/204488\/","og_site_name":"webdo","article_publisher":"https:\/\/www.facebook.com\/webdotn","article_published_time":"2023-04-02T13:41:00+00:00","article_modified_time":"2025-05-20T22:44:29+00:00","og_image":[{"width":750,"height":400,"url":"https:\/\/www.webdo.tn\/fr\/wp-content\/uploads\/2023\/04\/32926ac0680383ed5a953df308b36cb8.jpg","type":"image\/jpeg"}],"author":"CL","twitter_card":"summary_large_image","twitter_creator":"@webdo_tn","twitter_site":"@webdo_tn","twitter_misc":{"\u00c9crit par":"CL","Dur\u00e9e de lecture estim\u00e9e":"1 minute"},"schema":{"@context":"https:\/\/schema.org","@graph":[{"@type":"NewsArticle","@id":"https:\/\/www.webdo.tn\/fr\/actualite\/national\/edelweiss-air-propose-deux-vols-hebdomadaires-zurich-djerba\/204488\/#article","isPartOf":{"@id":"https:\/\/www.webdo.tn\/fr\/actualite\/national\/edelweiss-air-propose-deux-vols-hebdomadaires-zurich-djerba\/204488\/"},"author":{"name":"CL","@id":"https:\/\/www.webdo.tn\/fr\/#\/schema\/person\/f35b42a42c5e2511bbd282959d6385cc"},"headline":"Edelweiss Air propose deux vols hebdomadaires Zurich \u2013 Djerba","datePublished":"2023-04-02T13:41:00+00:00","dateModified":"2025-05-20T22:44:29+00:00","mainEntityOfPage":{"@id":"https:\/\/www.webdo.tn\/fr\/actualite\/national\/edelweiss-air-propose-deux-vols-hebdomadaires-zurich-djerba\/204488\/"},"wordCount":112,"commentCount":0,"publisher":{"@id":"https:\/\/www.webdo.tn\/fr\/#organization"},"image":{"@id":"https:\/\/www.webdo.tn\/fr\/actualite\/national\/edelweiss-air-propose-deux-vols-hebdomadaires-zurich-djerba\/204488\/#primaryimage"},"thumbnailUrl":"https:\/\/www.webdo.tn\/fr\/wp-content\/uploads\/2023\/04\/32926ac0680383ed5a953df308b36cb8.jpg","keywords":["suisse","Tunisie","vols"],"articleSection":["National"],"inLanguage":"fr-FR"},{"@type":"WebPage","@id":"https:\/\/www.webdo.tn\/fr\/actualite\/national\/edelweiss-air-propose-deux-vols-hebdomadaires-zurich-djerba\/204488\/","url":"https:\/\/www.webdo.tn\/fr\/actualite\/national\/edelweiss-air-propose-deux-vols-hebdomadaires-zurich-djerba\/204488\/","name":"Edelweiss Air propose deux vols hebdomadaires Zurich \u2013 Djerba","isPartOf":{"@id":"https:\/\/www.webdo.tn\/fr\/#website"},"primaryImageOfPage":{"@id":"https:\/\/www.webdo.tn\/fr\/actualite\/national\/edelweiss-air-propose-deux-vols-hebdomadaires-zurich-djerba\/204488\/#primaryimage"},"image":{"@id":"https:\/\/www.webdo.tn\/fr\/actualite\/national\/edelweiss-air-propose-deux-vols-hebdomadaires-zurich-djerba\/204488\/#primaryimage"},"thumbnailUrl":"https:\/\/www.webdo.tn\/fr\/wp-content\/uploads\/2023\/04\/32926ac0680383ed5a953df308b36cb8.jpg","datePublished":"2023-04-02T13:41:00+00:00","dateModified":"2025-05-20T22:44:29+00:00","description":"A partir de ce dimanche 2 avril 2023, la compagnie a\u00e9rienne suisse Edelweiss Air propose deux vols par semaine, les jeudis et dimanches, entre l'a\u00e9roport de Zur...","breadcrumb":{"@id":"https:\/\/www.webdo.tn\/fr\/actualite\/national\/edelweiss-air-propose-deux-vols-hebdomadaires-zurich-djerba\/204488\/#breadcrumb"},"inLanguage":"fr-FR","potentialAction":[{"@type":"ReadAction","target":["https:\/\/www.webdo.tn\/fr\/actualite\/national\/edelweiss-air-propose-deux-vols-hebdomadaires-zurich-djerba\/204488\/"]}]},{"@type":"ImageObject","inLanguage":"fr-FR","@id":"https:\/\/www.webdo.tn\/fr\/actualite\/national\/edelweiss-air-propose-deux-vols-hebdomadaires-zurich-djerba\/204488\/#primaryimage","url":"https:\/\/www.webdo.tn\/fr\/wp-content\/uploads\/2023\/04\/32926ac0680383ed5a953df308b36cb8.jpg","contentUrl":"https:\/\/www.webdo.tn\/fr\/wp-content\/uploads\/2023\/04\/32926ac0680383ed5a953df308b36cb8.jpg","width":750,"height":400,"caption":"Edelweiss Air"},{"@type":"BreadcrumbList","@id":"https:\/\/www.webdo.tn\/fr\/actualite\/national\/edelweiss-air-propose-deux-vols-hebdomadaires-zurich-djerba\/204488\/#breadcrumb","itemListElement":[{"@type":"ListItem","position":1,"name":"Accueil","item":"https:\/\/www.webdo.tn\/fr\/"},{"@type":"ListItem","position":2,"name":"Edelweiss Air propose deux vols hebdomadaires Zurich \u2013 Djerba"}]},{"@type":"WebSite","@id":"https:\/\/www.webdo.tn\/fr\/#website","url":"https:\/\/www.webdo.tn\/fr\/","name":"webdo","description":"Tunisie - News en Tunisie et \u00e0 l&#039;international sur Webdo.tn","publisher":{"@id":"https:\/\/www.webdo.tn\/fr\/#organization"},"potentialAction":[{"@type":"SearchAction","target":{"@type":"EntryPoint","urlTemplate":"https:\/\/www.webdo.tn\/fr\/?s={search_term_string}"},"query-input":{"@type":"PropertyValueSpecification","valueRequired":true,"valueName":"search_term_string"}}],"inLanguage":"fr-FR"},{"@type":"Organization","@id":"https:\/\/www.webdo.tn\/fr\/#organization","name":"Webdo","alternateName":"Webdo.tn","url":"https:\/\/www.webdo.tn\/fr\/","logo":{"@type":"ImageObject","inLanguage":"fr-FR","@id":"https:\/\/www.webdo.tn\/fr\/#\/schema\/logo\/image\/","url":"https:\/\/www.webdo.tn\/fr\/wp-content\/uploads\/2025\/06\/Webdo-Tunisie_168377.jpg","contentUrl":"https:\/\/www.webdo.tn\/fr\/wp-content\/uploads\/2025\/06\/Webdo-Tunisie_168377.jpg","width":301,"height":301,"caption":"Webdo"},"image":{"@id":"https:\/\/www.webdo.tn\/fr\/#\/schema\/logo\/image\/"},"sameAs":["https:\/\/www.facebook.com\/webdotn","https:\/\/x.com\/webdo_tn"],"description":"Webdo est un m\u00e9dia num\u00e9rique tunisien fond\u00e9 en 2010, sp\u00e9cialis\u00e9 dans l\u2019actualit\u00e9 nationale et internationale, l\u2019\u00e9conomie, la soci\u00e9t\u00e9 et les analyses politiques. Le site s\u2019adresse \u00e0 un large public francophone et couvre l\u2019information tunisienne en temps r\u00e9el.","email":"redac@webdo.tn","legalName":"YNJ SARL","foundingDate":"2010-09-06","numberOfEmployees":{"@type":"QuantitativeValue","minValue":"11","maxValue":"50"}},{"@type":"Person","@id":"https:\/\/www.webdo.tn\/fr\/#\/schema\/person\/f35b42a42c5e2511bbd282959d6385cc","name":"CL","image":{"@type":"ImageObject","inLanguage":"fr-FR","@id":"https:\/\/secure.gravatar.com\/avatar\/1447a49909b67aa657c488aec6512e1dd6143a480c1ecfee9b5b5cd74eb3b59e?s=96&d=mm&r=g","url":"https:\/\/secure.gravatar.com\/avatar\/1447a49909b67aa657c488aec6512e1dd6143a480c1ecfee9b5b5cd74eb3b59e?s=96&d=mm&r=g","contentUrl":"https:\/\/secure.gravatar.com\/avatar\/1447a49909b67aa657c488aec6512e1dd6143a480c1ecfee9b5b5cd74eb3b59e?s=96&d=mm&r=g","caption":"CL"},"url":"https:\/\/www.webdo.tn\/fr\/actualite\/author\/cl\/"}]}},"_links":{"self":[{"href":"https:\/\/www.webdo.tn\/fr\/wp-json\/wp\/v2\/posts\/204488","targetHints":{"allow":["GET"]}}],"collection":[{"href":"https:\/\/www.webdo.tn\/fr\/wp-json\/wp\/v2\/posts"}],"about":[{"href":"https:\/\/www.webdo.tn\/fr\/wp-json\/wp\/v2\/types\/post"}],"author":[{"embeddable":true,"href":"https:\/\/www.webdo.tn\/fr\/wp-json\/wp\/v2\/users\/3175"}],"replies":[{"embeddable":true,"href":"https:\/\/www.webdo.tn\/fr\/wp-json\/wp\/v2\/comments?post=204488"}],"version-history":[{"count":0,"href":"https:\/\/www.webdo.tn\/fr\/wp-json\/wp\/v2\/posts\/204488\/revisions"}],"wp:featuredmedia":[{"embeddable":true,"href":"https:\/\/www.webdo.tn\/fr\/wp-json\/wp\/v2\/media\/251541"}],"wp:attachment":[{"href":"https:\/\/www.webdo.tn\/fr\/wp-json\/wp\/v2\/media?parent=204488"}],"wp:term":[{"taxonomy":"category","embeddable":true,"href":"https:\/\/www.webdo.tn\/fr\/wp-json\/wp\/v2\/categories?post=204488"},{"taxonomy":"post_tag","embeddable":true,"href":"https:\/\/www.webdo.tn\/fr\/wp-json\/wp\/v2\/tags?post=204488"}],"curies":[{"name":"wp","href":"https:\/\/api.w.org\/{rel}","templated":true}]}}