{"id":204485,"date":"2023-04-02T11:15:00","date_gmt":"2023-04-02T11:15:00","guid":{"rendered":"https:\/\/www.webdo.tn\/fr\/blog\/apres-de-longues-sequences-de-secheresse-la-pluie-s-abat-sur-la-tunisie\/204485\/"},"modified":"2025-05-20T22:44:29","modified_gmt":"2025-05-20T22:44:29","slug":"apres-de-longues-sequences-de-secheresse-la-pluie-s-abat-sur-la-tunisie","status":"publish","type":"post","link":"https:\/\/www.webdo.tn\/fr\/actualite\/national\/apres-de-longues-sequences-de-secheresse-la-pluie-s-abat-sur-la-tunisie\/204485\/","title":{"rendered":"Apr\u00e8s de longues s\u00e9quences de s\u00e9cheresse, la pluie s\u2019abat sur la Tunisie"},"content":{"rendered":"<p>Des changements m\u00e9t\u00e9orologiques marquent ce dimanche 2 avril 2023. Des pluies \u00e9parses et orageuses sont enregistr\u00e9es sur la plupart des r\u00e9gions, devenant parfois intenses sur les c\u00f4tes est, le centre-est et localement le sud-est avec la possibilit\u00e9 de chutes de gr\u00eale sur des endroits limit\u00e9s, selon l&rsquo;Institut national de la m\u00e9t\u00e9orologie (INM).<\/p>\n<p>\t\t\t\t\t\t\t\t\tLe vent soufflera fort sur les c\u00f4tes, les hauteurs et le sud, o\u00f9 il sera accompagn\u00e9 de ph\u00e9nom\u00e8nes de sable.\u00a0<\/p>\n<p>Les bulletins d&rsquo;alerte demeurent ainsi en vigueur pour les activit\u00e9s de navigation et de la p\u00eache.<\/p>\n<p>La mer sera tr\u00e8s agit\u00e9e \u00e0 houleuse dans le nord. Une baisse notable des temp\u00e9ratures est attendue. Les maximales seront comprises entre 12 et 18 degr\u00e9s dans le nord et le centre, atteindront 8 degr\u00e9s dans les hauteurs et varieront entre 19 et 25 degr\u00e9s dans le sud. Elles atteindront 30 degr\u00e9s \u00e0 El Borma et Borj el Khadhra.<\/p>\n","protected":false},"excerpt":{"rendered":"<p>Des changements m\u00e9t\u00e9orologiques marquent ce dimanche 2 avril 2023. Des pluies \u00e9parses et orageuses sont enregistr\u00e9es sur la plupart des r\u00e9gions, devenant parfoi&#8230;<\/p>\n","protected":false},"author":3175,"featured_media":251540,"comment_status":"open","ping_status":"closed","sticky":false,"template":"","format":"standard","meta":{"footnotes":""},"categories":[44],"tags":[3163,2608],"class_list":["post-204485","post","type-post","status-publish","format-standard","has-post-thumbnail","hentry","category-national","tag-pluies","tag-tunisie"],"yoast_head":"<!-- This site is optimized with the Yoast SEO Premium plugin v27.4 (Yoast SEO v27.4) - https:\/\/yoast.com\/product\/yoast-seo-premium-wordpress\/ -->\n<title>Apr\u00e8s de longues s\u00e9quences de s\u00e9cheresse, la pluie s\u2019abat sur la Tunisie<\/title>\n<meta name=\"description\" content=\"Des changements m\u00e9t\u00e9orologiques marquent ce dimanche 2 avril 2023. Des pluies \u00e9parses et orageuses sont enregistr\u00e9es sur la plupart des r\u00e9gions, devenant parfoi...\" \/>\n<link rel=\"canonical\" href=\"https:\/\/www.webdo.tn\/fr\/actualite\/national\/apres-de-longues-sequences-de-secheresse-la-pluie-s-abat-sur-la-tunisie\/204485\/\" \/>\n<meta property=\"og:locale\" content=\"fr_FR\" \/>\n<meta property=\"og:type\" content=\"article\" \/>\n<meta property=\"og:title\" content=\"Apr\u00e8s de longues s\u00e9quences de s\u00e9cheresse, la pluie s\u2019abat sur la Tunisie\" \/>\n<meta property=\"og:description\" content=\"Des changements m\u00e9t\u00e9orologiques marquent ce dimanche 2 avril 2023. Des pluies \u00e9parses et orageuses sont enregistr\u00e9es sur la plupart des r\u00e9gions, devenant parfoi...\" \/>\n<meta property=\"og:url\" content=\"https:\/\/www.webdo.tn\/fr\/actualite\/national\/apres-de-longues-sequences-de-secheresse-la-pluie-s-abat-sur-la-tunisie\/204485\/\" \/>\n<meta property=\"og:site_name\" content=\"webdo\" \/>\n<meta property=\"article:publisher\" content=\"https:\/\/www.facebook.com\/webdotn\" \/>\n<meta property=\"article:published_time\" content=\"2023-04-02T11:15:00+00:00\" \/>\n<meta property=\"article:modified_time\" content=\"2025-05-20T22:44:29+00:00\" \/>\n<meta property=\"og:image\" content=\"https:\/\/www.webdo.tn\/fr\/wp-content\/uploads\/2023\/04\/2ee25cec40dbbe0448b2a89c1105b7a1.jpg\" \/>\n\t<meta property=\"og:image:width\" content=\"750\" \/>\n\t<meta property=\"og:image:height\" content=\"400\" \/>\n\t<meta property=\"og:image:type\" content=\"image\/jpeg\" \/>\n<meta name=\"author\" content=\"CL\" \/>\n<meta name=\"twitter:card\" content=\"summary_large_image\" \/>\n<meta name=\"twitter:creator\" content=\"@webdo_tn\" \/>\n<meta name=\"twitter:site\" content=\"@webdo_tn\" \/>\n<meta name=\"twitter:label1\" content=\"\u00c9crit par\" \/>\n\t<meta name=\"twitter:data1\" content=\"CL\" \/>\n\t<meta name=\"twitter:label2\" content=\"Dur\u00e9e de lecture estim\u00e9e\" \/>\n\t<meta name=\"twitter:data2\" content=\"1 minute\" \/>\n<script type=\"application\/ld+json\" class=\"yoast-schema-graph\">{\"@context\":\"https:\\\/\\\/schema.org\",\"@graph\":[{\"@type\":\"NewsArticle\",\"@id\":\"https:\\\/\\\/www.webdo.tn\\\/fr\\\/actualite\\\/national\\\/apres-de-longues-sequences-de-secheresse-la-pluie-s-abat-sur-la-tunisie\\\/204485\\\/#article\",\"isPartOf\":{\"@id\":\"https:\\\/\\\/www.webdo.tn\\\/fr\\\/actualite\\\/national\\\/apres-de-longues-sequences-de-secheresse-la-pluie-s-abat-sur-la-tunisie\\\/204485\\\/\"},\"author\":{\"name\":\"CL\",\"@id\":\"https:\\\/\\\/www.webdo.tn\\\/fr\\\/#\\\/schema\\\/person\\\/f35b42a42c5e2511bbd282959d6385cc\"},\"headline\":\"Apr\u00e8s de longues s\u00e9quences de s\u00e9cheresse, la pluie s\u2019abat sur la Tunisie\",\"datePublished\":\"2023-04-02T11:15:00+00:00\",\"dateModified\":\"2025-05-20T22:44:29+00:00\",\"mainEntityOfPage\":{\"@id\":\"https:\\\/\\\/www.webdo.tn\\\/fr\\\/actualite\\\/national\\\/apres-de-longues-sequences-de-secheresse-la-pluie-s-abat-sur-la-tunisie\\\/204485\\\/\"},\"wordCount\":176,\"commentCount\":0,\"publisher\":{\"@id\":\"https:\\\/\\\/www.webdo.tn\\\/fr\\\/#organization\"},\"image\":{\"@id\":\"https:\\\/\\\/www.webdo.tn\\\/fr\\\/actualite\\\/national\\\/apres-de-longues-sequences-de-secheresse-la-pluie-s-abat-sur-la-tunisie\\\/204485\\\/#primaryimage\"},\"thumbnailUrl\":\"https:\\\/\\\/www.webdo.tn\\\/fr\\\/wp-content\\\/uploads\\\/2023\\\/04\\\/2ee25cec40dbbe0448b2a89c1105b7a1.jpg\",\"keywords\":[\"pluies\",\"Tunisie\"],\"articleSection\":[\"National\"],\"inLanguage\":\"fr-FR\"},{\"@type\":\"WebPage\",\"@id\":\"https:\\\/\\\/www.webdo.tn\\\/fr\\\/actualite\\\/national\\\/apres-de-longues-sequences-de-secheresse-la-pluie-s-abat-sur-la-tunisie\\\/204485\\\/\",\"url\":\"https:\\\/\\\/www.webdo.tn\\\/fr\\\/actualite\\\/national\\\/apres-de-longues-sequences-de-secheresse-la-pluie-s-abat-sur-la-tunisie\\\/204485\\\/\",\"name\":\"Apr\u00e8s de longues s\u00e9quences de s\u00e9cheresse, la pluie s\u2019abat sur la Tunisie\",\"isPartOf\":{\"@id\":\"https:\\\/\\\/www.webdo.tn\\\/fr\\\/#website\"},\"primaryImageOfPage\":{\"@id\":\"https:\\\/\\\/www.webdo.tn\\\/fr\\\/actualite\\\/national\\\/apres-de-longues-sequences-de-secheresse-la-pluie-s-abat-sur-la-tunisie\\\/204485\\\/#primaryimage\"},\"image\":{\"@id\":\"https:\\\/\\\/www.webdo.tn\\\/fr\\\/actualite\\\/national\\\/apres-de-longues-sequences-de-secheresse-la-pluie-s-abat-sur-la-tunisie\\\/204485\\\/#primaryimage\"},\"thumbnailUrl\":\"https:\\\/\\\/www.webdo.tn\\\/fr\\\/wp-content\\\/uploads\\\/2023\\\/04\\\/2ee25cec40dbbe0448b2a89c1105b7a1.jpg\",\"datePublished\":\"2023-04-02T11:15:00+00:00\",\"dateModified\":\"2025-05-20T22:44:29+00:00\",\"description\":\"Des changements m\u00e9t\u00e9orologiques marquent ce dimanche 2 avril 2023. Des pluies \u00e9parses et orageuses sont enregistr\u00e9es sur la plupart des r\u00e9gions, devenant parfoi...\",\"breadcrumb\":{\"@id\":\"https:\\\/\\\/www.webdo.tn\\\/fr\\\/actualite\\\/national\\\/apres-de-longues-sequences-de-secheresse-la-pluie-s-abat-sur-la-tunisie\\\/204485\\\/#breadcrumb\"},\"inLanguage\":\"fr-FR\",\"potentialAction\":[{\"@type\":\"ReadAction\",\"target\":[\"https:\\\/\\\/www.webdo.tn\\\/fr\\\/actualite\\\/national\\\/apres-de-longues-sequences-de-secheresse-la-pluie-s-abat-sur-la-tunisie\\\/204485\\\/\"]}]},{\"@type\":\"ImageObject\",\"inLanguage\":\"fr-FR\",\"@id\":\"https:\\\/\\\/www.webdo.tn\\\/fr\\\/actualite\\\/national\\\/apres-de-longues-sequences-de-secheresse-la-pluie-s-abat-sur-la-tunisie\\\/204485\\\/#primaryimage\",\"url\":\"https:\\\/\\\/www.webdo.tn\\\/fr\\\/wp-content\\\/uploads\\\/2023\\\/04\\\/2ee25cec40dbbe0448b2a89c1105b7a1.jpg\",\"contentUrl\":\"https:\\\/\\\/www.webdo.tn\\\/fr\\\/wp-content\\\/uploads\\\/2023\\\/04\\\/2ee25cec40dbbe0448b2a89c1105b7a1.jpg\",\"width\":750,\"height\":400,\"caption\":\"Pluie\"},{\"@type\":\"BreadcrumbList\",\"@id\":\"https:\\\/\\\/www.webdo.tn\\\/fr\\\/actualite\\\/national\\\/apres-de-longues-sequences-de-secheresse-la-pluie-s-abat-sur-la-tunisie\\\/204485\\\/#breadcrumb\",\"itemListElement\":[{\"@type\":\"ListItem\",\"position\":1,\"name\":\"Accueil\",\"item\":\"https:\\\/\\\/www.webdo.tn\\\/fr\\\/\"},{\"@type\":\"ListItem\",\"position\":2,\"name\":\"Apr\u00e8s de longues s\u00e9quences de s\u00e9cheresse, la pluie s\u2019abat sur la Tunisie\"}]},{\"@type\":\"WebSite\",\"@id\":\"https:\\\/\\\/www.webdo.tn\\\/fr\\\/#website\",\"url\":\"https:\\\/\\\/www.webdo.tn\\\/fr\\\/\",\"name\":\"webdo\",\"description\":\"Tunisie - News en Tunisie et \u00e0 l&#039;international sur Webdo.tn\",\"publisher\":{\"@id\":\"https:\\\/\\\/www.webdo.tn\\\/fr\\\/#organization\"},\"potentialAction\":[{\"@type\":\"SearchAction\",\"target\":{\"@type\":\"EntryPoint\",\"urlTemplate\":\"https:\\\/\\\/www.webdo.tn\\\/fr\\\/?s={search_term_string}\"},\"query-input\":{\"@type\":\"PropertyValueSpecification\",\"valueRequired\":true,\"valueName\":\"search_term_string\"}}],\"inLanguage\":\"fr-FR\"},{\"@type\":\"Organization\",\"@id\":\"https:\\\/\\\/www.webdo.tn\\\/fr\\\/#organization\",\"name\":\"Webdo\",\"alternateName\":\"Webdo.tn\",\"url\":\"https:\\\/\\\/www.webdo.tn\\\/fr\\\/\",\"logo\":{\"@type\":\"ImageObject\",\"inLanguage\":\"fr-FR\",\"@id\":\"https:\\\/\\\/www.webdo.tn\\\/fr\\\/#\\\/schema\\\/logo\\\/image\\\/\",\"url\":\"https:\\\/\\\/www.webdo.tn\\\/fr\\\/wp-content\\\/uploads\\\/2025\\\/06\\\/Webdo-Tunisie_168377.jpg\",\"contentUrl\":\"https:\\\/\\\/www.webdo.tn\\\/fr\\\/wp-content\\\/uploads\\\/2025\\\/06\\\/Webdo-Tunisie_168377.jpg\",\"width\":301,\"height\":301,\"caption\":\"Webdo\"},\"image\":{\"@id\":\"https:\\\/\\\/www.webdo.tn\\\/fr\\\/#\\\/schema\\\/logo\\\/image\\\/\"},\"sameAs\":[\"https:\\\/\\\/www.facebook.com\\\/webdotn\",\"https:\\\/\\\/x.com\\\/webdo_tn\"],\"description\":\"Webdo est un m\u00e9dia num\u00e9rique tunisien fond\u00e9 en 2010, sp\u00e9cialis\u00e9 dans l\u2019actualit\u00e9 nationale et internationale, l\u2019\u00e9conomie, la soci\u00e9t\u00e9 et les analyses politiques. Le site s\u2019adresse \u00e0 un large public francophone et couvre l\u2019information tunisienne en temps r\u00e9el.\",\"email\":\"redac@webdo.tn\",\"legalName\":\"YNJ SARL\",\"foundingDate\":\"2010-09-06\",\"numberOfEmployees\":{\"@type\":\"QuantitativeValue\",\"minValue\":\"11\",\"maxValue\":\"50\"}},{\"@type\":\"Person\",\"@id\":\"https:\\\/\\\/www.webdo.tn\\\/fr\\\/#\\\/schema\\\/person\\\/f35b42a42c5e2511bbd282959d6385cc\",\"name\":\"CL\",\"image\":{\"@type\":\"ImageObject\",\"inLanguage\":\"fr-FR\",\"@id\":\"https:\\\/\\\/secure.gravatar.com\\\/avatar\\\/1447a49909b67aa657c488aec6512e1dd6143a480c1ecfee9b5b5cd74eb3b59e?s=96&d=mm&r=g\",\"url\":\"https:\\\/\\\/secure.gravatar.com\\\/avatar\\\/1447a49909b67aa657c488aec6512e1dd6143a480c1ecfee9b5b5cd74eb3b59e?s=96&d=mm&r=g\",\"contentUrl\":\"https:\\\/\\\/secure.gravatar.com\\\/avatar\\\/1447a49909b67aa657c488aec6512e1dd6143a480c1ecfee9b5b5cd74eb3b59e?s=96&d=mm&r=g\",\"caption\":\"CL\"},\"url\":\"https:\\\/\\\/www.webdo.tn\\\/fr\\\/actualite\\\/author\\\/cl\\\/\"}]}<\/script>\n<!-- \/ Yoast SEO Premium plugin. -->","yoast_head_json":{"title":"Apr\u00e8s de longues s\u00e9quences de s\u00e9cheresse, la pluie s\u2019abat sur la Tunisie","description":"Des changements m\u00e9t\u00e9orologiques marquent ce dimanche 2 avril 2023. Des pluies \u00e9parses et orageuses sont enregistr\u00e9es sur la plupart des r\u00e9gions, devenant parfoi...","canonical":"https:\/\/www.webdo.tn\/fr\/actualite\/national\/apres-de-longues-sequences-de-secheresse-la-pluie-s-abat-sur-la-tunisie\/204485\/","og_locale":"fr_FR","og_type":"article","og_title":"Apr\u00e8s de longues s\u00e9quences de s\u00e9cheresse, la pluie s\u2019abat sur la Tunisie","og_description":"Des changements m\u00e9t\u00e9orologiques marquent ce dimanche 2 avril 2023. Des pluies \u00e9parses et orageuses sont enregistr\u00e9es sur la plupart des r\u00e9gions, devenant parfoi...","og_url":"https:\/\/www.webdo.tn\/fr\/actualite\/national\/apres-de-longues-sequences-de-secheresse-la-pluie-s-abat-sur-la-tunisie\/204485\/","og_site_name":"webdo","article_publisher":"https:\/\/www.facebook.com\/webdotn","article_published_time":"2023-04-02T11:15:00+00:00","article_modified_time":"2025-05-20T22:44:29+00:00","og_image":[{"width":750,"height":400,"url":"https:\/\/www.webdo.tn\/fr\/wp-content\/uploads\/2023\/04\/2ee25cec40dbbe0448b2a89c1105b7a1.jpg","type":"image\/jpeg"}],"author":"CL","twitter_card":"summary_large_image","twitter_creator":"@webdo_tn","twitter_site":"@webdo_tn","twitter_misc":{"\u00c9crit par":"CL","Dur\u00e9e de lecture estim\u00e9e":"1 minute"},"schema":{"@context":"https:\/\/schema.org","@graph":[{"@type":"NewsArticle","@id":"https:\/\/www.webdo.tn\/fr\/actualite\/national\/apres-de-longues-sequences-de-secheresse-la-pluie-s-abat-sur-la-tunisie\/204485\/#article","isPartOf":{"@id":"https:\/\/www.webdo.tn\/fr\/actualite\/national\/apres-de-longues-sequences-de-secheresse-la-pluie-s-abat-sur-la-tunisie\/204485\/"},"author":{"name":"CL","@id":"https:\/\/www.webdo.tn\/fr\/#\/schema\/person\/f35b42a42c5e2511bbd282959d6385cc"},"headline":"Apr\u00e8s de longues s\u00e9quences de s\u00e9cheresse, la pluie s\u2019abat sur la Tunisie","datePublished":"2023-04-02T11:15:00+00:00","dateModified":"2025-05-20T22:44:29+00:00","mainEntityOfPage":{"@id":"https:\/\/www.webdo.tn\/fr\/actualite\/national\/apres-de-longues-sequences-de-secheresse-la-pluie-s-abat-sur-la-tunisie\/204485\/"},"wordCount":176,"commentCount":0,"publisher":{"@id":"https:\/\/www.webdo.tn\/fr\/#organization"},"image":{"@id":"https:\/\/www.webdo.tn\/fr\/actualite\/national\/apres-de-longues-sequences-de-secheresse-la-pluie-s-abat-sur-la-tunisie\/204485\/#primaryimage"},"thumbnailUrl":"https:\/\/www.webdo.tn\/fr\/wp-content\/uploads\/2023\/04\/2ee25cec40dbbe0448b2a89c1105b7a1.jpg","keywords":["pluies","Tunisie"],"articleSection":["National"],"inLanguage":"fr-FR"},{"@type":"WebPage","@id":"https:\/\/www.webdo.tn\/fr\/actualite\/national\/apres-de-longues-sequences-de-secheresse-la-pluie-s-abat-sur-la-tunisie\/204485\/","url":"https:\/\/www.webdo.tn\/fr\/actualite\/national\/apres-de-longues-sequences-de-secheresse-la-pluie-s-abat-sur-la-tunisie\/204485\/","name":"Apr\u00e8s de longues s\u00e9quences de s\u00e9cheresse, la pluie s\u2019abat sur la Tunisie","isPartOf":{"@id":"https:\/\/www.webdo.tn\/fr\/#website"},"primaryImageOfPage":{"@id":"https:\/\/www.webdo.tn\/fr\/actualite\/national\/apres-de-longues-sequences-de-secheresse-la-pluie-s-abat-sur-la-tunisie\/204485\/#primaryimage"},"image":{"@id":"https:\/\/www.webdo.tn\/fr\/actualite\/national\/apres-de-longues-sequences-de-secheresse-la-pluie-s-abat-sur-la-tunisie\/204485\/#primaryimage"},"thumbnailUrl":"https:\/\/www.webdo.tn\/fr\/wp-content\/uploads\/2023\/04\/2ee25cec40dbbe0448b2a89c1105b7a1.jpg","datePublished":"2023-04-02T11:15:00+00:00","dateModified":"2025-05-20T22:44:29+00:00","description":"Des changements m\u00e9t\u00e9orologiques marquent ce dimanche 2 avril 2023. Des pluies \u00e9parses et orageuses sont enregistr\u00e9es sur la plupart des r\u00e9gions, devenant parfoi...","breadcrumb":{"@id":"https:\/\/www.webdo.tn\/fr\/actualite\/national\/apres-de-longues-sequences-de-secheresse-la-pluie-s-abat-sur-la-tunisie\/204485\/#breadcrumb"},"inLanguage":"fr-FR","potentialAction":[{"@type":"ReadAction","target":["https:\/\/www.webdo.tn\/fr\/actualite\/national\/apres-de-longues-sequences-de-secheresse-la-pluie-s-abat-sur-la-tunisie\/204485\/"]}]},{"@type":"ImageObject","inLanguage":"fr-FR","@id":"https:\/\/www.webdo.tn\/fr\/actualite\/national\/apres-de-longues-sequences-de-secheresse-la-pluie-s-abat-sur-la-tunisie\/204485\/#primaryimage","url":"https:\/\/www.webdo.tn\/fr\/wp-content\/uploads\/2023\/04\/2ee25cec40dbbe0448b2a89c1105b7a1.jpg","contentUrl":"https:\/\/www.webdo.tn\/fr\/wp-content\/uploads\/2023\/04\/2ee25cec40dbbe0448b2a89c1105b7a1.jpg","width":750,"height":400,"caption":"Pluie"},{"@type":"BreadcrumbList","@id":"https:\/\/www.webdo.tn\/fr\/actualite\/national\/apres-de-longues-sequences-de-secheresse-la-pluie-s-abat-sur-la-tunisie\/204485\/#breadcrumb","itemListElement":[{"@type":"ListItem","position":1,"name":"Accueil","item":"https:\/\/www.webdo.tn\/fr\/"},{"@type":"ListItem","position":2,"name":"Apr\u00e8s de longues s\u00e9quences de s\u00e9cheresse, la pluie s\u2019abat sur la Tunisie"}]},{"@type":"WebSite","@id":"https:\/\/www.webdo.tn\/fr\/#website","url":"https:\/\/www.webdo.tn\/fr\/","name":"webdo","description":"Tunisie - News en Tunisie et \u00e0 l&#039;international sur Webdo.tn","publisher":{"@id":"https:\/\/www.webdo.tn\/fr\/#organization"},"potentialAction":[{"@type":"SearchAction","target":{"@type":"EntryPoint","urlTemplate":"https:\/\/www.webdo.tn\/fr\/?s={search_term_string}"},"query-input":{"@type":"PropertyValueSpecification","valueRequired":true,"valueName":"search_term_string"}}],"inLanguage":"fr-FR"},{"@type":"Organization","@id":"https:\/\/www.webdo.tn\/fr\/#organization","name":"Webdo","alternateName":"Webdo.tn","url":"https:\/\/www.webdo.tn\/fr\/","logo":{"@type":"ImageObject","inLanguage":"fr-FR","@id":"https:\/\/www.webdo.tn\/fr\/#\/schema\/logo\/image\/","url":"https:\/\/www.webdo.tn\/fr\/wp-content\/uploads\/2025\/06\/Webdo-Tunisie_168377.jpg","contentUrl":"https:\/\/www.webdo.tn\/fr\/wp-content\/uploads\/2025\/06\/Webdo-Tunisie_168377.jpg","width":301,"height":301,"caption":"Webdo"},"image":{"@id":"https:\/\/www.webdo.tn\/fr\/#\/schema\/logo\/image\/"},"sameAs":["https:\/\/www.facebook.com\/webdotn","https:\/\/x.com\/webdo_tn"],"description":"Webdo est un m\u00e9dia num\u00e9rique tunisien fond\u00e9 en 2010, sp\u00e9cialis\u00e9 dans l\u2019actualit\u00e9 nationale et internationale, l\u2019\u00e9conomie, la soci\u00e9t\u00e9 et les analyses politiques. Le site s\u2019adresse \u00e0 un large public francophone et couvre l\u2019information tunisienne en temps r\u00e9el.","email":"redac@webdo.tn","legalName":"YNJ SARL","foundingDate":"2010-09-06","numberOfEmployees":{"@type":"QuantitativeValue","minValue":"11","maxValue":"50"}},{"@type":"Person","@id":"https:\/\/www.webdo.tn\/fr\/#\/schema\/person\/f35b42a42c5e2511bbd282959d6385cc","name":"CL","image":{"@type":"ImageObject","inLanguage":"fr-FR","@id":"https:\/\/secure.gravatar.com\/avatar\/1447a49909b67aa657c488aec6512e1dd6143a480c1ecfee9b5b5cd74eb3b59e?s=96&d=mm&r=g","url":"https:\/\/secure.gravatar.com\/avatar\/1447a49909b67aa657c488aec6512e1dd6143a480c1ecfee9b5b5cd74eb3b59e?s=96&d=mm&r=g","contentUrl":"https:\/\/secure.gravatar.com\/avatar\/1447a49909b67aa657c488aec6512e1dd6143a480c1ecfee9b5b5cd74eb3b59e?s=96&d=mm&r=g","caption":"CL"},"url":"https:\/\/www.webdo.tn\/fr\/actualite\/author\/cl\/"}]}},"_links":{"self":[{"href":"https:\/\/www.webdo.tn\/fr\/wp-json\/wp\/v2\/posts\/204485","targetHints":{"allow":["GET"]}}],"collection":[{"href":"https:\/\/www.webdo.tn\/fr\/wp-json\/wp\/v2\/posts"}],"about":[{"href":"https:\/\/www.webdo.tn\/fr\/wp-json\/wp\/v2\/types\/post"}],"author":[{"embeddable":true,"href":"https:\/\/www.webdo.tn\/fr\/wp-json\/wp\/v2\/users\/3175"}],"replies":[{"embeddable":true,"href":"https:\/\/www.webdo.tn\/fr\/wp-json\/wp\/v2\/comments?post=204485"}],"version-history":[{"count":0,"href":"https:\/\/www.webdo.tn\/fr\/wp-json\/wp\/v2\/posts\/204485\/revisions"}],"wp:featuredmedia":[{"embeddable":true,"href":"https:\/\/www.webdo.tn\/fr\/wp-json\/wp\/v2\/media\/251540"}],"wp:attachment":[{"href":"https:\/\/www.webdo.tn\/fr\/wp-json\/wp\/v2\/media?parent=204485"}],"wp:term":[{"taxonomy":"category","embeddable":true,"href":"https:\/\/www.webdo.tn\/fr\/wp-json\/wp\/v2\/categories?post=204485"},{"taxonomy":"post_tag","embeddable":true,"href":"https:\/\/www.webdo.tn\/fr\/wp-json\/wp\/v2\/tags?post=204485"}],"curies":[{"name":"wp","href":"https:\/\/api.w.org\/{rel}","templated":true}]}}