{"id":204478,"date":"2023-04-02T09:03:00","date_gmt":"2023-04-02T09:03:00","guid":{"rendered":"https:\/\/www.webdo.tn\/fr\/blog\/tunisie-52-subsahariens-interpelles-pour-franchissement-illicite-des-frontieres\/204478\/"},"modified":"2025-05-20T22:44:28","modified_gmt":"2025-05-20T22:44:28","slug":"tunisie-52-subsahariens-interpelles-pour-franchissement-illicite-des-frontieres","status":"publish","type":"post","link":"https:\/\/www.webdo.tn\/fr\/actualite\/national\/tunisie-52-subsahariens-interpelles-pour-franchissement-illicite-des-frontieres\/204478\/","title":{"rendered":"Tunisie : 52 Subsahariens interpell\u00e9s pour franchissement illicite des fronti\u00e8res"},"content":{"rendered":"<p>Cinquante-deux migrants subsahariens ont \u00e9t\u00e9 interpell\u00e9s vendredi par les unit\u00e9s de la Garde nationale, pour franchissement illicite des fronti\u00e8res tuniso-alg\u00e9riennes, a fait savoir, le porte-parole de la Direction g\u00e9n\u00e9rale de la Garde nationale.<\/p>\n<p>\t\t\t\t\t\t\t\t\tSelon la m\u00eame source, le minist\u00e8re public a ordonn\u00e9 de prendre les mesures n\u00e9cessaires \u00e0 leur encontre.<\/p>\n","protected":false},"excerpt":{"rendered":"<p>Cinquante-deux migrants subsahariens ont \u00e9t\u00e9 interpell\u00e9s vendredi par les unit\u00e9s de la Garde nationale, pour franchissement illicite des fronti\u00e8res tuniso-alg\u00e9r&#8230;<\/p>\n","protected":false},"author":3175,"featured_media":251538,"comment_status":"open","ping_status":"closed","sticky":false,"template":"","format":"standard","meta":{"footnotes":""},"categories":[44],"tags":[3377,2608],"class_list":["post-204478","post","type-post","status-publish","format-standard","has-post-thumbnail","hentry","category-national","tag-subsahariens","tag-tunisie"],"yoast_head":"<!-- This site is optimized with the Yoast SEO Premium plugin v27.4 (Yoast SEO v27.4) - https:\/\/yoast.com\/product\/yoast-seo-premium-wordpress\/ -->\n<title>Tunisie : 52 Subsahariens interpell\u00e9s pour franchissement illicite des fronti\u00e8res<\/title>\n<meta name=\"description\" content=\"Cinquante-deux migrants subsahariens ont \u00e9t\u00e9 interpell\u00e9s vendredi par les unit\u00e9s de la Garde nationale, pour franchissement illicite des fronti\u00e8res tuniso-alg\u00e9r...\" \/>\n<link rel=\"canonical\" href=\"https:\/\/www.webdo.tn\/fr\/actualite\/national\/tunisie-52-subsahariens-interpelles-pour-franchissement-illicite-des-frontieres\/204478\/\" \/>\n<meta property=\"og:locale\" content=\"fr_FR\" \/>\n<meta property=\"og:type\" content=\"article\" \/>\n<meta property=\"og:title\" content=\"Tunisie : 52 Subsahariens interpell\u00e9s pour franchissement illicite des fronti\u00e8res\" \/>\n<meta property=\"og:description\" content=\"Cinquante-deux migrants subsahariens ont \u00e9t\u00e9 interpell\u00e9s vendredi par les unit\u00e9s de la Garde nationale, pour franchissement illicite des fronti\u00e8res tuniso-alg\u00e9r...\" \/>\n<meta property=\"og:url\" content=\"https:\/\/www.webdo.tn\/fr\/actualite\/national\/tunisie-52-subsahariens-interpelles-pour-franchissement-illicite-des-frontieres\/204478\/\" \/>\n<meta property=\"og:site_name\" content=\"webdo\" \/>\n<meta property=\"article:publisher\" content=\"https:\/\/www.facebook.com\/webdotn\" \/>\n<meta property=\"article:published_time\" content=\"2023-04-02T09:03:00+00:00\" \/>\n<meta property=\"article:modified_time\" content=\"2025-05-20T22:44:28+00:00\" \/>\n<meta property=\"og:image\" content=\"https:\/\/www.webdo.tn\/fr\/wp-content\/uploads\/2023\/04\/294388722dc6172128b0991ab534704b.jpg\" \/>\n\t<meta property=\"og:image:width\" content=\"512\" \/>\n\t<meta property=\"og:image:height\" content=\"273\" \/>\n\t<meta property=\"og:image:type\" content=\"image\/jpeg\" \/>\n<meta name=\"author\" content=\"CL\" \/>\n<meta name=\"twitter:card\" content=\"summary_large_image\" \/>\n<meta name=\"twitter:creator\" content=\"@webdo_tn\" \/>\n<meta name=\"twitter:site\" content=\"@webdo_tn\" \/>\n<meta name=\"twitter:label1\" content=\"\u00c9crit par\" \/>\n\t<meta name=\"twitter:data1\" content=\"CL\" \/>\n<script type=\"application\/ld+json\" class=\"yoast-schema-graph\">{\"@context\":\"https:\\\/\\\/schema.org\",\"@graph\":[{\"@type\":\"NewsArticle\",\"@id\":\"https:\\\/\\\/www.webdo.tn\\\/fr\\\/actualite\\\/national\\\/tunisie-52-subsahariens-interpelles-pour-franchissement-illicite-des-frontieres\\\/204478\\\/#article\",\"isPartOf\":{\"@id\":\"https:\\\/\\\/www.webdo.tn\\\/fr\\\/actualite\\\/national\\\/tunisie-52-subsahariens-interpelles-pour-franchissement-illicite-des-frontieres\\\/204478\\\/\"},\"author\":{\"name\":\"CL\",\"@id\":\"https:\\\/\\\/www.webdo.tn\\\/fr\\\/#\\\/schema\\\/person\\\/f35b42a42c5e2511bbd282959d6385cc\"},\"headline\":\"Tunisie : 52 Subsahariens interpell\u00e9s pour franchissement illicite des fronti\u00e8res\",\"datePublished\":\"2023-04-02T09:03:00+00:00\",\"dateModified\":\"2025-05-20T22:44:28+00:00\",\"mainEntityOfPage\":{\"@id\":\"https:\\\/\\\/www.webdo.tn\\\/fr\\\/actualite\\\/national\\\/tunisie-52-subsahariens-interpelles-pour-franchissement-illicite-des-frontieres\\\/204478\\\/\"},\"wordCount\":68,\"commentCount\":0,\"publisher\":{\"@id\":\"https:\\\/\\\/www.webdo.tn\\\/fr\\\/#organization\"},\"image\":{\"@id\":\"https:\\\/\\\/www.webdo.tn\\\/fr\\\/actualite\\\/national\\\/tunisie-52-subsahariens-interpelles-pour-franchissement-illicite-des-frontieres\\\/204478\\\/#primaryimage\"},\"thumbnailUrl\":\"https:\\\/\\\/www.webdo.tn\\\/fr\\\/wp-content\\\/uploads\\\/2023\\\/04\\\/294388722dc6172128b0991ab534704b.jpg\",\"keywords\":[\"Subsahariens\",\"Tunisie\"],\"articleSection\":[\"National\"],\"inLanguage\":\"fr-FR\"},{\"@type\":\"WebPage\",\"@id\":\"https:\\\/\\\/www.webdo.tn\\\/fr\\\/actualite\\\/national\\\/tunisie-52-subsahariens-interpelles-pour-franchissement-illicite-des-frontieres\\\/204478\\\/\",\"url\":\"https:\\\/\\\/www.webdo.tn\\\/fr\\\/actualite\\\/national\\\/tunisie-52-subsahariens-interpelles-pour-franchissement-illicite-des-frontieres\\\/204478\\\/\",\"name\":\"Tunisie : 52 Subsahariens interpell\u00e9s pour franchissement illicite des fronti\u00e8res\",\"isPartOf\":{\"@id\":\"https:\\\/\\\/www.webdo.tn\\\/fr\\\/#website\"},\"primaryImageOfPage\":{\"@id\":\"https:\\\/\\\/www.webdo.tn\\\/fr\\\/actualite\\\/national\\\/tunisie-52-subsahariens-interpelles-pour-franchissement-illicite-des-frontieres\\\/204478\\\/#primaryimage\"},\"image\":{\"@id\":\"https:\\\/\\\/www.webdo.tn\\\/fr\\\/actualite\\\/national\\\/tunisie-52-subsahariens-interpelles-pour-franchissement-illicite-des-frontieres\\\/204478\\\/#primaryimage\"},\"thumbnailUrl\":\"https:\\\/\\\/www.webdo.tn\\\/fr\\\/wp-content\\\/uploads\\\/2023\\\/04\\\/294388722dc6172128b0991ab534704b.jpg\",\"datePublished\":\"2023-04-02T09:03:00+00:00\",\"dateModified\":\"2025-05-20T22:44:28+00:00\",\"description\":\"Cinquante-deux migrants subsahariens ont \u00e9t\u00e9 interpell\u00e9s vendredi par les unit\u00e9s de la Garde nationale, pour franchissement illicite des fronti\u00e8res tuniso-alg\u00e9r...\",\"breadcrumb\":{\"@id\":\"https:\\\/\\\/www.webdo.tn\\\/fr\\\/actualite\\\/national\\\/tunisie-52-subsahariens-interpelles-pour-franchissement-illicite-des-frontieres\\\/204478\\\/#breadcrumb\"},\"inLanguage\":\"fr-FR\",\"potentialAction\":[{\"@type\":\"ReadAction\",\"target\":[\"https:\\\/\\\/www.webdo.tn\\\/fr\\\/actualite\\\/national\\\/tunisie-52-subsahariens-interpelles-pour-franchissement-illicite-des-frontieres\\\/204478\\\/\"]}]},{\"@type\":\"ImageObject\",\"inLanguage\":\"fr-FR\",\"@id\":\"https:\\\/\\\/www.webdo.tn\\\/fr\\\/actualite\\\/national\\\/tunisie-52-subsahariens-interpelles-pour-franchissement-illicite-des-frontieres\\\/204478\\\/#primaryimage\",\"url\":\"https:\\\/\\\/www.webdo.tn\\\/fr\\\/wp-content\\\/uploads\\\/2023\\\/04\\\/294388722dc6172128b0991ab534704b.jpg\",\"contentUrl\":\"https:\\\/\\\/www.webdo.tn\\\/fr\\\/wp-content\\\/uploads\\\/2023\\\/04\\\/294388722dc6172128b0991ab534704b.jpg\",\"width\":512,\"height\":273,\"caption\":\"Subsahariens\"},{\"@type\":\"BreadcrumbList\",\"@id\":\"https:\\\/\\\/www.webdo.tn\\\/fr\\\/actualite\\\/national\\\/tunisie-52-subsahariens-interpelles-pour-franchissement-illicite-des-frontieres\\\/204478\\\/#breadcrumb\",\"itemListElement\":[{\"@type\":\"ListItem\",\"position\":1,\"name\":\"Accueil\",\"item\":\"https:\\\/\\\/www.webdo.tn\\\/fr\\\/\"},{\"@type\":\"ListItem\",\"position\":2,\"name\":\"Tunisie : 52 Subsahariens interpell\u00e9s pour franchissement illicite des fronti\u00e8res\"}]},{\"@type\":\"WebSite\",\"@id\":\"https:\\\/\\\/www.webdo.tn\\\/fr\\\/#website\",\"url\":\"https:\\\/\\\/www.webdo.tn\\\/fr\\\/\",\"name\":\"webdo\",\"description\":\"Tunisie - News en Tunisie et \u00e0 l&#039;international sur Webdo.tn\",\"publisher\":{\"@id\":\"https:\\\/\\\/www.webdo.tn\\\/fr\\\/#organization\"},\"potentialAction\":[{\"@type\":\"SearchAction\",\"target\":{\"@type\":\"EntryPoint\",\"urlTemplate\":\"https:\\\/\\\/www.webdo.tn\\\/fr\\\/?s={search_term_string}\"},\"query-input\":{\"@type\":\"PropertyValueSpecification\",\"valueRequired\":true,\"valueName\":\"search_term_string\"}}],\"inLanguage\":\"fr-FR\"},{\"@type\":\"Organization\",\"@id\":\"https:\\\/\\\/www.webdo.tn\\\/fr\\\/#organization\",\"name\":\"Webdo\",\"alternateName\":\"Webdo.tn\",\"url\":\"https:\\\/\\\/www.webdo.tn\\\/fr\\\/\",\"logo\":{\"@type\":\"ImageObject\",\"inLanguage\":\"fr-FR\",\"@id\":\"https:\\\/\\\/www.webdo.tn\\\/fr\\\/#\\\/schema\\\/logo\\\/image\\\/\",\"url\":\"https:\\\/\\\/www.webdo.tn\\\/fr\\\/wp-content\\\/uploads\\\/2025\\\/06\\\/Webdo-Tunisie_168377.jpg\",\"contentUrl\":\"https:\\\/\\\/www.webdo.tn\\\/fr\\\/wp-content\\\/uploads\\\/2025\\\/06\\\/Webdo-Tunisie_168377.jpg\",\"width\":301,\"height\":301,\"caption\":\"Webdo\"},\"image\":{\"@id\":\"https:\\\/\\\/www.webdo.tn\\\/fr\\\/#\\\/schema\\\/logo\\\/image\\\/\"},\"sameAs\":[\"https:\\\/\\\/www.facebook.com\\\/webdotn\",\"https:\\\/\\\/x.com\\\/webdo_tn\"],\"description\":\"Webdo est un m\u00e9dia num\u00e9rique tunisien fond\u00e9 en 2010, sp\u00e9cialis\u00e9 dans l\u2019actualit\u00e9 nationale et internationale, l\u2019\u00e9conomie, la soci\u00e9t\u00e9 et les analyses politiques. Le site s\u2019adresse \u00e0 un large public francophone et couvre l\u2019information tunisienne en temps r\u00e9el.\",\"email\":\"redac@webdo.tn\",\"legalName\":\"YNJ SARL\",\"foundingDate\":\"2010-09-06\",\"numberOfEmployees\":{\"@type\":\"QuantitativeValue\",\"minValue\":\"11\",\"maxValue\":\"50\"}},{\"@type\":\"Person\",\"@id\":\"https:\\\/\\\/www.webdo.tn\\\/fr\\\/#\\\/schema\\\/person\\\/f35b42a42c5e2511bbd282959d6385cc\",\"name\":\"CL\",\"image\":{\"@type\":\"ImageObject\",\"inLanguage\":\"fr-FR\",\"@id\":\"https:\\\/\\\/secure.gravatar.com\\\/avatar\\\/1447a49909b67aa657c488aec6512e1dd6143a480c1ecfee9b5b5cd74eb3b59e?s=96&d=mm&r=g\",\"url\":\"https:\\\/\\\/secure.gravatar.com\\\/avatar\\\/1447a49909b67aa657c488aec6512e1dd6143a480c1ecfee9b5b5cd74eb3b59e?s=96&d=mm&r=g\",\"contentUrl\":\"https:\\\/\\\/secure.gravatar.com\\\/avatar\\\/1447a49909b67aa657c488aec6512e1dd6143a480c1ecfee9b5b5cd74eb3b59e?s=96&d=mm&r=g\",\"caption\":\"CL\"},\"url\":\"https:\\\/\\\/www.webdo.tn\\\/fr\\\/actualite\\\/author\\\/cl\\\/\"}]}<\/script>\n<!-- \/ Yoast SEO Premium plugin. -->","yoast_head_json":{"title":"Tunisie : 52 Subsahariens interpell\u00e9s pour franchissement illicite des fronti\u00e8res","description":"Cinquante-deux migrants subsahariens ont \u00e9t\u00e9 interpell\u00e9s vendredi par les unit\u00e9s de la Garde nationale, pour franchissement illicite des fronti\u00e8res tuniso-alg\u00e9r...","canonical":"https:\/\/www.webdo.tn\/fr\/actualite\/national\/tunisie-52-subsahariens-interpelles-pour-franchissement-illicite-des-frontieres\/204478\/","og_locale":"fr_FR","og_type":"article","og_title":"Tunisie : 52 Subsahariens interpell\u00e9s pour franchissement illicite des fronti\u00e8res","og_description":"Cinquante-deux migrants subsahariens ont \u00e9t\u00e9 interpell\u00e9s vendredi par les unit\u00e9s de la Garde nationale, pour franchissement illicite des fronti\u00e8res tuniso-alg\u00e9r...","og_url":"https:\/\/www.webdo.tn\/fr\/actualite\/national\/tunisie-52-subsahariens-interpelles-pour-franchissement-illicite-des-frontieres\/204478\/","og_site_name":"webdo","article_publisher":"https:\/\/www.facebook.com\/webdotn","article_published_time":"2023-04-02T09:03:00+00:00","article_modified_time":"2025-05-20T22:44:28+00:00","og_image":[{"width":512,"height":273,"url":"https:\/\/www.webdo.tn\/fr\/wp-content\/uploads\/2023\/04\/294388722dc6172128b0991ab534704b.jpg","type":"image\/jpeg"}],"author":"CL","twitter_card":"summary_large_image","twitter_creator":"@webdo_tn","twitter_site":"@webdo_tn","twitter_misc":{"\u00c9crit par":"CL"},"schema":{"@context":"https:\/\/schema.org","@graph":[{"@type":"NewsArticle","@id":"https:\/\/www.webdo.tn\/fr\/actualite\/national\/tunisie-52-subsahariens-interpelles-pour-franchissement-illicite-des-frontieres\/204478\/#article","isPartOf":{"@id":"https:\/\/www.webdo.tn\/fr\/actualite\/national\/tunisie-52-subsahariens-interpelles-pour-franchissement-illicite-des-frontieres\/204478\/"},"author":{"name":"CL","@id":"https:\/\/www.webdo.tn\/fr\/#\/schema\/person\/f35b42a42c5e2511bbd282959d6385cc"},"headline":"Tunisie : 52 Subsahariens interpell\u00e9s pour franchissement illicite des fronti\u00e8res","datePublished":"2023-04-02T09:03:00+00:00","dateModified":"2025-05-20T22:44:28+00:00","mainEntityOfPage":{"@id":"https:\/\/www.webdo.tn\/fr\/actualite\/national\/tunisie-52-subsahariens-interpelles-pour-franchissement-illicite-des-frontieres\/204478\/"},"wordCount":68,"commentCount":0,"publisher":{"@id":"https:\/\/www.webdo.tn\/fr\/#organization"},"image":{"@id":"https:\/\/www.webdo.tn\/fr\/actualite\/national\/tunisie-52-subsahariens-interpelles-pour-franchissement-illicite-des-frontieres\/204478\/#primaryimage"},"thumbnailUrl":"https:\/\/www.webdo.tn\/fr\/wp-content\/uploads\/2023\/04\/294388722dc6172128b0991ab534704b.jpg","keywords":["Subsahariens","Tunisie"],"articleSection":["National"],"inLanguage":"fr-FR"},{"@type":"WebPage","@id":"https:\/\/www.webdo.tn\/fr\/actualite\/national\/tunisie-52-subsahariens-interpelles-pour-franchissement-illicite-des-frontieres\/204478\/","url":"https:\/\/www.webdo.tn\/fr\/actualite\/national\/tunisie-52-subsahariens-interpelles-pour-franchissement-illicite-des-frontieres\/204478\/","name":"Tunisie : 52 Subsahariens interpell\u00e9s pour franchissement illicite des fronti\u00e8res","isPartOf":{"@id":"https:\/\/www.webdo.tn\/fr\/#website"},"primaryImageOfPage":{"@id":"https:\/\/www.webdo.tn\/fr\/actualite\/national\/tunisie-52-subsahariens-interpelles-pour-franchissement-illicite-des-frontieres\/204478\/#primaryimage"},"image":{"@id":"https:\/\/www.webdo.tn\/fr\/actualite\/national\/tunisie-52-subsahariens-interpelles-pour-franchissement-illicite-des-frontieres\/204478\/#primaryimage"},"thumbnailUrl":"https:\/\/www.webdo.tn\/fr\/wp-content\/uploads\/2023\/04\/294388722dc6172128b0991ab534704b.jpg","datePublished":"2023-04-02T09:03:00+00:00","dateModified":"2025-05-20T22:44:28+00:00","description":"Cinquante-deux migrants subsahariens ont \u00e9t\u00e9 interpell\u00e9s vendredi par les unit\u00e9s de la Garde nationale, pour franchissement illicite des fronti\u00e8res tuniso-alg\u00e9r...","breadcrumb":{"@id":"https:\/\/www.webdo.tn\/fr\/actualite\/national\/tunisie-52-subsahariens-interpelles-pour-franchissement-illicite-des-frontieres\/204478\/#breadcrumb"},"inLanguage":"fr-FR","potentialAction":[{"@type":"ReadAction","target":["https:\/\/www.webdo.tn\/fr\/actualite\/national\/tunisie-52-subsahariens-interpelles-pour-franchissement-illicite-des-frontieres\/204478\/"]}]},{"@type":"ImageObject","inLanguage":"fr-FR","@id":"https:\/\/www.webdo.tn\/fr\/actualite\/national\/tunisie-52-subsahariens-interpelles-pour-franchissement-illicite-des-frontieres\/204478\/#primaryimage","url":"https:\/\/www.webdo.tn\/fr\/wp-content\/uploads\/2023\/04\/294388722dc6172128b0991ab534704b.jpg","contentUrl":"https:\/\/www.webdo.tn\/fr\/wp-content\/uploads\/2023\/04\/294388722dc6172128b0991ab534704b.jpg","width":512,"height":273,"caption":"Subsahariens"},{"@type":"BreadcrumbList","@id":"https:\/\/www.webdo.tn\/fr\/actualite\/national\/tunisie-52-subsahariens-interpelles-pour-franchissement-illicite-des-frontieres\/204478\/#breadcrumb","itemListElement":[{"@type":"ListItem","position":1,"name":"Accueil","item":"https:\/\/www.webdo.tn\/fr\/"},{"@type":"ListItem","position":2,"name":"Tunisie : 52 Subsahariens interpell\u00e9s pour franchissement illicite des fronti\u00e8res"}]},{"@type":"WebSite","@id":"https:\/\/www.webdo.tn\/fr\/#website","url":"https:\/\/www.webdo.tn\/fr\/","name":"webdo","description":"Tunisie - News en Tunisie et \u00e0 l&#039;international sur Webdo.tn","publisher":{"@id":"https:\/\/www.webdo.tn\/fr\/#organization"},"potentialAction":[{"@type":"SearchAction","target":{"@type":"EntryPoint","urlTemplate":"https:\/\/www.webdo.tn\/fr\/?s={search_term_string}"},"query-input":{"@type":"PropertyValueSpecification","valueRequired":true,"valueName":"search_term_string"}}],"inLanguage":"fr-FR"},{"@type":"Organization","@id":"https:\/\/www.webdo.tn\/fr\/#organization","name":"Webdo","alternateName":"Webdo.tn","url":"https:\/\/www.webdo.tn\/fr\/","logo":{"@type":"ImageObject","inLanguage":"fr-FR","@id":"https:\/\/www.webdo.tn\/fr\/#\/schema\/logo\/image\/","url":"https:\/\/www.webdo.tn\/fr\/wp-content\/uploads\/2025\/06\/Webdo-Tunisie_168377.jpg","contentUrl":"https:\/\/www.webdo.tn\/fr\/wp-content\/uploads\/2025\/06\/Webdo-Tunisie_168377.jpg","width":301,"height":301,"caption":"Webdo"},"image":{"@id":"https:\/\/www.webdo.tn\/fr\/#\/schema\/logo\/image\/"},"sameAs":["https:\/\/www.facebook.com\/webdotn","https:\/\/x.com\/webdo_tn"],"description":"Webdo est un m\u00e9dia num\u00e9rique tunisien fond\u00e9 en 2010, sp\u00e9cialis\u00e9 dans l\u2019actualit\u00e9 nationale et internationale, l\u2019\u00e9conomie, la soci\u00e9t\u00e9 et les analyses politiques. Le site s\u2019adresse \u00e0 un large public francophone et couvre l\u2019information tunisienne en temps r\u00e9el.","email":"redac@webdo.tn","legalName":"YNJ SARL","foundingDate":"2010-09-06","numberOfEmployees":{"@type":"QuantitativeValue","minValue":"11","maxValue":"50"}},{"@type":"Person","@id":"https:\/\/www.webdo.tn\/fr\/#\/schema\/person\/f35b42a42c5e2511bbd282959d6385cc","name":"CL","image":{"@type":"ImageObject","inLanguage":"fr-FR","@id":"https:\/\/secure.gravatar.com\/avatar\/1447a49909b67aa657c488aec6512e1dd6143a480c1ecfee9b5b5cd74eb3b59e?s=96&d=mm&r=g","url":"https:\/\/secure.gravatar.com\/avatar\/1447a49909b67aa657c488aec6512e1dd6143a480c1ecfee9b5b5cd74eb3b59e?s=96&d=mm&r=g","contentUrl":"https:\/\/secure.gravatar.com\/avatar\/1447a49909b67aa657c488aec6512e1dd6143a480c1ecfee9b5b5cd74eb3b59e?s=96&d=mm&r=g","caption":"CL"},"url":"https:\/\/www.webdo.tn\/fr\/actualite\/author\/cl\/"}]}},"_links":{"self":[{"href":"https:\/\/www.webdo.tn\/fr\/wp-json\/wp\/v2\/posts\/204478","targetHints":{"allow":["GET"]}}],"collection":[{"href":"https:\/\/www.webdo.tn\/fr\/wp-json\/wp\/v2\/posts"}],"about":[{"href":"https:\/\/www.webdo.tn\/fr\/wp-json\/wp\/v2\/types\/post"}],"author":[{"embeddable":true,"href":"https:\/\/www.webdo.tn\/fr\/wp-json\/wp\/v2\/users\/3175"}],"replies":[{"embeddable":true,"href":"https:\/\/www.webdo.tn\/fr\/wp-json\/wp\/v2\/comments?post=204478"}],"version-history":[{"count":0,"href":"https:\/\/www.webdo.tn\/fr\/wp-json\/wp\/v2\/posts\/204478\/revisions"}],"wp:featuredmedia":[{"embeddable":true,"href":"https:\/\/www.webdo.tn\/fr\/wp-json\/wp\/v2\/media\/251538"}],"wp:attachment":[{"href":"https:\/\/www.webdo.tn\/fr\/wp-json\/wp\/v2\/media?parent=204478"}],"wp:term":[{"taxonomy":"category","embeddable":true,"href":"https:\/\/www.webdo.tn\/fr\/wp-json\/wp\/v2\/categories?post=204478"},{"taxonomy":"post_tag","embeddable":true,"href":"https:\/\/www.webdo.tn\/fr\/wp-json\/wp\/v2\/tags?post=204478"}],"curies":[{"name":"wp","href":"https:\/\/api.w.org\/{rel}","templated":true}]}}