{"id":204471,"date":"2023-04-01T09:46:00","date_gmt":"2023-04-01T09:46:00","guid":{"rendered":"https:\/\/www.webdo.tn\/fr\/blog\/nabil-ammar-a-son-homologue-francaise-la-tunisie-a-adhere-a-un-processus-irreversible\/204471\/"},"modified":"2025-05-20T22:08:18","modified_gmt":"2025-05-20T22:08:18","slug":"nabil-ammar-a-son-homologue-francaise-la-tunisie-a-adhere-a-un-processus-irreversible","status":"publish","type":"post","link":"https:\/\/www.webdo.tn\/fr\/actualite\/national\/nabil-ammar-a-son-homologue-francaise-la-tunisie-a-adhere-a-un-processus-irreversible\/204471\/","title":{"rendered":"Nabil Ammar \u00e0 son homologue fran\u00e7aise : \u00ab\u00a0La Tunisie a adh\u00e9r\u00e9 \u00e0 un processus irr\u00e9versible\u2026\u00a0\u00bb"},"content":{"rendered":"<p>Le ministre des Affaires Etrang\u00e8res, de la Migration et des Tunisiens \u00e0 l\u2019Etranger, Nabil Ammar et son homologue fran\u00e7aise, Catherine Colonna ont convenu, lors d\u2019un entretien t\u00e9l\u00e9phonique de programmer une rencontre dans les plus brefs d\u00e9lais et d\u2019organiser, en 2023, la quatri\u00e8me session du Haut Conseil de Coop\u00e9ration (HCC) \u00e0 Paris.<\/p>\n<p>\t\t\t\t\t\t\t\t\tL\u2019information a \u00e9t\u00e9 annonc\u00e9e par le minist\u00e8re des Affaires \u00e9trang\u00e8res, dans un communiqu\u00e9 publi\u00e9, vendredi 31 mars 2023.<\/p>\n<p>\u00ab\u00a0La Tunisie compte sur la compr\u00e9hension de ses partenaires de la sp\u00e9cificit\u00e9 de la p\u00e9riode que traverse notre pays qui a adh\u00e9r\u00e9 \u00e0 un processus irr\u00e9versible de mise en place d&rsquo;une vraie d\u00e9mocratie et un mod\u00e8le de d\u00e9veloppement juste et inclusif r\u00e9pondant aux aspirations du peuple, au vu de l\u2019exp\u00e9rience v\u00e9cue lors de la d\u00e9cennie \u00e9coul\u00e9e\u00a0\u00bb a notamment d\u00e9clar\u00e9 Nabil Ammar.<\/p>\n<p>Pour sa part, Colonna a exprim\u00e9 \u00ab\u00a0la disposition de son pays \u00e0 renforcer davantage la coop\u00e9ration avec la Tunisie et \u00e0 se tenir \u00e0 ses c\u00f4t\u00e9s afin de relever les d\u00e9fis \u00e9conomiques auxquels elle est confront\u00e9e\u00a0\u00bb.<\/p>\n","protected":false},"excerpt":{"rendered":"<p>Le ministre des Affaires Etrang\u00e8res, Nabil Ammar et son homologue fran\u00e7aise, Catherine Colonna ont convenu de programmer une rencontre dans les plus brefs d\u00e9lai&#8230;<\/p>\n","protected":false},"author":3162,"featured_media":277992,"comment_status":"open","ping_status":"closed","sticky":false,"template":"","format":"standard","meta":{"footnotes":""},"categories":[44],"tags":[2998,2608],"class_list":["post-204471","post","type-post","status-publish","format-standard","has-post-thumbnail","hentry","category-national","tag-france","tag-tunisie"],"yoast_head":"<!-- This site is optimized with the Yoast SEO Premium plugin v27.5 (Yoast SEO v27.5) - https:\/\/yoast.com\/product\/yoast-seo-premium-wordpress\/ -->\n<title>Nabil Ammar \u00e0 son homologue fran\u00e7aise : La Tunisie a adh\u00e9r\u00e9 \u00e0 un processus irr\u00e9versible\u2026<\/title>\n<meta name=\"description\" content=\"Le ministre des Affaires Etrang\u00e8res, Nabil Ammar et son homologue fran\u00e7aise, Catherine Colonna ont convenu de programmer une rencontre dans les plus brefs d\u00e9lai...\" \/>\n<link rel=\"canonical\" href=\"https:\/\/www.webdo.tn\/fr\/actualite\/national\/nabil-ammar-a-son-homologue-francaise-la-tunisie-a-adhere-a-un-processus-irreversible\/204471\/\" \/>\n<meta property=\"og:locale\" content=\"fr_FR\" \/>\n<meta property=\"og:type\" content=\"article\" \/>\n<meta property=\"og:title\" content=\"Nabil Ammar \u00e0 son homologue fran\u00e7aise : &quot;La Tunisie a adh\u00e9r\u00e9 \u00e0 un processus irr\u00e9versible\u2026&quot;\" \/>\n<meta property=\"og:description\" content=\"Le ministre des Affaires Etrang\u00e8res, Nabil Ammar et son homologue fran\u00e7aise, Catherine Colonna ont convenu de programmer une rencontre dans les plus brefs d\u00e9lai...\" \/>\n<meta property=\"og:url\" content=\"https:\/\/www.webdo.tn\/fr\/actualite\/national\/nabil-ammar-a-son-homologue-francaise-la-tunisie-a-adhere-a-un-processus-irreversible\/204471\/\" \/>\n<meta property=\"og:site_name\" content=\"webdo\" \/>\n<meta property=\"article:publisher\" content=\"https:\/\/www.facebook.com\/webdotn\" \/>\n<meta property=\"article:published_time\" content=\"2023-04-01T09:46:00+00:00\" \/>\n<meta property=\"article:modified_time\" content=\"2025-05-20T22:08:18+00:00\" \/>\n<meta property=\"og:image\" content=\"https:\/\/www.webdo.tn\/fr\/wp-content\/uploads\/2023\/04\/6b666ccbd0114645ba9aa640bbc786b9.jpg\" \/>\n\t<meta property=\"og:image:width\" content=\"750\" \/>\n\t<meta property=\"og:image:height\" content=\"400\" \/>\n\t<meta property=\"og:image:type\" content=\"image\/jpeg\" \/>\n<meta name=\"author\" content=\"MC\" \/>\n<meta name=\"twitter:card\" content=\"summary_large_image\" \/>\n<meta name=\"twitter:creator\" content=\"@webdo_tn\" \/>\n<meta name=\"twitter:site\" content=\"@webdo_tn\" \/>\n<meta name=\"twitter:label1\" content=\"\u00c9crit par\" \/>\n\t<meta name=\"twitter:data1\" content=\"MC\" \/>\n\t<meta name=\"twitter:label2\" content=\"Dur\u00e9e de lecture estim\u00e9e\" \/>\n\t<meta name=\"twitter:data2\" content=\"1 minute\" \/>\n<script type=\"application\/ld+json\" class=\"yoast-schema-graph\">{\"@context\":\"https:\\\/\\\/schema.org\",\"@graph\":[{\"@type\":\"NewsArticle\",\"@id\":\"https:\\\/\\\/www.webdo.tn\\\/fr\\\/actualite\\\/national\\\/nabil-ammar-a-son-homologue-francaise-la-tunisie-a-adhere-a-un-processus-irreversible\\\/204471\\\/#article\",\"isPartOf\":{\"@id\":\"https:\\\/\\\/www.webdo.tn\\\/fr\\\/actualite\\\/national\\\/nabil-ammar-a-son-homologue-francaise-la-tunisie-a-adhere-a-un-processus-irreversible\\\/204471\\\/\"},\"author\":{\"name\":\"MC\",\"@id\":\"https:\\\/\\\/www.webdo.tn\\\/fr\\\/#\\\/schema\\\/person\\\/2c4929cbf5a809e3bd38617c6ce150f6\"},\"headline\":\"Nabil Ammar \u00e0 son homologue fran\u00e7aise : \u00ab\u00a0La Tunisie a adh\u00e9r\u00e9 \u00e0 un processus irr\u00e9versible\u2026\u00a0\u00bb\",\"datePublished\":\"2023-04-01T09:46:00+00:00\",\"dateModified\":\"2025-05-20T22:08:18+00:00\",\"mainEntityOfPage\":{\"@id\":\"https:\\\/\\\/www.webdo.tn\\\/fr\\\/actualite\\\/national\\\/nabil-ammar-a-son-homologue-francaise-la-tunisie-a-adhere-a-un-processus-irreversible\\\/204471\\\/\"},\"wordCount\":207,\"commentCount\":0,\"publisher\":{\"@id\":\"https:\\\/\\\/www.webdo.tn\\\/fr\\\/#organization\"},\"image\":{\"@id\":\"https:\\\/\\\/www.webdo.tn\\\/fr\\\/actualite\\\/national\\\/nabil-ammar-a-son-homologue-francaise-la-tunisie-a-adhere-a-un-processus-irreversible\\\/204471\\\/#primaryimage\"},\"thumbnailUrl\":\"https:\\\/\\\/www.webdo.tn\\\/fr\\\/wp-content\\\/uploads\\\/2023\\\/04\\\/6b666ccbd0114645ba9aa640bbc786b9.jpg\",\"keywords\":[\"france\",\"Tunisie\"],\"articleSection\":[\"National\"],\"inLanguage\":\"fr-FR\"},{\"@type\":\"WebPage\",\"@id\":\"https:\\\/\\\/www.webdo.tn\\\/fr\\\/actualite\\\/national\\\/nabil-ammar-a-son-homologue-francaise-la-tunisie-a-adhere-a-un-processus-irreversible\\\/204471\\\/\",\"url\":\"https:\\\/\\\/www.webdo.tn\\\/fr\\\/actualite\\\/national\\\/nabil-ammar-a-son-homologue-francaise-la-tunisie-a-adhere-a-un-processus-irreversible\\\/204471\\\/\",\"name\":\"Nabil Ammar \u00e0 son homologue fran\u00e7aise : La Tunisie a adh\u00e9r\u00e9 \u00e0 un processus irr\u00e9versible\u2026\",\"isPartOf\":{\"@id\":\"https:\\\/\\\/www.webdo.tn\\\/fr\\\/#website\"},\"primaryImageOfPage\":{\"@id\":\"https:\\\/\\\/www.webdo.tn\\\/fr\\\/actualite\\\/national\\\/nabil-ammar-a-son-homologue-francaise-la-tunisie-a-adhere-a-un-processus-irreversible\\\/204471\\\/#primaryimage\"},\"image\":{\"@id\":\"https:\\\/\\\/www.webdo.tn\\\/fr\\\/actualite\\\/national\\\/nabil-ammar-a-son-homologue-francaise-la-tunisie-a-adhere-a-un-processus-irreversible\\\/204471\\\/#primaryimage\"},\"thumbnailUrl\":\"https:\\\/\\\/www.webdo.tn\\\/fr\\\/wp-content\\\/uploads\\\/2023\\\/04\\\/6b666ccbd0114645ba9aa640bbc786b9.jpg\",\"datePublished\":\"2023-04-01T09:46:00+00:00\",\"dateModified\":\"2025-05-20T22:08:18+00:00\",\"description\":\"Le ministre des Affaires Etrang\u00e8res, Nabil Ammar et son homologue fran\u00e7aise, Catherine Colonna ont convenu de programmer une rencontre dans les plus brefs d\u00e9lai...\",\"breadcrumb\":{\"@id\":\"https:\\\/\\\/www.webdo.tn\\\/fr\\\/actualite\\\/national\\\/nabil-ammar-a-son-homologue-francaise-la-tunisie-a-adhere-a-un-processus-irreversible\\\/204471\\\/#breadcrumb\"},\"inLanguage\":\"fr-FR\",\"potentialAction\":[{\"@type\":\"ReadAction\",\"target\":[\"https:\\\/\\\/www.webdo.tn\\\/fr\\\/actualite\\\/national\\\/nabil-ammar-a-son-homologue-francaise-la-tunisie-a-adhere-a-un-processus-irreversible\\\/204471\\\/\"]}]},{\"@type\":\"ImageObject\",\"inLanguage\":\"fr-FR\",\"@id\":\"https:\\\/\\\/www.webdo.tn\\\/fr\\\/actualite\\\/national\\\/nabil-ammar-a-son-homologue-francaise-la-tunisie-a-adhere-a-un-processus-irreversible\\\/204471\\\/#primaryimage\",\"url\":\"https:\\\/\\\/www.webdo.tn\\\/fr\\\/wp-content\\\/uploads\\\/2023\\\/04\\\/6b666ccbd0114645ba9aa640bbc786b9.jpg\",\"contentUrl\":\"https:\\\/\\\/www.webdo.tn\\\/fr\\\/wp-content\\\/uploads\\\/2023\\\/04\\\/6b666ccbd0114645ba9aa640bbc786b9.jpg\",\"width\":750,\"height\":400,\"caption\":\"Nabil Ammar \u00e0 son homologue fran\u00e7aise : \\\"La Tunisie a adh\u00e9r\u00e9 \u00e0 un processus irr\u00e9versible\u2026\\\"\"},{\"@type\":\"BreadcrumbList\",\"@id\":\"https:\\\/\\\/www.webdo.tn\\\/fr\\\/actualite\\\/national\\\/nabil-ammar-a-son-homologue-francaise-la-tunisie-a-adhere-a-un-processus-irreversible\\\/204471\\\/#breadcrumb\",\"itemListElement\":[{\"@type\":\"ListItem\",\"position\":1,\"name\":\"Accueil\",\"item\":\"https:\\\/\\\/www.webdo.tn\\\/fr\\\/\"},{\"@type\":\"ListItem\",\"position\":2,\"name\":\"Nabil Ammar \u00e0 son homologue fran\u00e7aise : \u00ab\u00a0La Tunisie a adh\u00e9r\u00e9 \u00e0 un processus irr\u00e9versible\u2026\u00a0\u00bb\"}]},{\"@type\":\"WebSite\",\"@id\":\"https:\\\/\\\/www.webdo.tn\\\/fr\\\/#website\",\"url\":\"https:\\\/\\\/www.webdo.tn\\\/fr\\\/\",\"name\":\"webdo\",\"description\":\"Tunisie - News en Tunisie et \u00e0 l&#039;international sur Webdo.tn\",\"publisher\":{\"@id\":\"https:\\\/\\\/www.webdo.tn\\\/fr\\\/#organization\"},\"potentialAction\":[{\"@type\":\"SearchAction\",\"target\":{\"@type\":\"EntryPoint\",\"urlTemplate\":\"https:\\\/\\\/www.webdo.tn\\\/fr\\\/?s={search_term_string}\"},\"query-input\":{\"@type\":\"PropertyValueSpecification\",\"valueRequired\":true,\"valueName\":\"search_term_string\"}}],\"inLanguage\":\"fr-FR\"},{\"@type\":\"Organization\",\"@id\":\"https:\\\/\\\/www.webdo.tn\\\/fr\\\/#organization\",\"name\":\"Webdo\",\"alternateName\":\"Webdo.tn\",\"url\":\"https:\\\/\\\/www.webdo.tn\\\/fr\\\/\",\"logo\":{\"@type\":\"ImageObject\",\"inLanguage\":\"fr-FR\",\"@id\":\"https:\\\/\\\/www.webdo.tn\\\/fr\\\/#\\\/schema\\\/logo\\\/image\\\/\",\"url\":\"https:\\\/\\\/www.webdo.tn\\\/fr\\\/wp-content\\\/uploads\\\/2025\\\/06\\\/Webdo-Tunisie_168377.jpg\",\"contentUrl\":\"https:\\\/\\\/www.webdo.tn\\\/fr\\\/wp-content\\\/uploads\\\/2025\\\/06\\\/Webdo-Tunisie_168377.jpg\",\"width\":301,\"height\":301,\"caption\":\"Webdo\"},\"image\":{\"@id\":\"https:\\\/\\\/www.webdo.tn\\\/fr\\\/#\\\/schema\\\/logo\\\/image\\\/\"},\"sameAs\":[\"https:\\\/\\\/www.facebook.com\\\/webdotn\",\"https:\\\/\\\/x.com\\\/webdo_tn\"],\"description\":\"Webdo est un m\u00e9dia num\u00e9rique tunisien fond\u00e9 en 2010, sp\u00e9cialis\u00e9 dans l\u2019actualit\u00e9 nationale et internationale, l\u2019\u00e9conomie, la soci\u00e9t\u00e9 et les analyses politiques. Le site s\u2019adresse \u00e0 un large public francophone et couvre l\u2019information tunisienne en temps r\u00e9el.\",\"email\":\"redac@webdo.tn\",\"legalName\":\"YNJ SARL\",\"foundingDate\":\"2010-09-06\",\"numberOfEmployees\":{\"@type\":\"QuantitativeValue\",\"minValue\":\"11\",\"maxValue\":\"50\"}},{\"@type\":\"Person\",\"@id\":\"https:\\\/\\\/www.webdo.tn\\\/fr\\\/#\\\/schema\\\/person\\\/2c4929cbf5a809e3bd38617c6ce150f6\",\"name\":\"MC\",\"image\":{\"@type\":\"ImageObject\",\"inLanguage\":\"fr-FR\",\"@id\":\"https:\\\/\\\/secure.gravatar.com\\\/avatar\\\/a545bbb6f84efdd5553dbbc2895e3ca8f1d12c5215e00a041c9670b54aa9b18a?s=96&d=mm&r=g\",\"url\":\"https:\\\/\\\/secure.gravatar.com\\\/avatar\\\/a545bbb6f84efdd5553dbbc2895e3ca8f1d12c5215e00a041c9670b54aa9b18a?s=96&d=mm&r=g\",\"contentUrl\":\"https:\\\/\\\/secure.gravatar.com\\\/avatar\\\/a545bbb6f84efdd5553dbbc2895e3ca8f1d12c5215e00a041c9670b54aa9b18a?s=96&d=mm&r=g\",\"caption\":\"MC\"},\"url\":\"https:\\\/\\\/www.webdo.tn\\\/fr\\\/actualite\\\/author\\\/mc\\\/\"}]}<\/script>\n<!-- \/ Yoast SEO Premium plugin. -->","yoast_head_json":{"title":"Nabil Ammar \u00e0 son homologue fran\u00e7aise : La Tunisie a adh\u00e9r\u00e9 \u00e0 un processus irr\u00e9versible\u2026","description":"Le ministre des Affaires Etrang\u00e8res, Nabil Ammar et son homologue fran\u00e7aise, Catherine Colonna ont convenu de programmer une rencontre dans les plus brefs d\u00e9lai...","canonical":"https:\/\/www.webdo.tn\/fr\/actualite\/national\/nabil-ammar-a-son-homologue-francaise-la-tunisie-a-adhere-a-un-processus-irreversible\/204471\/","og_locale":"fr_FR","og_type":"article","og_title":"Nabil Ammar \u00e0 son homologue fran\u00e7aise : \"La Tunisie a adh\u00e9r\u00e9 \u00e0 un processus irr\u00e9versible\u2026\"","og_description":"Le ministre des Affaires Etrang\u00e8res, Nabil Ammar et son homologue fran\u00e7aise, Catherine Colonna ont convenu de programmer une rencontre dans les plus brefs d\u00e9lai...","og_url":"https:\/\/www.webdo.tn\/fr\/actualite\/national\/nabil-ammar-a-son-homologue-francaise-la-tunisie-a-adhere-a-un-processus-irreversible\/204471\/","og_site_name":"webdo","article_publisher":"https:\/\/www.facebook.com\/webdotn","article_published_time":"2023-04-01T09:46:00+00:00","article_modified_time":"2025-05-20T22:08:18+00:00","og_image":[{"width":750,"height":400,"url":"https:\/\/www.webdo.tn\/fr\/wp-content\/uploads\/2023\/04\/6b666ccbd0114645ba9aa640bbc786b9.jpg","type":"image\/jpeg"}],"author":"MC","twitter_card":"summary_large_image","twitter_creator":"@webdo_tn","twitter_site":"@webdo_tn","twitter_misc":{"\u00c9crit par":"MC","Dur\u00e9e de lecture estim\u00e9e":"1 minute"},"schema":{"@context":"https:\/\/schema.org","@graph":[{"@type":"NewsArticle","@id":"https:\/\/www.webdo.tn\/fr\/actualite\/national\/nabil-ammar-a-son-homologue-francaise-la-tunisie-a-adhere-a-un-processus-irreversible\/204471\/#article","isPartOf":{"@id":"https:\/\/www.webdo.tn\/fr\/actualite\/national\/nabil-ammar-a-son-homologue-francaise-la-tunisie-a-adhere-a-un-processus-irreversible\/204471\/"},"author":{"name":"MC","@id":"https:\/\/www.webdo.tn\/fr\/#\/schema\/person\/2c4929cbf5a809e3bd38617c6ce150f6"},"headline":"Nabil Ammar \u00e0 son homologue fran\u00e7aise : \u00ab\u00a0La Tunisie a adh\u00e9r\u00e9 \u00e0 un processus irr\u00e9versible\u2026\u00a0\u00bb","datePublished":"2023-04-01T09:46:00+00:00","dateModified":"2025-05-20T22:08:18+00:00","mainEntityOfPage":{"@id":"https:\/\/www.webdo.tn\/fr\/actualite\/national\/nabil-ammar-a-son-homologue-francaise-la-tunisie-a-adhere-a-un-processus-irreversible\/204471\/"},"wordCount":207,"commentCount":0,"publisher":{"@id":"https:\/\/www.webdo.tn\/fr\/#organization"},"image":{"@id":"https:\/\/www.webdo.tn\/fr\/actualite\/national\/nabil-ammar-a-son-homologue-francaise-la-tunisie-a-adhere-a-un-processus-irreversible\/204471\/#primaryimage"},"thumbnailUrl":"https:\/\/www.webdo.tn\/fr\/wp-content\/uploads\/2023\/04\/6b666ccbd0114645ba9aa640bbc786b9.jpg","keywords":["france","Tunisie"],"articleSection":["National"],"inLanguage":"fr-FR"},{"@type":"WebPage","@id":"https:\/\/www.webdo.tn\/fr\/actualite\/national\/nabil-ammar-a-son-homologue-francaise-la-tunisie-a-adhere-a-un-processus-irreversible\/204471\/","url":"https:\/\/www.webdo.tn\/fr\/actualite\/national\/nabil-ammar-a-son-homologue-francaise-la-tunisie-a-adhere-a-un-processus-irreversible\/204471\/","name":"Nabil Ammar \u00e0 son homologue fran\u00e7aise : La Tunisie a adh\u00e9r\u00e9 \u00e0 un processus irr\u00e9versible\u2026","isPartOf":{"@id":"https:\/\/www.webdo.tn\/fr\/#website"},"primaryImageOfPage":{"@id":"https:\/\/www.webdo.tn\/fr\/actualite\/national\/nabil-ammar-a-son-homologue-francaise-la-tunisie-a-adhere-a-un-processus-irreversible\/204471\/#primaryimage"},"image":{"@id":"https:\/\/www.webdo.tn\/fr\/actualite\/national\/nabil-ammar-a-son-homologue-francaise-la-tunisie-a-adhere-a-un-processus-irreversible\/204471\/#primaryimage"},"thumbnailUrl":"https:\/\/www.webdo.tn\/fr\/wp-content\/uploads\/2023\/04\/6b666ccbd0114645ba9aa640bbc786b9.jpg","datePublished":"2023-04-01T09:46:00+00:00","dateModified":"2025-05-20T22:08:18+00:00","description":"Le ministre des Affaires Etrang\u00e8res, Nabil Ammar et son homologue fran\u00e7aise, Catherine Colonna ont convenu de programmer une rencontre dans les plus brefs d\u00e9lai...","breadcrumb":{"@id":"https:\/\/www.webdo.tn\/fr\/actualite\/national\/nabil-ammar-a-son-homologue-francaise-la-tunisie-a-adhere-a-un-processus-irreversible\/204471\/#breadcrumb"},"inLanguage":"fr-FR","potentialAction":[{"@type":"ReadAction","target":["https:\/\/www.webdo.tn\/fr\/actualite\/national\/nabil-ammar-a-son-homologue-francaise-la-tunisie-a-adhere-a-un-processus-irreversible\/204471\/"]}]},{"@type":"ImageObject","inLanguage":"fr-FR","@id":"https:\/\/www.webdo.tn\/fr\/actualite\/national\/nabil-ammar-a-son-homologue-francaise-la-tunisie-a-adhere-a-un-processus-irreversible\/204471\/#primaryimage","url":"https:\/\/www.webdo.tn\/fr\/wp-content\/uploads\/2023\/04\/6b666ccbd0114645ba9aa640bbc786b9.jpg","contentUrl":"https:\/\/www.webdo.tn\/fr\/wp-content\/uploads\/2023\/04\/6b666ccbd0114645ba9aa640bbc786b9.jpg","width":750,"height":400,"caption":"Nabil Ammar \u00e0 son homologue fran\u00e7aise : \"La Tunisie a adh\u00e9r\u00e9 \u00e0 un processus irr\u00e9versible\u2026\""},{"@type":"BreadcrumbList","@id":"https:\/\/www.webdo.tn\/fr\/actualite\/national\/nabil-ammar-a-son-homologue-francaise-la-tunisie-a-adhere-a-un-processus-irreversible\/204471\/#breadcrumb","itemListElement":[{"@type":"ListItem","position":1,"name":"Accueil","item":"https:\/\/www.webdo.tn\/fr\/"},{"@type":"ListItem","position":2,"name":"Nabil Ammar \u00e0 son homologue fran\u00e7aise : \u00ab\u00a0La Tunisie a adh\u00e9r\u00e9 \u00e0 un processus irr\u00e9versible\u2026\u00a0\u00bb"}]},{"@type":"WebSite","@id":"https:\/\/www.webdo.tn\/fr\/#website","url":"https:\/\/www.webdo.tn\/fr\/","name":"webdo","description":"Tunisie - News en Tunisie et \u00e0 l&#039;international sur Webdo.tn","publisher":{"@id":"https:\/\/www.webdo.tn\/fr\/#organization"},"potentialAction":[{"@type":"SearchAction","target":{"@type":"EntryPoint","urlTemplate":"https:\/\/www.webdo.tn\/fr\/?s={search_term_string}"},"query-input":{"@type":"PropertyValueSpecification","valueRequired":true,"valueName":"search_term_string"}}],"inLanguage":"fr-FR"},{"@type":"Organization","@id":"https:\/\/www.webdo.tn\/fr\/#organization","name":"Webdo","alternateName":"Webdo.tn","url":"https:\/\/www.webdo.tn\/fr\/","logo":{"@type":"ImageObject","inLanguage":"fr-FR","@id":"https:\/\/www.webdo.tn\/fr\/#\/schema\/logo\/image\/","url":"https:\/\/www.webdo.tn\/fr\/wp-content\/uploads\/2025\/06\/Webdo-Tunisie_168377.jpg","contentUrl":"https:\/\/www.webdo.tn\/fr\/wp-content\/uploads\/2025\/06\/Webdo-Tunisie_168377.jpg","width":301,"height":301,"caption":"Webdo"},"image":{"@id":"https:\/\/www.webdo.tn\/fr\/#\/schema\/logo\/image\/"},"sameAs":["https:\/\/www.facebook.com\/webdotn","https:\/\/x.com\/webdo_tn"],"description":"Webdo est un m\u00e9dia num\u00e9rique tunisien fond\u00e9 en 2010, sp\u00e9cialis\u00e9 dans l\u2019actualit\u00e9 nationale et internationale, l\u2019\u00e9conomie, la soci\u00e9t\u00e9 et les analyses politiques. Le site s\u2019adresse \u00e0 un large public francophone et couvre l\u2019information tunisienne en temps r\u00e9el.","email":"redac@webdo.tn","legalName":"YNJ SARL","foundingDate":"2010-09-06","numberOfEmployees":{"@type":"QuantitativeValue","minValue":"11","maxValue":"50"}},{"@type":"Person","@id":"https:\/\/www.webdo.tn\/fr\/#\/schema\/person\/2c4929cbf5a809e3bd38617c6ce150f6","name":"MC","image":{"@type":"ImageObject","inLanguage":"fr-FR","@id":"https:\/\/secure.gravatar.com\/avatar\/a545bbb6f84efdd5553dbbc2895e3ca8f1d12c5215e00a041c9670b54aa9b18a?s=96&d=mm&r=g","url":"https:\/\/secure.gravatar.com\/avatar\/a545bbb6f84efdd5553dbbc2895e3ca8f1d12c5215e00a041c9670b54aa9b18a?s=96&d=mm&r=g","contentUrl":"https:\/\/secure.gravatar.com\/avatar\/a545bbb6f84efdd5553dbbc2895e3ca8f1d12c5215e00a041c9670b54aa9b18a?s=96&d=mm&r=g","caption":"MC"},"url":"https:\/\/www.webdo.tn\/fr\/actualite\/author\/mc\/"}]}},"_links":{"self":[{"href":"https:\/\/www.webdo.tn\/fr\/wp-json\/wp\/v2\/posts\/204471","targetHints":{"allow":["GET"]}}],"collection":[{"href":"https:\/\/www.webdo.tn\/fr\/wp-json\/wp\/v2\/posts"}],"about":[{"href":"https:\/\/www.webdo.tn\/fr\/wp-json\/wp\/v2\/types\/post"}],"author":[{"embeddable":true,"href":"https:\/\/www.webdo.tn\/fr\/wp-json\/wp\/v2\/users\/3162"}],"replies":[{"embeddable":true,"href":"https:\/\/www.webdo.tn\/fr\/wp-json\/wp\/v2\/comments?post=204471"}],"version-history":[{"count":0,"href":"https:\/\/www.webdo.tn\/fr\/wp-json\/wp\/v2\/posts\/204471\/revisions"}],"wp:featuredmedia":[{"embeddable":true,"href":"https:\/\/www.webdo.tn\/fr\/wp-json\/wp\/v2\/media\/277992"}],"wp:attachment":[{"href":"https:\/\/www.webdo.tn\/fr\/wp-json\/wp\/v2\/media?parent=204471"}],"wp:term":[{"taxonomy":"category","embeddable":true,"href":"https:\/\/www.webdo.tn\/fr\/wp-json\/wp\/v2\/categories?post=204471"},{"taxonomy":"post_tag","embeddable":true,"href":"https:\/\/www.webdo.tn\/fr\/wp-json\/wp\/v2\/tags?post=204471"}],"curies":[{"name":"wp","href":"https:\/\/api.w.org\/{rel}","templated":true}]}}