{"id":204470,"date":"2023-04-01T09:34:00","date_gmt":"2023-04-01T09:34:00","guid":{"rendered":"https:\/\/www.webdo.tn\/fr\/blog\/etats-unis-donald-trump-premier-ancien-president-a-etre-inculpe\/204470\/"},"modified":"2025-05-20T22:08:17","modified_gmt":"2025-05-20T22:08:17","slug":"etats-unis-donald-trump-premier-ancien-president-a-etre-inculpe","status":"publish","type":"post","link":"https:\/\/www.webdo.tn\/fr\/actualite\/international\/etats-unis-donald-trump-premier-ancien-president-a-etre-inculpe\/204470\/","title":{"rendered":"Etats-Unis : Donald Trump, premier ancien pr\u00e9sident \u00e0 \u00eatre inculp\u00e9"},"content":{"rendered":"<p>Le candidat \u00e0 la primaire r\u00e9publicaine devrait se rendre dans les prochains jours au parquet de Manhattan.<\/p>\n<p>\t\t\t\t\t\t\t\t\tDonald Trump est entr\u00e9 dans l\u2019histoire. Pour la premi\u00e8re fois, un ancien pr\u00e9sident am\u00e9ricain est inculp\u00e9 au p\u00e9nal par un grand jury. L\u2019enqu\u00eate concerne la fa\u00e7on dont Donald Trump, \u00e0 l\u2019approche de l\u2019\u00e9lection pr\u00e9sidentielle de 2016, avait achet\u00e9 le silence d\u2019une actrice de films X, avec laquelle il aurait eu des relations sexuelles.<\/p>\n<p>Le bureau du procureur de Manhattan, Alvin Bragg, a confirm\u00e9 dans la soir\u00e9e de jeudi 30 mars que les avocats de l\u2019ancien pr\u00e9sident avaient \u00e9t\u00e9 contact\u00e9s pour d\u00e9terminer le jour o\u00f9 Donald Trump devrait \u00ab se livrer \u00bb.<\/p>\n<p>Pour l\u2019heure, les chefs d\u2019inculpation exacts retenus contre Donald Trump ne sont pas connus. Leur publication officielle pourrait n\u2019intervenir qu\u2019au moment de la premi\u00e8re comparution de l\u2019ancien pr\u00e9sident devant un juge, qui d\u00e9cidera d\u2019une \u00e9ventuelle caution et remise en libert\u00e9.<\/p>\n<p>Donald Trump est inculp\u00e9 au p\u00e9nal dans une affaire d&rsquo;achat du silence d&rsquo;une actrice de films pornographiques. Une affaire qui remonte \u00e0 2016. Il va devoir r\u00e9pondre devant la justice de l&rsquo;\u00c9tat de New York, d&rsquo;un versement de 130.000 dollars \u00e0 l&rsquo;actrice et r\u00e9alisatrice Stormy Daniels et est notamment accus\u00e9 d&rsquo;avoir utilis\u00e9 des fonds de sa campagne pr\u00e9sidentielle.<\/p>\n","protected":false},"excerpt":{"rendered":"<p>Le candidat \u00e0 la primaire r\u00e9publicaine devrait se rendre dans les prochains jours au parquet de Manhattan.<\/p>\n","protected":false},"author":3162,"featured_media":277990,"comment_status":"open","ping_status":"closed","sticky":false,"template":"","format":"standard","meta":{"footnotes":""},"categories":[2598],"tags":[2916,6679,2619,9424],"class_list":["post-204470","post","type-post","status-publish","format-standard","has-post-thumbnail","hentry","category-international","tag-donald-trump","tag-inculpation","tag-justice","tag-porno"],"yoast_head":"<!-- This site is optimized with the Yoast SEO Premium plugin v27.4 (Yoast SEO v27.5) - https:\/\/yoast.com\/product\/yoast-seo-premium-wordpress\/ -->\n<title>Etats-Unis : Donald Trump, premier ancien pr\u00e9sident \u00e0 \u00eatre inculp\u00e9<\/title>\n<meta name=\"description\" content=\"Le candidat \u00e0 la primaire r\u00e9publicaine devrait se rendre dans les prochains jours au parquet de Manhattan.\" \/>\n<link rel=\"canonical\" href=\"https:\/\/www.webdo.tn\/fr\/actualite\/international\/etats-unis-donald-trump-premier-ancien-president-a-etre-inculpe\/204470\/\" \/>\n<meta property=\"og:locale\" content=\"fr_FR\" \/>\n<meta property=\"og:type\" content=\"article\" \/>\n<meta property=\"og:title\" content=\"Etats-Unis : Donald Trump, premier ancien pr\u00e9sident \u00e0 \u00eatre inculp\u00e9\" \/>\n<meta property=\"og:description\" content=\"Le candidat \u00e0 la primaire r\u00e9publicaine devrait se rendre dans les prochains jours au parquet de Manhattan.\" \/>\n<meta property=\"og:url\" content=\"https:\/\/www.webdo.tn\/fr\/actualite\/international\/etats-unis-donald-trump-premier-ancien-president-a-etre-inculpe\/204470\/\" \/>\n<meta property=\"og:site_name\" content=\"webdo\" \/>\n<meta property=\"article:publisher\" content=\"https:\/\/www.facebook.com\/webdotn\" \/>\n<meta property=\"article:published_time\" content=\"2023-04-01T09:34:00+00:00\" \/>\n<meta property=\"article:modified_time\" content=\"2025-05-20T22:08:17+00:00\" \/>\n<meta property=\"og:image\" content=\"https:\/\/www.webdo.tn\/fr\/wp-content\/uploads\/2023\/04\/d668684988b0dee1fa280a7ba20c5805.jpg\" \/>\n\t<meta property=\"og:image:width\" content=\"750\" \/>\n\t<meta property=\"og:image:height\" content=\"400\" \/>\n\t<meta property=\"og:image:type\" content=\"image\/jpeg\" \/>\n<meta name=\"author\" content=\"MC\" \/>\n<meta name=\"twitter:card\" content=\"summary_large_image\" \/>\n<meta name=\"twitter:creator\" content=\"@webdo_tn\" \/>\n<meta name=\"twitter:site\" content=\"@webdo_tn\" \/>\n<meta name=\"twitter:label1\" content=\"\u00c9crit par\" \/>\n\t<meta name=\"twitter:data1\" content=\"MC\" \/>\n\t<meta name=\"twitter:label2\" content=\"Dur\u00e9e de lecture estim\u00e9e\" \/>\n\t<meta name=\"twitter:data2\" content=\"1 minute\" \/>\n<script type=\"application\/ld+json\" class=\"yoast-schema-graph\">{\"@context\":\"https:\\\/\\\/schema.org\",\"@graph\":[{\"@type\":\"NewsArticle\",\"@id\":\"https:\\\/\\\/www.webdo.tn\\\/fr\\\/actualite\\\/international\\\/etats-unis-donald-trump-premier-ancien-president-a-etre-inculpe\\\/204470\\\/#article\",\"isPartOf\":{\"@id\":\"https:\\\/\\\/www.webdo.tn\\\/fr\\\/actualite\\\/international\\\/etats-unis-donald-trump-premier-ancien-president-a-etre-inculpe\\\/204470\\\/\"},\"author\":{\"name\":\"MC\",\"@id\":\"https:\\\/\\\/www.webdo.tn\\\/fr\\\/#\\\/schema\\\/person\\\/2c4929cbf5a809e3bd38617c6ce150f6\"},\"headline\":\"Etats-Unis : Donald Trump, premier ancien pr\u00e9sident \u00e0 \u00eatre inculp\u00e9\",\"datePublished\":\"2023-04-01T09:34:00+00:00\",\"dateModified\":\"2025-05-20T22:08:17+00:00\",\"mainEntityOfPage\":{\"@id\":\"https:\\\/\\\/www.webdo.tn\\\/fr\\\/actualite\\\/international\\\/etats-unis-donald-trump-premier-ancien-president-a-etre-inculpe\\\/204470\\\/\"},\"wordCount\":242,\"commentCount\":0,\"publisher\":{\"@id\":\"https:\\\/\\\/www.webdo.tn\\\/fr\\\/#organization\"},\"image\":{\"@id\":\"https:\\\/\\\/www.webdo.tn\\\/fr\\\/actualite\\\/international\\\/etats-unis-donald-trump-premier-ancien-president-a-etre-inculpe\\\/204470\\\/#primaryimage\"},\"thumbnailUrl\":\"https:\\\/\\\/www.webdo.tn\\\/fr\\\/wp-content\\\/uploads\\\/2023\\\/04\\\/d668684988b0dee1fa280a7ba20c5805.jpg\",\"keywords\":[\"Donald Trump\",\"inculpation\",\"justice\",\"porno\"],\"articleSection\":[\"International\"],\"inLanguage\":\"fr-FR\"},{\"@type\":\"WebPage\",\"@id\":\"https:\\\/\\\/www.webdo.tn\\\/fr\\\/actualite\\\/international\\\/etats-unis-donald-trump-premier-ancien-president-a-etre-inculpe\\\/204470\\\/\",\"url\":\"https:\\\/\\\/www.webdo.tn\\\/fr\\\/actualite\\\/international\\\/etats-unis-donald-trump-premier-ancien-president-a-etre-inculpe\\\/204470\\\/\",\"name\":\"Etats-Unis : Donald Trump, premier ancien pr\u00e9sident \u00e0 \u00eatre inculp\u00e9\",\"isPartOf\":{\"@id\":\"https:\\\/\\\/www.webdo.tn\\\/fr\\\/#website\"},\"primaryImageOfPage\":{\"@id\":\"https:\\\/\\\/www.webdo.tn\\\/fr\\\/actualite\\\/international\\\/etats-unis-donald-trump-premier-ancien-president-a-etre-inculpe\\\/204470\\\/#primaryimage\"},\"image\":{\"@id\":\"https:\\\/\\\/www.webdo.tn\\\/fr\\\/actualite\\\/international\\\/etats-unis-donald-trump-premier-ancien-president-a-etre-inculpe\\\/204470\\\/#primaryimage\"},\"thumbnailUrl\":\"https:\\\/\\\/www.webdo.tn\\\/fr\\\/wp-content\\\/uploads\\\/2023\\\/04\\\/d668684988b0dee1fa280a7ba20c5805.jpg\",\"datePublished\":\"2023-04-01T09:34:00+00:00\",\"dateModified\":\"2025-05-20T22:08:17+00:00\",\"description\":\"Le candidat \u00e0 la primaire r\u00e9publicaine devrait se rendre dans les prochains jours au parquet de Manhattan.\",\"breadcrumb\":{\"@id\":\"https:\\\/\\\/www.webdo.tn\\\/fr\\\/actualite\\\/international\\\/etats-unis-donald-trump-premier-ancien-president-a-etre-inculpe\\\/204470\\\/#breadcrumb\"},\"inLanguage\":\"fr-FR\",\"potentialAction\":[{\"@type\":\"ReadAction\",\"target\":[\"https:\\\/\\\/www.webdo.tn\\\/fr\\\/actualite\\\/international\\\/etats-unis-donald-trump-premier-ancien-president-a-etre-inculpe\\\/204470\\\/\"]}]},{\"@type\":\"ImageObject\",\"inLanguage\":\"fr-FR\",\"@id\":\"https:\\\/\\\/www.webdo.tn\\\/fr\\\/actualite\\\/international\\\/etats-unis-donald-trump-premier-ancien-president-a-etre-inculpe\\\/204470\\\/#primaryimage\",\"url\":\"https:\\\/\\\/www.webdo.tn\\\/fr\\\/wp-content\\\/uploads\\\/2023\\\/04\\\/d668684988b0dee1fa280a7ba20c5805.jpg\",\"contentUrl\":\"https:\\\/\\\/www.webdo.tn\\\/fr\\\/wp-content\\\/uploads\\\/2023\\\/04\\\/d668684988b0dee1fa280a7ba20c5805.jpg\",\"width\":750,\"height\":400,\"caption\":\"donald trump\"},{\"@type\":\"BreadcrumbList\",\"@id\":\"https:\\\/\\\/www.webdo.tn\\\/fr\\\/actualite\\\/international\\\/etats-unis-donald-trump-premier-ancien-president-a-etre-inculpe\\\/204470\\\/#breadcrumb\",\"itemListElement\":[{\"@type\":\"ListItem\",\"position\":1,\"name\":\"Accueil\",\"item\":\"https:\\\/\\\/www.webdo.tn\\\/fr\\\/\"},{\"@type\":\"ListItem\",\"position\":2,\"name\":\"Etats-Unis : Donald Trump, premier ancien pr\u00e9sident \u00e0 \u00eatre inculp\u00e9\"}]},{\"@type\":\"WebSite\",\"@id\":\"https:\\\/\\\/www.webdo.tn\\\/fr\\\/#website\",\"url\":\"https:\\\/\\\/www.webdo.tn\\\/fr\\\/\",\"name\":\"webdo\",\"description\":\"Tunisie - News en Tunisie et \u00e0 l&#039;international sur Webdo.tn\",\"publisher\":{\"@id\":\"https:\\\/\\\/www.webdo.tn\\\/fr\\\/#organization\"},\"potentialAction\":[{\"@type\":\"SearchAction\",\"target\":{\"@type\":\"EntryPoint\",\"urlTemplate\":\"https:\\\/\\\/www.webdo.tn\\\/fr\\\/?s={search_term_string}\"},\"query-input\":{\"@type\":\"PropertyValueSpecification\",\"valueRequired\":true,\"valueName\":\"search_term_string\"}}],\"inLanguage\":\"fr-FR\"},{\"@type\":\"Organization\",\"@id\":\"https:\\\/\\\/www.webdo.tn\\\/fr\\\/#organization\",\"name\":\"Webdo\",\"alternateName\":\"Webdo.tn\",\"url\":\"https:\\\/\\\/www.webdo.tn\\\/fr\\\/\",\"logo\":{\"@type\":\"ImageObject\",\"inLanguage\":\"fr-FR\",\"@id\":\"https:\\\/\\\/www.webdo.tn\\\/fr\\\/#\\\/schema\\\/logo\\\/image\\\/\",\"url\":\"https:\\\/\\\/www.webdo.tn\\\/fr\\\/wp-content\\\/uploads\\\/2025\\\/06\\\/Webdo-Tunisie_168377.jpg\",\"contentUrl\":\"https:\\\/\\\/www.webdo.tn\\\/fr\\\/wp-content\\\/uploads\\\/2025\\\/06\\\/Webdo-Tunisie_168377.jpg\",\"width\":301,\"height\":301,\"caption\":\"Webdo\"},\"image\":{\"@id\":\"https:\\\/\\\/www.webdo.tn\\\/fr\\\/#\\\/schema\\\/logo\\\/image\\\/\"},\"sameAs\":[\"https:\\\/\\\/www.facebook.com\\\/webdotn\",\"https:\\\/\\\/x.com\\\/webdo_tn\"],\"description\":\"Webdo est un m\u00e9dia num\u00e9rique tunisien fond\u00e9 en 2010, sp\u00e9cialis\u00e9 dans l\u2019actualit\u00e9 nationale et internationale, l\u2019\u00e9conomie, la soci\u00e9t\u00e9 et les analyses politiques. Le site s\u2019adresse \u00e0 un large public francophone et couvre l\u2019information tunisienne en temps r\u00e9el.\",\"email\":\"redac@webdo.tn\",\"legalName\":\"YNJ SARL\",\"foundingDate\":\"2010-09-06\",\"numberOfEmployees\":{\"@type\":\"QuantitativeValue\",\"minValue\":\"11\",\"maxValue\":\"50\"}},{\"@type\":\"Person\",\"@id\":\"https:\\\/\\\/www.webdo.tn\\\/fr\\\/#\\\/schema\\\/person\\\/2c4929cbf5a809e3bd38617c6ce150f6\",\"name\":\"MC\",\"image\":{\"@type\":\"ImageObject\",\"inLanguage\":\"fr-FR\",\"@id\":\"https:\\\/\\\/secure.gravatar.com\\\/avatar\\\/a545bbb6f84efdd5553dbbc2895e3ca8f1d12c5215e00a041c9670b54aa9b18a?s=96&d=mm&r=g\",\"url\":\"https:\\\/\\\/secure.gravatar.com\\\/avatar\\\/a545bbb6f84efdd5553dbbc2895e3ca8f1d12c5215e00a041c9670b54aa9b18a?s=96&d=mm&r=g\",\"contentUrl\":\"https:\\\/\\\/secure.gravatar.com\\\/avatar\\\/a545bbb6f84efdd5553dbbc2895e3ca8f1d12c5215e00a041c9670b54aa9b18a?s=96&d=mm&r=g\",\"caption\":\"MC\"},\"url\":\"https:\\\/\\\/www.webdo.tn\\\/fr\\\/actualite\\\/author\\\/mc\\\/\"}]}<\/script>\n<!-- \/ Yoast SEO Premium plugin. -->","yoast_head_json":{"title":"Etats-Unis : Donald Trump, premier ancien pr\u00e9sident \u00e0 \u00eatre inculp\u00e9","description":"Le candidat \u00e0 la primaire r\u00e9publicaine devrait se rendre dans les prochains jours au parquet de Manhattan.","canonical":"https:\/\/www.webdo.tn\/fr\/actualite\/international\/etats-unis-donald-trump-premier-ancien-president-a-etre-inculpe\/204470\/","og_locale":"fr_FR","og_type":"article","og_title":"Etats-Unis : Donald Trump, premier ancien pr\u00e9sident \u00e0 \u00eatre inculp\u00e9","og_description":"Le candidat \u00e0 la primaire r\u00e9publicaine devrait se rendre dans les prochains jours au parquet de Manhattan.","og_url":"https:\/\/www.webdo.tn\/fr\/actualite\/international\/etats-unis-donald-trump-premier-ancien-president-a-etre-inculpe\/204470\/","og_site_name":"webdo","article_publisher":"https:\/\/www.facebook.com\/webdotn","article_published_time":"2023-04-01T09:34:00+00:00","article_modified_time":"2025-05-20T22:08:17+00:00","og_image":[{"width":750,"height":400,"url":"https:\/\/www.webdo.tn\/fr\/wp-content\/uploads\/2023\/04\/d668684988b0dee1fa280a7ba20c5805.jpg","type":"image\/jpeg"}],"author":"MC","twitter_card":"summary_large_image","twitter_creator":"@webdo_tn","twitter_site":"@webdo_tn","twitter_misc":{"\u00c9crit par":"MC","Dur\u00e9e de lecture estim\u00e9e":"1 minute"},"schema":{"@context":"https:\/\/schema.org","@graph":[{"@type":"NewsArticle","@id":"https:\/\/www.webdo.tn\/fr\/actualite\/international\/etats-unis-donald-trump-premier-ancien-president-a-etre-inculpe\/204470\/#article","isPartOf":{"@id":"https:\/\/www.webdo.tn\/fr\/actualite\/international\/etats-unis-donald-trump-premier-ancien-president-a-etre-inculpe\/204470\/"},"author":{"name":"MC","@id":"https:\/\/www.webdo.tn\/fr\/#\/schema\/person\/2c4929cbf5a809e3bd38617c6ce150f6"},"headline":"Etats-Unis : Donald Trump, premier ancien pr\u00e9sident \u00e0 \u00eatre inculp\u00e9","datePublished":"2023-04-01T09:34:00+00:00","dateModified":"2025-05-20T22:08:17+00:00","mainEntityOfPage":{"@id":"https:\/\/www.webdo.tn\/fr\/actualite\/international\/etats-unis-donald-trump-premier-ancien-president-a-etre-inculpe\/204470\/"},"wordCount":242,"commentCount":0,"publisher":{"@id":"https:\/\/www.webdo.tn\/fr\/#organization"},"image":{"@id":"https:\/\/www.webdo.tn\/fr\/actualite\/international\/etats-unis-donald-trump-premier-ancien-president-a-etre-inculpe\/204470\/#primaryimage"},"thumbnailUrl":"https:\/\/www.webdo.tn\/fr\/wp-content\/uploads\/2023\/04\/d668684988b0dee1fa280a7ba20c5805.jpg","keywords":["Donald Trump","inculpation","justice","porno"],"articleSection":["International"],"inLanguage":"fr-FR"},{"@type":"WebPage","@id":"https:\/\/www.webdo.tn\/fr\/actualite\/international\/etats-unis-donald-trump-premier-ancien-president-a-etre-inculpe\/204470\/","url":"https:\/\/www.webdo.tn\/fr\/actualite\/international\/etats-unis-donald-trump-premier-ancien-president-a-etre-inculpe\/204470\/","name":"Etats-Unis : Donald Trump, premier ancien pr\u00e9sident \u00e0 \u00eatre inculp\u00e9","isPartOf":{"@id":"https:\/\/www.webdo.tn\/fr\/#website"},"primaryImageOfPage":{"@id":"https:\/\/www.webdo.tn\/fr\/actualite\/international\/etats-unis-donald-trump-premier-ancien-president-a-etre-inculpe\/204470\/#primaryimage"},"image":{"@id":"https:\/\/www.webdo.tn\/fr\/actualite\/international\/etats-unis-donald-trump-premier-ancien-president-a-etre-inculpe\/204470\/#primaryimage"},"thumbnailUrl":"https:\/\/www.webdo.tn\/fr\/wp-content\/uploads\/2023\/04\/d668684988b0dee1fa280a7ba20c5805.jpg","datePublished":"2023-04-01T09:34:00+00:00","dateModified":"2025-05-20T22:08:17+00:00","description":"Le candidat \u00e0 la primaire r\u00e9publicaine devrait se rendre dans les prochains jours au parquet de Manhattan.","breadcrumb":{"@id":"https:\/\/www.webdo.tn\/fr\/actualite\/international\/etats-unis-donald-trump-premier-ancien-president-a-etre-inculpe\/204470\/#breadcrumb"},"inLanguage":"fr-FR","potentialAction":[{"@type":"ReadAction","target":["https:\/\/www.webdo.tn\/fr\/actualite\/international\/etats-unis-donald-trump-premier-ancien-president-a-etre-inculpe\/204470\/"]}]},{"@type":"ImageObject","inLanguage":"fr-FR","@id":"https:\/\/www.webdo.tn\/fr\/actualite\/international\/etats-unis-donald-trump-premier-ancien-president-a-etre-inculpe\/204470\/#primaryimage","url":"https:\/\/www.webdo.tn\/fr\/wp-content\/uploads\/2023\/04\/d668684988b0dee1fa280a7ba20c5805.jpg","contentUrl":"https:\/\/www.webdo.tn\/fr\/wp-content\/uploads\/2023\/04\/d668684988b0dee1fa280a7ba20c5805.jpg","width":750,"height":400,"caption":"donald trump"},{"@type":"BreadcrumbList","@id":"https:\/\/www.webdo.tn\/fr\/actualite\/international\/etats-unis-donald-trump-premier-ancien-president-a-etre-inculpe\/204470\/#breadcrumb","itemListElement":[{"@type":"ListItem","position":1,"name":"Accueil","item":"https:\/\/www.webdo.tn\/fr\/"},{"@type":"ListItem","position":2,"name":"Etats-Unis : Donald Trump, premier ancien pr\u00e9sident \u00e0 \u00eatre inculp\u00e9"}]},{"@type":"WebSite","@id":"https:\/\/www.webdo.tn\/fr\/#website","url":"https:\/\/www.webdo.tn\/fr\/","name":"webdo","description":"Tunisie - News en Tunisie et \u00e0 l&#039;international sur Webdo.tn","publisher":{"@id":"https:\/\/www.webdo.tn\/fr\/#organization"},"potentialAction":[{"@type":"SearchAction","target":{"@type":"EntryPoint","urlTemplate":"https:\/\/www.webdo.tn\/fr\/?s={search_term_string}"},"query-input":{"@type":"PropertyValueSpecification","valueRequired":true,"valueName":"search_term_string"}}],"inLanguage":"fr-FR"},{"@type":"Organization","@id":"https:\/\/www.webdo.tn\/fr\/#organization","name":"Webdo","alternateName":"Webdo.tn","url":"https:\/\/www.webdo.tn\/fr\/","logo":{"@type":"ImageObject","inLanguage":"fr-FR","@id":"https:\/\/www.webdo.tn\/fr\/#\/schema\/logo\/image\/","url":"https:\/\/www.webdo.tn\/fr\/wp-content\/uploads\/2025\/06\/Webdo-Tunisie_168377.jpg","contentUrl":"https:\/\/www.webdo.tn\/fr\/wp-content\/uploads\/2025\/06\/Webdo-Tunisie_168377.jpg","width":301,"height":301,"caption":"Webdo"},"image":{"@id":"https:\/\/www.webdo.tn\/fr\/#\/schema\/logo\/image\/"},"sameAs":["https:\/\/www.facebook.com\/webdotn","https:\/\/x.com\/webdo_tn"],"description":"Webdo est un m\u00e9dia num\u00e9rique tunisien fond\u00e9 en 2010, sp\u00e9cialis\u00e9 dans l\u2019actualit\u00e9 nationale et internationale, l\u2019\u00e9conomie, la soci\u00e9t\u00e9 et les analyses politiques. Le site s\u2019adresse \u00e0 un large public francophone et couvre l\u2019information tunisienne en temps r\u00e9el.","email":"redac@webdo.tn","legalName":"YNJ SARL","foundingDate":"2010-09-06","numberOfEmployees":{"@type":"QuantitativeValue","minValue":"11","maxValue":"50"}},{"@type":"Person","@id":"https:\/\/www.webdo.tn\/fr\/#\/schema\/person\/2c4929cbf5a809e3bd38617c6ce150f6","name":"MC","image":{"@type":"ImageObject","inLanguage":"fr-FR","@id":"https:\/\/secure.gravatar.com\/avatar\/a545bbb6f84efdd5553dbbc2895e3ca8f1d12c5215e00a041c9670b54aa9b18a?s=96&d=mm&r=g","url":"https:\/\/secure.gravatar.com\/avatar\/a545bbb6f84efdd5553dbbc2895e3ca8f1d12c5215e00a041c9670b54aa9b18a?s=96&d=mm&r=g","contentUrl":"https:\/\/secure.gravatar.com\/avatar\/a545bbb6f84efdd5553dbbc2895e3ca8f1d12c5215e00a041c9670b54aa9b18a?s=96&d=mm&r=g","caption":"MC"},"url":"https:\/\/www.webdo.tn\/fr\/actualite\/author\/mc\/"}]}},"_links":{"self":[{"href":"https:\/\/www.webdo.tn\/fr\/wp-json\/wp\/v2\/posts\/204470","targetHints":{"allow":["GET"]}}],"collection":[{"href":"https:\/\/www.webdo.tn\/fr\/wp-json\/wp\/v2\/posts"}],"about":[{"href":"https:\/\/www.webdo.tn\/fr\/wp-json\/wp\/v2\/types\/post"}],"author":[{"embeddable":true,"href":"https:\/\/www.webdo.tn\/fr\/wp-json\/wp\/v2\/users\/3162"}],"replies":[{"embeddable":true,"href":"https:\/\/www.webdo.tn\/fr\/wp-json\/wp\/v2\/comments?post=204470"}],"version-history":[{"count":0,"href":"https:\/\/www.webdo.tn\/fr\/wp-json\/wp\/v2\/posts\/204470\/revisions"}],"wp:featuredmedia":[{"embeddable":true,"href":"https:\/\/www.webdo.tn\/fr\/wp-json\/wp\/v2\/media\/277990"}],"wp:attachment":[{"href":"https:\/\/www.webdo.tn\/fr\/wp-json\/wp\/v2\/media?parent=204470"}],"wp:term":[{"taxonomy":"category","embeddable":true,"href":"https:\/\/www.webdo.tn\/fr\/wp-json\/wp\/v2\/categories?post=204470"},{"taxonomy":"post_tag","embeddable":true,"href":"https:\/\/www.webdo.tn\/fr\/wp-json\/wp\/v2\/tags?post=204470"}],"curies":[{"name":"wp","href":"https:\/\/api.w.org\/{rel}","templated":true}]}}