{"id":204461,"date":"2023-03-31T20:07:00","date_gmt":"2023-03-31T20:07:00","guid":{"rendered":"https:\/\/www.webdo.tn\/fr\/blog\/le-front-de-salut-national-manifeste-pour-pour-appeler-a-liberer-ses-membres-arretes\/204461\/"},"modified":"2025-05-17T21:06:01","modified_gmt":"2025-05-17T21:06:01","slug":"le-front-de-salut-national-manifeste-pour-pour-appeler-a-liberer-ses-membres-arretes","status":"publish","type":"post","link":"https:\/\/www.webdo.tn\/fr\/actualite\/national\/le-front-de-salut-national-manifeste-pour-pour-appeler-a-liberer-ses-membres-arretes\/204461\/","title":{"rendered":"Le Front de salut national manifeste pour appeler \u00e0 lib\u00e9rer ses membres arr\u00eat\u00e9s"},"content":{"rendered":"<p>Le Front de salut national  a organis\u00e9, ce vendredi 31 mars 2023,  une manifestation de protestation en signe de solidarit\u00e9 avec les personnes arr\u00eat\u00e9es sur fond d&rsquo;accusations de \u00ab\u00a0complot contre la s\u00fbret\u00e9 de l&rsquo;Etat et de soup\u00e7ons de corruption\u00a0\u00bb et ce devant le Th\u00e9\u00e2tre municipal de l&rsquo;Avenue Habib Bourguiba.<\/p>\n<p>\t\t\t\t\t\t\t\t\tOnt pris part \u00e0 cette manifestation bon nombre de dirigeants du Front du salut national ainsi que les partis y affili\u00e9s, dont notamment Ahmed Nejib Chebbi, pr\u00e9sident du Front, Samira Chaouachi, vice-pr\u00e9sidente du parlement dissous par le pr\u00e9sident Sa\u00efed et Riadh Cha\u00efbi, dirigeant du parti Ennahdha.<\/p>\n<p>Samira Chaouachi\u00a0a confi\u00e9 que le Front du salut et toutes les voix libres sont unanimes \u00e0 croire que l&rsquo;affaire sur la base de laquelle de nombreuses personnalit\u00e9s ont \u00e9t\u00e9 arr\u00eat\u00e9es est mont\u00e9e de toutes pi\u00e8ces.<\/p>\n","protected":false},"excerpt":{"rendered":"<p>Le Front de salut national  a organis\u00e9, ce vendredi 31 mars 2023,  une manifestation de protestation en signe de solidarit\u00e9 avec les personnes arr\u00eat\u00e9es sur fond&#8230;<\/p>\n","protected":false},"author":3169,"featured_media":277984,"comment_status":"open","ping_status":"closed","sticky":false,"template":"","format":"standard","meta":{"footnotes":""},"categories":[44],"tags":[6519,2614,2817,2608],"class_list":["post-204461","post","type-post","status-publish","format-standard","has-post-thumbnail","hentry","category-national","tag-front-du-salut","tag-kais-saied","tag-manifestation","tag-tunisie"],"yoast_head":"<!-- This site is optimized with the Yoast SEO Premium plugin v27.5 (Yoast SEO v27.5) - https:\/\/yoast.com\/product\/yoast-seo-premium-wordpress\/ -->\n<title>Le Front de salut national manifeste pour appeler \u00e0 lib\u00e9rer ses membres arr\u00eat\u00e9s<\/title>\n<meta name=\"description\" content=\"Le Front de salut national a organis\u00e9, ce vendredi 31 mars 2023, une manifestation de protestation en signe de solidarit\u00e9 avec les personnes arr\u00eat\u00e9es sur fond...\" \/>\n<link rel=\"canonical\" href=\"https:\/\/www.webdo.tn\/fr\/actualite\/national\/le-front-de-salut-national-manifeste-pour-pour-appeler-a-liberer-ses-membres-arretes\/204461\/\" \/>\n<meta property=\"og:locale\" content=\"fr_FR\" \/>\n<meta property=\"og:type\" content=\"article\" \/>\n<meta property=\"og:title\" content=\"Le Front de salut national manifeste pour appeler \u00e0 lib\u00e9rer ses membres arr\u00eat\u00e9s\" \/>\n<meta property=\"og:description\" content=\"Le Front de salut national a organis\u00e9, ce vendredi 31 mars 2023, une manifestation de protestation en signe de solidarit\u00e9 avec les personnes arr\u00eat\u00e9es sur fond...\" \/>\n<meta property=\"og:url\" content=\"https:\/\/www.webdo.tn\/fr\/actualite\/national\/le-front-de-salut-national-manifeste-pour-pour-appeler-a-liberer-ses-membres-arretes\/204461\/\" \/>\n<meta property=\"og:site_name\" content=\"webdo\" \/>\n<meta property=\"article:publisher\" content=\"https:\/\/www.facebook.com\/webdotn\" \/>\n<meta property=\"article:published_time\" content=\"2023-03-31T20:07:00+00:00\" \/>\n<meta property=\"article:modified_time\" content=\"2025-05-17T21:06:01+00:00\" \/>\n<meta property=\"og:image\" content=\"https:\/\/www.webdo.tn\/fr\/wp-content\/uploads\/2023\/03\/4ca5f258bf38b50f748f89dabc0f8062.jpg\" \/>\n\t<meta property=\"og:image:width\" content=\"750\" \/>\n\t<meta property=\"og:image:height\" content=\"400\" \/>\n\t<meta property=\"og:image:type\" content=\"image\/jpeg\" \/>\n<meta name=\"author\" content=\"Webdo\" \/>\n<meta name=\"twitter:card\" content=\"summary_large_image\" \/>\n<meta name=\"twitter:creator\" content=\"@webdo_tn\" \/>\n<meta name=\"twitter:site\" content=\"@webdo_tn\" \/>\n<meta name=\"twitter:label1\" content=\"\u00c9crit par\" \/>\n\t<meta name=\"twitter:data1\" content=\"Webdo\" \/>\n\t<meta name=\"twitter:label2\" content=\"Dur\u00e9e de lecture estim\u00e9e\" \/>\n\t<meta name=\"twitter:data2\" content=\"1 minute\" \/>\n<script type=\"application\/ld+json\" class=\"yoast-schema-graph\">{\"@context\":\"https:\\\/\\\/schema.org\",\"@graph\":[{\"@type\":\"NewsArticle\",\"@id\":\"https:\\\/\\\/www.webdo.tn\\\/fr\\\/actualite\\\/national\\\/le-front-de-salut-national-manifeste-pour-pour-appeler-a-liberer-ses-membres-arretes\\\/204461\\\/#article\",\"isPartOf\":{\"@id\":\"https:\\\/\\\/www.webdo.tn\\\/fr\\\/actualite\\\/national\\\/le-front-de-salut-national-manifeste-pour-pour-appeler-a-liberer-ses-membres-arretes\\\/204461\\\/\"},\"author\":{\"name\":\"Webdo\",\"@id\":\"https:\\\/\\\/www.webdo.tn\\\/fr\\\/#\\\/schema\\\/person\\\/1f4e491e0907b413d61089e8eb573acc\"},\"headline\":\"Le Front de salut national manifeste pour appeler \u00e0 lib\u00e9rer ses membres arr\u00eat\u00e9s\",\"datePublished\":\"2023-03-31T20:07:00+00:00\",\"dateModified\":\"2025-05-17T21:06:01+00:00\",\"mainEntityOfPage\":{\"@id\":\"https:\\\/\\\/www.webdo.tn\\\/fr\\\/actualite\\\/national\\\/le-front-de-salut-national-manifeste-pour-pour-appeler-a-liberer-ses-membres-arretes\\\/204461\\\/\"},\"wordCount\":162,\"commentCount\":0,\"publisher\":{\"@id\":\"https:\\\/\\\/www.webdo.tn\\\/fr\\\/#organization\"},\"image\":{\"@id\":\"https:\\\/\\\/www.webdo.tn\\\/fr\\\/actualite\\\/national\\\/le-front-de-salut-national-manifeste-pour-pour-appeler-a-liberer-ses-membres-arretes\\\/204461\\\/#primaryimage\"},\"thumbnailUrl\":\"https:\\\/\\\/www.webdo.tn\\\/fr\\\/wp-content\\\/uploads\\\/2023\\\/03\\\/4ca5f258bf38b50f748f89dabc0f8062.jpg\",\"keywords\":[\"front du salut\",\"Kais Saied\",\"Manifestation\",\"Tunisie\"],\"articleSection\":[\"National\"],\"inLanguage\":\"fr-FR\"},{\"@type\":\"WebPage\",\"@id\":\"https:\\\/\\\/www.webdo.tn\\\/fr\\\/actualite\\\/national\\\/le-front-de-salut-national-manifeste-pour-pour-appeler-a-liberer-ses-membres-arretes\\\/204461\\\/\",\"url\":\"https:\\\/\\\/www.webdo.tn\\\/fr\\\/actualite\\\/national\\\/le-front-de-salut-national-manifeste-pour-pour-appeler-a-liberer-ses-membres-arretes\\\/204461\\\/\",\"name\":\"Le Front de salut national manifeste pour appeler \u00e0 lib\u00e9rer ses membres arr\u00eat\u00e9s\",\"isPartOf\":{\"@id\":\"https:\\\/\\\/www.webdo.tn\\\/fr\\\/#website\"},\"primaryImageOfPage\":{\"@id\":\"https:\\\/\\\/www.webdo.tn\\\/fr\\\/actualite\\\/national\\\/le-front-de-salut-national-manifeste-pour-pour-appeler-a-liberer-ses-membres-arretes\\\/204461\\\/#primaryimage\"},\"image\":{\"@id\":\"https:\\\/\\\/www.webdo.tn\\\/fr\\\/actualite\\\/national\\\/le-front-de-salut-national-manifeste-pour-pour-appeler-a-liberer-ses-membres-arretes\\\/204461\\\/#primaryimage\"},\"thumbnailUrl\":\"https:\\\/\\\/www.webdo.tn\\\/fr\\\/wp-content\\\/uploads\\\/2023\\\/03\\\/4ca5f258bf38b50f748f89dabc0f8062.jpg\",\"datePublished\":\"2023-03-31T20:07:00+00:00\",\"dateModified\":\"2025-05-17T21:06:01+00:00\",\"description\":\"Le Front de salut national a organis\u00e9, ce vendredi 31 mars 2023, une manifestation de protestation en signe de solidarit\u00e9 avec les personnes arr\u00eat\u00e9es sur fond...\",\"breadcrumb\":{\"@id\":\"https:\\\/\\\/www.webdo.tn\\\/fr\\\/actualite\\\/national\\\/le-front-de-salut-national-manifeste-pour-pour-appeler-a-liberer-ses-membres-arretes\\\/204461\\\/#breadcrumb\"},\"inLanguage\":\"fr-FR\",\"potentialAction\":[{\"@type\":\"ReadAction\",\"target\":[\"https:\\\/\\\/www.webdo.tn\\\/fr\\\/actualite\\\/national\\\/le-front-de-salut-national-manifeste-pour-pour-appeler-a-liberer-ses-membres-arretes\\\/204461\\\/\"]}]},{\"@type\":\"ImageObject\",\"inLanguage\":\"fr-FR\",\"@id\":\"https:\\\/\\\/www.webdo.tn\\\/fr\\\/actualite\\\/national\\\/le-front-de-salut-national-manifeste-pour-pour-appeler-a-liberer-ses-membres-arretes\\\/204461\\\/#primaryimage\",\"url\":\"https:\\\/\\\/www.webdo.tn\\\/fr\\\/wp-content\\\/uploads\\\/2023\\\/03\\\/4ca5f258bf38b50f748f89dabc0f8062.jpg\",\"contentUrl\":\"https:\\\/\\\/www.webdo.tn\\\/fr\\\/wp-content\\\/uploads\\\/2023\\\/03\\\/4ca5f258bf38b50f748f89dabc0f8062.jpg\",\"width\":750,\"height\":400,\"caption\":\"Le Front de salut national manifeste pour appeler \u00e0 lib\u00e9rer ses membres arr\u00eat\u00e9s\"},{\"@type\":\"BreadcrumbList\",\"@id\":\"https:\\\/\\\/www.webdo.tn\\\/fr\\\/actualite\\\/national\\\/le-front-de-salut-national-manifeste-pour-pour-appeler-a-liberer-ses-membres-arretes\\\/204461\\\/#breadcrumb\",\"itemListElement\":[{\"@type\":\"ListItem\",\"position\":1,\"name\":\"Accueil\",\"item\":\"https:\\\/\\\/www.webdo.tn\\\/fr\\\/\"},{\"@type\":\"ListItem\",\"position\":2,\"name\":\"Le Front de salut national manifeste pour appeler \u00e0 lib\u00e9rer ses membres arr\u00eat\u00e9s\"}]},{\"@type\":\"WebSite\",\"@id\":\"https:\\\/\\\/www.webdo.tn\\\/fr\\\/#website\",\"url\":\"https:\\\/\\\/www.webdo.tn\\\/fr\\\/\",\"name\":\"webdo\",\"description\":\"Tunisie - News en Tunisie et \u00e0 l&#039;international sur Webdo.tn\",\"publisher\":{\"@id\":\"https:\\\/\\\/www.webdo.tn\\\/fr\\\/#organization\"},\"potentialAction\":[{\"@type\":\"SearchAction\",\"target\":{\"@type\":\"EntryPoint\",\"urlTemplate\":\"https:\\\/\\\/www.webdo.tn\\\/fr\\\/?s={search_term_string}\"},\"query-input\":{\"@type\":\"PropertyValueSpecification\",\"valueRequired\":true,\"valueName\":\"search_term_string\"}}],\"inLanguage\":\"fr-FR\"},{\"@type\":\"Organization\",\"@id\":\"https:\\\/\\\/www.webdo.tn\\\/fr\\\/#organization\",\"name\":\"Webdo\",\"alternateName\":\"Webdo.tn\",\"url\":\"https:\\\/\\\/www.webdo.tn\\\/fr\\\/\",\"logo\":{\"@type\":\"ImageObject\",\"inLanguage\":\"fr-FR\",\"@id\":\"https:\\\/\\\/www.webdo.tn\\\/fr\\\/#\\\/schema\\\/logo\\\/image\\\/\",\"url\":\"https:\\\/\\\/www.webdo.tn\\\/fr\\\/wp-content\\\/uploads\\\/2025\\\/06\\\/Webdo-Tunisie_168377.jpg\",\"contentUrl\":\"https:\\\/\\\/www.webdo.tn\\\/fr\\\/wp-content\\\/uploads\\\/2025\\\/06\\\/Webdo-Tunisie_168377.jpg\",\"width\":301,\"height\":301,\"caption\":\"Webdo\"},\"image\":{\"@id\":\"https:\\\/\\\/www.webdo.tn\\\/fr\\\/#\\\/schema\\\/logo\\\/image\\\/\"},\"sameAs\":[\"https:\\\/\\\/www.facebook.com\\\/webdotn\",\"https:\\\/\\\/x.com\\\/webdo_tn\"],\"description\":\"Webdo est un m\u00e9dia num\u00e9rique tunisien fond\u00e9 en 2010, sp\u00e9cialis\u00e9 dans l\u2019actualit\u00e9 nationale et internationale, l\u2019\u00e9conomie, la soci\u00e9t\u00e9 et les analyses politiques. Le site s\u2019adresse \u00e0 un large public francophone et couvre l\u2019information tunisienne en temps r\u00e9el.\",\"email\":\"redac@webdo.tn\",\"legalName\":\"YNJ SARL\",\"foundingDate\":\"2010-09-06\",\"numberOfEmployees\":{\"@type\":\"QuantitativeValue\",\"minValue\":\"11\",\"maxValue\":\"50\"}},{\"@type\":\"Person\",\"@id\":\"https:\\\/\\\/www.webdo.tn\\\/fr\\\/#\\\/schema\\\/person\\\/1f4e491e0907b413d61089e8eb573acc\",\"name\":\"Webdo\",\"image\":{\"@type\":\"ImageObject\",\"inLanguage\":\"fr-FR\",\"@id\":\"https:\\\/\\\/secure.gravatar.com\\\/avatar\\\/de97aeec1bb80978a9dbb127e47dfc88aaacb2f3c29aac907d8d3222e3495d49?s=96&d=mm&r=g\",\"url\":\"https:\\\/\\\/secure.gravatar.com\\\/avatar\\\/de97aeec1bb80978a9dbb127e47dfc88aaacb2f3c29aac907d8d3222e3495d49?s=96&d=mm&r=g\",\"contentUrl\":\"https:\\\/\\\/secure.gravatar.com\\\/avatar\\\/de97aeec1bb80978a9dbb127e47dfc88aaacb2f3c29aac907d8d3222e3495d49?s=96&d=mm&r=g\",\"caption\":\"Webdo\"},\"url\":\"https:\\\/\\\/www.webdo.tn\\\/fr\\\/actualite\\\/author\\\/webdo\\\/\"}]}<\/script>\n<!-- \/ Yoast SEO Premium plugin. -->","yoast_head_json":{"title":"Le Front de salut national manifeste pour appeler \u00e0 lib\u00e9rer ses membres arr\u00eat\u00e9s","description":"Le Front de salut national a organis\u00e9, ce vendredi 31 mars 2023, une manifestation de protestation en signe de solidarit\u00e9 avec les personnes arr\u00eat\u00e9es sur fond...","canonical":"https:\/\/www.webdo.tn\/fr\/actualite\/national\/le-front-de-salut-national-manifeste-pour-pour-appeler-a-liberer-ses-membres-arretes\/204461\/","og_locale":"fr_FR","og_type":"article","og_title":"Le Front de salut national manifeste pour appeler \u00e0 lib\u00e9rer ses membres arr\u00eat\u00e9s","og_description":"Le Front de salut national a organis\u00e9, ce vendredi 31 mars 2023, une manifestation de protestation en signe de solidarit\u00e9 avec les personnes arr\u00eat\u00e9es sur fond...","og_url":"https:\/\/www.webdo.tn\/fr\/actualite\/national\/le-front-de-salut-national-manifeste-pour-pour-appeler-a-liberer-ses-membres-arretes\/204461\/","og_site_name":"webdo","article_publisher":"https:\/\/www.facebook.com\/webdotn","article_published_time":"2023-03-31T20:07:00+00:00","article_modified_time":"2025-05-17T21:06:01+00:00","og_image":[{"width":750,"height":400,"url":"https:\/\/www.webdo.tn\/fr\/wp-content\/uploads\/2023\/03\/4ca5f258bf38b50f748f89dabc0f8062.jpg","type":"image\/jpeg"}],"author":"Webdo","twitter_card":"summary_large_image","twitter_creator":"@webdo_tn","twitter_site":"@webdo_tn","twitter_misc":{"\u00c9crit par":"Webdo","Dur\u00e9e de lecture estim\u00e9e":"1 minute"},"schema":{"@context":"https:\/\/schema.org","@graph":[{"@type":"NewsArticle","@id":"https:\/\/www.webdo.tn\/fr\/actualite\/national\/le-front-de-salut-national-manifeste-pour-pour-appeler-a-liberer-ses-membres-arretes\/204461\/#article","isPartOf":{"@id":"https:\/\/www.webdo.tn\/fr\/actualite\/national\/le-front-de-salut-national-manifeste-pour-pour-appeler-a-liberer-ses-membres-arretes\/204461\/"},"author":{"name":"Webdo","@id":"https:\/\/www.webdo.tn\/fr\/#\/schema\/person\/1f4e491e0907b413d61089e8eb573acc"},"headline":"Le Front de salut national manifeste pour appeler \u00e0 lib\u00e9rer ses membres arr\u00eat\u00e9s","datePublished":"2023-03-31T20:07:00+00:00","dateModified":"2025-05-17T21:06:01+00:00","mainEntityOfPage":{"@id":"https:\/\/www.webdo.tn\/fr\/actualite\/national\/le-front-de-salut-national-manifeste-pour-pour-appeler-a-liberer-ses-membres-arretes\/204461\/"},"wordCount":162,"commentCount":0,"publisher":{"@id":"https:\/\/www.webdo.tn\/fr\/#organization"},"image":{"@id":"https:\/\/www.webdo.tn\/fr\/actualite\/national\/le-front-de-salut-national-manifeste-pour-pour-appeler-a-liberer-ses-membres-arretes\/204461\/#primaryimage"},"thumbnailUrl":"https:\/\/www.webdo.tn\/fr\/wp-content\/uploads\/2023\/03\/4ca5f258bf38b50f748f89dabc0f8062.jpg","keywords":["front du salut","Kais Saied","Manifestation","Tunisie"],"articleSection":["National"],"inLanguage":"fr-FR"},{"@type":"WebPage","@id":"https:\/\/www.webdo.tn\/fr\/actualite\/national\/le-front-de-salut-national-manifeste-pour-pour-appeler-a-liberer-ses-membres-arretes\/204461\/","url":"https:\/\/www.webdo.tn\/fr\/actualite\/national\/le-front-de-salut-national-manifeste-pour-pour-appeler-a-liberer-ses-membres-arretes\/204461\/","name":"Le Front de salut national manifeste pour appeler \u00e0 lib\u00e9rer ses membres arr\u00eat\u00e9s","isPartOf":{"@id":"https:\/\/www.webdo.tn\/fr\/#website"},"primaryImageOfPage":{"@id":"https:\/\/www.webdo.tn\/fr\/actualite\/national\/le-front-de-salut-national-manifeste-pour-pour-appeler-a-liberer-ses-membres-arretes\/204461\/#primaryimage"},"image":{"@id":"https:\/\/www.webdo.tn\/fr\/actualite\/national\/le-front-de-salut-national-manifeste-pour-pour-appeler-a-liberer-ses-membres-arretes\/204461\/#primaryimage"},"thumbnailUrl":"https:\/\/www.webdo.tn\/fr\/wp-content\/uploads\/2023\/03\/4ca5f258bf38b50f748f89dabc0f8062.jpg","datePublished":"2023-03-31T20:07:00+00:00","dateModified":"2025-05-17T21:06:01+00:00","description":"Le Front de salut national a organis\u00e9, ce vendredi 31 mars 2023, une manifestation de protestation en signe de solidarit\u00e9 avec les personnes arr\u00eat\u00e9es sur fond...","breadcrumb":{"@id":"https:\/\/www.webdo.tn\/fr\/actualite\/national\/le-front-de-salut-national-manifeste-pour-pour-appeler-a-liberer-ses-membres-arretes\/204461\/#breadcrumb"},"inLanguage":"fr-FR","potentialAction":[{"@type":"ReadAction","target":["https:\/\/www.webdo.tn\/fr\/actualite\/national\/le-front-de-salut-national-manifeste-pour-pour-appeler-a-liberer-ses-membres-arretes\/204461\/"]}]},{"@type":"ImageObject","inLanguage":"fr-FR","@id":"https:\/\/www.webdo.tn\/fr\/actualite\/national\/le-front-de-salut-national-manifeste-pour-pour-appeler-a-liberer-ses-membres-arretes\/204461\/#primaryimage","url":"https:\/\/www.webdo.tn\/fr\/wp-content\/uploads\/2023\/03\/4ca5f258bf38b50f748f89dabc0f8062.jpg","contentUrl":"https:\/\/www.webdo.tn\/fr\/wp-content\/uploads\/2023\/03\/4ca5f258bf38b50f748f89dabc0f8062.jpg","width":750,"height":400,"caption":"Le Front de salut national manifeste pour appeler \u00e0 lib\u00e9rer ses membres arr\u00eat\u00e9s"},{"@type":"BreadcrumbList","@id":"https:\/\/www.webdo.tn\/fr\/actualite\/national\/le-front-de-salut-national-manifeste-pour-pour-appeler-a-liberer-ses-membres-arretes\/204461\/#breadcrumb","itemListElement":[{"@type":"ListItem","position":1,"name":"Accueil","item":"https:\/\/www.webdo.tn\/fr\/"},{"@type":"ListItem","position":2,"name":"Le Front de salut national manifeste pour appeler \u00e0 lib\u00e9rer ses membres arr\u00eat\u00e9s"}]},{"@type":"WebSite","@id":"https:\/\/www.webdo.tn\/fr\/#website","url":"https:\/\/www.webdo.tn\/fr\/","name":"webdo","description":"Tunisie - News en Tunisie et \u00e0 l&#039;international sur Webdo.tn","publisher":{"@id":"https:\/\/www.webdo.tn\/fr\/#organization"},"potentialAction":[{"@type":"SearchAction","target":{"@type":"EntryPoint","urlTemplate":"https:\/\/www.webdo.tn\/fr\/?s={search_term_string}"},"query-input":{"@type":"PropertyValueSpecification","valueRequired":true,"valueName":"search_term_string"}}],"inLanguage":"fr-FR"},{"@type":"Organization","@id":"https:\/\/www.webdo.tn\/fr\/#organization","name":"Webdo","alternateName":"Webdo.tn","url":"https:\/\/www.webdo.tn\/fr\/","logo":{"@type":"ImageObject","inLanguage":"fr-FR","@id":"https:\/\/www.webdo.tn\/fr\/#\/schema\/logo\/image\/","url":"https:\/\/www.webdo.tn\/fr\/wp-content\/uploads\/2025\/06\/Webdo-Tunisie_168377.jpg","contentUrl":"https:\/\/www.webdo.tn\/fr\/wp-content\/uploads\/2025\/06\/Webdo-Tunisie_168377.jpg","width":301,"height":301,"caption":"Webdo"},"image":{"@id":"https:\/\/www.webdo.tn\/fr\/#\/schema\/logo\/image\/"},"sameAs":["https:\/\/www.facebook.com\/webdotn","https:\/\/x.com\/webdo_tn"],"description":"Webdo est un m\u00e9dia num\u00e9rique tunisien fond\u00e9 en 2010, sp\u00e9cialis\u00e9 dans l\u2019actualit\u00e9 nationale et internationale, l\u2019\u00e9conomie, la soci\u00e9t\u00e9 et les analyses politiques. Le site s\u2019adresse \u00e0 un large public francophone et couvre l\u2019information tunisienne en temps r\u00e9el.","email":"redac@webdo.tn","legalName":"YNJ SARL","foundingDate":"2010-09-06","numberOfEmployees":{"@type":"QuantitativeValue","minValue":"11","maxValue":"50"}},{"@type":"Person","@id":"https:\/\/www.webdo.tn\/fr\/#\/schema\/person\/1f4e491e0907b413d61089e8eb573acc","name":"Webdo","image":{"@type":"ImageObject","inLanguage":"fr-FR","@id":"https:\/\/secure.gravatar.com\/avatar\/de97aeec1bb80978a9dbb127e47dfc88aaacb2f3c29aac907d8d3222e3495d49?s=96&d=mm&r=g","url":"https:\/\/secure.gravatar.com\/avatar\/de97aeec1bb80978a9dbb127e47dfc88aaacb2f3c29aac907d8d3222e3495d49?s=96&d=mm&r=g","contentUrl":"https:\/\/secure.gravatar.com\/avatar\/de97aeec1bb80978a9dbb127e47dfc88aaacb2f3c29aac907d8d3222e3495d49?s=96&d=mm&r=g","caption":"Webdo"},"url":"https:\/\/www.webdo.tn\/fr\/actualite\/author\/webdo\/"}]}},"_links":{"self":[{"href":"https:\/\/www.webdo.tn\/fr\/wp-json\/wp\/v2\/posts\/204461","targetHints":{"allow":["GET"]}}],"collection":[{"href":"https:\/\/www.webdo.tn\/fr\/wp-json\/wp\/v2\/posts"}],"about":[{"href":"https:\/\/www.webdo.tn\/fr\/wp-json\/wp\/v2\/types\/post"}],"author":[{"embeddable":true,"href":"https:\/\/www.webdo.tn\/fr\/wp-json\/wp\/v2\/users\/3169"}],"replies":[{"embeddable":true,"href":"https:\/\/www.webdo.tn\/fr\/wp-json\/wp\/v2\/comments?post=204461"}],"version-history":[{"count":0,"href":"https:\/\/www.webdo.tn\/fr\/wp-json\/wp\/v2\/posts\/204461\/revisions"}],"wp:featuredmedia":[{"embeddable":true,"href":"https:\/\/www.webdo.tn\/fr\/wp-json\/wp\/v2\/media\/277984"}],"wp:attachment":[{"href":"https:\/\/www.webdo.tn\/fr\/wp-json\/wp\/v2\/media?parent=204461"}],"wp:term":[{"taxonomy":"category","embeddable":true,"href":"https:\/\/www.webdo.tn\/fr\/wp-json\/wp\/v2\/categories?post=204461"},{"taxonomy":"post_tag","embeddable":true,"href":"https:\/\/www.webdo.tn\/fr\/wp-json\/wp\/v2\/tags?post=204461"}],"curies":[{"name":"wp","href":"https:\/\/api.w.org\/{rel}","templated":true}]}}