{"id":204453,"date":"2023-03-31T14:55:00","date_gmt":"2023-03-31T14:55:00","guid":{"rendered":"https:\/\/www.webdo.tn\/fr\/blog\/visa-schengen-l-ue-veut-numeriser-les-procedures\/204453\/"},"modified":"2025-05-20T22:59:24","modified_gmt":"2025-05-20T22:59:24","slug":"visa-schengen-l-ue-veut-numeriser-les-procedures","status":"publish","type":"post","link":"https:\/\/www.webdo.tn\/fr\/actualite\/international\/visa-schengen-l-ue-veut-numeriser-les-procedures\/204453\/","title":{"rendered":"Visa Schengen : l\u2019UE veut num\u00e9riser les proc\u00e9dures"},"content":{"rendered":"<p>Le Conseil de l&rsquo;Union europ\u00e9enne (UE) a arr\u00eat\u00e9, mercredi, un mandat de n\u00e9gociation visant la num\u00e9risation et l\u2019unification de la proc\u00e9dure d\u2019octroi du visa Schengen.<\/p>\n<p>\t\t\t\t\t\t\t\t\tLa proposition instaure la possibilit\u00e9 de demander un visa en ligne et remplace la vignette-visa actuelle par un visa num\u00e9rique.<\/p>\n<p>Cette initiative vise \u201c\u00e0 rendre la proc\u00e9dure de demande de visa plus efficace et \u00e0 am\u00e9liorer la s\u00e9curit\u00e9 de l&rsquo;espace Schengen\u201d, affirme le Conseil de l\u2019UE dans un communiqu\u00e9, pr\u00e9cisant que les nouvelles r\u00e8gles propos\u00e9es cr\u00e9eront une plateforme unifi\u00e9e d\u00e9di\u00e9e aux demandes de visa.<\/p>\n<p>\u00ab\u00a0Un visa Schengen num\u00e9rique permettra aux voyageurs en r\u00e8gle de demander plus facilement un visa et contribuera dans le m\u00eame temps \u00e0 rendre l\u2019espace Schengen plus s\u00fbr\u00a0\u00bb.<\/p>\n<p>Les demandes en ligne r\u00e9duiront le nombre de d\u00e9placements que doivent effectuer les voyageurs au consultat et faciliteront le processus pour les administrations nationales.<\/p>\n<p>Dans le m\u00eame temps, le visa num\u00e9rique \u00e9liminera le risque de falsification et de vol de la vignette-visa, explique Maria Malmer Stenergard, ministre su\u00e9doise des Migration dans le m\u00eame communiqu\u00e9.<\/p>\n<p>La commission avait pr\u00e9sent\u00e9 le 27 avril 2022, une proposition l\u00e9gislative visant \u00e0 num\u00e9riser la proc\u00e9dure de visa. Sur la base de n\u00e9gociations arr\u00eat\u00e9es au 29 mars, la pr\u00e9sidence du Conseil entamera des n\u00e9gociations avec le Parlement europ\u00e9en afin de parvenir \u00e0 un accord sur le texte d\u00e9finitif, conclut la m\u00eame source.<\/p>\n","protected":false},"excerpt":{"rendered":"<p>Le Conseil de l&rsquo;Union europ\u00e9enne (UE) a arr\u00eat\u00e9, mercredi, un mandat de n\u00e9gociation visant la num\u00e9risation et l\u2019unification de la proc\u00e9dure d\u2019octroi du visa Sche&#8230;<\/p>\n","protected":false},"author":3188,"featured_media":278013,"comment_status":"open","ping_status":"closed","sticky":false,"template":"","format":"standard","meta":{"footnotes":""},"categories":[2598],"tags":[4526,3109],"class_list":["post-204453","post","type-post","status-publish","format-standard","has-post-thumbnail","hentry","category-international","tag-schengen","tag-visa"],"yoast_head":"<!-- This site is optimized with the Yoast SEO Premium plugin v27.5 (Yoast SEO v27.5) - https:\/\/yoast.com\/product\/yoast-seo-premium-wordpress\/ -->\n<title>Visa Schengen : l\u2019UE veut num\u00e9riser les proc\u00e9dures<\/title>\n<meta name=\"description\" content=\"Le Conseil de l&#039;Union europ\u00e9enne (UE) a arr\u00eat\u00e9, mercredi, un mandat de n\u00e9gociation visant la num\u00e9risation et l\u2019unification de la proc\u00e9dure d\u2019octroi du visa Sche...\" \/>\n<link rel=\"canonical\" href=\"https:\/\/www.webdo.tn\/fr\/actualite\/international\/visa-schengen-l-ue-veut-numeriser-les-procedures\/204453\/\" \/>\n<meta property=\"og:locale\" content=\"fr_FR\" \/>\n<meta property=\"og:type\" content=\"article\" \/>\n<meta property=\"og:title\" content=\"Visa Schengen : l\u2019UE veut num\u00e9riser les proc\u00e9dures\" \/>\n<meta property=\"og:description\" content=\"Le Conseil de l&#039;Union europ\u00e9enne (UE) a arr\u00eat\u00e9, mercredi, un mandat de n\u00e9gociation visant la num\u00e9risation et l\u2019unification de la proc\u00e9dure d\u2019octroi du visa Sche...\" \/>\n<meta property=\"og:url\" content=\"https:\/\/www.webdo.tn\/fr\/actualite\/international\/visa-schengen-l-ue-veut-numeriser-les-procedures\/204453\/\" \/>\n<meta property=\"og:site_name\" content=\"webdo\" \/>\n<meta property=\"article:publisher\" content=\"https:\/\/www.facebook.com\/webdotn\" \/>\n<meta property=\"article:published_time\" content=\"2023-03-31T14:55:00+00:00\" \/>\n<meta property=\"article:modified_time\" content=\"2025-05-20T22:59:24+00:00\" \/>\n<meta property=\"og:image\" content=\"https:\/\/www.webdo.tn\/fr\/wp-content\/uploads\/2023\/03\/5102354062b24fb413547d9e9b85a58e.jpg\" \/>\n\t<meta property=\"og:image:width\" content=\"400\" \/>\n\t<meta property=\"og:image:height\" content=\"213\" \/>\n\t<meta property=\"og:image:type\" content=\"image\/jpeg\" \/>\n<meta name=\"author\" content=\"Ramzi\" \/>\n<meta name=\"twitter:card\" content=\"summary_large_image\" \/>\n<meta name=\"twitter:creator\" content=\"@webdo_tn\" \/>\n<meta name=\"twitter:site\" content=\"@webdo_tn\" \/>\n<meta name=\"twitter:label1\" content=\"\u00c9crit par\" \/>\n\t<meta name=\"twitter:data1\" content=\"Ramzi\" \/>\n\t<meta name=\"twitter:label2\" content=\"Dur\u00e9e de lecture estim\u00e9e\" \/>\n\t<meta name=\"twitter:data2\" content=\"1 minute\" \/>\n<script type=\"application\/ld+json\" class=\"yoast-schema-graph\">{\"@context\":\"https:\\\/\\\/schema.org\",\"@graph\":[{\"@type\":\"NewsArticle\",\"@id\":\"https:\\\/\\\/www.webdo.tn\\\/fr\\\/actualite\\\/international\\\/visa-schengen-l-ue-veut-numeriser-les-procedures\\\/204453\\\/#article\",\"isPartOf\":{\"@id\":\"https:\\\/\\\/www.webdo.tn\\\/fr\\\/actualite\\\/international\\\/visa-schengen-l-ue-veut-numeriser-les-procedures\\\/204453\\\/\"},\"author\":{\"name\":\"Ramzi\",\"@id\":\"https:\\\/\\\/www.webdo.tn\\\/fr\\\/#\\\/schema\\\/person\\\/590cb5f81adcfde6385530fdbdf468e2\"},\"headline\":\"Visa Schengen : l\u2019UE veut num\u00e9riser les proc\u00e9dures\",\"datePublished\":\"2023-03-31T14:55:00+00:00\",\"dateModified\":\"2025-05-20T22:59:24+00:00\",\"mainEntityOfPage\":{\"@id\":\"https:\\\/\\\/www.webdo.tn\\\/fr\\\/actualite\\\/international\\\/visa-schengen-l-ue-veut-numeriser-les-procedures\\\/204453\\\/\"},\"wordCount\":268,\"commentCount\":0,\"publisher\":{\"@id\":\"https:\\\/\\\/www.webdo.tn\\\/fr\\\/#organization\"},\"image\":{\"@id\":\"https:\\\/\\\/www.webdo.tn\\\/fr\\\/actualite\\\/international\\\/visa-schengen-l-ue-veut-numeriser-les-procedures\\\/204453\\\/#primaryimage\"},\"thumbnailUrl\":\"https:\\\/\\\/www.webdo.tn\\\/fr\\\/wp-content\\\/uploads\\\/2023\\\/03\\\/5102354062b24fb413547d9e9b85a58e.jpg\",\"keywords\":[\"Schengen\",\"visa\"],\"articleSection\":[\"International\"],\"inLanguage\":\"fr-FR\"},{\"@type\":\"WebPage\",\"@id\":\"https:\\\/\\\/www.webdo.tn\\\/fr\\\/actualite\\\/international\\\/visa-schengen-l-ue-veut-numeriser-les-procedures\\\/204453\\\/\",\"url\":\"https:\\\/\\\/www.webdo.tn\\\/fr\\\/actualite\\\/international\\\/visa-schengen-l-ue-veut-numeriser-les-procedures\\\/204453\\\/\",\"name\":\"Visa Schengen : l\u2019UE veut num\u00e9riser les proc\u00e9dures\",\"isPartOf\":{\"@id\":\"https:\\\/\\\/www.webdo.tn\\\/fr\\\/#website\"},\"primaryImageOfPage\":{\"@id\":\"https:\\\/\\\/www.webdo.tn\\\/fr\\\/actualite\\\/international\\\/visa-schengen-l-ue-veut-numeriser-les-procedures\\\/204453\\\/#primaryimage\"},\"image\":{\"@id\":\"https:\\\/\\\/www.webdo.tn\\\/fr\\\/actualite\\\/international\\\/visa-schengen-l-ue-veut-numeriser-les-procedures\\\/204453\\\/#primaryimage\"},\"thumbnailUrl\":\"https:\\\/\\\/www.webdo.tn\\\/fr\\\/wp-content\\\/uploads\\\/2023\\\/03\\\/5102354062b24fb413547d9e9b85a58e.jpg\",\"datePublished\":\"2023-03-31T14:55:00+00:00\",\"dateModified\":\"2025-05-20T22:59:24+00:00\",\"description\":\"Le Conseil de l'Union europ\u00e9enne (UE) a arr\u00eat\u00e9, mercredi, un mandat de n\u00e9gociation visant la num\u00e9risation et l\u2019unification de la proc\u00e9dure d\u2019octroi du visa Sche...\",\"breadcrumb\":{\"@id\":\"https:\\\/\\\/www.webdo.tn\\\/fr\\\/actualite\\\/international\\\/visa-schengen-l-ue-veut-numeriser-les-procedures\\\/204453\\\/#breadcrumb\"},\"inLanguage\":\"fr-FR\",\"potentialAction\":[{\"@type\":\"ReadAction\",\"target\":[\"https:\\\/\\\/www.webdo.tn\\\/fr\\\/actualite\\\/international\\\/visa-schengen-l-ue-veut-numeriser-les-procedures\\\/204453\\\/\"]}]},{\"@type\":\"ImageObject\",\"inLanguage\":\"fr-FR\",\"@id\":\"https:\\\/\\\/www.webdo.tn\\\/fr\\\/actualite\\\/international\\\/visa-schengen-l-ue-veut-numeriser-les-procedures\\\/204453\\\/#primaryimage\",\"url\":\"https:\\\/\\\/www.webdo.tn\\\/fr\\\/wp-content\\\/uploads\\\/2023\\\/03\\\/5102354062b24fb413547d9e9b85a58e.jpg\",\"contentUrl\":\"https:\\\/\\\/www.webdo.tn\\\/fr\\\/wp-content\\\/uploads\\\/2023\\\/03\\\/5102354062b24fb413547d9e9b85a58e.jpg\",\"width\":400,\"height\":213,\"caption\":\"Visa Schengen : l\u2019UE veut num\u00e9riser les proc\u00e9dures\"},{\"@type\":\"BreadcrumbList\",\"@id\":\"https:\\\/\\\/www.webdo.tn\\\/fr\\\/actualite\\\/international\\\/visa-schengen-l-ue-veut-numeriser-les-procedures\\\/204453\\\/#breadcrumb\",\"itemListElement\":[{\"@type\":\"ListItem\",\"position\":1,\"name\":\"Accueil\",\"item\":\"https:\\\/\\\/www.webdo.tn\\\/fr\\\/\"},{\"@type\":\"ListItem\",\"position\":2,\"name\":\"Visa Schengen : l\u2019UE veut num\u00e9riser les proc\u00e9dures\"}]},{\"@type\":\"WebSite\",\"@id\":\"https:\\\/\\\/www.webdo.tn\\\/fr\\\/#website\",\"url\":\"https:\\\/\\\/www.webdo.tn\\\/fr\\\/\",\"name\":\"webdo\",\"description\":\"Tunisie - News en Tunisie et \u00e0 l&#039;international sur Webdo.tn\",\"publisher\":{\"@id\":\"https:\\\/\\\/www.webdo.tn\\\/fr\\\/#organization\"},\"potentialAction\":[{\"@type\":\"SearchAction\",\"target\":{\"@type\":\"EntryPoint\",\"urlTemplate\":\"https:\\\/\\\/www.webdo.tn\\\/fr\\\/?s={search_term_string}\"},\"query-input\":{\"@type\":\"PropertyValueSpecification\",\"valueRequired\":true,\"valueName\":\"search_term_string\"}}],\"inLanguage\":\"fr-FR\"},{\"@type\":\"Organization\",\"@id\":\"https:\\\/\\\/www.webdo.tn\\\/fr\\\/#organization\",\"name\":\"Webdo\",\"alternateName\":\"Webdo.tn\",\"url\":\"https:\\\/\\\/www.webdo.tn\\\/fr\\\/\",\"logo\":{\"@type\":\"ImageObject\",\"inLanguage\":\"fr-FR\",\"@id\":\"https:\\\/\\\/www.webdo.tn\\\/fr\\\/#\\\/schema\\\/logo\\\/image\\\/\",\"url\":\"https:\\\/\\\/www.webdo.tn\\\/fr\\\/wp-content\\\/uploads\\\/2025\\\/06\\\/Webdo-Tunisie_168377.jpg\",\"contentUrl\":\"https:\\\/\\\/www.webdo.tn\\\/fr\\\/wp-content\\\/uploads\\\/2025\\\/06\\\/Webdo-Tunisie_168377.jpg\",\"width\":301,\"height\":301,\"caption\":\"Webdo\"},\"image\":{\"@id\":\"https:\\\/\\\/www.webdo.tn\\\/fr\\\/#\\\/schema\\\/logo\\\/image\\\/\"},\"sameAs\":[\"https:\\\/\\\/www.facebook.com\\\/webdotn\",\"https:\\\/\\\/x.com\\\/webdo_tn\"],\"description\":\"Webdo est un m\u00e9dia num\u00e9rique tunisien fond\u00e9 en 2010, sp\u00e9cialis\u00e9 dans l\u2019actualit\u00e9 nationale et internationale, l\u2019\u00e9conomie, la soci\u00e9t\u00e9 et les analyses politiques. Le site s\u2019adresse \u00e0 un large public francophone et couvre l\u2019information tunisienne en temps r\u00e9el.\",\"email\":\"redac@webdo.tn\",\"legalName\":\"YNJ SARL\",\"foundingDate\":\"2010-09-06\",\"numberOfEmployees\":{\"@type\":\"QuantitativeValue\",\"minValue\":\"11\",\"maxValue\":\"50\"}},{\"@type\":\"Person\",\"@id\":\"https:\\\/\\\/www.webdo.tn\\\/fr\\\/#\\\/schema\\\/person\\\/590cb5f81adcfde6385530fdbdf468e2\",\"name\":\"Ramzi\",\"image\":{\"@type\":\"ImageObject\",\"inLanguage\":\"fr-FR\",\"@id\":\"https:\\\/\\\/secure.gravatar.com\\\/avatar\\\/48df7d18915e10cf866ba8e27604c81ff9243fd52704a1d210c3e387e1cb8d87?s=96&d=mm&r=g\",\"url\":\"https:\\\/\\\/secure.gravatar.com\\\/avatar\\\/48df7d18915e10cf866ba8e27604c81ff9243fd52704a1d210c3e387e1cb8d87?s=96&d=mm&r=g\",\"contentUrl\":\"https:\\\/\\\/secure.gravatar.com\\\/avatar\\\/48df7d18915e10cf866ba8e27604c81ff9243fd52704a1d210c3e387e1cb8d87?s=96&d=mm&r=g\",\"caption\":\"Ramzi\"},\"url\":\"https:\\\/\\\/www.webdo.tn\\\/fr\\\/actualite\\\/author\\\/ramzi\\\/\"}]}<\/script>\n<!-- \/ Yoast SEO Premium plugin. -->","yoast_head_json":{"title":"Visa Schengen : l\u2019UE veut num\u00e9riser les proc\u00e9dures","description":"Le Conseil de l'Union europ\u00e9enne (UE) a arr\u00eat\u00e9, mercredi, un mandat de n\u00e9gociation visant la num\u00e9risation et l\u2019unification de la proc\u00e9dure d\u2019octroi du visa Sche...","canonical":"https:\/\/www.webdo.tn\/fr\/actualite\/international\/visa-schengen-l-ue-veut-numeriser-les-procedures\/204453\/","og_locale":"fr_FR","og_type":"article","og_title":"Visa Schengen : l\u2019UE veut num\u00e9riser les proc\u00e9dures","og_description":"Le Conseil de l'Union europ\u00e9enne (UE) a arr\u00eat\u00e9, mercredi, un mandat de n\u00e9gociation visant la num\u00e9risation et l\u2019unification de la proc\u00e9dure d\u2019octroi du visa Sche...","og_url":"https:\/\/www.webdo.tn\/fr\/actualite\/international\/visa-schengen-l-ue-veut-numeriser-les-procedures\/204453\/","og_site_name":"webdo","article_publisher":"https:\/\/www.facebook.com\/webdotn","article_published_time":"2023-03-31T14:55:00+00:00","article_modified_time":"2025-05-20T22:59:24+00:00","og_image":[{"width":400,"height":213,"url":"https:\/\/www.webdo.tn\/fr\/wp-content\/uploads\/2023\/03\/5102354062b24fb413547d9e9b85a58e.jpg","type":"image\/jpeg"}],"author":"Ramzi","twitter_card":"summary_large_image","twitter_creator":"@webdo_tn","twitter_site":"@webdo_tn","twitter_misc":{"\u00c9crit par":"Ramzi","Dur\u00e9e de lecture estim\u00e9e":"1 minute"},"schema":{"@context":"https:\/\/schema.org","@graph":[{"@type":"NewsArticle","@id":"https:\/\/www.webdo.tn\/fr\/actualite\/international\/visa-schengen-l-ue-veut-numeriser-les-procedures\/204453\/#article","isPartOf":{"@id":"https:\/\/www.webdo.tn\/fr\/actualite\/international\/visa-schengen-l-ue-veut-numeriser-les-procedures\/204453\/"},"author":{"name":"Ramzi","@id":"https:\/\/www.webdo.tn\/fr\/#\/schema\/person\/590cb5f81adcfde6385530fdbdf468e2"},"headline":"Visa Schengen : l\u2019UE veut num\u00e9riser les proc\u00e9dures","datePublished":"2023-03-31T14:55:00+00:00","dateModified":"2025-05-20T22:59:24+00:00","mainEntityOfPage":{"@id":"https:\/\/www.webdo.tn\/fr\/actualite\/international\/visa-schengen-l-ue-veut-numeriser-les-procedures\/204453\/"},"wordCount":268,"commentCount":0,"publisher":{"@id":"https:\/\/www.webdo.tn\/fr\/#organization"},"image":{"@id":"https:\/\/www.webdo.tn\/fr\/actualite\/international\/visa-schengen-l-ue-veut-numeriser-les-procedures\/204453\/#primaryimage"},"thumbnailUrl":"https:\/\/www.webdo.tn\/fr\/wp-content\/uploads\/2023\/03\/5102354062b24fb413547d9e9b85a58e.jpg","keywords":["Schengen","visa"],"articleSection":["International"],"inLanguage":"fr-FR"},{"@type":"WebPage","@id":"https:\/\/www.webdo.tn\/fr\/actualite\/international\/visa-schengen-l-ue-veut-numeriser-les-procedures\/204453\/","url":"https:\/\/www.webdo.tn\/fr\/actualite\/international\/visa-schengen-l-ue-veut-numeriser-les-procedures\/204453\/","name":"Visa Schengen : l\u2019UE veut num\u00e9riser les proc\u00e9dures","isPartOf":{"@id":"https:\/\/www.webdo.tn\/fr\/#website"},"primaryImageOfPage":{"@id":"https:\/\/www.webdo.tn\/fr\/actualite\/international\/visa-schengen-l-ue-veut-numeriser-les-procedures\/204453\/#primaryimage"},"image":{"@id":"https:\/\/www.webdo.tn\/fr\/actualite\/international\/visa-schengen-l-ue-veut-numeriser-les-procedures\/204453\/#primaryimage"},"thumbnailUrl":"https:\/\/www.webdo.tn\/fr\/wp-content\/uploads\/2023\/03\/5102354062b24fb413547d9e9b85a58e.jpg","datePublished":"2023-03-31T14:55:00+00:00","dateModified":"2025-05-20T22:59:24+00:00","description":"Le Conseil de l'Union europ\u00e9enne (UE) a arr\u00eat\u00e9, mercredi, un mandat de n\u00e9gociation visant la num\u00e9risation et l\u2019unification de la proc\u00e9dure d\u2019octroi du visa Sche...","breadcrumb":{"@id":"https:\/\/www.webdo.tn\/fr\/actualite\/international\/visa-schengen-l-ue-veut-numeriser-les-procedures\/204453\/#breadcrumb"},"inLanguage":"fr-FR","potentialAction":[{"@type":"ReadAction","target":["https:\/\/www.webdo.tn\/fr\/actualite\/international\/visa-schengen-l-ue-veut-numeriser-les-procedures\/204453\/"]}]},{"@type":"ImageObject","inLanguage":"fr-FR","@id":"https:\/\/www.webdo.tn\/fr\/actualite\/international\/visa-schengen-l-ue-veut-numeriser-les-procedures\/204453\/#primaryimage","url":"https:\/\/www.webdo.tn\/fr\/wp-content\/uploads\/2023\/03\/5102354062b24fb413547d9e9b85a58e.jpg","contentUrl":"https:\/\/www.webdo.tn\/fr\/wp-content\/uploads\/2023\/03\/5102354062b24fb413547d9e9b85a58e.jpg","width":400,"height":213,"caption":"Visa Schengen : l\u2019UE veut num\u00e9riser les proc\u00e9dures"},{"@type":"BreadcrumbList","@id":"https:\/\/www.webdo.tn\/fr\/actualite\/international\/visa-schengen-l-ue-veut-numeriser-les-procedures\/204453\/#breadcrumb","itemListElement":[{"@type":"ListItem","position":1,"name":"Accueil","item":"https:\/\/www.webdo.tn\/fr\/"},{"@type":"ListItem","position":2,"name":"Visa Schengen : l\u2019UE veut num\u00e9riser les proc\u00e9dures"}]},{"@type":"WebSite","@id":"https:\/\/www.webdo.tn\/fr\/#website","url":"https:\/\/www.webdo.tn\/fr\/","name":"webdo","description":"Tunisie - News en Tunisie et \u00e0 l&#039;international sur Webdo.tn","publisher":{"@id":"https:\/\/www.webdo.tn\/fr\/#organization"},"potentialAction":[{"@type":"SearchAction","target":{"@type":"EntryPoint","urlTemplate":"https:\/\/www.webdo.tn\/fr\/?s={search_term_string}"},"query-input":{"@type":"PropertyValueSpecification","valueRequired":true,"valueName":"search_term_string"}}],"inLanguage":"fr-FR"},{"@type":"Organization","@id":"https:\/\/www.webdo.tn\/fr\/#organization","name":"Webdo","alternateName":"Webdo.tn","url":"https:\/\/www.webdo.tn\/fr\/","logo":{"@type":"ImageObject","inLanguage":"fr-FR","@id":"https:\/\/www.webdo.tn\/fr\/#\/schema\/logo\/image\/","url":"https:\/\/www.webdo.tn\/fr\/wp-content\/uploads\/2025\/06\/Webdo-Tunisie_168377.jpg","contentUrl":"https:\/\/www.webdo.tn\/fr\/wp-content\/uploads\/2025\/06\/Webdo-Tunisie_168377.jpg","width":301,"height":301,"caption":"Webdo"},"image":{"@id":"https:\/\/www.webdo.tn\/fr\/#\/schema\/logo\/image\/"},"sameAs":["https:\/\/www.facebook.com\/webdotn","https:\/\/x.com\/webdo_tn"],"description":"Webdo est un m\u00e9dia num\u00e9rique tunisien fond\u00e9 en 2010, sp\u00e9cialis\u00e9 dans l\u2019actualit\u00e9 nationale et internationale, l\u2019\u00e9conomie, la soci\u00e9t\u00e9 et les analyses politiques. Le site s\u2019adresse \u00e0 un large public francophone et couvre l\u2019information tunisienne en temps r\u00e9el.","email":"redac@webdo.tn","legalName":"YNJ SARL","foundingDate":"2010-09-06","numberOfEmployees":{"@type":"QuantitativeValue","minValue":"11","maxValue":"50"}},{"@type":"Person","@id":"https:\/\/www.webdo.tn\/fr\/#\/schema\/person\/590cb5f81adcfde6385530fdbdf468e2","name":"Ramzi","image":{"@type":"ImageObject","inLanguage":"fr-FR","@id":"https:\/\/secure.gravatar.com\/avatar\/48df7d18915e10cf866ba8e27604c81ff9243fd52704a1d210c3e387e1cb8d87?s=96&d=mm&r=g","url":"https:\/\/secure.gravatar.com\/avatar\/48df7d18915e10cf866ba8e27604c81ff9243fd52704a1d210c3e387e1cb8d87?s=96&d=mm&r=g","contentUrl":"https:\/\/secure.gravatar.com\/avatar\/48df7d18915e10cf866ba8e27604c81ff9243fd52704a1d210c3e387e1cb8d87?s=96&d=mm&r=g","caption":"Ramzi"},"url":"https:\/\/www.webdo.tn\/fr\/actualite\/author\/ramzi\/"}]}},"_links":{"self":[{"href":"https:\/\/www.webdo.tn\/fr\/wp-json\/wp\/v2\/posts\/204453","targetHints":{"allow":["GET"]}}],"collection":[{"href":"https:\/\/www.webdo.tn\/fr\/wp-json\/wp\/v2\/posts"}],"about":[{"href":"https:\/\/www.webdo.tn\/fr\/wp-json\/wp\/v2\/types\/post"}],"author":[{"embeddable":true,"href":"https:\/\/www.webdo.tn\/fr\/wp-json\/wp\/v2\/users\/3188"}],"replies":[{"embeddable":true,"href":"https:\/\/www.webdo.tn\/fr\/wp-json\/wp\/v2\/comments?post=204453"}],"version-history":[{"count":0,"href":"https:\/\/www.webdo.tn\/fr\/wp-json\/wp\/v2\/posts\/204453\/revisions"}],"wp:featuredmedia":[{"embeddable":true,"href":"https:\/\/www.webdo.tn\/fr\/wp-json\/wp\/v2\/media\/278013"}],"wp:attachment":[{"href":"https:\/\/www.webdo.tn\/fr\/wp-json\/wp\/v2\/media?parent=204453"}],"wp:term":[{"taxonomy":"category","embeddable":true,"href":"https:\/\/www.webdo.tn\/fr\/wp-json\/wp\/v2\/categories?post=204453"},{"taxonomy":"post_tag","embeddable":true,"href":"https:\/\/www.webdo.tn\/fr\/wp-json\/wp\/v2\/tags?post=204453"}],"curies":[{"name":"wp","href":"https:\/\/api.w.org\/{rel}","templated":true}]}}