{"id":204445,"date":"2023-03-31T12:37:00","date_gmt":"2023-03-31T12:37:00","guid":{"rendered":"https:\/\/www.webdo.tn\/fr\/blog\/migration-irreguliere-132-morts-et-disparus-au-large-des-cotes-tunisiennes-en-trois-mois\/204445\/"},"modified":"2025-05-20T22:01:13","modified_gmt":"2025-05-20T22:01:13","slug":"migration-irreguliere-132-morts-et-disparus-au-large-des-cotes-tunisiennes-en-trois-mois","status":"publish","type":"post","link":"https:\/\/www.webdo.tn\/fr\/actualite\/national\/migration-irreguliere-132-morts-et-disparus-au-large-des-cotes-tunisiennes-en-trois-mois\/204445\/","title":{"rendered":"Migration irr\u00e9guli\u00e8re : 132 morts et disparus au large des c\u00f4tes tunisiennes en trois mois"},"content":{"rendered":"<p>Le Forum tunisien pour les droits \u00e9conomiques et sociaux (FTDES) indique que 132 migrants irr\u00e9guliers sont morts ou port\u00e9es disparus au large des c\u00f4tes tunisiennes au cours du premier trimestre de l\u2019ann\u00e9e 2023.<\/p>\n<p>\t\t\t\t\t\t\t\t\tDans ce bilan le FTDES souligne que sur les 132 victimes et disparus au cours de cette p\u00e9riode, 28 migrants irr\u00e9guliers ont\u00a0 p\u00e9ri o\u00f9 sont port\u00e9s disparus au cours du mois de janvier ; 7 en f\u00e9vrier ; et 97 en mars 2023.<\/p>\n<p>Le FTDES indique \u00e9galement qu\u2019au cours du premier trimestre de cette ann\u00e9e, 1771 migrants irr\u00e9guliers tunisiens ont pu atteindre les c\u00f4tes italiennes, dont 348 mineurs et 121 femmes. Ils \u00e9taient 660 en mars 2023.<\/p>\n<p>Il souligne aussi que 14.082 migrants de nationalit\u00e9 tunisienne et non tunisienne ont \u00e9t\u00e9 intercept\u00e9s.<\/p>\n","protected":false},"excerpt":{"rendered":"<p>Le Forum tunisien pour les droits \u00e9conomiques et sociaux (FTDES) indique que 132 migrants irr\u00e9guliers sont morts ou port\u00e9es disparus au large des c\u00f4tes tunisien&#8230;<\/p>\n","protected":false},"author":3162,"featured_media":251558,"comment_status":"open","ping_status":"closed","sticky":false,"template":"","format":"standard","meta":{"footnotes":""},"categories":[44],"tags":[7177,3228,2894,3675,3208],"class_list":["post-204445","post","type-post","status-publish","format-standard","has-post-thumbnail","hentry","category-national","tag-disparus","tag-ftdes","tag-migrants","tag-migration-irreguliere","tag-morts"],"yoast_head":"<!-- This site is optimized with the Yoast SEO Premium plugin v27.5 (Yoast SEO v27.5) - https:\/\/yoast.com\/product\/yoast-seo-premium-wordpress\/ -->\n<title>Migration irr\u00e9guli\u00e8re : 132 morts et disparus au large des c\u00f4tes tunisiennes en trois mois<\/title>\n<meta name=\"description\" content=\"Le Forum tunisien pour les droits \u00e9conomiques et sociaux (FTDES) indique que 132 migrants irr\u00e9guliers sont morts ou port\u00e9es disparus au large des c\u00f4tes tunisien...\" \/>\n<link rel=\"canonical\" href=\"https:\/\/www.webdo.tn\/fr\/actualite\/national\/migration-irreguliere-132-morts-et-disparus-au-large-des-cotes-tunisiennes-en-trois-mois\/204445\/\" \/>\n<meta property=\"og:locale\" content=\"fr_FR\" \/>\n<meta property=\"og:type\" content=\"article\" \/>\n<meta property=\"og:title\" content=\"Migration irr\u00e9guli\u00e8re : 132 morts et disparus au large des c\u00f4tes tunisiennes en trois mois\" \/>\n<meta property=\"og:description\" content=\"Le Forum tunisien pour les droits \u00e9conomiques et sociaux (FTDES) indique que 132 migrants irr\u00e9guliers sont morts ou port\u00e9es disparus au large des c\u00f4tes tunisien...\" \/>\n<meta property=\"og:url\" content=\"https:\/\/www.webdo.tn\/fr\/actualite\/national\/migration-irreguliere-132-morts-et-disparus-au-large-des-cotes-tunisiennes-en-trois-mois\/204445\/\" \/>\n<meta property=\"og:site_name\" content=\"webdo\" \/>\n<meta property=\"article:publisher\" content=\"https:\/\/www.facebook.com\/webdotn\" \/>\n<meta property=\"article:published_time\" content=\"2023-03-31T12:37:00+00:00\" \/>\n<meta property=\"article:modified_time\" content=\"2025-05-20T22:01:13+00:00\" \/>\n<meta property=\"og:image\" content=\"https:\/\/www.webdo.tn\/fr\/wp-content\/uploads\/2023\/03\/9f659f164e023c03deef92b4f5020ff5.jpg\" \/>\n\t<meta property=\"og:image:width\" content=\"626\" \/>\n\t<meta property=\"og:image:height\" content=\"334\" \/>\n\t<meta property=\"og:image:type\" content=\"image\/jpeg\" \/>\n<meta name=\"author\" content=\"MC\" \/>\n<meta name=\"twitter:card\" content=\"summary_large_image\" \/>\n<meta name=\"twitter:creator\" content=\"@webdo_tn\" \/>\n<meta name=\"twitter:site\" content=\"@webdo_tn\" \/>\n<meta name=\"twitter:label1\" content=\"\u00c9crit par\" \/>\n\t<meta name=\"twitter:data1\" content=\"MC\" \/>\n\t<meta name=\"twitter:label2\" content=\"Dur\u00e9e de lecture estim\u00e9e\" \/>\n\t<meta name=\"twitter:data2\" content=\"1 minute\" \/>\n<script type=\"application\/ld+json\" class=\"yoast-schema-graph\">{\"@context\":\"https:\\\/\\\/schema.org\",\"@graph\":[{\"@type\":\"NewsArticle\",\"@id\":\"https:\\\/\\\/www.webdo.tn\\\/fr\\\/actualite\\\/national\\\/migration-irreguliere-132-morts-et-disparus-au-large-des-cotes-tunisiennes-en-trois-mois\\\/204445\\\/#article\",\"isPartOf\":{\"@id\":\"https:\\\/\\\/www.webdo.tn\\\/fr\\\/actualite\\\/national\\\/migration-irreguliere-132-morts-et-disparus-au-large-des-cotes-tunisiennes-en-trois-mois\\\/204445\\\/\"},\"author\":{\"name\":\"MC\",\"@id\":\"https:\\\/\\\/www.webdo.tn\\\/fr\\\/#\\\/schema\\\/person\\\/2c4929cbf5a809e3bd38617c6ce150f6\"},\"headline\":\"Migration irr\u00e9guli\u00e8re : 132 morts et disparus au large des c\u00f4tes tunisiennes en trois mois\",\"datePublished\":\"2023-03-31T12:37:00+00:00\",\"dateModified\":\"2025-05-20T22:01:13+00:00\",\"mainEntityOfPage\":{\"@id\":\"https:\\\/\\\/www.webdo.tn\\\/fr\\\/actualite\\\/national\\\/migration-irreguliere-132-morts-et-disparus-au-large-des-cotes-tunisiennes-en-trois-mois\\\/204445\\\/\"},\"wordCount\":141,\"commentCount\":0,\"publisher\":{\"@id\":\"https:\\\/\\\/www.webdo.tn\\\/fr\\\/#organization\"},\"image\":{\"@id\":\"https:\\\/\\\/www.webdo.tn\\\/fr\\\/actualite\\\/national\\\/migration-irreguliere-132-morts-et-disparus-au-large-des-cotes-tunisiennes-en-trois-mois\\\/204445\\\/#primaryimage\"},\"thumbnailUrl\":\"https:\\\/\\\/www.webdo.tn\\\/fr\\\/wp-content\\\/uploads\\\/2023\\\/03\\\/9f659f164e023c03deef92b4f5020ff5.jpg\",\"keywords\":[\"disparus\",\"ftdes\",\"migrants\",\"migration irr\u00e9guli\u00e8re\",\"morts\"],\"articleSection\":[\"National\"],\"inLanguage\":\"fr-FR\"},{\"@type\":\"WebPage\",\"@id\":\"https:\\\/\\\/www.webdo.tn\\\/fr\\\/actualite\\\/national\\\/migration-irreguliere-132-morts-et-disparus-au-large-des-cotes-tunisiennes-en-trois-mois\\\/204445\\\/\",\"url\":\"https:\\\/\\\/www.webdo.tn\\\/fr\\\/actualite\\\/national\\\/migration-irreguliere-132-morts-et-disparus-au-large-des-cotes-tunisiennes-en-trois-mois\\\/204445\\\/\",\"name\":\"Migration irr\u00e9guli\u00e8re : 132 morts et disparus au large des c\u00f4tes tunisiennes en trois mois\",\"isPartOf\":{\"@id\":\"https:\\\/\\\/www.webdo.tn\\\/fr\\\/#website\"},\"primaryImageOfPage\":{\"@id\":\"https:\\\/\\\/www.webdo.tn\\\/fr\\\/actualite\\\/national\\\/migration-irreguliere-132-morts-et-disparus-au-large-des-cotes-tunisiennes-en-trois-mois\\\/204445\\\/#primaryimage\"},\"image\":{\"@id\":\"https:\\\/\\\/www.webdo.tn\\\/fr\\\/actualite\\\/national\\\/migration-irreguliere-132-morts-et-disparus-au-large-des-cotes-tunisiennes-en-trois-mois\\\/204445\\\/#primaryimage\"},\"thumbnailUrl\":\"https:\\\/\\\/www.webdo.tn\\\/fr\\\/wp-content\\\/uploads\\\/2023\\\/03\\\/9f659f164e023c03deef92b4f5020ff5.jpg\",\"datePublished\":\"2023-03-31T12:37:00+00:00\",\"dateModified\":\"2025-05-20T22:01:13+00:00\",\"description\":\"Le Forum tunisien pour les droits \u00e9conomiques et sociaux (FTDES) indique que 132 migrants irr\u00e9guliers sont morts ou port\u00e9es disparus au large des c\u00f4tes tunisien...\",\"breadcrumb\":{\"@id\":\"https:\\\/\\\/www.webdo.tn\\\/fr\\\/actualite\\\/national\\\/migration-irreguliere-132-morts-et-disparus-au-large-des-cotes-tunisiennes-en-trois-mois\\\/204445\\\/#breadcrumb\"},\"inLanguage\":\"fr-FR\",\"potentialAction\":[{\"@type\":\"ReadAction\",\"target\":[\"https:\\\/\\\/www.webdo.tn\\\/fr\\\/actualite\\\/national\\\/migration-irreguliere-132-morts-et-disparus-au-large-des-cotes-tunisiennes-en-trois-mois\\\/204445\\\/\"]}]},{\"@type\":\"ImageObject\",\"inLanguage\":\"fr-FR\",\"@id\":\"https:\\\/\\\/www.webdo.tn\\\/fr\\\/actualite\\\/national\\\/migration-irreguliere-132-morts-et-disparus-au-large-des-cotes-tunisiennes-en-trois-mois\\\/204445\\\/#primaryimage\",\"url\":\"https:\\\/\\\/www.webdo.tn\\\/fr\\\/wp-content\\\/uploads\\\/2023\\\/03\\\/9f659f164e023c03deef92b4f5020ff5.jpg\",\"contentUrl\":\"https:\\\/\\\/www.webdo.tn\\\/fr\\\/wp-content\\\/uploads\\\/2023\\\/03\\\/9f659f164e023c03deef92b4f5020ff5.jpg\",\"width\":626,\"height\":334,\"caption\":\"Migration irr\u00e9guli\u00e8re : 132 morts et disparus au large des c\u00f4tes tunisiennes en trois mois\"},{\"@type\":\"BreadcrumbList\",\"@id\":\"https:\\\/\\\/www.webdo.tn\\\/fr\\\/actualite\\\/national\\\/migration-irreguliere-132-morts-et-disparus-au-large-des-cotes-tunisiennes-en-trois-mois\\\/204445\\\/#breadcrumb\",\"itemListElement\":[{\"@type\":\"ListItem\",\"position\":1,\"name\":\"Accueil\",\"item\":\"https:\\\/\\\/www.webdo.tn\\\/fr\\\/\"},{\"@type\":\"ListItem\",\"position\":2,\"name\":\"Migration irr\u00e9guli\u00e8re : 132 morts et disparus au large des c\u00f4tes tunisiennes en trois mois\"}]},{\"@type\":\"WebSite\",\"@id\":\"https:\\\/\\\/www.webdo.tn\\\/fr\\\/#website\",\"url\":\"https:\\\/\\\/www.webdo.tn\\\/fr\\\/\",\"name\":\"webdo\",\"description\":\"Tunisie - News en Tunisie et \u00e0 l&#039;international sur Webdo.tn\",\"publisher\":{\"@id\":\"https:\\\/\\\/www.webdo.tn\\\/fr\\\/#organization\"},\"potentialAction\":[{\"@type\":\"SearchAction\",\"target\":{\"@type\":\"EntryPoint\",\"urlTemplate\":\"https:\\\/\\\/www.webdo.tn\\\/fr\\\/?s={search_term_string}\"},\"query-input\":{\"@type\":\"PropertyValueSpecification\",\"valueRequired\":true,\"valueName\":\"search_term_string\"}}],\"inLanguage\":\"fr-FR\"},{\"@type\":\"Organization\",\"@id\":\"https:\\\/\\\/www.webdo.tn\\\/fr\\\/#organization\",\"name\":\"Webdo\",\"alternateName\":\"Webdo.tn\",\"url\":\"https:\\\/\\\/www.webdo.tn\\\/fr\\\/\",\"logo\":{\"@type\":\"ImageObject\",\"inLanguage\":\"fr-FR\",\"@id\":\"https:\\\/\\\/www.webdo.tn\\\/fr\\\/#\\\/schema\\\/logo\\\/image\\\/\",\"url\":\"https:\\\/\\\/www.webdo.tn\\\/fr\\\/wp-content\\\/uploads\\\/2025\\\/06\\\/Webdo-Tunisie_168377.jpg\",\"contentUrl\":\"https:\\\/\\\/www.webdo.tn\\\/fr\\\/wp-content\\\/uploads\\\/2025\\\/06\\\/Webdo-Tunisie_168377.jpg\",\"width\":301,\"height\":301,\"caption\":\"Webdo\"},\"image\":{\"@id\":\"https:\\\/\\\/www.webdo.tn\\\/fr\\\/#\\\/schema\\\/logo\\\/image\\\/\"},\"sameAs\":[\"https:\\\/\\\/www.facebook.com\\\/webdotn\",\"https:\\\/\\\/x.com\\\/webdo_tn\"],\"description\":\"Webdo est un m\u00e9dia num\u00e9rique tunisien fond\u00e9 en 2010, sp\u00e9cialis\u00e9 dans l\u2019actualit\u00e9 nationale et internationale, l\u2019\u00e9conomie, la soci\u00e9t\u00e9 et les analyses politiques. Le site s\u2019adresse \u00e0 un large public francophone et couvre l\u2019information tunisienne en temps r\u00e9el.\",\"email\":\"redac@webdo.tn\",\"legalName\":\"YNJ SARL\",\"foundingDate\":\"2010-09-06\",\"numberOfEmployees\":{\"@type\":\"QuantitativeValue\",\"minValue\":\"11\",\"maxValue\":\"50\"}},{\"@type\":\"Person\",\"@id\":\"https:\\\/\\\/www.webdo.tn\\\/fr\\\/#\\\/schema\\\/person\\\/2c4929cbf5a809e3bd38617c6ce150f6\",\"name\":\"MC\",\"image\":{\"@type\":\"ImageObject\",\"inLanguage\":\"fr-FR\",\"@id\":\"https:\\\/\\\/secure.gravatar.com\\\/avatar\\\/a545bbb6f84efdd5553dbbc2895e3ca8f1d12c5215e00a041c9670b54aa9b18a?s=96&d=mm&r=g\",\"url\":\"https:\\\/\\\/secure.gravatar.com\\\/avatar\\\/a545bbb6f84efdd5553dbbc2895e3ca8f1d12c5215e00a041c9670b54aa9b18a?s=96&d=mm&r=g\",\"contentUrl\":\"https:\\\/\\\/secure.gravatar.com\\\/avatar\\\/a545bbb6f84efdd5553dbbc2895e3ca8f1d12c5215e00a041c9670b54aa9b18a?s=96&d=mm&r=g\",\"caption\":\"MC\"},\"url\":\"https:\\\/\\\/www.webdo.tn\\\/fr\\\/actualite\\\/author\\\/mc\\\/\"}]}<\/script>\n<!-- \/ Yoast SEO Premium plugin. -->","yoast_head_json":{"title":"Migration irr\u00e9guli\u00e8re : 132 morts et disparus au large des c\u00f4tes tunisiennes en trois mois","description":"Le Forum tunisien pour les droits \u00e9conomiques et sociaux (FTDES) indique que 132 migrants irr\u00e9guliers sont morts ou port\u00e9es disparus au large des c\u00f4tes tunisien...","canonical":"https:\/\/www.webdo.tn\/fr\/actualite\/national\/migration-irreguliere-132-morts-et-disparus-au-large-des-cotes-tunisiennes-en-trois-mois\/204445\/","og_locale":"fr_FR","og_type":"article","og_title":"Migration irr\u00e9guli\u00e8re : 132 morts et disparus au large des c\u00f4tes tunisiennes en trois mois","og_description":"Le Forum tunisien pour les droits \u00e9conomiques et sociaux (FTDES) indique que 132 migrants irr\u00e9guliers sont morts ou port\u00e9es disparus au large des c\u00f4tes tunisien...","og_url":"https:\/\/www.webdo.tn\/fr\/actualite\/national\/migration-irreguliere-132-morts-et-disparus-au-large-des-cotes-tunisiennes-en-trois-mois\/204445\/","og_site_name":"webdo","article_publisher":"https:\/\/www.facebook.com\/webdotn","article_published_time":"2023-03-31T12:37:00+00:00","article_modified_time":"2025-05-20T22:01:13+00:00","og_image":[{"width":626,"height":334,"url":"https:\/\/www.webdo.tn\/fr\/wp-content\/uploads\/2023\/03\/9f659f164e023c03deef92b4f5020ff5.jpg","type":"image\/jpeg"}],"author":"MC","twitter_card":"summary_large_image","twitter_creator":"@webdo_tn","twitter_site":"@webdo_tn","twitter_misc":{"\u00c9crit par":"MC","Dur\u00e9e de lecture estim\u00e9e":"1 minute"},"schema":{"@context":"https:\/\/schema.org","@graph":[{"@type":"NewsArticle","@id":"https:\/\/www.webdo.tn\/fr\/actualite\/national\/migration-irreguliere-132-morts-et-disparus-au-large-des-cotes-tunisiennes-en-trois-mois\/204445\/#article","isPartOf":{"@id":"https:\/\/www.webdo.tn\/fr\/actualite\/national\/migration-irreguliere-132-morts-et-disparus-au-large-des-cotes-tunisiennes-en-trois-mois\/204445\/"},"author":{"name":"MC","@id":"https:\/\/www.webdo.tn\/fr\/#\/schema\/person\/2c4929cbf5a809e3bd38617c6ce150f6"},"headline":"Migration irr\u00e9guli\u00e8re : 132 morts et disparus au large des c\u00f4tes tunisiennes en trois mois","datePublished":"2023-03-31T12:37:00+00:00","dateModified":"2025-05-20T22:01:13+00:00","mainEntityOfPage":{"@id":"https:\/\/www.webdo.tn\/fr\/actualite\/national\/migration-irreguliere-132-morts-et-disparus-au-large-des-cotes-tunisiennes-en-trois-mois\/204445\/"},"wordCount":141,"commentCount":0,"publisher":{"@id":"https:\/\/www.webdo.tn\/fr\/#organization"},"image":{"@id":"https:\/\/www.webdo.tn\/fr\/actualite\/national\/migration-irreguliere-132-morts-et-disparus-au-large-des-cotes-tunisiennes-en-trois-mois\/204445\/#primaryimage"},"thumbnailUrl":"https:\/\/www.webdo.tn\/fr\/wp-content\/uploads\/2023\/03\/9f659f164e023c03deef92b4f5020ff5.jpg","keywords":["disparus","ftdes","migrants","migration irr\u00e9guli\u00e8re","morts"],"articleSection":["National"],"inLanguage":"fr-FR"},{"@type":"WebPage","@id":"https:\/\/www.webdo.tn\/fr\/actualite\/national\/migration-irreguliere-132-morts-et-disparus-au-large-des-cotes-tunisiennes-en-trois-mois\/204445\/","url":"https:\/\/www.webdo.tn\/fr\/actualite\/national\/migration-irreguliere-132-morts-et-disparus-au-large-des-cotes-tunisiennes-en-trois-mois\/204445\/","name":"Migration irr\u00e9guli\u00e8re : 132 morts et disparus au large des c\u00f4tes tunisiennes en trois mois","isPartOf":{"@id":"https:\/\/www.webdo.tn\/fr\/#website"},"primaryImageOfPage":{"@id":"https:\/\/www.webdo.tn\/fr\/actualite\/national\/migration-irreguliere-132-morts-et-disparus-au-large-des-cotes-tunisiennes-en-trois-mois\/204445\/#primaryimage"},"image":{"@id":"https:\/\/www.webdo.tn\/fr\/actualite\/national\/migration-irreguliere-132-morts-et-disparus-au-large-des-cotes-tunisiennes-en-trois-mois\/204445\/#primaryimage"},"thumbnailUrl":"https:\/\/www.webdo.tn\/fr\/wp-content\/uploads\/2023\/03\/9f659f164e023c03deef92b4f5020ff5.jpg","datePublished":"2023-03-31T12:37:00+00:00","dateModified":"2025-05-20T22:01:13+00:00","description":"Le Forum tunisien pour les droits \u00e9conomiques et sociaux (FTDES) indique que 132 migrants irr\u00e9guliers sont morts ou port\u00e9es disparus au large des c\u00f4tes tunisien...","breadcrumb":{"@id":"https:\/\/www.webdo.tn\/fr\/actualite\/national\/migration-irreguliere-132-morts-et-disparus-au-large-des-cotes-tunisiennes-en-trois-mois\/204445\/#breadcrumb"},"inLanguage":"fr-FR","potentialAction":[{"@type":"ReadAction","target":["https:\/\/www.webdo.tn\/fr\/actualite\/national\/migration-irreguliere-132-morts-et-disparus-au-large-des-cotes-tunisiennes-en-trois-mois\/204445\/"]}]},{"@type":"ImageObject","inLanguage":"fr-FR","@id":"https:\/\/www.webdo.tn\/fr\/actualite\/national\/migration-irreguliere-132-morts-et-disparus-au-large-des-cotes-tunisiennes-en-trois-mois\/204445\/#primaryimage","url":"https:\/\/www.webdo.tn\/fr\/wp-content\/uploads\/2023\/03\/9f659f164e023c03deef92b4f5020ff5.jpg","contentUrl":"https:\/\/www.webdo.tn\/fr\/wp-content\/uploads\/2023\/03\/9f659f164e023c03deef92b4f5020ff5.jpg","width":626,"height":334,"caption":"Migration irr\u00e9guli\u00e8re : 132 morts et disparus au large des c\u00f4tes tunisiennes en trois mois"},{"@type":"BreadcrumbList","@id":"https:\/\/www.webdo.tn\/fr\/actualite\/national\/migration-irreguliere-132-morts-et-disparus-au-large-des-cotes-tunisiennes-en-trois-mois\/204445\/#breadcrumb","itemListElement":[{"@type":"ListItem","position":1,"name":"Accueil","item":"https:\/\/www.webdo.tn\/fr\/"},{"@type":"ListItem","position":2,"name":"Migration irr\u00e9guli\u00e8re : 132 morts et disparus au large des c\u00f4tes tunisiennes en trois mois"}]},{"@type":"WebSite","@id":"https:\/\/www.webdo.tn\/fr\/#website","url":"https:\/\/www.webdo.tn\/fr\/","name":"webdo","description":"Tunisie - News en Tunisie et \u00e0 l&#039;international sur Webdo.tn","publisher":{"@id":"https:\/\/www.webdo.tn\/fr\/#organization"},"potentialAction":[{"@type":"SearchAction","target":{"@type":"EntryPoint","urlTemplate":"https:\/\/www.webdo.tn\/fr\/?s={search_term_string}"},"query-input":{"@type":"PropertyValueSpecification","valueRequired":true,"valueName":"search_term_string"}}],"inLanguage":"fr-FR"},{"@type":"Organization","@id":"https:\/\/www.webdo.tn\/fr\/#organization","name":"Webdo","alternateName":"Webdo.tn","url":"https:\/\/www.webdo.tn\/fr\/","logo":{"@type":"ImageObject","inLanguage":"fr-FR","@id":"https:\/\/www.webdo.tn\/fr\/#\/schema\/logo\/image\/","url":"https:\/\/www.webdo.tn\/fr\/wp-content\/uploads\/2025\/06\/Webdo-Tunisie_168377.jpg","contentUrl":"https:\/\/www.webdo.tn\/fr\/wp-content\/uploads\/2025\/06\/Webdo-Tunisie_168377.jpg","width":301,"height":301,"caption":"Webdo"},"image":{"@id":"https:\/\/www.webdo.tn\/fr\/#\/schema\/logo\/image\/"},"sameAs":["https:\/\/www.facebook.com\/webdotn","https:\/\/x.com\/webdo_tn"],"description":"Webdo est un m\u00e9dia num\u00e9rique tunisien fond\u00e9 en 2010, sp\u00e9cialis\u00e9 dans l\u2019actualit\u00e9 nationale et internationale, l\u2019\u00e9conomie, la soci\u00e9t\u00e9 et les analyses politiques. Le site s\u2019adresse \u00e0 un large public francophone et couvre l\u2019information tunisienne en temps r\u00e9el.","email":"redac@webdo.tn","legalName":"YNJ SARL","foundingDate":"2010-09-06","numberOfEmployees":{"@type":"QuantitativeValue","minValue":"11","maxValue":"50"}},{"@type":"Person","@id":"https:\/\/www.webdo.tn\/fr\/#\/schema\/person\/2c4929cbf5a809e3bd38617c6ce150f6","name":"MC","image":{"@type":"ImageObject","inLanguage":"fr-FR","@id":"https:\/\/secure.gravatar.com\/avatar\/a545bbb6f84efdd5553dbbc2895e3ca8f1d12c5215e00a041c9670b54aa9b18a?s=96&d=mm&r=g","url":"https:\/\/secure.gravatar.com\/avatar\/a545bbb6f84efdd5553dbbc2895e3ca8f1d12c5215e00a041c9670b54aa9b18a?s=96&d=mm&r=g","contentUrl":"https:\/\/secure.gravatar.com\/avatar\/a545bbb6f84efdd5553dbbc2895e3ca8f1d12c5215e00a041c9670b54aa9b18a?s=96&d=mm&r=g","caption":"MC"},"url":"https:\/\/www.webdo.tn\/fr\/actualite\/author\/mc\/"}]}},"_links":{"self":[{"href":"https:\/\/www.webdo.tn\/fr\/wp-json\/wp\/v2\/posts\/204445","targetHints":{"allow":["GET"]}}],"collection":[{"href":"https:\/\/www.webdo.tn\/fr\/wp-json\/wp\/v2\/posts"}],"about":[{"href":"https:\/\/www.webdo.tn\/fr\/wp-json\/wp\/v2\/types\/post"}],"author":[{"embeddable":true,"href":"https:\/\/www.webdo.tn\/fr\/wp-json\/wp\/v2\/users\/3162"}],"replies":[{"embeddable":true,"href":"https:\/\/www.webdo.tn\/fr\/wp-json\/wp\/v2\/comments?post=204445"}],"version-history":[{"count":0,"href":"https:\/\/www.webdo.tn\/fr\/wp-json\/wp\/v2\/posts\/204445\/revisions"}],"wp:featuredmedia":[{"embeddable":true,"href":"https:\/\/www.webdo.tn\/fr\/wp-json\/wp\/v2\/media\/251558"}],"wp:attachment":[{"href":"https:\/\/www.webdo.tn\/fr\/wp-json\/wp\/v2\/media?parent=204445"}],"wp:term":[{"taxonomy":"category","embeddable":true,"href":"https:\/\/www.webdo.tn\/fr\/wp-json\/wp\/v2\/categories?post=204445"},{"taxonomy":"post_tag","embeddable":true,"href":"https:\/\/www.webdo.tn\/fr\/wp-json\/wp\/v2\/tags?post=204445"}],"curies":[{"name":"wp","href":"https:\/\/api.w.org\/{rel}","templated":true}]}}