{"id":204427,"date":"2023-03-30T21:14:00","date_gmt":"2023-03-30T21:14:00","guid":{"rendered":"https:\/\/www.webdo.tn\/fr\/blog\/complot-contre-la-surete-de-l-etat-sept-demandes-de-liberation-rejetees\/204427\/"},"modified":"2025-05-20T22:08:16","modified_gmt":"2025-05-20T22:08:16","slug":"complot-contre-la-surete-de-l-etat-sept-demandes-de-liberation-rejetees","status":"publish","type":"post","link":"https:\/\/www.webdo.tn\/fr\/actualite\/national\/complot-contre-la-surete-de-l-etat-sept-demandes-de-liberation-rejetees\/204427\/","title":{"rendered":"Complot contre la s\u00fbret\u00e9 de l\u2019Etat : Sept demandes de lib\u00e9ration rejet\u00e9es"},"content":{"rendered":"<p>Toutes les demandes de lib\u00e9ration dans l\u2019affaire du complot contre la s\u00fbret\u00e9 de l\u2019Etat ont \u00e9t\u00e9 rejet\u00e9es.<\/p>\n<p>\t\t\t\t\t\t\t\t\tLa chambre d&rsquo;accusation sp\u00e9cialis\u00e9e dans les affaires de terrorisme aupr\u00e8s de la Cour d&rsquo;appel de Tunis vient en effet de confirmer la d\u00e9cision du juge d&rsquo;instruction au P\u00f4le judiciaire antiterroriste de rejeter la demande de lib\u00e9ration de sept d\u00e9tenus.<\/p>\n<p>Il s\u2019agit d\u2019Issam Chebbi, Jawher Ben M&rsquo;barek, Chaima Issa, Ghazi Chaouachi, Ridha Belhadj, Abdelhamid Jelassi et Lazher Akremi, arr\u00eat\u00e9s dans le cadre de cette affaire.<\/p>\n<p>La chambre d&rsquo;accusation a \u00e9galement confirm\u00e9 la d\u00e9cision du juge de ne pas r\u00e9v\u00e9ler l&rsquo;identit\u00e9 de \u00ab\u00a0l&rsquo;informateur et du t\u00e9moin\u00a0\u00bb, dans cette affaire suite \u00e0 une demande d\u00e9pos\u00e9e par le collectif de d\u00e9fense.<\/p>\n<p>Le juge d&rsquo;instruction du bureau num\u00e9ro 36 du P\u00f4le judiciaire de lutte contre le terrorisme, avait rejet\u00e9 cette demande des avocats le 6 mars dernier en raison de l&rsquo;expiration du d\u00e9lai de quatre jours \u00e0 compter de la date du d\u00e9p\u00f4t de la demande, sans rendre une d\u00e9cision \u00e0 cet \u00e9gard.<\/p>\n<p>Les avocats du collectif, estiment que dans cette affaire, le dossier est d\u00e9pourvu de preuves, notant que tous les documents sont des captures d\u2019\u00e9crans de t\u00e9l\u00e9phone de conversations sur WhatsApp entre les accus\u00e9s.<\/p>\n<p>Le 27 f\u00e9vrier dernier, l&rsquo;avocate Dalila Msaddek avait r\u00e9v\u00e9l\u00e9, d\u2019un autre c\u00f4t\u00e9 lors d&rsquo;une conf\u00e9rence de presse tenue par le Front de salut national, que les informateurs \u00e0 l\u2019origine des r\u00e9centes arrestations sont deux personnes, qui sont \u00e9galement impliqu\u00e9es dans des affaires de complot contre la s\u00fbret\u00e9 de l&rsquo;\u00c9tat, notant que l&rsquo;un d&rsquo;entre eux purge actuellement une peine de prison et l&rsquo;autre est en libert\u00e9 mais est interdit de voyage.<\/p>\n<p>Samedi 25 f\u00e9vrier 2023, des mandats de d\u00e9p\u00f4t en prison ont \u00e9t\u00e9 \u00e9mis contre neuf accus\u00e9s dans l&rsquo;affaire du complot contre la s\u00fbret\u00e9 de l&rsquo;\u00c9tat. Il s&rsquo;agit de Kamel Letaief, Khayem Turki, Abdelhamid Jelassi, Issam\u00a0 Chebbi, Jawher Ben Mbarek, Chaima Issa, Ghazi Chaouachi, Ridha Belhadj et un neuvi\u00e8me accus\u00e9 originaire de la r\u00e9gion de Sousse.<\/p>\n<p>A ces neuf personnes, il faut ajouter le leader du mouvement Ennahda, Noureddine Bhiri, et le directeur de la radio Mosa\u00efque FM, Noureddine Boutar, eux aussi, concern\u00e9s par un mandat de d\u00e9p\u00f4t.<\/p>\n","protected":false},"excerpt":{"rendered":"<p>Toutes les demandes de lib\u00e9ration dans l\u2019affaire du complot contre la s\u00fbret\u00e9 de l\u2019Etat ont \u00e9t\u00e9 rejet\u00e9es.<\/p>\n","protected":false},"author":3162,"featured_media":278012,"comment_status":"open","ping_status":"closed","sticky":false,"template":"","format":"standard","meta":{"footnotes":""},"categories":[44],"tags":[3784,8729,3938,5346],"class_list":["post-204427","post","type-post","status-publish","format-standard","has-post-thumbnail","hentry","category-national","tag-complot","tag-informateur","tag-liberation","tag-surete-de-letat"],"yoast_head":"<!-- This site is optimized with the Yoast SEO Premium plugin v27.4 (Yoast SEO v27.5) - https:\/\/yoast.com\/product\/yoast-seo-premium-wordpress\/ -->\n<title>Complot contre la s\u00fbret\u00e9 de l\u2019Etat : Sept demandes de lib\u00e9ration rejet\u00e9es<\/title>\n<meta name=\"description\" content=\"Toutes les demandes de lib\u00e9ration dans l\u2019affaire du complot contre la s\u00fbret\u00e9 de l\u2019Etat ont \u00e9t\u00e9 rejet\u00e9es.\" \/>\n<link rel=\"canonical\" href=\"https:\/\/www.webdo.tn\/fr\/actualite\/national\/complot-contre-la-surete-de-l-etat-sept-demandes-de-liberation-rejetees\/204427\/\" \/>\n<meta property=\"og:locale\" content=\"fr_FR\" \/>\n<meta property=\"og:type\" content=\"article\" \/>\n<meta property=\"og:title\" content=\"Complot contre la s\u00fbret\u00e9 de l\u2019Etat : Sept demandes de lib\u00e9ration rejet\u00e9es\" \/>\n<meta property=\"og:description\" content=\"Toutes les demandes de lib\u00e9ration dans l\u2019affaire du complot contre la s\u00fbret\u00e9 de l\u2019Etat ont \u00e9t\u00e9 rejet\u00e9es.\" \/>\n<meta property=\"og:url\" content=\"https:\/\/www.webdo.tn\/fr\/actualite\/national\/complot-contre-la-surete-de-l-etat-sept-demandes-de-liberation-rejetees\/204427\/\" \/>\n<meta property=\"og:site_name\" content=\"webdo\" \/>\n<meta property=\"article:publisher\" content=\"https:\/\/www.facebook.com\/webdotn\" \/>\n<meta property=\"article:published_time\" content=\"2023-03-30T21:14:00+00:00\" \/>\n<meta property=\"article:modified_time\" content=\"2025-05-20T22:08:16+00:00\" \/>\n<meta property=\"og:image\" content=\"https:\/\/www.webdo.tn\/fr\/wp-content\/uploads\/2023\/03\/ab27599514b88c3a90f91d8af40b5c49.jpg\" \/>\n\t<meta property=\"og:image:width\" content=\"650\" \/>\n\t<meta property=\"og:image:height\" content=\"347\" \/>\n\t<meta property=\"og:image:type\" content=\"image\/jpeg\" \/>\n<meta name=\"author\" content=\"MC\" \/>\n<meta name=\"twitter:card\" content=\"summary_large_image\" \/>\n<meta name=\"twitter:creator\" content=\"@webdo_tn\" \/>\n<meta name=\"twitter:site\" content=\"@webdo_tn\" \/>\n<meta name=\"twitter:label1\" content=\"\u00c9crit par\" \/>\n\t<meta name=\"twitter:data1\" content=\"MC\" \/>\n\t<meta name=\"twitter:label2\" content=\"Dur\u00e9e de lecture estim\u00e9e\" \/>\n\t<meta name=\"twitter:data2\" content=\"2 minutes\" \/>\n<script type=\"application\/ld+json\" class=\"yoast-schema-graph\">{\"@context\":\"https:\\\/\\\/schema.org\",\"@graph\":[{\"@type\":\"NewsArticle\",\"@id\":\"https:\\\/\\\/www.webdo.tn\\\/fr\\\/actualite\\\/national\\\/complot-contre-la-surete-de-l-etat-sept-demandes-de-liberation-rejetees\\\/204427\\\/#article\",\"isPartOf\":{\"@id\":\"https:\\\/\\\/www.webdo.tn\\\/fr\\\/actualite\\\/national\\\/complot-contre-la-surete-de-l-etat-sept-demandes-de-liberation-rejetees\\\/204427\\\/\"},\"author\":{\"name\":\"MC\",\"@id\":\"https:\\\/\\\/www.webdo.tn\\\/fr\\\/#\\\/schema\\\/person\\\/2c4929cbf5a809e3bd38617c6ce150f6\"},\"headline\":\"Complot contre la s\u00fbret\u00e9 de l\u2019Etat : Sept demandes de lib\u00e9ration rejet\u00e9es\",\"datePublished\":\"2023-03-30T21:14:00+00:00\",\"dateModified\":\"2025-05-20T22:08:16+00:00\",\"mainEntityOfPage\":{\"@id\":\"https:\\\/\\\/www.webdo.tn\\\/fr\\\/actualite\\\/national\\\/complot-contre-la-surete-de-l-etat-sept-demandes-de-liberation-rejetees\\\/204427\\\/\"},\"wordCount\":434,\"commentCount\":0,\"publisher\":{\"@id\":\"https:\\\/\\\/www.webdo.tn\\\/fr\\\/#organization\"},\"image\":{\"@id\":\"https:\\\/\\\/www.webdo.tn\\\/fr\\\/actualite\\\/national\\\/complot-contre-la-surete-de-l-etat-sept-demandes-de-liberation-rejetees\\\/204427\\\/#primaryimage\"},\"thumbnailUrl\":\"https:\\\/\\\/www.webdo.tn\\\/fr\\\/wp-content\\\/uploads\\\/2023\\\/03\\\/ab27599514b88c3a90f91d8af40b5c49.jpg\",\"keywords\":[\"complot\",\"informateur\",\"lib\u00e9ration\",\"s\u00fbret\u00e9 de l'\u00e9tat\"],\"articleSection\":[\"National\"],\"inLanguage\":\"fr-FR\"},{\"@type\":\"WebPage\",\"@id\":\"https:\\\/\\\/www.webdo.tn\\\/fr\\\/actualite\\\/national\\\/complot-contre-la-surete-de-l-etat-sept-demandes-de-liberation-rejetees\\\/204427\\\/\",\"url\":\"https:\\\/\\\/www.webdo.tn\\\/fr\\\/actualite\\\/national\\\/complot-contre-la-surete-de-l-etat-sept-demandes-de-liberation-rejetees\\\/204427\\\/\",\"name\":\"Complot contre la s\u00fbret\u00e9 de l\u2019Etat : Sept demandes de lib\u00e9ration rejet\u00e9es\",\"isPartOf\":{\"@id\":\"https:\\\/\\\/www.webdo.tn\\\/fr\\\/#website\"},\"primaryImageOfPage\":{\"@id\":\"https:\\\/\\\/www.webdo.tn\\\/fr\\\/actualite\\\/national\\\/complot-contre-la-surete-de-l-etat-sept-demandes-de-liberation-rejetees\\\/204427\\\/#primaryimage\"},\"image\":{\"@id\":\"https:\\\/\\\/www.webdo.tn\\\/fr\\\/actualite\\\/national\\\/complot-contre-la-surete-de-l-etat-sept-demandes-de-liberation-rejetees\\\/204427\\\/#primaryimage\"},\"thumbnailUrl\":\"https:\\\/\\\/www.webdo.tn\\\/fr\\\/wp-content\\\/uploads\\\/2023\\\/03\\\/ab27599514b88c3a90f91d8af40b5c49.jpg\",\"datePublished\":\"2023-03-30T21:14:00+00:00\",\"dateModified\":\"2025-05-20T22:08:16+00:00\",\"description\":\"Toutes les demandes de lib\u00e9ration dans l\u2019affaire du complot contre la s\u00fbret\u00e9 de l\u2019Etat ont \u00e9t\u00e9 rejet\u00e9es.\",\"breadcrumb\":{\"@id\":\"https:\\\/\\\/www.webdo.tn\\\/fr\\\/actualite\\\/national\\\/complot-contre-la-surete-de-l-etat-sept-demandes-de-liberation-rejetees\\\/204427\\\/#breadcrumb\"},\"inLanguage\":\"fr-FR\",\"potentialAction\":[{\"@type\":\"ReadAction\",\"target\":[\"https:\\\/\\\/www.webdo.tn\\\/fr\\\/actualite\\\/national\\\/complot-contre-la-surete-de-l-etat-sept-demandes-de-liberation-rejetees\\\/204427\\\/\"]}]},{\"@type\":\"ImageObject\",\"inLanguage\":\"fr-FR\",\"@id\":\"https:\\\/\\\/www.webdo.tn\\\/fr\\\/actualite\\\/national\\\/complot-contre-la-surete-de-l-etat-sept-demandes-de-liberation-rejetees\\\/204427\\\/#primaryimage\",\"url\":\"https:\\\/\\\/www.webdo.tn\\\/fr\\\/wp-content\\\/uploads\\\/2023\\\/03\\\/ab27599514b88c3a90f91d8af40b5c49.jpg\",\"contentUrl\":\"https:\\\/\\\/www.webdo.tn\\\/fr\\\/wp-content\\\/uploads\\\/2023\\\/03\\\/ab27599514b88c3a90f91d8af40b5c49.jpg\",\"width\":650,\"height\":347,\"caption\":\"Complot contre la s\u00fbret\u00e9 de l\u2019Etat : Sept demandes de lib\u00e9ration rejet\u00e9es\"},{\"@type\":\"BreadcrumbList\",\"@id\":\"https:\\\/\\\/www.webdo.tn\\\/fr\\\/actualite\\\/national\\\/complot-contre-la-surete-de-l-etat-sept-demandes-de-liberation-rejetees\\\/204427\\\/#breadcrumb\",\"itemListElement\":[{\"@type\":\"ListItem\",\"position\":1,\"name\":\"Accueil\",\"item\":\"https:\\\/\\\/www.webdo.tn\\\/fr\\\/\"},{\"@type\":\"ListItem\",\"position\":2,\"name\":\"Complot contre la s\u00fbret\u00e9 de l\u2019Etat : Sept demandes de lib\u00e9ration rejet\u00e9es\"}]},{\"@type\":\"WebSite\",\"@id\":\"https:\\\/\\\/www.webdo.tn\\\/fr\\\/#website\",\"url\":\"https:\\\/\\\/www.webdo.tn\\\/fr\\\/\",\"name\":\"webdo\",\"description\":\"Tunisie - News en Tunisie et \u00e0 l&#039;international sur Webdo.tn\",\"publisher\":{\"@id\":\"https:\\\/\\\/www.webdo.tn\\\/fr\\\/#organization\"},\"potentialAction\":[{\"@type\":\"SearchAction\",\"target\":{\"@type\":\"EntryPoint\",\"urlTemplate\":\"https:\\\/\\\/www.webdo.tn\\\/fr\\\/?s={search_term_string}\"},\"query-input\":{\"@type\":\"PropertyValueSpecification\",\"valueRequired\":true,\"valueName\":\"search_term_string\"}}],\"inLanguage\":\"fr-FR\"},{\"@type\":\"Organization\",\"@id\":\"https:\\\/\\\/www.webdo.tn\\\/fr\\\/#organization\",\"name\":\"Webdo\",\"alternateName\":\"Webdo.tn\",\"url\":\"https:\\\/\\\/www.webdo.tn\\\/fr\\\/\",\"logo\":{\"@type\":\"ImageObject\",\"inLanguage\":\"fr-FR\",\"@id\":\"https:\\\/\\\/www.webdo.tn\\\/fr\\\/#\\\/schema\\\/logo\\\/image\\\/\",\"url\":\"https:\\\/\\\/www.webdo.tn\\\/fr\\\/wp-content\\\/uploads\\\/2025\\\/06\\\/Webdo-Tunisie_168377.jpg\",\"contentUrl\":\"https:\\\/\\\/www.webdo.tn\\\/fr\\\/wp-content\\\/uploads\\\/2025\\\/06\\\/Webdo-Tunisie_168377.jpg\",\"width\":301,\"height\":301,\"caption\":\"Webdo\"},\"image\":{\"@id\":\"https:\\\/\\\/www.webdo.tn\\\/fr\\\/#\\\/schema\\\/logo\\\/image\\\/\"},\"sameAs\":[\"https:\\\/\\\/www.facebook.com\\\/webdotn\",\"https:\\\/\\\/x.com\\\/webdo_tn\"],\"description\":\"Webdo est un m\u00e9dia num\u00e9rique tunisien fond\u00e9 en 2010, sp\u00e9cialis\u00e9 dans l\u2019actualit\u00e9 nationale et internationale, l\u2019\u00e9conomie, la soci\u00e9t\u00e9 et les analyses politiques. Le site s\u2019adresse \u00e0 un large public francophone et couvre l\u2019information tunisienne en temps r\u00e9el.\",\"email\":\"redac@webdo.tn\",\"legalName\":\"YNJ SARL\",\"foundingDate\":\"2010-09-06\",\"numberOfEmployees\":{\"@type\":\"QuantitativeValue\",\"minValue\":\"11\",\"maxValue\":\"50\"}},{\"@type\":\"Person\",\"@id\":\"https:\\\/\\\/www.webdo.tn\\\/fr\\\/#\\\/schema\\\/person\\\/2c4929cbf5a809e3bd38617c6ce150f6\",\"name\":\"MC\",\"image\":{\"@type\":\"ImageObject\",\"inLanguage\":\"fr-FR\",\"@id\":\"https:\\\/\\\/secure.gravatar.com\\\/avatar\\\/a545bbb6f84efdd5553dbbc2895e3ca8f1d12c5215e00a041c9670b54aa9b18a?s=96&d=mm&r=g\",\"url\":\"https:\\\/\\\/secure.gravatar.com\\\/avatar\\\/a545bbb6f84efdd5553dbbc2895e3ca8f1d12c5215e00a041c9670b54aa9b18a?s=96&d=mm&r=g\",\"contentUrl\":\"https:\\\/\\\/secure.gravatar.com\\\/avatar\\\/a545bbb6f84efdd5553dbbc2895e3ca8f1d12c5215e00a041c9670b54aa9b18a?s=96&d=mm&r=g\",\"caption\":\"MC\"},\"url\":\"https:\\\/\\\/www.webdo.tn\\\/fr\\\/actualite\\\/author\\\/mc\\\/\"}]}<\/script>\n<!-- \/ Yoast SEO Premium plugin. -->","yoast_head_json":{"title":"Complot contre la s\u00fbret\u00e9 de l\u2019Etat : Sept demandes de lib\u00e9ration rejet\u00e9es","description":"Toutes les demandes de lib\u00e9ration dans l\u2019affaire du complot contre la s\u00fbret\u00e9 de l\u2019Etat ont \u00e9t\u00e9 rejet\u00e9es.","canonical":"https:\/\/www.webdo.tn\/fr\/actualite\/national\/complot-contre-la-surete-de-l-etat-sept-demandes-de-liberation-rejetees\/204427\/","og_locale":"fr_FR","og_type":"article","og_title":"Complot contre la s\u00fbret\u00e9 de l\u2019Etat : Sept demandes de lib\u00e9ration rejet\u00e9es","og_description":"Toutes les demandes de lib\u00e9ration dans l\u2019affaire du complot contre la s\u00fbret\u00e9 de l\u2019Etat ont \u00e9t\u00e9 rejet\u00e9es.","og_url":"https:\/\/www.webdo.tn\/fr\/actualite\/national\/complot-contre-la-surete-de-l-etat-sept-demandes-de-liberation-rejetees\/204427\/","og_site_name":"webdo","article_publisher":"https:\/\/www.facebook.com\/webdotn","article_published_time":"2023-03-30T21:14:00+00:00","article_modified_time":"2025-05-20T22:08:16+00:00","og_image":[{"width":650,"height":347,"url":"https:\/\/www.webdo.tn\/fr\/wp-content\/uploads\/2023\/03\/ab27599514b88c3a90f91d8af40b5c49.jpg","type":"image\/jpeg"}],"author":"MC","twitter_card":"summary_large_image","twitter_creator":"@webdo_tn","twitter_site":"@webdo_tn","twitter_misc":{"\u00c9crit par":"MC","Dur\u00e9e de lecture estim\u00e9e":"2 minutes"},"schema":{"@context":"https:\/\/schema.org","@graph":[{"@type":"NewsArticle","@id":"https:\/\/www.webdo.tn\/fr\/actualite\/national\/complot-contre-la-surete-de-l-etat-sept-demandes-de-liberation-rejetees\/204427\/#article","isPartOf":{"@id":"https:\/\/www.webdo.tn\/fr\/actualite\/national\/complot-contre-la-surete-de-l-etat-sept-demandes-de-liberation-rejetees\/204427\/"},"author":{"name":"MC","@id":"https:\/\/www.webdo.tn\/fr\/#\/schema\/person\/2c4929cbf5a809e3bd38617c6ce150f6"},"headline":"Complot contre la s\u00fbret\u00e9 de l\u2019Etat : Sept demandes de lib\u00e9ration rejet\u00e9es","datePublished":"2023-03-30T21:14:00+00:00","dateModified":"2025-05-20T22:08:16+00:00","mainEntityOfPage":{"@id":"https:\/\/www.webdo.tn\/fr\/actualite\/national\/complot-contre-la-surete-de-l-etat-sept-demandes-de-liberation-rejetees\/204427\/"},"wordCount":434,"commentCount":0,"publisher":{"@id":"https:\/\/www.webdo.tn\/fr\/#organization"},"image":{"@id":"https:\/\/www.webdo.tn\/fr\/actualite\/national\/complot-contre-la-surete-de-l-etat-sept-demandes-de-liberation-rejetees\/204427\/#primaryimage"},"thumbnailUrl":"https:\/\/www.webdo.tn\/fr\/wp-content\/uploads\/2023\/03\/ab27599514b88c3a90f91d8af40b5c49.jpg","keywords":["complot","informateur","lib\u00e9ration","s\u00fbret\u00e9 de l'\u00e9tat"],"articleSection":["National"],"inLanguage":"fr-FR"},{"@type":"WebPage","@id":"https:\/\/www.webdo.tn\/fr\/actualite\/national\/complot-contre-la-surete-de-l-etat-sept-demandes-de-liberation-rejetees\/204427\/","url":"https:\/\/www.webdo.tn\/fr\/actualite\/national\/complot-contre-la-surete-de-l-etat-sept-demandes-de-liberation-rejetees\/204427\/","name":"Complot contre la s\u00fbret\u00e9 de l\u2019Etat : Sept demandes de lib\u00e9ration rejet\u00e9es","isPartOf":{"@id":"https:\/\/www.webdo.tn\/fr\/#website"},"primaryImageOfPage":{"@id":"https:\/\/www.webdo.tn\/fr\/actualite\/national\/complot-contre-la-surete-de-l-etat-sept-demandes-de-liberation-rejetees\/204427\/#primaryimage"},"image":{"@id":"https:\/\/www.webdo.tn\/fr\/actualite\/national\/complot-contre-la-surete-de-l-etat-sept-demandes-de-liberation-rejetees\/204427\/#primaryimage"},"thumbnailUrl":"https:\/\/www.webdo.tn\/fr\/wp-content\/uploads\/2023\/03\/ab27599514b88c3a90f91d8af40b5c49.jpg","datePublished":"2023-03-30T21:14:00+00:00","dateModified":"2025-05-20T22:08:16+00:00","description":"Toutes les demandes de lib\u00e9ration dans l\u2019affaire du complot contre la s\u00fbret\u00e9 de l\u2019Etat ont \u00e9t\u00e9 rejet\u00e9es.","breadcrumb":{"@id":"https:\/\/www.webdo.tn\/fr\/actualite\/national\/complot-contre-la-surete-de-l-etat-sept-demandes-de-liberation-rejetees\/204427\/#breadcrumb"},"inLanguage":"fr-FR","potentialAction":[{"@type":"ReadAction","target":["https:\/\/www.webdo.tn\/fr\/actualite\/national\/complot-contre-la-surete-de-l-etat-sept-demandes-de-liberation-rejetees\/204427\/"]}]},{"@type":"ImageObject","inLanguage":"fr-FR","@id":"https:\/\/www.webdo.tn\/fr\/actualite\/national\/complot-contre-la-surete-de-l-etat-sept-demandes-de-liberation-rejetees\/204427\/#primaryimage","url":"https:\/\/www.webdo.tn\/fr\/wp-content\/uploads\/2023\/03\/ab27599514b88c3a90f91d8af40b5c49.jpg","contentUrl":"https:\/\/www.webdo.tn\/fr\/wp-content\/uploads\/2023\/03\/ab27599514b88c3a90f91d8af40b5c49.jpg","width":650,"height":347,"caption":"Complot contre la s\u00fbret\u00e9 de l\u2019Etat : Sept demandes de lib\u00e9ration rejet\u00e9es"},{"@type":"BreadcrumbList","@id":"https:\/\/www.webdo.tn\/fr\/actualite\/national\/complot-contre-la-surete-de-l-etat-sept-demandes-de-liberation-rejetees\/204427\/#breadcrumb","itemListElement":[{"@type":"ListItem","position":1,"name":"Accueil","item":"https:\/\/www.webdo.tn\/fr\/"},{"@type":"ListItem","position":2,"name":"Complot contre la s\u00fbret\u00e9 de l\u2019Etat : Sept demandes de lib\u00e9ration rejet\u00e9es"}]},{"@type":"WebSite","@id":"https:\/\/www.webdo.tn\/fr\/#website","url":"https:\/\/www.webdo.tn\/fr\/","name":"webdo","description":"Tunisie - News en Tunisie et \u00e0 l&#039;international sur Webdo.tn","publisher":{"@id":"https:\/\/www.webdo.tn\/fr\/#organization"},"potentialAction":[{"@type":"SearchAction","target":{"@type":"EntryPoint","urlTemplate":"https:\/\/www.webdo.tn\/fr\/?s={search_term_string}"},"query-input":{"@type":"PropertyValueSpecification","valueRequired":true,"valueName":"search_term_string"}}],"inLanguage":"fr-FR"},{"@type":"Organization","@id":"https:\/\/www.webdo.tn\/fr\/#organization","name":"Webdo","alternateName":"Webdo.tn","url":"https:\/\/www.webdo.tn\/fr\/","logo":{"@type":"ImageObject","inLanguage":"fr-FR","@id":"https:\/\/www.webdo.tn\/fr\/#\/schema\/logo\/image\/","url":"https:\/\/www.webdo.tn\/fr\/wp-content\/uploads\/2025\/06\/Webdo-Tunisie_168377.jpg","contentUrl":"https:\/\/www.webdo.tn\/fr\/wp-content\/uploads\/2025\/06\/Webdo-Tunisie_168377.jpg","width":301,"height":301,"caption":"Webdo"},"image":{"@id":"https:\/\/www.webdo.tn\/fr\/#\/schema\/logo\/image\/"},"sameAs":["https:\/\/www.facebook.com\/webdotn","https:\/\/x.com\/webdo_tn"],"description":"Webdo est un m\u00e9dia num\u00e9rique tunisien fond\u00e9 en 2010, sp\u00e9cialis\u00e9 dans l\u2019actualit\u00e9 nationale et internationale, l\u2019\u00e9conomie, la soci\u00e9t\u00e9 et les analyses politiques. Le site s\u2019adresse \u00e0 un large public francophone et couvre l\u2019information tunisienne en temps r\u00e9el.","email":"redac@webdo.tn","legalName":"YNJ SARL","foundingDate":"2010-09-06","numberOfEmployees":{"@type":"QuantitativeValue","minValue":"11","maxValue":"50"}},{"@type":"Person","@id":"https:\/\/www.webdo.tn\/fr\/#\/schema\/person\/2c4929cbf5a809e3bd38617c6ce150f6","name":"MC","image":{"@type":"ImageObject","inLanguage":"fr-FR","@id":"https:\/\/secure.gravatar.com\/avatar\/a545bbb6f84efdd5553dbbc2895e3ca8f1d12c5215e00a041c9670b54aa9b18a?s=96&d=mm&r=g","url":"https:\/\/secure.gravatar.com\/avatar\/a545bbb6f84efdd5553dbbc2895e3ca8f1d12c5215e00a041c9670b54aa9b18a?s=96&d=mm&r=g","contentUrl":"https:\/\/secure.gravatar.com\/avatar\/a545bbb6f84efdd5553dbbc2895e3ca8f1d12c5215e00a041c9670b54aa9b18a?s=96&d=mm&r=g","caption":"MC"},"url":"https:\/\/www.webdo.tn\/fr\/actualite\/author\/mc\/"}]}},"_links":{"self":[{"href":"https:\/\/www.webdo.tn\/fr\/wp-json\/wp\/v2\/posts\/204427","targetHints":{"allow":["GET"]}}],"collection":[{"href":"https:\/\/www.webdo.tn\/fr\/wp-json\/wp\/v2\/posts"}],"about":[{"href":"https:\/\/www.webdo.tn\/fr\/wp-json\/wp\/v2\/types\/post"}],"author":[{"embeddable":true,"href":"https:\/\/www.webdo.tn\/fr\/wp-json\/wp\/v2\/users\/3162"}],"replies":[{"embeddable":true,"href":"https:\/\/www.webdo.tn\/fr\/wp-json\/wp\/v2\/comments?post=204427"}],"version-history":[{"count":0,"href":"https:\/\/www.webdo.tn\/fr\/wp-json\/wp\/v2\/posts\/204427\/revisions"}],"wp:featuredmedia":[{"embeddable":true,"href":"https:\/\/www.webdo.tn\/fr\/wp-json\/wp\/v2\/media\/278012"}],"wp:attachment":[{"href":"https:\/\/www.webdo.tn\/fr\/wp-json\/wp\/v2\/media?parent=204427"}],"wp:term":[{"taxonomy":"category","embeddable":true,"href":"https:\/\/www.webdo.tn\/fr\/wp-json\/wp\/v2\/categories?post=204427"},{"taxonomy":"post_tag","embeddable":true,"href":"https:\/\/www.webdo.tn\/fr\/wp-json\/wp\/v2\/tags?post=204427"}],"curies":[{"name":"wp","href":"https:\/\/api.w.org\/{rel}","templated":true}]}}