{"id":204417,"date":"2023-03-30T14:55:00","date_gmt":"2023-03-30T14:55:00","guid":{"rendered":"https:\/\/www.webdo.tn\/fr\/blog\/le-ministre-de-l-interieur-italien-preoccupe-par-le-nombre-de-migrants-irreguliers\/204417\/"},"modified":"2025-05-20T22:49:45","modified_gmt":"2025-05-20T22:49:45","slug":"le-ministre-de-l-interieur-italien-preoccupe-par-le-nombre-de-migrants-irreguliers","status":"publish","type":"post","link":"https:\/\/www.webdo.tn\/fr\/actualite\/national\/le-ministre-de-l-interieur-italien-preoccupe-par-le-nombre-de-migrants-irreguliers\/204417\/","title":{"rendered":"Le ministre de l\u2019Int\u00e9rieur italien \u00ab\u00a0pr\u00e9occup\u00e9\u00a0\u00bb par le nombre de migrants irr\u00e9guliers"},"content":{"rendered":"<p>Le ministre de l&rsquo;Int\u00e9rieur, Kamel Fekih, et son homologue italien, Matteo Piantedosi, ont, lors d&rsquo;un entretien t\u00e9l\u00e9phonique, jeudi, exprim\u00e9 leur pr\u00e9occupation face \u00e0 \u00ab\u00a0la hausse du nombre de migrants irr\u00e9guliers qui ont atteint les c\u00f4tes italiennes pendant le premier trimestre de cette ann\u00e9e\u00a0\u00bb.<\/p>\n<p>Selon un communiqu\u00e9 du minist\u00e8re de l&rsquo;Int\u00e9rieur, les deux parties ont convenu de renforcer les relations de partenariat et de coop\u00e9ration en mati\u00e8re de lutte contre la migration irr\u00e9guli\u00e8re et de tout mettre en \u0153uvre pour r\u00e9duire ce fl\u00e9au, dans le cadre d&rsquo;une approche globale.<\/p>\n<p>Ce ph\u00e9nom\u00e8ne est devenu un \u00ab\u00a0lourd fardeau pour les deux pays\u00a0\u00bb, ont-ils soulign\u00e9.<\/p>\n<p>Selon la presse italienne, Matteo Piantedosi a annonc\u00e9 qu&rsquo;il allait effectuer, \u00e0 la mi-avril, une visite en Tunisie.<\/p>\n<p>Au cours d&rsquo;une premi\u00e8re visite en janvier dernier, le ministre italien a \u00e9t\u00e9 re\u00e7u par le pr\u00e9sident de la R\u00e9publique Ka\u00efs Sa\u00efed, et par le ministre de l&rsquo;Int\u00e9rieur de l&rsquo;\u00e9poque, Taoufik Charfeddine.<\/p>\n<p>La migration clandestine a \u00e9t\u00e9 au c\u0153ur des entretiens. Les parties tunisienne et italienne y ont exprim\u00e9 l&rsquo;imp\u00e9ratif d&rsquo;adopter \u00ab\u00a0une approche globale en s&rsquo;attaquant aux causes profondes de ce ph\u00e9nom\u00e8ne et d&rsquo;apporter des solutions innovantes pour la migration r\u00e9guli\u00e8re\u00a0\u00bb.<\/p>\n","protected":false},"excerpt":{"rendered":"<p>Le ministre de l&rsquo;Int\u00e9rieur, Kamel Fekih, et son homologue italien, Matteo Piantedosi, ont, lors d&rsquo;un entretien t\u00e9l\u00e9phonique, jeudi, exprim\u00e9 leur pr\u00e9occupation f&#8230;<\/p>\n","protected":false},"author":3175,"featured_media":278006,"comment_status":"open","ping_status":"closed","sticky":false,"template":"","format":"standard","meta":{"footnotes":""},"categories":[44],"tags":[2660,2615,2608],"class_list":["post-204417","post","type-post","status-publish","format-standard","has-post-thumbnail","hentry","category-national","tag-italie","tag-migration","tag-tunisie"],"yoast_head":"<!-- This site is optimized with the Yoast SEO Premium plugin v27.4 (Yoast SEO v27.4) - https:\/\/yoast.com\/product\/yoast-seo-premium-wordpress\/ -->\n<title>Le ministre de l\u2019Int\u00e9rieur italien pr\u00e9occup\u00e9 par le nombre de migrants irr\u00e9guliers<\/title>\n<meta name=\"description\" content=\"Le ministre de l&#039;Int\u00e9rieur, Kamel Fekih, et son homologue italien, Matteo Piantedosi, ont, lors d&#039;un entretien t\u00e9l\u00e9phonique, jeudi, exprim\u00e9 leur pr\u00e9occupation f...\" \/>\n<link rel=\"canonical\" href=\"https:\/\/www.webdo.tn\/fr\/actualite\/national\/le-ministre-de-l-interieur-italien-preoccupe-par-le-nombre-de-migrants-irreguliers\/204417\/\" \/>\n<meta property=\"og:locale\" content=\"fr_FR\" \/>\n<meta property=\"og:type\" content=\"article\" \/>\n<meta property=\"og:title\" content=\"Le ministre de l\u2019Int\u00e9rieur italien &quot;pr\u00e9occup\u00e9&quot; par le nombre de migrants irr\u00e9guliers\" \/>\n<meta property=\"og:description\" content=\"Le ministre de l&#039;Int\u00e9rieur, Kamel Fekih, et son homologue italien, Matteo Piantedosi, ont, lors d&#039;un entretien t\u00e9l\u00e9phonique, jeudi, exprim\u00e9 leur pr\u00e9occupation f...\" \/>\n<meta property=\"og:url\" content=\"https:\/\/www.webdo.tn\/fr\/actualite\/national\/le-ministre-de-l-interieur-italien-preoccupe-par-le-nombre-de-migrants-irreguliers\/204417\/\" \/>\n<meta property=\"og:site_name\" content=\"webdo\" \/>\n<meta property=\"article:publisher\" content=\"https:\/\/www.facebook.com\/webdotn\" \/>\n<meta property=\"article:published_time\" content=\"2023-03-30T14:55:00+00:00\" \/>\n<meta property=\"article:modified_time\" content=\"2025-05-20T22:49:45+00:00\" \/>\n<meta property=\"og:image\" content=\"https:\/\/www.webdo.tn\/fr\/wp-content\/uploads\/2023\/03\/cc5f9c536b72279a85c7025c128e0e65.png\" \/>\n\t<meta property=\"og:image:width\" content=\"750\" \/>\n\t<meta property=\"og:image:height\" content=\"400\" \/>\n\t<meta property=\"og:image:type\" content=\"image\/png\" \/>\n<meta name=\"author\" content=\"CL\" \/>\n<meta name=\"twitter:card\" content=\"summary_large_image\" \/>\n<meta name=\"twitter:creator\" content=\"@webdo_tn\" \/>\n<meta name=\"twitter:site\" content=\"@webdo_tn\" \/>\n<meta name=\"twitter:label1\" content=\"\u00c9crit par\" \/>\n\t<meta name=\"twitter:data1\" content=\"CL\" \/>\n\t<meta name=\"twitter:label2\" content=\"Dur\u00e9e de lecture estim\u00e9e\" \/>\n\t<meta name=\"twitter:data2\" content=\"1 minute\" \/>\n<script type=\"application\/ld+json\" class=\"yoast-schema-graph\">{\"@context\":\"https:\\\/\\\/schema.org\",\"@graph\":[{\"@type\":\"NewsArticle\",\"@id\":\"https:\\\/\\\/www.webdo.tn\\\/fr\\\/actualite\\\/national\\\/le-ministre-de-l-interieur-italien-preoccupe-par-le-nombre-de-migrants-irreguliers\\\/204417\\\/#article\",\"isPartOf\":{\"@id\":\"https:\\\/\\\/www.webdo.tn\\\/fr\\\/actualite\\\/national\\\/le-ministre-de-l-interieur-italien-preoccupe-par-le-nombre-de-migrants-irreguliers\\\/204417\\\/\"},\"author\":{\"name\":\"CL\",\"@id\":\"https:\\\/\\\/www.webdo.tn\\\/fr\\\/#\\\/schema\\\/person\\\/f35b42a42c5e2511bbd282959d6385cc\"},\"headline\":\"Le ministre de l\u2019Int\u00e9rieur italien \u00ab\u00a0pr\u00e9occup\u00e9\u00a0\u00bb par le nombre de migrants irr\u00e9guliers\",\"datePublished\":\"2023-03-30T14:55:00+00:00\",\"dateModified\":\"2025-05-20T22:49:45+00:00\",\"mainEntityOfPage\":{\"@id\":\"https:\\\/\\\/www.webdo.tn\\\/fr\\\/actualite\\\/national\\\/le-ministre-de-l-interieur-italien-preoccupe-par-le-nombre-de-migrants-irreguliers\\\/204417\\\/\"},\"wordCount\":246,\"commentCount\":0,\"publisher\":{\"@id\":\"https:\\\/\\\/www.webdo.tn\\\/fr\\\/#organization\"},\"image\":{\"@id\":\"https:\\\/\\\/www.webdo.tn\\\/fr\\\/actualite\\\/national\\\/le-ministre-de-l-interieur-italien-preoccupe-par-le-nombre-de-migrants-irreguliers\\\/204417\\\/#primaryimage\"},\"thumbnailUrl\":\"https:\\\/\\\/www.webdo.tn\\\/fr\\\/wp-content\\\/uploads\\\/2023\\\/03\\\/cc5f9c536b72279a85c7025c128e0e65.png\",\"keywords\":[\"Italie\",\"Migration\",\"Tunisie\"],\"articleSection\":[\"National\"],\"inLanguage\":\"fr-FR\"},{\"@type\":\"WebPage\",\"@id\":\"https:\\\/\\\/www.webdo.tn\\\/fr\\\/actualite\\\/national\\\/le-ministre-de-l-interieur-italien-preoccupe-par-le-nombre-de-migrants-irreguliers\\\/204417\\\/\",\"url\":\"https:\\\/\\\/www.webdo.tn\\\/fr\\\/actualite\\\/national\\\/le-ministre-de-l-interieur-italien-preoccupe-par-le-nombre-de-migrants-irreguliers\\\/204417\\\/\",\"name\":\"Le ministre de l\u2019Int\u00e9rieur italien pr\u00e9occup\u00e9 par le nombre de migrants irr\u00e9guliers\",\"isPartOf\":{\"@id\":\"https:\\\/\\\/www.webdo.tn\\\/fr\\\/#website\"},\"primaryImageOfPage\":{\"@id\":\"https:\\\/\\\/www.webdo.tn\\\/fr\\\/actualite\\\/national\\\/le-ministre-de-l-interieur-italien-preoccupe-par-le-nombre-de-migrants-irreguliers\\\/204417\\\/#primaryimage\"},\"image\":{\"@id\":\"https:\\\/\\\/www.webdo.tn\\\/fr\\\/actualite\\\/national\\\/le-ministre-de-l-interieur-italien-preoccupe-par-le-nombre-de-migrants-irreguliers\\\/204417\\\/#primaryimage\"},\"thumbnailUrl\":\"https:\\\/\\\/www.webdo.tn\\\/fr\\\/wp-content\\\/uploads\\\/2023\\\/03\\\/cc5f9c536b72279a85c7025c128e0e65.png\",\"datePublished\":\"2023-03-30T14:55:00+00:00\",\"dateModified\":\"2025-05-20T22:49:45+00:00\",\"description\":\"Le ministre de l'Int\u00e9rieur, Kamel Fekih, et son homologue italien, Matteo Piantedosi, ont, lors d'un entretien t\u00e9l\u00e9phonique, jeudi, exprim\u00e9 leur pr\u00e9occupation f...\",\"breadcrumb\":{\"@id\":\"https:\\\/\\\/www.webdo.tn\\\/fr\\\/actualite\\\/national\\\/le-ministre-de-l-interieur-italien-preoccupe-par-le-nombre-de-migrants-irreguliers\\\/204417\\\/#breadcrumb\"},\"inLanguage\":\"fr-FR\",\"potentialAction\":[{\"@type\":\"ReadAction\",\"target\":[\"https:\\\/\\\/www.webdo.tn\\\/fr\\\/actualite\\\/national\\\/le-ministre-de-l-interieur-italien-preoccupe-par-le-nombre-de-migrants-irreguliers\\\/204417\\\/\"]}]},{\"@type\":\"ImageObject\",\"inLanguage\":\"fr-FR\",\"@id\":\"https:\\\/\\\/www.webdo.tn\\\/fr\\\/actualite\\\/national\\\/le-ministre-de-l-interieur-italien-preoccupe-par-le-nombre-de-migrants-irreguliers\\\/204417\\\/#primaryimage\",\"url\":\"https:\\\/\\\/www.webdo.tn\\\/fr\\\/wp-content\\\/uploads\\\/2023\\\/03\\\/cc5f9c536b72279a85c7025c128e0e65.png\",\"contentUrl\":\"https:\\\/\\\/www.webdo.tn\\\/fr\\\/wp-content\\\/uploads\\\/2023\\\/03\\\/cc5f9c536b72279a85c7025c128e0e65.png\",\"width\":750,\"height\":400,\"caption\":\"migrants clandestins\"},{\"@type\":\"BreadcrumbList\",\"@id\":\"https:\\\/\\\/www.webdo.tn\\\/fr\\\/actualite\\\/national\\\/le-ministre-de-l-interieur-italien-preoccupe-par-le-nombre-de-migrants-irreguliers\\\/204417\\\/#breadcrumb\",\"itemListElement\":[{\"@type\":\"ListItem\",\"position\":1,\"name\":\"Accueil\",\"item\":\"https:\\\/\\\/www.webdo.tn\\\/fr\\\/\"},{\"@type\":\"ListItem\",\"position\":2,\"name\":\"Le ministre de l\u2019Int\u00e9rieur italien \u00ab\u00a0pr\u00e9occup\u00e9\u00a0\u00bb par le nombre de migrants irr\u00e9guliers\"}]},{\"@type\":\"WebSite\",\"@id\":\"https:\\\/\\\/www.webdo.tn\\\/fr\\\/#website\",\"url\":\"https:\\\/\\\/www.webdo.tn\\\/fr\\\/\",\"name\":\"webdo\",\"description\":\"Tunisie - News en Tunisie et \u00e0 l&#039;international sur Webdo.tn\",\"publisher\":{\"@id\":\"https:\\\/\\\/www.webdo.tn\\\/fr\\\/#organization\"},\"potentialAction\":[{\"@type\":\"SearchAction\",\"target\":{\"@type\":\"EntryPoint\",\"urlTemplate\":\"https:\\\/\\\/www.webdo.tn\\\/fr\\\/?s={search_term_string}\"},\"query-input\":{\"@type\":\"PropertyValueSpecification\",\"valueRequired\":true,\"valueName\":\"search_term_string\"}}],\"inLanguage\":\"fr-FR\"},{\"@type\":\"Organization\",\"@id\":\"https:\\\/\\\/www.webdo.tn\\\/fr\\\/#organization\",\"name\":\"Webdo\",\"alternateName\":\"Webdo.tn\",\"url\":\"https:\\\/\\\/www.webdo.tn\\\/fr\\\/\",\"logo\":{\"@type\":\"ImageObject\",\"inLanguage\":\"fr-FR\",\"@id\":\"https:\\\/\\\/www.webdo.tn\\\/fr\\\/#\\\/schema\\\/logo\\\/image\\\/\",\"url\":\"https:\\\/\\\/www.webdo.tn\\\/fr\\\/wp-content\\\/uploads\\\/2025\\\/06\\\/Webdo-Tunisie_168377.jpg\",\"contentUrl\":\"https:\\\/\\\/www.webdo.tn\\\/fr\\\/wp-content\\\/uploads\\\/2025\\\/06\\\/Webdo-Tunisie_168377.jpg\",\"width\":301,\"height\":301,\"caption\":\"Webdo\"},\"image\":{\"@id\":\"https:\\\/\\\/www.webdo.tn\\\/fr\\\/#\\\/schema\\\/logo\\\/image\\\/\"},\"sameAs\":[\"https:\\\/\\\/www.facebook.com\\\/webdotn\",\"https:\\\/\\\/x.com\\\/webdo_tn\"],\"description\":\"Webdo est un m\u00e9dia num\u00e9rique tunisien fond\u00e9 en 2010, sp\u00e9cialis\u00e9 dans l\u2019actualit\u00e9 nationale et internationale, l\u2019\u00e9conomie, la soci\u00e9t\u00e9 et les analyses politiques. Le site s\u2019adresse \u00e0 un large public francophone et couvre l\u2019information tunisienne en temps r\u00e9el.\",\"email\":\"redac@webdo.tn\",\"legalName\":\"YNJ SARL\",\"foundingDate\":\"2010-09-06\",\"numberOfEmployees\":{\"@type\":\"QuantitativeValue\",\"minValue\":\"11\",\"maxValue\":\"50\"}},{\"@type\":\"Person\",\"@id\":\"https:\\\/\\\/www.webdo.tn\\\/fr\\\/#\\\/schema\\\/person\\\/f35b42a42c5e2511bbd282959d6385cc\",\"name\":\"CL\",\"image\":{\"@type\":\"ImageObject\",\"inLanguage\":\"fr-FR\",\"@id\":\"https:\\\/\\\/secure.gravatar.com\\\/avatar\\\/1447a49909b67aa657c488aec6512e1dd6143a480c1ecfee9b5b5cd74eb3b59e?s=96&d=mm&r=g\",\"url\":\"https:\\\/\\\/secure.gravatar.com\\\/avatar\\\/1447a49909b67aa657c488aec6512e1dd6143a480c1ecfee9b5b5cd74eb3b59e?s=96&d=mm&r=g\",\"contentUrl\":\"https:\\\/\\\/secure.gravatar.com\\\/avatar\\\/1447a49909b67aa657c488aec6512e1dd6143a480c1ecfee9b5b5cd74eb3b59e?s=96&d=mm&r=g\",\"caption\":\"CL\"},\"url\":\"https:\\\/\\\/www.webdo.tn\\\/fr\\\/actualite\\\/author\\\/cl\\\/\"}]}<\/script>\n<!-- \/ Yoast SEO Premium plugin. -->","yoast_head_json":{"title":"Le ministre de l\u2019Int\u00e9rieur italien pr\u00e9occup\u00e9 par le nombre de migrants irr\u00e9guliers","description":"Le ministre de l'Int\u00e9rieur, Kamel Fekih, et son homologue italien, Matteo Piantedosi, ont, lors d'un entretien t\u00e9l\u00e9phonique, jeudi, exprim\u00e9 leur pr\u00e9occupation f...","canonical":"https:\/\/www.webdo.tn\/fr\/actualite\/national\/le-ministre-de-l-interieur-italien-preoccupe-par-le-nombre-de-migrants-irreguliers\/204417\/","og_locale":"fr_FR","og_type":"article","og_title":"Le ministre de l\u2019Int\u00e9rieur italien \"pr\u00e9occup\u00e9\" par le nombre de migrants irr\u00e9guliers","og_description":"Le ministre de l'Int\u00e9rieur, Kamel Fekih, et son homologue italien, Matteo Piantedosi, ont, lors d'un entretien t\u00e9l\u00e9phonique, jeudi, exprim\u00e9 leur pr\u00e9occupation f...","og_url":"https:\/\/www.webdo.tn\/fr\/actualite\/national\/le-ministre-de-l-interieur-italien-preoccupe-par-le-nombre-de-migrants-irreguliers\/204417\/","og_site_name":"webdo","article_publisher":"https:\/\/www.facebook.com\/webdotn","article_published_time":"2023-03-30T14:55:00+00:00","article_modified_time":"2025-05-20T22:49:45+00:00","og_image":[{"width":750,"height":400,"url":"https:\/\/www.webdo.tn\/fr\/wp-content\/uploads\/2023\/03\/cc5f9c536b72279a85c7025c128e0e65.png","type":"image\/png"}],"author":"CL","twitter_card":"summary_large_image","twitter_creator":"@webdo_tn","twitter_site":"@webdo_tn","twitter_misc":{"\u00c9crit par":"CL","Dur\u00e9e de lecture estim\u00e9e":"1 minute"},"schema":{"@context":"https:\/\/schema.org","@graph":[{"@type":"NewsArticle","@id":"https:\/\/www.webdo.tn\/fr\/actualite\/national\/le-ministre-de-l-interieur-italien-preoccupe-par-le-nombre-de-migrants-irreguliers\/204417\/#article","isPartOf":{"@id":"https:\/\/www.webdo.tn\/fr\/actualite\/national\/le-ministre-de-l-interieur-italien-preoccupe-par-le-nombre-de-migrants-irreguliers\/204417\/"},"author":{"name":"CL","@id":"https:\/\/www.webdo.tn\/fr\/#\/schema\/person\/f35b42a42c5e2511bbd282959d6385cc"},"headline":"Le ministre de l\u2019Int\u00e9rieur italien \u00ab\u00a0pr\u00e9occup\u00e9\u00a0\u00bb par le nombre de migrants irr\u00e9guliers","datePublished":"2023-03-30T14:55:00+00:00","dateModified":"2025-05-20T22:49:45+00:00","mainEntityOfPage":{"@id":"https:\/\/www.webdo.tn\/fr\/actualite\/national\/le-ministre-de-l-interieur-italien-preoccupe-par-le-nombre-de-migrants-irreguliers\/204417\/"},"wordCount":246,"commentCount":0,"publisher":{"@id":"https:\/\/www.webdo.tn\/fr\/#organization"},"image":{"@id":"https:\/\/www.webdo.tn\/fr\/actualite\/national\/le-ministre-de-l-interieur-italien-preoccupe-par-le-nombre-de-migrants-irreguliers\/204417\/#primaryimage"},"thumbnailUrl":"https:\/\/www.webdo.tn\/fr\/wp-content\/uploads\/2023\/03\/cc5f9c536b72279a85c7025c128e0e65.png","keywords":["Italie","Migration","Tunisie"],"articleSection":["National"],"inLanguage":"fr-FR"},{"@type":"WebPage","@id":"https:\/\/www.webdo.tn\/fr\/actualite\/national\/le-ministre-de-l-interieur-italien-preoccupe-par-le-nombre-de-migrants-irreguliers\/204417\/","url":"https:\/\/www.webdo.tn\/fr\/actualite\/national\/le-ministre-de-l-interieur-italien-preoccupe-par-le-nombre-de-migrants-irreguliers\/204417\/","name":"Le ministre de l\u2019Int\u00e9rieur italien pr\u00e9occup\u00e9 par le nombre de migrants irr\u00e9guliers","isPartOf":{"@id":"https:\/\/www.webdo.tn\/fr\/#website"},"primaryImageOfPage":{"@id":"https:\/\/www.webdo.tn\/fr\/actualite\/national\/le-ministre-de-l-interieur-italien-preoccupe-par-le-nombre-de-migrants-irreguliers\/204417\/#primaryimage"},"image":{"@id":"https:\/\/www.webdo.tn\/fr\/actualite\/national\/le-ministre-de-l-interieur-italien-preoccupe-par-le-nombre-de-migrants-irreguliers\/204417\/#primaryimage"},"thumbnailUrl":"https:\/\/www.webdo.tn\/fr\/wp-content\/uploads\/2023\/03\/cc5f9c536b72279a85c7025c128e0e65.png","datePublished":"2023-03-30T14:55:00+00:00","dateModified":"2025-05-20T22:49:45+00:00","description":"Le ministre de l'Int\u00e9rieur, Kamel Fekih, et son homologue italien, Matteo Piantedosi, ont, lors d'un entretien t\u00e9l\u00e9phonique, jeudi, exprim\u00e9 leur pr\u00e9occupation f...","breadcrumb":{"@id":"https:\/\/www.webdo.tn\/fr\/actualite\/national\/le-ministre-de-l-interieur-italien-preoccupe-par-le-nombre-de-migrants-irreguliers\/204417\/#breadcrumb"},"inLanguage":"fr-FR","potentialAction":[{"@type":"ReadAction","target":["https:\/\/www.webdo.tn\/fr\/actualite\/national\/le-ministre-de-l-interieur-italien-preoccupe-par-le-nombre-de-migrants-irreguliers\/204417\/"]}]},{"@type":"ImageObject","inLanguage":"fr-FR","@id":"https:\/\/www.webdo.tn\/fr\/actualite\/national\/le-ministre-de-l-interieur-italien-preoccupe-par-le-nombre-de-migrants-irreguliers\/204417\/#primaryimage","url":"https:\/\/www.webdo.tn\/fr\/wp-content\/uploads\/2023\/03\/cc5f9c536b72279a85c7025c128e0e65.png","contentUrl":"https:\/\/www.webdo.tn\/fr\/wp-content\/uploads\/2023\/03\/cc5f9c536b72279a85c7025c128e0e65.png","width":750,"height":400,"caption":"migrants clandestins"},{"@type":"BreadcrumbList","@id":"https:\/\/www.webdo.tn\/fr\/actualite\/national\/le-ministre-de-l-interieur-italien-preoccupe-par-le-nombre-de-migrants-irreguliers\/204417\/#breadcrumb","itemListElement":[{"@type":"ListItem","position":1,"name":"Accueil","item":"https:\/\/www.webdo.tn\/fr\/"},{"@type":"ListItem","position":2,"name":"Le ministre de l\u2019Int\u00e9rieur italien \u00ab\u00a0pr\u00e9occup\u00e9\u00a0\u00bb par le nombre de migrants irr\u00e9guliers"}]},{"@type":"WebSite","@id":"https:\/\/www.webdo.tn\/fr\/#website","url":"https:\/\/www.webdo.tn\/fr\/","name":"webdo","description":"Tunisie - News en Tunisie et \u00e0 l&#039;international sur Webdo.tn","publisher":{"@id":"https:\/\/www.webdo.tn\/fr\/#organization"},"potentialAction":[{"@type":"SearchAction","target":{"@type":"EntryPoint","urlTemplate":"https:\/\/www.webdo.tn\/fr\/?s={search_term_string}"},"query-input":{"@type":"PropertyValueSpecification","valueRequired":true,"valueName":"search_term_string"}}],"inLanguage":"fr-FR"},{"@type":"Organization","@id":"https:\/\/www.webdo.tn\/fr\/#organization","name":"Webdo","alternateName":"Webdo.tn","url":"https:\/\/www.webdo.tn\/fr\/","logo":{"@type":"ImageObject","inLanguage":"fr-FR","@id":"https:\/\/www.webdo.tn\/fr\/#\/schema\/logo\/image\/","url":"https:\/\/www.webdo.tn\/fr\/wp-content\/uploads\/2025\/06\/Webdo-Tunisie_168377.jpg","contentUrl":"https:\/\/www.webdo.tn\/fr\/wp-content\/uploads\/2025\/06\/Webdo-Tunisie_168377.jpg","width":301,"height":301,"caption":"Webdo"},"image":{"@id":"https:\/\/www.webdo.tn\/fr\/#\/schema\/logo\/image\/"},"sameAs":["https:\/\/www.facebook.com\/webdotn","https:\/\/x.com\/webdo_tn"],"description":"Webdo est un m\u00e9dia num\u00e9rique tunisien fond\u00e9 en 2010, sp\u00e9cialis\u00e9 dans l\u2019actualit\u00e9 nationale et internationale, l\u2019\u00e9conomie, la soci\u00e9t\u00e9 et les analyses politiques. Le site s\u2019adresse \u00e0 un large public francophone et couvre l\u2019information tunisienne en temps r\u00e9el.","email":"redac@webdo.tn","legalName":"YNJ SARL","foundingDate":"2010-09-06","numberOfEmployees":{"@type":"QuantitativeValue","minValue":"11","maxValue":"50"}},{"@type":"Person","@id":"https:\/\/www.webdo.tn\/fr\/#\/schema\/person\/f35b42a42c5e2511bbd282959d6385cc","name":"CL","image":{"@type":"ImageObject","inLanguage":"fr-FR","@id":"https:\/\/secure.gravatar.com\/avatar\/1447a49909b67aa657c488aec6512e1dd6143a480c1ecfee9b5b5cd74eb3b59e?s=96&d=mm&r=g","url":"https:\/\/secure.gravatar.com\/avatar\/1447a49909b67aa657c488aec6512e1dd6143a480c1ecfee9b5b5cd74eb3b59e?s=96&d=mm&r=g","contentUrl":"https:\/\/secure.gravatar.com\/avatar\/1447a49909b67aa657c488aec6512e1dd6143a480c1ecfee9b5b5cd74eb3b59e?s=96&d=mm&r=g","caption":"CL"},"url":"https:\/\/www.webdo.tn\/fr\/actualite\/author\/cl\/"}]}},"_links":{"self":[{"href":"https:\/\/www.webdo.tn\/fr\/wp-json\/wp\/v2\/posts\/204417","targetHints":{"allow":["GET"]}}],"collection":[{"href":"https:\/\/www.webdo.tn\/fr\/wp-json\/wp\/v2\/posts"}],"about":[{"href":"https:\/\/www.webdo.tn\/fr\/wp-json\/wp\/v2\/types\/post"}],"author":[{"embeddable":true,"href":"https:\/\/www.webdo.tn\/fr\/wp-json\/wp\/v2\/users\/3175"}],"replies":[{"embeddable":true,"href":"https:\/\/www.webdo.tn\/fr\/wp-json\/wp\/v2\/comments?post=204417"}],"version-history":[{"count":0,"href":"https:\/\/www.webdo.tn\/fr\/wp-json\/wp\/v2\/posts\/204417\/revisions"}],"wp:featuredmedia":[{"embeddable":true,"href":"https:\/\/www.webdo.tn\/fr\/wp-json\/wp\/v2\/media\/278006"}],"wp:attachment":[{"href":"https:\/\/www.webdo.tn\/fr\/wp-json\/wp\/v2\/media?parent=204417"}],"wp:term":[{"taxonomy":"category","embeddable":true,"href":"https:\/\/www.webdo.tn\/fr\/wp-json\/wp\/v2\/categories?post=204417"},{"taxonomy":"post_tag","embeddable":true,"href":"https:\/\/www.webdo.tn\/fr\/wp-json\/wp\/v2\/tags?post=204417"}],"curies":[{"name":"wp","href":"https:\/\/api.w.org\/{rel}","templated":true}]}}