{"id":204406,"date":"2023-03-30T11:53:00","date_gmt":"2023-03-30T11:53:00","guid":{"rendered":"https:\/\/www.webdo.tn\/fr\/blog\/a-t-on-condamne-prematurement-fallujah\/204406\/"},"modified":"2025-05-20T22:44:34","modified_gmt":"2025-05-20T22:44:34","slug":"a-t-on-condamne-prematurement-fallujah","status":"publish","type":"post","link":"https:\/\/www.webdo.tn\/fr\/actualite\/national\/a-t-on-condamne-prematurement-fallujah\/204406\/","title":{"rendered":"A-t-on condamn\u00e9 pr\u00e9matur\u00e9ment \u00ab Fallujah \u00bb ?"},"content":{"rendered":"<p>S\u2019agissait-il d\u2019une temp\u00eate dans un verre d\u2019eau ? La pol\u00e9mique a tellement enfl\u00e9 que certains, dont le ministre de l\u2019Education ont \u00e9voqu\u00e9 une intervention de la part du pr\u00e9sident de la R\u00e9publique.<\/p>\n<p>\t\t\t\t\t\t\t\t\tAujourd\u2019hui alors que la pol\u00e9mique semble pass\u00e9e, le feuilleton ramadanesque controvers\u00e9 Fallujah continue d\u2019attirer plus de deux millions de t\u00e9l\u00e9spectateurs chaque soir\u00e9e. Et \u00e0 la justice de trancher, aucune d\u00e9cision de censure n\u2019a \u00e9t\u00e9 annonc\u00e9e, idem pour la HAICA qui a refus\u00e9 de juger cette production d\u00e8s les premiers \u00e9pisodes.\u00a0<\/p>\n<p>Autant dire qu\u2019apr\u00e8s un premier \u00e9pisode o\u00f9 l\u2019on a assist\u00e9 r\u00e9ellement \u00e0 des s\u00e9quences mettant \u00e0 mal l\u2019image de l\u2019\u00e9ducation en Tunisie, les r\u00e9cents \u00e9pisodes apportent \u00e0 renouveau \u00e0 l\u2019interpr\u00e9tation des messages m\u00e9diatiques v\u00e9hicul\u00e9s par la s\u00e9rie t\u00e9l\u00e9vis\u00e9e.\u00a0<\/p>\n<p>S\u2019agit-il d\u2019une strat\u00e9gie adopt\u00e9e par Elhiwar Ettounssi pour attirer le plus grand nombre de t\u00e9l\u00e9spectateurs ? \u00a0<\/p>\n<p>Au fait, cette chaine a toujours su surprendre les Tunisiens en pr\u00e9sentant un contenu qui sort du lot. En effet, les s\u00e9ries t\u00e9l\u00e9vis\u00e9es de ladite chaine font\u00a0souvent l&rsquo;objet de buzz. A commencer par Maktoub, une s\u00e9rie qui avait r\u00e9volutionn\u00e9 ce genre de productions en Tunisie, arrivant \u00e0 \u00ab Awled Moufida \u00bb et \u00ab Baraa \u00bb.\u00a0<\/p>\n<p>Ces exemples montrent que les s\u00e9ries t\u00e9l\u00e9vis\u00e9es peuvent susciter un int\u00e9r\u00eat particulier de la part du public. Le buzz peut \u00eatre aliment\u00e9 par les personnages, les intrigues, les th\u00e8mes, l&rsquo;esth\u00e9tique, la bande-son, les choix de casting et bien d&rsquo;autres facteurs, et c\u2019est une strat\u00e9gie en soi.\u00a0<\/p>\n<p>Ce genre de s\u00e9ries t\u00e9l\u00e9vis\u00e9es peuvent avoir une grande influence sur les normes sociales, car elles ont souvent une port\u00e9e consid\u00e9rable en termes de public et de port\u00e9e culturelle. Les s\u00e9ries peuvent refl\u00e9ter et renforcer les normes sociales existantes, mais elles peuvent aussi remettre en question ces normes ou proposer des alternatives.<\/p>\n","protected":false},"excerpt":{"rendered":"<p>S\u2019agissait-il d\u2019une temp\u00eate dans un verre d\u2019eau ? La pol\u00e9mique a tellement enfl\u00e9 que certains, dont le ministre de l\u2019Education ont \u00e9voqu\u00e9 une intervention de la&#8230;<\/p>\n","protected":false},"author":3175,"featured_media":251573,"comment_status":"open","ping_status":"closed","sticky":false,"template":"","format":"standard","meta":{"footnotes":""},"categories":[44],"tags":[8614,3832,2608],"class_list":["post-204406","post","type-post","status-publish","format-standard","has-post-thumbnail","hentry","category-national","tag-fallujah","tag-serie","tag-tunisie"],"yoast_head":"<!-- This site is optimized with the Yoast SEO Premium plugin v27.5 (Yoast SEO v27.5) - https:\/\/yoast.com\/product\/yoast-seo-premium-wordpress\/ -->\n<title>A-t-on condamn\u00e9 pr\u00e9matur\u00e9ment \u00ab Fallujah \u00bb ?<\/title>\n<meta name=\"description\" content=\"S\u2019agissait-il d\u2019une temp\u00eate dans un verre d\u2019eau ? La pol\u00e9mique a tellement enfl\u00e9 que certains, dont le ministre de l\u2019Education ont \u00e9voqu\u00e9 une intervention de la...\" \/>\n<link rel=\"canonical\" href=\"https:\/\/www.webdo.tn\/fr\/actualite\/national\/a-t-on-condamne-prematurement-fallujah\/204406\/\" \/>\n<meta property=\"og:locale\" content=\"fr_FR\" \/>\n<meta property=\"og:type\" content=\"article\" \/>\n<meta property=\"og:title\" content=\"A-t-on condamn\u00e9 pr\u00e9matur\u00e9ment \u00ab Fallujah \u00bb ?\" \/>\n<meta property=\"og:description\" content=\"S\u2019agissait-il d\u2019une temp\u00eate dans un verre d\u2019eau ? La pol\u00e9mique a tellement enfl\u00e9 que certains, dont le ministre de l\u2019Education ont \u00e9voqu\u00e9 une intervention de la...\" \/>\n<meta property=\"og:url\" content=\"https:\/\/www.webdo.tn\/fr\/actualite\/national\/a-t-on-condamne-prematurement-fallujah\/204406\/\" \/>\n<meta property=\"og:site_name\" content=\"webdo\" \/>\n<meta property=\"article:publisher\" content=\"https:\/\/www.facebook.com\/webdotn\" \/>\n<meta property=\"article:published_time\" content=\"2023-03-30T11:53:00+00:00\" \/>\n<meta property=\"article:modified_time\" content=\"2025-05-20T22:44:34+00:00\" \/>\n<meta property=\"og:image\" content=\"https:\/\/www.webdo.tn\/fr\/wp-content\/uploads\/2023\/03\/7b9fe6ad6a22cb71ae57a63e14cdd5b4.jpg\" \/>\n\t<meta property=\"og:image:width\" content=\"750\" \/>\n\t<meta property=\"og:image:height\" content=\"400\" \/>\n\t<meta property=\"og:image:type\" content=\"image\/jpeg\" \/>\n<meta name=\"author\" content=\"CL\" \/>\n<meta name=\"twitter:card\" content=\"summary_large_image\" \/>\n<meta name=\"twitter:creator\" content=\"@webdo_tn\" \/>\n<meta name=\"twitter:site\" content=\"@webdo_tn\" \/>\n<meta name=\"twitter:label1\" content=\"\u00c9crit par\" \/>\n\t<meta name=\"twitter:data1\" content=\"CL\" \/>\n\t<meta name=\"twitter:label2\" content=\"Dur\u00e9e de lecture estim\u00e9e\" \/>\n\t<meta name=\"twitter:data2\" content=\"2 minutes\" \/>\n<script type=\"application\/ld+json\" class=\"yoast-schema-graph\">{\"@context\":\"https:\\\/\\\/schema.org\",\"@graph\":[{\"@type\":\"NewsArticle\",\"@id\":\"https:\\\/\\\/www.webdo.tn\\\/fr\\\/actualite\\\/national\\\/a-t-on-condamne-prematurement-fallujah\\\/204406\\\/#article\",\"isPartOf\":{\"@id\":\"https:\\\/\\\/www.webdo.tn\\\/fr\\\/actualite\\\/national\\\/a-t-on-condamne-prematurement-fallujah\\\/204406\\\/\"},\"author\":{\"name\":\"CL\",\"@id\":\"https:\\\/\\\/www.webdo.tn\\\/fr\\\/#\\\/schema\\\/person\\\/f35b42a42c5e2511bbd282959d6385cc\"},\"headline\":\"A-t-on condamn\u00e9 pr\u00e9matur\u00e9ment \u00ab Fallujah \u00bb ?\",\"datePublished\":\"2023-03-30T11:53:00+00:00\",\"dateModified\":\"2025-05-20T22:44:34+00:00\",\"mainEntityOfPage\":{\"@id\":\"https:\\\/\\\/www.webdo.tn\\\/fr\\\/actualite\\\/national\\\/a-t-on-condamne-prematurement-fallujah\\\/204406\\\/\"},\"wordCount\":355,\"commentCount\":0,\"publisher\":{\"@id\":\"https:\\\/\\\/www.webdo.tn\\\/fr\\\/#organization\"},\"image\":{\"@id\":\"https:\\\/\\\/www.webdo.tn\\\/fr\\\/actualite\\\/national\\\/a-t-on-condamne-prematurement-fallujah\\\/204406\\\/#primaryimage\"},\"thumbnailUrl\":\"https:\\\/\\\/www.webdo.tn\\\/fr\\\/wp-content\\\/uploads\\\/2023\\\/03\\\/7b9fe6ad6a22cb71ae57a63e14cdd5b4.jpg\",\"keywords\":[\"Fallujah\",\"S\u00e9rie\",\"Tunisie\"],\"articleSection\":[\"National\"],\"inLanguage\":\"fr-FR\"},{\"@type\":\"WebPage\",\"@id\":\"https:\\\/\\\/www.webdo.tn\\\/fr\\\/actualite\\\/national\\\/a-t-on-condamne-prematurement-fallujah\\\/204406\\\/\",\"url\":\"https:\\\/\\\/www.webdo.tn\\\/fr\\\/actualite\\\/national\\\/a-t-on-condamne-prematurement-fallujah\\\/204406\\\/\",\"name\":\"A-t-on condamn\u00e9 pr\u00e9matur\u00e9ment \u00ab Fallujah \u00bb ?\",\"isPartOf\":{\"@id\":\"https:\\\/\\\/www.webdo.tn\\\/fr\\\/#website\"},\"primaryImageOfPage\":{\"@id\":\"https:\\\/\\\/www.webdo.tn\\\/fr\\\/actualite\\\/national\\\/a-t-on-condamne-prematurement-fallujah\\\/204406\\\/#primaryimage\"},\"image\":{\"@id\":\"https:\\\/\\\/www.webdo.tn\\\/fr\\\/actualite\\\/national\\\/a-t-on-condamne-prematurement-fallujah\\\/204406\\\/#primaryimage\"},\"thumbnailUrl\":\"https:\\\/\\\/www.webdo.tn\\\/fr\\\/wp-content\\\/uploads\\\/2023\\\/03\\\/7b9fe6ad6a22cb71ae57a63e14cdd5b4.jpg\",\"datePublished\":\"2023-03-30T11:53:00+00:00\",\"dateModified\":\"2025-05-20T22:44:34+00:00\",\"description\":\"S\u2019agissait-il d\u2019une temp\u00eate dans un verre d\u2019eau ? La pol\u00e9mique a tellement enfl\u00e9 que certains, dont le ministre de l\u2019Education ont \u00e9voqu\u00e9 une intervention de la...\",\"breadcrumb\":{\"@id\":\"https:\\\/\\\/www.webdo.tn\\\/fr\\\/actualite\\\/national\\\/a-t-on-condamne-prematurement-fallujah\\\/204406\\\/#breadcrumb\"},\"inLanguage\":\"fr-FR\",\"potentialAction\":[{\"@type\":\"ReadAction\",\"target\":[\"https:\\\/\\\/www.webdo.tn\\\/fr\\\/actualite\\\/national\\\/a-t-on-condamne-prematurement-fallujah\\\/204406\\\/\"]}]},{\"@type\":\"ImageObject\",\"inLanguage\":\"fr-FR\",\"@id\":\"https:\\\/\\\/www.webdo.tn\\\/fr\\\/actualite\\\/national\\\/a-t-on-condamne-prematurement-fallujah\\\/204406\\\/#primaryimage\",\"url\":\"https:\\\/\\\/www.webdo.tn\\\/fr\\\/wp-content\\\/uploads\\\/2023\\\/03\\\/7b9fe6ad6a22cb71ae57a63e14cdd5b4.jpg\",\"contentUrl\":\"https:\\\/\\\/www.webdo.tn\\\/fr\\\/wp-content\\\/uploads\\\/2023\\\/03\\\/7b9fe6ad6a22cb71ae57a63e14cdd5b4.jpg\",\"width\":750,\"height\":400,\"caption\":\"Fallujah\"},{\"@type\":\"BreadcrumbList\",\"@id\":\"https:\\\/\\\/www.webdo.tn\\\/fr\\\/actualite\\\/national\\\/a-t-on-condamne-prematurement-fallujah\\\/204406\\\/#breadcrumb\",\"itemListElement\":[{\"@type\":\"ListItem\",\"position\":1,\"name\":\"Accueil\",\"item\":\"https:\\\/\\\/www.webdo.tn\\\/fr\\\/\"},{\"@type\":\"ListItem\",\"position\":2,\"name\":\"A-t-on condamn\u00e9 pr\u00e9matur\u00e9ment \u00ab Fallujah \u00bb ?\"}]},{\"@type\":\"WebSite\",\"@id\":\"https:\\\/\\\/www.webdo.tn\\\/fr\\\/#website\",\"url\":\"https:\\\/\\\/www.webdo.tn\\\/fr\\\/\",\"name\":\"webdo\",\"description\":\"Tunisie - News en Tunisie et \u00e0 l&#039;international sur Webdo.tn\",\"publisher\":{\"@id\":\"https:\\\/\\\/www.webdo.tn\\\/fr\\\/#organization\"},\"potentialAction\":[{\"@type\":\"SearchAction\",\"target\":{\"@type\":\"EntryPoint\",\"urlTemplate\":\"https:\\\/\\\/www.webdo.tn\\\/fr\\\/?s={search_term_string}\"},\"query-input\":{\"@type\":\"PropertyValueSpecification\",\"valueRequired\":true,\"valueName\":\"search_term_string\"}}],\"inLanguage\":\"fr-FR\"},{\"@type\":\"Organization\",\"@id\":\"https:\\\/\\\/www.webdo.tn\\\/fr\\\/#organization\",\"name\":\"Webdo\",\"alternateName\":\"Webdo.tn\",\"url\":\"https:\\\/\\\/www.webdo.tn\\\/fr\\\/\",\"logo\":{\"@type\":\"ImageObject\",\"inLanguage\":\"fr-FR\",\"@id\":\"https:\\\/\\\/www.webdo.tn\\\/fr\\\/#\\\/schema\\\/logo\\\/image\\\/\",\"url\":\"https:\\\/\\\/www.webdo.tn\\\/fr\\\/wp-content\\\/uploads\\\/2025\\\/06\\\/Webdo-Tunisie_168377.jpg\",\"contentUrl\":\"https:\\\/\\\/www.webdo.tn\\\/fr\\\/wp-content\\\/uploads\\\/2025\\\/06\\\/Webdo-Tunisie_168377.jpg\",\"width\":301,\"height\":301,\"caption\":\"Webdo\"},\"image\":{\"@id\":\"https:\\\/\\\/www.webdo.tn\\\/fr\\\/#\\\/schema\\\/logo\\\/image\\\/\"},\"sameAs\":[\"https:\\\/\\\/www.facebook.com\\\/webdotn\",\"https:\\\/\\\/x.com\\\/webdo_tn\"],\"description\":\"Webdo est un m\u00e9dia num\u00e9rique tunisien fond\u00e9 en 2010, sp\u00e9cialis\u00e9 dans l\u2019actualit\u00e9 nationale et internationale, l\u2019\u00e9conomie, la soci\u00e9t\u00e9 et les analyses politiques. Le site s\u2019adresse \u00e0 un large public francophone et couvre l\u2019information tunisienne en temps r\u00e9el.\",\"email\":\"redac@webdo.tn\",\"legalName\":\"YNJ SARL\",\"foundingDate\":\"2010-09-06\",\"numberOfEmployees\":{\"@type\":\"QuantitativeValue\",\"minValue\":\"11\",\"maxValue\":\"50\"}},{\"@type\":\"Person\",\"@id\":\"https:\\\/\\\/www.webdo.tn\\\/fr\\\/#\\\/schema\\\/person\\\/f35b42a42c5e2511bbd282959d6385cc\",\"name\":\"CL\",\"image\":{\"@type\":\"ImageObject\",\"inLanguage\":\"fr-FR\",\"@id\":\"https:\\\/\\\/secure.gravatar.com\\\/avatar\\\/1447a49909b67aa657c488aec6512e1dd6143a480c1ecfee9b5b5cd74eb3b59e?s=96&d=mm&r=g\",\"url\":\"https:\\\/\\\/secure.gravatar.com\\\/avatar\\\/1447a49909b67aa657c488aec6512e1dd6143a480c1ecfee9b5b5cd74eb3b59e?s=96&d=mm&r=g\",\"contentUrl\":\"https:\\\/\\\/secure.gravatar.com\\\/avatar\\\/1447a49909b67aa657c488aec6512e1dd6143a480c1ecfee9b5b5cd74eb3b59e?s=96&d=mm&r=g\",\"caption\":\"CL\"},\"url\":\"https:\\\/\\\/www.webdo.tn\\\/fr\\\/actualite\\\/author\\\/cl\\\/\"}]}<\/script>\n<!-- \/ Yoast SEO Premium plugin. -->","yoast_head_json":{"title":"A-t-on condamn\u00e9 pr\u00e9matur\u00e9ment \u00ab Fallujah \u00bb ?","description":"S\u2019agissait-il d\u2019une temp\u00eate dans un verre d\u2019eau ? La pol\u00e9mique a tellement enfl\u00e9 que certains, dont le ministre de l\u2019Education ont \u00e9voqu\u00e9 une intervention de la...","canonical":"https:\/\/www.webdo.tn\/fr\/actualite\/national\/a-t-on-condamne-prematurement-fallujah\/204406\/","og_locale":"fr_FR","og_type":"article","og_title":"A-t-on condamn\u00e9 pr\u00e9matur\u00e9ment \u00ab Fallujah \u00bb ?","og_description":"S\u2019agissait-il d\u2019une temp\u00eate dans un verre d\u2019eau ? La pol\u00e9mique a tellement enfl\u00e9 que certains, dont le ministre de l\u2019Education ont \u00e9voqu\u00e9 une intervention de la...","og_url":"https:\/\/www.webdo.tn\/fr\/actualite\/national\/a-t-on-condamne-prematurement-fallujah\/204406\/","og_site_name":"webdo","article_publisher":"https:\/\/www.facebook.com\/webdotn","article_published_time":"2023-03-30T11:53:00+00:00","article_modified_time":"2025-05-20T22:44:34+00:00","og_image":[{"width":750,"height":400,"url":"https:\/\/www.webdo.tn\/fr\/wp-content\/uploads\/2023\/03\/7b9fe6ad6a22cb71ae57a63e14cdd5b4.jpg","type":"image\/jpeg"}],"author":"CL","twitter_card":"summary_large_image","twitter_creator":"@webdo_tn","twitter_site":"@webdo_tn","twitter_misc":{"\u00c9crit par":"CL","Dur\u00e9e de lecture estim\u00e9e":"2 minutes"},"schema":{"@context":"https:\/\/schema.org","@graph":[{"@type":"NewsArticle","@id":"https:\/\/www.webdo.tn\/fr\/actualite\/national\/a-t-on-condamne-prematurement-fallujah\/204406\/#article","isPartOf":{"@id":"https:\/\/www.webdo.tn\/fr\/actualite\/national\/a-t-on-condamne-prematurement-fallujah\/204406\/"},"author":{"name":"CL","@id":"https:\/\/www.webdo.tn\/fr\/#\/schema\/person\/f35b42a42c5e2511bbd282959d6385cc"},"headline":"A-t-on condamn\u00e9 pr\u00e9matur\u00e9ment \u00ab Fallujah \u00bb ?","datePublished":"2023-03-30T11:53:00+00:00","dateModified":"2025-05-20T22:44:34+00:00","mainEntityOfPage":{"@id":"https:\/\/www.webdo.tn\/fr\/actualite\/national\/a-t-on-condamne-prematurement-fallujah\/204406\/"},"wordCount":355,"commentCount":0,"publisher":{"@id":"https:\/\/www.webdo.tn\/fr\/#organization"},"image":{"@id":"https:\/\/www.webdo.tn\/fr\/actualite\/national\/a-t-on-condamne-prematurement-fallujah\/204406\/#primaryimage"},"thumbnailUrl":"https:\/\/www.webdo.tn\/fr\/wp-content\/uploads\/2023\/03\/7b9fe6ad6a22cb71ae57a63e14cdd5b4.jpg","keywords":["Fallujah","S\u00e9rie","Tunisie"],"articleSection":["National"],"inLanguage":"fr-FR"},{"@type":"WebPage","@id":"https:\/\/www.webdo.tn\/fr\/actualite\/national\/a-t-on-condamne-prematurement-fallujah\/204406\/","url":"https:\/\/www.webdo.tn\/fr\/actualite\/national\/a-t-on-condamne-prematurement-fallujah\/204406\/","name":"A-t-on condamn\u00e9 pr\u00e9matur\u00e9ment \u00ab Fallujah \u00bb ?","isPartOf":{"@id":"https:\/\/www.webdo.tn\/fr\/#website"},"primaryImageOfPage":{"@id":"https:\/\/www.webdo.tn\/fr\/actualite\/national\/a-t-on-condamne-prematurement-fallujah\/204406\/#primaryimage"},"image":{"@id":"https:\/\/www.webdo.tn\/fr\/actualite\/national\/a-t-on-condamne-prematurement-fallujah\/204406\/#primaryimage"},"thumbnailUrl":"https:\/\/www.webdo.tn\/fr\/wp-content\/uploads\/2023\/03\/7b9fe6ad6a22cb71ae57a63e14cdd5b4.jpg","datePublished":"2023-03-30T11:53:00+00:00","dateModified":"2025-05-20T22:44:34+00:00","description":"S\u2019agissait-il d\u2019une temp\u00eate dans un verre d\u2019eau ? La pol\u00e9mique a tellement enfl\u00e9 que certains, dont le ministre de l\u2019Education ont \u00e9voqu\u00e9 une intervention de la...","breadcrumb":{"@id":"https:\/\/www.webdo.tn\/fr\/actualite\/national\/a-t-on-condamne-prematurement-fallujah\/204406\/#breadcrumb"},"inLanguage":"fr-FR","potentialAction":[{"@type":"ReadAction","target":["https:\/\/www.webdo.tn\/fr\/actualite\/national\/a-t-on-condamne-prematurement-fallujah\/204406\/"]}]},{"@type":"ImageObject","inLanguage":"fr-FR","@id":"https:\/\/www.webdo.tn\/fr\/actualite\/national\/a-t-on-condamne-prematurement-fallujah\/204406\/#primaryimage","url":"https:\/\/www.webdo.tn\/fr\/wp-content\/uploads\/2023\/03\/7b9fe6ad6a22cb71ae57a63e14cdd5b4.jpg","contentUrl":"https:\/\/www.webdo.tn\/fr\/wp-content\/uploads\/2023\/03\/7b9fe6ad6a22cb71ae57a63e14cdd5b4.jpg","width":750,"height":400,"caption":"Fallujah"},{"@type":"BreadcrumbList","@id":"https:\/\/www.webdo.tn\/fr\/actualite\/national\/a-t-on-condamne-prematurement-fallujah\/204406\/#breadcrumb","itemListElement":[{"@type":"ListItem","position":1,"name":"Accueil","item":"https:\/\/www.webdo.tn\/fr\/"},{"@type":"ListItem","position":2,"name":"A-t-on condamn\u00e9 pr\u00e9matur\u00e9ment \u00ab Fallujah \u00bb ?"}]},{"@type":"WebSite","@id":"https:\/\/www.webdo.tn\/fr\/#website","url":"https:\/\/www.webdo.tn\/fr\/","name":"webdo","description":"Tunisie - News en Tunisie et \u00e0 l&#039;international sur Webdo.tn","publisher":{"@id":"https:\/\/www.webdo.tn\/fr\/#organization"},"potentialAction":[{"@type":"SearchAction","target":{"@type":"EntryPoint","urlTemplate":"https:\/\/www.webdo.tn\/fr\/?s={search_term_string}"},"query-input":{"@type":"PropertyValueSpecification","valueRequired":true,"valueName":"search_term_string"}}],"inLanguage":"fr-FR"},{"@type":"Organization","@id":"https:\/\/www.webdo.tn\/fr\/#organization","name":"Webdo","alternateName":"Webdo.tn","url":"https:\/\/www.webdo.tn\/fr\/","logo":{"@type":"ImageObject","inLanguage":"fr-FR","@id":"https:\/\/www.webdo.tn\/fr\/#\/schema\/logo\/image\/","url":"https:\/\/www.webdo.tn\/fr\/wp-content\/uploads\/2025\/06\/Webdo-Tunisie_168377.jpg","contentUrl":"https:\/\/www.webdo.tn\/fr\/wp-content\/uploads\/2025\/06\/Webdo-Tunisie_168377.jpg","width":301,"height":301,"caption":"Webdo"},"image":{"@id":"https:\/\/www.webdo.tn\/fr\/#\/schema\/logo\/image\/"},"sameAs":["https:\/\/www.facebook.com\/webdotn","https:\/\/x.com\/webdo_tn"],"description":"Webdo est un m\u00e9dia num\u00e9rique tunisien fond\u00e9 en 2010, sp\u00e9cialis\u00e9 dans l\u2019actualit\u00e9 nationale et internationale, l\u2019\u00e9conomie, la soci\u00e9t\u00e9 et les analyses politiques. Le site s\u2019adresse \u00e0 un large public francophone et couvre l\u2019information tunisienne en temps r\u00e9el.","email":"redac@webdo.tn","legalName":"YNJ SARL","foundingDate":"2010-09-06","numberOfEmployees":{"@type":"QuantitativeValue","minValue":"11","maxValue":"50"}},{"@type":"Person","@id":"https:\/\/www.webdo.tn\/fr\/#\/schema\/person\/f35b42a42c5e2511bbd282959d6385cc","name":"CL","image":{"@type":"ImageObject","inLanguage":"fr-FR","@id":"https:\/\/secure.gravatar.com\/avatar\/1447a49909b67aa657c488aec6512e1dd6143a480c1ecfee9b5b5cd74eb3b59e?s=96&d=mm&r=g","url":"https:\/\/secure.gravatar.com\/avatar\/1447a49909b67aa657c488aec6512e1dd6143a480c1ecfee9b5b5cd74eb3b59e?s=96&d=mm&r=g","contentUrl":"https:\/\/secure.gravatar.com\/avatar\/1447a49909b67aa657c488aec6512e1dd6143a480c1ecfee9b5b5cd74eb3b59e?s=96&d=mm&r=g","caption":"CL"},"url":"https:\/\/www.webdo.tn\/fr\/actualite\/author\/cl\/"}]}},"_links":{"self":[{"href":"https:\/\/www.webdo.tn\/fr\/wp-json\/wp\/v2\/posts\/204406","targetHints":{"allow":["GET"]}}],"collection":[{"href":"https:\/\/www.webdo.tn\/fr\/wp-json\/wp\/v2\/posts"}],"about":[{"href":"https:\/\/www.webdo.tn\/fr\/wp-json\/wp\/v2\/types\/post"}],"author":[{"embeddable":true,"href":"https:\/\/www.webdo.tn\/fr\/wp-json\/wp\/v2\/users\/3175"}],"replies":[{"embeddable":true,"href":"https:\/\/www.webdo.tn\/fr\/wp-json\/wp\/v2\/comments?post=204406"}],"version-history":[{"count":0,"href":"https:\/\/www.webdo.tn\/fr\/wp-json\/wp\/v2\/posts\/204406\/revisions"}],"wp:featuredmedia":[{"embeddable":true,"href":"https:\/\/www.webdo.tn\/fr\/wp-json\/wp\/v2\/media\/251573"}],"wp:attachment":[{"href":"https:\/\/www.webdo.tn\/fr\/wp-json\/wp\/v2\/media?parent=204406"}],"wp:term":[{"taxonomy":"category","embeddable":true,"href":"https:\/\/www.webdo.tn\/fr\/wp-json\/wp\/v2\/categories?post=204406"},{"taxonomy":"post_tag","embeddable":true,"href":"https:\/\/www.webdo.tn\/fr\/wp-json\/wp\/v2\/tags?post=204406"}],"curies":[{"name":"wp","href":"https:\/\/api.w.org\/{rel}","templated":true}]}}