{"id":204400,"date":"2023-03-30T09:40:00","date_gmt":"2023-03-30T09:40:00","guid":{"rendered":"https:\/\/www.webdo.tn\/fr\/blog\/l-absence-de-communication-presidentielle-agite-la-toile\/204400\/"},"modified":"2025-05-20T22:44:32","modified_gmt":"2025-05-20T22:44:32","slug":"l-absence-de-communication-presidentielle-agite-la-toile","status":"publish","type":"post","link":"https:\/\/www.webdo.tn\/fr\/actualite\/national\/l-absence-de-communication-presidentielle-agite-la-toile\/204400\/","title":{"rendered":"L\u2019absence de communication pr\u00e9sidentielle agite la toile !"},"content":{"rendered":"<p>Cela fait plusieurs jours que la page de la pr\u00e9sidence de la R\u00e9publique n\u2019a rien publi\u00e9 \u00e0 propos de l\u2019activit\u00e9 pr\u00e9sidentielle. La toile s\u2019agite !<\/p>\n<p>\t\t\t\t\t\t\t\t\tLa derni\u00e8re activit\u00e9 relay\u00e9e par la page Facebook pr\u00e9sidentielle remonte au 23 mars, lorsque le pr\u00e9sident de la R\u00e9publique a eu un entretien t\u00e9l\u00e9phonique avec l\u2019Emir du Kuweit. Depuis, silence radio, la pr\u00e9sidence n\u2019a rien publi\u00e9.\u00a0<\/p>\n<p>Les internautes se sont interrog\u00e9s sur les raisons derri\u00e8re cette absence de communication in\u00e9dite, certains ont commenc\u00e9 \u00e0 ironiser : l\u2019administrateur de la page a perdu ses identifiants.\u00a0<\/p>\n<p>Cependant, il est possible que la pr\u00e9sidence de la R\u00e9publique soit en train de travailler sur des sujets importants ou en train de pr\u00e9parer des annonces qui n\u00e9cessitent davantage de temps et de pr\u00e9paration.<\/p>\n<p>Il est \u00e9galement possible que les responsables de la communication de la pr\u00e9sidence soient occup\u00e9s \u00e0 d&rsquo;autres t\u00e2ches ou qu&rsquo;il y ait des probl\u00e8mes techniques ou de planification.<\/p>\n<p>Affaire \u00e0 suivre&#8230;<\/p>\n","protected":false},"excerpt":{"rendered":"<p>Cela fait plusieurs jours que la page de la pr\u00e9sidence de la R\u00e9publique n\u2019a rien publi\u00e9 \u00e0 propos de l\u2019activit\u00e9 pr\u00e9sidentielle. La toile s\u2019agite !<\/p>\n","protected":false},"author":3175,"featured_media":251568,"comment_status":"open","ping_status":"closed","sticky":false,"template":"","format":"standard","meta":{"footnotes":""},"categories":[44],"tags":[3216,2614,5442,2608],"class_list":["post-204400","post","type-post","status-publish","format-standard","has-post-thumbnail","hentry","category-national","tag-communication","tag-kais-saied","tag-presidence-de-la-republique","tag-tunisie"],"yoast_head":"<!-- This site is optimized with the Yoast SEO Premium plugin v27.4 (Yoast SEO v27.4) - https:\/\/yoast.com\/product\/yoast-seo-premium-wordpress\/ -->\n<title>L\u2019absence de communication pr\u00e9sidentielle agite la toile !<\/title>\n<meta name=\"description\" content=\"Cela fait plusieurs jours que la page de la pr\u00e9sidence de la R\u00e9publique n\u2019a rien publi\u00e9 \u00e0 propos de l\u2019activit\u00e9 pr\u00e9sidentielle. La toile s\u2019agite !\" \/>\n<link rel=\"canonical\" href=\"https:\/\/www.webdo.tn\/fr\/actualite\/national\/l-absence-de-communication-presidentielle-agite-la-toile\/204400\/\" \/>\n<meta property=\"og:locale\" content=\"fr_FR\" \/>\n<meta property=\"og:type\" content=\"article\" \/>\n<meta property=\"og:title\" content=\"L\u2019absence de communication pr\u00e9sidentielle agite la toile !\" \/>\n<meta property=\"og:description\" content=\"Cela fait plusieurs jours que la page de la pr\u00e9sidence de la R\u00e9publique n\u2019a rien publi\u00e9 \u00e0 propos de l\u2019activit\u00e9 pr\u00e9sidentielle. La toile s\u2019agite !\" \/>\n<meta property=\"og:url\" content=\"https:\/\/www.webdo.tn\/fr\/actualite\/national\/l-absence-de-communication-presidentielle-agite-la-toile\/204400\/\" \/>\n<meta property=\"og:site_name\" content=\"webdo\" \/>\n<meta property=\"article:publisher\" content=\"https:\/\/www.facebook.com\/webdotn\" \/>\n<meta property=\"article:published_time\" content=\"2023-03-30T09:40:00+00:00\" \/>\n<meta property=\"article:modified_time\" content=\"2025-05-20T22:44:32+00:00\" \/>\n<meta property=\"og:image\" content=\"https:\/\/www.webdo.tn\/fr\/wp-content\/uploads\/2023\/03\/f2e0f3a0fc462cb0e137a4a8e5198cfd.jpg\" \/>\n\t<meta property=\"og:image:width\" content=\"750\" \/>\n\t<meta property=\"og:image:height\" content=\"400\" \/>\n\t<meta property=\"og:image:type\" content=\"image\/jpeg\" \/>\n<meta name=\"author\" content=\"CL\" \/>\n<meta name=\"twitter:card\" content=\"summary_large_image\" \/>\n<meta name=\"twitter:creator\" content=\"@webdo_tn\" \/>\n<meta name=\"twitter:site\" content=\"@webdo_tn\" \/>\n<meta name=\"twitter:label1\" content=\"\u00c9crit par\" \/>\n\t<meta name=\"twitter:data1\" content=\"CL\" \/>\n\t<meta name=\"twitter:label2\" content=\"Dur\u00e9e de lecture estim\u00e9e\" \/>\n\t<meta name=\"twitter:data2\" content=\"1 minute\" \/>\n<script type=\"application\/ld+json\" class=\"yoast-schema-graph\">{\"@context\":\"https:\\\/\\\/schema.org\",\"@graph\":[{\"@type\":\"NewsArticle\",\"@id\":\"https:\\\/\\\/www.webdo.tn\\\/fr\\\/actualite\\\/national\\\/l-absence-de-communication-presidentielle-agite-la-toile\\\/204400\\\/#article\",\"isPartOf\":{\"@id\":\"https:\\\/\\\/www.webdo.tn\\\/fr\\\/actualite\\\/national\\\/l-absence-de-communication-presidentielle-agite-la-toile\\\/204400\\\/\"},\"author\":{\"name\":\"CL\",\"@id\":\"https:\\\/\\\/www.webdo.tn\\\/fr\\\/#\\\/schema\\\/person\\\/f35b42a42c5e2511bbd282959d6385cc\"},\"headline\":\"L\u2019absence de communication pr\u00e9sidentielle agite la toile !\",\"datePublished\":\"2023-03-30T09:40:00+00:00\",\"dateModified\":\"2025-05-20T22:44:32+00:00\",\"mainEntityOfPage\":{\"@id\":\"https:\\\/\\\/www.webdo.tn\\\/fr\\\/actualite\\\/national\\\/l-absence-de-communication-presidentielle-agite-la-toile\\\/204400\\\/\"},\"wordCount\":187,\"commentCount\":0,\"publisher\":{\"@id\":\"https:\\\/\\\/www.webdo.tn\\\/fr\\\/#organization\"},\"image\":{\"@id\":\"https:\\\/\\\/www.webdo.tn\\\/fr\\\/actualite\\\/national\\\/l-absence-de-communication-presidentielle-agite-la-toile\\\/204400\\\/#primaryimage\"},\"thumbnailUrl\":\"https:\\\/\\\/www.webdo.tn\\\/fr\\\/wp-content\\\/uploads\\\/2023\\\/03\\\/f2e0f3a0fc462cb0e137a4a8e5198cfd.jpg\",\"keywords\":[\"Communication\",\"Kais Saied\",\"pr\u00e9sidence de la R\u00e9publique\",\"Tunisie\"],\"articleSection\":[\"National\"],\"inLanguage\":\"fr-FR\"},{\"@type\":\"WebPage\",\"@id\":\"https:\\\/\\\/www.webdo.tn\\\/fr\\\/actualite\\\/national\\\/l-absence-de-communication-presidentielle-agite-la-toile\\\/204400\\\/\",\"url\":\"https:\\\/\\\/www.webdo.tn\\\/fr\\\/actualite\\\/national\\\/l-absence-de-communication-presidentielle-agite-la-toile\\\/204400\\\/\",\"name\":\"L\u2019absence de communication pr\u00e9sidentielle agite la toile !\",\"isPartOf\":{\"@id\":\"https:\\\/\\\/www.webdo.tn\\\/fr\\\/#website\"},\"primaryImageOfPage\":{\"@id\":\"https:\\\/\\\/www.webdo.tn\\\/fr\\\/actualite\\\/national\\\/l-absence-de-communication-presidentielle-agite-la-toile\\\/204400\\\/#primaryimage\"},\"image\":{\"@id\":\"https:\\\/\\\/www.webdo.tn\\\/fr\\\/actualite\\\/national\\\/l-absence-de-communication-presidentielle-agite-la-toile\\\/204400\\\/#primaryimage\"},\"thumbnailUrl\":\"https:\\\/\\\/www.webdo.tn\\\/fr\\\/wp-content\\\/uploads\\\/2023\\\/03\\\/f2e0f3a0fc462cb0e137a4a8e5198cfd.jpg\",\"datePublished\":\"2023-03-30T09:40:00+00:00\",\"dateModified\":\"2025-05-20T22:44:32+00:00\",\"description\":\"Cela fait plusieurs jours que la page de la pr\u00e9sidence de la R\u00e9publique n\u2019a rien publi\u00e9 \u00e0 propos de l\u2019activit\u00e9 pr\u00e9sidentielle. La toile s\u2019agite !\",\"breadcrumb\":{\"@id\":\"https:\\\/\\\/www.webdo.tn\\\/fr\\\/actualite\\\/national\\\/l-absence-de-communication-presidentielle-agite-la-toile\\\/204400\\\/#breadcrumb\"},\"inLanguage\":\"fr-FR\",\"potentialAction\":[{\"@type\":\"ReadAction\",\"target\":[\"https:\\\/\\\/www.webdo.tn\\\/fr\\\/actualite\\\/national\\\/l-absence-de-communication-presidentielle-agite-la-toile\\\/204400\\\/\"]}]},{\"@type\":\"ImageObject\",\"inLanguage\":\"fr-FR\",\"@id\":\"https:\\\/\\\/www.webdo.tn\\\/fr\\\/actualite\\\/national\\\/l-absence-de-communication-presidentielle-agite-la-toile\\\/204400\\\/#primaryimage\",\"url\":\"https:\\\/\\\/www.webdo.tn\\\/fr\\\/wp-content\\\/uploads\\\/2023\\\/03\\\/f2e0f3a0fc462cb0e137a4a8e5198cfd.jpg\",\"contentUrl\":\"https:\\\/\\\/www.webdo.tn\\\/fr\\\/wp-content\\\/uploads\\\/2023\\\/03\\\/f2e0f3a0fc462cb0e137a4a8e5198cfd.jpg\",\"width\":750,\"height\":400,\"caption\":\"Kais Saied\"},{\"@type\":\"BreadcrumbList\",\"@id\":\"https:\\\/\\\/www.webdo.tn\\\/fr\\\/actualite\\\/national\\\/l-absence-de-communication-presidentielle-agite-la-toile\\\/204400\\\/#breadcrumb\",\"itemListElement\":[{\"@type\":\"ListItem\",\"position\":1,\"name\":\"Accueil\",\"item\":\"https:\\\/\\\/www.webdo.tn\\\/fr\\\/\"},{\"@type\":\"ListItem\",\"position\":2,\"name\":\"L\u2019absence de communication pr\u00e9sidentielle agite la toile !\"}]},{\"@type\":\"WebSite\",\"@id\":\"https:\\\/\\\/www.webdo.tn\\\/fr\\\/#website\",\"url\":\"https:\\\/\\\/www.webdo.tn\\\/fr\\\/\",\"name\":\"webdo\",\"description\":\"Tunisie - News en Tunisie et \u00e0 l&#039;international sur Webdo.tn\",\"publisher\":{\"@id\":\"https:\\\/\\\/www.webdo.tn\\\/fr\\\/#organization\"},\"potentialAction\":[{\"@type\":\"SearchAction\",\"target\":{\"@type\":\"EntryPoint\",\"urlTemplate\":\"https:\\\/\\\/www.webdo.tn\\\/fr\\\/?s={search_term_string}\"},\"query-input\":{\"@type\":\"PropertyValueSpecification\",\"valueRequired\":true,\"valueName\":\"search_term_string\"}}],\"inLanguage\":\"fr-FR\"},{\"@type\":\"Organization\",\"@id\":\"https:\\\/\\\/www.webdo.tn\\\/fr\\\/#organization\",\"name\":\"Webdo\",\"alternateName\":\"Webdo.tn\",\"url\":\"https:\\\/\\\/www.webdo.tn\\\/fr\\\/\",\"logo\":{\"@type\":\"ImageObject\",\"inLanguage\":\"fr-FR\",\"@id\":\"https:\\\/\\\/www.webdo.tn\\\/fr\\\/#\\\/schema\\\/logo\\\/image\\\/\",\"url\":\"https:\\\/\\\/www.webdo.tn\\\/fr\\\/wp-content\\\/uploads\\\/2025\\\/06\\\/Webdo-Tunisie_168377.jpg\",\"contentUrl\":\"https:\\\/\\\/www.webdo.tn\\\/fr\\\/wp-content\\\/uploads\\\/2025\\\/06\\\/Webdo-Tunisie_168377.jpg\",\"width\":301,\"height\":301,\"caption\":\"Webdo\"},\"image\":{\"@id\":\"https:\\\/\\\/www.webdo.tn\\\/fr\\\/#\\\/schema\\\/logo\\\/image\\\/\"},\"sameAs\":[\"https:\\\/\\\/www.facebook.com\\\/webdotn\",\"https:\\\/\\\/x.com\\\/webdo_tn\"],\"description\":\"Webdo est un m\u00e9dia num\u00e9rique tunisien fond\u00e9 en 2010, sp\u00e9cialis\u00e9 dans l\u2019actualit\u00e9 nationale et internationale, l\u2019\u00e9conomie, la soci\u00e9t\u00e9 et les analyses politiques. Le site s\u2019adresse \u00e0 un large public francophone et couvre l\u2019information tunisienne en temps r\u00e9el.\",\"email\":\"redac@webdo.tn\",\"legalName\":\"YNJ SARL\",\"foundingDate\":\"2010-09-06\",\"numberOfEmployees\":{\"@type\":\"QuantitativeValue\",\"minValue\":\"11\",\"maxValue\":\"50\"}},{\"@type\":\"Person\",\"@id\":\"https:\\\/\\\/www.webdo.tn\\\/fr\\\/#\\\/schema\\\/person\\\/f35b42a42c5e2511bbd282959d6385cc\",\"name\":\"CL\",\"image\":{\"@type\":\"ImageObject\",\"inLanguage\":\"fr-FR\",\"@id\":\"https:\\\/\\\/secure.gravatar.com\\\/avatar\\\/1447a49909b67aa657c488aec6512e1dd6143a480c1ecfee9b5b5cd74eb3b59e?s=96&d=mm&r=g\",\"url\":\"https:\\\/\\\/secure.gravatar.com\\\/avatar\\\/1447a49909b67aa657c488aec6512e1dd6143a480c1ecfee9b5b5cd74eb3b59e?s=96&d=mm&r=g\",\"contentUrl\":\"https:\\\/\\\/secure.gravatar.com\\\/avatar\\\/1447a49909b67aa657c488aec6512e1dd6143a480c1ecfee9b5b5cd74eb3b59e?s=96&d=mm&r=g\",\"caption\":\"CL\"},\"url\":\"https:\\\/\\\/www.webdo.tn\\\/fr\\\/actualite\\\/author\\\/cl\\\/\"}]}<\/script>\n<!-- \/ Yoast SEO Premium plugin. -->","yoast_head_json":{"title":"L\u2019absence de communication pr\u00e9sidentielle agite la toile !","description":"Cela fait plusieurs jours que la page de la pr\u00e9sidence de la R\u00e9publique n\u2019a rien publi\u00e9 \u00e0 propos de l\u2019activit\u00e9 pr\u00e9sidentielle. La toile s\u2019agite !","canonical":"https:\/\/www.webdo.tn\/fr\/actualite\/national\/l-absence-de-communication-presidentielle-agite-la-toile\/204400\/","og_locale":"fr_FR","og_type":"article","og_title":"L\u2019absence de communication pr\u00e9sidentielle agite la toile !","og_description":"Cela fait plusieurs jours que la page de la pr\u00e9sidence de la R\u00e9publique n\u2019a rien publi\u00e9 \u00e0 propos de l\u2019activit\u00e9 pr\u00e9sidentielle. La toile s\u2019agite !","og_url":"https:\/\/www.webdo.tn\/fr\/actualite\/national\/l-absence-de-communication-presidentielle-agite-la-toile\/204400\/","og_site_name":"webdo","article_publisher":"https:\/\/www.facebook.com\/webdotn","article_published_time":"2023-03-30T09:40:00+00:00","article_modified_time":"2025-05-20T22:44:32+00:00","og_image":[{"width":750,"height":400,"url":"https:\/\/www.webdo.tn\/fr\/wp-content\/uploads\/2023\/03\/f2e0f3a0fc462cb0e137a4a8e5198cfd.jpg","type":"image\/jpeg"}],"author":"CL","twitter_card":"summary_large_image","twitter_creator":"@webdo_tn","twitter_site":"@webdo_tn","twitter_misc":{"\u00c9crit par":"CL","Dur\u00e9e de lecture estim\u00e9e":"1 minute"},"schema":{"@context":"https:\/\/schema.org","@graph":[{"@type":"NewsArticle","@id":"https:\/\/www.webdo.tn\/fr\/actualite\/national\/l-absence-de-communication-presidentielle-agite-la-toile\/204400\/#article","isPartOf":{"@id":"https:\/\/www.webdo.tn\/fr\/actualite\/national\/l-absence-de-communication-presidentielle-agite-la-toile\/204400\/"},"author":{"name":"CL","@id":"https:\/\/www.webdo.tn\/fr\/#\/schema\/person\/f35b42a42c5e2511bbd282959d6385cc"},"headline":"L\u2019absence de communication pr\u00e9sidentielle agite la toile !","datePublished":"2023-03-30T09:40:00+00:00","dateModified":"2025-05-20T22:44:32+00:00","mainEntityOfPage":{"@id":"https:\/\/www.webdo.tn\/fr\/actualite\/national\/l-absence-de-communication-presidentielle-agite-la-toile\/204400\/"},"wordCount":187,"commentCount":0,"publisher":{"@id":"https:\/\/www.webdo.tn\/fr\/#organization"},"image":{"@id":"https:\/\/www.webdo.tn\/fr\/actualite\/national\/l-absence-de-communication-presidentielle-agite-la-toile\/204400\/#primaryimage"},"thumbnailUrl":"https:\/\/www.webdo.tn\/fr\/wp-content\/uploads\/2023\/03\/f2e0f3a0fc462cb0e137a4a8e5198cfd.jpg","keywords":["Communication","Kais Saied","pr\u00e9sidence de la R\u00e9publique","Tunisie"],"articleSection":["National"],"inLanguage":"fr-FR"},{"@type":"WebPage","@id":"https:\/\/www.webdo.tn\/fr\/actualite\/national\/l-absence-de-communication-presidentielle-agite-la-toile\/204400\/","url":"https:\/\/www.webdo.tn\/fr\/actualite\/national\/l-absence-de-communication-presidentielle-agite-la-toile\/204400\/","name":"L\u2019absence de communication pr\u00e9sidentielle agite la toile !","isPartOf":{"@id":"https:\/\/www.webdo.tn\/fr\/#website"},"primaryImageOfPage":{"@id":"https:\/\/www.webdo.tn\/fr\/actualite\/national\/l-absence-de-communication-presidentielle-agite-la-toile\/204400\/#primaryimage"},"image":{"@id":"https:\/\/www.webdo.tn\/fr\/actualite\/national\/l-absence-de-communication-presidentielle-agite-la-toile\/204400\/#primaryimage"},"thumbnailUrl":"https:\/\/www.webdo.tn\/fr\/wp-content\/uploads\/2023\/03\/f2e0f3a0fc462cb0e137a4a8e5198cfd.jpg","datePublished":"2023-03-30T09:40:00+00:00","dateModified":"2025-05-20T22:44:32+00:00","description":"Cela fait plusieurs jours que la page de la pr\u00e9sidence de la R\u00e9publique n\u2019a rien publi\u00e9 \u00e0 propos de l\u2019activit\u00e9 pr\u00e9sidentielle. La toile s\u2019agite !","breadcrumb":{"@id":"https:\/\/www.webdo.tn\/fr\/actualite\/national\/l-absence-de-communication-presidentielle-agite-la-toile\/204400\/#breadcrumb"},"inLanguage":"fr-FR","potentialAction":[{"@type":"ReadAction","target":["https:\/\/www.webdo.tn\/fr\/actualite\/national\/l-absence-de-communication-presidentielle-agite-la-toile\/204400\/"]}]},{"@type":"ImageObject","inLanguage":"fr-FR","@id":"https:\/\/www.webdo.tn\/fr\/actualite\/national\/l-absence-de-communication-presidentielle-agite-la-toile\/204400\/#primaryimage","url":"https:\/\/www.webdo.tn\/fr\/wp-content\/uploads\/2023\/03\/f2e0f3a0fc462cb0e137a4a8e5198cfd.jpg","contentUrl":"https:\/\/www.webdo.tn\/fr\/wp-content\/uploads\/2023\/03\/f2e0f3a0fc462cb0e137a4a8e5198cfd.jpg","width":750,"height":400,"caption":"Kais Saied"},{"@type":"BreadcrumbList","@id":"https:\/\/www.webdo.tn\/fr\/actualite\/national\/l-absence-de-communication-presidentielle-agite-la-toile\/204400\/#breadcrumb","itemListElement":[{"@type":"ListItem","position":1,"name":"Accueil","item":"https:\/\/www.webdo.tn\/fr\/"},{"@type":"ListItem","position":2,"name":"L\u2019absence de communication pr\u00e9sidentielle agite la toile !"}]},{"@type":"WebSite","@id":"https:\/\/www.webdo.tn\/fr\/#website","url":"https:\/\/www.webdo.tn\/fr\/","name":"webdo","description":"Tunisie - News en Tunisie et \u00e0 l&#039;international sur Webdo.tn","publisher":{"@id":"https:\/\/www.webdo.tn\/fr\/#organization"},"potentialAction":[{"@type":"SearchAction","target":{"@type":"EntryPoint","urlTemplate":"https:\/\/www.webdo.tn\/fr\/?s={search_term_string}"},"query-input":{"@type":"PropertyValueSpecification","valueRequired":true,"valueName":"search_term_string"}}],"inLanguage":"fr-FR"},{"@type":"Organization","@id":"https:\/\/www.webdo.tn\/fr\/#organization","name":"Webdo","alternateName":"Webdo.tn","url":"https:\/\/www.webdo.tn\/fr\/","logo":{"@type":"ImageObject","inLanguage":"fr-FR","@id":"https:\/\/www.webdo.tn\/fr\/#\/schema\/logo\/image\/","url":"https:\/\/www.webdo.tn\/fr\/wp-content\/uploads\/2025\/06\/Webdo-Tunisie_168377.jpg","contentUrl":"https:\/\/www.webdo.tn\/fr\/wp-content\/uploads\/2025\/06\/Webdo-Tunisie_168377.jpg","width":301,"height":301,"caption":"Webdo"},"image":{"@id":"https:\/\/www.webdo.tn\/fr\/#\/schema\/logo\/image\/"},"sameAs":["https:\/\/www.facebook.com\/webdotn","https:\/\/x.com\/webdo_tn"],"description":"Webdo est un m\u00e9dia num\u00e9rique tunisien fond\u00e9 en 2010, sp\u00e9cialis\u00e9 dans l\u2019actualit\u00e9 nationale et internationale, l\u2019\u00e9conomie, la soci\u00e9t\u00e9 et les analyses politiques. Le site s\u2019adresse \u00e0 un large public francophone et couvre l\u2019information tunisienne en temps r\u00e9el.","email":"redac@webdo.tn","legalName":"YNJ SARL","foundingDate":"2010-09-06","numberOfEmployees":{"@type":"QuantitativeValue","minValue":"11","maxValue":"50"}},{"@type":"Person","@id":"https:\/\/www.webdo.tn\/fr\/#\/schema\/person\/f35b42a42c5e2511bbd282959d6385cc","name":"CL","image":{"@type":"ImageObject","inLanguage":"fr-FR","@id":"https:\/\/secure.gravatar.com\/avatar\/1447a49909b67aa657c488aec6512e1dd6143a480c1ecfee9b5b5cd74eb3b59e?s=96&d=mm&r=g","url":"https:\/\/secure.gravatar.com\/avatar\/1447a49909b67aa657c488aec6512e1dd6143a480c1ecfee9b5b5cd74eb3b59e?s=96&d=mm&r=g","contentUrl":"https:\/\/secure.gravatar.com\/avatar\/1447a49909b67aa657c488aec6512e1dd6143a480c1ecfee9b5b5cd74eb3b59e?s=96&d=mm&r=g","caption":"CL"},"url":"https:\/\/www.webdo.tn\/fr\/actualite\/author\/cl\/"}]}},"_links":{"self":[{"href":"https:\/\/www.webdo.tn\/fr\/wp-json\/wp\/v2\/posts\/204400","targetHints":{"allow":["GET"]}}],"collection":[{"href":"https:\/\/www.webdo.tn\/fr\/wp-json\/wp\/v2\/posts"}],"about":[{"href":"https:\/\/www.webdo.tn\/fr\/wp-json\/wp\/v2\/types\/post"}],"author":[{"embeddable":true,"href":"https:\/\/www.webdo.tn\/fr\/wp-json\/wp\/v2\/users\/3175"}],"replies":[{"embeddable":true,"href":"https:\/\/www.webdo.tn\/fr\/wp-json\/wp\/v2\/comments?post=204400"}],"version-history":[{"count":0,"href":"https:\/\/www.webdo.tn\/fr\/wp-json\/wp\/v2\/posts\/204400\/revisions"}],"wp:featuredmedia":[{"embeddable":true,"href":"https:\/\/www.webdo.tn\/fr\/wp-json\/wp\/v2\/media\/251568"}],"wp:attachment":[{"href":"https:\/\/www.webdo.tn\/fr\/wp-json\/wp\/v2\/media?parent=204400"}],"wp:term":[{"taxonomy":"category","embeddable":true,"href":"https:\/\/www.webdo.tn\/fr\/wp-json\/wp\/v2\/categories?post=204400"},{"taxonomy":"post_tag","embeddable":true,"href":"https:\/\/www.webdo.tn\/fr\/wp-json\/wp\/v2\/tags?post=204400"}],"curies":[{"name":"wp","href":"https:\/\/api.w.org\/{rel}","templated":true}]}}