{"id":204397,"date":"2023-03-30T09:13:00","date_gmt":"2023-03-30T09:13:00","guid":{"rendered":"https:\/\/www.webdo.tn\/fr\/blog\/l-italie-veut-a-une-action-concertee-avec-l-algerie-pour-soutenir-la-tunisie\/204397\/"},"modified":"2025-05-20T22:44:32","modified_gmt":"2025-05-20T22:44:32","slug":"l-italie-veut-a-une-action-concertee-avec-l-algerie-pour-soutenir-la-tunisie","status":"publish","type":"post","link":"https:\/\/www.webdo.tn\/fr\/actualite\/national\/l-italie-veut-a-une-action-concertee-avec-l-algerie-pour-soutenir-la-tunisie\/204397\/","title":{"rendered":"L\u2019Italie veut une action concert\u00e9e avec l&rsquo;Alg\u00e9rie pour soutenir la Tunisie"},"content":{"rendered":"<p>Le ministre italien des Affaires \u00e9trang\u00e8res, Antonio Tajani, a eu hier mercredi 29 mars, un \u00e9change t\u00e9l\u00e9phonique avec son homologue alg\u00e9rien, Ahmed Attaf, ayant port\u00e9 sur l\u2019\u00e9troite coordination pour soutenir la Tunisie et faciliter la r\u00e9conciliation nationale en Libye, ainsi que pour soutenir la stabilit\u00e9 de la r\u00e9gion du Sahel.<\/p>\n<p>\t\t\t\t\t\t\t\t\tIl est important de noter que le ministre italien des Affaires \u00e9trang\u00e8res a r\u00e9cemment appel\u00e9 \u00e0 plusieurs reprises \u00e0 une assistance d&rsquo;urgence pour la Tunisie.<\/p>\n<p>Par ailleurs, la Premi\u00e8re ministre italienne, Giorgia Meloni, a averti que la situation en Tunisie pourrait se d\u00e9t\u00e9riorer et a appel\u00e9 \u00e0 soutenir l&rsquo;\u00e9conomie tunisienne. Elle a \u00e9galement exprim\u00e9 des inqui\u00e9tudes quant \u00e0 l&rsquo;augmentation potentielle de la migration irr\u00e9guli\u00e8re \u00e0 l&rsquo;avenir.<\/p>\n","protected":false},"excerpt":{"rendered":"<p>Le ministre italien des Affaires \u00e9trang\u00e8res, Antonio Tajani, a eu hier mercredi 29 mars, un \u00e9change t\u00e9l\u00e9phonique avec son homologue alg\u00e9rien, Ahmed Attaf \u00e0 prop&#8230;<\/p>\n","protected":false},"author":3175,"featured_media":251565,"comment_status":"open","ping_status":"closed","sticky":false,"template":"","format":"standard","meta":{"footnotes":""},"categories":[44],"tags":[2907,2660,2608],"class_list":["post-204397","post","type-post","status-publish","format-standard","has-post-thumbnail","hentry","category-national","tag-algerie","tag-italie","tag-tunisie"],"yoast_head":"<!-- This site is optimized with the Yoast SEO Premium plugin v27.4 (Yoast SEO v27.4) - https:\/\/yoast.com\/product\/yoast-seo-premium-wordpress\/ -->\n<title>L\u2019Italie veut une action concert\u00e9e avec l&#039;Alg\u00e9rie pour soutenir la Tunisie<\/title>\n<meta name=\"description\" content=\"Le ministre italien des Affaires \u00e9trang\u00e8res, Antonio Tajani, a eu hier mercredi 29 mars, un \u00e9change t\u00e9l\u00e9phonique avec son homologue alg\u00e9rien, Ahmed Attaf \u00e0 prop...\" \/>\n<link rel=\"canonical\" href=\"https:\/\/www.webdo.tn\/fr\/actualite\/national\/l-italie-veut-a-une-action-concertee-avec-l-algerie-pour-soutenir-la-tunisie\/204397\/\" \/>\n<meta property=\"og:locale\" content=\"fr_FR\" \/>\n<meta property=\"og:type\" content=\"article\" \/>\n<meta property=\"og:title\" content=\"L\u2019Italie veut une action concert\u00e9e avec l&#039;Alg\u00e9rie pour soutenir la Tunisie\" \/>\n<meta property=\"og:description\" content=\"Le ministre italien des Affaires \u00e9trang\u00e8res, Antonio Tajani, a eu hier mercredi 29 mars, un \u00e9change t\u00e9l\u00e9phonique avec son homologue alg\u00e9rien, Ahmed Attaf \u00e0 prop...\" \/>\n<meta property=\"og:url\" content=\"https:\/\/www.webdo.tn\/fr\/actualite\/national\/l-italie-veut-a-une-action-concertee-avec-l-algerie-pour-soutenir-la-tunisie\/204397\/\" \/>\n<meta property=\"og:site_name\" content=\"webdo\" \/>\n<meta property=\"article:publisher\" content=\"https:\/\/www.facebook.com\/webdotn\" \/>\n<meta property=\"article:published_time\" content=\"2023-03-30T09:13:00+00:00\" \/>\n<meta property=\"article:modified_time\" content=\"2025-05-20T22:44:32+00:00\" \/>\n<meta property=\"og:image\" content=\"https:\/\/www.webdo.tn\/fr\/wp-content\/uploads\/2023\/03\/58e2439509b28d45603a2f7ed3525d2a.jpg\" \/>\n\t<meta property=\"og:image:width\" content=\"600\" \/>\n\t<meta property=\"og:image:height\" content=\"320\" \/>\n\t<meta property=\"og:image:type\" content=\"image\/jpeg\" \/>\n<meta name=\"author\" content=\"CL\" \/>\n<meta name=\"twitter:card\" content=\"summary_large_image\" \/>\n<meta name=\"twitter:creator\" content=\"@webdo_tn\" \/>\n<meta name=\"twitter:site\" content=\"@webdo_tn\" \/>\n<meta name=\"twitter:label1\" content=\"\u00c9crit par\" \/>\n\t<meta name=\"twitter:data1\" content=\"CL\" \/>\n\t<meta name=\"twitter:label2\" content=\"Dur\u00e9e de lecture estim\u00e9e\" \/>\n\t<meta name=\"twitter:data2\" content=\"1 minute\" \/>\n<script type=\"application\/ld+json\" class=\"yoast-schema-graph\">{\"@context\":\"https:\\\/\\\/schema.org\",\"@graph\":[{\"@type\":\"NewsArticle\",\"@id\":\"https:\\\/\\\/www.webdo.tn\\\/fr\\\/actualite\\\/national\\\/l-italie-veut-a-une-action-concertee-avec-l-algerie-pour-soutenir-la-tunisie\\\/204397\\\/#article\",\"isPartOf\":{\"@id\":\"https:\\\/\\\/www.webdo.tn\\\/fr\\\/actualite\\\/national\\\/l-italie-veut-a-une-action-concertee-avec-l-algerie-pour-soutenir-la-tunisie\\\/204397\\\/\"},\"author\":{\"name\":\"CL\",\"@id\":\"https:\\\/\\\/www.webdo.tn\\\/fr\\\/#\\\/schema\\\/person\\\/f35b42a42c5e2511bbd282959d6385cc\"},\"headline\":\"L\u2019Italie veut une action concert\u00e9e avec l&rsquo;Alg\u00e9rie pour soutenir la Tunisie\",\"datePublished\":\"2023-03-30T09:13:00+00:00\",\"dateModified\":\"2025-05-20T22:44:32+00:00\",\"mainEntityOfPage\":{\"@id\":\"https:\\\/\\\/www.webdo.tn\\\/fr\\\/actualite\\\/national\\\/l-italie-veut-a-une-action-concertee-avec-l-algerie-pour-soutenir-la-tunisie\\\/204397\\\/\"},\"wordCount\":144,\"commentCount\":0,\"publisher\":{\"@id\":\"https:\\\/\\\/www.webdo.tn\\\/fr\\\/#organization\"},\"image\":{\"@id\":\"https:\\\/\\\/www.webdo.tn\\\/fr\\\/actualite\\\/national\\\/l-italie-veut-a-une-action-concertee-avec-l-algerie-pour-soutenir-la-tunisie\\\/204397\\\/#primaryimage\"},\"thumbnailUrl\":\"https:\\\/\\\/www.webdo.tn\\\/fr\\\/wp-content\\\/uploads\\\/2023\\\/03\\\/58e2439509b28d45603a2f7ed3525d2a.jpg\",\"keywords\":[\"Alg\u00e9rie\",\"Italie\",\"Tunisie\"],\"articleSection\":[\"National\"],\"inLanguage\":\"fr-FR\"},{\"@type\":\"WebPage\",\"@id\":\"https:\\\/\\\/www.webdo.tn\\\/fr\\\/actualite\\\/national\\\/l-italie-veut-a-une-action-concertee-avec-l-algerie-pour-soutenir-la-tunisie\\\/204397\\\/\",\"url\":\"https:\\\/\\\/www.webdo.tn\\\/fr\\\/actualite\\\/national\\\/l-italie-veut-a-une-action-concertee-avec-l-algerie-pour-soutenir-la-tunisie\\\/204397\\\/\",\"name\":\"L\u2019Italie veut une action concert\u00e9e avec l'Alg\u00e9rie pour soutenir la Tunisie\",\"isPartOf\":{\"@id\":\"https:\\\/\\\/www.webdo.tn\\\/fr\\\/#website\"},\"primaryImageOfPage\":{\"@id\":\"https:\\\/\\\/www.webdo.tn\\\/fr\\\/actualite\\\/national\\\/l-italie-veut-a-une-action-concertee-avec-l-algerie-pour-soutenir-la-tunisie\\\/204397\\\/#primaryimage\"},\"image\":{\"@id\":\"https:\\\/\\\/www.webdo.tn\\\/fr\\\/actualite\\\/national\\\/l-italie-veut-a-une-action-concertee-avec-l-algerie-pour-soutenir-la-tunisie\\\/204397\\\/#primaryimage\"},\"thumbnailUrl\":\"https:\\\/\\\/www.webdo.tn\\\/fr\\\/wp-content\\\/uploads\\\/2023\\\/03\\\/58e2439509b28d45603a2f7ed3525d2a.jpg\",\"datePublished\":\"2023-03-30T09:13:00+00:00\",\"dateModified\":\"2025-05-20T22:44:32+00:00\",\"description\":\"Le ministre italien des Affaires \u00e9trang\u00e8res, Antonio Tajani, a eu hier mercredi 29 mars, un \u00e9change t\u00e9l\u00e9phonique avec son homologue alg\u00e9rien, Ahmed Attaf \u00e0 prop...\",\"breadcrumb\":{\"@id\":\"https:\\\/\\\/www.webdo.tn\\\/fr\\\/actualite\\\/national\\\/l-italie-veut-a-une-action-concertee-avec-l-algerie-pour-soutenir-la-tunisie\\\/204397\\\/#breadcrumb\"},\"inLanguage\":\"fr-FR\",\"potentialAction\":[{\"@type\":\"ReadAction\",\"target\":[\"https:\\\/\\\/www.webdo.tn\\\/fr\\\/actualite\\\/national\\\/l-italie-veut-a-une-action-concertee-avec-l-algerie-pour-soutenir-la-tunisie\\\/204397\\\/\"]}]},{\"@type\":\"ImageObject\",\"inLanguage\":\"fr-FR\",\"@id\":\"https:\\\/\\\/www.webdo.tn\\\/fr\\\/actualite\\\/national\\\/l-italie-veut-a-une-action-concertee-avec-l-algerie-pour-soutenir-la-tunisie\\\/204397\\\/#primaryimage\",\"url\":\"https:\\\/\\\/www.webdo.tn\\\/fr\\\/wp-content\\\/uploads\\\/2023\\\/03\\\/58e2439509b28d45603a2f7ed3525d2a.jpg\",\"contentUrl\":\"https:\\\/\\\/www.webdo.tn\\\/fr\\\/wp-content\\\/uploads\\\/2023\\\/03\\\/58e2439509b28d45603a2f7ed3525d2a.jpg\",\"width\":600,\"height\":320,\"caption\":\"Antonio Tajani\"},{\"@type\":\"BreadcrumbList\",\"@id\":\"https:\\\/\\\/www.webdo.tn\\\/fr\\\/actualite\\\/national\\\/l-italie-veut-a-une-action-concertee-avec-l-algerie-pour-soutenir-la-tunisie\\\/204397\\\/#breadcrumb\",\"itemListElement\":[{\"@type\":\"ListItem\",\"position\":1,\"name\":\"Accueil\",\"item\":\"https:\\\/\\\/www.webdo.tn\\\/fr\\\/\"},{\"@type\":\"ListItem\",\"position\":2,\"name\":\"L\u2019Italie veut une action concert\u00e9e avec l&#8217;Alg\u00e9rie pour soutenir la Tunisie\"}]},{\"@type\":\"WebSite\",\"@id\":\"https:\\\/\\\/www.webdo.tn\\\/fr\\\/#website\",\"url\":\"https:\\\/\\\/www.webdo.tn\\\/fr\\\/\",\"name\":\"webdo\",\"description\":\"Tunisie - News en Tunisie et \u00e0 l&#039;international sur Webdo.tn\",\"publisher\":{\"@id\":\"https:\\\/\\\/www.webdo.tn\\\/fr\\\/#organization\"},\"potentialAction\":[{\"@type\":\"SearchAction\",\"target\":{\"@type\":\"EntryPoint\",\"urlTemplate\":\"https:\\\/\\\/www.webdo.tn\\\/fr\\\/?s={search_term_string}\"},\"query-input\":{\"@type\":\"PropertyValueSpecification\",\"valueRequired\":true,\"valueName\":\"search_term_string\"}}],\"inLanguage\":\"fr-FR\"},{\"@type\":\"Organization\",\"@id\":\"https:\\\/\\\/www.webdo.tn\\\/fr\\\/#organization\",\"name\":\"Webdo\",\"alternateName\":\"Webdo.tn\",\"url\":\"https:\\\/\\\/www.webdo.tn\\\/fr\\\/\",\"logo\":{\"@type\":\"ImageObject\",\"inLanguage\":\"fr-FR\",\"@id\":\"https:\\\/\\\/www.webdo.tn\\\/fr\\\/#\\\/schema\\\/logo\\\/image\\\/\",\"url\":\"https:\\\/\\\/www.webdo.tn\\\/fr\\\/wp-content\\\/uploads\\\/2025\\\/06\\\/Webdo-Tunisie_168377.jpg\",\"contentUrl\":\"https:\\\/\\\/www.webdo.tn\\\/fr\\\/wp-content\\\/uploads\\\/2025\\\/06\\\/Webdo-Tunisie_168377.jpg\",\"width\":301,\"height\":301,\"caption\":\"Webdo\"},\"image\":{\"@id\":\"https:\\\/\\\/www.webdo.tn\\\/fr\\\/#\\\/schema\\\/logo\\\/image\\\/\"},\"sameAs\":[\"https:\\\/\\\/www.facebook.com\\\/webdotn\",\"https:\\\/\\\/x.com\\\/webdo_tn\"],\"description\":\"Webdo est un m\u00e9dia num\u00e9rique tunisien fond\u00e9 en 2010, sp\u00e9cialis\u00e9 dans l\u2019actualit\u00e9 nationale et internationale, l\u2019\u00e9conomie, la soci\u00e9t\u00e9 et les analyses politiques. Le site s\u2019adresse \u00e0 un large public francophone et couvre l\u2019information tunisienne en temps r\u00e9el.\",\"email\":\"redac@webdo.tn\",\"legalName\":\"YNJ SARL\",\"foundingDate\":\"2010-09-06\",\"numberOfEmployees\":{\"@type\":\"QuantitativeValue\",\"minValue\":\"11\",\"maxValue\":\"50\"}},{\"@type\":\"Person\",\"@id\":\"https:\\\/\\\/www.webdo.tn\\\/fr\\\/#\\\/schema\\\/person\\\/f35b42a42c5e2511bbd282959d6385cc\",\"name\":\"CL\",\"image\":{\"@type\":\"ImageObject\",\"inLanguage\":\"fr-FR\",\"@id\":\"https:\\\/\\\/secure.gravatar.com\\\/avatar\\\/1447a49909b67aa657c488aec6512e1dd6143a480c1ecfee9b5b5cd74eb3b59e?s=96&d=mm&r=g\",\"url\":\"https:\\\/\\\/secure.gravatar.com\\\/avatar\\\/1447a49909b67aa657c488aec6512e1dd6143a480c1ecfee9b5b5cd74eb3b59e?s=96&d=mm&r=g\",\"contentUrl\":\"https:\\\/\\\/secure.gravatar.com\\\/avatar\\\/1447a49909b67aa657c488aec6512e1dd6143a480c1ecfee9b5b5cd74eb3b59e?s=96&d=mm&r=g\",\"caption\":\"CL\"},\"url\":\"https:\\\/\\\/www.webdo.tn\\\/fr\\\/actualite\\\/author\\\/cl\\\/\"}]}<\/script>\n<!-- \/ Yoast SEO Premium plugin. -->","yoast_head_json":{"title":"L\u2019Italie veut une action concert\u00e9e avec l'Alg\u00e9rie pour soutenir la Tunisie","description":"Le ministre italien des Affaires \u00e9trang\u00e8res, Antonio Tajani, a eu hier mercredi 29 mars, un \u00e9change t\u00e9l\u00e9phonique avec son homologue alg\u00e9rien, Ahmed Attaf \u00e0 prop...","canonical":"https:\/\/www.webdo.tn\/fr\/actualite\/national\/l-italie-veut-a-une-action-concertee-avec-l-algerie-pour-soutenir-la-tunisie\/204397\/","og_locale":"fr_FR","og_type":"article","og_title":"L\u2019Italie veut une action concert\u00e9e avec l'Alg\u00e9rie pour soutenir la Tunisie","og_description":"Le ministre italien des Affaires \u00e9trang\u00e8res, Antonio Tajani, a eu hier mercredi 29 mars, un \u00e9change t\u00e9l\u00e9phonique avec son homologue alg\u00e9rien, Ahmed Attaf \u00e0 prop...","og_url":"https:\/\/www.webdo.tn\/fr\/actualite\/national\/l-italie-veut-a-une-action-concertee-avec-l-algerie-pour-soutenir-la-tunisie\/204397\/","og_site_name":"webdo","article_publisher":"https:\/\/www.facebook.com\/webdotn","article_published_time":"2023-03-30T09:13:00+00:00","article_modified_time":"2025-05-20T22:44:32+00:00","og_image":[{"width":600,"height":320,"url":"https:\/\/www.webdo.tn\/fr\/wp-content\/uploads\/2023\/03\/58e2439509b28d45603a2f7ed3525d2a.jpg","type":"image\/jpeg"}],"author":"CL","twitter_card":"summary_large_image","twitter_creator":"@webdo_tn","twitter_site":"@webdo_tn","twitter_misc":{"\u00c9crit par":"CL","Dur\u00e9e de lecture estim\u00e9e":"1 minute"},"schema":{"@context":"https:\/\/schema.org","@graph":[{"@type":"NewsArticle","@id":"https:\/\/www.webdo.tn\/fr\/actualite\/national\/l-italie-veut-a-une-action-concertee-avec-l-algerie-pour-soutenir-la-tunisie\/204397\/#article","isPartOf":{"@id":"https:\/\/www.webdo.tn\/fr\/actualite\/national\/l-italie-veut-a-une-action-concertee-avec-l-algerie-pour-soutenir-la-tunisie\/204397\/"},"author":{"name":"CL","@id":"https:\/\/www.webdo.tn\/fr\/#\/schema\/person\/f35b42a42c5e2511bbd282959d6385cc"},"headline":"L\u2019Italie veut une action concert\u00e9e avec l&rsquo;Alg\u00e9rie pour soutenir la Tunisie","datePublished":"2023-03-30T09:13:00+00:00","dateModified":"2025-05-20T22:44:32+00:00","mainEntityOfPage":{"@id":"https:\/\/www.webdo.tn\/fr\/actualite\/national\/l-italie-veut-a-une-action-concertee-avec-l-algerie-pour-soutenir-la-tunisie\/204397\/"},"wordCount":144,"commentCount":0,"publisher":{"@id":"https:\/\/www.webdo.tn\/fr\/#organization"},"image":{"@id":"https:\/\/www.webdo.tn\/fr\/actualite\/national\/l-italie-veut-a-une-action-concertee-avec-l-algerie-pour-soutenir-la-tunisie\/204397\/#primaryimage"},"thumbnailUrl":"https:\/\/www.webdo.tn\/fr\/wp-content\/uploads\/2023\/03\/58e2439509b28d45603a2f7ed3525d2a.jpg","keywords":["Alg\u00e9rie","Italie","Tunisie"],"articleSection":["National"],"inLanguage":"fr-FR"},{"@type":"WebPage","@id":"https:\/\/www.webdo.tn\/fr\/actualite\/national\/l-italie-veut-a-une-action-concertee-avec-l-algerie-pour-soutenir-la-tunisie\/204397\/","url":"https:\/\/www.webdo.tn\/fr\/actualite\/national\/l-italie-veut-a-une-action-concertee-avec-l-algerie-pour-soutenir-la-tunisie\/204397\/","name":"L\u2019Italie veut une action concert\u00e9e avec l'Alg\u00e9rie pour soutenir la Tunisie","isPartOf":{"@id":"https:\/\/www.webdo.tn\/fr\/#website"},"primaryImageOfPage":{"@id":"https:\/\/www.webdo.tn\/fr\/actualite\/national\/l-italie-veut-a-une-action-concertee-avec-l-algerie-pour-soutenir-la-tunisie\/204397\/#primaryimage"},"image":{"@id":"https:\/\/www.webdo.tn\/fr\/actualite\/national\/l-italie-veut-a-une-action-concertee-avec-l-algerie-pour-soutenir-la-tunisie\/204397\/#primaryimage"},"thumbnailUrl":"https:\/\/www.webdo.tn\/fr\/wp-content\/uploads\/2023\/03\/58e2439509b28d45603a2f7ed3525d2a.jpg","datePublished":"2023-03-30T09:13:00+00:00","dateModified":"2025-05-20T22:44:32+00:00","description":"Le ministre italien des Affaires \u00e9trang\u00e8res, Antonio Tajani, a eu hier mercredi 29 mars, un \u00e9change t\u00e9l\u00e9phonique avec son homologue alg\u00e9rien, Ahmed Attaf \u00e0 prop...","breadcrumb":{"@id":"https:\/\/www.webdo.tn\/fr\/actualite\/national\/l-italie-veut-a-une-action-concertee-avec-l-algerie-pour-soutenir-la-tunisie\/204397\/#breadcrumb"},"inLanguage":"fr-FR","potentialAction":[{"@type":"ReadAction","target":["https:\/\/www.webdo.tn\/fr\/actualite\/national\/l-italie-veut-a-une-action-concertee-avec-l-algerie-pour-soutenir-la-tunisie\/204397\/"]}]},{"@type":"ImageObject","inLanguage":"fr-FR","@id":"https:\/\/www.webdo.tn\/fr\/actualite\/national\/l-italie-veut-a-une-action-concertee-avec-l-algerie-pour-soutenir-la-tunisie\/204397\/#primaryimage","url":"https:\/\/www.webdo.tn\/fr\/wp-content\/uploads\/2023\/03\/58e2439509b28d45603a2f7ed3525d2a.jpg","contentUrl":"https:\/\/www.webdo.tn\/fr\/wp-content\/uploads\/2023\/03\/58e2439509b28d45603a2f7ed3525d2a.jpg","width":600,"height":320,"caption":"Antonio Tajani"},{"@type":"BreadcrumbList","@id":"https:\/\/www.webdo.tn\/fr\/actualite\/national\/l-italie-veut-a-une-action-concertee-avec-l-algerie-pour-soutenir-la-tunisie\/204397\/#breadcrumb","itemListElement":[{"@type":"ListItem","position":1,"name":"Accueil","item":"https:\/\/www.webdo.tn\/fr\/"},{"@type":"ListItem","position":2,"name":"L\u2019Italie veut une action concert\u00e9e avec l&#8217;Alg\u00e9rie pour soutenir la Tunisie"}]},{"@type":"WebSite","@id":"https:\/\/www.webdo.tn\/fr\/#website","url":"https:\/\/www.webdo.tn\/fr\/","name":"webdo","description":"Tunisie - News en Tunisie et \u00e0 l&#039;international sur Webdo.tn","publisher":{"@id":"https:\/\/www.webdo.tn\/fr\/#organization"},"potentialAction":[{"@type":"SearchAction","target":{"@type":"EntryPoint","urlTemplate":"https:\/\/www.webdo.tn\/fr\/?s={search_term_string}"},"query-input":{"@type":"PropertyValueSpecification","valueRequired":true,"valueName":"search_term_string"}}],"inLanguage":"fr-FR"},{"@type":"Organization","@id":"https:\/\/www.webdo.tn\/fr\/#organization","name":"Webdo","alternateName":"Webdo.tn","url":"https:\/\/www.webdo.tn\/fr\/","logo":{"@type":"ImageObject","inLanguage":"fr-FR","@id":"https:\/\/www.webdo.tn\/fr\/#\/schema\/logo\/image\/","url":"https:\/\/www.webdo.tn\/fr\/wp-content\/uploads\/2025\/06\/Webdo-Tunisie_168377.jpg","contentUrl":"https:\/\/www.webdo.tn\/fr\/wp-content\/uploads\/2025\/06\/Webdo-Tunisie_168377.jpg","width":301,"height":301,"caption":"Webdo"},"image":{"@id":"https:\/\/www.webdo.tn\/fr\/#\/schema\/logo\/image\/"},"sameAs":["https:\/\/www.facebook.com\/webdotn","https:\/\/x.com\/webdo_tn"],"description":"Webdo est un m\u00e9dia num\u00e9rique tunisien fond\u00e9 en 2010, sp\u00e9cialis\u00e9 dans l\u2019actualit\u00e9 nationale et internationale, l\u2019\u00e9conomie, la soci\u00e9t\u00e9 et les analyses politiques. Le site s\u2019adresse \u00e0 un large public francophone et couvre l\u2019information tunisienne en temps r\u00e9el.","email":"redac@webdo.tn","legalName":"YNJ SARL","foundingDate":"2010-09-06","numberOfEmployees":{"@type":"QuantitativeValue","minValue":"11","maxValue":"50"}},{"@type":"Person","@id":"https:\/\/www.webdo.tn\/fr\/#\/schema\/person\/f35b42a42c5e2511bbd282959d6385cc","name":"CL","image":{"@type":"ImageObject","inLanguage":"fr-FR","@id":"https:\/\/secure.gravatar.com\/avatar\/1447a49909b67aa657c488aec6512e1dd6143a480c1ecfee9b5b5cd74eb3b59e?s=96&d=mm&r=g","url":"https:\/\/secure.gravatar.com\/avatar\/1447a49909b67aa657c488aec6512e1dd6143a480c1ecfee9b5b5cd74eb3b59e?s=96&d=mm&r=g","contentUrl":"https:\/\/secure.gravatar.com\/avatar\/1447a49909b67aa657c488aec6512e1dd6143a480c1ecfee9b5b5cd74eb3b59e?s=96&d=mm&r=g","caption":"CL"},"url":"https:\/\/www.webdo.tn\/fr\/actualite\/author\/cl\/"}]}},"_links":{"self":[{"href":"https:\/\/www.webdo.tn\/fr\/wp-json\/wp\/v2\/posts\/204397","targetHints":{"allow":["GET"]}}],"collection":[{"href":"https:\/\/www.webdo.tn\/fr\/wp-json\/wp\/v2\/posts"}],"about":[{"href":"https:\/\/www.webdo.tn\/fr\/wp-json\/wp\/v2\/types\/post"}],"author":[{"embeddable":true,"href":"https:\/\/www.webdo.tn\/fr\/wp-json\/wp\/v2\/users\/3175"}],"replies":[{"embeddable":true,"href":"https:\/\/www.webdo.tn\/fr\/wp-json\/wp\/v2\/comments?post=204397"}],"version-history":[{"count":0,"href":"https:\/\/www.webdo.tn\/fr\/wp-json\/wp\/v2\/posts\/204397\/revisions"}],"wp:featuredmedia":[{"embeddable":true,"href":"https:\/\/www.webdo.tn\/fr\/wp-json\/wp\/v2\/media\/251565"}],"wp:attachment":[{"href":"https:\/\/www.webdo.tn\/fr\/wp-json\/wp\/v2\/media?parent=204397"}],"wp:term":[{"taxonomy":"category","embeddable":true,"href":"https:\/\/www.webdo.tn\/fr\/wp-json\/wp\/v2\/categories?post=204397"},{"taxonomy":"post_tag","embeddable":true,"href":"https:\/\/www.webdo.tn\/fr\/wp-json\/wp\/v2\/tags?post=204397"}],"curies":[{"name":"wp","href":"https:\/\/api.w.org\/{rel}","templated":true}]}}