{"id":204379,"date":"2023-03-29T12:42:00","date_gmt":"2023-03-29T12:42:00","guid":{"rendered":"https:\/\/www.webdo.tn\/fr\/blog\/a-seulement-17-ans-myriam-oueslati-va-diriger-un-orchestre-au-theatre-municipal\/204379\/"},"modified":"2025-05-17T21:05:48","modified_gmt":"2025-05-17T21:05:48","slug":"a-seulement-17-ans-myriam-oueslati-va-diriger-un-orchestre-au-theatre-municipal","status":"publish","type":"post","link":"https:\/\/www.webdo.tn\/fr\/actualite\/culture\/a-seulement-17-ans-myriam-oueslati-va-diriger-un-orchestre-au-theatre-municipal\/204379\/","title":{"rendered":"A seulement 17 ans, Myriam Oueslati va diriger un orchestre au Th\u00e9\u00e2tre municipal"},"content":{"rendered":"<p>Elle n&rsquo;a que dix-sept ans et compte parmi les \u00e9l\u00e8ves du maestro Achref Bettibi. Membre de l&rsquo;Orchestre des jeunes solistes, Myriam Oueslati est \u00e9galement \u00e9l\u00e8ve de l&rsquo;\u00e9cole orchestrale des Solistes.<\/p>\n<p>\t\t\t\t\t\t\t\t\tElle est en passe de devenir la plus jeune cheffe d&rsquo;orchestre de Tunisie.<\/p>\n<p>En effet, elle suit en ce moment le stage de direction d&rsquo;orchestre encadr\u00e9 par le chef autrichien Manfred M\u00fcssauer et continue \u00e0 r\u00e9p\u00e9ter en perspective d&rsquo;un concert.<\/p>\n<p>Intitul\u00e9 \u00ab\u00a0Mozart and Friends\u00a0\u00bb, ce concert aura lieu le vendredi 31 mars au Th\u00e9\u00e2tre municipal de Tunis.<\/p>\n<p>Et c&rsquo;est \u00e0 cette occasion que la jeune Myriam Oueslati montera sur les planches pour diriger l&rsquo;orchestre. Une grande premi\u00e8re qui nous rappelle que la valeur n&rsquo;attend pas le nombre des ann\u00e9es.<\/p>\n<p>Bravo \u00e0 la plus jeune cheffe de Tunisie et bonne continuation dans ses apprentissages.<\/p>\n","protected":false},"excerpt":{"rendered":"<p>Elle n&rsquo;a que dix-sept ans et compte parmi les \u00e9l\u00e8ves du maestro Achref Bettibi. Membre de l&rsquo;Orchestre des jeunes solistes, Myriam Oueslati est \u00e9galement \u00e9l\u00e8ve d&#8230;<\/p>\n","protected":false},"author":3229,"featured_media":277983,"comment_status":"open","ping_status":"closed","sticky":false,"template":"","format":"standard","meta":{"footnotes":""},"categories":[2594],"tags":[9418,9419],"class_list":["post-204379","post","type-post","status-publish","format-standard","has-post-thumbnail","hentry","category-culture","tag-chef-dorchestre","tag-myriam-oueslati"],"yoast_head":"<!-- This site is optimized with the Yoast SEO Premium plugin v27.5 (Yoast SEO v27.5) - https:\/\/yoast.com\/product\/yoast-seo-premium-wordpress\/ -->\n<title>A seulement 17 ans, Myriam Oueslati va diriger un orchestre au Th\u00e9\u00e2tre municipal<\/title>\n<meta name=\"description\" content=\"Elle n&#039;a que dix-sept ans et compte parmi les \u00e9l\u00e8ves du maestro Achref Bettibi. Membre de l&#039;Orchestre des jeunes solistes, Myriam Oueslati est \u00e9galement \u00e9l\u00e8ve d...\" \/>\n<link rel=\"canonical\" href=\"https:\/\/www.webdo.tn\/fr\/actualite\/culture\/a-seulement-17-ans-myriam-oueslati-va-diriger-un-orchestre-au-theatre-municipal\/204379\/\" \/>\n<meta property=\"og:locale\" content=\"fr_FR\" \/>\n<meta property=\"og:type\" content=\"article\" \/>\n<meta property=\"og:title\" content=\"A seulement 17 ans, Myriam Oueslati va diriger un orchestre au Th\u00e9\u00e2tre municipal\" \/>\n<meta property=\"og:description\" content=\"Elle n&#039;a que dix-sept ans et compte parmi les \u00e9l\u00e8ves du maestro Achref Bettibi. Membre de l&#039;Orchestre des jeunes solistes, Myriam Oueslati est \u00e9galement \u00e9l\u00e8ve d...\" \/>\n<meta property=\"og:url\" content=\"https:\/\/www.webdo.tn\/fr\/actualite\/culture\/a-seulement-17-ans-myriam-oueslati-va-diriger-un-orchestre-au-theatre-municipal\/204379\/\" \/>\n<meta property=\"og:site_name\" content=\"webdo\" \/>\n<meta property=\"article:publisher\" content=\"https:\/\/www.facebook.com\/webdotn\" \/>\n<meta property=\"article:author\" content=\"https:\/\/www.facebook.com\/hatem.bourial.2025\" \/>\n<meta property=\"article:published_time\" content=\"2023-03-29T12:42:00+00:00\" \/>\n<meta property=\"article:modified_time\" content=\"2025-05-17T21:05:48+00:00\" \/>\n<meta property=\"og:image\" content=\"https:\/\/www.webdo.tn\/fr\/wp-content\/uploads\/2023\/03\/e7b0e8b290b61fd24a11a75e1d50ea78.jpg\" \/>\n\t<meta property=\"og:image:width\" content=\"750\" \/>\n\t<meta property=\"og:image:height\" content=\"400\" \/>\n\t<meta property=\"og:image:type\" content=\"image\/jpeg\" \/>\n<meta name=\"author\" content=\"Hatem Bourial\" \/>\n<meta name=\"twitter:card\" content=\"summary_large_image\" \/>\n<meta name=\"twitter:creator\" content=\"@webdo_tn\" \/>\n<meta name=\"twitter:site\" content=\"@webdo_tn\" \/>\n<meta name=\"twitter:label1\" content=\"\u00c9crit par\" \/>\n\t<meta name=\"twitter:data1\" content=\"Hatem Bourial\" \/>\n\t<meta name=\"twitter:label2\" content=\"Dur\u00e9e de lecture estim\u00e9e\" \/>\n\t<meta name=\"twitter:data2\" content=\"1 minute\" \/>\n<script type=\"application\/ld+json\" class=\"yoast-schema-graph\">{\"@context\":\"https:\\\/\\\/schema.org\",\"@graph\":[{\"@type\":\"NewsArticle\",\"@id\":\"https:\\\/\\\/www.webdo.tn\\\/fr\\\/actualite\\\/culture\\\/a-seulement-17-ans-myriam-oueslati-va-diriger-un-orchestre-au-theatre-municipal\\\/204379\\\/#article\",\"isPartOf\":{\"@id\":\"https:\\\/\\\/www.webdo.tn\\\/fr\\\/actualite\\\/culture\\\/a-seulement-17-ans-myriam-oueslati-va-diriger-un-orchestre-au-theatre-municipal\\\/204379\\\/\"},\"author\":{\"name\":\"Hatem Bourial\",\"@id\":\"https:\\\/\\\/www.webdo.tn\\\/fr\\\/#\\\/schema\\\/person\\\/6bc0beba2cd23aec27cb5df85ca2554f\"},\"headline\":\"A seulement 17 ans, Myriam Oueslati va diriger un orchestre au Th\u00e9\u00e2tre municipal\",\"datePublished\":\"2023-03-29T12:42:00+00:00\",\"dateModified\":\"2025-05-17T21:05:48+00:00\",\"mainEntityOfPage\":{\"@id\":\"https:\\\/\\\/www.webdo.tn\\\/fr\\\/actualite\\\/culture\\\/a-seulement-17-ans-myriam-oueslati-va-diriger-un-orchestre-au-theatre-municipal\\\/204379\\\/\"},\"wordCount\":159,\"commentCount\":0,\"publisher\":{\"@id\":\"https:\\\/\\\/www.webdo.tn\\\/fr\\\/#organization\"},\"image\":{\"@id\":\"https:\\\/\\\/www.webdo.tn\\\/fr\\\/actualite\\\/culture\\\/a-seulement-17-ans-myriam-oueslati-va-diriger-un-orchestre-au-theatre-municipal\\\/204379\\\/#primaryimage\"},\"thumbnailUrl\":\"https:\\\/\\\/www.webdo.tn\\\/fr\\\/wp-content\\\/uploads\\\/2023\\\/03\\\/e7b0e8b290b61fd24a11a75e1d50ea78.jpg\",\"keywords\":[\"chef d'orchestre\",\"Myriam Oueslati\"],\"articleSection\":[\"Culture\"],\"inLanguage\":\"fr-FR\"},{\"@type\":\"WebPage\",\"@id\":\"https:\\\/\\\/www.webdo.tn\\\/fr\\\/actualite\\\/culture\\\/a-seulement-17-ans-myriam-oueslati-va-diriger-un-orchestre-au-theatre-municipal\\\/204379\\\/\",\"url\":\"https:\\\/\\\/www.webdo.tn\\\/fr\\\/actualite\\\/culture\\\/a-seulement-17-ans-myriam-oueslati-va-diriger-un-orchestre-au-theatre-municipal\\\/204379\\\/\",\"name\":\"A seulement 17 ans, Myriam Oueslati va diriger un orchestre au Th\u00e9\u00e2tre municipal\",\"isPartOf\":{\"@id\":\"https:\\\/\\\/www.webdo.tn\\\/fr\\\/#website\"},\"primaryImageOfPage\":{\"@id\":\"https:\\\/\\\/www.webdo.tn\\\/fr\\\/actualite\\\/culture\\\/a-seulement-17-ans-myriam-oueslati-va-diriger-un-orchestre-au-theatre-municipal\\\/204379\\\/#primaryimage\"},\"image\":{\"@id\":\"https:\\\/\\\/www.webdo.tn\\\/fr\\\/actualite\\\/culture\\\/a-seulement-17-ans-myriam-oueslati-va-diriger-un-orchestre-au-theatre-municipal\\\/204379\\\/#primaryimage\"},\"thumbnailUrl\":\"https:\\\/\\\/www.webdo.tn\\\/fr\\\/wp-content\\\/uploads\\\/2023\\\/03\\\/e7b0e8b290b61fd24a11a75e1d50ea78.jpg\",\"datePublished\":\"2023-03-29T12:42:00+00:00\",\"dateModified\":\"2025-05-17T21:05:48+00:00\",\"description\":\"Elle n'a que dix-sept ans et compte parmi les \u00e9l\u00e8ves du maestro Achref Bettibi. Membre de l'Orchestre des jeunes solistes, Myriam Oueslati est \u00e9galement \u00e9l\u00e8ve d...\",\"breadcrumb\":{\"@id\":\"https:\\\/\\\/www.webdo.tn\\\/fr\\\/actualite\\\/culture\\\/a-seulement-17-ans-myriam-oueslati-va-diriger-un-orchestre-au-theatre-municipal\\\/204379\\\/#breadcrumb\"},\"inLanguage\":\"fr-FR\",\"potentialAction\":[{\"@type\":\"ReadAction\",\"target\":[\"https:\\\/\\\/www.webdo.tn\\\/fr\\\/actualite\\\/culture\\\/a-seulement-17-ans-myriam-oueslati-va-diriger-un-orchestre-au-theatre-municipal\\\/204379\\\/\"]}]},{\"@type\":\"ImageObject\",\"inLanguage\":\"fr-FR\",\"@id\":\"https:\\\/\\\/www.webdo.tn\\\/fr\\\/actualite\\\/culture\\\/a-seulement-17-ans-myriam-oueslati-va-diriger-un-orchestre-au-theatre-municipal\\\/204379\\\/#primaryimage\",\"url\":\"https:\\\/\\\/www.webdo.tn\\\/fr\\\/wp-content\\\/uploads\\\/2023\\\/03\\\/e7b0e8b290b61fd24a11a75e1d50ea78.jpg\",\"contentUrl\":\"https:\\\/\\\/www.webdo.tn\\\/fr\\\/wp-content\\\/uploads\\\/2023\\\/03\\\/e7b0e8b290b61fd24a11a75e1d50ea78.jpg\",\"width\":750,\"height\":400,\"caption\":\"A seulement 17 ans, Myriam Oueslati va diriger un orchestre au Th\u00e9\u00e2tre municipal\"},{\"@type\":\"BreadcrumbList\",\"@id\":\"https:\\\/\\\/www.webdo.tn\\\/fr\\\/actualite\\\/culture\\\/a-seulement-17-ans-myriam-oueslati-va-diriger-un-orchestre-au-theatre-municipal\\\/204379\\\/#breadcrumb\",\"itemListElement\":[{\"@type\":\"ListItem\",\"position\":1,\"name\":\"Accueil\",\"item\":\"https:\\\/\\\/www.webdo.tn\\\/fr\\\/\"},{\"@type\":\"ListItem\",\"position\":2,\"name\":\"A seulement 17 ans, Myriam Oueslati va diriger un orchestre au Th\u00e9\u00e2tre municipal\"}]},{\"@type\":\"WebSite\",\"@id\":\"https:\\\/\\\/www.webdo.tn\\\/fr\\\/#website\",\"url\":\"https:\\\/\\\/www.webdo.tn\\\/fr\\\/\",\"name\":\"webdo\",\"description\":\"Tunisie - News en Tunisie et \u00e0 l&#039;international sur Webdo.tn\",\"publisher\":{\"@id\":\"https:\\\/\\\/www.webdo.tn\\\/fr\\\/#organization\"},\"potentialAction\":[{\"@type\":\"SearchAction\",\"target\":{\"@type\":\"EntryPoint\",\"urlTemplate\":\"https:\\\/\\\/www.webdo.tn\\\/fr\\\/?s={search_term_string}\"},\"query-input\":{\"@type\":\"PropertyValueSpecification\",\"valueRequired\":true,\"valueName\":\"search_term_string\"}}],\"inLanguage\":\"fr-FR\"},{\"@type\":\"Organization\",\"@id\":\"https:\\\/\\\/www.webdo.tn\\\/fr\\\/#organization\",\"name\":\"Webdo\",\"alternateName\":\"Webdo.tn\",\"url\":\"https:\\\/\\\/www.webdo.tn\\\/fr\\\/\",\"logo\":{\"@type\":\"ImageObject\",\"inLanguage\":\"fr-FR\",\"@id\":\"https:\\\/\\\/www.webdo.tn\\\/fr\\\/#\\\/schema\\\/logo\\\/image\\\/\",\"url\":\"https:\\\/\\\/www.webdo.tn\\\/fr\\\/wp-content\\\/uploads\\\/2025\\\/06\\\/Webdo-Tunisie_168377.jpg\",\"contentUrl\":\"https:\\\/\\\/www.webdo.tn\\\/fr\\\/wp-content\\\/uploads\\\/2025\\\/06\\\/Webdo-Tunisie_168377.jpg\",\"width\":301,\"height\":301,\"caption\":\"Webdo\"},\"image\":{\"@id\":\"https:\\\/\\\/www.webdo.tn\\\/fr\\\/#\\\/schema\\\/logo\\\/image\\\/\"},\"sameAs\":[\"https:\\\/\\\/www.facebook.com\\\/webdotn\",\"https:\\\/\\\/x.com\\\/webdo_tn\"],\"description\":\"Webdo est un m\u00e9dia num\u00e9rique tunisien fond\u00e9 en 2010, sp\u00e9cialis\u00e9 dans l\u2019actualit\u00e9 nationale et internationale, l\u2019\u00e9conomie, la soci\u00e9t\u00e9 et les analyses politiques. Le site s\u2019adresse \u00e0 un large public francophone et couvre l\u2019information tunisienne en temps r\u00e9el.\",\"email\":\"redac@webdo.tn\",\"legalName\":\"YNJ SARL\",\"foundingDate\":\"2010-09-06\",\"numberOfEmployees\":{\"@type\":\"QuantitativeValue\",\"minValue\":\"11\",\"maxValue\":\"50\"}},{\"@type\":\"Person\",\"@id\":\"https:\\\/\\\/www.webdo.tn\\\/fr\\\/#\\\/schema\\\/person\\\/6bc0beba2cd23aec27cb5df85ca2554f\",\"name\":\"Hatem Bourial\",\"image\":{\"@type\":\"ImageObject\",\"inLanguage\":\"fr-FR\",\"@id\":\"https:\\\/\\\/www.webdo.tn\\\/fr\\\/wp-content\\\/uploads\\\/2026\\\/04\\\/hatem-bourial_avatar-96x96.jpg\",\"url\":\"https:\\\/\\\/www.webdo.tn\\\/fr\\\/wp-content\\\/uploads\\\/2026\\\/04\\\/hatem-bourial_avatar-96x96.jpg\",\"contentUrl\":\"https:\\\/\\\/www.webdo.tn\\\/fr\\\/wp-content\\\/uploads\\\/2026\\\/04\\\/hatem-bourial_avatar-96x96.jpg\",\"caption\":\"Hatem Bourial\"},\"description\":\"Hatem Bourial est journaliste, \u00e9crivain et chroniqueur tunisien. Actif depuis plusieurs d\u00e9cennies, il s\u2019est impos\u00e9 comme un observateur attentif de la soci\u00e9t\u00e9 tunisienne, m\u00ealant dans ses \u00e9crits m\u00e9moire, culture et analyse du quotidien. Auteur de nombreux ouvrages, il d\u00e9veloppe une \u0153uvre \u00e0 la crois\u00e9e du r\u00e9cit, de la po\u00e9sie et de l\u2019observation sociologique. Parall\u00e8lement \u00e0 ses contributions dans la presse, il intervient r\u00e9guli\u00e8rement \u00e0 la radio et dans des espaces culturels, o\u00f9 il explore les enjeux li\u00e9s au patrimoine, \u00e0 l\u2019identit\u00e9 et aux transformations du monde contemporain. \u00c0 travers ses chroniques, Hatem Bourial propose une lecture sensible et approfondie de l\u2019actualit\u00e9, nourrie par une exp\u00e9rience journalistique et litt\u00e9raire reconnue. \ud83d\udd17 Facebook : https:\\\/\\\/www.facebook.com\\\/hatem.bourial.2025\",\"sameAs\":[\"https:\\\/\\\/www.facebook.com\\\/hatem.bourial.2025\",\"https:\\\/\\\/fr.wikipedia.org\\\/wiki\\\/Fichier:Hatem_Bourial.jpg\"],\"knowsAbout\":[\"Culture & patrimoine tunisien\",\"Chronique soci\u00e9tale\",\"Litt\u00e9rature & m\u00e9moire\",\"Cin\u00e9ma & critique culturelle\",\"Identit\u00e9 & mutations sociales\"],\"knowsLanguage\":[\"Arabe\",\"Fran\u00e7ais\",\"Anglais\",\"Italien\",\"Polonais\"],\"jobTitle\":\"Journaliste, \u00e9crivain et chroniqueur culturel\",\"worksFor\":\"Webdo\",\"url\":\"https:\\\/\\\/www.webdo.tn\\\/fr\\\/actualite\\\/author\\\/hatem-bourial-2\\\/\"}]}<\/script>\n<!-- \/ Yoast SEO Premium plugin. -->","yoast_head_json":{"title":"A seulement 17 ans, Myriam Oueslati va diriger un orchestre au Th\u00e9\u00e2tre municipal","description":"Elle n'a que dix-sept ans et compte parmi les \u00e9l\u00e8ves du maestro Achref Bettibi. Membre de l'Orchestre des jeunes solistes, Myriam Oueslati est \u00e9galement \u00e9l\u00e8ve d...","canonical":"https:\/\/www.webdo.tn\/fr\/actualite\/culture\/a-seulement-17-ans-myriam-oueslati-va-diriger-un-orchestre-au-theatre-municipal\/204379\/","og_locale":"fr_FR","og_type":"article","og_title":"A seulement 17 ans, Myriam Oueslati va diriger un orchestre au Th\u00e9\u00e2tre municipal","og_description":"Elle n'a que dix-sept ans et compte parmi les \u00e9l\u00e8ves du maestro Achref Bettibi. Membre de l'Orchestre des jeunes solistes, Myriam Oueslati est \u00e9galement \u00e9l\u00e8ve d...","og_url":"https:\/\/www.webdo.tn\/fr\/actualite\/culture\/a-seulement-17-ans-myriam-oueslati-va-diriger-un-orchestre-au-theatre-municipal\/204379\/","og_site_name":"webdo","article_publisher":"https:\/\/www.facebook.com\/webdotn","article_author":"https:\/\/www.facebook.com\/hatem.bourial.2025","article_published_time":"2023-03-29T12:42:00+00:00","article_modified_time":"2025-05-17T21:05:48+00:00","og_image":[{"width":750,"height":400,"url":"https:\/\/www.webdo.tn\/fr\/wp-content\/uploads\/2023\/03\/e7b0e8b290b61fd24a11a75e1d50ea78.jpg","type":"image\/jpeg"}],"author":"Hatem Bourial","twitter_card":"summary_large_image","twitter_creator":"@webdo_tn","twitter_site":"@webdo_tn","twitter_misc":{"\u00c9crit par":"Hatem Bourial","Dur\u00e9e de lecture estim\u00e9e":"1 minute"},"schema":{"@context":"https:\/\/schema.org","@graph":[{"@type":"NewsArticle","@id":"https:\/\/www.webdo.tn\/fr\/actualite\/culture\/a-seulement-17-ans-myriam-oueslati-va-diriger-un-orchestre-au-theatre-municipal\/204379\/#article","isPartOf":{"@id":"https:\/\/www.webdo.tn\/fr\/actualite\/culture\/a-seulement-17-ans-myriam-oueslati-va-diriger-un-orchestre-au-theatre-municipal\/204379\/"},"author":{"name":"Hatem Bourial","@id":"https:\/\/www.webdo.tn\/fr\/#\/schema\/person\/6bc0beba2cd23aec27cb5df85ca2554f"},"headline":"A seulement 17 ans, Myriam Oueslati va diriger un orchestre au Th\u00e9\u00e2tre municipal","datePublished":"2023-03-29T12:42:00+00:00","dateModified":"2025-05-17T21:05:48+00:00","mainEntityOfPage":{"@id":"https:\/\/www.webdo.tn\/fr\/actualite\/culture\/a-seulement-17-ans-myriam-oueslati-va-diriger-un-orchestre-au-theatre-municipal\/204379\/"},"wordCount":159,"commentCount":0,"publisher":{"@id":"https:\/\/www.webdo.tn\/fr\/#organization"},"image":{"@id":"https:\/\/www.webdo.tn\/fr\/actualite\/culture\/a-seulement-17-ans-myriam-oueslati-va-diriger-un-orchestre-au-theatre-municipal\/204379\/#primaryimage"},"thumbnailUrl":"https:\/\/www.webdo.tn\/fr\/wp-content\/uploads\/2023\/03\/e7b0e8b290b61fd24a11a75e1d50ea78.jpg","keywords":["chef d'orchestre","Myriam Oueslati"],"articleSection":["Culture"],"inLanguage":"fr-FR"},{"@type":"WebPage","@id":"https:\/\/www.webdo.tn\/fr\/actualite\/culture\/a-seulement-17-ans-myriam-oueslati-va-diriger-un-orchestre-au-theatre-municipal\/204379\/","url":"https:\/\/www.webdo.tn\/fr\/actualite\/culture\/a-seulement-17-ans-myriam-oueslati-va-diriger-un-orchestre-au-theatre-municipal\/204379\/","name":"A seulement 17 ans, Myriam Oueslati va diriger un orchestre au Th\u00e9\u00e2tre municipal","isPartOf":{"@id":"https:\/\/www.webdo.tn\/fr\/#website"},"primaryImageOfPage":{"@id":"https:\/\/www.webdo.tn\/fr\/actualite\/culture\/a-seulement-17-ans-myriam-oueslati-va-diriger-un-orchestre-au-theatre-municipal\/204379\/#primaryimage"},"image":{"@id":"https:\/\/www.webdo.tn\/fr\/actualite\/culture\/a-seulement-17-ans-myriam-oueslati-va-diriger-un-orchestre-au-theatre-municipal\/204379\/#primaryimage"},"thumbnailUrl":"https:\/\/www.webdo.tn\/fr\/wp-content\/uploads\/2023\/03\/e7b0e8b290b61fd24a11a75e1d50ea78.jpg","datePublished":"2023-03-29T12:42:00+00:00","dateModified":"2025-05-17T21:05:48+00:00","description":"Elle n'a que dix-sept ans et compte parmi les \u00e9l\u00e8ves du maestro Achref Bettibi. Membre de l'Orchestre des jeunes solistes, Myriam Oueslati est \u00e9galement \u00e9l\u00e8ve d...","breadcrumb":{"@id":"https:\/\/www.webdo.tn\/fr\/actualite\/culture\/a-seulement-17-ans-myriam-oueslati-va-diriger-un-orchestre-au-theatre-municipal\/204379\/#breadcrumb"},"inLanguage":"fr-FR","potentialAction":[{"@type":"ReadAction","target":["https:\/\/www.webdo.tn\/fr\/actualite\/culture\/a-seulement-17-ans-myriam-oueslati-va-diriger-un-orchestre-au-theatre-municipal\/204379\/"]}]},{"@type":"ImageObject","inLanguage":"fr-FR","@id":"https:\/\/www.webdo.tn\/fr\/actualite\/culture\/a-seulement-17-ans-myriam-oueslati-va-diriger-un-orchestre-au-theatre-municipal\/204379\/#primaryimage","url":"https:\/\/www.webdo.tn\/fr\/wp-content\/uploads\/2023\/03\/e7b0e8b290b61fd24a11a75e1d50ea78.jpg","contentUrl":"https:\/\/www.webdo.tn\/fr\/wp-content\/uploads\/2023\/03\/e7b0e8b290b61fd24a11a75e1d50ea78.jpg","width":750,"height":400,"caption":"A seulement 17 ans, Myriam Oueslati va diriger un orchestre au Th\u00e9\u00e2tre municipal"},{"@type":"BreadcrumbList","@id":"https:\/\/www.webdo.tn\/fr\/actualite\/culture\/a-seulement-17-ans-myriam-oueslati-va-diriger-un-orchestre-au-theatre-municipal\/204379\/#breadcrumb","itemListElement":[{"@type":"ListItem","position":1,"name":"Accueil","item":"https:\/\/www.webdo.tn\/fr\/"},{"@type":"ListItem","position":2,"name":"A seulement 17 ans, Myriam Oueslati va diriger un orchestre au Th\u00e9\u00e2tre municipal"}]},{"@type":"WebSite","@id":"https:\/\/www.webdo.tn\/fr\/#website","url":"https:\/\/www.webdo.tn\/fr\/","name":"webdo","description":"Tunisie - News en Tunisie et \u00e0 l&#039;international sur Webdo.tn","publisher":{"@id":"https:\/\/www.webdo.tn\/fr\/#organization"},"potentialAction":[{"@type":"SearchAction","target":{"@type":"EntryPoint","urlTemplate":"https:\/\/www.webdo.tn\/fr\/?s={search_term_string}"},"query-input":{"@type":"PropertyValueSpecification","valueRequired":true,"valueName":"search_term_string"}}],"inLanguage":"fr-FR"},{"@type":"Organization","@id":"https:\/\/www.webdo.tn\/fr\/#organization","name":"Webdo","alternateName":"Webdo.tn","url":"https:\/\/www.webdo.tn\/fr\/","logo":{"@type":"ImageObject","inLanguage":"fr-FR","@id":"https:\/\/www.webdo.tn\/fr\/#\/schema\/logo\/image\/","url":"https:\/\/www.webdo.tn\/fr\/wp-content\/uploads\/2025\/06\/Webdo-Tunisie_168377.jpg","contentUrl":"https:\/\/www.webdo.tn\/fr\/wp-content\/uploads\/2025\/06\/Webdo-Tunisie_168377.jpg","width":301,"height":301,"caption":"Webdo"},"image":{"@id":"https:\/\/www.webdo.tn\/fr\/#\/schema\/logo\/image\/"},"sameAs":["https:\/\/www.facebook.com\/webdotn","https:\/\/x.com\/webdo_tn"],"description":"Webdo est un m\u00e9dia num\u00e9rique tunisien fond\u00e9 en 2010, sp\u00e9cialis\u00e9 dans l\u2019actualit\u00e9 nationale et internationale, l\u2019\u00e9conomie, la soci\u00e9t\u00e9 et les analyses politiques. Le site s\u2019adresse \u00e0 un large public francophone et couvre l\u2019information tunisienne en temps r\u00e9el.","email":"redac@webdo.tn","legalName":"YNJ SARL","foundingDate":"2010-09-06","numberOfEmployees":{"@type":"QuantitativeValue","minValue":"11","maxValue":"50"}},{"@type":"Person","@id":"https:\/\/www.webdo.tn\/fr\/#\/schema\/person\/6bc0beba2cd23aec27cb5df85ca2554f","name":"Hatem Bourial","image":{"@type":"ImageObject","inLanguage":"fr-FR","@id":"https:\/\/www.webdo.tn\/fr\/wp-content\/uploads\/2026\/04\/hatem-bourial_avatar-96x96.jpg","url":"https:\/\/www.webdo.tn\/fr\/wp-content\/uploads\/2026\/04\/hatem-bourial_avatar-96x96.jpg","contentUrl":"https:\/\/www.webdo.tn\/fr\/wp-content\/uploads\/2026\/04\/hatem-bourial_avatar-96x96.jpg","caption":"Hatem Bourial"},"description":"Hatem Bourial est journaliste, \u00e9crivain et chroniqueur tunisien. Actif depuis plusieurs d\u00e9cennies, il s\u2019est impos\u00e9 comme un observateur attentif de la soci\u00e9t\u00e9 tunisienne, m\u00ealant dans ses \u00e9crits m\u00e9moire, culture et analyse du quotidien. Auteur de nombreux ouvrages, il d\u00e9veloppe une \u0153uvre \u00e0 la crois\u00e9e du r\u00e9cit, de la po\u00e9sie et de l\u2019observation sociologique. Parall\u00e8lement \u00e0 ses contributions dans la presse, il intervient r\u00e9guli\u00e8rement \u00e0 la radio et dans des espaces culturels, o\u00f9 il explore les enjeux li\u00e9s au patrimoine, \u00e0 l\u2019identit\u00e9 et aux transformations du monde contemporain. \u00c0 travers ses chroniques, Hatem Bourial propose une lecture sensible et approfondie de l\u2019actualit\u00e9, nourrie par une exp\u00e9rience journalistique et litt\u00e9raire reconnue. \ud83d\udd17 Facebook : https:\/\/www.facebook.com\/hatem.bourial.2025","sameAs":["https:\/\/www.facebook.com\/hatem.bourial.2025","https:\/\/fr.wikipedia.org\/wiki\/Fichier:Hatem_Bourial.jpg"],"knowsAbout":["Culture & patrimoine tunisien","Chronique soci\u00e9tale","Litt\u00e9rature & m\u00e9moire","Cin\u00e9ma & critique culturelle","Identit\u00e9 & mutations sociales"],"knowsLanguage":["Arabe","Fran\u00e7ais","Anglais","Italien","Polonais"],"jobTitle":"Journaliste, \u00e9crivain et chroniqueur culturel","worksFor":"Webdo","url":"https:\/\/www.webdo.tn\/fr\/actualite\/author\/hatem-bourial-2\/"}]}},"_links":{"self":[{"href":"https:\/\/www.webdo.tn\/fr\/wp-json\/wp\/v2\/posts\/204379","targetHints":{"allow":["GET"]}}],"collection":[{"href":"https:\/\/www.webdo.tn\/fr\/wp-json\/wp\/v2\/posts"}],"about":[{"href":"https:\/\/www.webdo.tn\/fr\/wp-json\/wp\/v2\/types\/post"}],"author":[{"embeddable":true,"href":"https:\/\/www.webdo.tn\/fr\/wp-json\/wp\/v2\/users\/3229"}],"replies":[{"embeddable":true,"href":"https:\/\/www.webdo.tn\/fr\/wp-json\/wp\/v2\/comments?post=204379"}],"version-history":[{"count":0,"href":"https:\/\/www.webdo.tn\/fr\/wp-json\/wp\/v2\/posts\/204379\/revisions"}],"wp:featuredmedia":[{"embeddable":true,"href":"https:\/\/www.webdo.tn\/fr\/wp-json\/wp\/v2\/media\/277983"}],"wp:attachment":[{"href":"https:\/\/www.webdo.tn\/fr\/wp-json\/wp\/v2\/media?parent=204379"}],"wp:term":[{"taxonomy":"category","embeddable":true,"href":"https:\/\/www.webdo.tn\/fr\/wp-json\/wp\/v2\/categories?post=204379"},{"taxonomy":"post_tag","embeddable":true,"href":"https:\/\/www.webdo.tn\/fr\/wp-json\/wp\/v2\/tags?post=204379"}],"curies":[{"name":"wp","href":"https:\/\/api.w.org\/{rel}","templated":true}]}}