{"id":204375,"date":"2023-03-29T10:11:00","date_gmt":"2023-03-29T10:11:00","guid":{"rendered":"https:\/\/www.webdo.tn\/fr\/blog\/produits-de-peche-la-marge-beneficiaire-plafonnee-a-25\/204375\/"},"modified":"2025-05-20T22:01:17","modified_gmt":"2025-05-20T22:01:17","slug":"produits-de-peche-la-marge-beneficiaire-plafonnee-a-25","status":"publish","type":"post","link":"https:\/\/www.webdo.tn\/fr\/actualite\/national\/produits-de-peche-la-marge-beneficiaire-plafonnee-a-25\/204375\/","title":{"rendered":"Produits de la p\u00eache : La marge b\u00e9n\u00e9ficiaire plafonn\u00e9e \u00e0 25%"},"content":{"rendered":"<p>Le minist\u00e8re du Commerce plafonne la marge b\u00e9n\u00e9ficiaire pour les produits de la p\u00eache.<\/p>\n<p>\t\t\t\t\t\t\t\t\tLe minist\u00e8re du Commerce a annonc\u00e9, dans un communiqu\u00e9 publi\u00e9 ce mercredi 29 mars 2023 sur sa page facebook, que la marge b\u00e9n\u00e9ficiaire pour la vente des produits de p\u00eache au d\u00e9tail a \u00e9t\u00e9 plafonn\u00e9e \u00e0 25%.<\/p>\n<p>Cette mesure a pour objectif de prot\u00e9ger le pouvoir d\u2019achat des consommateurs durant le mois de Ramadan, explique le minist\u00e8re du Commerce.<\/p>\n","protected":false},"excerpt":{"rendered":"<p>Le minist\u00e8re du Commerce plafonne la marge b\u00e9n\u00e9ficiaire pour les produits de la p\u00eache.<\/p>\n","protected":false},"author":3162,"featured_media":251584,"comment_status":"open","ping_status":"closed","sticky":false,"template":"","format":"standard","meta":{"footnotes":""},"categories":[44],"tags":[7171,3477],"class_list":["post-204375","post","type-post","status-publish","format-standard","has-post-thumbnail","hentry","category-national","tag-marge","tag-peche"],"yoast_head":"<!-- This site is optimized with the Yoast SEO Premium plugin v27.5 (Yoast SEO v27.5) - https:\/\/yoast.com\/product\/yoast-seo-premium-wordpress\/ -->\n<title>Produits de la p\u00eache : La marge b\u00e9n\u00e9ficiaire plafonn\u00e9e \u00e0 25%<\/title>\n<meta name=\"description\" content=\"Le minist\u00e8re du Commerce plafonne la marge b\u00e9n\u00e9ficiaire pour les produits de la p\u00eache.\" \/>\n<link rel=\"canonical\" href=\"https:\/\/www.webdo.tn\/fr\/actualite\/national\/produits-de-peche-la-marge-beneficiaire-plafonnee-a-25\/204375\/\" \/>\n<meta property=\"og:locale\" content=\"fr_FR\" \/>\n<meta property=\"og:type\" content=\"article\" \/>\n<meta property=\"og:title\" content=\"Produits de la p\u00eache : La marge b\u00e9n\u00e9ficiaire plafonn\u00e9e \u00e0 25%\" \/>\n<meta property=\"og:description\" content=\"Le minist\u00e8re du Commerce plafonne la marge b\u00e9n\u00e9ficiaire pour les produits de la p\u00eache.\" \/>\n<meta property=\"og:url\" content=\"https:\/\/www.webdo.tn\/fr\/actualite\/national\/produits-de-peche-la-marge-beneficiaire-plafonnee-a-25\/204375\/\" \/>\n<meta property=\"og:site_name\" content=\"webdo\" \/>\n<meta property=\"article:publisher\" content=\"https:\/\/www.facebook.com\/webdotn\" \/>\n<meta property=\"article:published_time\" content=\"2023-03-29T10:11:00+00:00\" \/>\n<meta property=\"article:modified_time\" content=\"2025-05-20T22:01:17+00:00\" \/>\n<meta property=\"og:image\" content=\"https:\/\/www.webdo.tn\/fr\/wp-content\/uploads\/2023\/03\/9a919208ca2ad17dfd0d56ed1fb90810.jpg\" \/>\n\t<meta property=\"og:image:width\" content=\"750\" \/>\n\t<meta property=\"og:image:height\" content=\"400\" \/>\n\t<meta property=\"og:image:type\" content=\"image\/jpeg\" \/>\n<meta name=\"author\" content=\"MC\" \/>\n<meta name=\"twitter:card\" content=\"summary_large_image\" \/>\n<meta name=\"twitter:creator\" content=\"@webdo_tn\" \/>\n<meta name=\"twitter:site\" content=\"@webdo_tn\" \/>\n<meta name=\"twitter:label1\" content=\"\u00c9crit par\" \/>\n\t<meta name=\"twitter:data1\" content=\"MC\" \/>\n<script type=\"application\/ld+json\" class=\"yoast-schema-graph\">{\"@context\":\"https:\\\/\\\/schema.org\",\"@graph\":[{\"@type\":\"NewsArticle\",\"@id\":\"https:\\\/\\\/www.webdo.tn\\\/fr\\\/actualite\\\/national\\\/produits-de-peche-la-marge-beneficiaire-plafonnee-a-25\\\/204375\\\/#article\",\"isPartOf\":{\"@id\":\"https:\\\/\\\/www.webdo.tn\\\/fr\\\/actualite\\\/national\\\/produits-de-peche-la-marge-beneficiaire-plafonnee-a-25\\\/204375\\\/\"},\"author\":{\"name\":\"MC\",\"@id\":\"https:\\\/\\\/www.webdo.tn\\\/fr\\\/#\\\/schema\\\/person\\\/2c4929cbf5a809e3bd38617c6ce150f6\"},\"headline\":\"Produits de la p\u00eache : La marge b\u00e9n\u00e9ficiaire plafonn\u00e9e \u00e0 25%\",\"datePublished\":\"2023-03-29T10:11:00+00:00\",\"dateModified\":\"2025-05-20T22:01:17+00:00\",\"mainEntityOfPage\":{\"@id\":\"https:\\\/\\\/www.webdo.tn\\\/fr\\\/actualite\\\/national\\\/produits-de-peche-la-marge-beneficiaire-plafonnee-a-25\\\/204375\\\/\"},\"wordCount\":94,\"commentCount\":0,\"publisher\":{\"@id\":\"https:\\\/\\\/www.webdo.tn\\\/fr\\\/#organization\"},\"image\":{\"@id\":\"https:\\\/\\\/www.webdo.tn\\\/fr\\\/actualite\\\/national\\\/produits-de-peche-la-marge-beneficiaire-plafonnee-a-25\\\/204375\\\/#primaryimage\"},\"thumbnailUrl\":\"https:\\\/\\\/www.webdo.tn\\\/fr\\\/wp-content\\\/uploads\\\/2023\\\/03\\\/9a919208ca2ad17dfd0d56ed1fb90810.jpg\",\"keywords\":[\"marge\",\"p\u00eache\"],\"articleSection\":[\"National\"],\"inLanguage\":\"fr-FR\"},{\"@type\":\"WebPage\",\"@id\":\"https:\\\/\\\/www.webdo.tn\\\/fr\\\/actualite\\\/national\\\/produits-de-peche-la-marge-beneficiaire-plafonnee-a-25\\\/204375\\\/\",\"url\":\"https:\\\/\\\/www.webdo.tn\\\/fr\\\/actualite\\\/national\\\/produits-de-peche-la-marge-beneficiaire-plafonnee-a-25\\\/204375\\\/\",\"name\":\"Produits de la p\u00eache : La marge b\u00e9n\u00e9ficiaire plafonn\u00e9e \u00e0 25%\",\"isPartOf\":{\"@id\":\"https:\\\/\\\/www.webdo.tn\\\/fr\\\/#website\"},\"primaryImageOfPage\":{\"@id\":\"https:\\\/\\\/www.webdo.tn\\\/fr\\\/actualite\\\/national\\\/produits-de-peche-la-marge-beneficiaire-plafonnee-a-25\\\/204375\\\/#primaryimage\"},\"image\":{\"@id\":\"https:\\\/\\\/www.webdo.tn\\\/fr\\\/actualite\\\/national\\\/produits-de-peche-la-marge-beneficiaire-plafonnee-a-25\\\/204375\\\/#primaryimage\"},\"thumbnailUrl\":\"https:\\\/\\\/www.webdo.tn\\\/fr\\\/wp-content\\\/uploads\\\/2023\\\/03\\\/9a919208ca2ad17dfd0d56ed1fb90810.jpg\",\"datePublished\":\"2023-03-29T10:11:00+00:00\",\"dateModified\":\"2025-05-20T22:01:17+00:00\",\"description\":\"Le minist\u00e8re du Commerce plafonne la marge b\u00e9n\u00e9ficiaire pour les produits de la p\u00eache.\",\"breadcrumb\":{\"@id\":\"https:\\\/\\\/www.webdo.tn\\\/fr\\\/actualite\\\/national\\\/produits-de-peche-la-marge-beneficiaire-plafonnee-a-25\\\/204375\\\/#breadcrumb\"},\"inLanguage\":\"fr-FR\",\"potentialAction\":[{\"@type\":\"ReadAction\",\"target\":[\"https:\\\/\\\/www.webdo.tn\\\/fr\\\/actualite\\\/national\\\/produits-de-peche-la-marge-beneficiaire-plafonnee-a-25\\\/204375\\\/\"]}]},{\"@type\":\"ImageObject\",\"inLanguage\":\"fr-FR\",\"@id\":\"https:\\\/\\\/www.webdo.tn\\\/fr\\\/actualite\\\/national\\\/produits-de-peche-la-marge-beneficiaire-plafonnee-a-25\\\/204375\\\/#primaryimage\",\"url\":\"https:\\\/\\\/www.webdo.tn\\\/fr\\\/wp-content\\\/uploads\\\/2023\\\/03\\\/9a919208ca2ad17dfd0d56ed1fb90810.jpg\",\"contentUrl\":\"https:\\\/\\\/www.webdo.tn\\\/fr\\\/wp-content\\\/uploads\\\/2023\\\/03\\\/9a919208ca2ad17dfd0d56ed1fb90810.jpg\",\"width\":750,\"height\":400,\"caption\":\"Produits de la p\u00eache : La marge b\u00e9n\u00e9ficiaire plafonn\u00e9e \u00e0 25%\"},{\"@type\":\"BreadcrumbList\",\"@id\":\"https:\\\/\\\/www.webdo.tn\\\/fr\\\/actualite\\\/national\\\/produits-de-peche-la-marge-beneficiaire-plafonnee-a-25\\\/204375\\\/#breadcrumb\",\"itemListElement\":[{\"@type\":\"ListItem\",\"position\":1,\"name\":\"Accueil\",\"item\":\"https:\\\/\\\/www.webdo.tn\\\/fr\\\/\"},{\"@type\":\"ListItem\",\"position\":2,\"name\":\"Produits de la p\u00eache : La marge b\u00e9n\u00e9ficiaire plafonn\u00e9e \u00e0 25%\"}]},{\"@type\":\"WebSite\",\"@id\":\"https:\\\/\\\/www.webdo.tn\\\/fr\\\/#website\",\"url\":\"https:\\\/\\\/www.webdo.tn\\\/fr\\\/\",\"name\":\"webdo\",\"description\":\"Tunisie - News en Tunisie et \u00e0 l&#039;international sur Webdo.tn\",\"publisher\":{\"@id\":\"https:\\\/\\\/www.webdo.tn\\\/fr\\\/#organization\"},\"potentialAction\":[{\"@type\":\"SearchAction\",\"target\":{\"@type\":\"EntryPoint\",\"urlTemplate\":\"https:\\\/\\\/www.webdo.tn\\\/fr\\\/?s={search_term_string}\"},\"query-input\":{\"@type\":\"PropertyValueSpecification\",\"valueRequired\":true,\"valueName\":\"search_term_string\"}}],\"inLanguage\":\"fr-FR\"},{\"@type\":\"Organization\",\"@id\":\"https:\\\/\\\/www.webdo.tn\\\/fr\\\/#organization\",\"name\":\"Webdo\",\"alternateName\":\"Webdo.tn\",\"url\":\"https:\\\/\\\/www.webdo.tn\\\/fr\\\/\",\"logo\":{\"@type\":\"ImageObject\",\"inLanguage\":\"fr-FR\",\"@id\":\"https:\\\/\\\/www.webdo.tn\\\/fr\\\/#\\\/schema\\\/logo\\\/image\\\/\",\"url\":\"https:\\\/\\\/www.webdo.tn\\\/fr\\\/wp-content\\\/uploads\\\/2025\\\/06\\\/Webdo-Tunisie_168377.jpg\",\"contentUrl\":\"https:\\\/\\\/www.webdo.tn\\\/fr\\\/wp-content\\\/uploads\\\/2025\\\/06\\\/Webdo-Tunisie_168377.jpg\",\"width\":301,\"height\":301,\"caption\":\"Webdo\"},\"image\":{\"@id\":\"https:\\\/\\\/www.webdo.tn\\\/fr\\\/#\\\/schema\\\/logo\\\/image\\\/\"},\"sameAs\":[\"https:\\\/\\\/www.facebook.com\\\/webdotn\",\"https:\\\/\\\/x.com\\\/webdo_tn\"],\"description\":\"Webdo est un m\u00e9dia num\u00e9rique tunisien fond\u00e9 en 2010, sp\u00e9cialis\u00e9 dans l\u2019actualit\u00e9 nationale et internationale, l\u2019\u00e9conomie, la soci\u00e9t\u00e9 et les analyses politiques. Le site s\u2019adresse \u00e0 un large public francophone et couvre l\u2019information tunisienne en temps r\u00e9el.\",\"email\":\"redac@webdo.tn\",\"legalName\":\"YNJ SARL\",\"foundingDate\":\"2010-09-06\",\"numberOfEmployees\":{\"@type\":\"QuantitativeValue\",\"minValue\":\"11\",\"maxValue\":\"50\"}},{\"@type\":\"Person\",\"@id\":\"https:\\\/\\\/www.webdo.tn\\\/fr\\\/#\\\/schema\\\/person\\\/2c4929cbf5a809e3bd38617c6ce150f6\",\"name\":\"MC\",\"image\":{\"@type\":\"ImageObject\",\"inLanguage\":\"fr-FR\",\"@id\":\"https:\\\/\\\/secure.gravatar.com\\\/avatar\\\/a545bbb6f84efdd5553dbbc2895e3ca8f1d12c5215e00a041c9670b54aa9b18a?s=96&d=mm&r=g\",\"url\":\"https:\\\/\\\/secure.gravatar.com\\\/avatar\\\/a545bbb6f84efdd5553dbbc2895e3ca8f1d12c5215e00a041c9670b54aa9b18a?s=96&d=mm&r=g\",\"contentUrl\":\"https:\\\/\\\/secure.gravatar.com\\\/avatar\\\/a545bbb6f84efdd5553dbbc2895e3ca8f1d12c5215e00a041c9670b54aa9b18a?s=96&d=mm&r=g\",\"caption\":\"MC\"},\"url\":\"https:\\\/\\\/www.webdo.tn\\\/fr\\\/actualite\\\/author\\\/mc\\\/\"}]}<\/script>\n<!-- \/ Yoast SEO Premium plugin. -->","yoast_head_json":{"title":"Produits de la p\u00eache : La marge b\u00e9n\u00e9ficiaire plafonn\u00e9e \u00e0 25%","description":"Le minist\u00e8re du Commerce plafonne la marge b\u00e9n\u00e9ficiaire pour les produits de la p\u00eache.","canonical":"https:\/\/www.webdo.tn\/fr\/actualite\/national\/produits-de-peche-la-marge-beneficiaire-plafonnee-a-25\/204375\/","og_locale":"fr_FR","og_type":"article","og_title":"Produits de la p\u00eache : La marge b\u00e9n\u00e9ficiaire plafonn\u00e9e \u00e0 25%","og_description":"Le minist\u00e8re du Commerce plafonne la marge b\u00e9n\u00e9ficiaire pour les produits de la p\u00eache.","og_url":"https:\/\/www.webdo.tn\/fr\/actualite\/national\/produits-de-peche-la-marge-beneficiaire-plafonnee-a-25\/204375\/","og_site_name":"webdo","article_publisher":"https:\/\/www.facebook.com\/webdotn","article_published_time":"2023-03-29T10:11:00+00:00","article_modified_time":"2025-05-20T22:01:17+00:00","og_image":[{"width":750,"height":400,"url":"https:\/\/www.webdo.tn\/fr\/wp-content\/uploads\/2023\/03\/9a919208ca2ad17dfd0d56ed1fb90810.jpg","type":"image\/jpeg"}],"author":"MC","twitter_card":"summary_large_image","twitter_creator":"@webdo_tn","twitter_site":"@webdo_tn","twitter_misc":{"\u00c9crit par":"MC"},"schema":{"@context":"https:\/\/schema.org","@graph":[{"@type":"NewsArticle","@id":"https:\/\/www.webdo.tn\/fr\/actualite\/national\/produits-de-peche-la-marge-beneficiaire-plafonnee-a-25\/204375\/#article","isPartOf":{"@id":"https:\/\/www.webdo.tn\/fr\/actualite\/national\/produits-de-peche-la-marge-beneficiaire-plafonnee-a-25\/204375\/"},"author":{"name":"MC","@id":"https:\/\/www.webdo.tn\/fr\/#\/schema\/person\/2c4929cbf5a809e3bd38617c6ce150f6"},"headline":"Produits de la p\u00eache : La marge b\u00e9n\u00e9ficiaire plafonn\u00e9e \u00e0 25%","datePublished":"2023-03-29T10:11:00+00:00","dateModified":"2025-05-20T22:01:17+00:00","mainEntityOfPage":{"@id":"https:\/\/www.webdo.tn\/fr\/actualite\/national\/produits-de-peche-la-marge-beneficiaire-plafonnee-a-25\/204375\/"},"wordCount":94,"commentCount":0,"publisher":{"@id":"https:\/\/www.webdo.tn\/fr\/#organization"},"image":{"@id":"https:\/\/www.webdo.tn\/fr\/actualite\/national\/produits-de-peche-la-marge-beneficiaire-plafonnee-a-25\/204375\/#primaryimage"},"thumbnailUrl":"https:\/\/www.webdo.tn\/fr\/wp-content\/uploads\/2023\/03\/9a919208ca2ad17dfd0d56ed1fb90810.jpg","keywords":["marge","p\u00eache"],"articleSection":["National"],"inLanguage":"fr-FR"},{"@type":"WebPage","@id":"https:\/\/www.webdo.tn\/fr\/actualite\/national\/produits-de-peche-la-marge-beneficiaire-plafonnee-a-25\/204375\/","url":"https:\/\/www.webdo.tn\/fr\/actualite\/national\/produits-de-peche-la-marge-beneficiaire-plafonnee-a-25\/204375\/","name":"Produits de la p\u00eache : La marge b\u00e9n\u00e9ficiaire plafonn\u00e9e \u00e0 25%","isPartOf":{"@id":"https:\/\/www.webdo.tn\/fr\/#website"},"primaryImageOfPage":{"@id":"https:\/\/www.webdo.tn\/fr\/actualite\/national\/produits-de-peche-la-marge-beneficiaire-plafonnee-a-25\/204375\/#primaryimage"},"image":{"@id":"https:\/\/www.webdo.tn\/fr\/actualite\/national\/produits-de-peche-la-marge-beneficiaire-plafonnee-a-25\/204375\/#primaryimage"},"thumbnailUrl":"https:\/\/www.webdo.tn\/fr\/wp-content\/uploads\/2023\/03\/9a919208ca2ad17dfd0d56ed1fb90810.jpg","datePublished":"2023-03-29T10:11:00+00:00","dateModified":"2025-05-20T22:01:17+00:00","description":"Le minist\u00e8re du Commerce plafonne la marge b\u00e9n\u00e9ficiaire pour les produits de la p\u00eache.","breadcrumb":{"@id":"https:\/\/www.webdo.tn\/fr\/actualite\/national\/produits-de-peche-la-marge-beneficiaire-plafonnee-a-25\/204375\/#breadcrumb"},"inLanguage":"fr-FR","potentialAction":[{"@type":"ReadAction","target":["https:\/\/www.webdo.tn\/fr\/actualite\/national\/produits-de-peche-la-marge-beneficiaire-plafonnee-a-25\/204375\/"]}]},{"@type":"ImageObject","inLanguage":"fr-FR","@id":"https:\/\/www.webdo.tn\/fr\/actualite\/national\/produits-de-peche-la-marge-beneficiaire-plafonnee-a-25\/204375\/#primaryimage","url":"https:\/\/www.webdo.tn\/fr\/wp-content\/uploads\/2023\/03\/9a919208ca2ad17dfd0d56ed1fb90810.jpg","contentUrl":"https:\/\/www.webdo.tn\/fr\/wp-content\/uploads\/2023\/03\/9a919208ca2ad17dfd0d56ed1fb90810.jpg","width":750,"height":400,"caption":"Produits de la p\u00eache : La marge b\u00e9n\u00e9ficiaire plafonn\u00e9e \u00e0 25%"},{"@type":"BreadcrumbList","@id":"https:\/\/www.webdo.tn\/fr\/actualite\/national\/produits-de-peche-la-marge-beneficiaire-plafonnee-a-25\/204375\/#breadcrumb","itemListElement":[{"@type":"ListItem","position":1,"name":"Accueil","item":"https:\/\/www.webdo.tn\/fr\/"},{"@type":"ListItem","position":2,"name":"Produits de la p\u00eache : La marge b\u00e9n\u00e9ficiaire plafonn\u00e9e \u00e0 25%"}]},{"@type":"WebSite","@id":"https:\/\/www.webdo.tn\/fr\/#website","url":"https:\/\/www.webdo.tn\/fr\/","name":"webdo","description":"Tunisie - News en Tunisie et \u00e0 l&#039;international sur Webdo.tn","publisher":{"@id":"https:\/\/www.webdo.tn\/fr\/#organization"},"potentialAction":[{"@type":"SearchAction","target":{"@type":"EntryPoint","urlTemplate":"https:\/\/www.webdo.tn\/fr\/?s={search_term_string}"},"query-input":{"@type":"PropertyValueSpecification","valueRequired":true,"valueName":"search_term_string"}}],"inLanguage":"fr-FR"},{"@type":"Organization","@id":"https:\/\/www.webdo.tn\/fr\/#organization","name":"Webdo","alternateName":"Webdo.tn","url":"https:\/\/www.webdo.tn\/fr\/","logo":{"@type":"ImageObject","inLanguage":"fr-FR","@id":"https:\/\/www.webdo.tn\/fr\/#\/schema\/logo\/image\/","url":"https:\/\/www.webdo.tn\/fr\/wp-content\/uploads\/2025\/06\/Webdo-Tunisie_168377.jpg","contentUrl":"https:\/\/www.webdo.tn\/fr\/wp-content\/uploads\/2025\/06\/Webdo-Tunisie_168377.jpg","width":301,"height":301,"caption":"Webdo"},"image":{"@id":"https:\/\/www.webdo.tn\/fr\/#\/schema\/logo\/image\/"},"sameAs":["https:\/\/www.facebook.com\/webdotn","https:\/\/x.com\/webdo_tn"],"description":"Webdo est un m\u00e9dia num\u00e9rique tunisien fond\u00e9 en 2010, sp\u00e9cialis\u00e9 dans l\u2019actualit\u00e9 nationale et internationale, l\u2019\u00e9conomie, la soci\u00e9t\u00e9 et les analyses politiques. Le site s\u2019adresse \u00e0 un large public francophone et couvre l\u2019information tunisienne en temps r\u00e9el.","email":"redac@webdo.tn","legalName":"YNJ SARL","foundingDate":"2010-09-06","numberOfEmployees":{"@type":"QuantitativeValue","minValue":"11","maxValue":"50"}},{"@type":"Person","@id":"https:\/\/www.webdo.tn\/fr\/#\/schema\/person\/2c4929cbf5a809e3bd38617c6ce150f6","name":"MC","image":{"@type":"ImageObject","inLanguage":"fr-FR","@id":"https:\/\/secure.gravatar.com\/avatar\/a545bbb6f84efdd5553dbbc2895e3ca8f1d12c5215e00a041c9670b54aa9b18a?s=96&d=mm&r=g","url":"https:\/\/secure.gravatar.com\/avatar\/a545bbb6f84efdd5553dbbc2895e3ca8f1d12c5215e00a041c9670b54aa9b18a?s=96&d=mm&r=g","contentUrl":"https:\/\/secure.gravatar.com\/avatar\/a545bbb6f84efdd5553dbbc2895e3ca8f1d12c5215e00a041c9670b54aa9b18a?s=96&d=mm&r=g","caption":"MC"},"url":"https:\/\/www.webdo.tn\/fr\/actualite\/author\/mc\/"}]}},"_links":{"self":[{"href":"https:\/\/www.webdo.tn\/fr\/wp-json\/wp\/v2\/posts\/204375","targetHints":{"allow":["GET"]}}],"collection":[{"href":"https:\/\/www.webdo.tn\/fr\/wp-json\/wp\/v2\/posts"}],"about":[{"href":"https:\/\/www.webdo.tn\/fr\/wp-json\/wp\/v2\/types\/post"}],"author":[{"embeddable":true,"href":"https:\/\/www.webdo.tn\/fr\/wp-json\/wp\/v2\/users\/3162"}],"replies":[{"embeddable":true,"href":"https:\/\/www.webdo.tn\/fr\/wp-json\/wp\/v2\/comments?post=204375"}],"version-history":[{"count":0,"href":"https:\/\/www.webdo.tn\/fr\/wp-json\/wp\/v2\/posts\/204375\/revisions"}],"wp:featuredmedia":[{"embeddable":true,"href":"https:\/\/www.webdo.tn\/fr\/wp-json\/wp\/v2\/media\/251584"}],"wp:attachment":[{"href":"https:\/\/www.webdo.tn\/fr\/wp-json\/wp\/v2\/media?parent=204375"}],"wp:term":[{"taxonomy":"category","embeddable":true,"href":"https:\/\/www.webdo.tn\/fr\/wp-json\/wp\/v2\/categories?post=204375"},{"taxonomy":"post_tag","embeddable":true,"href":"https:\/\/www.webdo.tn\/fr\/wp-json\/wp\/v2\/tags?post=204375"}],"curies":[{"name":"wp","href":"https:\/\/api.w.org\/{rel}","templated":true}]}}