{"id":204352,"date":"2023-03-28T13:58:00","date_gmt":"2023-03-28T13:58:00","guid":{"rendered":"https:\/\/www.webdo.tn\/fr\/blog\/tunisie-report-de-l-affaire-intente-contre-les-federations-de-l-enseignement\/204352\/"},"modified":"2025-05-20T22:49:43","modified_gmt":"2025-05-20T22:49:43","slug":"tunisie-report-de-l-affaire-intente-contre-les-federations-de-l-enseignement","status":"publish","type":"post","link":"https:\/\/www.webdo.tn\/fr\/actualite\/national\/tunisie-report-de-l-affaire-intente-contre-les-federations-de-l-enseignement\/204352\/","title":{"rendered":"Tunisie : Report de l&rsquo;affaire intent\u00e9e contre les f\u00e9d\u00e9rations de l&rsquo;enseignement"},"content":{"rendered":"<p>Le tribunal de premi\u00e8re instance de Tunis a d\u00e9cid\u00e9 mardi le report, pour la deuxi\u00e8me fois cons\u00e9cutive, au 4 avril prochain, l&rsquo;examen de l&rsquo;affaire intent\u00e9e contre les f\u00e9d\u00e9rations de l&rsquo;enseignement de base et secondaire, suite \u00e0 leur d\u00e9cision de la retenue des notes.<\/p>\n<p>\t\t\t\t\t\t\t\t\tDans une d\u00e9claration \u00e0 la TAP, le secr\u00e9taire g\u00e9n\u00e9ral de la f\u00e9d\u00e9ration g\u00e9n\u00e9rale de l&rsquo;enseignement de base, Nabil Houachi, cette affaire n&rsquo;a aucun fondement.\u00a0<\/p>\n<p>La d\u00e9cision de retenue des notes ne concerne que l&rsquo;administration mais les \u00e9l\u00e8ves peuvent prendre connaissance de leur notes, a pr\u00e9cis\u00e9 Houachi, estimant que cette affaire a pour objectif de porter atteinte \u00e0 l&rsquo;action syndicale.\u00a0<\/p>\n<p>Rappelons que des parents ont d\u00e9cid\u00e9 en effet d&rsquo;engager un proc\u00e8s contre l&rsquo;Union g\u00e9n\u00e9rale tunisienne du travail (UGTT) qui repr\u00e9sente les deux f\u00e9d\u00e9rations de l&rsquo;enseignement de base et celle du secondaire pour annuler la d\u00e9cision de poursuivre la retenue des notes.<\/p>\n","protected":false},"excerpt":{"rendered":"<p>Le tribunal de premi\u00e8re instance de Tunis a d\u00e9cid\u00e9 mardi le report, pour la deuxi\u00e8me fois cons\u00e9cutive, au 4 avril prochain, l&rsquo;examen de l&rsquo;affaire intent\u00e9e contr&#8230;<\/p>\n","protected":false},"author":3175,"featured_media":277981,"comment_status":"open","ping_status":"closed","sticky":false,"template":"","format":"standard","meta":{"footnotes":""},"categories":[44],"tags":[5322,6218,2608],"class_list":["post-204352","post","type-post","status-publish","format-standard","has-post-thumbnail","hentry","category-national","tag-affaire","tag-notes","tag-tunisie"],"yoast_head":"<!-- This site is optimized with the Yoast SEO Premium plugin v27.5 (Yoast SEO v27.5) - https:\/\/yoast.com\/product\/yoast-seo-premium-wordpress\/ -->\n<title>Tunisie : Report de l&#039;affaire intent\u00e9e contre les f\u00e9d\u00e9rations de l&#039;enseignement<\/title>\n<meta name=\"description\" content=\"Le tribunal de premi\u00e8re instance de Tunis a d\u00e9cid\u00e9 mardi le report, pour la deuxi\u00e8me fois cons\u00e9cutive, au 4 avril prochain, l&#039;examen de l&#039;affaire intent\u00e9e contr...\" \/>\n<link rel=\"canonical\" href=\"https:\/\/www.webdo.tn\/fr\/actualite\/national\/tunisie-report-de-l-affaire-intente-contre-les-federations-de-l-enseignement\/204352\/\" \/>\n<meta property=\"og:locale\" content=\"fr_FR\" \/>\n<meta property=\"og:type\" content=\"article\" \/>\n<meta property=\"og:title\" content=\"Tunisie : Report de l&#039;affaire intent\u00e9e contre les f\u00e9d\u00e9rations de l&#039;enseignement\" \/>\n<meta property=\"og:description\" content=\"Le tribunal de premi\u00e8re instance de Tunis a d\u00e9cid\u00e9 mardi le report, pour la deuxi\u00e8me fois cons\u00e9cutive, au 4 avril prochain, l&#039;examen de l&#039;affaire intent\u00e9e contr...\" \/>\n<meta property=\"og:url\" content=\"https:\/\/www.webdo.tn\/fr\/actualite\/national\/tunisie-report-de-l-affaire-intente-contre-les-federations-de-l-enseignement\/204352\/\" \/>\n<meta property=\"og:site_name\" content=\"webdo\" \/>\n<meta property=\"article:publisher\" content=\"https:\/\/www.facebook.com\/webdotn\" \/>\n<meta property=\"article:published_time\" content=\"2023-03-28T13:58:00+00:00\" \/>\n<meta property=\"article:modified_time\" content=\"2025-05-20T22:49:43+00:00\" \/>\n<meta property=\"og:image\" content=\"https:\/\/www.webdo.tn\/fr\/wp-content\/uploads\/2023\/03\/b65e487cad2e538c495b1d242aa5adab.jpg\" \/>\n\t<meta property=\"og:image:width\" content=\"680\" \/>\n\t<meta property=\"og:image:height\" content=\"363\" \/>\n\t<meta property=\"og:image:type\" content=\"image\/jpeg\" \/>\n<meta name=\"author\" content=\"CL\" \/>\n<meta name=\"twitter:card\" content=\"summary_large_image\" \/>\n<meta name=\"twitter:creator\" content=\"@webdo_tn\" \/>\n<meta name=\"twitter:site\" content=\"@webdo_tn\" \/>\n<meta name=\"twitter:label1\" content=\"\u00c9crit par\" \/>\n\t<meta name=\"twitter:data1\" content=\"CL\" \/>\n\t<meta name=\"twitter:label2\" content=\"Dur\u00e9e de lecture estim\u00e9e\" \/>\n\t<meta name=\"twitter:data2\" content=\"1 minute\" \/>\n<script type=\"application\/ld+json\" class=\"yoast-schema-graph\">{\"@context\":\"https:\\\/\\\/schema.org\",\"@graph\":[{\"@type\":\"NewsArticle\",\"@id\":\"https:\\\/\\\/www.webdo.tn\\\/fr\\\/actualite\\\/national\\\/tunisie-report-de-l-affaire-intente-contre-les-federations-de-l-enseignement\\\/204352\\\/#article\",\"isPartOf\":{\"@id\":\"https:\\\/\\\/www.webdo.tn\\\/fr\\\/actualite\\\/national\\\/tunisie-report-de-l-affaire-intente-contre-les-federations-de-l-enseignement\\\/204352\\\/\"},\"author\":{\"name\":\"CL\",\"@id\":\"https:\\\/\\\/www.webdo.tn\\\/fr\\\/#\\\/schema\\\/person\\\/f35b42a42c5e2511bbd282959d6385cc\"},\"headline\":\"Tunisie : Report de l&rsquo;affaire intent\u00e9e contre les f\u00e9d\u00e9rations de l&rsquo;enseignement\",\"datePublished\":\"2023-03-28T13:58:00+00:00\",\"dateModified\":\"2025-05-20T22:49:43+00:00\",\"mainEntityOfPage\":{\"@id\":\"https:\\\/\\\/www.webdo.tn\\\/fr\\\/actualite\\\/national\\\/tunisie-report-de-l-affaire-intente-contre-les-federations-de-l-enseignement\\\/204352\\\/\"},\"wordCount\":191,\"commentCount\":0,\"publisher\":{\"@id\":\"https:\\\/\\\/www.webdo.tn\\\/fr\\\/#organization\"},\"image\":{\"@id\":\"https:\\\/\\\/www.webdo.tn\\\/fr\\\/actualite\\\/national\\\/tunisie-report-de-l-affaire-intente-contre-les-federations-de-l-enseignement\\\/204352\\\/#primaryimage\"},\"thumbnailUrl\":\"https:\\\/\\\/www.webdo.tn\\\/fr\\\/wp-content\\\/uploads\\\/2023\\\/03\\\/b65e487cad2e538c495b1d242aa5adab.jpg\",\"keywords\":[\"Affaire\",\"notes\",\"Tunisie\"],\"articleSection\":[\"National\"],\"inLanguage\":\"fr-FR\"},{\"@type\":\"WebPage\",\"@id\":\"https:\\\/\\\/www.webdo.tn\\\/fr\\\/actualite\\\/national\\\/tunisie-report-de-l-affaire-intente-contre-les-federations-de-l-enseignement\\\/204352\\\/\",\"url\":\"https:\\\/\\\/www.webdo.tn\\\/fr\\\/actualite\\\/national\\\/tunisie-report-de-l-affaire-intente-contre-les-federations-de-l-enseignement\\\/204352\\\/\",\"name\":\"Tunisie : Report de l'affaire intent\u00e9e contre les f\u00e9d\u00e9rations de l'enseignement\",\"isPartOf\":{\"@id\":\"https:\\\/\\\/www.webdo.tn\\\/fr\\\/#website\"},\"primaryImageOfPage\":{\"@id\":\"https:\\\/\\\/www.webdo.tn\\\/fr\\\/actualite\\\/national\\\/tunisie-report-de-l-affaire-intente-contre-les-federations-de-l-enseignement\\\/204352\\\/#primaryimage\"},\"image\":{\"@id\":\"https:\\\/\\\/www.webdo.tn\\\/fr\\\/actualite\\\/national\\\/tunisie-report-de-l-affaire-intente-contre-les-federations-de-l-enseignement\\\/204352\\\/#primaryimage\"},\"thumbnailUrl\":\"https:\\\/\\\/www.webdo.tn\\\/fr\\\/wp-content\\\/uploads\\\/2023\\\/03\\\/b65e487cad2e538c495b1d242aa5adab.jpg\",\"datePublished\":\"2023-03-28T13:58:00+00:00\",\"dateModified\":\"2025-05-20T22:49:43+00:00\",\"description\":\"Le tribunal de premi\u00e8re instance de Tunis a d\u00e9cid\u00e9 mardi le report, pour la deuxi\u00e8me fois cons\u00e9cutive, au 4 avril prochain, l'examen de l'affaire intent\u00e9e contr...\",\"breadcrumb\":{\"@id\":\"https:\\\/\\\/www.webdo.tn\\\/fr\\\/actualite\\\/national\\\/tunisie-report-de-l-affaire-intente-contre-les-federations-de-l-enseignement\\\/204352\\\/#breadcrumb\"},\"inLanguage\":\"fr-FR\",\"potentialAction\":[{\"@type\":\"ReadAction\",\"target\":[\"https:\\\/\\\/www.webdo.tn\\\/fr\\\/actualite\\\/national\\\/tunisie-report-de-l-affaire-intente-contre-les-federations-de-l-enseignement\\\/204352\\\/\"]}]},{\"@type\":\"ImageObject\",\"inLanguage\":\"fr-FR\",\"@id\":\"https:\\\/\\\/www.webdo.tn\\\/fr\\\/actualite\\\/national\\\/tunisie-report-de-l-affaire-intente-contre-les-federations-de-l-enseignement\\\/204352\\\/#primaryimage\",\"url\":\"https:\\\/\\\/www.webdo.tn\\\/fr\\\/wp-content\\\/uploads\\\/2023\\\/03\\\/b65e487cad2e538c495b1d242aa5adab.jpg\",\"contentUrl\":\"https:\\\/\\\/www.webdo.tn\\\/fr\\\/wp-content\\\/uploads\\\/2023\\\/03\\\/b65e487cad2e538c495b1d242aa5adab.jpg\",\"width\":680,\"height\":363,\"caption\":\"Tunisie : Report de l'affaire intent\u00e9e contre les f\u00e9d\u00e9rations de l'enseignement\"},{\"@type\":\"BreadcrumbList\",\"@id\":\"https:\\\/\\\/www.webdo.tn\\\/fr\\\/actualite\\\/national\\\/tunisie-report-de-l-affaire-intente-contre-les-federations-de-l-enseignement\\\/204352\\\/#breadcrumb\",\"itemListElement\":[{\"@type\":\"ListItem\",\"position\":1,\"name\":\"Accueil\",\"item\":\"https:\\\/\\\/www.webdo.tn\\\/fr\\\/\"},{\"@type\":\"ListItem\",\"position\":2,\"name\":\"Tunisie : Report de l&rsquo;affaire intent\u00e9e contre les f\u00e9d\u00e9rations de l&rsquo;enseignement\"}]},{\"@type\":\"WebSite\",\"@id\":\"https:\\\/\\\/www.webdo.tn\\\/fr\\\/#website\",\"url\":\"https:\\\/\\\/www.webdo.tn\\\/fr\\\/\",\"name\":\"webdo\",\"description\":\"Tunisie - News en Tunisie et \u00e0 l&#039;international sur Webdo.tn\",\"publisher\":{\"@id\":\"https:\\\/\\\/www.webdo.tn\\\/fr\\\/#organization\"},\"potentialAction\":[{\"@type\":\"SearchAction\",\"target\":{\"@type\":\"EntryPoint\",\"urlTemplate\":\"https:\\\/\\\/www.webdo.tn\\\/fr\\\/?s={search_term_string}\"},\"query-input\":{\"@type\":\"PropertyValueSpecification\",\"valueRequired\":true,\"valueName\":\"search_term_string\"}}],\"inLanguage\":\"fr-FR\"},{\"@type\":\"Organization\",\"@id\":\"https:\\\/\\\/www.webdo.tn\\\/fr\\\/#organization\",\"name\":\"Webdo\",\"alternateName\":\"Webdo.tn\",\"url\":\"https:\\\/\\\/www.webdo.tn\\\/fr\\\/\",\"logo\":{\"@type\":\"ImageObject\",\"inLanguage\":\"fr-FR\",\"@id\":\"https:\\\/\\\/www.webdo.tn\\\/fr\\\/#\\\/schema\\\/logo\\\/image\\\/\",\"url\":\"https:\\\/\\\/www.webdo.tn\\\/fr\\\/wp-content\\\/uploads\\\/2025\\\/06\\\/Webdo-Tunisie_168377.jpg\",\"contentUrl\":\"https:\\\/\\\/www.webdo.tn\\\/fr\\\/wp-content\\\/uploads\\\/2025\\\/06\\\/Webdo-Tunisie_168377.jpg\",\"width\":301,\"height\":301,\"caption\":\"Webdo\"},\"image\":{\"@id\":\"https:\\\/\\\/www.webdo.tn\\\/fr\\\/#\\\/schema\\\/logo\\\/image\\\/\"},\"sameAs\":[\"https:\\\/\\\/www.facebook.com\\\/webdotn\",\"https:\\\/\\\/x.com\\\/webdo_tn\"],\"description\":\"Webdo est un m\u00e9dia num\u00e9rique tunisien fond\u00e9 en 2010, sp\u00e9cialis\u00e9 dans l\u2019actualit\u00e9 nationale et internationale, l\u2019\u00e9conomie, la soci\u00e9t\u00e9 et les analyses politiques. Le site s\u2019adresse \u00e0 un large public francophone et couvre l\u2019information tunisienne en temps r\u00e9el.\",\"email\":\"redac@webdo.tn\",\"legalName\":\"YNJ SARL\",\"foundingDate\":\"2010-09-06\",\"numberOfEmployees\":{\"@type\":\"QuantitativeValue\",\"minValue\":\"11\",\"maxValue\":\"50\"}},{\"@type\":\"Person\",\"@id\":\"https:\\\/\\\/www.webdo.tn\\\/fr\\\/#\\\/schema\\\/person\\\/f35b42a42c5e2511bbd282959d6385cc\",\"name\":\"CL\",\"image\":{\"@type\":\"ImageObject\",\"inLanguage\":\"fr-FR\",\"@id\":\"https:\\\/\\\/secure.gravatar.com\\\/avatar\\\/1447a49909b67aa657c488aec6512e1dd6143a480c1ecfee9b5b5cd74eb3b59e?s=96&d=mm&r=g\",\"url\":\"https:\\\/\\\/secure.gravatar.com\\\/avatar\\\/1447a49909b67aa657c488aec6512e1dd6143a480c1ecfee9b5b5cd74eb3b59e?s=96&d=mm&r=g\",\"contentUrl\":\"https:\\\/\\\/secure.gravatar.com\\\/avatar\\\/1447a49909b67aa657c488aec6512e1dd6143a480c1ecfee9b5b5cd74eb3b59e?s=96&d=mm&r=g\",\"caption\":\"CL\"},\"url\":\"https:\\\/\\\/www.webdo.tn\\\/fr\\\/actualite\\\/author\\\/cl\\\/\"}]}<\/script>\n<!-- \/ Yoast SEO Premium plugin. -->","yoast_head_json":{"title":"Tunisie : Report de l'affaire intent\u00e9e contre les f\u00e9d\u00e9rations de l'enseignement","description":"Le tribunal de premi\u00e8re instance de Tunis a d\u00e9cid\u00e9 mardi le report, pour la deuxi\u00e8me fois cons\u00e9cutive, au 4 avril prochain, l'examen de l'affaire intent\u00e9e contr...","canonical":"https:\/\/www.webdo.tn\/fr\/actualite\/national\/tunisie-report-de-l-affaire-intente-contre-les-federations-de-l-enseignement\/204352\/","og_locale":"fr_FR","og_type":"article","og_title":"Tunisie : Report de l'affaire intent\u00e9e contre les f\u00e9d\u00e9rations de l'enseignement","og_description":"Le tribunal de premi\u00e8re instance de Tunis a d\u00e9cid\u00e9 mardi le report, pour la deuxi\u00e8me fois cons\u00e9cutive, au 4 avril prochain, l'examen de l'affaire intent\u00e9e contr...","og_url":"https:\/\/www.webdo.tn\/fr\/actualite\/national\/tunisie-report-de-l-affaire-intente-contre-les-federations-de-l-enseignement\/204352\/","og_site_name":"webdo","article_publisher":"https:\/\/www.facebook.com\/webdotn","article_published_time":"2023-03-28T13:58:00+00:00","article_modified_time":"2025-05-20T22:49:43+00:00","og_image":[{"width":680,"height":363,"url":"https:\/\/www.webdo.tn\/fr\/wp-content\/uploads\/2023\/03\/b65e487cad2e538c495b1d242aa5adab.jpg","type":"image\/jpeg"}],"author":"CL","twitter_card":"summary_large_image","twitter_creator":"@webdo_tn","twitter_site":"@webdo_tn","twitter_misc":{"\u00c9crit par":"CL","Dur\u00e9e de lecture estim\u00e9e":"1 minute"},"schema":{"@context":"https:\/\/schema.org","@graph":[{"@type":"NewsArticle","@id":"https:\/\/www.webdo.tn\/fr\/actualite\/national\/tunisie-report-de-l-affaire-intente-contre-les-federations-de-l-enseignement\/204352\/#article","isPartOf":{"@id":"https:\/\/www.webdo.tn\/fr\/actualite\/national\/tunisie-report-de-l-affaire-intente-contre-les-federations-de-l-enseignement\/204352\/"},"author":{"name":"CL","@id":"https:\/\/www.webdo.tn\/fr\/#\/schema\/person\/f35b42a42c5e2511bbd282959d6385cc"},"headline":"Tunisie : Report de l&rsquo;affaire intent\u00e9e contre les f\u00e9d\u00e9rations de l&rsquo;enseignement","datePublished":"2023-03-28T13:58:00+00:00","dateModified":"2025-05-20T22:49:43+00:00","mainEntityOfPage":{"@id":"https:\/\/www.webdo.tn\/fr\/actualite\/national\/tunisie-report-de-l-affaire-intente-contre-les-federations-de-l-enseignement\/204352\/"},"wordCount":191,"commentCount":0,"publisher":{"@id":"https:\/\/www.webdo.tn\/fr\/#organization"},"image":{"@id":"https:\/\/www.webdo.tn\/fr\/actualite\/national\/tunisie-report-de-l-affaire-intente-contre-les-federations-de-l-enseignement\/204352\/#primaryimage"},"thumbnailUrl":"https:\/\/www.webdo.tn\/fr\/wp-content\/uploads\/2023\/03\/b65e487cad2e538c495b1d242aa5adab.jpg","keywords":["Affaire","notes","Tunisie"],"articleSection":["National"],"inLanguage":"fr-FR"},{"@type":"WebPage","@id":"https:\/\/www.webdo.tn\/fr\/actualite\/national\/tunisie-report-de-l-affaire-intente-contre-les-federations-de-l-enseignement\/204352\/","url":"https:\/\/www.webdo.tn\/fr\/actualite\/national\/tunisie-report-de-l-affaire-intente-contre-les-federations-de-l-enseignement\/204352\/","name":"Tunisie : Report de l'affaire intent\u00e9e contre les f\u00e9d\u00e9rations de l'enseignement","isPartOf":{"@id":"https:\/\/www.webdo.tn\/fr\/#website"},"primaryImageOfPage":{"@id":"https:\/\/www.webdo.tn\/fr\/actualite\/national\/tunisie-report-de-l-affaire-intente-contre-les-federations-de-l-enseignement\/204352\/#primaryimage"},"image":{"@id":"https:\/\/www.webdo.tn\/fr\/actualite\/national\/tunisie-report-de-l-affaire-intente-contre-les-federations-de-l-enseignement\/204352\/#primaryimage"},"thumbnailUrl":"https:\/\/www.webdo.tn\/fr\/wp-content\/uploads\/2023\/03\/b65e487cad2e538c495b1d242aa5adab.jpg","datePublished":"2023-03-28T13:58:00+00:00","dateModified":"2025-05-20T22:49:43+00:00","description":"Le tribunal de premi\u00e8re instance de Tunis a d\u00e9cid\u00e9 mardi le report, pour la deuxi\u00e8me fois cons\u00e9cutive, au 4 avril prochain, l'examen de l'affaire intent\u00e9e contr...","breadcrumb":{"@id":"https:\/\/www.webdo.tn\/fr\/actualite\/national\/tunisie-report-de-l-affaire-intente-contre-les-federations-de-l-enseignement\/204352\/#breadcrumb"},"inLanguage":"fr-FR","potentialAction":[{"@type":"ReadAction","target":["https:\/\/www.webdo.tn\/fr\/actualite\/national\/tunisie-report-de-l-affaire-intente-contre-les-federations-de-l-enseignement\/204352\/"]}]},{"@type":"ImageObject","inLanguage":"fr-FR","@id":"https:\/\/www.webdo.tn\/fr\/actualite\/national\/tunisie-report-de-l-affaire-intente-contre-les-federations-de-l-enseignement\/204352\/#primaryimage","url":"https:\/\/www.webdo.tn\/fr\/wp-content\/uploads\/2023\/03\/b65e487cad2e538c495b1d242aa5adab.jpg","contentUrl":"https:\/\/www.webdo.tn\/fr\/wp-content\/uploads\/2023\/03\/b65e487cad2e538c495b1d242aa5adab.jpg","width":680,"height":363,"caption":"Tunisie : Report de l'affaire intent\u00e9e contre les f\u00e9d\u00e9rations de l'enseignement"},{"@type":"BreadcrumbList","@id":"https:\/\/www.webdo.tn\/fr\/actualite\/national\/tunisie-report-de-l-affaire-intente-contre-les-federations-de-l-enseignement\/204352\/#breadcrumb","itemListElement":[{"@type":"ListItem","position":1,"name":"Accueil","item":"https:\/\/www.webdo.tn\/fr\/"},{"@type":"ListItem","position":2,"name":"Tunisie : Report de l&rsquo;affaire intent\u00e9e contre les f\u00e9d\u00e9rations de l&rsquo;enseignement"}]},{"@type":"WebSite","@id":"https:\/\/www.webdo.tn\/fr\/#website","url":"https:\/\/www.webdo.tn\/fr\/","name":"webdo","description":"Tunisie - News en Tunisie et \u00e0 l&#039;international sur Webdo.tn","publisher":{"@id":"https:\/\/www.webdo.tn\/fr\/#organization"},"potentialAction":[{"@type":"SearchAction","target":{"@type":"EntryPoint","urlTemplate":"https:\/\/www.webdo.tn\/fr\/?s={search_term_string}"},"query-input":{"@type":"PropertyValueSpecification","valueRequired":true,"valueName":"search_term_string"}}],"inLanguage":"fr-FR"},{"@type":"Organization","@id":"https:\/\/www.webdo.tn\/fr\/#organization","name":"Webdo","alternateName":"Webdo.tn","url":"https:\/\/www.webdo.tn\/fr\/","logo":{"@type":"ImageObject","inLanguage":"fr-FR","@id":"https:\/\/www.webdo.tn\/fr\/#\/schema\/logo\/image\/","url":"https:\/\/www.webdo.tn\/fr\/wp-content\/uploads\/2025\/06\/Webdo-Tunisie_168377.jpg","contentUrl":"https:\/\/www.webdo.tn\/fr\/wp-content\/uploads\/2025\/06\/Webdo-Tunisie_168377.jpg","width":301,"height":301,"caption":"Webdo"},"image":{"@id":"https:\/\/www.webdo.tn\/fr\/#\/schema\/logo\/image\/"},"sameAs":["https:\/\/www.facebook.com\/webdotn","https:\/\/x.com\/webdo_tn"],"description":"Webdo est un m\u00e9dia num\u00e9rique tunisien fond\u00e9 en 2010, sp\u00e9cialis\u00e9 dans l\u2019actualit\u00e9 nationale et internationale, l\u2019\u00e9conomie, la soci\u00e9t\u00e9 et les analyses politiques. Le site s\u2019adresse \u00e0 un large public francophone et couvre l\u2019information tunisienne en temps r\u00e9el.","email":"redac@webdo.tn","legalName":"YNJ SARL","foundingDate":"2010-09-06","numberOfEmployees":{"@type":"QuantitativeValue","minValue":"11","maxValue":"50"}},{"@type":"Person","@id":"https:\/\/www.webdo.tn\/fr\/#\/schema\/person\/f35b42a42c5e2511bbd282959d6385cc","name":"CL","image":{"@type":"ImageObject","inLanguage":"fr-FR","@id":"https:\/\/secure.gravatar.com\/avatar\/1447a49909b67aa657c488aec6512e1dd6143a480c1ecfee9b5b5cd74eb3b59e?s=96&d=mm&r=g","url":"https:\/\/secure.gravatar.com\/avatar\/1447a49909b67aa657c488aec6512e1dd6143a480c1ecfee9b5b5cd74eb3b59e?s=96&d=mm&r=g","contentUrl":"https:\/\/secure.gravatar.com\/avatar\/1447a49909b67aa657c488aec6512e1dd6143a480c1ecfee9b5b5cd74eb3b59e?s=96&d=mm&r=g","caption":"CL"},"url":"https:\/\/www.webdo.tn\/fr\/actualite\/author\/cl\/"}]}},"_links":{"self":[{"href":"https:\/\/www.webdo.tn\/fr\/wp-json\/wp\/v2\/posts\/204352","targetHints":{"allow":["GET"]}}],"collection":[{"href":"https:\/\/www.webdo.tn\/fr\/wp-json\/wp\/v2\/posts"}],"about":[{"href":"https:\/\/www.webdo.tn\/fr\/wp-json\/wp\/v2\/types\/post"}],"author":[{"embeddable":true,"href":"https:\/\/www.webdo.tn\/fr\/wp-json\/wp\/v2\/users\/3175"}],"replies":[{"embeddable":true,"href":"https:\/\/www.webdo.tn\/fr\/wp-json\/wp\/v2\/comments?post=204352"}],"version-history":[{"count":0,"href":"https:\/\/www.webdo.tn\/fr\/wp-json\/wp\/v2\/posts\/204352\/revisions"}],"wp:featuredmedia":[{"embeddable":true,"href":"https:\/\/www.webdo.tn\/fr\/wp-json\/wp\/v2\/media\/277981"}],"wp:attachment":[{"href":"https:\/\/www.webdo.tn\/fr\/wp-json\/wp\/v2\/media?parent=204352"}],"wp:term":[{"taxonomy":"category","embeddable":true,"href":"https:\/\/www.webdo.tn\/fr\/wp-json\/wp\/v2\/categories?post=204352"},{"taxonomy":"post_tag","embeddable":true,"href":"https:\/\/www.webdo.tn\/fr\/wp-json\/wp\/v2\/tags?post=204352"}],"curies":[{"name":"wp","href":"https:\/\/api.w.org\/{rel}","templated":true}]}}