{"id":204347,"date":"2023-03-28T11:56:00","date_gmt":"2023-03-28T11:56:00","guid":{"rendered":"https:\/\/www.webdo.tn\/fr\/blog\/tunisie-la-recolte-cerealiere-ne-couvrira-que-12-5-de-nos-besoins\/204347\/"},"modified":"2025-05-20T22:49:42","modified_gmt":"2025-05-20T22:49:42","slug":"tunisie-la-recolte-cerealiere-ne-couvrira-que-12-5-de-nos-besoins","status":"publish","type":"post","link":"https:\/\/www.webdo.tn\/fr\/actualite\/national\/tunisie-la-recolte-cerealiere-ne-couvrira-que-12-5-de-nos-besoins\/204347\/","title":{"rendered":"Tunisie : La r\u00e9colte c\u00e9r\u00e9ali\u00e8re ne couvrira que 12,5 % de nos besoins !"},"content":{"rendered":"<p>Le manque de pr\u00e9cipitations serait \u00e0 l\u2019origine d\u2019une situation catastrophique pour les grandes cultures cette saison.<\/p>\n<p>\t\t\t\t\t\t\t\t\tLe charg\u00e9 des grandes cultures \u00e0 l\u2019union tunisienne de l\u2019agriculture et de la p\u00eache, Mohamed Rja\u00efbia, a confirm\u00e9 ce constat, il explique que l\u2019UTAP s\u2019attend \u00e0 une saison catastrophique dans les r\u00e9gions c\u00e9r\u00e9ali\u00e8res.<\/p>\n<p>S\u2019exprimant sur les ondes de Mosa\u00efque FM, Rjaibia a fait savoir que l\u2019ann\u00e9e pr\u00e9c\u00e9dente la r\u00e9colte c\u00e9r\u00e9ali\u00e8re a atteint 7,4 millions de quintaux, pr\u00e9cisant que cette ann\u00e9e la r\u00e9colte ne d\u00e9passera pas les 3.5 millions de quintaux vu la s\u00e9cheresse.<\/p>\n<p>Pour sa part, le syndicat des agriculteurs de Tunisie a exprim\u00e9 sa \u00ab profonde pr\u00e9occupation \u00bb, de ce qu\u2019il est advenu des champs de c\u00e9r\u00e9ales, et de fourrage, notamment dans les gouvernorats de production, \u00e0 l\u2019instar du Kef, de Siliana, de Jendouba, de Zaghouan, et de B\u00e9j\u00e0.\u00a0<\/p>\n<p>On explique que la r\u00e9colte sera en de\u00e7\u00e0 des attentes, et ne d\u00e9passera pas les 4 millions de quintaux, soit 12,5 % de nos besoins estim\u00e9s \u00e0 32 millions de quintaux.<\/p>\n","protected":false},"excerpt":{"rendered":"<p>Le manque de pr\u00e9cipitations serait \u00e0 l\u2019origine d\u2019une situation catastrophique pour les grandes cultures cette saison.<\/p>\n","protected":false},"author":3175,"featured_media":277979,"comment_status":"open","ping_status":"closed","sticky":false,"template":"","format":"standard","meta":{"footnotes":""},"categories":[44],"tags":[3415,3416,2608],"class_list":["post-204347","post","type-post","status-publish","format-standard","has-post-thumbnail","hentry","category-national","tag-cereales","tag-recolte","tag-tunisie"],"yoast_head":"<!-- This site is optimized with the Yoast SEO Premium plugin v27.4 (Yoast SEO v27.4) - https:\/\/yoast.com\/product\/yoast-seo-premium-wordpress\/ -->\n<title>Tunisie : La r\u00e9colte c\u00e9r\u00e9ali\u00e8re ne couvrira que 12,5 % de nos besoins !<\/title>\n<meta name=\"description\" content=\"Le manque de pr\u00e9cipitations serait \u00e0 l\u2019origine d\u2019une situation catastrophique pour les grandes cultures cette saison.\" \/>\n<link rel=\"canonical\" href=\"https:\/\/www.webdo.tn\/fr\/actualite\/national\/tunisie-la-recolte-cerealiere-ne-couvrira-que-12-5-de-nos-besoins\/204347\/\" \/>\n<meta property=\"og:locale\" content=\"fr_FR\" \/>\n<meta property=\"og:type\" content=\"article\" \/>\n<meta property=\"og:title\" content=\"Tunisie : La r\u00e9colte c\u00e9r\u00e9ali\u00e8re ne couvrira que 12,5 % de nos besoins !\" \/>\n<meta property=\"og:description\" content=\"Le manque de pr\u00e9cipitations serait \u00e0 l\u2019origine d\u2019une situation catastrophique pour les grandes cultures cette saison.\" \/>\n<meta property=\"og:url\" content=\"https:\/\/www.webdo.tn\/fr\/actualite\/national\/tunisie-la-recolte-cerealiere-ne-couvrira-que-12-5-de-nos-besoins\/204347\/\" \/>\n<meta property=\"og:site_name\" content=\"webdo\" \/>\n<meta property=\"article:publisher\" content=\"https:\/\/www.facebook.com\/webdotn\" \/>\n<meta property=\"article:published_time\" content=\"2023-03-28T11:56:00+00:00\" \/>\n<meta property=\"article:modified_time\" content=\"2025-05-20T22:49:42+00:00\" \/>\n<meta property=\"og:image\" content=\"https:\/\/www.webdo.tn\/fr\/wp-content\/uploads\/2023\/03\/8f4f1b11573053d86abdd4cdf760309d.jpg\" \/>\n\t<meta property=\"og:image:width\" content=\"750\" \/>\n\t<meta property=\"og:image:height\" content=\"400\" \/>\n\t<meta property=\"og:image:type\" content=\"image\/jpeg\" \/>\n<meta name=\"author\" content=\"CL\" \/>\n<meta name=\"twitter:card\" content=\"summary_large_image\" \/>\n<meta name=\"twitter:creator\" content=\"@webdo_tn\" \/>\n<meta name=\"twitter:site\" content=\"@webdo_tn\" \/>\n<meta name=\"twitter:label1\" content=\"\u00c9crit par\" \/>\n\t<meta name=\"twitter:data1\" content=\"CL\" \/>\n\t<meta name=\"twitter:label2\" content=\"Dur\u00e9e de lecture estim\u00e9e\" \/>\n\t<meta name=\"twitter:data2\" content=\"1 minute\" \/>\n<script type=\"application\/ld+json\" class=\"yoast-schema-graph\">{\"@context\":\"https:\\\/\\\/schema.org\",\"@graph\":[{\"@type\":\"NewsArticle\",\"@id\":\"https:\\\/\\\/www.webdo.tn\\\/fr\\\/actualite\\\/national\\\/tunisie-la-recolte-cerealiere-ne-couvrira-que-12-5-de-nos-besoins\\\/204347\\\/#article\",\"isPartOf\":{\"@id\":\"https:\\\/\\\/www.webdo.tn\\\/fr\\\/actualite\\\/national\\\/tunisie-la-recolte-cerealiere-ne-couvrira-que-12-5-de-nos-besoins\\\/204347\\\/\"},\"author\":{\"name\":\"CL\",\"@id\":\"https:\\\/\\\/www.webdo.tn\\\/fr\\\/#\\\/schema\\\/person\\\/f35b42a42c5e2511bbd282959d6385cc\"},\"headline\":\"Tunisie : La r\u00e9colte c\u00e9r\u00e9ali\u00e8re ne couvrira que 12,5 % de nos besoins !\",\"datePublished\":\"2023-03-28T11:56:00+00:00\",\"dateModified\":\"2025-05-20T22:49:42+00:00\",\"mainEntityOfPage\":{\"@id\":\"https:\\\/\\\/www.webdo.tn\\\/fr\\\/actualite\\\/national\\\/tunisie-la-recolte-cerealiere-ne-couvrira-que-12-5-de-nos-besoins\\\/204347\\\/\"},\"wordCount\":205,\"commentCount\":0,\"publisher\":{\"@id\":\"https:\\\/\\\/www.webdo.tn\\\/fr\\\/#organization\"},\"image\":{\"@id\":\"https:\\\/\\\/www.webdo.tn\\\/fr\\\/actualite\\\/national\\\/tunisie-la-recolte-cerealiere-ne-couvrira-que-12-5-de-nos-besoins\\\/204347\\\/#primaryimage\"},\"thumbnailUrl\":\"https:\\\/\\\/www.webdo.tn\\\/fr\\\/wp-content\\\/uploads\\\/2023\\\/03\\\/8f4f1b11573053d86abdd4cdf760309d.jpg\",\"keywords\":[\"c\u00e9r\u00e9ales\",\"R\u00e9colte\",\"Tunisie\"],\"articleSection\":[\"National\"],\"inLanguage\":\"fr-FR\"},{\"@type\":\"WebPage\",\"@id\":\"https:\\\/\\\/www.webdo.tn\\\/fr\\\/actualite\\\/national\\\/tunisie-la-recolte-cerealiere-ne-couvrira-que-12-5-de-nos-besoins\\\/204347\\\/\",\"url\":\"https:\\\/\\\/www.webdo.tn\\\/fr\\\/actualite\\\/national\\\/tunisie-la-recolte-cerealiere-ne-couvrira-que-12-5-de-nos-besoins\\\/204347\\\/\",\"name\":\"Tunisie : La r\u00e9colte c\u00e9r\u00e9ali\u00e8re ne couvrira que 12,5 % de nos besoins !\",\"isPartOf\":{\"@id\":\"https:\\\/\\\/www.webdo.tn\\\/fr\\\/#website\"},\"primaryImageOfPage\":{\"@id\":\"https:\\\/\\\/www.webdo.tn\\\/fr\\\/actualite\\\/national\\\/tunisie-la-recolte-cerealiere-ne-couvrira-que-12-5-de-nos-besoins\\\/204347\\\/#primaryimage\"},\"image\":{\"@id\":\"https:\\\/\\\/www.webdo.tn\\\/fr\\\/actualite\\\/national\\\/tunisie-la-recolte-cerealiere-ne-couvrira-que-12-5-de-nos-besoins\\\/204347\\\/#primaryimage\"},\"thumbnailUrl\":\"https:\\\/\\\/www.webdo.tn\\\/fr\\\/wp-content\\\/uploads\\\/2023\\\/03\\\/8f4f1b11573053d86abdd4cdf760309d.jpg\",\"datePublished\":\"2023-03-28T11:56:00+00:00\",\"dateModified\":\"2025-05-20T22:49:42+00:00\",\"description\":\"Le manque de pr\u00e9cipitations serait \u00e0 l\u2019origine d\u2019une situation catastrophique pour les grandes cultures cette saison.\",\"breadcrumb\":{\"@id\":\"https:\\\/\\\/www.webdo.tn\\\/fr\\\/actualite\\\/national\\\/tunisie-la-recolte-cerealiere-ne-couvrira-que-12-5-de-nos-besoins\\\/204347\\\/#breadcrumb\"},\"inLanguage\":\"fr-FR\",\"potentialAction\":[{\"@type\":\"ReadAction\",\"target\":[\"https:\\\/\\\/www.webdo.tn\\\/fr\\\/actualite\\\/national\\\/tunisie-la-recolte-cerealiere-ne-couvrira-que-12-5-de-nos-besoins\\\/204347\\\/\"]}]},{\"@type\":\"ImageObject\",\"inLanguage\":\"fr-FR\",\"@id\":\"https:\\\/\\\/www.webdo.tn\\\/fr\\\/actualite\\\/national\\\/tunisie-la-recolte-cerealiere-ne-couvrira-que-12-5-de-nos-besoins\\\/204347\\\/#primaryimage\",\"url\":\"https:\\\/\\\/www.webdo.tn\\\/fr\\\/wp-content\\\/uploads\\\/2023\\\/03\\\/8f4f1b11573053d86abdd4cdf760309d.jpg\",\"contentUrl\":\"https:\\\/\\\/www.webdo.tn\\\/fr\\\/wp-content\\\/uploads\\\/2023\\\/03\\\/8f4f1b11573053d86abdd4cdf760309d.jpg\",\"width\":750,\"height\":400,\"caption\":\"c\u00e9r\u00e9ales\"},{\"@type\":\"BreadcrumbList\",\"@id\":\"https:\\\/\\\/www.webdo.tn\\\/fr\\\/actualite\\\/national\\\/tunisie-la-recolte-cerealiere-ne-couvrira-que-12-5-de-nos-besoins\\\/204347\\\/#breadcrumb\",\"itemListElement\":[{\"@type\":\"ListItem\",\"position\":1,\"name\":\"Accueil\",\"item\":\"https:\\\/\\\/www.webdo.tn\\\/fr\\\/\"},{\"@type\":\"ListItem\",\"position\":2,\"name\":\"Tunisie : La r\u00e9colte c\u00e9r\u00e9ali\u00e8re ne couvrira que 12,5 % de nos besoins !\"}]},{\"@type\":\"WebSite\",\"@id\":\"https:\\\/\\\/www.webdo.tn\\\/fr\\\/#website\",\"url\":\"https:\\\/\\\/www.webdo.tn\\\/fr\\\/\",\"name\":\"webdo\",\"description\":\"Tunisie - News en Tunisie et \u00e0 l&#039;international sur Webdo.tn\",\"publisher\":{\"@id\":\"https:\\\/\\\/www.webdo.tn\\\/fr\\\/#organization\"},\"potentialAction\":[{\"@type\":\"SearchAction\",\"target\":{\"@type\":\"EntryPoint\",\"urlTemplate\":\"https:\\\/\\\/www.webdo.tn\\\/fr\\\/?s={search_term_string}\"},\"query-input\":{\"@type\":\"PropertyValueSpecification\",\"valueRequired\":true,\"valueName\":\"search_term_string\"}}],\"inLanguage\":\"fr-FR\"},{\"@type\":\"Organization\",\"@id\":\"https:\\\/\\\/www.webdo.tn\\\/fr\\\/#organization\",\"name\":\"Webdo\",\"alternateName\":\"Webdo.tn\",\"url\":\"https:\\\/\\\/www.webdo.tn\\\/fr\\\/\",\"logo\":{\"@type\":\"ImageObject\",\"inLanguage\":\"fr-FR\",\"@id\":\"https:\\\/\\\/www.webdo.tn\\\/fr\\\/#\\\/schema\\\/logo\\\/image\\\/\",\"url\":\"https:\\\/\\\/www.webdo.tn\\\/fr\\\/wp-content\\\/uploads\\\/2025\\\/06\\\/Webdo-Tunisie_168377.jpg\",\"contentUrl\":\"https:\\\/\\\/www.webdo.tn\\\/fr\\\/wp-content\\\/uploads\\\/2025\\\/06\\\/Webdo-Tunisie_168377.jpg\",\"width\":301,\"height\":301,\"caption\":\"Webdo\"},\"image\":{\"@id\":\"https:\\\/\\\/www.webdo.tn\\\/fr\\\/#\\\/schema\\\/logo\\\/image\\\/\"},\"sameAs\":[\"https:\\\/\\\/www.facebook.com\\\/webdotn\",\"https:\\\/\\\/x.com\\\/webdo_tn\"],\"description\":\"Webdo est un m\u00e9dia num\u00e9rique tunisien fond\u00e9 en 2010, sp\u00e9cialis\u00e9 dans l\u2019actualit\u00e9 nationale et internationale, l\u2019\u00e9conomie, la soci\u00e9t\u00e9 et les analyses politiques. Le site s\u2019adresse \u00e0 un large public francophone et couvre l\u2019information tunisienne en temps r\u00e9el.\",\"email\":\"redac@webdo.tn\",\"legalName\":\"YNJ SARL\",\"foundingDate\":\"2010-09-06\",\"numberOfEmployees\":{\"@type\":\"QuantitativeValue\",\"minValue\":\"11\",\"maxValue\":\"50\"}},{\"@type\":\"Person\",\"@id\":\"https:\\\/\\\/www.webdo.tn\\\/fr\\\/#\\\/schema\\\/person\\\/f35b42a42c5e2511bbd282959d6385cc\",\"name\":\"CL\",\"image\":{\"@type\":\"ImageObject\",\"inLanguage\":\"fr-FR\",\"@id\":\"https:\\\/\\\/secure.gravatar.com\\\/avatar\\\/1447a49909b67aa657c488aec6512e1dd6143a480c1ecfee9b5b5cd74eb3b59e?s=96&d=mm&r=g\",\"url\":\"https:\\\/\\\/secure.gravatar.com\\\/avatar\\\/1447a49909b67aa657c488aec6512e1dd6143a480c1ecfee9b5b5cd74eb3b59e?s=96&d=mm&r=g\",\"contentUrl\":\"https:\\\/\\\/secure.gravatar.com\\\/avatar\\\/1447a49909b67aa657c488aec6512e1dd6143a480c1ecfee9b5b5cd74eb3b59e?s=96&d=mm&r=g\",\"caption\":\"CL\"},\"url\":\"https:\\\/\\\/www.webdo.tn\\\/fr\\\/actualite\\\/author\\\/cl\\\/\"}]}<\/script>\n<!-- \/ Yoast SEO Premium plugin. -->","yoast_head_json":{"title":"Tunisie : La r\u00e9colte c\u00e9r\u00e9ali\u00e8re ne couvrira que 12,5 % de nos besoins !","description":"Le manque de pr\u00e9cipitations serait \u00e0 l\u2019origine d\u2019une situation catastrophique pour les grandes cultures cette saison.","canonical":"https:\/\/www.webdo.tn\/fr\/actualite\/national\/tunisie-la-recolte-cerealiere-ne-couvrira-que-12-5-de-nos-besoins\/204347\/","og_locale":"fr_FR","og_type":"article","og_title":"Tunisie : La r\u00e9colte c\u00e9r\u00e9ali\u00e8re ne couvrira que 12,5 % de nos besoins !","og_description":"Le manque de pr\u00e9cipitations serait \u00e0 l\u2019origine d\u2019une situation catastrophique pour les grandes cultures cette saison.","og_url":"https:\/\/www.webdo.tn\/fr\/actualite\/national\/tunisie-la-recolte-cerealiere-ne-couvrira-que-12-5-de-nos-besoins\/204347\/","og_site_name":"webdo","article_publisher":"https:\/\/www.facebook.com\/webdotn","article_published_time":"2023-03-28T11:56:00+00:00","article_modified_time":"2025-05-20T22:49:42+00:00","og_image":[{"width":750,"height":400,"url":"https:\/\/www.webdo.tn\/fr\/wp-content\/uploads\/2023\/03\/8f4f1b11573053d86abdd4cdf760309d.jpg","type":"image\/jpeg"}],"author":"CL","twitter_card":"summary_large_image","twitter_creator":"@webdo_tn","twitter_site":"@webdo_tn","twitter_misc":{"\u00c9crit par":"CL","Dur\u00e9e de lecture estim\u00e9e":"1 minute"},"schema":{"@context":"https:\/\/schema.org","@graph":[{"@type":"NewsArticle","@id":"https:\/\/www.webdo.tn\/fr\/actualite\/national\/tunisie-la-recolte-cerealiere-ne-couvrira-que-12-5-de-nos-besoins\/204347\/#article","isPartOf":{"@id":"https:\/\/www.webdo.tn\/fr\/actualite\/national\/tunisie-la-recolte-cerealiere-ne-couvrira-que-12-5-de-nos-besoins\/204347\/"},"author":{"name":"CL","@id":"https:\/\/www.webdo.tn\/fr\/#\/schema\/person\/f35b42a42c5e2511bbd282959d6385cc"},"headline":"Tunisie : La r\u00e9colte c\u00e9r\u00e9ali\u00e8re ne couvrira que 12,5 % de nos besoins !","datePublished":"2023-03-28T11:56:00+00:00","dateModified":"2025-05-20T22:49:42+00:00","mainEntityOfPage":{"@id":"https:\/\/www.webdo.tn\/fr\/actualite\/national\/tunisie-la-recolte-cerealiere-ne-couvrira-que-12-5-de-nos-besoins\/204347\/"},"wordCount":205,"commentCount":0,"publisher":{"@id":"https:\/\/www.webdo.tn\/fr\/#organization"},"image":{"@id":"https:\/\/www.webdo.tn\/fr\/actualite\/national\/tunisie-la-recolte-cerealiere-ne-couvrira-que-12-5-de-nos-besoins\/204347\/#primaryimage"},"thumbnailUrl":"https:\/\/www.webdo.tn\/fr\/wp-content\/uploads\/2023\/03\/8f4f1b11573053d86abdd4cdf760309d.jpg","keywords":["c\u00e9r\u00e9ales","R\u00e9colte","Tunisie"],"articleSection":["National"],"inLanguage":"fr-FR"},{"@type":"WebPage","@id":"https:\/\/www.webdo.tn\/fr\/actualite\/national\/tunisie-la-recolte-cerealiere-ne-couvrira-que-12-5-de-nos-besoins\/204347\/","url":"https:\/\/www.webdo.tn\/fr\/actualite\/national\/tunisie-la-recolte-cerealiere-ne-couvrira-que-12-5-de-nos-besoins\/204347\/","name":"Tunisie : La r\u00e9colte c\u00e9r\u00e9ali\u00e8re ne couvrira que 12,5 % de nos besoins !","isPartOf":{"@id":"https:\/\/www.webdo.tn\/fr\/#website"},"primaryImageOfPage":{"@id":"https:\/\/www.webdo.tn\/fr\/actualite\/national\/tunisie-la-recolte-cerealiere-ne-couvrira-que-12-5-de-nos-besoins\/204347\/#primaryimage"},"image":{"@id":"https:\/\/www.webdo.tn\/fr\/actualite\/national\/tunisie-la-recolte-cerealiere-ne-couvrira-que-12-5-de-nos-besoins\/204347\/#primaryimage"},"thumbnailUrl":"https:\/\/www.webdo.tn\/fr\/wp-content\/uploads\/2023\/03\/8f4f1b11573053d86abdd4cdf760309d.jpg","datePublished":"2023-03-28T11:56:00+00:00","dateModified":"2025-05-20T22:49:42+00:00","description":"Le manque de pr\u00e9cipitations serait \u00e0 l\u2019origine d\u2019une situation catastrophique pour les grandes cultures cette saison.","breadcrumb":{"@id":"https:\/\/www.webdo.tn\/fr\/actualite\/national\/tunisie-la-recolte-cerealiere-ne-couvrira-que-12-5-de-nos-besoins\/204347\/#breadcrumb"},"inLanguage":"fr-FR","potentialAction":[{"@type":"ReadAction","target":["https:\/\/www.webdo.tn\/fr\/actualite\/national\/tunisie-la-recolte-cerealiere-ne-couvrira-que-12-5-de-nos-besoins\/204347\/"]}]},{"@type":"ImageObject","inLanguage":"fr-FR","@id":"https:\/\/www.webdo.tn\/fr\/actualite\/national\/tunisie-la-recolte-cerealiere-ne-couvrira-que-12-5-de-nos-besoins\/204347\/#primaryimage","url":"https:\/\/www.webdo.tn\/fr\/wp-content\/uploads\/2023\/03\/8f4f1b11573053d86abdd4cdf760309d.jpg","contentUrl":"https:\/\/www.webdo.tn\/fr\/wp-content\/uploads\/2023\/03\/8f4f1b11573053d86abdd4cdf760309d.jpg","width":750,"height":400,"caption":"c\u00e9r\u00e9ales"},{"@type":"BreadcrumbList","@id":"https:\/\/www.webdo.tn\/fr\/actualite\/national\/tunisie-la-recolte-cerealiere-ne-couvrira-que-12-5-de-nos-besoins\/204347\/#breadcrumb","itemListElement":[{"@type":"ListItem","position":1,"name":"Accueil","item":"https:\/\/www.webdo.tn\/fr\/"},{"@type":"ListItem","position":2,"name":"Tunisie : La r\u00e9colte c\u00e9r\u00e9ali\u00e8re ne couvrira que 12,5 % de nos besoins !"}]},{"@type":"WebSite","@id":"https:\/\/www.webdo.tn\/fr\/#website","url":"https:\/\/www.webdo.tn\/fr\/","name":"webdo","description":"Tunisie - News en Tunisie et \u00e0 l&#039;international sur Webdo.tn","publisher":{"@id":"https:\/\/www.webdo.tn\/fr\/#organization"},"potentialAction":[{"@type":"SearchAction","target":{"@type":"EntryPoint","urlTemplate":"https:\/\/www.webdo.tn\/fr\/?s={search_term_string}"},"query-input":{"@type":"PropertyValueSpecification","valueRequired":true,"valueName":"search_term_string"}}],"inLanguage":"fr-FR"},{"@type":"Organization","@id":"https:\/\/www.webdo.tn\/fr\/#organization","name":"Webdo","alternateName":"Webdo.tn","url":"https:\/\/www.webdo.tn\/fr\/","logo":{"@type":"ImageObject","inLanguage":"fr-FR","@id":"https:\/\/www.webdo.tn\/fr\/#\/schema\/logo\/image\/","url":"https:\/\/www.webdo.tn\/fr\/wp-content\/uploads\/2025\/06\/Webdo-Tunisie_168377.jpg","contentUrl":"https:\/\/www.webdo.tn\/fr\/wp-content\/uploads\/2025\/06\/Webdo-Tunisie_168377.jpg","width":301,"height":301,"caption":"Webdo"},"image":{"@id":"https:\/\/www.webdo.tn\/fr\/#\/schema\/logo\/image\/"},"sameAs":["https:\/\/www.facebook.com\/webdotn","https:\/\/x.com\/webdo_tn"],"description":"Webdo est un m\u00e9dia num\u00e9rique tunisien fond\u00e9 en 2010, sp\u00e9cialis\u00e9 dans l\u2019actualit\u00e9 nationale et internationale, l\u2019\u00e9conomie, la soci\u00e9t\u00e9 et les analyses politiques. Le site s\u2019adresse \u00e0 un large public francophone et couvre l\u2019information tunisienne en temps r\u00e9el.","email":"redac@webdo.tn","legalName":"YNJ SARL","foundingDate":"2010-09-06","numberOfEmployees":{"@type":"QuantitativeValue","minValue":"11","maxValue":"50"}},{"@type":"Person","@id":"https:\/\/www.webdo.tn\/fr\/#\/schema\/person\/f35b42a42c5e2511bbd282959d6385cc","name":"CL","image":{"@type":"ImageObject","inLanguage":"fr-FR","@id":"https:\/\/secure.gravatar.com\/avatar\/1447a49909b67aa657c488aec6512e1dd6143a480c1ecfee9b5b5cd74eb3b59e?s=96&d=mm&r=g","url":"https:\/\/secure.gravatar.com\/avatar\/1447a49909b67aa657c488aec6512e1dd6143a480c1ecfee9b5b5cd74eb3b59e?s=96&d=mm&r=g","contentUrl":"https:\/\/secure.gravatar.com\/avatar\/1447a49909b67aa657c488aec6512e1dd6143a480c1ecfee9b5b5cd74eb3b59e?s=96&d=mm&r=g","caption":"CL"},"url":"https:\/\/www.webdo.tn\/fr\/actualite\/author\/cl\/"}]}},"_links":{"self":[{"href":"https:\/\/www.webdo.tn\/fr\/wp-json\/wp\/v2\/posts\/204347","targetHints":{"allow":["GET"]}}],"collection":[{"href":"https:\/\/www.webdo.tn\/fr\/wp-json\/wp\/v2\/posts"}],"about":[{"href":"https:\/\/www.webdo.tn\/fr\/wp-json\/wp\/v2\/types\/post"}],"author":[{"embeddable":true,"href":"https:\/\/www.webdo.tn\/fr\/wp-json\/wp\/v2\/users\/3175"}],"replies":[{"embeddable":true,"href":"https:\/\/www.webdo.tn\/fr\/wp-json\/wp\/v2\/comments?post=204347"}],"version-history":[{"count":0,"href":"https:\/\/www.webdo.tn\/fr\/wp-json\/wp\/v2\/posts\/204347\/revisions"}],"wp:featuredmedia":[{"embeddable":true,"href":"https:\/\/www.webdo.tn\/fr\/wp-json\/wp\/v2\/media\/277979"}],"wp:attachment":[{"href":"https:\/\/www.webdo.tn\/fr\/wp-json\/wp\/v2\/media?parent=204347"}],"wp:term":[{"taxonomy":"category","embeddable":true,"href":"https:\/\/www.webdo.tn\/fr\/wp-json\/wp\/v2\/categories?post=204347"},{"taxonomy":"post_tag","embeddable":true,"href":"https:\/\/www.webdo.tn\/fr\/wp-json\/wp\/v2\/tags?post=204347"}],"curies":[{"name":"wp","href":"https:\/\/api.w.org\/{rel}","templated":true}]}}